{"id":20586,"date":"2023-01-02T22:09:52","date_gmt":"2023-01-02T21:09:52","guid":{"rendered":"https:\/\/evertonfc.cz\/?p=20586"},"modified":"2023-01-02T22:09:52","modified_gmt":"2023-01-02T21:09:52","slug":"bude-simms-stacit","status":"publish","type":"post","link":"https:\/\/evertonfc.cz\/index.php\/2023\/01\/02\/bude-simms-stacit\/","title":{"rendered":"Bude Simms sta\u010di\u0165?"},"content":{"rendered":"<h4>V kr\u00edze sm\u00e4du po g\u00f3loch, v\u00a0akej sa EFC aj tento rok nach\u00e1dza, prich\u00e1dza spr\u00e1va o\u00a0povolovan\u00ed 21-ro\u010dn\u00e9ho \u00fato\u010dn\u00edka sp\u00e4\u0165 z\u00a0hos\u0165ovania ako panick\u00fd v\u00fdkrik do tmy.<\/h4>\n<p>Opravte ma, ak sa m\u00fdlim, ale osobne sa nepam\u00e4t\u00e1m, kedy naposledy siahol mana\u017e\u00e9r Evertonu po mladom hr\u00e1\u010dovi z akad\u00e9mie, ba aj na hos\u0165ovan\u00ed, aby v podstate priamo rie\u0161il probl\u00e9my prv\u00e9ho t\u00edmu. A predsa to tu m\u00e1me. V\u00fdjav ilustruj\u00faci z\u00fafalos\u0165 kvality aktu\u00e1lneho k\u00e1dru. E\u0161te pred dvomi rokmi by sme to pova\u017eovali za absurdn\u00e9. Ve\u010f Moshiri by aj napriek rast\u00facemu dlhu vytiahol \u0161ek, a zacvakal z\u00e1platu ak\u00e9hoko\u013evek druhu.<\/p>\n<p>Ale nov\u00e1 realita je, \u017ee takto to \u010falej nem\u00f4\u017ee fungova\u0165. Ir\u00e1nec sa stiahol do \u00fazadia, jeho dlhodob\u00e9 z\u00e1mery s klubom s\u00fa spochyb\u0148ovan\u00e9, a jedin\u00e9, \u010do fah\u010d\u00ed ako m\u00e1, je stavba \u0161tadi\u00f3na. Pod\u013ea vlastn\u00fdch slov, Lampard by r\u00e1d priviedol dvoch hr\u00e1\u010dov do predn\u00fdch l\u00ednii. D\u00e1 sa predpoklada\u0165, \u017ee t\u00fdm myslel dvoch nov\u00fdch hrotov\u00fdch \u00fato\u010dn\u00edkov.<\/p>\n<p>\u010ci u\u017e k\u00fapu, alebo aj hos\u0165ovanie. A nie hr\u00e1\u010da, ktor\u00fd e\u0161te v lete nebol popri Rond\u00f3novi dos\u0165 dobr\u00fd na to, aby ostal s t\u00edmom. Tie poz\u00edcie sa rozhodol klub po vlastnom odchode neschopn\u00e9ho Rond\u00f3na pokr\u00fdva\u0165 len Calvertom-Lewinom a letnou posilou Maupayom. Z toho jeden m\u00e1 u\u017e diagn\u00f3zu n\u00e1chylnych zranen\u00ed, a druh\u00fd sa zatia\u013e nez\u017eil s t\u00edmom, \u010di s hern\u00fdm \u0161t\u00fdlom v novom p\u00f4sobisku. No a aby sme nezabudli, ob\u010das im vypom\u00f4\u017ee Cannon. Debutuj\u00face 20-ro\u010dn\u00e9 ucho z Finch Farm, ktor\u00e9 so seniorsk\u00fdm futbalom do styku doposia\u013e nepri\u0161lo.<\/p>\n<h4><strong>V Sunderlande sm\u00fatia<\/strong><\/h4>\n<p>K\u00fdm nepri\u0161la prozrete\u013en\u00e1 akcia povolania, Simms si u\u017e\u00edval vo svojej u\u017e tretej prechodnej \u0161taci, tentoraz na Tyne and Wear. V\u00a0sedemn\u00e1stich z\u00e1pasoch stihol pom\u00f4c\u0165 siedmimi g\u00f3lmi a\u00a0dvomi asistenciami. A\u00a0mohlo by\u0165 ich viac, ak by si nezranil palec na nohe, ktor\u00fd ho vyradil na sedem z\u00e1pasov po\u010das septembra a\u00a0okt\u00f3bra.<\/p>\n<p>Tony Mowbray vrav\u00ed, \u017ee pr\u00edkaz na n\u00e1vrat, ktor\u00fd bol zakotven\u00fd zmluve, pri\u0161iel z\u00a0ni\u010doho ni\u010d, a\u00a0hr\u00e1\u010d si ani nemal \u010das zobra\u0165 svoje kopa\u010dky z\u00a0tr\u00e9ningov\u00e9 strediska. Museli mu ich vyzdvihn\u00fa\u0165, aby sa mohol vr\u00e1ti\u0165 na Merseyside e\u0161te \u0161tvrtok ve\u010der. Rovnako ako v\u00a0Hearts minul\u00fd rok, tak aj na v\u00fdchodnom pobre\u017e\u00ed sa statn\u00fd \u00fato\u010dn\u00edk r\u00fdchlo usadil a\u00a0\u010dasto hr\u00e1val prv\u00e9 husle z\u00e1kladn\u00fdch zost\u00e1v jeho mana\u017e\u00e9rov.<\/p>\n<p>Pre svoju fyzick\u00fa v\u00fdbavu v\u00e4\u010d\u0161inou zohr\u00e1va \u00falohu oporn\u00e9ho bodu pre dlh\u00e9 lopty, \u010di roz\u0165ahuje ihrisko svojimi ob\u013e\u00faben\u00fdmi n\u00e1behmi za obranu. Ke\u010f prest\u00fapil v\u00a0\u0161estn\u00e1stich rokoch z\u00a0akad\u00e9mie manchestersk\u00e9ho City na Finch Farm, okam\u017eite sa z\u00a0neho stala streleck\u00e1 senz\u00e1cia, ktor\u00e1 trhala rekordy.<\/p>\n<p>Ani po prechode k\u00a0mu\u017eom, najprv v\u00a0Blackpoole, sa nenechal zahanbi\u0165. V\u00a0tretej lige za 21 duelov nazbieral 8 g\u00f3lov a\u00a02 asistencie pri \u00faspe\u0161nej honbe za play-off. Za \u0161k\u00f3tskymi hranicami to bolo v\u00a0ronvakom po\u010dte stretnut\u00ed v\u0161etk\u00fdch s\u00fa\u0165a\u017e\u00ed tie\u017e \u00factyhodn\u00fdch 7 g\u00f3lov a\u00a01 asistencia. Jeho g\u00f3lov\u00e9 odmeny prich\u00e1dzaj\u00fa zv\u00e4\u010da po \u0161ikovne umiestnen\u00fdch strel\u00e1ch do rohov br\u00e1ny, s\u00a0\u010do najmen\u0161\u00edm po\u010dtom dotykov s\u00a0loptou.<\/p>\n<h4><strong>Frank Lampard o\u00a0Simmsovi:<\/strong><\/h4>\n<blockquote><p><span style=\"font-size: 12pt;\"><em>\u201eV prvom rade, je to moje rozhodnutie. Existuje rovnov\u00e1ha medzi t\u00fdm, \u010do je najlep\u0161ie pre Ellisa, a\u00a0\u010do je najlep\u0161ie pre n\u00e1s. Mus\u00ed by\u0165 pripraven\u00fd pr\u00eds\u0165 a\u00a0d\u00e1va\u0165 g\u00f3ly. Ale je ot\u00e1zka striela\u0165 g\u00f3ly v\u00a0Championship, a\u00a0druh\u00e1 v\u00a0Premier League. Ak sa pozrieme, kde sme, hovor\u00edm o\u00a0mo\u017enostiach z\u00a0lavi\u010dky a\u00a0pr\u00edpadne aj z\u00e1kladnej zostavy ak sa niekto uk\u00e1\u017ee. Treba sa pozrie\u0165 na v\u0161etko, \u010do m\u00e1me,\u00a0 a\u00a0Ellis je n\u00e1\u0161 hr\u00e1\u010d.\u201c<\/em><\/span><\/p><\/blockquote>\n<p>Simms debutoval za A\u010dko v\u00a0decembri 2021 proti Chelsea. Doposia\u013e jeho jedin\u00fd z\u00e1rez v\u00a0modrom drese. A\u00a0\u010fal\u0161\u00ed si m\u00f4\u017ee prip\u00edsa\u0165 u\u017e zajtra proti Brightonu. Ak samozrejme presved\u010d\u00ed Lamparda v\u00a0tr\u00e9ningu. Ak nie, st\u00e1le m\u00f4\u017ee e\u0161te do konca janu\u00e1ra zamieri\u0165 na \u010fal\u0161ie hos\u0165ovanie. Ka\u017edop\u00e1dne, d\u00f4le\u017eit\u00e1 ost\u00e1va ot\u00e1zka, \u010di zo spom\u00ednan\u00fdch dvoch pos\u00edl do \u00fatoku, ktor\u00e9 by r\u00e1d Frank priviedol, predstavuje Ellis jednu z\u00a0nich.<\/p>\n<p><span style=\"text-decoration: underline;\">Pozrite tie\u017e:<\/span><\/p>\n<ul>\n<li><a href=\"https:\/\/evertonfc.cz\/index.php\/2021\/11\/17\/simms-podpisal-novu-zmluvu\/\"><strong>Pred\u013a\u017eenie zmluvy Simmsa<\/strong><\/a><\/li>\n<\/ul>\n<p style=\"text-align: right;\"><span style=\"font-size: 8pt;\">(fotozdroj: gettyimages)<\/span><\/p>\n","protected":false},"excerpt":{"rendered":"<p>V kr\u00edze sm\u00e4du po g\u00f3loch, v\u00a0akej sa EFC aj tento rok nach\u00e1dza, prich\u00e1dza spr\u00e1va o\u00a0povolovan\u00ed 21-ro\u010dn\u00e9ho \u00fato\u010dn\u00edka sp\u00e4\u0165 z\u00a0hos\u0165ovania ako panick\u00fd v\u00fdkrik do tmy.<\/p>\n","protected":false},"author":1,"featured_media":20588,"comment_status":"open","ping_status":"closed","sticky":false,"template":"","format":"standard","meta":{"_eb_attr":"","_monsterinsights_skip_tracking":false,"_monsterinsights_sitenote_active":false,"_monsterinsights_sitenote_note":"","_monsterinsights_sitenote_category":0,"footnotes":""},"categories":[39],"tags":[],"yoast_head":"<!-- This site is optimized with the Yoast SEO plugin v23.4 - https:\/\/yoast.com\/wordpress\/plugins\/seo\/ -->\n<title>Bude Simms sta\u010di\u0165? - Official Czech &amp; Slovak Everton Supporters&#039; Club<\/title>\n<meta name=\"robots\" content=\"index, follow, max-snippet:-1, max-image-preview:large, max-video-preview:-1\" \/>\n<link rel=\"canonical\" href=\"https:\/\/evertonfc.cz\/index.php\/2023\/01\/02\/bude-simms-stacit\/\" \/>\n<meta property=\"og:locale\" content=\"cs_CZ\" \/>\n<meta property=\"og:type\" content=\"article\" \/>\n<meta property=\"og:title\" content=\"Bude Simms sta\u010di\u0165? - Official Czech &amp; Slovak Everton Supporters&#039; Club\" \/>\n<meta property=\"og:description\" content=\"V kr\u00edze sm\u00e4du po g\u00f3loch, v\u00a0akej sa EFC aj tento rok nach\u00e1dza, prich\u00e1dza spr\u00e1va o\u00a0povolovan\u00ed 21-ro\u010dn\u00e9ho \u00fato\u010dn\u00edka sp\u00e4\u0165 z\u00a0hos\u0165ovania ako panick\u00fd v\u00fdkrik do tmy.\" \/>\n<meta property=\"og:url\" content=\"https:\/\/evertonfc.cz\/index.php\/2023\/01\/02\/bude-simms-stacit\/\" \/>\n<meta property=\"og:site_name\" content=\"Official Czech &amp; Slovak Everton Supporters&#039; Club\" \/>\n<meta property=\"article:publisher\" content=\"https:\/\/www.facebook.com\/everton.fans.cz.sk\" \/>\n<meta property=\"article:published_time\" content=\"2023-01-02T21:09:52+00:00\" \/>\n<meta property=\"og:image\" content=\"https:\/\/evertonfc.cz\/wp-content\/uploads\/2023\/01\/Ellis-Simms-vs-Chelsea-by-Getty-Images-2-1-2023.jpg\" \/>\n\t<meta property=\"og:image:width\" content=\"720\" \/>\n\t<meta property=\"og:image:height\" content=\"405\" \/>\n\t<meta property=\"og:image:type\" content=\"image\/jpeg\" \/>\n<meta name=\"author\" content=\"BlueBlooded\" \/>\n<meta name=\"twitter:card\" content=\"summary_large_image\" \/>\n<meta name=\"twitter:label1\" content=\"Napsal(a)\" \/>\n\t<meta name=\"twitter:data1\" content=\"BlueBlooded\" \/>\n\t<meta name=\"twitter:label2\" content=\"Odhadovan\u00e1 doba \u010dten\u00ed\" \/>\n\t<meta name=\"twitter:data2\" content=\"4 minuty\" \/>\n<script type=\"application\/ld+json\" class=\"yoast-schema-graph\">{\"@context\":\"https:\/\/schema.org\",\"@graph\":[{\"@type\":\"Article\",\"@id\":\"https:\/\/evertonfc.cz\/index.php\/2023\/01\/02\/bude-simms-stacit\/#article\",\"isPartOf\":{\"@id\":\"https:\/\/evertonfc.cz\/index.php\/2023\/01\/02\/bude-simms-stacit\/\"},\"author\":{\"name\":\"BlueBlooded\",\"@id\":\"https:\/\/evertonfc.cz\/#\/schema\/person\/d4493b8cbea51532597fbc4685698916\"},\"headline\":\"Bude Simms sta\u010di\u0165?\",\"datePublished\":\"2023-01-02T21:09:52+00:00\",\"dateModified\":\"2023-01-02T21:09:52+00:00\",\"mainEntityOfPage\":{\"@id\":\"https:\/\/evertonfc.cz\/index.php\/2023\/01\/02\/bude-simms-stacit\/\"},\"wordCount\":779,\"commentCount\":2,\"publisher\":{\"@id\":\"https:\/\/evertonfc.cz\/#organization\"},\"image\":{\"@id\":\"https:\/\/evertonfc.cz\/index.php\/2023\/01\/02\/bude-simms-stacit\/#primaryimage\"},\"thumbnailUrl\":\"https:\/\/evertonfc.cz\/wp-content\/uploads\/2023\/01\/Ellis-Simms-vs-Chelsea-by-Getty-Images-2-1-2023.jpg\",\"articleSection\":[\"Blog\"],\"inLanguage\":\"cs\",\"potentialAction\":[{\"@type\":\"CommentAction\",\"name\":\"Comment\",\"target\":[\"https:\/\/evertonfc.cz\/index.php\/2023\/01\/02\/bude-simms-stacit\/#respond\"]}]},{\"@type\":\"WebPage\",\"@id\":\"https:\/\/evertonfc.cz\/index.php\/2023\/01\/02\/bude-simms-stacit\/\",\"url\":\"https:\/\/evertonfc.cz\/index.php\/2023\/01\/02\/bude-simms-stacit\/\",\"name\":\"Bude Simms sta\u010di\u0165? - Official Czech &amp; Slovak Everton Supporters&#039; Club\",\"isPartOf\":{\"@id\":\"https:\/\/evertonfc.cz\/#website\"},\"primaryImageOfPage\":{\"@id\":\"https:\/\/evertonfc.cz\/index.php\/2023\/01\/02\/bude-simms-stacit\/#primaryimage\"},\"image\":{\"@id\":\"https:\/\/evertonfc.cz\/index.php\/2023\/01\/02\/bude-simms-stacit\/#primaryimage\"},\"thumbnailUrl\":\"https:\/\/evertonfc.cz\/wp-content\/uploads\/2023\/01\/Ellis-Simms-vs-Chelsea-by-Getty-Images-2-1-2023.jpg\",\"datePublished\":\"2023-01-02T21:09:52+00:00\",\"dateModified\":\"2023-01-02T21:09:52+00:00\",\"breadcrumb\":{\"@id\":\"https:\/\/evertonfc.cz\/index.php\/2023\/01\/02\/bude-simms-stacit\/#breadcrumb\"},\"inLanguage\":\"cs\",\"potentialAction\":[{\"@type\":\"ReadAction\",\"target\":[\"https:\/\/evertonfc.cz\/index.php\/2023\/01\/02\/bude-simms-stacit\/\"]}]},{\"@type\":\"ImageObject\",\"inLanguage\":\"cs\",\"@id\":\"https:\/\/evertonfc.cz\/index.php\/2023\/01\/02\/bude-simms-stacit\/#primaryimage\",\"url\":\"https:\/\/evertonfc.cz\/wp-content\/uploads\/2023\/01\/Ellis-Simms-vs-Chelsea-by-Getty-Images-2-1-2023.jpg\",\"contentUrl\":\"https:\/\/evertonfc.cz\/wp-content\/uploads\/2023\/01\/Ellis-Simms-vs-Chelsea-by-Getty-Images-2-1-2023.jpg\",\"width\":720,\"height\":405},{\"@type\":\"BreadcrumbList\",\"@id\":\"https:\/\/evertonfc.cz\/index.php\/2023\/01\/02\/bude-simms-stacit\/#breadcrumb\",\"itemListElement\":[{\"@type\":\"ListItem\",\"position\":1,\"name\":\"Home\",\"item\":\"https:\/\/evertonfc.cz\/\"},{\"@type\":\"ListItem\",\"position\":2,\"name\":\"Bude Simms sta\u010di\u0165?\"}]},{\"@type\":\"WebSite\",\"@id\":\"https:\/\/evertonfc.cz\/#website\",\"url\":\"https:\/\/evertonfc.cz\/\",\"name\":\"Official Czech &amp; Slovak Everton Supporters&#039; Club\",\"description\":\"\",\"publisher\":{\"@id\":\"https:\/\/evertonfc.cz\/#organization\"},\"potentialAction\":[{\"@type\":\"SearchAction\",\"target\":{\"@type\":\"EntryPoint\",\"urlTemplate\":\"https:\/\/evertonfc.cz\/?s={search_term_string}\"},\"query-input\":{\"@type\":\"PropertyValueSpecification\",\"valueRequired\":true,\"valueName\":\"search_term_string\"}}],\"inLanguage\":\"cs\"},{\"@type\":\"Organization\",\"@id\":\"https:\/\/evertonfc.cz\/#organization\",\"name\":\"Official Czech & Slovak Everton Supporters' Club\",\"url\":\"https:\/\/evertonfc.cz\/\",\"logo\":{\"@type\":\"ImageObject\",\"inLanguage\":\"cs\",\"@id\":\"https:\/\/evertonfc.cz\/#\/schema\/logo\/image\/\",\"url\":\"https:\/\/evertonfc.cz\/wp-content\/uploads\/2019\/05\/logo.png\",\"contentUrl\":\"https:\/\/evertonfc.cz\/wp-content\/uploads\/2019\/05\/logo.png\",\"width\":112,\"height\":112,\"caption\":\"Official Czech & Slovak Everton Supporters' Club\"},\"image\":{\"@id\":\"https:\/\/evertonfc.cz\/#\/schema\/logo\/image\/\"},\"sameAs\":[\"https:\/\/www.facebook.com\/everton.fans.cz.sk\"]},{\"@type\":\"Person\",\"@id\":\"https:\/\/evertonfc.cz\/#\/schema\/person\/d4493b8cbea51532597fbc4685698916\",\"name\":\"BlueBlooded\",\"url\":\"https:\/\/evertonfc.cz\/index.php\/author\/admin\/\"}]}<\/script>\n<!-- \/ Yoast SEO plugin. -->","yoast_head_json":{"title":"Bude Simms sta\u010di\u0165? - Official Czech &amp; Slovak Everton Supporters&#039; Club","robots":{"index":"index","follow":"follow","max-snippet":"max-snippet:-1","max-image-preview":"max-image-preview:large","max-video-preview":"max-video-preview:-1"},"canonical":"https:\/\/evertonfc.cz\/index.php\/2023\/01\/02\/bude-simms-stacit\/","og_locale":"cs_CZ","og_type":"article","og_title":"Bude Simms sta\u010di\u0165? - Official Czech &amp; Slovak Everton Supporters&#039; Club","og_description":"V kr\u00edze sm\u00e4du po g\u00f3loch, v\u00a0akej sa EFC aj tento rok nach\u00e1dza, prich\u00e1dza spr\u00e1va o\u00a0povolovan\u00ed 21-ro\u010dn\u00e9ho \u00fato\u010dn\u00edka sp\u00e4\u0165 z\u00a0hos\u0165ovania ako panick\u00fd v\u00fdkrik do tmy.","og_url":"https:\/\/evertonfc.cz\/index.php\/2023\/01\/02\/bude-simms-stacit\/","og_site_name":"Official Czech &amp; Slovak Everton Supporters&#039; Club","article_publisher":"https:\/\/www.facebook.com\/everton.fans.cz.sk","article_published_time":"2023-01-02T21:09:52+00:00","og_image":[{"width":720,"height":405,"url":"https:\/\/evertonfc.cz\/wp-content\/uploads\/2023\/01\/Ellis-Simms-vs-Chelsea-by-Getty-Images-2-1-2023.jpg","type":"image\/jpeg"}],"author":"BlueBlooded","twitter_card":"summary_large_image","twitter_misc":{"Napsal(a)":"BlueBlooded","Odhadovan\u00e1 doba \u010dten\u00ed":"4 minuty"},"schema":{"@context":"https:\/\/schema.org","@graph":[{"@type":"Article","@id":"https:\/\/evertonfc.cz\/index.php\/2023\/01\/02\/bude-simms-stacit\/#article","isPartOf":{"@id":"https:\/\/evertonfc.cz\/index.php\/2023\/01\/02\/bude-simms-stacit\/"},"author":{"name":"BlueBlooded","@id":"https:\/\/evertonfc.cz\/#\/schema\/person\/d4493b8cbea51532597fbc4685698916"},"headline":"Bude Simms sta\u010di\u0165?","datePublished":"2023-01-02T21:09:52+00:00","dateModified":"2023-01-02T21:09:52+00:00","mainEntityOfPage":{"@id":"https:\/\/evertonfc.cz\/index.php\/2023\/01\/02\/bude-simms-stacit\/"},"wordCount":779,"commentCount":2,"publisher":{"@id":"https:\/\/evertonfc.cz\/#organization"},"image":{"@id":"https:\/\/evertonfc.cz\/index.php\/2023\/01\/02\/bude-simms-stacit\/#primaryimage"},"thumbnailUrl":"https:\/\/evertonfc.cz\/wp-content\/uploads\/2023\/01\/Ellis-Simms-vs-Chelsea-by-Getty-Images-2-1-2023.jpg","articleSection":["Blog"],"inLanguage":"cs","potentialAction":[{"@type":"CommentAction","name":"Comment","target":["https:\/\/evertonfc.cz\/index.php\/2023\/01\/02\/bude-simms-stacit\/#respond"]}]},{"@type":"WebPage","@id":"https:\/\/evertonfc.cz\/index.php\/2023\/01\/02\/bude-simms-stacit\/","url":"https:\/\/evertonfc.cz\/index.php\/2023\/01\/02\/bude-simms-stacit\/","name":"Bude Simms sta\u010di\u0165? - Official Czech &amp; Slovak Everton Supporters&#039; Club","isPartOf":{"@id":"https:\/\/evertonfc.cz\/#website"},"primaryImageOfPage":{"@id":"https:\/\/evertonfc.cz\/index.php\/2023\/01\/02\/bude-simms-stacit\/#primaryimage"},"image":{"@id":"https:\/\/evertonfc.cz\/index.php\/2023\/01\/02\/bude-simms-stacit\/#primaryimage"},"thumbnailUrl":"https:\/\/evertonfc.cz\/wp-content\/uploads\/2023\/01\/Ellis-Simms-vs-Chelsea-by-Getty-Images-2-1-2023.jpg","datePublished":"2023-01-02T21:09:52+00:00","dateModified":"2023-01-02T21:09:52+00:00","breadcrumb":{"@id":"https:\/\/evertonfc.cz\/index.php\/2023\/01\/02\/bude-simms-stacit\/#breadcrumb"},"inLanguage":"cs","potentialAction":[{"@type":"ReadAction","target":["https:\/\/evertonfc.cz\/index.php\/2023\/01\/02\/bude-simms-stacit\/"]}]},{"@type":"ImageObject","inLanguage":"cs","@id":"https:\/\/evertonfc.cz\/index.php\/2023\/01\/02\/bude-simms-stacit\/#primaryimage","url":"https:\/\/evertonfc.cz\/wp-content\/uploads\/2023\/01\/Ellis-Simms-vs-Chelsea-by-Getty-Images-2-1-2023.jpg","contentUrl":"https:\/\/evertonfc.cz\/wp-content\/uploads\/2023\/01\/Ellis-Simms-vs-Chelsea-by-Getty-Images-2-1-2023.jpg","width":720,"height":405},{"@type":"BreadcrumbList","@id":"https:\/\/evertonfc.cz\/index.php\/2023\/01\/02\/bude-simms-stacit\/#breadcrumb","itemListElement":[{"@type":"ListItem","position":1,"name":"Home","item":"https:\/\/evertonfc.cz\/"},{"@type":"ListItem","position":2,"name":"Bude Simms sta\u010di\u0165?"}]},{"@type":"WebSite","@id":"https:\/\/evertonfc.cz\/#website","url":"https:\/\/evertonfc.cz\/","name":"Official Czech &amp; Slovak Everton Supporters&#039; Club","description":"","publisher":{"@id":"https:\/\/evertonfc.cz\/#organization"},"potentialAction":[{"@type":"SearchAction","target":{"@type":"EntryPoint","urlTemplate":"https:\/\/evertonfc.cz\/?s={search_term_string}"},"query-input":{"@type":"PropertyValueSpecification","valueRequired":true,"valueName":"search_term_string"}}],"inLanguage":"cs"},{"@type":"Organization","@id":"https:\/\/evertonfc.cz\/#organization","name":"Official Czech & Slovak Everton Supporters' Club","url":"https:\/\/evertonfc.cz\/","logo":{"@type":"ImageObject","inLanguage":"cs","@id":"https:\/\/evertonfc.cz\/#\/schema\/logo\/image\/","url":"https:\/\/evertonfc.cz\/wp-content\/uploads\/2019\/05\/logo.png","contentUrl":"https:\/\/evertonfc.cz\/wp-content\/uploads\/2019\/05\/logo.png","width":112,"height":112,"caption":"Official Czech & Slovak Everton Supporters' Club"},"image":{"@id":"https:\/\/evertonfc.cz\/#\/schema\/logo\/image\/"},"sameAs":["https:\/\/www.facebook.com\/everton.fans.cz.sk"]},{"@type":"Person","@id":"https:\/\/evertonfc.cz\/#\/schema\/person\/d4493b8cbea51532597fbc4685698916","name":"BlueBlooded","url":"https:\/\/evertonfc.cz\/index.php\/author\/admin\/"}]}},"_links":{"self":[{"href":"https:\/\/evertonfc.cz\/index.php\/wp-json\/wp\/v2\/posts\/20586"}],"collection":[{"href":"https:\/\/evertonfc.cz\/index.php\/wp-json\/wp\/v2\/posts"}],"about":[{"href":"https:\/\/evertonfc.cz\/index.php\/wp-json\/wp\/v2\/types\/post"}],"author":[{"embeddable":true,"href":"https:\/\/evertonfc.cz\/index.php\/wp-json\/wp\/v2\/users\/1"}],"replies":[{"embeddable":true,"href":"https:\/\/evertonfc.cz\/index.php\/wp-json\/wp\/v2\/comments?post=20586"}],"version-history":[{"count":4,"href":"https:\/\/evertonfc.cz\/index.php\/wp-json\/wp\/v2\/posts\/20586\/revisions"}],"predecessor-version":[{"id":20591,"href":"https:\/\/evertonfc.cz\/index.php\/wp-json\/wp\/v2\/posts\/20586\/revisions\/20591"}],"wp:featuredmedia":[{"embeddable":true,"href":"https:\/\/evertonfc.cz\/index.php\/wp-json\/wp\/v2\/media\/20588"}],"wp:attachment":[{"href":"https:\/\/evertonfc.cz\/index.php\/wp-json\/wp\/v2\/media?parent=20586"}],"wp:term":[{"taxonomy":"category","embeddable":true,"href":"https:\/\/evertonfc.cz\/index.php\/wp-json\/wp\/v2\/categories?post=20586"},{"taxonomy":"post_tag","embeddable":true,"href":"https:\/\/evertonfc.cz\/index.php\/wp-json\/wp\/v2\/tags?post=20586"}],"curies":[{"name":"wp","href":"https:\/\/api.w.org\/{rel}","templated":true}]}}