{"id":20603,"date":"2023-01-03T22:24:30","date_gmt":"2023-01-03T21:24:30","guid":{"rendered":"https:\/\/evertonfc.cz\/?p=20603"},"modified":"2023-01-04T21:11:37","modified_gmt":"2023-01-04T20:11:37","slug":"everton-brighton-hove-albion-1-4","status":"publish","type":"post","link":"https:\/\/evertonfc.cz\/index.php\/2023\/01\/03\/everton-brighton-hove-albion-1-4\/","title":{"rendered":"Everton \u2013 Brighton &#038; Hove Albion 1:4"},"content":{"rendered":"<h4>Tot\u00e1ln\u00ed kapitulace. Everton na dom\u00e1c\u00ed p\u016fd\u011b vyho\u0159el s Brightonem, kter\u00fd se p\u0159i komfortn\u00ed v\u00fdh\u0159e snad ani nezpotil. Po roce op\u011bt vis\u00ed na vl\u00e1sku mana\u017eersk\u00e1 zm\u011bna.<\/h4>\n<p>Mana\u017eer Lampard z n\u011bjak\u00e9ho prapodivn\u00e9ho d\u016fvodu upustil od funguj\u00edc\u00edho rozestaven\u00ed s p\u011bti stopery a Godfreyho, vracej\u00edc\u00edho se po zran\u011bn\u00ed, nahradil k\u0159\u00eddeln\u00edk McNeil. Vykartovan\u00e9ho Onanu zastoupil ve st\u0159edu pole Davies a st\u00e1le nemocn\u00fd Gordon neusedl ani na lavi\u010dku n\u00e1hradn\u00edk\u016f, kde u\u017e byl p\u0159ichystan\u00fd z hostov\u00e1n\u00ed povolan\u00fd \u00fato\u010dn\u00edk Simms.<\/p>\n<p>Toffees vstoupili do utk\u00e1n\u00ed aktivn\u011b a ji\u017e v p\u00e1t\u00e9 minut\u011b m\u011bli j\u00edt do veden\u00ed. Calvert-Lewin p\u0159ipravil palebnou pozici pro Iwobiho, jeho\u017e pokus z hranice penalty reflexivn\u011b zlikvidoval brank\u00e1\u0159 S\u00e1nchez. Postupem \u010dasu ale p\u0159ebrali taktovku host\u00e9 a v 10. minut\u011b se rovn\u011b\u017e dostali do prvn\u00ed nad\u011bjn\u00e9 \u0161ance, kdy\u017e Mitoma zbl\u00edzka hlavi\u010dkoval nad br\u00e1nu po Marchov\u011b centru.<\/p>\n<p>Japonsk\u00fd k\u0159\u00eddeln\u00edk ale nemusel dlouho \u010dekat na g\u00f3lov\u00fd z\u00e1pis. Ve 14. minut\u011b Patterson hrub\u011b podcenil odskok m\u00ed\u010de na mokr\u00e9 tr\u00e1v\u011b a Mitoma mohl vl\u00e9tnout do v\u00e1pna a otev\u0159\u00edt sk\u00f3re &#8211; <strong>0:1<\/strong>. Velmi, velmi zbyte\u010dn\u00e1 branka, kter\u00e1 ale pro nedbalou obranu Evertonu nebyla varov\u00e1n\u00edm. U\u017e za n\u011bkolik minut zakon\u010doval do ty\u010de nehl\u00eddan\u00fd 18let\u00fd hro\u0165\u00e1k Ferguson.<\/p>\n<p>Brighton posl\u00e9ze ubral ve snaze \u00fato\u010dit a p\u0159enechal iniciativu Evertonu, kter\u00fd si s n\u00ed ale nev\u011bd\u011bl rady. V ofenziv\u011b u\u017e klasicky p\u016fsobil nemohoucn\u011b a boj\u00e1cn\u011b. Ani nedok\u00e1zal vyprodukovat po\u0159\u00e1dn\u00fd centr na Calverta-Lewina, a tak zaslou\u017een\u011b odkr\u00e1\u010del do kabin s jednobrankov\u00fdm mankem.<\/p>\n<p>T\u011b\u017eko \u0159\u00edci, co se o polo\u010dase d\u011blo v kabin\u011b Evertonu. Pravd\u011bpodobn\u011b v\u016fbec nic. Lampard se neodhodlal zm\u011bnit nefunguj\u00edc\u00ed syst\u00e9m a hr\u00e1\u010di vstoupili odevzdan\u011b do druh\u00e9ho polo\u010dasu. Nav\u00edc rezignovali na ve\u0161ker\u00e9 br\u00e1n\u011bn\u00ed a u\u017e v 57. minut\u011b prohr\u00e1vali <strong>0:4<\/strong>. Nejprve si s obranou pohr\u00e1li mlad\u00edci Sarmiento se zakon\u010duj\u00edc\u00edm Fergusonem, pot\u00e9 tak\u00e9 March a vrchol v\u0161emu nasadil Gueye, kter\u00fd na p\u016flce poslal Grosse do samostatn\u00e9ho n\u00e1jezdu na Pickforda.<\/p>\n<p>Zbytek z\u00e1pasu snad ani nem\u00e1 cenu komentovat. Jen v nastaven\u00ed korigoval debakl prom\u011bn\u011bnou penaltou Gray po faulu na Iwobiho &#8211; <strong>1:4<\/strong>.<\/p>\n<p>Everton v lize nevyhr\u00e1l u\u017e \u0161est utk\u00e1n\u00ed a po roce zase nebezpe\u010dn\u011b koketuje se sestupem. Mluvit nelze ani o hern\u00edm zlep\u0161en\u00edm, a tak se opr\u00e1vn\u011bn\u011b bude hovo\u0159it o budoucnosti Franka Lamparda.<\/p>\n<p><strong>Branky:<\/strong> 90+2. Demarai Gray (pen.) &#8211; 14. Kaoru Mitoma, 51. Evan Ferguson, 54. Solly March, 57. Pascal Gro\u00df<\/p>\n<p><strong>\u017dK:<\/strong> 74. Isaac Price, 75. Alex Iwobi, 90. Abdoulaye Doucour\u00e9 &#8211; 45. Evan Ferguson<\/p>\n<p><strong>Everton:<\/strong> Jordan Pickford, James Tarkowski, Conor Coady, Vitalij Mykolenko, Nathan Patterson (63. S\u00e9amus Coleman), Idrissa Gueye (64. Neal Maupay), Tom Davies, Alex Iwobi, Demarai Gray, Dominic Calvert-Lewin, Dwight McNeil (58. Abdoulaye Doucour\u00e9)<\/p>\n<p><strong>Brighton:<\/strong> Robert S\u00e1nchez, J\u00f6el Veltman (71. Tariq Lamptey), Lewis Dunk, Pervis Estupi\u00f1\u00e1n, Levi Colwill, Pascal Gro\u00df, Solly March (79. Andrew Moran), Kaoru Mitoma (78. Adam Lallana), Mois\u00e9s Caicedo, Jeremy Sarmiento (62. Alexis Mac Allister), Evan Ferguson (71. Julio Enciso)<\/p>\n<p><strong>Rozhod\u010d\u00ed:<\/strong> Andre Marriner<\/p>\n","protected":false},"excerpt":{"rendered":"<p>Tot\u00e1ln\u00ed kapitulace. Everton na dom\u00e1c\u00ed p\u016fd\u011b vyho\u0159el s Brightonem, kter\u00fd se p\u0159i komfortn\u00ed v\u00fdh\u0159e snad ani nezpotil, a po roce op\u011bt vis\u00ed na vl\u00e1sku mana\u017eersk\u00e1 zm\u011bna.<\/p>\n","protected":false},"author":6,"featured_media":20608,"comment_status":"open","ping_status":"closed","sticky":false,"template":"","format":"standard","meta":{"_eb_attr":"","_monsterinsights_skip_tracking":false,"_monsterinsights_sitenote_active":false,"_monsterinsights_sitenote_note":"","_monsterinsights_sitenote_category":0,"footnotes":""},"categories":[4],"tags":[],"yoast_head":"<!-- This site is optimized with the Yoast SEO plugin v23.4 - https:\/\/yoast.com\/wordpress\/plugins\/seo\/ -->\n<title>Everton \u2013 Brighton &amp; Hove Albion 1:4 - Official Czech &amp; Slovak Everton Supporters&#039; Club<\/title>\n<meta name=\"description\" content=\"Tot\u00e1ln\u00ed kapitulace. Everton na dom\u00e1c\u00ed p\u016fd\u011b vyho\u0159el s Brightonem, kter\u00fd se p\u0159i komfortn\u00ed v\u00fdh\u0159e snad ani nezpotil, a po roce op\u011bt vis\u00ed na vl\u00e1sku mana\u017eersk\u00e1 zm\u011bna.\" \/>\n<meta name=\"robots\" content=\"index, follow, max-snippet:-1, max-image-preview:large, max-video-preview:-1\" \/>\n<link rel=\"canonical\" href=\"https:\/\/evertonfc.cz\/index.php\/2023\/01\/03\/everton-brighton-hove-albion-1-4\/\" \/>\n<meta property=\"og:locale\" content=\"cs_CZ\" \/>\n<meta property=\"og:type\" content=\"article\" \/>\n<meta property=\"og:title\" content=\"Everton \u2013 Brighton &amp; Hove Albion 1:4 - Official Czech &amp; Slovak Everton Supporters&#039; Club\" \/>\n<meta property=\"og:description\" content=\"Tot\u00e1ln\u00ed kapitulace. Everton na dom\u00e1c\u00ed p\u016fd\u011b vyho\u0159el s Brightonem, kter\u00fd se p\u0159i komfortn\u00ed v\u00fdh\u0159e snad ani nezpotil, a po roce op\u011bt vis\u00ed na vl\u00e1sku mana\u017eersk\u00e1 zm\u011bna.\" \/>\n<meta property=\"og:url\" content=\"https:\/\/evertonfc.cz\/index.php\/2023\/01\/03\/everton-brighton-hove-albion-1-4\/\" \/>\n<meta property=\"og:site_name\" content=\"Official Czech &amp; Slovak Everton Supporters&#039; Club\" \/>\n<meta property=\"article:publisher\" content=\"https:\/\/www.facebook.com\/everton.fans.cz.sk\" \/>\n<meta property=\"article:published_time\" content=\"2023-01-03T21:24:30+00:00\" \/>\n<meta property=\"article:modified_time\" content=\"2023-01-04T20:11:37+00:00\" \/>\n<meta property=\"og:image\" content=\"https:\/\/evertonfc.cz\/wp-content\/uploads\/2023\/01\/lampard_3_1_2023.jpg\" \/>\n\t<meta property=\"og:image:width\" content=\"720\" \/>\n\t<meta property=\"og:image:height\" content=\"405\" \/>\n\t<meta property=\"og:image:type\" content=\"image\/jpeg\" \/>\n<meta name=\"author\" content=\"Ri\u010di\" \/>\n<meta name=\"twitter:card\" content=\"summary_large_image\" \/>\n<meta name=\"twitter:creator\" content=\"@rbrejsa\" \/>\n<meta name=\"twitter:label1\" content=\"Napsal(a)\" \/>\n\t<meta name=\"twitter:data1\" content=\"Ri\u010di\" \/>\n\t<meta name=\"twitter:label2\" content=\"Odhadovan\u00e1 doba \u010dten\u00ed\" \/>\n\t<meta name=\"twitter:data2\" content=\"3 minuty\" \/>\n<script type=\"application\/ld+json\" class=\"yoast-schema-graph\">{\"@context\":\"https:\/\/schema.org\",\"@graph\":[{\"@type\":\"Article\",\"@id\":\"https:\/\/evertonfc.cz\/index.php\/2023\/01\/03\/everton-brighton-hove-albion-1-4\/#article\",\"isPartOf\":{\"@id\":\"https:\/\/evertonfc.cz\/index.php\/2023\/01\/03\/everton-brighton-hove-albion-1-4\/\"},\"author\":{\"name\":\"Ri\u010di\",\"@id\":\"https:\/\/evertonfc.cz\/#\/schema\/person\/f7a5daedb2ffee98480bc70e191aaef1\"},\"headline\":\"Everton \u2013 Brighton &#038; Hove Albion 1:4\",\"datePublished\":\"2023-01-03T21:24:30+00:00\",\"dateModified\":\"2023-01-04T20:11:37+00:00\",\"mainEntityOfPage\":{\"@id\":\"https:\/\/evertonfc.cz\/index.php\/2023\/01\/03\/everton-brighton-hove-albion-1-4\/\"},\"wordCount\":544,\"commentCount\":2,\"publisher\":{\"@id\":\"https:\/\/evertonfc.cz\/#organization\"},\"image\":{\"@id\":\"https:\/\/evertonfc.cz\/index.php\/2023\/01\/03\/everton-brighton-hove-albion-1-4\/#primaryimage\"},\"thumbnailUrl\":\"https:\/\/evertonfc.cz\/wp-content\/uploads\/2023\/01\/lampard_3_1_2023.jpg\",\"articleSection\":[\"Z\u00e1pasy\"],\"inLanguage\":\"cs\",\"potentialAction\":[{\"@type\":\"CommentAction\",\"name\":\"Comment\",\"target\":[\"https:\/\/evertonfc.cz\/index.php\/2023\/01\/03\/everton-brighton-hove-albion-1-4\/#respond\"]}]},{\"@type\":\"WebPage\",\"@id\":\"https:\/\/evertonfc.cz\/index.php\/2023\/01\/03\/everton-brighton-hove-albion-1-4\/\",\"url\":\"https:\/\/evertonfc.cz\/index.php\/2023\/01\/03\/everton-brighton-hove-albion-1-4\/\",\"name\":\"Everton \u2013 Brighton & Hove Albion 1:4 - Official Czech &amp; Slovak Everton Supporters&#039; Club\",\"isPartOf\":{\"@id\":\"https:\/\/evertonfc.cz\/#website\"},\"primaryImageOfPage\":{\"@id\":\"https:\/\/evertonfc.cz\/index.php\/2023\/01\/03\/everton-brighton-hove-albion-1-4\/#primaryimage\"},\"image\":{\"@id\":\"https:\/\/evertonfc.cz\/index.php\/2023\/01\/03\/everton-brighton-hove-albion-1-4\/#primaryimage\"},\"thumbnailUrl\":\"https:\/\/evertonfc.cz\/wp-content\/uploads\/2023\/01\/lampard_3_1_2023.jpg\",\"datePublished\":\"2023-01-03T21:24:30+00:00\",\"dateModified\":\"2023-01-04T20:11:37+00:00\",\"description\":\"Tot\u00e1ln\u00ed kapitulace. Everton na dom\u00e1c\u00ed p\u016fd\u011b vyho\u0159el s Brightonem, kter\u00fd se p\u0159i komfortn\u00ed v\u00fdh\u0159e snad ani nezpotil, a po roce op\u011bt vis\u00ed na vl\u00e1sku mana\u017eersk\u00e1 zm\u011bna.\",\"breadcrumb\":{\"@id\":\"https:\/\/evertonfc.cz\/index.php\/2023\/01\/03\/everton-brighton-hove-albion-1-4\/#breadcrumb\"},\"inLanguage\":\"cs\",\"potentialAction\":[{\"@type\":\"ReadAction\",\"target\":[\"https:\/\/evertonfc.cz\/index.php\/2023\/01\/03\/everton-brighton-hove-albion-1-4\/\"]}]},{\"@type\":\"ImageObject\",\"inLanguage\":\"cs\",\"@id\":\"https:\/\/evertonfc.cz\/index.php\/2023\/01\/03\/everton-brighton-hove-albion-1-4\/#primaryimage\",\"url\":\"https:\/\/evertonfc.cz\/wp-content\/uploads\/2023\/01\/lampard_3_1_2023.jpg\",\"contentUrl\":\"https:\/\/evertonfc.cz\/wp-content\/uploads\/2023\/01\/lampard_3_1_2023.jpg\",\"width\":720,\"height\":405},{\"@type\":\"BreadcrumbList\",\"@id\":\"https:\/\/evertonfc.cz\/index.php\/2023\/01\/03\/everton-brighton-hove-albion-1-4\/#breadcrumb\",\"itemListElement\":[{\"@type\":\"ListItem\",\"position\":1,\"name\":\"Home\",\"item\":\"https:\/\/evertonfc.cz\/\"},{\"@type\":\"ListItem\",\"position\":2,\"name\":\"Everton \u2013 Brighton &#038; Hove Albion 1:4\"}]},{\"@type\":\"WebSite\",\"@id\":\"https:\/\/evertonfc.cz\/#website\",\"url\":\"https:\/\/evertonfc.cz\/\",\"name\":\"Official Czech &amp; Slovak Everton Supporters&#039; Club\",\"description\":\"\",\"publisher\":{\"@id\":\"https:\/\/evertonfc.cz\/#organization\"},\"potentialAction\":[{\"@type\":\"SearchAction\",\"target\":{\"@type\":\"EntryPoint\",\"urlTemplate\":\"https:\/\/evertonfc.cz\/?s={search_term_string}\"},\"query-input\":{\"@type\":\"PropertyValueSpecification\",\"valueRequired\":true,\"valueName\":\"search_term_string\"}}],\"inLanguage\":\"cs\"},{\"@type\":\"Organization\",\"@id\":\"https:\/\/evertonfc.cz\/#organization\",\"name\":\"Official Czech & Slovak Everton Supporters' Club\",\"url\":\"https:\/\/evertonfc.cz\/\",\"logo\":{\"@type\":\"ImageObject\",\"inLanguage\":\"cs\",\"@id\":\"https:\/\/evertonfc.cz\/#\/schema\/logo\/image\/\",\"url\":\"https:\/\/evertonfc.cz\/wp-content\/uploads\/2019\/05\/logo.png\",\"contentUrl\":\"https:\/\/evertonfc.cz\/wp-content\/uploads\/2019\/05\/logo.png\",\"width\":112,\"height\":112,\"caption\":\"Official Czech & Slovak Everton Supporters' Club\"},\"image\":{\"@id\":\"https:\/\/evertonfc.cz\/#\/schema\/logo\/image\/\"},\"sameAs\":[\"https:\/\/www.facebook.com\/everton.fans.cz.sk\"]},{\"@type\":\"Person\",\"@id\":\"https:\/\/evertonfc.cz\/#\/schema\/person\/f7a5daedb2ffee98480bc70e191aaef1\",\"name\":\"Ri\u010di\",\"sameAs\":[\"https:\/\/x.com\/rbrejsa\"],\"url\":\"https:\/\/evertonfc.cz\/index.php\/author\/rici\/\"}]}<\/script>\n<!-- \/ Yoast SEO plugin. -->","yoast_head_json":{"title":"Everton \u2013 Brighton & Hove Albion 1:4 - Official Czech &amp; Slovak Everton Supporters&#039; Club","description":"Tot\u00e1ln\u00ed kapitulace. Everton na dom\u00e1c\u00ed p\u016fd\u011b vyho\u0159el s Brightonem, kter\u00fd se p\u0159i komfortn\u00ed v\u00fdh\u0159e snad ani nezpotil, a po roce op\u011bt vis\u00ed na vl\u00e1sku mana\u017eersk\u00e1 zm\u011bna.","robots":{"index":"index","follow":"follow","max-snippet":"max-snippet:-1","max-image-preview":"max-image-preview:large","max-video-preview":"max-video-preview:-1"},"canonical":"https:\/\/evertonfc.cz\/index.php\/2023\/01\/03\/everton-brighton-hove-albion-1-4\/","og_locale":"cs_CZ","og_type":"article","og_title":"Everton \u2013 Brighton & Hove Albion 1:4 - Official Czech &amp; Slovak Everton Supporters&#039; Club","og_description":"Tot\u00e1ln\u00ed kapitulace. Everton na dom\u00e1c\u00ed p\u016fd\u011b vyho\u0159el s Brightonem, kter\u00fd se p\u0159i komfortn\u00ed v\u00fdh\u0159e snad ani nezpotil, a po roce op\u011bt vis\u00ed na vl\u00e1sku mana\u017eersk\u00e1 zm\u011bna.","og_url":"https:\/\/evertonfc.cz\/index.php\/2023\/01\/03\/everton-brighton-hove-albion-1-4\/","og_site_name":"Official Czech &amp; Slovak Everton Supporters&#039; Club","article_publisher":"https:\/\/www.facebook.com\/everton.fans.cz.sk","article_published_time":"2023-01-03T21:24:30+00:00","article_modified_time":"2023-01-04T20:11:37+00:00","og_image":[{"width":720,"height":405,"url":"https:\/\/evertonfc.cz\/wp-content\/uploads\/2023\/01\/lampard_3_1_2023.jpg","type":"image\/jpeg"}],"author":"Ri\u010di","twitter_card":"summary_large_image","twitter_creator":"@rbrejsa","twitter_misc":{"Napsal(a)":"Ri\u010di","Odhadovan\u00e1 doba \u010dten\u00ed":"3 minuty"},"schema":{"@context":"https:\/\/schema.org","@graph":[{"@type":"Article","@id":"https:\/\/evertonfc.cz\/index.php\/2023\/01\/03\/everton-brighton-hove-albion-1-4\/#article","isPartOf":{"@id":"https:\/\/evertonfc.cz\/index.php\/2023\/01\/03\/everton-brighton-hove-albion-1-4\/"},"author":{"name":"Ri\u010di","@id":"https:\/\/evertonfc.cz\/#\/schema\/person\/f7a5daedb2ffee98480bc70e191aaef1"},"headline":"Everton \u2013 Brighton &#038; Hove Albion 1:4","datePublished":"2023-01-03T21:24:30+00:00","dateModified":"2023-01-04T20:11:37+00:00","mainEntityOfPage":{"@id":"https:\/\/evertonfc.cz\/index.php\/2023\/01\/03\/everton-brighton-hove-albion-1-4\/"},"wordCount":544,"commentCount":2,"publisher":{"@id":"https:\/\/evertonfc.cz\/#organization"},"image":{"@id":"https:\/\/evertonfc.cz\/index.php\/2023\/01\/03\/everton-brighton-hove-albion-1-4\/#primaryimage"},"thumbnailUrl":"https:\/\/evertonfc.cz\/wp-content\/uploads\/2023\/01\/lampard_3_1_2023.jpg","articleSection":["Z\u00e1pasy"],"inLanguage":"cs","potentialAction":[{"@type":"CommentAction","name":"Comment","target":["https:\/\/evertonfc.cz\/index.php\/2023\/01\/03\/everton-brighton-hove-albion-1-4\/#respond"]}]},{"@type":"WebPage","@id":"https:\/\/evertonfc.cz\/index.php\/2023\/01\/03\/everton-brighton-hove-albion-1-4\/","url":"https:\/\/evertonfc.cz\/index.php\/2023\/01\/03\/everton-brighton-hove-albion-1-4\/","name":"Everton \u2013 Brighton & Hove Albion 1:4 - Official Czech &amp; Slovak Everton Supporters&#039; Club","isPartOf":{"@id":"https:\/\/evertonfc.cz\/#website"},"primaryImageOfPage":{"@id":"https:\/\/evertonfc.cz\/index.php\/2023\/01\/03\/everton-brighton-hove-albion-1-4\/#primaryimage"},"image":{"@id":"https:\/\/evertonfc.cz\/index.php\/2023\/01\/03\/everton-brighton-hove-albion-1-4\/#primaryimage"},"thumbnailUrl":"https:\/\/evertonfc.cz\/wp-content\/uploads\/2023\/01\/lampard_3_1_2023.jpg","datePublished":"2023-01-03T21:24:30+00:00","dateModified":"2023-01-04T20:11:37+00:00","description":"Tot\u00e1ln\u00ed kapitulace. Everton na dom\u00e1c\u00ed p\u016fd\u011b vyho\u0159el s Brightonem, kter\u00fd se p\u0159i komfortn\u00ed v\u00fdh\u0159e snad ani nezpotil, a po roce op\u011bt vis\u00ed na vl\u00e1sku mana\u017eersk\u00e1 zm\u011bna.","breadcrumb":{"@id":"https:\/\/evertonfc.cz\/index.php\/2023\/01\/03\/everton-brighton-hove-albion-1-4\/#breadcrumb"},"inLanguage":"cs","potentialAction":[{"@type":"ReadAction","target":["https:\/\/evertonfc.cz\/index.php\/2023\/01\/03\/everton-brighton-hove-albion-1-4\/"]}]},{"@type":"ImageObject","inLanguage":"cs","@id":"https:\/\/evertonfc.cz\/index.php\/2023\/01\/03\/everton-brighton-hove-albion-1-4\/#primaryimage","url":"https:\/\/evertonfc.cz\/wp-content\/uploads\/2023\/01\/lampard_3_1_2023.jpg","contentUrl":"https:\/\/evertonfc.cz\/wp-content\/uploads\/2023\/01\/lampard_3_1_2023.jpg","width":720,"height":405},{"@type":"BreadcrumbList","@id":"https:\/\/evertonfc.cz\/index.php\/2023\/01\/03\/everton-brighton-hove-albion-1-4\/#breadcrumb","itemListElement":[{"@type":"ListItem","position":1,"name":"Home","item":"https:\/\/evertonfc.cz\/"},{"@type":"ListItem","position":2,"name":"Everton \u2013 Brighton &#038; Hove Albion 1:4"}]},{"@type":"WebSite","@id":"https:\/\/evertonfc.cz\/#website","url":"https:\/\/evertonfc.cz\/","name":"Official Czech &amp; Slovak Everton Supporters&#039; Club","description":"","publisher":{"@id":"https:\/\/evertonfc.cz\/#organization"},"potentialAction":[{"@type":"SearchAction","target":{"@type":"EntryPoint","urlTemplate":"https:\/\/evertonfc.cz\/?s={search_term_string}"},"query-input":{"@type":"PropertyValueSpecification","valueRequired":true,"valueName":"search_term_string"}}],"inLanguage":"cs"},{"@type":"Organization","@id":"https:\/\/evertonfc.cz\/#organization","name":"Official Czech & Slovak Everton Supporters' Club","url":"https:\/\/evertonfc.cz\/","logo":{"@type":"ImageObject","inLanguage":"cs","@id":"https:\/\/evertonfc.cz\/#\/schema\/logo\/image\/","url":"https:\/\/evertonfc.cz\/wp-content\/uploads\/2019\/05\/logo.png","contentUrl":"https:\/\/evertonfc.cz\/wp-content\/uploads\/2019\/05\/logo.png","width":112,"height":112,"caption":"Official Czech & Slovak Everton Supporters' Club"},"image":{"@id":"https:\/\/evertonfc.cz\/#\/schema\/logo\/image\/"},"sameAs":["https:\/\/www.facebook.com\/everton.fans.cz.sk"]},{"@type":"Person","@id":"https:\/\/evertonfc.cz\/#\/schema\/person\/f7a5daedb2ffee98480bc70e191aaef1","name":"Ri\u010di","sameAs":["https:\/\/x.com\/rbrejsa"],"url":"https:\/\/evertonfc.cz\/index.php\/author\/rici\/"}]}},"_links":{"self":[{"href":"https:\/\/evertonfc.cz\/index.php\/wp-json\/wp\/v2\/posts\/20603"}],"collection":[{"href":"https:\/\/evertonfc.cz\/index.php\/wp-json\/wp\/v2\/posts"}],"about":[{"href":"https:\/\/evertonfc.cz\/index.php\/wp-json\/wp\/v2\/types\/post"}],"author":[{"embeddable":true,"href":"https:\/\/evertonfc.cz\/index.php\/wp-json\/wp\/v2\/users\/6"}],"replies":[{"embeddable":true,"href":"https:\/\/evertonfc.cz\/index.php\/wp-json\/wp\/v2\/comments?post=20603"}],"version-history":[{"count":8,"href":"https:\/\/evertonfc.cz\/index.php\/wp-json\/wp\/v2\/posts\/20603\/revisions"}],"predecessor-version":[{"id":20617,"href":"https:\/\/evertonfc.cz\/index.php\/wp-json\/wp\/v2\/posts\/20603\/revisions\/20617"}],"wp:featuredmedia":[{"embeddable":true,"href":"https:\/\/evertonfc.cz\/index.php\/wp-json\/wp\/v2\/media\/20608"}],"wp:attachment":[{"href":"https:\/\/evertonfc.cz\/index.php\/wp-json\/wp\/v2\/media?parent=20603"}],"wp:term":[{"taxonomy":"category","embeddable":true,"href":"https:\/\/evertonfc.cz\/index.php\/wp-json\/wp\/v2\/categories?post=20603"},{"taxonomy":"post_tag","embeddable":true,"href":"https:\/\/evertonfc.cz\/index.php\/wp-json\/wp\/v2\/tags?post=20603"}],"curies":[{"name":"wp","href":"https:\/\/api.w.org\/{rel}","templated":true}]}}