{"id":20624,"date":"2023-01-06T14:26:45","date_gmt":"2023-01-06T13:26:45","guid":{"rendered":"https:\/\/evertonfc.cz\/?p=20624"},"modified":"2023-01-06T14:26:45","modified_gmt":"2023-01-06T13:26:45","slug":"fac-preview-manchester-united-everton","status":"publish","type":"post","link":"https:\/\/evertonfc.cz\/index.php\/2023\/01\/06\/fac-preview-manchester-united-everton\/","title":{"rendered":"FAC Preview: Manchester United \u2013 Everton"},"content":{"rendered":"<h4>Magick\u00e9 k\u00fazlo najstar\u0161ej futbalovej s\u00fa\u0165a\u017ee. Len na to sa bude m\u00f4c\u0165 spo\u013eahn\u00fa\u0165 9 000 fan\u00fa\u0161ikov Karameliek v\u00a0sektore host\u00ed na najv\u00e4\u010d\u0161om klubovom \u0161tadi\u00f3ne v\u00a0Brit\u00e1nii.<\/h4>\n<p>Preto\u017ee zatia\u013e ni\u010d, ale absol\u00fatne ni\u010d nenasved\u010duje tomu, \u017ee by sa v\u00a0tomto klube na\u0161lo nie\u010do in\u00e9, \u010do by in\u0161pirovalo t\u00fato utr\u00e1pen\u00fa komunitu k\u00a0lep\u0161\u00edm zajtraj\u0161kom. Doslova zajtraj\u0161kom. Everton je vo f\u00e1ze, kedy znova, op\u00e4\u0165, e\u0161te raz, zase a\u00a0odnova pre\u017e\u00edva len zo d\u0148a na de\u0148. Neistota. Hnev. L\u00fatos\u0165. Defin\u00edcia futbalov\u00e9ho klubu!<\/p>\n<h4><strong><em>\u201eStand up and play for Everton\u201c<\/em><\/strong><\/h4>\n<p>To je heslo, ktor\u00fdm Frank po ligovom v\u00fdprasku \u017eiada riadi\u0165 sa. Akoby symbolicky v\u017edy presne vystihne ten spr\u00e1vny t\u00f3n, sfarben\u00fd kr\u00e1\u013eovsky modro. On to naozaj mus\u00ed ch\u00e1pa\u0165. Vie o\u00a0\u010dom sme. No napriek tomu vid\u00edme, \u017ee nie\u010do tam ch\u00fdba. Tie in\u0161tinkty sebaz\u00e1chovy riadiace sa v\u00e1hou sk\u00fasenost\u00ed, ktor\u00fdmi nedisponuje. Je preto nanajv\u00fd\u0161 po\u013eutovania hodn\u00e9, \u017ee kou\u010da, ktor\u00fd ich e\u0161te len zbiera a\u00a0prakticky sa st\u00e1le formuje, mus\u00edme \u201etrpie\u0165\u201c v\u00a0dobe, kedy aj v\u0161etko ostatn\u00e9 bohu\u017eia\u013e hr\u00e1 proti n\u00e1m.<\/p>\n<h4><strong>Patterson mimo na 6 t\u00fd\u017ed\u0148ov<\/strong><\/h4>\n<p>Odf\u00faknime si. Mohlo aj toto by\u0165 hor\u0161ie. Zranenie vn\u00fatorn\u00e9ho postrann\u00e9ho v\u00e4zu nezvykne sp\u00f4sobova\u0165 dlhotrvaj\u00face strasti. No hr\u00e1\u010dska absencia v\u017edy zamrz\u00ed, hoci teraz mo\u017eno aj pr\u00edde vhod pre poku\u0161enie by\u0165 op\u00e4tovne pr\u00edli\u0161 naivn\u00fdm. A \u010do si myslie\u0165 o\u00a0\u00fanave Calverta-Lewina, pre ktor\u00fa bude Lampard v\u00e1ha\u0165 \u010di ho nasadi\u0165, je \u010fal\u0161ia h\u00e1danka, pre ktor\u00fa logick\u00e1 myse\u013e nenach\u00e1dza odpove\u010f. Asi ako pri sp\u00e4tnej prihr\u00e1vke Gueyeho, h\u013abiacej \u0161tvrt\u00fa dieru do utorkovej rakvy na dom\u00e1com cintor\u00edne. E\u0161te \u017ee sa cerem\u00f3nie nez\u00fa\u010dastnili Onana s\u00a0Gordonom. Belgi\u010dan si kartov\u00fd trest odpykal, a Angli\u010dan po chorobe ost\u00e1va ot\u00e1zny.<\/p>\n<h4><strong>Lampard o\u00a0stretnut\u00ed s\u00a0veden\u00edm a v\u00fdkonoch:<\/strong><\/h4>\n<blockquote><p><span style=\"font-size: 12pt;\"><em>\u201eMali sme s\u00fakromn\u00e9 rozhovory. Ni\u010d viac k tomu. Nikdy som neh\u013eadal a nikdy nebudem h\u013eada\u0165 z\u00e1ruky. Mojou \u00falohou je absol\u00fatne sa s\u00fastredi\u0165 na dan\u00fa pr\u00e1cu, ka\u017ed\u00fd de\u0148 a od z\u00e1pasu k z\u00e1pasu. To je absol\u00fatna realita. Nie som hl\u00fapy. Potrebujeme dosahova\u0165 v\u00fdsledky a chceme sa udr\u017ea\u0165 v tejto lige. To je priorita tohto roku. Pr\u00e1ve sme sk\u013azli medzi posledn\u00e9 tri t\u00edmy, ale to nie je m\u00f4j hlavn\u00fd probl\u00e9m. Ak vyhr\u00e1me n\u00e1\u0161 \u010fal\u0161\u00ed ligov\u00fd z\u00e1pas, pravdepodobne budeme mimo posledn\u00fdch troch. Nehr\u00e1me na 100 percent a z na\u0161ich v\u00fdkonov m\u00f4\u017eeme vy\u0165a\u017ei\u0165 viac. M\u00e1m pocit, \u017ee kolekt\u00edvny aspekt pr\u00edde spolu s t\u00fdm, ak sa ka\u017ed\u00fd za\u010dne s\u00fastredi\u0165 na svoju vlastn\u00fa osobn\u00fa zodpovednos\u0165. Niektor\u00ed hr\u00e1\u010di zi\u0161li z vlastnej cesty a my nem\u00f4\u017eeme na nich vrha\u0165 kr\u00e1tkdob\u00e9 s\u00fady, ke\u010f potrebuj\u00fa \u010das, aby sa usadili. Realita ligovej poz\u00edcie je tak\u00e1, \u017ee to chce \u010das a pr\u00e1cu.\u201c<\/em><\/span><\/p><\/blockquote>\n<h4><strong>Pranie men\u010destr\u00e1kov na verejnosti<\/strong><\/h4>\n<p>Aj tak by sa dalo nazva\u0165 dianie posledn\u00fdch mesiacov v okol\u00ed Stretfordu, kde Ten Hagovci preb\u00fdvaj\u00fa. U\u017e bez Ronalda, ako bol pravidelne a d\u00f4sledne informovan\u00fd cel\u00fd svet. Tak\u017ee mi pros\u00edm prep\u00e1\u010dte, \u017ee sa tomu viac venova\u0165 nebudem. Len dod\u00e1m nezdanie sa, \u017ee by im ch\u00fdbal. Od n\u00e1vratu do akcie po Majstrovstv\u00e1ch maj\u00fa stopercentn\u00fa \u0161tvorz\u00e1pasov\u00fa bilanciu bez inkasovan\u00e9ho g\u00f3lu v ligovom poh\u00e1ri i lige samotnej.<\/p>\n<p>Tam sa stihli vy\u0161vihn\u00fa\u0165 u\u017e na \u0161tvrt\u00e9 miesto. Najlep\u0161\u00edm strelcom je Rashford so \u0161rtn\u00e1stimi g\u00f3lmi vo v\u0161etk\u00fdch s\u00fa\u0165a\u017eiach. Jedin\u00fdmi dvoma absentuj\u00facimi dom\u00e1cich bud\u00fa van de Beek a Tuanzebe. Zasiahn\u00fa\u0165 proti Evertonu bude m\u00f4c\u0165 u\u017e Anthony a takie\u017e Martial.<\/p>\n<h4 style=\"text-align: center;\"><strong>\u0160tatistick\u00e9 okienko:<\/strong><\/h4>\n<ul>\n<li>Everton prehral od za\u010diatku minulej sez\u00f3ny v Premier League u\u017e 30 z\u00e1pasov.<\/li>\n<li>V posledn\u00fdch 11 z\u00e1pasoch vo v\u0161etk\u00fdch s\u00fa\u0165a\u017eiach vyhralo EFC iba 1 duel.<\/li>\n<li>Mu\u017estvo Franka Lamparda inkasovalo aspo\u0148 1 g\u00f3l v prvom pol\u010dase v ka\u017edom z posledn\u00fdch 6 z\u00e1pasov vo v\u0161etk\u00fdch s\u00fa\u0165a\u017eiach.<\/li>\n<li>Z mana\u017e\u00e9rov Evertonu s najni\u017e\u0161\u00edm pomerom bodov na z\u00e1pas (okrem do\u010dasn\u00fdch) je moment\u00e1lne Lampard na 2. mieste s\u00a00.97 bodu na z\u00e1pas. Najni\u017e\u0161\u00edm pomerom disponuje Mike Walker s\u00a00.87, a\u00a0tret\u00ed je Ben\u00edtez s\u00a01,0 bodom na z\u00e1pas.<\/li>\n<\/ul>\n<h3 style=\"text-align: center;\"><em><span style=\"color: #3366ff;\"><strong>Up The Toffees !!!<\/strong><\/span><\/em><\/h3>\n<p><strong>\u010co:<\/strong> Manchester United FC \u2013 Everton FC, 3. kolo FA Cupu<br \/>\n<strong>Kedy:<\/strong> 6.1. 2023 od 21:00 SE\u010c<br \/>\n<strong>Ako: <\/strong>priamy prenos na Nova Sport 1<br \/>\n<strong>Kde:<\/strong> Old Trafford \u2013 Sir Matt Busby Way, Stretford, Manchester M16 0RA (kapacita: 74 310)<br \/>\n<strong>Rozhodca:<\/strong> Darren England \u00a0<strong>Asistenti:<\/strong> S. Bennett, A. Holmes \u00a0<strong>\u0160tvrt\u00fd rozhodca:<\/strong> S. Hooper<br \/>\n<strong>VAR: <\/strong>Stuart Attwell \u00a0<strong>Asistent VAR: <\/strong>Natalie Aspinall<\/p>\n","protected":false},"excerpt":{"rendered":"<p>Magick\u00e9 k\u00fazlo najstar\u0161ej futbalovej s\u00fa\u0165a\u017ee. Len na to sa bude m\u00f4c\u0165 spo\u013eahn\u00fa\u0165 9 000 fan\u00fa\u0161ikov Karameliek v\u00a0sektore host\u00ed na najv\u00e4\u010d\u0161om klubovom \u0161tadi\u00f3ne v\u00a0Brit\u00e1nii.<\/p>\n","protected":false},"author":1,"featured_media":13968,"comment_status":"open","ping_status":"closed","sticky":false,"template":"","format":"standard","meta":{"_eb_attr":"","_monsterinsights_skip_tracking":false,"_monsterinsights_sitenote_active":false,"_monsterinsights_sitenote_note":"","_monsterinsights_sitenote_category":0,"footnotes":""},"categories":[4],"tags":[],"yoast_head":"<!-- This site is optimized with the Yoast SEO plugin v23.4 - https:\/\/yoast.com\/wordpress\/plugins\/seo\/ -->\n<title>FAC Preview: Manchester United \u2013 Everton - Official Czech &amp; Slovak Everton Supporters&#039; Club<\/title>\n<meta name=\"robots\" content=\"index, follow, max-snippet:-1, max-image-preview:large, max-video-preview:-1\" \/>\n<link rel=\"canonical\" href=\"https:\/\/evertonfc.cz\/index.php\/2023\/01\/06\/fac-preview-manchester-united-everton\/\" \/>\n<meta property=\"og:locale\" content=\"cs_CZ\" \/>\n<meta property=\"og:type\" content=\"article\" \/>\n<meta property=\"og:title\" content=\"FAC Preview: Manchester United \u2013 Everton - Official Czech &amp; Slovak Everton Supporters&#039; Club\" \/>\n<meta property=\"og:description\" content=\"Magick\u00e9 k\u00fazlo najstar\u0161ej futbalovej s\u00fa\u0165a\u017ee. Len na to sa bude m\u00f4c\u0165 spo\u013eahn\u00fa\u0165 9 000 fan\u00fa\u0161ikov Karameliek v\u00a0sektore host\u00ed na najv\u00e4\u010d\u0161om klubovom \u0161tadi\u00f3ne v\u00a0Brit\u00e1nii.\" \/>\n<meta property=\"og:url\" content=\"https:\/\/evertonfc.cz\/index.php\/2023\/01\/06\/fac-preview-manchester-united-everton\/\" \/>\n<meta property=\"og:site_name\" content=\"Official Czech &amp; Slovak Everton Supporters&#039; Club\" \/>\n<meta property=\"article:publisher\" content=\"https:\/\/www.facebook.com\/everton.fans.cz.sk\" \/>\n<meta property=\"article:published_time\" content=\"2023-01-06T13:26:45+00:00\" \/>\n<meta property=\"og:image\" content=\"https:\/\/evertonfc.cz\/wp-content\/uploads\/2021\/02\/Manchester-United-VS-Everton.jpg\" \/>\n\t<meta property=\"og:image:width\" content=\"720\" \/>\n\t<meta property=\"og:image:height\" content=\"405\" \/>\n\t<meta property=\"og:image:type\" content=\"image\/jpeg\" \/>\n<meta name=\"author\" content=\"BlueBlooded\" \/>\n<meta name=\"twitter:card\" content=\"summary_large_image\" \/>\n<meta name=\"twitter:label1\" content=\"Napsal(a)\" \/>\n\t<meta name=\"twitter:data1\" content=\"BlueBlooded\" \/>\n\t<meta name=\"twitter:label2\" content=\"Odhadovan\u00e1 doba \u010dten\u00ed\" \/>\n\t<meta name=\"twitter:data2\" content=\"4 minuty\" \/>\n<script type=\"application\/ld+json\" class=\"yoast-schema-graph\">{\"@context\":\"https:\/\/schema.org\",\"@graph\":[{\"@type\":\"Article\",\"@id\":\"https:\/\/evertonfc.cz\/index.php\/2023\/01\/06\/fac-preview-manchester-united-everton\/#article\",\"isPartOf\":{\"@id\":\"https:\/\/evertonfc.cz\/index.php\/2023\/01\/06\/fac-preview-manchester-united-everton\/\"},\"author\":{\"name\":\"BlueBlooded\",\"@id\":\"https:\/\/evertonfc.cz\/#\/schema\/person\/d4493b8cbea51532597fbc4685698916\"},\"headline\":\"FAC Preview: Manchester United \u2013 Everton\",\"datePublished\":\"2023-01-06T13:26:45+00:00\",\"dateModified\":\"2023-01-06T13:26:45+00:00\",\"mainEntityOfPage\":{\"@id\":\"https:\/\/evertonfc.cz\/index.php\/2023\/01\/06\/fac-preview-manchester-united-everton\/\"},\"wordCount\":821,\"commentCount\":11,\"publisher\":{\"@id\":\"https:\/\/evertonfc.cz\/#organization\"},\"image\":{\"@id\":\"https:\/\/evertonfc.cz\/index.php\/2023\/01\/06\/fac-preview-manchester-united-everton\/#primaryimage\"},\"thumbnailUrl\":\"https:\/\/evertonfc.cz\/wp-content\/uploads\/2021\/02\/Manchester-United-VS-Everton.jpg\",\"articleSection\":[\"Z\u00e1pasy\"],\"inLanguage\":\"cs\",\"potentialAction\":[{\"@type\":\"CommentAction\",\"name\":\"Comment\",\"target\":[\"https:\/\/evertonfc.cz\/index.php\/2023\/01\/06\/fac-preview-manchester-united-everton\/#respond\"]}]},{\"@type\":\"WebPage\",\"@id\":\"https:\/\/evertonfc.cz\/index.php\/2023\/01\/06\/fac-preview-manchester-united-everton\/\",\"url\":\"https:\/\/evertonfc.cz\/index.php\/2023\/01\/06\/fac-preview-manchester-united-everton\/\",\"name\":\"FAC Preview: Manchester United \u2013 Everton - Official Czech &amp; Slovak Everton Supporters&#039; Club\",\"isPartOf\":{\"@id\":\"https:\/\/evertonfc.cz\/#website\"},\"primaryImageOfPage\":{\"@id\":\"https:\/\/evertonfc.cz\/index.php\/2023\/01\/06\/fac-preview-manchester-united-everton\/#primaryimage\"},\"image\":{\"@id\":\"https:\/\/evertonfc.cz\/index.php\/2023\/01\/06\/fac-preview-manchester-united-everton\/#primaryimage\"},\"thumbnailUrl\":\"https:\/\/evertonfc.cz\/wp-content\/uploads\/2021\/02\/Manchester-United-VS-Everton.jpg\",\"datePublished\":\"2023-01-06T13:26:45+00:00\",\"dateModified\":\"2023-01-06T13:26:45+00:00\",\"breadcrumb\":{\"@id\":\"https:\/\/evertonfc.cz\/index.php\/2023\/01\/06\/fac-preview-manchester-united-everton\/#breadcrumb\"},\"inLanguage\":\"cs\",\"potentialAction\":[{\"@type\":\"ReadAction\",\"target\":[\"https:\/\/evertonfc.cz\/index.php\/2023\/01\/06\/fac-preview-manchester-united-everton\/\"]}]},{\"@type\":\"ImageObject\",\"inLanguage\":\"cs\",\"@id\":\"https:\/\/evertonfc.cz\/index.php\/2023\/01\/06\/fac-preview-manchester-united-everton\/#primaryimage\",\"url\":\"https:\/\/evertonfc.cz\/wp-content\/uploads\/2021\/02\/Manchester-United-VS-Everton.jpg\",\"contentUrl\":\"https:\/\/evertonfc.cz\/wp-content\/uploads\/2021\/02\/Manchester-United-VS-Everton.jpg\",\"width\":720,\"height\":405},{\"@type\":\"BreadcrumbList\",\"@id\":\"https:\/\/evertonfc.cz\/index.php\/2023\/01\/06\/fac-preview-manchester-united-everton\/#breadcrumb\",\"itemListElement\":[{\"@type\":\"ListItem\",\"position\":1,\"name\":\"Home\",\"item\":\"https:\/\/evertonfc.cz\/\"},{\"@type\":\"ListItem\",\"position\":2,\"name\":\"FAC Preview: Manchester United \u2013 Everton\"}]},{\"@type\":\"WebSite\",\"@id\":\"https:\/\/evertonfc.cz\/#website\",\"url\":\"https:\/\/evertonfc.cz\/\",\"name\":\"Official Czech &amp; Slovak Everton Supporters&#039; Club\",\"description\":\"\",\"publisher\":{\"@id\":\"https:\/\/evertonfc.cz\/#organization\"},\"potentialAction\":[{\"@type\":\"SearchAction\",\"target\":{\"@type\":\"EntryPoint\",\"urlTemplate\":\"https:\/\/evertonfc.cz\/?s={search_term_string}\"},\"query-input\":{\"@type\":\"PropertyValueSpecification\",\"valueRequired\":true,\"valueName\":\"search_term_string\"}}],\"inLanguage\":\"cs\"},{\"@type\":\"Organization\",\"@id\":\"https:\/\/evertonfc.cz\/#organization\",\"name\":\"Official Czech & Slovak Everton Supporters' Club\",\"url\":\"https:\/\/evertonfc.cz\/\",\"logo\":{\"@type\":\"ImageObject\",\"inLanguage\":\"cs\",\"@id\":\"https:\/\/evertonfc.cz\/#\/schema\/logo\/image\/\",\"url\":\"https:\/\/evertonfc.cz\/wp-content\/uploads\/2019\/05\/logo.png\",\"contentUrl\":\"https:\/\/evertonfc.cz\/wp-content\/uploads\/2019\/05\/logo.png\",\"width\":112,\"height\":112,\"caption\":\"Official Czech & Slovak Everton Supporters' Club\"},\"image\":{\"@id\":\"https:\/\/evertonfc.cz\/#\/schema\/logo\/image\/\"},\"sameAs\":[\"https:\/\/www.facebook.com\/everton.fans.cz.sk\"]},{\"@type\":\"Person\",\"@id\":\"https:\/\/evertonfc.cz\/#\/schema\/person\/d4493b8cbea51532597fbc4685698916\",\"name\":\"BlueBlooded\",\"url\":\"https:\/\/evertonfc.cz\/index.php\/author\/admin\/\"}]}<\/script>\n<!-- \/ Yoast SEO plugin. -->","yoast_head_json":{"title":"FAC Preview: Manchester United \u2013 Everton - Official Czech &amp; Slovak Everton Supporters&#039; Club","robots":{"index":"index","follow":"follow","max-snippet":"max-snippet:-1","max-image-preview":"max-image-preview:large","max-video-preview":"max-video-preview:-1"},"canonical":"https:\/\/evertonfc.cz\/index.php\/2023\/01\/06\/fac-preview-manchester-united-everton\/","og_locale":"cs_CZ","og_type":"article","og_title":"FAC Preview: Manchester United \u2013 Everton - Official Czech &amp; Slovak Everton Supporters&#039; Club","og_description":"Magick\u00e9 k\u00fazlo najstar\u0161ej futbalovej s\u00fa\u0165a\u017ee. Len na to sa bude m\u00f4c\u0165 spo\u013eahn\u00fa\u0165 9 000 fan\u00fa\u0161ikov Karameliek v\u00a0sektore host\u00ed na najv\u00e4\u010d\u0161om klubovom \u0161tadi\u00f3ne v\u00a0Brit\u00e1nii.","og_url":"https:\/\/evertonfc.cz\/index.php\/2023\/01\/06\/fac-preview-manchester-united-everton\/","og_site_name":"Official Czech &amp; Slovak Everton Supporters&#039; Club","article_publisher":"https:\/\/www.facebook.com\/everton.fans.cz.sk","article_published_time":"2023-01-06T13:26:45+00:00","og_image":[{"width":720,"height":405,"url":"https:\/\/evertonfc.cz\/wp-content\/uploads\/2021\/02\/Manchester-United-VS-Everton.jpg","type":"image\/jpeg"}],"author":"BlueBlooded","twitter_card":"summary_large_image","twitter_misc":{"Napsal(a)":"BlueBlooded","Odhadovan\u00e1 doba \u010dten\u00ed":"4 minuty"},"schema":{"@context":"https:\/\/schema.org","@graph":[{"@type":"Article","@id":"https:\/\/evertonfc.cz\/index.php\/2023\/01\/06\/fac-preview-manchester-united-everton\/#article","isPartOf":{"@id":"https:\/\/evertonfc.cz\/index.php\/2023\/01\/06\/fac-preview-manchester-united-everton\/"},"author":{"name":"BlueBlooded","@id":"https:\/\/evertonfc.cz\/#\/schema\/person\/d4493b8cbea51532597fbc4685698916"},"headline":"FAC Preview: Manchester United \u2013 Everton","datePublished":"2023-01-06T13:26:45+00:00","dateModified":"2023-01-06T13:26:45+00:00","mainEntityOfPage":{"@id":"https:\/\/evertonfc.cz\/index.php\/2023\/01\/06\/fac-preview-manchester-united-everton\/"},"wordCount":821,"commentCount":11,"publisher":{"@id":"https:\/\/evertonfc.cz\/#organization"},"image":{"@id":"https:\/\/evertonfc.cz\/index.php\/2023\/01\/06\/fac-preview-manchester-united-everton\/#primaryimage"},"thumbnailUrl":"https:\/\/evertonfc.cz\/wp-content\/uploads\/2021\/02\/Manchester-United-VS-Everton.jpg","articleSection":["Z\u00e1pasy"],"inLanguage":"cs","potentialAction":[{"@type":"CommentAction","name":"Comment","target":["https:\/\/evertonfc.cz\/index.php\/2023\/01\/06\/fac-preview-manchester-united-everton\/#respond"]}]},{"@type":"WebPage","@id":"https:\/\/evertonfc.cz\/index.php\/2023\/01\/06\/fac-preview-manchester-united-everton\/","url":"https:\/\/evertonfc.cz\/index.php\/2023\/01\/06\/fac-preview-manchester-united-everton\/","name":"FAC Preview: Manchester United \u2013 Everton - Official Czech &amp; Slovak Everton Supporters&#039; Club","isPartOf":{"@id":"https:\/\/evertonfc.cz\/#website"},"primaryImageOfPage":{"@id":"https:\/\/evertonfc.cz\/index.php\/2023\/01\/06\/fac-preview-manchester-united-everton\/#primaryimage"},"image":{"@id":"https:\/\/evertonfc.cz\/index.php\/2023\/01\/06\/fac-preview-manchester-united-everton\/#primaryimage"},"thumbnailUrl":"https:\/\/evertonfc.cz\/wp-content\/uploads\/2021\/02\/Manchester-United-VS-Everton.jpg","datePublished":"2023-01-06T13:26:45+00:00","dateModified":"2023-01-06T13:26:45+00:00","breadcrumb":{"@id":"https:\/\/evertonfc.cz\/index.php\/2023\/01\/06\/fac-preview-manchester-united-everton\/#breadcrumb"},"inLanguage":"cs","potentialAction":[{"@type":"ReadAction","target":["https:\/\/evertonfc.cz\/index.php\/2023\/01\/06\/fac-preview-manchester-united-everton\/"]}]},{"@type":"ImageObject","inLanguage":"cs","@id":"https:\/\/evertonfc.cz\/index.php\/2023\/01\/06\/fac-preview-manchester-united-everton\/#primaryimage","url":"https:\/\/evertonfc.cz\/wp-content\/uploads\/2021\/02\/Manchester-United-VS-Everton.jpg","contentUrl":"https:\/\/evertonfc.cz\/wp-content\/uploads\/2021\/02\/Manchester-United-VS-Everton.jpg","width":720,"height":405},{"@type":"BreadcrumbList","@id":"https:\/\/evertonfc.cz\/index.php\/2023\/01\/06\/fac-preview-manchester-united-everton\/#breadcrumb","itemListElement":[{"@type":"ListItem","position":1,"name":"Home","item":"https:\/\/evertonfc.cz\/"},{"@type":"ListItem","position":2,"name":"FAC Preview: Manchester United \u2013 Everton"}]},{"@type":"WebSite","@id":"https:\/\/evertonfc.cz\/#website","url":"https:\/\/evertonfc.cz\/","name":"Official Czech &amp; Slovak Everton Supporters&#039; Club","description":"","publisher":{"@id":"https:\/\/evertonfc.cz\/#organization"},"potentialAction":[{"@type":"SearchAction","target":{"@type":"EntryPoint","urlTemplate":"https:\/\/evertonfc.cz\/?s={search_term_string}"},"query-input":{"@type":"PropertyValueSpecification","valueRequired":true,"valueName":"search_term_string"}}],"inLanguage":"cs"},{"@type":"Organization","@id":"https:\/\/evertonfc.cz\/#organization","name":"Official Czech & Slovak Everton Supporters' Club","url":"https:\/\/evertonfc.cz\/","logo":{"@type":"ImageObject","inLanguage":"cs","@id":"https:\/\/evertonfc.cz\/#\/schema\/logo\/image\/","url":"https:\/\/evertonfc.cz\/wp-content\/uploads\/2019\/05\/logo.png","contentUrl":"https:\/\/evertonfc.cz\/wp-content\/uploads\/2019\/05\/logo.png","width":112,"height":112,"caption":"Official Czech & Slovak Everton Supporters' Club"},"image":{"@id":"https:\/\/evertonfc.cz\/#\/schema\/logo\/image\/"},"sameAs":["https:\/\/www.facebook.com\/everton.fans.cz.sk"]},{"@type":"Person","@id":"https:\/\/evertonfc.cz\/#\/schema\/person\/d4493b8cbea51532597fbc4685698916","name":"BlueBlooded","url":"https:\/\/evertonfc.cz\/index.php\/author\/admin\/"}]}},"_links":{"self":[{"href":"https:\/\/evertonfc.cz\/index.php\/wp-json\/wp\/v2\/posts\/20624"}],"collection":[{"href":"https:\/\/evertonfc.cz\/index.php\/wp-json\/wp\/v2\/posts"}],"about":[{"href":"https:\/\/evertonfc.cz\/index.php\/wp-json\/wp\/v2\/types\/post"}],"author":[{"embeddable":true,"href":"https:\/\/evertonfc.cz\/index.php\/wp-json\/wp\/v2\/users\/1"}],"replies":[{"embeddable":true,"href":"https:\/\/evertonfc.cz\/index.php\/wp-json\/wp\/v2\/comments?post=20624"}],"version-history":[{"count":3,"href":"https:\/\/evertonfc.cz\/index.php\/wp-json\/wp\/v2\/posts\/20624\/revisions"}],"predecessor-version":[{"id":20627,"href":"https:\/\/evertonfc.cz\/index.php\/wp-json\/wp\/v2\/posts\/20624\/revisions\/20627"}],"wp:featuredmedia":[{"embeddable":true,"href":"https:\/\/evertonfc.cz\/index.php\/wp-json\/wp\/v2\/media\/13968"}],"wp:attachment":[{"href":"https:\/\/evertonfc.cz\/index.php\/wp-json\/wp\/v2\/media?parent=20624"}],"wp:term":[{"taxonomy":"category","embeddable":true,"href":"https:\/\/evertonfc.cz\/index.php\/wp-json\/wp\/v2\/categories?post=20624"},{"taxonomy":"post_tag","embeddable":true,"href":"https:\/\/evertonfc.cz\/index.php\/wp-json\/wp\/v2\/tags?post=20624"}],"curies":[{"name":"wp","href":"https:\/\/api.w.org\/{rel}","templated":true}]}}