{"id":20698,"date":"2023-01-14T13:15:39","date_gmt":"2023-01-14T12:15:39","guid":{"rendered":"https:\/\/evertonfc.cz\/?p=20698"},"modified":"2023-01-14T14:00:15","modified_gmt":"2023-01-14T13:00:15","slug":"preview-everton-southampton-9","status":"publish","type":"post","link":"https:\/\/evertonfc.cz\/index.php\/2023\/01\/14\/preview-everton-southampton-9\/","title":{"rendered":"Preview: Everton &#8211; Southampton"},"content":{"rendered":"<h4>P\u0159ijm\u011bte pozv\u00e1n\u00ed na 20. kolo. Bude to kouzeln\u00e1 h\u016flka proti magick\u00e9mu pr\u00e1\u0161ku, nejkr\u00e1sn\u011bj\u0161\u00ed g\u00f3l proti nejlep\u0161\u00edmu z\u00e1kroku, 6 z\u00e1pas\u016f bez v\u00fdhry proti 6 prohr\u00e1m v\u00a0\u0159ad\u011b.<\/h4>\n<p>Ano, jde o duel osmn\u00e1ct\u00e9ho proti posledn\u00edmu, bude to tedy asi hr\u016fza. Navzdory dekorov\u00e1n\u00ed za posledn\u00ed m\u011bs\u00edce roku, kter\u00e9 obdr\u017eeli Gray za jeho z\u00e1sek proti City, a Gavin Bazunu za jeho z\u00e1krok proti Salahovi. Jdou proti sob\u011b t\u00fdmy s nelichotivou bilanc\u00ed posledn\u00edch z\u00e1pas\u016f, a i proto jejich mana\u017ee\u0159i za\u0159\u00edk\u00e1vaj\u00ed r\u016fzn\u00e9 \u010darod\u011bjn\u00e9 propriety. Frank Lampard n\u00e1s u\u017e d\u00e1vno varoval, \u017ee nem\u00e1 kouzelnickou h\u016flku na prom\u011bnu Evertonu z t\u00fdmu bojuj\u00edc\u00edho o z\u00e1chranu na n\u011bco v\u00edc, podobn\u011b i Nathan Jones na p\u0159edz\u00e1pasov\u00e9 tiskovce upozornil, \u017ee kolem sebe nebude sypat z\u00e1zra\u010dn\u00fdm pudrem.<\/p>\n<h4>Na domac\u00ed front\u011b ticho<\/h4>\n<p>Frank Lampard na sv\u00e9m setk\u00e1n\u00ed s novin\u00e1\u0159i na m\u011b p\u016fsobil o n\u011bco uvoln\u011bn\u011bji ne\u017e tomu bylo v posledn\u00ed dob\u011b. Snad k tomu p\u0159isp\u011blo vyj\u00e1d\u0159en\u00ed majitele Farhada Moshiriho, kter\u00fd jej odvol\u00e1vat nehodl\u00e1. I p\u0159esto, \u017ee se ve veden\u00ed shodli na pozoruhodn\u00e9m post\u0159ehu, \u017ee v\u00fdsledky se mus\u00ed zlep\u0161it.<\/p>\n<p>Bohu\u017eel dal\u0161\u00ed d\u016fvody k optimismu zat\u00edm nejsou. \u017d\u00e1dn\u00e1 posila na obzoru, vy\u0159azen\u00ed v poh\u00e1ru, fanou\u0161ci pl\u00e1nuj\u00ed protesty. Snad jen rychle uzdravuj\u00edc\u00ed Alex Iwobi m\u016f\u017ee st\u00e1t za zlep\u0161enou n\u00e1ladou. Bez n\u011bj toti\u017e Everton loni nevyhr\u00e1l ani jeden z\u00e1pas. Snad tedy zran\u011bn\u00ed v oblasti kotn\u00edku opravdu nen\u00ed v\u00e1\u017en\u00e9 a Nig\u00e9rijec bude moci odevzdat 100% v\u00fdkon.<\/p>\n<p>Na rozd\u00edl od n\u011bj si del\u0161\u00ed pauzu od z\u00e1pas\u016f vezme Nathan Patterson, Jimmy Garner d\u011bl\u00e1 pokroky, ale nebude do za\u010d\u00e1tku \u00fanora. Labut\u00ed p\u00edse\u0148 p\u011bje Andros Townsend zat\u00edm jen fyzioterapeut\u016fm, neuvid\u00edme ani Michaela Keane, jen\u017e \u0161et\u0159\u00ed bolav\u00e9 koleno.<\/p>\n<p>Super Frankie neprozradil, o \u010dem vedl soukrom\u00e9 rozhovory s\u00a0veden\u00edm, ale vyzdvihl spole\u010dn\u00e9ho bojov\u00e9 ducha ze z\u00e1pasu proti t\u00fdm\u016fm z\u00a0Manchesteru. Bylo to fajn, ale nutno \u0159\u00edct, \u017ee jsou tac\u00ed, co z\u00a0t\u011bchto soupe\u0159\u016f dok\u00e1zali yyml\u00e1tit v\u00edc.<\/p>\n<h4>Sv\u00edt\u00e1n\u00ed na jihu?<\/h4>\n<p>Nathan Jones od sv\u00e9ho n\u00e1stupu nedok\u00e1zal v\u00a0lize ze 4 mo\u017enost\u00ed je\u0161t\u011b bodovat. Na druhou stranu, v\u00a0poh\u00e1rech je to poh\u00e1dka. Dok\u00e1zali p\u0159ej\u00edt p\u0159es t\u0159etiligov\u00fd Lincoln, oto\u010dit z\u00e1pas proti Crystal Palace a doma vymlasknout City tak, \u017ee ob\u00e1van\u00fd t\u00fdm ani nevyst\u0159elil na br\u00e1nu. To u\u017e jednomu zvedne h\u0159eb\u00ednek.A \u017ee ani dom\u00e1c\u00ed fans nev\u011b\u0159ili a na St.Mary\u2019s z\u016fstalo toho ve\u010dera spousta m\u00edst pr\u00e1zdn\u00fdch.<\/p>\n<p>Nav\u00edc se poda\u0159ilo okysli\u010dit t\u00fdm 2 nov\u00fdmi posilami. Argentinsk\u00fd mlad\u00edk Carlos Alcaraz (nen\u00ed v p\u0159\u00edzni ani se \u0161pan\u011blsk\u00fdm tenistou, a bohu\u017eel ani s na\u0161\u00edm ex Antol\u00ednem) vyztu\u017e\u00ed z\u00e1lohu. Chorvatsk\u00fd snajpr Mislav Or\u0161i\u0107 z Dinama Zagrab u\u017e na chvilku nastoupil proti City. Je to tedy trochu n\u00e1plast na nemalou marodku, nastoupit dnes nebudou moct Armel Bella-Kotchap, Juan Larios, Valentino Livramento, Theo Walcott ani Alex McCarthy.<\/p>\n<h4>Bilance a zaj\u00edmavosti<\/h4>\n<p>Se slzou v\u00a0oku vzpom\u00edn\u00e1me na prvn\u00ed vz\u00e1jemn\u00fd duel v\u00a0sez\u00f3n\u011b. Na za\u010d\u00e1tku \u0159\u00edjna jsme vid\u011bli magick\u00fd obrat b\u011bhem dvou minut d\u00edky z\u00e1sah\u016fm Coadyho a McNeila. Ale zd\u00e1 se, \u017ee momentum jsme si na dlouho vybrali, proto\u017ee od t\u00e9 doby jsme v\u00a010 z\u00e1pasech vyhr\u00e1li u\u017e jen jednou. Tehdy jsme byli po z\u00e1pase 11., 3 body nad Sottonem. Rozd\u00edl se nezm\u011bnil, ale oba t\u00fdmy si propadli, co\u017e odnesl propu\u0161t\u011bn\u00edm Ralph Hassenh\u00fctl.<\/p>\n<p>Vz\u00e1jemn\u00e9 z\u00e1pasy v EPL vych\u00e1zej\u00ed l\u00e9pe pro Everton (21-12-14), ale lze \u0159\u00edct, \u017ee dom\u00e1c\u00ed prost\u0159ed\u00ed v tom hraje velkou roli. Everton zde dok\u00e1zal dr\u017eet Saints na uzd\u011b v\u00edce ne\u017e \u010dtvrt stolet\u00ed.<\/p>\n<p>P\u0159esto se v lize posledn\u00ed dobou por\u00e1\u017eky pro oba t\u00fdmy jen kup\u00ed, od n\u00e1stupu Franka Lamparda jich Toffees utrp\u011bli 19, Saints dokonce 21. Tak\u017ee nen\u00ed divu, \u017ee Everton v tomto atakuje nelibou \u0161\u0148\u016fru z pades\u00e1t\u00fdch let, host\u00e9 dokonce \u201eusiluj\u00ed\u201c o rekordn\u00ed sedmou ligovou prohru v \u0159ad\u011b.<\/p>\n<p>Lampard doma nedok\u00e1zal Southampton porazit ani jako mana\u017eer Chelsea, ani jako kou\u010d Derby. Nathana Jonese ale u\u017e porazit dok\u00e1zal, kdy\u017e Pensioners postoupili p\u0159es Luton v lednu 2021. Den na to dostal Frank pad\u00e1ka.<\/p>\n<p>Rok 2022 byl v mnoha ohledech pro Evertonians stra\u0161n\u00fd. Na Goodison Parku bylo mo\u017en\u00e9 sledovat 2 por\u00e1\u017eky s posledn\u00edm t\u00fdmem tabulky (Norwich v lednu, Wolves v prosinci). Na\u0161t\u011bst\u00ed je ten roku u\u017e minulost\u00ed.<\/p>\n<p>Nathan Jones p\u0159i p\u0159edz\u00e1pasov\u00fdch ot\u00e1zk\u00e1ch odp\u00e1lkoval provokativn\u00ed ot\u00e1zku ohledn\u011b odli\u0161n\u00fdch kari\u00e9rn\u00edch p\u0159\u00edle\u017eitostech oproti sv\u00e9mu dne\u0161n\u00edmu oponentovi a uvedl jen, \u017ee je na svou kari\u00e9ru py\u0161n\u00fd. M\u00e1 za sebou dobrou pr\u00e1ci v\u00a0ni\u017e\u0161\u00edch patrech anglick\u00e9ho fobalu, ale v\u00a0nejvy\u0161\u0161\u00ed lize zat\u00edm nebodoval. M\u016f\u017ee si dovolit i p\u00e1tou prohru v\u00a0\u0159ad\u011b, proto\u017ee hor\u0161\u00ed jsou je\u0161t\u011b 2 mana\u017ee\u0159i s\u00a0dostate\u010dn\u00fdm pol\u0161t\u00e1\u0159em.<\/p>\n<p>Douf\u00e1m, \u017ee jste si u\u017eili dne\u0161n\u00ed d\u00e1vku \u201eoptimismu\u201c a \u017ee ve\u010der budeme v\u0161ichni \u0161\u0165astn\u00ed. COYB!<\/p>\n<p><strong>Co<\/strong>: Everton FC \u2013 Southampton FC, 20. kolo Premier League<br \/>\n<strong>Kdy<\/strong>: sobota 14. ledna 2023 od 16:00 SE\u010c<br \/>\n<strong>Kde<\/strong>: Goodison Park &#8211; Goodison Road, Liverpool, L4 4EL (kapacita: 39 572)<br \/>\n<strong>TV<\/strong>: na Canal+ Sport4 od 16:00<br \/>\n<strong>Rozhod\u010d\u00ed<\/strong>: John Brooks\u00a0\u00a0<strong>Postrann\u00ed<\/strong>: Adam Nunn, James Mainwaring\u00a0\u00a0<strong>\u010ctvrt\u00fd rozhod\u010d\u00ed<\/strong>: Graham Scott<br \/>\n<strong>VAR<\/strong>:\u00a0Lee Mason\u00a0<strong>Asistent VAR<\/strong>: Stuart Burt<\/p>\n","protected":false},"excerpt":{"rendered":"<p>P\u0159ijm\u011bte pozv\u00e1n\u00ed na 20. kolo. Bude to kouzeln\u00e1 h\u016flka proti magick\u00e9mu pr\u00e1\u0161ku, nejkr\u00e1sn\u011bj\u0161\u00ed g\u00f3l proti nejlep\u0161\u00edmu z\u00e1kroku, 6 z\u00e1pas\u016f bez v\u00fdhry proti 6 prohr\u00e1m v\u00a0\u0159ad\u011b.<\/p>\n","protected":false},"author":10,"featured_media":14388,"comment_status":"open","ping_status":"closed","sticky":false,"template":"","format":"standard","meta":{"_eb_attr":"","_monsterinsights_skip_tracking":false,"_monsterinsights_sitenote_active":false,"_monsterinsights_sitenote_note":"","_monsterinsights_sitenote_category":0,"footnotes":""},"categories":[4],"tags":[],"yoast_head":"<!-- This site is optimized with the Yoast SEO plugin v23.4 - https:\/\/yoast.com\/wordpress\/plugins\/seo\/ -->\n<title>Preview: Everton - Southampton - Official Czech &amp; Slovak Everton Supporters&#039; Club<\/title>\n<meta name=\"robots\" content=\"index, follow, max-snippet:-1, max-image-preview:large, max-video-preview:-1\" \/>\n<link rel=\"canonical\" href=\"https:\/\/evertonfc.cz\/index.php\/2023\/01\/14\/preview-everton-southampton-9\/\" \/>\n<meta property=\"og:locale\" content=\"cs_CZ\" \/>\n<meta property=\"og:type\" content=\"article\" \/>\n<meta property=\"og:title\" content=\"Preview: Everton - Southampton - Official Czech &amp; Slovak Everton Supporters&#039; Club\" \/>\n<meta property=\"og:description\" content=\"P\u0159ijm\u011bte pozv\u00e1n\u00ed na 20. kolo. Bude to kouzeln\u00e1 h\u016flka proti magick\u00e9mu pr\u00e1\u0161ku, nejkr\u00e1sn\u011bj\u0161\u00ed g\u00f3l proti nejlep\u0161\u00edmu z\u00e1kroku, 6 z\u00e1pas\u016f bez v\u00fdhry proti 6 prohr\u00e1m v\u00a0\u0159ad\u011b.\" \/>\n<meta property=\"og:url\" content=\"https:\/\/evertonfc.cz\/index.php\/2023\/01\/14\/preview-everton-southampton-9\/\" \/>\n<meta property=\"og:site_name\" content=\"Official Czech &amp; Slovak Everton Supporters&#039; Club\" \/>\n<meta property=\"article:publisher\" content=\"https:\/\/www.facebook.com\/everton.fans.cz.sk\" \/>\n<meta property=\"article:published_time\" content=\"2023-01-14T12:15:39+00:00\" \/>\n<meta property=\"article:modified_time\" content=\"2023-01-14T13:00:15+00:00\" \/>\n<meta property=\"og:image\" content=\"https:\/\/evertonfc.cz\/wp-content\/uploads\/2021\/03\/Everton-VS-Southampton.png\" \/>\n\t<meta property=\"og:image:width\" content=\"720\" \/>\n\t<meta property=\"og:image:height\" content=\"405\" \/>\n\t<meta property=\"og:image:type\" content=\"image\/png\" \/>\n<meta name=\"author\" content=\"Fip\" \/>\n<meta name=\"twitter:card\" content=\"summary_large_image\" \/>\n<meta name=\"twitter:label1\" content=\"Napsal(a)\" \/>\n\t<meta name=\"twitter:data1\" content=\"Fip\" \/>\n\t<meta name=\"twitter:label2\" content=\"Odhadovan\u00e1 doba \u010dten\u00ed\" \/>\n\t<meta name=\"twitter:data2\" content=\"5 minut\" \/>\n<script type=\"application\/ld+json\" class=\"yoast-schema-graph\">{\"@context\":\"https:\/\/schema.org\",\"@graph\":[{\"@type\":\"Article\",\"@id\":\"https:\/\/evertonfc.cz\/index.php\/2023\/01\/14\/preview-everton-southampton-9\/#article\",\"isPartOf\":{\"@id\":\"https:\/\/evertonfc.cz\/index.php\/2023\/01\/14\/preview-everton-southampton-9\/\"},\"author\":{\"name\":\"Fip\",\"@id\":\"https:\/\/evertonfc.cz\/#\/schema\/person\/35904009755e8eaa0dc1a5f5f0419002\"},\"headline\":\"Preview: Everton &#8211; Southampton\",\"datePublished\":\"2023-01-14T12:15:39+00:00\",\"dateModified\":\"2023-01-14T13:00:15+00:00\",\"mainEntityOfPage\":{\"@id\":\"https:\/\/evertonfc.cz\/index.php\/2023\/01\/14\/preview-everton-southampton-9\/\"},\"wordCount\":989,\"commentCount\":10,\"publisher\":{\"@id\":\"https:\/\/evertonfc.cz\/#organization\"},\"image\":{\"@id\":\"https:\/\/evertonfc.cz\/index.php\/2023\/01\/14\/preview-everton-southampton-9\/#primaryimage\"},\"thumbnailUrl\":\"https:\/\/evertonfc.cz\/wp-content\/uploads\/2021\/03\/Everton-VS-Southampton.png\",\"articleSection\":[\"Z\u00e1pasy\"],\"inLanguage\":\"cs\",\"potentialAction\":[{\"@type\":\"CommentAction\",\"name\":\"Comment\",\"target\":[\"https:\/\/evertonfc.cz\/index.php\/2023\/01\/14\/preview-everton-southampton-9\/#respond\"]}]},{\"@type\":\"WebPage\",\"@id\":\"https:\/\/evertonfc.cz\/index.php\/2023\/01\/14\/preview-everton-southampton-9\/\",\"url\":\"https:\/\/evertonfc.cz\/index.php\/2023\/01\/14\/preview-everton-southampton-9\/\",\"name\":\"Preview: Everton - Southampton - Official Czech &amp; Slovak Everton Supporters&#039; Club\",\"isPartOf\":{\"@id\":\"https:\/\/evertonfc.cz\/#website\"},\"primaryImageOfPage\":{\"@id\":\"https:\/\/evertonfc.cz\/index.php\/2023\/01\/14\/preview-everton-southampton-9\/#primaryimage\"},\"image\":{\"@id\":\"https:\/\/evertonfc.cz\/index.php\/2023\/01\/14\/preview-everton-southampton-9\/#primaryimage\"},\"thumbnailUrl\":\"https:\/\/evertonfc.cz\/wp-content\/uploads\/2021\/03\/Everton-VS-Southampton.png\",\"datePublished\":\"2023-01-14T12:15:39+00:00\",\"dateModified\":\"2023-01-14T13:00:15+00:00\",\"breadcrumb\":{\"@id\":\"https:\/\/evertonfc.cz\/index.php\/2023\/01\/14\/preview-everton-southampton-9\/#breadcrumb\"},\"inLanguage\":\"cs\",\"potentialAction\":[{\"@type\":\"ReadAction\",\"target\":[\"https:\/\/evertonfc.cz\/index.php\/2023\/01\/14\/preview-everton-southampton-9\/\"]}]},{\"@type\":\"ImageObject\",\"inLanguage\":\"cs\",\"@id\":\"https:\/\/evertonfc.cz\/index.php\/2023\/01\/14\/preview-everton-southampton-9\/#primaryimage\",\"url\":\"https:\/\/evertonfc.cz\/wp-content\/uploads\/2021\/03\/Everton-VS-Southampton.png\",\"contentUrl\":\"https:\/\/evertonfc.cz\/wp-content\/uploads\/2021\/03\/Everton-VS-Southampton.png\",\"width\":720,\"height\":405},{\"@type\":\"BreadcrumbList\",\"@id\":\"https:\/\/evertonfc.cz\/index.php\/2023\/01\/14\/preview-everton-southampton-9\/#breadcrumb\",\"itemListElement\":[{\"@type\":\"ListItem\",\"position\":1,\"name\":\"Home\",\"item\":\"https:\/\/evertonfc.cz\/\"},{\"@type\":\"ListItem\",\"position\":2,\"name\":\"Preview: Everton &#8211; Southampton\"}]},{\"@type\":\"WebSite\",\"@id\":\"https:\/\/evertonfc.cz\/#website\",\"url\":\"https:\/\/evertonfc.cz\/\",\"name\":\"Official Czech &amp; Slovak Everton Supporters&#039; Club\",\"description\":\"\",\"publisher\":{\"@id\":\"https:\/\/evertonfc.cz\/#organization\"},\"potentialAction\":[{\"@type\":\"SearchAction\",\"target\":{\"@type\":\"EntryPoint\",\"urlTemplate\":\"https:\/\/evertonfc.cz\/?s={search_term_string}\"},\"query-input\":{\"@type\":\"PropertyValueSpecification\",\"valueRequired\":true,\"valueName\":\"search_term_string\"}}],\"inLanguage\":\"cs\"},{\"@type\":\"Organization\",\"@id\":\"https:\/\/evertonfc.cz\/#organization\",\"name\":\"Official Czech & Slovak Everton Supporters' Club\",\"url\":\"https:\/\/evertonfc.cz\/\",\"logo\":{\"@type\":\"ImageObject\",\"inLanguage\":\"cs\",\"@id\":\"https:\/\/evertonfc.cz\/#\/schema\/logo\/image\/\",\"url\":\"https:\/\/evertonfc.cz\/wp-content\/uploads\/2019\/05\/logo.png\",\"contentUrl\":\"https:\/\/evertonfc.cz\/wp-content\/uploads\/2019\/05\/logo.png\",\"width\":112,\"height\":112,\"caption\":\"Official Czech & Slovak Everton Supporters' Club\"},\"image\":{\"@id\":\"https:\/\/evertonfc.cz\/#\/schema\/logo\/image\/\"},\"sameAs\":[\"https:\/\/www.facebook.com\/everton.fans.cz.sk\"]},{\"@type\":\"Person\",\"@id\":\"https:\/\/evertonfc.cz\/#\/schema\/person\/35904009755e8eaa0dc1a5f5f0419002\",\"name\":\"Fip\",\"url\":\"https:\/\/evertonfc.cz\/index.php\/author\/fip\/\"}]}<\/script>\n<!-- \/ Yoast SEO plugin. -->","yoast_head_json":{"title":"Preview: Everton - Southampton - Official Czech &amp; Slovak Everton Supporters&#039; Club","robots":{"index":"index","follow":"follow","max-snippet":"max-snippet:-1","max-image-preview":"max-image-preview:large","max-video-preview":"max-video-preview:-1"},"canonical":"https:\/\/evertonfc.cz\/index.php\/2023\/01\/14\/preview-everton-southampton-9\/","og_locale":"cs_CZ","og_type":"article","og_title":"Preview: Everton - Southampton - Official Czech &amp; Slovak Everton Supporters&#039; Club","og_description":"P\u0159ijm\u011bte pozv\u00e1n\u00ed na 20. kolo. Bude to kouzeln\u00e1 h\u016flka proti magick\u00e9mu pr\u00e1\u0161ku, nejkr\u00e1sn\u011bj\u0161\u00ed g\u00f3l proti nejlep\u0161\u00edmu z\u00e1kroku, 6 z\u00e1pas\u016f bez v\u00fdhry proti 6 prohr\u00e1m v\u00a0\u0159ad\u011b.","og_url":"https:\/\/evertonfc.cz\/index.php\/2023\/01\/14\/preview-everton-southampton-9\/","og_site_name":"Official Czech &amp; Slovak Everton Supporters&#039; Club","article_publisher":"https:\/\/www.facebook.com\/everton.fans.cz.sk","article_published_time":"2023-01-14T12:15:39+00:00","article_modified_time":"2023-01-14T13:00:15+00:00","og_image":[{"width":720,"height":405,"url":"https:\/\/evertonfc.cz\/wp-content\/uploads\/2021\/03\/Everton-VS-Southampton.png","type":"image\/png"}],"author":"Fip","twitter_card":"summary_large_image","twitter_misc":{"Napsal(a)":"Fip","Odhadovan\u00e1 doba \u010dten\u00ed":"5 minut"},"schema":{"@context":"https:\/\/schema.org","@graph":[{"@type":"Article","@id":"https:\/\/evertonfc.cz\/index.php\/2023\/01\/14\/preview-everton-southampton-9\/#article","isPartOf":{"@id":"https:\/\/evertonfc.cz\/index.php\/2023\/01\/14\/preview-everton-southampton-9\/"},"author":{"name":"Fip","@id":"https:\/\/evertonfc.cz\/#\/schema\/person\/35904009755e8eaa0dc1a5f5f0419002"},"headline":"Preview: Everton &#8211; Southampton","datePublished":"2023-01-14T12:15:39+00:00","dateModified":"2023-01-14T13:00:15+00:00","mainEntityOfPage":{"@id":"https:\/\/evertonfc.cz\/index.php\/2023\/01\/14\/preview-everton-southampton-9\/"},"wordCount":989,"commentCount":10,"publisher":{"@id":"https:\/\/evertonfc.cz\/#organization"},"image":{"@id":"https:\/\/evertonfc.cz\/index.php\/2023\/01\/14\/preview-everton-southampton-9\/#primaryimage"},"thumbnailUrl":"https:\/\/evertonfc.cz\/wp-content\/uploads\/2021\/03\/Everton-VS-Southampton.png","articleSection":["Z\u00e1pasy"],"inLanguage":"cs","potentialAction":[{"@type":"CommentAction","name":"Comment","target":["https:\/\/evertonfc.cz\/index.php\/2023\/01\/14\/preview-everton-southampton-9\/#respond"]}]},{"@type":"WebPage","@id":"https:\/\/evertonfc.cz\/index.php\/2023\/01\/14\/preview-everton-southampton-9\/","url":"https:\/\/evertonfc.cz\/index.php\/2023\/01\/14\/preview-everton-southampton-9\/","name":"Preview: Everton - Southampton - Official Czech &amp; Slovak Everton Supporters&#039; Club","isPartOf":{"@id":"https:\/\/evertonfc.cz\/#website"},"primaryImageOfPage":{"@id":"https:\/\/evertonfc.cz\/index.php\/2023\/01\/14\/preview-everton-southampton-9\/#primaryimage"},"image":{"@id":"https:\/\/evertonfc.cz\/index.php\/2023\/01\/14\/preview-everton-southampton-9\/#primaryimage"},"thumbnailUrl":"https:\/\/evertonfc.cz\/wp-content\/uploads\/2021\/03\/Everton-VS-Southampton.png","datePublished":"2023-01-14T12:15:39+00:00","dateModified":"2023-01-14T13:00:15+00:00","breadcrumb":{"@id":"https:\/\/evertonfc.cz\/index.php\/2023\/01\/14\/preview-everton-southampton-9\/#breadcrumb"},"inLanguage":"cs","potentialAction":[{"@type":"ReadAction","target":["https:\/\/evertonfc.cz\/index.php\/2023\/01\/14\/preview-everton-southampton-9\/"]}]},{"@type":"ImageObject","inLanguage":"cs","@id":"https:\/\/evertonfc.cz\/index.php\/2023\/01\/14\/preview-everton-southampton-9\/#primaryimage","url":"https:\/\/evertonfc.cz\/wp-content\/uploads\/2021\/03\/Everton-VS-Southampton.png","contentUrl":"https:\/\/evertonfc.cz\/wp-content\/uploads\/2021\/03\/Everton-VS-Southampton.png","width":720,"height":405},{"@type":"BreadcrumbList","@id":"https:\/\/evertonfc.cz\/index.php\/2023\/01\/14\/preview-everton-southampton-9\/#breadcrumb","itemListElement":[{"@type":"ListItem","position":1,"name":"Home","item":"https:\/\/evertonfc.cz\/"},{"@type":"ListItem","position":2,"name":"Preview: Everton &#8211; Southampton"}]},{"@type":"WebSite","@id":"https:\/\/evertonfc.cz\/#website","url":"https:\/\/evertonfc.cz\/","name":"Official Czech &amp; Slovak Everton Supporters&#039; Club","description":"","publisher":{"@id":"https:\/\/evertonfc.cz\/#organization"},"potentialAction":[{"@type":"SearchAction","target":{"@type":"EntryPoint","urlTemplate":"https:\/\/evertonfc.cz\/?s={search_term_string}"},"query-input":{"@type":"PropertyValueSpecification","valueRequired":true,"valueName":"search_term_string"}}],"inLanguage":"cs"},{"@type":"Organization","@id":"https:\/\/evertonfc.cz\/#organization","name":"Official Czech & Slovak Everton Supporters' Club","url":"https:\/\/evertonfc.cz\/","logo":{"@type":"ImageObject","inLanguage":"cs","@id":"https:\/\/evertonfc.cz\/#\/schema\/logo\/image\/","url":"https:\/\/evertonfc.cz\/wp-content\/uploads\/2019\/05\/logo.png","contentUrl":"https:\/\/evertonfc.cz\/wp-content\/uploads\/2019\/05\/logo.png","width":112,"height":112,"caption":"Official Czech & Slovak Everton Supporters' Club"},"image":{"@id":"https:\/\/evertonfc.cz\/#\/schema\/logo\/image\/"},"sameAs":["https:\/\/www.facebook.com\/everton.fans.cz.sk"]},{"@type":"Person","@id":"https:\/\/evertonfc.cz\/#\/schema\/person\/35904009755e8eaa0dc1a5f5f0419002","name":"Fip","url":"https:\/\/evertonfc.cz\/index.php\/author\/fip\/"}]}},"_links":{"self":[{"href":"https:\/\/evertonfc.cz\/index.php\/wp-json\/wp\/v2\/posts\/20698"}],"collection":[{"href":"https:\/\/evertonfc.cz\/index.php\/wp-json\/wp\/v2\/posts"}],"about":[{"href":"https:\/\/evertonfc.cz\/index.php\/wp-json\/wp\/v2\/types\/post"}],"author":[{"embeddable":true,"href":"https:\/\/evertonfc.cz\/index.php\/wp-json\/wp\/v2\/users\/10"}],"replies":[{"embeddable":true,"href":"https:\/\/evertonfc.cz\/index.php\/wp-json\/wp\/v2\/comments?post=20698"}],"version-history":[{"count":4,"href":"https:\/\/evertonfc.cz\/index.php\/wp-json\/wp\/v2\/posts\/20698\/revisions"}],"predecessor-version":[{"id":20703,"href":"https:\/\/evertonfc.cz\/index.php\/wp-json\/wp\/v2\/posts\/20698\/revisions\/20703"}],"wp:featuredmedia":[{"embeddable":true,"href":"https:\/\/evertonfc.cz\/index.php\/wp-json\/wp\/v2\/media\/14388"}],"wp:attachment":[{"href":"https:\/\/evertonfc.cz\/index.php\/wp-json\/wp\/v2\/media?parent=20698"}],"wp:term":[{"taxonomy":"category","embeddable":true,"href":"https:\/\/evertonfc.cz\/index.php\/wp-json\/wp\/v2\/categories?post=20698"},{"taxonomy":"post_tag","embeddable":true,"href":"https:\/\/evertonfc.cz\/index.php\/wp-json\/wp\/v2\/tags?post=20698"}],"curies":[{"name":"wp","href":"https:\/\/api.w.org\/{rel}","templated":true}]}}