{"id":20725,"date":"2023-01-15T16:43:18","date_gmt":"2023-01-15T15:43:18","guid":{"rendered":"https:\/\/evertonfc.cz\/?p=20725"},"modified":"2023-01-16T18:33:04","modified_gmt":"2023-01-16T17:33:04","slug":"everton-w-reading-w-32","status":"publish","type":"post","link":"https:\/\/evertonfc.cz\/index.php\/2023\/01\/15\/everton-w-reading-w-32\/","title":{"rendered":"Everton W &#8211; Reading W 3:2"},"content":{"rendered":"<h4>Po dlouh\u00e9 pauze op\u011bt o\u017eil Walton Hall Park modr\u00fdm hem\u017een\u00edm. Oproti posledn\u00edmu lo\u0148sk\u00e9mu p\u0159edstaven\u00ed dnes nastoupila nov\u00e1 jm\u00e9na, i kdy\u017e ne tak \u00fapln\u011b nov\u00e9 tv\u00e1\u0159e.<\/h4>\n<p>Do z\u00e1pasu byla nominov\u00e1na pan\u00ed Hope a ke Karen Holmgaard byla zp\u011bt na Merseyside sta\u017eena z hostov\u00e1n\u00ed jej\u00ed dvoj\u010de Sara. V z\u00e1pase \u0161lo o dost: krom\u011b bodov\u00e9ho zisku a p\u0159\u00edpadn\u00e9ho posunu v tabulce (nejl\u00e9pe sm\u011brem vzh\u016fru) zde byla i mo\u017enost trochu zcelit rozervan\u00e1 srdce Evertonians krut\u011b devastovan\u00e1 v\u00fdkony mu\u017esk\u00e9ho t\u00fdmu.<\/p>\n<h4>Prvn\u00ed polo\u010das<\/h4>\n<p>za\u010dal pro na\u0161e barvy ide\u00e1ln\u011b: v 9. minut\u011b dok\u00e1zala Snoeijs vyu\u017e\u00edt st\u0159\u00edlen\u00fd centr George a zav\u011bsila n\u00e1\u0161 prvn\u00ed g\u00f3l v roce 2023 &#8211; <strong>1:0<\/strong>. Dle statistik\u016f z BBC \u0161lo o dobr\u00e9 znamen\u00ed, proto\u017ee v posledn\u00edch p\u011bti z\u00e1pasech, kdy jsme vst\u0159elili prvn\u00ed g\u00f3l jsme nakonec neprohr\u00e1li (Reading zase dr\u017e\u00ed rekord WSL se 17 g\u00f3ly obdr\u017een\u00fdmi v prvn\u00ed p\u016fli z 11 z\u00e1pas\u016f).\u00a0 Reading pot\u00e9 zv\u00fd\u0161il tempo a p\u0159itvrdil, ale hru jsme i tak m\u011bli celkem pod kontrolou.\u00a0 V\u011bt\u0161ina na\u0161ich akc\u00ed \u0161la p\u0159es Bennison s Park, p\u0159\u00edpadn\u011b p\u0159es na\u0161\u00ed pravou stranu.\u00a0 Ve 32. minut\u011b zv\u00fd\u0161ila Park na <strong>2:0 <\/strong>po p\u0159i\u0165uknut\u00ed S\u00f8rensen a n\u00e1sledn\u00e9m samostatn\u00e9m driblingu. St\u0159ela Bennison ze 40 minuty nepostr\u00e1dala razanci, ale byla lapena. Hust\u00fd d\u00e9\u0161\u0165 v pr\u016fb\u011bhu cel\u00e9ho polo\u010dasu zt\u011b\u017eoval hru ob\u011bma t\u00fdm\u016fm (a tak\u00e9 i sledov\u00e1n\u00ed z\u00e1pasu pro \u010detn\u00e9 kapky na objektivu kamery a ob\u010dasn\u00fd hadr p\u0159es celou obrazovku). Polo\u010dasov\u00e1 pauza tak byla pro hr\u00e1\u010dky jist\u011b nad m\u00edru v\u00edtan\u00e1.<\/p>\n<h4>Druh\u00fd polo\u010das<\/h4>\n<p>Po zm\u011bn\u011b stran a v\u00fdrazn\u00e9m zlep\u0161en\u00ed po\u010das\u00ed jsme za\u010dali mo\u017en\u00e1 a\u017e moc lehkov\u00e1\u017en\u011b a\u00a0 Justine <span class=\"sp-c-lineup-pitch__player\" data-reactid=\".iidmt5kp4s.0.0.0.1.$include-1.0.0.1:$panel-0.$0.0.0.1.2.0.0.1:$away-formation-row-1.$away-player-2\"><span class=\"sp-c-lineup-pitch__player__name gs-u-display-block@xs \" data-reactid=\".iidmt5kp4s.0.0.0.1.$include-1.0.0.1:$panel-0.$0.0.0.1.2.0.0.1:$away-formation-row-1.$away-player-2.1\">Vanhaevermaet n\u00e1s v 60. minut\u011b po rohu potrestala sn\u00ed\u017een\u00edm na <strong>2:1<\/strong>. Na\u0161t\u011bst\u00ed na\u0161e odpov\u011b\u010f byla rychl\u00e1 a nad m\u00edru efektn\u00ed: pumelice Gabby George ze 61. minuty zpoza v\u00e1pna byla v\u00fdstavn\u00ed a zajistila n\u00e1m op\u011bt odskok o dv\u011b branky &#8211; <strong>3:1<\/strong>. Bohu\u017eel na\u0161e radost nem\u011bla dlouh\u00e9ho trv\u00e1n\u00ed. V 68. minut\u011b jsme nedok\u00e1zali uklidit po p\u0159\u00edm\u00e9m kopu m\u00ed\u010d do bezpe\u010d\u00ed a Deanna Cooper sn\u00ed\u017eila na <strong>3:2<\/strong>. Ofsajd jsme si n\u00e1rokovali marn\u011b. A v z\u00e1p\u011bt\u00ed mohlo b\u00fdt srovn\u00e1no, kdy\u017e st\u0159\u00eddaj\u00edc\u00ed Welling ve dvou dobr\u00fdch p\u0159\u00edle\u017eitostech nevyzr\u00e1la na Ramsey. Pouze v\u00fdborn\u00fd v\u00fdkon na\u0161\u00ed brank\u00e1\u0159ky zabr\u00e1nil vyrovn\u00e1n\u00ed. V 83. minut\u011b mohllo b\u00fdt na\u0161e veden\u00ed op\u011bt zabezpe\u010den\u00e9, ale Snoeijs hlavi\u010dkovala mimo. Sara Holmgaard si mohla p\u0159ipsat premi\u00e9rou asistenci o chv\u00edli pozd\u011bji, ale Bennison ve skluzu na jej\u00ed centr \u017eel nedos\u00e1hla. V\u00edce ne\u017e p\u011btiminutov\u00e9 prodlou\u017een\u00ed, ve kter\u00e9m Christiansen zkou\u0161ela nachytat na hru\u0161k\u00e1ch daleko vyb\u011bhnuv\u0161\u00ed Burns u\u017e na sk\u00f3re nic nezm\u011bnilo.<\/span><\/span><\/p>\n<h4><strong>Shrnut\u00ed<\/strong><\/h4>\n<p>Pro nezaujat\u00e9ho div\u00e1ka z\u00e1bavn\u00fd vyrovnan\u00fd z\u00e1pas, pro Evertonians celkem dramatick\u00e1 uk\u00e1zka na\u0161\u00ed sn\u00ed\u017een\u00e9 schopnsti br\u00e1nit standardn\u00ed situace. Mo\u017en\u00e1, \u017ee <span class=\"sp-c-lineup-pitch__player\" data-reactid=\".iidmt5kp4s.0.0.0.1.$include-1.0.0.1:$panel-0.$0.0.0.0.2.0.0.1:$home-formation-row-1.$home-player-2\"><span class=\"sp-c-lineup-pitch__player__name gs-u-display-block@xs \" data-reactid=\".iidmt5kp4s.0.0.0.1.$include-1.0.0.1:$panel-0.$0.0.0.0.2.0.0.1:$home-formation-row-1.$home-player-2.1\">S\u00f8rensen litoval, \u017ee st\u00e1hl ze hry Geroge a S\u00f8rensen p\u0159\u00edli\u0161 brzy, jejich p\u00edle mysl\u00edm chyb\u011bla. Na druhou stranu u\u017e toho na mokr\u00e9m tr\u00e1vn\u00edku asi musely m\u00edt ob\u011b celkem dost. A Ramsey bychom se m\u011bli pokusit podepsat co nejrychleji, ne\u017e n\u00e1m j\u00ed n\u011bkdo vyfoukne. V\u00edt\u011bzstv\u00ed na \u00favod roku pot\u011b\u0161ilo, t\u00edm sp\u00ed\u0161e, \u017ee n\u00e1s posouv\u00e1 na 5. m\u00edsto s 15 body. <strong><span style=\"color: #0000ff;\">COYB!<\/span><\/strong><\/span><\/span><\/p>\n<p style=\"text-align: right;\"><span style=\"font-size: 8pt;\"><em>Fotografie: Oslava (zdroj bbc.co.uk)<\/em><\/span><\/p>\n<p><strong>Statistiky:<\/strong> Dr\u017een\u00ed m\u00ed\u010de: 50%:50% St\u0159ely 15:14 (na br\u00e1nu 5:5)<\/p>\n<p><strong>Branky:<\/strong> Snoeijs (9\u00b4) , Park (32\u00b4), George (62\u00b4) &#8211; <span class=\"sp-c-lineup-pitch__player\" data-reactid=\".iidmt5kp4s.0.0.0.1.$include-1.0.0.1:$panel-0.$0.0.0.1.2.0.0.1:$away-formation-row-1.$away-player-2\"><span class=\"sp-c-lineup-pitch__player__name gs-u-display-block@xs \" data-reactid=\".iidmt5kp4s.0.0.0.1.$include-1.0.0.1:$panel-0.$0.0.0.1.2.0.0.1:$away-formation-row-1.$away-player-2.1\">Vanhaevermaet (60\u00b4), Cooper (68\u00b4)<\/span><\/span><\/p>\n<p><strong>\u017dK: <\/strong>Eikeland<\/p>\n<p><strong>Everton (3-4-3): <\/strong>Ramsey; <span class=\"sp-c-lineup-pitch__player\" data-reactid=\".iidmt5kp4s.0.0.0.1.$include-1.0.0.1:$panel-0.$0.0.0.0.2.0.0.1:$home-formation-row-1.$home-player-0\"><span class=\"sp-c-lineup-pitch__player__name gs-u-display-block@xs \" data-reactid=\".iidmt5kp4s.0.0.0.1.$include-1.0.0.1:$panel-0.$0.0.0.0.2.0.0.1:$home-formation-row-1.$home-player-0.1\">Bj\u00f6rn (Finnigan 45\u00b4), <\/span><\/span><span class=\"sp-c-lineup-pitch__player\" data-reactid=\".iidmt5kp4s.0.0.0.1.$include-1.0.0.1:$panel-0.$0.0.0.0.2.0.0.1:$home-formation-row-1.$home-player-1\"><span class=\"sp-c-lineup-pitch__player__name gs-u-display-block@xs \" data-reactid=\".iidmt5kp4s.0.0.0.1.$include-1.0.0.1:$panel-0.$0.0.0.0.2.0.0.1:$home-formation-row-1.$home-player-1.1\">Sevecke,\u00a0 K. <\/span><\/span><span class=\"sp-c-lineup-pitch__player\" data-reactid=\".iidmt5kp4s.0.0.0.1.$include-1.0.0.1:$panel-0.$0.0.0.0.2.0.0.1:$home-formation-row-1.$home-player-2\"><span class=\"sp-c-lineup-pitch__player__name gs-u-display-block@xs \" data-reactid=\".iidmt5kp4s.0.0.0.1.$include-1.0.0.1:$panel-0.$0.0.0.0.2.0.0.1:$home-formation-row-1.$home-player-2.1\">Holmgaard; Hope, Bennison (Christiansen 87\u00b4), Galli (Wheeler 87\u00b4), George (S. Holmgaard 64\u00b4); S\u00f8rensen (Beever-jones 63\u00b4), Snoeijs, Park<\/span><\/span><\/p>\n<p><strong>Reading (3-5-2): <\/strong>Burns; <span class=\"sp-c-lineup-pitch__player\" data-reactid=\".iidmt5kp4s.0.0.0.1.$include-1.0.0.1:$panel-0.$0.0.0.1.2.0.0.1:$away-formation-row-1.$away-player-0\"><span class=\"sp-c-lineup-pitch__player__name gs-u-display-block@xs \" data-reactid=\".iidmt5kp4s.0.0.0.1.$include-1.0.0.1:$panel-0.$0.0.0.1.2.0.0.1:$away-formation-row-1.$away-player-0.1\">Bryson, <\/span><\/span><span class=\"sp-c-lineup-pitch__player\" data-reactid=\".iidmt5kp4s.0.0.0.1.$include-1.0.0.1:$panel-0.$0.0.0.1.2.0.0.1:$away-formation-row-1.$away-player-1\"><span class=\"sp-c-lineup-pitch__player__name gs-u-display-block@xs \" data-reactid=\".iidmt5kp4s.0.0.0.1.$include-1.0.0.1:$panel-0.$0.0.0.1.2.0.0.1:$away-formation-row-1.$away-player-1.1\">Cooper, <\/span><\/span><span class=\"sp-c-lineup-pitch__player\" data-reactid=\".iidmt5kp4s.0.0.0.1.$include-1.0.0.1:$panel-0.$0.0.0.1.2.0.0.1:$away-formation-row-1.$away-player-2\"><span class=\"sp-c-lineup-pitch__player__name gs-u-display-block@xs \" data-reactid=\".iidmt5kp4s.0.0.0.1.$include-1.0.0.1:$panel-0.$0.0.0.1.2.0.0.1:$away-formation-row-1.$away-player-2.1\">Evans; Eikeland, Vanhaevermaet, Troelsgaard, Dowie, Mukandi; Wade (Wellings 65\u00b4), Harries<\/span><\/span><\/p>\n<p><strong>Rozhod\u010d\u00ed:<\/strong> Tom Reeves<\/p>\n<p><iframe loading=\"lazy\" title=\"Everton 3-2 Reading | Barclays Women&#039;s Super League | 2022-2023 | HIGHLIGHTS\" width=\"1140\" height=\"855\" src=\"https:\/\/www.youtube.com\/embed\/JUEm5G5kdw8?feature=oembed\" frameborder=\"0\" allow=\"accelerometer; autoplay; clipboard-write; encrypted-media; gyroscope; picture-in-picture; web-share\" allowfullscreen><\/iframe><\/p>\n","protected":false},"excerpt":{"rendered":"<p>Po dlouh\u00e9 pauze op\u011bt o\u017eil Walton Hall Park modr\u00fdm hem\u017een\u00edm. Oproti posledn\u00edmu lo\u0148sk\u00e9mu p\u0159edstaven\u00ed dnes nastoupila nov\u00e1 jm\u00e9na, i kdy\u017e ne tak \u00fapln\u011b nov\u00e9 tv\u00e1\u0159e.<\/p>\n","protected":false},"author":26,"featured_media":20742,"comment_status":"open","ping_status":"closed","sticky":false,"template":"","format":"standard","meta":{"_eb_attr":"","_monsterinsights_skip_tracking":false,"_monsterinsights_sitenote_active":false,"_monsterinsights_sitenote_note":"","_monsterinsights_sitenote_category":0,"footnotes":""},"categories":[110],"tags":[],"yoast_head":"<!-- This site is optimized with the Yoast SEO plugin v23.4 - https:\/\/yoast.com\/wordpress\/plugins\/seo\/ -->\n<title>Everton W - Reading W 3:2 - Official Czech &amp; Slovak Everton Supporters&#039; Club<\/title>\n<meta name=\"robots\" content=\"index, follow, max-snippet:-1, max-image-preview:large, max-video-preview:-1\" \/>\n<link rel=\"canonical\" href=\"https:\/\/evertonfc.cz\/index.php\/2023\/01\/15\/everton-w-reading-w-32\/\" \/>\n<meta property=\"og:locale\" content=\"cs_CZ\" \/>\n<meta property=\"og:type\" content=\"article\" \/>\n<meta property=\"og:title\" content=\"Everton W - Reading W 3:2 - Official Czech &amp; Slovak Everton Supporters&#039; Club\" \/>\n<meta property=\"og:description\" content=\"Po dlouh\u00e9 pauze op\u011bt o\u017eil Walton Hall Park modr\u00fdm hem\u017een\u00edm. Oproti posledn\u00edmu lo\u0148sk\u00e9mu p\u0159edstaven\u00ed dnes nastoupila nov\u00e1 jm\u00e9na, i kdy\u017e ne tak \u00fapln\u011b nov\u00e9 tv\u00e1\u0159e.\" \/>\n<meta property=\"og:url\" content=\"https:\/\/evertonfc.cz\/index.php\/2023\/01\/15\/everton-w-reading-w-32\/\" \/>\n<meta property=\"og:site_name\" content=\"Official Czech &amp; Slovak Everton Supporters&#039; Club\" \/>\n<meta property=\"article:publisher\" content=\"https:\/\/www.facebook.com\/everton.fans.cz.sk\" \/>\n<meta property=\"article:published_time\" content=\"2023-01-15T15:43:18+00:00\" \/>\n<meta property=\"article:modified_time\" content=\"2023-01-16T17:33:04+00:00\" \/>\n<meta property=\"og:image\" content=\"https:\/\/evertonfc.cz\/wp-content\/uploads\/2023\/01\/Everton_-Reading_15_01_2023-web.jpg\" \/>\n\t<meta property=\"og:image:width\" content=\"720\" \/>\n\t<meta property=\"og:image:height\" content=\"405\" \/>\n\t<meta property=\"og:image:type\" content=\"image\/jpeg\" \/>\n<meta name=\"author\" content=\"Karamela\" \/>\n<meta name=\"twitter:card\" content=\"summary_large_image\" \/>\n<meta name=\"twitter:label1\" content=\"Napsal(a)\" \/>\n\t<meta name=\"twitter:data1\" content=\"Karamela\" \/>\n\t<meta name=\"twitter:label2\" content=\"Odhadovan\u00e1 doba \u010dten\u00ed\" \/>\n\t<meta name=\"twitter:data2\" content=\"3 minuty\" \/>\n<script type=\"application\/ld+json\" class=\"yoast-schema-graph\">{\"@context\":\"https:\/\/schema.org\",\"@graph\":[{\"@type\":\"Article\",\"@id\":\"https:\/\/evertonfc.cz\/index.php\/2023\/01\/15\/everton-w-reading-w-32\/#article\",\"isPartOf\":{\"@id\":\"https:\/\/evertonfc.cz\/index.php\/2023\/01\/15\/everton-w-reading-w-32\/\"},\"author\":{\"name\":\"Karamela\",\"@id\":\"https:\/\/evertonfc.cz\/#\/schema\/person\/e9a24a80a32efa1344dd2c4e5882185c\"},\"headline\":\"Everton W &#8211; Reading W 3:2\",\"datePublished\":\"2023-01-15T15:43:18+00:00\",\"dateModified\":\"2023-01-16T17:33:04+00:00\",\"mainEntityOfPage\":{\"@id\":\"https:\/\/evertonfc.cz\/index.php\/2023\/01\/15\/everton-w-reading-w-32\/\"},\"wordCount\":707,\"commentCount\":0,\"publisher\":{\"@id\":\"https:\/\/evertonfc.cz\/#organization\"},\"image\":{\"@id\":\"https:\/\/evertonfc.cz\/index.php\/2023\/01\/15\/everton-w-reading-w-32\/#primaryimage\"},\"thumbnailUrl\":\"https:\/\/evertonfc.cz\/wp-content\/uploads\/2023\/01\/Everton_-Reading_15_01_2023-web.jpg\",\"articleSection\":[\"Everton Women\"],\"inLanguage\":\"cs\",\"potentialAction\":[{\"@type\":\"CommentAction\",\"name\":\"Comment\",\"target\":[\"https:\/\/evertonfc.cz\/index.php\/2023\/01\/15\/everton-w-reading-w-32\/#respond\"]}]},{\"@type\":\"WebPage\",\"@id\":\"https:\/\/evertonfc.cz\/index.php\/2023\/01\/15\/everton-w-reading-w-32\/\",\"url\":\"https:\/\/evertonfc.cz\/index.php\/2023\/01\/15\/everton-w-reading-w-32\/\",\"name\":\"Everton W - Reading W 3:2 - Official Czech &amp; Slovak Everton Supporters&#039; Club\",\"isPartOf\":{\"@id\":\"https:\/\/evertonfc.cz\/#website\"},\"primaryImageOfPage\":{\"@id\":\"https:\/\/evertonfc.cz\/index.php\/2023\/01\/15\/everton-w-reading-w-32\/#primaryimage\"},\"image\":{\"@id\":\"https:\/\/evertonfc.cz\/index.php\/2023\/01\/15\/everton-w-reading-w-32\/#primaryimage\"},\"thumbnailUrl\":\"https:\/\/evertonfc.cz\/wp-content\/uploads\/2023\/01\/Everton_-Reading_15_01_2023-web.jpg\",\"datePublished\":\"2023-01-15T15:43:18+00:00\",\"dateModified\":\"2023-01-16T17:33:04+00:00\",\"breadcrumb\":{\"@id\":\"https:\/\/evertonfc.cz\/index.php\/2023\/01\/15\/everton-w-reading-w-32\/#breadcrumb\"},\"inLanguage\":\"cs\",\"potentialAction\":[{\"@type\":\"ReadAction\",\"target\":[\"https:\/\/evertonfc.cz\/index.php\/2023\/01\/15\/everton-w-reading-w-32\/\"]}]},{\"@type\":\"ImageObject\",\"inLanguage\":\"cs\",\"@id\":\"https:\/\/evertonfc.cz\/index.php\/2023\/01\/15\/everton-w-reading-w-32\/#primaryimage\",\"url\":\"https:\/\/evertonfc.cz\/wp-content\/uploads\/2023\/01\/Everton_-Reading_15_01_2023-web.jpg\",\"contentUrl\":\"https:\/\/evertonfc.cz\/wp-content\/uploads\/2023\/01\/Everton_-Reading_15_01_2023-web.jpg\",\"width\":720,\"height\":405},{\"@type\":\"BreadcrumbList\",\"@id\":\"https:\/\/evertonfc.cz\/index.php\/2023\/01\/15\/everton-w-reading-w-32\/#breadcrumb\",\"itemListElement\":[{\"@type\":\"ListItem\",\"position\":1,\"name\":\"Home\",\"item\":\"https:\/\/evertonfc.cz\/\"},{\"@type\":\"ListItem\",\"position\":2,\"name\":\"Everton W &#8211; Reading W 3:2\"}]},{\"@type\":\"WebSite\",\"@id\":\"https:\/\/evertonfc.cz\/#website\",\"url\":\"https:\/\/evertonfc.cz\/\",\"name\":\"Official Czech &amp; Slovak Everton Supporters&#039; Club\",\"description\":\"\",\"publisher\":{\"@id\":\"https:\/\/evertonfc.cz\/#organization\"},\"potentialAction\":[{\"@type\":\"SearchAction\",\"target\":{\"@type\":\"EntryPoint\",\"urlTemplate\":\"https:\/\/evertonfc.cz\/?s={search_term_string}\"},\"query-input\":{\"@type\":\"PropertyValueSpecification\",\"valueRequired\":true,\"valueName\":\"search_term_string\"}}],\"inLanguage\":\"cs\"},{\"@type\":\"Organization\",\"@id\":\"https:\/\/evertonfc.cz\/#organization\",\"name\":\"Official Czech & Slovak Everton Supporters' Club\",\"url\":\"https:\/\/evertonfc.cz\/\",\"logo\":{\"@type\":\"ImageObject\",\"inLanguage\":\"cs\",\"@id\":\"https:\/\/evertonfc.cz\/#\/schema\/logo\/image\/\",\"url\":\"https:\/\/evertonfc.cz\/wp-content\/uploads\/2019\/05\/logo.png\",\"contentUrl\":\"https:\/\/evertonfc.cz\/wp-content\/uploads\/2019\/05\/logo.png\",\"width\":112,\"height\":112,\"caption\":\"Official Czech & Slovak Everton Supporters' Club\"},\"image\":{\"@id\":\"https:\/\/evertonfc.cz\/#\/schema\/logo\/image\/\"},\"sameAs\":[\"https:\/\/www.facebook.com\/everton.fans.cz.sk\"]},{\"@type\":\"Person\",\"@id\":\"https:\/\/evertonfc.cz\/#\/schema\/person\/e9a24a80a32efa1344dd2c4e5882185c\",\"name\":\"Karamela\",\"url\":\"https:\/\/evertonfc.cz\/index.php\/author\/karamela\/\"}]}<\/script>\n<!-- \/ Yoast SEO plugin. -->","yoast_head_json":{"title":"Everton W - Reading W 3:2 - Official Czech &amp; Slovak Everton Supporters&#039; Club","robots":{"index":"index","follow":"follow","max-snippet":"max-snippet:-1","max-image-preview":"max-image-preview:large","max-video-preview":"max-video-preview:-1"},"canonical":"https:\/\/evertonfc.cz\/index.php\/2023\/01\/15\/everton-w-reading-w-32\/","og_locale":"cs_CZ","og_type":"article","og_title":"Everton W - Reading W 3:2 - Official Czech &amp; Slovak Everton Supporters&#039; Club","og_description":"Po dlouh\u00e9 pauze op\u011bt o\u017eil Walton Hall Park modr\u00fdm hem\u017een\u00edm. Oproti posledn\u00edmu lo\u0148sk\u00e9mu p\u0159edstaven\u00ed dnes nastoupila nov\u00e1 jm\u00e9na, i kdy\u017e ne tak \u00fapln\u011b nov\u00e9 tv\u00e1\u0159e.","og_url":"https:\/\/evertonfc.cz\/index.php\/2023\/01\/15\/everton-w-reading-w-32\/","og_site_name":"Official Czech &amp; Slovak Everton Supporters&#039; Club","article_publisher":"https:\/\/www.facebook.com\/everton.fans.cz.sk","article_published_time":"2023-01-15T15:43:18+00:00","article_modified_time":"2023-01-16T17:33:04+00:00","og_image":[{"width":720,"height":405,"url":"https:\/\/evertonfc.cz\/wp-content\/uploads\/2023\/01\/Everton_-Reading_15_01_2023-web.jpg","type":"image\/jpeg"}],"author":"Karamela","twitter_card":"summary_large_image","twitter_misc":{"Napsal(a)":"Karamela","Odhadovan\u00e1 doba \u010dten\u00ed":"3 minuty"},"schema":{"@context":"https:\/\/schema.org","@graph":[{"@type":"Article","@id":"https:\/\/evertonfc.cz\/index.php\/2023\/01\/15\/everton-w-reading-w-32\/#article","isPartOf":{"@id":"https:\/\/evertonfc.cz\/index.php\/2023\/01\/15\/everton-w-reading-w-32\/"},"author":{"name":"Karamela","@id":"https:\/\/evertonfc.cz\/#\/schema\/person\/e9a24a80a32efa1344dd2c4e5882185c"},"headline":"Everton W &#8211; Reading W 3:2","datePublished":"2023-01-15T15:43:18+00:00","dateModified":"2023-01-16T17:33:04+00:00","mainEntityOfPage":{"@id":"https:\/\/evertonfc.cz\/index.php\/2023\/01\/15\/everton-w-reading-w-32\/"},"wordCount":707,"commentCount":0,"publisher":{"@id":"https:\/\/evertonfc.cz\/#organization"},"image":{"@id":"https:\/\/evertonfc.cz\/index.php\/2023\/01\/15\/everton-w-reading-w-32\/#primaryimage"},"thumbnailUrl":"https:\/\/evertonfc.cz\/wp-content\/uploads\/2023\/01\/Everton_-Reading_15_01_2023-web.jpg","articleSection":["Everton Women"],"inLanguage":"cs","potentialAction":[{"@type":"CommentAction","name":"Comment","target":["https:\/\/evertonfc.cz\/index.php\/2023\/01\/15\/everton-w-reading-w-32\/#respond"]}]},{"@type":"WebPage","@id":"https:\/\/evertonfc.cz\/index.php\/2023\/01\/15\/everton-w-reading-w-32\/","url":"https:\/\/evertonfc.cz\/index.php\/2023\/01\/15\/everton-w-reading-w-32\/","name":"Everton W - Reading W 3:2 - Official Czech &amp; Slovak Everton Supporters&#039; Club","isPartOf":{"@id":"https:\/\/evertonfc.cz\/#website"},"primaryImageOfPage":{"@id":"https:\/\/evertonfc.cz\/index.php\/2023\/01\/15\/everton-w-reading-w-32\/#primaryimage"},"image":{"@id":"https:\/\/evertonfc.cz\/index.php\/2023\/01\/15\/everton-w-reading-w-32\/#primaryimage"},"thumbnailUrl":"https:\/\/evertonfc.cz\/wp-content\/uploads\/2023\/01\/Everton_-Reading_15_01_2023-web.jpg","datePublished":"2023-01-15T15:43:18+00:00","dateModified":"2023-01-16T17:33:04+00:00","breadcrumb":{"@id":"https:\/\/evertonfc.cz\/index.php\/2023\/01\/15\/everton-w-reading-w-32\/#breadcrumb"},"inLanguage":"cs","potentialAction":[{"@type":"ReadAction","target":["https:\/\/evertonfc.cz\/index.php\/2023\/01\/15\/everton-w-reading-w-32\/"]}]},{"@type":"ImageObject","inLanguage":"cs","@id":"https:\/\/evertonfc.cz\/index.php\/2023\/01\/15\/everton-w-reading-w-32\/#primaryimage","url":"https:\/\/evertonfc.cz\/wp-content\/uploads\/2023\/01\/Everton_-Reading_15_01_2023-web.jpg","contentUrl":"https:\/\/evertonfc.cz\/wp-content\/uploads\/2023\/01\/Everton_-Reading_15_01_2023-web.jpg","width":720,"height":405},{"@type":"BreadcrumbList","@id":"https:\/\/evertonfc.cz\/index.php\/2023\/01\/15\/everton-w-reading-w-32\/#breadcrumb","itemListElement":[{"@type":"ListItem","position":1,"name":"Home","item":"https:\/\/evertonfc.cz\/"},{"@type":"ListItem","position":2,"name":"Everton W &#8211; Reading W 3:2"}]},{"@type":"WebSite","@id":"https:\/\/evertonfc.cz\/#website","url":"https:\/\/evertonfc.cz\/","name":"Official Czech &amp; Slovak Everton Supporters&#039; Club","description":"","publisher":{"@id":"https:\/\/evertonfc.cz\/#organization"},"potentialAction":[{"@type":"SearchAction","target":{"@type":"EntryPoint","urlTemplate":"https:\/\/evertonfc.cz\/?s={search_term_string}"},"query-input":{"@type":"PropertyValueSpecification","valueRequired":true,"valueName":"search_term_string"}}],"inLanguage":"cs"},{"@type":"Organization","@id":"https:\/\/evertonfc.cz\/#organization","name":"Official Czech & Slovak Everton Supporters' Club","url":"https:\/\/evertonfc.cz\/","logo":{"@type":"ImageObject","inLanguage":"cs","@id":"https:\/\/evertonfc.cz\/#\/schema\/logo\/image\/","url":"https:\/\/evertonfc.cz\/wp-content\/uploads\/2019\/05\/logo.png","contentUrl":"https:\/\/evertonfc.cz\/wp-content\/uploads\/2019\/05\/logo.png","width":112,"height":112,"caption":"Official Czech & Slovak Everton Supporters' Club"},"image":{"@id":"https:\/\/evertonfc.cz\/#\/schema\/logo\/image\/"},"sameAs":["https:\/\/www.facebook.com\/everton.fans.cz.sk"]},{"@type":"Person","@id":"https:\/\/evertonfc.cz\/#\/schema\/person\/e9a24a80a32efa1344dd2c4e5882185c","name":"Karamela","url":"https:\/\/evertonfc.cz\/index.php\/author\/karamela\/"}]}},"_links":{"self":[{"href":"https:\/\/evertonfc.cz\/index.php\/wp-json\/wp\/v2\/posts\/20725"}],"collection":[{"href":"https:\/\/evertonfc.cz\/index.php\/wp-json\/wp\/v2\/posts"}],"about":[{"href":"https:\/\/evertonfc.cz\/index.php\/wp-json\/wp\/v2\/types\/post"}],"author":[{"embeddable":true,"href":"https:\/\/evertonfc.cz\/index.php\/wp-json\/wp\/v2\/users\/26"}],"replies":[{"embeddable":true,"href":"https:\/\/evertonfc.cz\/index.php\/wp-json\/wp\/v2\/comments?post=20725"}],"version-history":[{"count":19,"href":"https:\/\/evertonfc.cz\/index.php\/wp-json\/wp\/v2\/posts\/20725\/revisions"}],"predecessor-version":[{"id":20751,"href":"https:\/\/evertonfc.cz\/index.php\/wp-json\/wp\/v2\/posts\/20725\/revisions\/20751"}],"wp:featuredmedia":[{"embeddable":true,"href":"https:\/\/evertonfc.cz\/index.php\/wp-json\/wp\/v2\/media\/20742"}],"wp:attachment":[{"href":"https:\/\/evertonfc.cz\/index.php\/wp-json\/wp\/v2\/media?parent=20725"}],"wp:term":[{"taxonomy":"category","embeddable":true,"href":"https:\/\/evertonfc.cz\/index.php\/wp-json\/wp\/v2\/categories?post=20725"},{"taxonomy":"post_tag","embeddable":true,"href":"https:\/\/evertonfc.cz\/index.php\/wp-json\/wp\/v2\/tags?post=20725"}],"curies":[{"name":"wp","href":"https:\/\/api.w.org\/{rel}","templated":true}]}}