{"id":20786,"date":"2023-01-21T15:36:56","date_gmt":"2023-01-21T14:36:56","guid":{"rendered":"https:\/\/evertonfc.cz\/?p=20786"},"modified":"2023-01-21T15:36:56","modified_gmt":"2023-01-21T14:36:56","slug":"preview-west-ham-united-everton-8","status":"publish","type":"post","link":"https:\/\/evertonfc.cz\/index.php\/2023\/01\/21\/preview-west-ham-united-everton-8\/","title":{"rendered":"Preview: West Ham United \u2013 Everton"},"content":{"rendered":"<h4>El Sackico. Zd\u00e1 sa, \u017ee z\u00e1pas o v\u0161etko pre kari\u00e9ry dvoch charizmatick\u00fdch lodivodov, ktor\u00ed s\u00fa skoro na \u00faplne opa\u010dn\u00fdch koncoch svojej mana\u017e\u00e9rskej kari\u00e9ry.<\/h4>\n<p>Tohtoro\u010dn\u00fd boj o\u00a0z\u00e1chranu by mohol by\u0165 najtesnej\u0161\u00ed v\u00a0hist\u00f3rii Premier League. Len dva body delia posledn\u00fdch sedem t\u00edmov, \u010do sa doteraz v\u00a0druhej polovici sez\u00f3ny od roku 1992 stalo len dvakr\u00e1t. V\u00a0janu\u00e1ri 2011 a\u00a0vo febru\u00e1ri 2009. Pri tak\u00fdchto minim\u00e1lnych rozdieloch znamenaj\u00fa g\u00f3ly v\u0161etko. Vstrelen\u00e9 aj inkasovan\u00e9. Neby\u0165 t\u00fdch v\u00a0sieti EFC od Warda-Prowsea, mohli by\u0165 Karamelky 14. v\u00a0tabu\u013eke.<\/p>\n<h4><strong>Lampard dost\u00e1va \u010das, nie posily<\/strong><\/h4>\n<p>Len\u017ee realita je in\u00e1. A\u00a0na po\u010dudovanie, Frank na predz\u00e1pasovej tla\u010dovke p\u00f4sobil a\u017e neuverite\u013ene vyrovnane a\u00a0s\u00a0k\u013eudom. Angli\u010dana, ako inak. Komunikuje aj s\u00a0Moshirim a veden\u00edm, o\u00a0\u010dom, to samozrejme nepovie. Ale vraj s\u00fa t\u00fa \u00faprimn\u00e9 rozhovory. My by sme v\u0161ak ocenili viac \u010diny. Nov\u00e9 men\u00e1, ktor\u00e9 pom\u00f4\u017eu zo \u0161lamast\u00edk na ihrisku.<\/p>\n<p>Jedno tak\u00e9 sa u\u017e rysuje. Hos\u0165ovanie kr\u00eddeln\u00edka Arnauta Danjumu z\u00a0Villarrealu bez opcie \u010di povinnosti k\u00fapi\u0165 by mala by\u0165 hotov\u00e1 vec. \u00dadajne dokonca on s\u00e1m si spomedzi in\u00fdch z\u00e1ujemcov na ostrovoch vybral pr\u00e1ve Everton. M\u00f4\u017eeme teda za\u010da\u0165 pochybova\u0165 o\u00a0jeho du\u0161evnom zdrav\u00ed a\u00a0svojpr\u00e1vnosti. Ale \u010do na tom? My sme rovnak\u00ed.<\/p>\n<h4 style=\"text-align: center;\"><strong>Lampard o\u00a0mu\u017estve:<\/strong><\/h4>\n<blockquote><p><span style=\"font-size: 12pt;\"><em>\u201eJe dobr\u00e9, ak s\u00fa hr\u00e1\u010di sklaman\u00ed, \u017ee sme prehrali. Chcem aby bojovali, boli dobr\u00fdmi spoluhr\u00e1\u010dmi a nemysleli na seba. Namiesto toho nech myslia na t\u00edm, \u010fal\u0161\u00ed v\u00fdsledok a tr\u00e9ning s ve\u013ekou intenzitou. \u010ci u\u017e hr\u00e1vaj\u00fa alebo nie.<\/em> <em>Musia prem\u00fd\u0161\u013ea\u0165 o tom, \u010do m\u00f4\u017eu urobi\u0165, aby sa dostali z t\u00fdchto \u0165a\u017ek\u00fdch chv\u00ed\u013e, v ktor\u00fdch som bol po\u010das svojej kari\u00e9ry ve\u013eakr\u00e1t. A jedin\u00fd sp\u00f4sob je pracova\u0165, s\u00fastredi\u0165 sa a by\u0165 naozaj nesebeck\u00fd. Posun\u00fa\u0165 sa na hranicu svojich mo\u017enost\u00ed. Tak na tom sme.\u201c<\/em><\/span><\/p><\/blockquote>\n<p>Nov\u00e9 zranenia chvalabohu nepribudli. St\u00e1le je mimo Patterson, no Garner s\u00a0Townsendom u\u017e absolvuj\u00fa samostatn\u00e9 tr\u00e9ningov\u00e9 jednotky na tr\u00e1vniku. Ke\u010f\u017ee v\u00a0\u010dase p\u00edsania preview u\u017e s\u00fa zn\u00e1me zostavy, jedinou zmenou oproti dom\u00e1cej prehre so Saints je Mina v\u00a0z\u00e1klade miesto Godfreyho. Za s\u00fapera nenast\u00fapi Scamacca pre zranenie kolena, a\u00a0ich nov\u00e1 posila Ings za\u010d\u00edna na lavi\u010dke.<\/p>\n<h4><strong>Kladiv\u00e1 zabudli b\u00facha\u0165<\/strong><\/h4>\n<p>So s\u00faperom sme rovn\u00ed na p\u00e4tn\u00e1stich bodoch, a\u00a0del\u00ed n\u00e1s len g\u00f3lov\u00fd rozdiel. V\u00a0pr\u00edpade v\u00fdhry by \u00faspe\u0161n\u00fd t\u00edm vyst\u00fapil zo z\u00f3ny zostupu, tak\u017ee je o\u00a0\u010do hra\u0165. Pracovn\u00fd pomer nevyn\u00edmaj\u00fac. West Ham prehral \u0161es\u0165 z posledn\u00fdch siedmich stretnut\u00ed v lige. Jedin\u00fd z\u00e1pas bez prehry bol rem\u00edzou 2:2 proti Leeds United za\u010diatkom tohto mesiaca, zatia\u013e \u010do Everton prehral sedem z posledn\u00fdch \u00f4smich.<\/p>\n<p>Toto je z\u00e1rove\u0148 prv\u00fdkr\u00e1t, \u010do sa stret\u00e1vame medzi posledn\u00fdmi tromi od rem\u00edzy 2:2 v Upton Parku v roku 1995. Ak samozrejme nepo\u010d\u00edtame n\u00e1\u0161 letn\u00fd turnaj fanklubov, kde sme v\u00a0rovnakej situ\u00e1cii no bez hrozby zostupu z\u00edskali na\u0161e jedin\u00e9 v\u00ed\u0165azstvo. Nielen toto prid\u00e1va na n\u00e1deji v\u00a0dobr\u00fd v\u00fdsledok. Skuto\u010dne, jedno z chab\u00fdch troch ligov\u00fdch v\u00ed\u0165azstiev, ktor\u00e9 si t\u00edm Franka Lamparda v tejto sez\u00f3ne vybojoval, pri\u0161lo v septembri v Goodison Parku, ke\u010f sme nejak\u00fdm sp\u00f4sobom porazili West Ham 1:0.<\/p>\n<p>Pri pokusoch o zostavovanie modelov na predpovedanie v\u00fdsledku by mala ma\u0165 dom\u00e1ca v\u00fdhoda vraj hodnotu 0,4 g\u00f3lu. T\u00fato logiku v\u0161ak m\u00f4\u017eeme vyhodi\u0165 z\u00a0okna. Tlak s\u00fa\u010dasnej situ\u00e1cie na West Ham a jeho mana\u017e\u00e9ra je obrovskou nev\u00fdhodou. Presne ako pred t\u00fd\u017ed\u0148om u\u00a0n\u00e1s v\u00a0Goodison Parku. Preto \u010doko\u013evek okrem skor\u00e9ho g\u00f3lu West Hamu bude p\u00f4sobi\u0165 pre dom\u00e1cich frustruj\u00faco. A\u00a0Kladiv\u00e1ri teda nem\u00e1vaj\u00fa doma r\u00fdchle \u0161tarty.<\/p>\n<h3 style=\"text-align: center;\"><span style=\"color: #3366ff;\"><em><strong>Up The Toffees !!!<\/strong><\/em><\/span><\/h3>\n<p><strong>\u010co:<\/strong> West Ham United FC \u2013 Everton FC, 21. kolo Premier League<br \/>\n<strong>Kedy:<\/strong> 21.1. 2023 od 16:00 SE\u010c<br \/>\n<strong>Ako: <\/strong>priamy prenos na CANAL+Sport 1<br \/>\n<strong>Kde:<\/strong> London Stadium \u2013 Lond\u00fdn E20 2ST (kapacita: 66 000)<br \/>\n<strong>Rozhodca:<\/strong> Stuart Attwell <strong>Asistenti:<\/strong> D. Cann, J. Mainwaring \u00a0<strong>\u0160tvrt\u00fd rozhodca:<\/strong> D. Whitestone<br \/>\n<strong>VAR: <\/strong>Andre Marriner \u00a0<strong>Asistent VAR: <\/strong>Adam Nunn<\/p>\n","protected":false},"excerpt":{"rendered":"<p>El Sackico. Zd\u00e1 sa, \u017ee z\u00e1pas o v\u0161etko pre kari\u00e9ry dvoch charizmatick\u00fdch lodivodov, ktor\u00ed s\u00fa skoro na \u00faplne opa\u010dn\u00fdch koncoch svojej mana\u017e\u00e9rskej kari\u00e9ry.<\/p>\n","protected":false},"author":1,"featured_media":15260,"comment_status":"open","ping_status":"closed","sticky":false,"template":"","format":"standard","meta":{"_eb_attr":"","_monsterinsights_skip_tracking":false,"_monsterinsights_sitenote_active":false,"_monsterinsights_sitenote_note":"","_monsterinsights_sitenote_category":0,"footnotes":""},"categories":[4],"tags":[],"yoast_head":"<!-- This site is optimized with the Yoast SEO plugin v23.4 - https:\/\/yoast.com\/wordpress\/plugins\/seo\/ -->\n<title>Preview: West Ham United \u2013 Everton - Official Czech &amp; Slovak Everton Supporters&#039; Club<\/title>\n<meta name=\"robots\" content=\"index, follow, max-snippet:-1, max-image-preview:large, max-video-preview:-1\" \/>\n<link rel=\"canonical\" href=\"https:\/\/evertonfc.cz\/index.php\/2023\/01\/21\/preview-west-ham-united-everton-8\/\" \/>\n<meta property=\"og:locale\" content=\"cs_CZ\" \/>\n<meta property=\"og:type\" content=\"article\" \/>\n<meta property=\"og:title\" content=\"Preview: West Ham United \u2013 Everton - Official Czech &amp; Slovak Everton Supporters&#039; Club\" \/>\n<meta property=\"og:description\" content=\"El Sackico. Zd\u00e1 sa, \u017ee z\u00e1pas o v\u0161etko pre kari\u00e9ry dvoch charizmatick\u00fdch lodivodov, ktor\u00ed s\u00fa skoro na \u00faplne opa\u010dn\u00fdch koncoch svojej mana\u017e\u00e9rskej kari\u00e9ry.\" \/>\n<meta property=\"og:url\" content=\"https:\/\/evertonfc.cz\/index.php\/2023\/01\/21\/preview-west-ham-united-everton-8\/\" \/>\n<meta property=\"og:site_name\" content=\"Official Czech &amp; Slovak Everton Supporters&#039; Club\" \/>\n<meta property=\"article:publisher\" content=\"https:\/\/www.facebook.com\/everton.fans.cz.sk\" \/>\n<meta property=\"article:published_time\" content=\"2023-01-21T14:36:56+00:00\" \/>\n<meta property=\"og:image\" content=\"https:\/\/evertonfc.cz\/wp-content\/uploads\/2021\/05\/West-Ham-United-VS-Everton-London-Stadium.jpg\" \/>\n\t<meta property=\"og:image:width\" content=\"720\" \/>\n\t<meta property=\"og:image:height\" content=\"405\" \/>\n\t<meta property=\"og:image:type\" content=\"image\/jpeg\" \/>\n<meta name=\"author\" content=\"BlueBlooded\" \/>\n<meta name=\"twitter:card\" content=\"summary_large_image\" \/>\n<meta name=\"twitter:label1\" content=\"Napsal(a)\" \/>\n\t<meta name=\"twitter:data1\" content=\"BlueBlooded\" \/>\n\t<meta name=\"twitter:label2\" content=\"Odhadovan\u00e1 doba \u010dten\u00ed\" \/>\n\t<meta name=\"twitter:data2\" content=\"4 minuty\" \/>\n<script type=\"application\/ld+json\" class=\"yoast-schema-graph\">{\"@context\":\"https:\/\/schema.org\",\"@graph\":[{\"@type\":\"Article\",\"@id\":\"https:\/\/evertonfc.cz\/index.php\/2023\/01\/21\/preview-west-ham-united-everton-8\/#article\",\"isPartOf\":{\"@id\":\"https:\/\/evertonfc.cz\/index.php\/2023\/01\/21\/preview-west-ham-united-everton-8\/\"},\"author\":{\"name\":\"BlueBlooded\",\"@id\":\"https:\/\/evertonfc.cz\/#\/schema\/person\/d4493b8cbea51532597fbc4685698916\"},\"headline\":\"Preview: West Ham United \u2013 Everton\",\"datePublished\":\"2023-01-21T14:36:56+00:00\",\"dateModified\":\"2023-01-21T14:36:56+00:00\",\"mainEntityOfPage\":{\"@id\":\"https:\/\/evertonfc.cz\/index.php\/2023\/01\/21\/preview-west-ham-united-everton-8\/\"},\"wordCount\":732,\"commentCount\":13,\"publisher\":{\"@id\":\"https:\/\/evertonfc.cz\/#organization\"},\"image\":{\"@id\":\"https:\/\/evertonfc.cz\/index.php\/2023\/01\/21\/preview-west-ham-united-everton-8\/#primaryimage\"},\"thumbnailUrl\":\"https:\/\/evertonfc.cz\/wp-content\/uploads\/2021\/05\/West-Ham-United-VS-Everton-London-Stadium.jpg\",\"articleSection\":[\"Z\u00e1pasy\"],\"inLanguage\":\"cs\",\"potentialAction\":[{\"@type\":\"CommentAction\",\"name\":\"Comment\",\"target\":[\"https:\/\/evertonfc.cz\/index.php\/2023\/01\/21\/preview-west-ham-united-everton-8\/#respond\"]}]},{\"@type\":\"WebPage\",\"@id\":\"https:\/\/evertonfc.cz\/index.php\/2023\/01\/21\/preview-west-ham-united-everton-8\/\",\"url\":\"https:\/\/evertonfc.cz\/index.php\/2023\/01\/21\/preview-west-ham-united-everton-8\/\",\"name\":\"Preview: West Ham United \u2013 Everton - Official Czech &amp; Slovak Everton Supporters&#039; Club\",\"isPartOf\":{\"@id\":\"https:\/\/evertonfc.cz\/#website\"},\"primaryImageOfPage\":{\"@id\":\"https:\/\/evertonfc.cz\/index.php\/2023\/01\/21\/preview-west-ham-united-everton-8\/#primaryimage\"},\"image\":{\"@id\":\"https:\/\/evertonfc.cz\/index.php\/2023\/01\/21\/preview-west-ham-united-everton-8\/#primaryimage\"},\"thumbnailUrl\":\"https:\/\/evertonfc.cz\/wp-content\/uploads\/2021\/05\/West-Ham-United-VS-Everton-London-Stadium.jpg\",\"datePublished\":\"2023-01-21T14:36:56+00:00\",\"dateModified\":\"2023-01-21T14:36:56+00:00\",\"breadcrumb\":{\"@id\":\"https:\/\/evertonfc.cz\/index.php\/2023\/01\/21\/preview-west-ham-united-everton-8\/#breadcrumb\"},\"inLanguage\":\"cs\",\"potentialAction\":[{\"@type\":\"ReadAction\",\"target\":[\"https:\/\/evertonfc.cz\/index.php\/2023\/01\/21\/preview-west-ham-united-everton-8\/\"]}]},{\"@type\":\"ImageObject\",\"inLanguage\":\"cs\",\"@id\":\"https:\/\/evertonfc.cz\/index.php\/2023\/01\/21\/preview-west-ham-united-everton-8\/#primaryimage\",\"url\":\"https:\/\/evertonfc.cz\/wp-content\/uploads\/2021\/05\/West-Ham-United-VS-Everton-London-Stadium.jpg\",\"contentUrl\":\"https:\/\/evertonfc.cz\/wp-content\/uploads\/2021\/05\/West-Ham-United-VS-Everton-London-Stadium.jpg\",\"width\":720,\"height\":405},{\"@type\":\"BreadcrumbList\",\"@id\":\"https:\/\/evertonfc.cz\/index.php\/2023\/01\/21\/preview-west-ham-united-everton-8\/#breadcrumb\",\"itemListElement\":[{\"@type\":\"ListItem\",\"position\":1,\"name\":\"Home\",\"item\":\"https:\/\/evertonfc.cz\/\"},{\"@type\":\"ListItem\",\"position\":2,\"name\":\"Preview: West Ham United \u2013 Everton\"}]},{\"@type\":\"WebSite\",\"@id\":\"https:\/\/evertonfc.cz\/#website\",\"url\":\"https:\/\/evertonfc.cz\/\",\"name\":\"Official Czech &amp; Slovak Everton Supporters&#039; Club\",\"description\":\"\",\"publisher\":{\"@id\":\"https:\/\/evertonfc.cz\/#organization\"},\"potentialAction\":[{\"@type\":\"SearchAction\",\"target\":{\"@type\":\"EntryPoint\",\"urlTemplate\":\"https:\/\/evertonfc.cz\/?s={search_term_string}\"},\"query-input\":{\"@type\":\"PropertyValueSpecification\",\"valueRequired\":true,\"valueName\":\"search_term_string\"}}],\"inLanguage\":\"cs\"},{\"@type\":\"Organization\",\"@id\":\"https:\/\/evertonfc.cz\/#organization\",\"name\":\"Official Czech & Slovak Everton Supporters' Club\",\"url\":\"https:\/\/evertonfc.cz\/\",\"logo\":{\"@type\":\"ImageObject\",\"inLanguage\":\"cs\",\"@id\":\"https:\/\/evertonfc.cz\/#\/schema\/logo\/image\/\",\"url\":\"https:\/\/evertonfc.cz\/wp-content\/uploads\/2019\/05\/logo.png\",\"contentUrl\":\"https:\/\/evertonfc.cz\/wp-content\/uploads\/2019\/05\/logo.png\",\"width\":112,\"height\":112,\"caption\":\"Official Czech & Slovak Everton Supporters' Club\"},\"image\":{\"@id\":\"https:\/\/evertonfc.cz\/#\/schema\/logo\/image\/\"},\"sameAs\":[\"https:\/\/www.facebook.com\/everton.fans.cz.sk\"]},{\"@type\":\"Person\",\"@id\":\"https:\/\/evertonfc.cz\/#\/schema\/person\/d4493b8cbea51532597fbc4685698916\",\"name\":\"BlueBlooded\",\"url\":\"https:\/\/evertonfc.cz\/index.php\/author\/admin\/\"}]}<\/script>\n<!-- \/ Yoast SEO plugin. -->","yoast_head_json":{"title":"Preview: West Ham United \u2013 Everton - Official Czech &amp; Slovak Everton Supporters&#039; Club","robots":{"index":"index","follow":"follow","max-snippet":"max-snippet:-1","max-image-preview":"max-image-preview:large","max-video-preview":"max-video-preview:-1"},"canonical":"https:\/\/evertonfc.cz\/index.php\/2023\/01\/21\/preview-west-ham-united-everton-8\/","og_locale":"cs_CZ","og_type":"article","og_title":"Preview: West Ham United \u2013 Everton - Official Czech &amp; Slovak Everton Supporters&#039; Club","og_description":"El Sackico. Zd\u00e1 sa, \u017ee z\u00e1pas o v\u0161etko pre kari\u00e9ry dvoch charizmatick\u00fdch lodivodov, ktor\u00ed s\u00fa skoro na \u00faplne opa\u010dn\u00fdch koncoch svojej mana\u017e\u00e9rskej kari\u00e9ry.","og_url":"https:\/\/evertonfc.cz\/index.php\/2023\/01\/21\/preview-west-ham-united-everton-8\/","og_site_name":"Official Czech &amp; Slovak Everton Supporters&#039; Club","article_publisher":"https:\/\/www.facebook.com\/everton.fans.cz.sk","article_published_time":"2023-01-21T14:36:56+00:00","og_image":[{"width":720,"height":405,"url":"https:\/\/evertonfc.cz\/wp-content\/uploads\/2021\/05\/West-Ham-United-VS-Everton-London-Stadium.jpg","type":"image\/jpeg"}],"author":"BlueBlooded","twitter_card":"summary_large_image","twitter_misc":{"Napsal(a)":"BlueBlooded","Odhadovan\u00e1 doba \u010dten\u00ed":"4 minuty"},"schema":{"@context":"https:\/\/schema.org","@graph":[{"@type":"Article","@id":"https:\/\/evertonfc.cz\/index.php\/2023\/01\/21\/preview-west-ham-united-everton-8\/#article","isPartOf":{"@id":"https:\/\/evertonfc.cz\/index.php\/2023\/01\/21\/preview-west-ham-united-everton-8\/"},"author":{"name":"BlueBlooded","@id":"https:\/\/evertonfc.cz\/#\/schema\/person\/d4493b8cbea51532597fbc4685698916"},"headline":"Preview: West Ham United \u2013 Everton","datePublished":"2023-01-21T14:36:56+00:00","dateModified":"2023-01-21T14:36:56+00:00","mainEntityOfPage":{"@id":"https:\/\/evertonfc.cz\/index.php\/2023\/01\/21\/preview-west-ham-united-everton-8\/"},"wordCount":732,"commentCount":13,"publisher":{"@id":"https:\/\/evertonfc.cz\/#organization"},"image":{"@id":"https:\/\/evertonfc.cz\/index.php\/2023\/01\/21\/preview-west-ham-united-everton-8\/#primaryimage"},"thumbnailUrl":"https:\/\/evertonfc.cz\/wp-content\/uploads\/2021\/05\/West-Ham-United-VS-Everton-London-Stadium.jpg","articleSection":["Z\u00e1pasy"],"inLanguage":"cs","potentialAction":[{"@type":"CommentAction","name":"Comment","target":["https:\/\/evertonfc.cz\/index.php\/2023\/01\/21\/preview-west-ham-united-everton-8\/#respond"]}]},{"@type":"WebPage","@id":"https:\/\/evertonfc.cz\/index.php\/2023\/01\/21\/preview-west-ham-united-everton-8\/","url":"https:\/\/evertonfc.cz\/index.php\/2023\/01\/21\/preview-west-ham-united-everton-8\/","name":"Preview: West Ham United \u2013 Everton - Official Czech &amp; Slovak Everton Supporters&#039; Club","isPartOf":{"@id":"https:\/\/evertonfc.cz\/#website"},"primaryImageOfPage":{"@id":"https:\/\/evertonfc.cz\/index.php\/2023\/01\/21\/preview-west-ham-united-everton-8\/#primaryimage"},"image":{"@id":"https:\/\/evertonfc.cz\/index.php\/2023\/01\/21\/preview-west-ham-united-everton-8\/#primaryimage"},"thumbnailUrl":"https:\/\/evertonfc.cz\/wp-content\/uploads\/2021\/05\/West-Ham-United-VS-Everton-London-Stadium.jpg","datePublished":"2023-01-21T14:36:56+00:00","dateModified":"2023-01-21T14:36:56+00:00","breadcrumb":{"@id":"https:\/\/evertonfc.cz\/index.php\/2023\/01\/21\/preview-west-ham-united-everton-8\/#breadcrumb"},"inLanguage":"cs","potentialAction":[{"@type":"ReadAction","target":["https:\/\/evertonfc.cz\/index.php\/2023\/01\/21\/preview-west-ham-united-everton-8\/"]}]},{"@type":"ImageObject","inLanguage":"cs","@id":"https:\/\/evertonfc.cz\/index.php\/2023\/01\/21\/preview-west-ham-united-everton-8\/#primaryimage","url":"https:\/\/evertonfc.cz\/wp-content\/uploads\/2021\/05\/West-Ham-United-VS-Everton-London-Stadium.jpg","contentUrl":"https:\/\/evertonfc.cz\/wp-content\/uploads\/2021\/05\/West-Ham-United-VS-Everton-London-Stadium.jpg","width":720,"height":405},{"@type":"BreadcrumbList","@id":"https:\/\/evertonfc.cz\/index.php\/2023\/01\/21\/preview-west-ham-united-everton-8\/#breadcrumb","itemListElement":[{"@type":"ListItem","position":1,"name":"Home","item":"https:\/\/evertonfc.cz\/"},{"@type":"ListItem","position":2,"name":"Preview: West Ham United \u2013 Everton"}]},{"@type":"WebSite","@id":"https:\/\/evertonfc.cz\/#website","url":"https:\/\/evertonfc.cz\/","name":"Official Czech &amp; Slovak Everton Supporters&#039; Club","description":"","publisher":{"@id":"https:\/\/evertonfc.cz\/#organization"},"potentialAction":[{"@type":"SearchAction","target":{"@type":"EntryPoint","urlTemplate":"https:\/\/evertonfc.cz\/?s={search_term_string}"},"query-input":{"@type":"PropertyValueSpecification","valueRequired":true,"valueName":"search_term_string"}}],"inLanguage":"cs"},{"@type":"Organization","@id":"https:\/\/evertonfc.cz\/#organization","name":"Official Czech & Slovak Everton Supporters' Club","url":"https:\/\/evertonfc.cz\/","logo":{"@type":"ImageObject","inLanguage":"cs","@id":"https:\/\/evertonfc.cz\/#\/schema\/logo\/image\/","url":"https:\/\/evertonfc.cz\/wp-content\/uploads\/2019\/05\/logo.png","contentUrl":"https:\/\/evertonfc.cz\/wp-content\/uploads\/2019\/05\/logo.png","width":112,"height":112,"caption":"Official Czech & Slovak Everton Supporters' Club"},"image":{"@id":"https:\/\/evertonfc.cz\/#\/schema\/logo\/image\/"},"sameAs":["https:\/\/www.facebook.com\/everton.fans.cz.sk"]},{"@type":"Person","@id":"https:\/\/evertonfc.cz\/#\/schema\/person\/d4493b8cbea51532597fbc4685698916","name":"BlueBlooded","url":"https:\/\/evertonfc.cz\/index.php\/author\/admin\/"}]}},"_links":{"self":[{"href":"https:\/\/evertonfc.cz\/index.php\/wp-json\/wp\/v2\/posts\/20786"}],"collection":[{"href":"https:\/\/evertonfc.cz\/index.php\/wp-json\/wp\/v2\/posts"}],"about":[{"href":"https:\/\/evertonfc.cz\/index.php\/wp-json\/wp\/v2\/types\/post"}],"author":[{"embeddable":true,"href":"https:\/\/evertonfc.cz\/index.php\/wp-json\/wp\/v2\/users\/1"}],"replies":[{"embeddable":true,"href":"https:\/\/evertonfc.cz\/index.php\/wp-json\/wp\/v2\/comments?post=20786"}],"version-history":[{"count":1,"href":"https:\/\/evertonfc.cz\/index.php\/wp-json\/wp\/v2\/posts\/20786\/revisions"}],"predecessor-version":[{"id":20787,"href":"https:\/\/evertonfc.cz\/index.php\/wp-json\/wp\/v2\/posts\/20786\/revisions\/20787"}],"wp:featuredmedia":[{"embeddable":true,"href":"https:\/\/evertonfc.cz\/index.php\/wp-json\/wp\/v2\/media\/15260"}],"wp:attachment":[{"href":"https:\/\/evertonfc.cz\/index.php\/wp-json\/wp\/v2\/media?parent=20786"}],"wp:term":[{"taxonomy":"category","embeddable":true,"href":"https:\/\/evertonfc.cz\/index.php\/wp-json\/wp\/v2\/categories?post=20786"},{"taxonomy":"post_tag","embeddable":true,"href":"https:\/\/evertonfc.cz\/index.php\/wp-json\/wp\/v2\/tags?post=20786"}],"curies":[{"name":"wp","href":"https:\/\/api.w.org\/{rel}","templated":true}]}}