{"id":20788,"date":"2023-01-22T11:50:40","date_gmt":"2023-01-22T10:50:40","guid":{"rendered":"https:\/\/evertonfc.cz\/?p=20788"},"modified":"2023-01-22T11:50:40","modified_gmt":"2023-01-22T10:50:40","slug":"west-ham-united-everton-20","status":"publish","type":"post","link":"https:\/\/evertonfc.cz\/index.php\/2023\/01\/22\/west-ham-united-everton-20\/","title":{"rendered":"West Ham United \u2013 Everton 2:0"},"content":{"rendered":"<h4>Karamelk\u00e1m za\u010d\u00ednaj\u00fa doch\u00e1dza\u0165 v\u00fdhovorky, a\u00a0znova sa ocitaj\u00fa na kri\u017eovatke, na ktorej sa d\u00e1 odbo\u010di\u0165 len raz. Ale v\u0161etci kompetentn\u00ed sa tv\u00e1ria, \u017ee sme na kruhovom objazde.<\/h4>\n<p>\u010eal\u0161ia prehra. ,,A nen\u00ed to m\u00e1lo, Antone Pavlovi\u010di?\u201c Aj tie m\u00f4\u017eete pomenova\u0165, zjemni\u0165, \u010di zaobali\u0165 len nieko\u013ekokr\u00e1t. Potom nevyhnutne d\u00f4jde k\u00a0opakovaniu a\u00a0n\u00e1sledne utvrdenej pravde. Srdce sa st\u00e1le nechce pusti\u0165, no rozum u\u017e dv\u00edha sekeru, a\u00a0s\u00a0n\u00e1prahom mieri na vlastn\u00fa ruku s\u00a0obviazan\u00fdm \u0161krtidlom. Je to norm\u00e1lne?<\/p>\n<p><strong>Gary Cotterill (Sky Sports News):<\/strong> <em>\u201eJe koniec pre Franka teraz? Bola to \u0165a\u017ek\u00e1 s\u00e9ria v\u00fdsledkov.\u201c<\/em><\/p>\n<p><strong>Kenwright:<\/strong> \u201eBoli to zl\u00e9 v\u00fdsledky pre n\u00e1s v\u0161etk\u00fdch a pre Franka, ale v\u00e1m by som to nikdy nepovedal.\u201c<\/p>\n<p><strong>Gary Cotterill (Sky Sports News):<\/strong> \u201eVeci sa musia za\u010da\u0165 meni\u0165 ve\u013emi r\u00fdchlo, v\u0161ak?\u201c<\/p>\n<p><strong>Kenwright:<\/strong> \u201e\u00c1no, mus\u00edme za\u010da\u0165 vyhr\u00e1va\u0165, \u017ee? Je to zl\u00e9 obdobie.\u201c<\/p>\n<p><strong>Gary Cotterill (Sky Sports News):<\/strong> \u201eMysl\u00edte, \u017ee nastal \u010das pre Franka?\u201c<\/p>\n<p><strong>Moshiri:<\/strong> \u201eNem\u00f4\u017eem to komentova\u0165. Nie je to moje rozhodnutie.\u201c<\/p>\n<p>Mo\u017eno sa Moshiri pou\u010dil. Alebo sa vyh\u00fdba zodpovednosti. No je aj mo\u017en\u00e9, \u017ee naozaj rev\u00edzia procesov v\u00a0klube sp\u00f4sobila, \u017ee zhodn\u00fa\u0165 sa mus\u00ed cel\u00e9 vedenie, a\u00a0nielen on. Ka\u017edop\u00e1dne probl\u00e9m, ktor\u00fd n\u00e1s sem dostal, nie je tr\u00e9ner. Av\u0161ak\u00a0za\u010d\u00edna by\u0165 st\u00e1le jasnej\u0161ie, \u017ee mo\u017eno nebude ani rie\u0161en\u00edm. Preto\u017ee t\u00fdch mus\u00ed by\u0165 viac.<\/p>\n<p>Tie na tr\u00e1vniku st\u00e1le neprich\u00e1dzaj\u00fa. Zmena form\u00e1cie zo \u0161tyroch obrancov na p\u00e4\u0165 u\u017e neprin\u00e1\u0161a sol\u00eddnos\u0165 do zadn\u00fdch radov. Ani v\u00fdmena jeho person\u00e1lu. A\u00a0zrejme e\u0161te viac otupuje \u00fatok, ktor\u00fd je bezradn\u00fd, ako u\u017e dlho nie.<\/p>\n<h4><strong>1.pol\u010das<\/strong><\/h4>\n<p>Vyzeralo to dokonca vcelku odv\u00e1\u017ene, ke\u010f sa Iwobi s\u00a0Grayom pohybovali tesne za Calvertom-Lewinom, \u010do by sme mohli ozna\u010di\u0165 za ve\u013emi ofenz\u00edvny syst\u00e9m 3-4-2-1. Ale nebezpe\u010dnos\u0165 sa dostavila na opa\u010dnej strane, ke\u010f Benrahma po 27 min\u00fatach otestoval Pickfordovu rukavicu strelou spoza v\u00e1pna. Hrozil aj Bowen.<\/p>\n<p>O\u00a0jedin\u00e9 akcie Evertonu sa kon\u0161tantne staral len Iwobi. Pre te\u010d dokonca oraz\u00edtkoval len ty\u010d. \u010co je \u0161koda, preto\u017ee dom\u00e1ci p\u00f4sobili prv\u00fa polhodinu ve\u013emi odovzdan\u00fdm dojmom. My sme v\u0161ak nevedeli stup\u0148ova\u0165 s\u013eubn\u00fd n\u00e1tlak a\u00a0ve\u013ek\u00e9 dr\u017eanie lopty, Prihr\u00e1vky boli pomal\u00e9, a\u00a0m\u00e1lo kolm\u00e9 na \u00fa\u010dinn\u00fa penetr\u00e1ciu.<\/p>\n<p>V\u00a034. min\u00fate pri\u0161la do \u0161estn\u00e1stky nad\u00fdchan\u00e1 lopta, ktor\u00fa nikto z\u00a0na\u0161ich nemal, a\u00a0tak si ju na\u0161iel spom\u00ednan\u00fd blondiak a\u00a0prepas\u00edroval do siete &#8211; <strong>1:0<\/strong>. Onedlho na to, v\u00a042. min\u00fate nikto nedok\u00e1zal zastavi\u0165 pomerne pomal\u00fd proti\u00fatok. A\u00a0to si Kladiv\u00e1ri vysta\u010dili len s\u00a0dvomi hr\u00e1\u010dmi. Trajekt\u00f3ria Bowen \u2013 Antonio \u2013 Bowen viedla op\u00e4\u0165 do br\u00e1ny. <strong>2:0<\/strong> a\u00a0na tr\u00e1vniku \u017eiadna hmatate\u013en\u00e1 reakcia. Do \u0161atne s\u00a0t\u00fdm!<\/p>\n<h4>\u00a0<strong>2.pol\u010das<\/strong><\/h4>\n<p>Z\u00a0nej u\u017e nevy\u0161li Coleman s\u00a0Mykolenkom. D\u00f4veru dostali, podot\u00fdkam ako jedin\u00ed Davies s\u00a0McNeilom. Ten posielal vcelku dobr\u00e9 centre, a\u00a0prv\u00fd menovan\u00fd mal zauj\u00edmav\u00e9 pr\u00edle\u017eitosti vo v\u00e1pne, ale brank\u00e1ra neprestrelil. Ani jeho sp\u00e4tn\u00e9 prihr\u00e1vky neboli zu\u017eitkovan\u00e9, Gueye v\u00a058. tie\u017e mieril ved\u013ea.<\/p>\n<p>West Ham postupne utlmoval na\u0161u iniciat\u00edvu. Emersonov v\u00fdpad vytla\u010dil Pickford len brvno. A Riceov \u0161print bol zbyto\u010dn\u00fd, preto\u017ee netrafil br\u00e1nu. \u010co v\u0161ak bolo najviac alarmuj\u00face, bola rezign\u00e1cia hr\u00e1\u010dov v \u017eltom. Posledn\u00fdch 15 min\u00fat nebolo bada\u0165 ak\u00fako\u013evek urgenciu v hre. Na v\u0161etko mali \u010das. Ve\u010f \u010do, 18 z\u00e1pasov na z\u00e1chranu ur\u010dite sta\u010d\u00ed. No Frank pri nich u\u017e zrejme nebude. Ruka v\u0161ak dorastie, je to len futbal&#8230;<\/p>\n<h4><strong>Frank Lampard po z\u00e1pase:<\/strong><\/h4>\n<blockquote><p><span style=\"font-size: 12pt;\"><em>\u201eMali sme ve\u013ea z hry, ve\u013ea dr\u017eania lopty. West Ham hr\u00e1 tak, \u017ee v\u00e1m ob\u010das dopraje loptu. Celkom dobre sme si to pos\u00favali. M\u00f4\u017eete sa pripravova\u0165 na prenikanie do poslednej tretiny, ale potom v z\u00e1pase mus\u00edte by\u0165 klinickej\u0161\u00ed. A my sme neboli. Prem\u00e1rnili sme nejak\u00e9 \u0161ance. Boli sme u s\u00fapera ve\u013ea bez toho, aby sme boli dostato\u010dne dynamick\u00ed. Oni mali p\u00e1r momentov, ke\u010f boli dynamick\u00ed a to zmenilo hru.\u201c<\/em><\/span><\/p><\/blockquote>\n<h3 style=\"text-align: center;\"><span style=\"color: #3366ff;\"><em><strong>Come on you Blues !!!<\/strong><\/em><\/span><\/h3>\n<p style=\"text-align: right;\"><span style=\"font-size: 8pt;\">(fotozdroj: Alex Pantling\/Getty Images)<\/span><\/p>\n<p><strong>Zostrihy:<\/strong> <a href=\"https:\/\/hoofoot.com\/?match=West_Ham_v_Everton_2023_01_21#video\" target=\"_blank\" rel=\"noopener\">hoofoot.com<\/a>\u00a0 <strong>Mu\u017e z\u00e1pasu redakcie:<\/strong> Alex Iwobi<\/p>\n<p><strong>G\u00f3ly:<\/strong> 34\u00b4 Bowen, 41\u00b4 Bowen (Antonio)<\/p>\n<p><strong>\u017dlt\u00e9 karty:<\/strong> 50\u00b4 Paqueta, 67\u00b4 Tarkowski<\/p>\n<p><strong>West Ham United FC:<\/strong> Fabia\u0144ski \u2013 Zouma, Ogbonna, Aguerd \u2013 Coufal, Paqueta (73\u00b4 Sou\u010dek), Rice, Emerson (81\u00b4 Johnson) \u2013 Bowen, Benrahma (82\u00b4 Downes) \u2013 Antonio (72\u00b4 Ings)<\/p>\n<p><strong>Everton FC:<\/strong> Pickford \u2013 Coleman (46\u00b4 Davies), Mina, Coady, Tarkowski, Mykolenko (46\u00b4 McNeil) \u2013 Gueye, Onana \u2013 Gray, Iwobi \u2013 Calvert-Lewin<\/p>\n<p><strong>Rozhodca:<\/strong> Stuart Attwell\u00a0 <strong>Div\u00e1ci:<\/strong> 62 470<\/p>\n","protected":false},"excerpt":{"rendered":"<p>Karamelk\u00e1m za\u010d\u00ednaj\u00fa doch\u00e1dza\u0165 v\u00fdhovorky, a\u00a0znova sa ocitaj\u00fa na kri\u017eovatke, na ktorej sa d\u00e1 odbo\u010di\u0165 len raz. Ale v\u0161etci kompetentn\u00ed sa tv\u00e1ria, \u017ee sme na kruhovom objazde.<\/p>\n","protected":false},"author":1,"featured_media":20789,"comment_status":"open","ping_status":"closed","sticky":false,"template":"","format":"standard","meta":{"_eb_attr":"","_monsterinsights_skip_tracking":false,"_monsterinsights_sitenote_active":false,"_monsterinsights_sitenote_note":"","_monsterinsights_sitenote_category":0,"footnotes":""},"categories":[4],"tags":[],"yoast_head":"<!-- This site is optimized with the Yoast SEO plugin v23.4 - https:\/\/yoast.com\/wordpress\/plugins\/seo\/ -->\n<title>West Ham United \u2013 Everton 2:0 - Official Czech &amp; Slovak Everton Supporters&#039; Club<\/title>\n<meta name=\"robots\" content=\"index, follow, max-snippet:-1, max-image-preview:large, max-video-preview:-1\" \/>\n<link rel=\"canonical\" href=\"https:\/\/evertonfc.cz\/index.php\/2023\/01\/22\/west-ham-united-everton-20\/\" \/>\n<meta property=\"og:locale\" content=\"cs_CZ\" \/>\n<meta property=\"og:type\" content=\"article\" \/>\n<meta property=\"og:title\" content=\"West Ham United \u2013 Everton 2:0 - Official Czech &amp; Slovak Everton Supporters&#039; Club\" \/>\n<meta property=\"og:description\" content=\"Karamelk\u00e1m za\u010d\u00ednaj\u00fa doch\u00e1dza\u0165 v\u00fdhovorky, a\u00a0znova sa ocitaj\u00fa na kri\u017eovatke, na ktorej sa d\u00e1 odbo\u010di\u0165 len raz. Ale v\u0161etci kompetentn\u00ed sa tv\u00e1ria, \u017ee sme na kruhovom objazde.\" \/>\n<meta property=\"og:url\" content=\"https:\/\/evertonfc.cz\/index.php\/2023\/01\/22\/west-ham-united-everton-20\/\" \/>\n<meta property=\"og:site_name\" content=\"Official Czech &amp; Slovak Everton Supporters&#039; Club\" \/>\n<meta property=\"article:publisher\" content=\"https:\/\/www.facebook.com\/everton.fans.cz.sk\" \/>\n<meta property=\"article:published_time\" content=\"2023-01-22T10:50:40+00:00\" \/>\n<meta property=\"og:image\" content=\"https:\/\/evertonfc.cz\/wp-content\/uploads\/2023\/01\/West-Ham-vs-Everton-by-Alex-Pantling-Getty-Images-22-1-2023.jpg\" \/>\n\t<meta property=\"og:image:width\" content=\"720\" \/>\n\t<meta property=\"og:image:height\" content=\"405\" \/>\n\t<meta property=\"og:image:type\" content=\"image\/jpeg\" \/>\n<meta name=\"author\" content=\"BlueBlooded\" \/>\n<meta name=\"twitter:card\" content=\"summary_large_image\" \/>\n<meta name=\"twitter:label1\" content=\"Napsal(a)\" \/>\n\t<meta name=\"twitter:data1\" content=\"BlueBlooded\" \/>\n\t<meta name=\"twitter:label2\" content=\"Odhadovan\u00e1 doba \u010dten\u00ed\" \/>\n\t<meta name=\"twitter:data2\" content=\"4 minuty\" \/>\n<script type=\"application\/ld+json\" class=\"yoast-schema-graph\">{\"@context\":\"https:\/\/schema.org\",\"@graph\":[{\"@type\":\"Article\",\"@id\":\"https:\/\/evertonfc.cz\/index.php\/2023\/01\/22\/west-ham-united-everton-20\/#article\",\"isPartOf\":{\"@id\":\"https:\/\/evertonfc.cz\/index.php\/2023\/01\/22\/west-ham-united-everton-20\/\"},\"author\":{\"name\":\"BlueBlooded\",\"@id\":\"https:\/\/evertonfc.cz\/#\/schema\/person\/d4493b8cbea51532597fbc4685698916\"},\"headline\":\"West Ham United \u2013 Everton 2:0\",\"datePublished\":\"2023-01-22T10:50:40+00:00\",\"dateModified\":\"2023-01-22T10:50:40+00:00\",\"mainEntityOfPage\":{\"@id\":\"https:\/\/evertonfc.cz\/index.php\/2023\/01\/22\/west-ham-united-everton-20\/\"},\"wordCount\":806,\"commentCount\":8,\"publisher\":{\"@id\":\"https:\/\/evertonfc.cz\/#organization\"},\"image\":{\"@id\":\"https:\/\/evertonfc.cz\/index.php\/2023\/01\/22\/west-ham-united-everton-20\/#primaryimage\"},\"thumbnailUrl\":\"https:\/\/evertonfc.cz\/wp-content\/uploads\/2023\/01\/West-Ham-vs-Everton-by-Alex-Pantling-Getty-Images-22-1-2023.jpg\",\"articleSection\":[\"Z\u00e1pasy\"],\"inLanguage\":\"cs\",\"potentialAction\":[{\"@type\":\"CommentAction\",\"name\":\"Comment\",\"target\":[\"https:\/\/evertonfc.cz\/index.php\/2023\/01\/22\/west-ham-united-everton-20\/#respond\"]}]},{\"@type\":\"WebPage\",\"@id\":\"https:\/\/evertonfc.cz\/index.php\/2023\/01\/22\/west-ham-united-everton-20\/\",\"url\":\"https:\/\/evertonfc.cz\/index.php\/2023\/01\/22\/west-ham-united-everton-20\/\",\"name\":\"West Ham United \u2013 Everton 2:0 - Official Czech &amp; Slovak Everton Supporters&#039; Club\",\"isPartOf\":{\"@id\":\"https:\/\/evertonfc.cz\/#website\"},\"primaryImageOfPage\":{\"@id\":\"https:\/\/evertonfc.cz\/index.php\/2023\/01\/22\/west-ham-united-everton-20\/#primaryimage\"},\"image\":{\"@id\":\"https:\/\/evertonfc.cz\/index.php\/2023\/01\/22\/west-ham-united-everton-20\/#primaryimage\"},\"thumbnailUrl\":\"https:\/\/evertonfc.cz\/wp-content\/uploads\/2023\/01\/West-Ham-vs-Everton-by-Alex-Pantling-Getty-Images-22-1-2023.jpg\",\"datePublished\":\"2023-01-22T10:50:40+00:00\",\"dateModified\":\"2023-01-22T10:50:40+00:00\",\"breadcrumb\":{\"@id\":\"https:\/\/evertonfc.cz\/index.php\/2023\/01\/22\/west-ham-united-everton-20\/#breadcrumb\"},\"inLanguage\":\"cs\",\"potentialAction\":[{\"@type\":\"ReadAction\",\"target\":[\"https:\/\/evertonfc.cz\/index.php\/2023\/01\/22\/west-ham-united-everton-20\/\"]}]},{\"@type\":\"ImageObject\",\"inLanguage\":\"cs\",\"@id\":\"https:\/\/evertonfc.cz\/index.php\/2023\/01\/22\/west-ham-united-everton-20\/#primaryimage\",\"url\":\"https:\/\/evertonfc.cz\/wp-content\/uploads\/2023\/01\/West-Ham-vs-Everton-by-Alex-Pantling-Getty-Images-22-1-2023.jpg\",\"contentUrl\":\"https:\/\/evertonfc.cz\/wp-content\/uploads\/2023\/01\/West-Ham-vs-Everton-by-Alex-Pantling-Getty-Images-22-1-2023.jpg\",\"width\":720,\"height\":405},{\"@type\":\"BreadcrumbList\",\"@id\":\"https:\/\/evertonfc.cz\/index.php\/2023\/01\/22\/west-ham-united-everton-20\/#breadcrumb\",\"itemListElement\":[{\"@type\":\"ListItem\",\"position\":1,\"name\":\"Home\",\"item\":\"https:\/\/evertonfc.cz\/\"},{\"@type\":\"ListItem\",\"position\":2,\"name\":\"West Ham United \u2013 Everton 2:0\"}]},{\"@type\":\"WebSite\",\"@id\":\"https:\/\/evertonfc.cz\/#website\",\"url\":\"https:\/\/evertonfc.cz\/\",\"name\":\"Official Czech &amp; Slovak Everton Supporters&#039; Club\",\"description\":\"\",\"publisher\":{\"@id\":\"https:\/\/evertonfc.cz\/#organization\"},\"potentialAction\":[{\"@type\":\"SearchAction\",\"target\":{\"@type\":\"EntryPoint\",\"urlTemplate\":\"https:\/\/evertonfc.cz\/?s={search_term_string}\"},\"query-input\":{\"@type\":\"PropertyValueSpecification\",\"valueRequired\":true,\"valueName\":\"search_term_string\"}}],\"inLanguage\":\"cs\"},{\"@type\":\"Organization\",\"@id\":\"https:\/\/evertonfc.cz\/#organization\",\"name\":\"Official Czech & Slovak Everton Supporters' Club\",\"url\":\"https:\/\/evertonfc.cz\/\",\"logo\":{\"@type\":\"ImageObject\",\"inLanguage\":\"cs\",\"@id\":\"https:\/\/evertonfc.cz\/#\/schema\/logo\/image\/\",\"url\":\"https:\/\/evertonfc.cz\/wp-content\/uploads\/2019\/05\/logo.png\",\"contentUrl\":\"https:\/\/evertonfc.cz\/wp-content\/uploads\/2019\/05\/logo.png\",\"width\":112,\"height\":112,\"caption\":\"Official Czech & Slovak Everton Supporters' Club\"},\"image\":{\"@id\":\"https:\/\/evertonfc.cz\/#\/schema\/logo\/image\/\"},\"sameAs\":[\"https:\/\/www.facebook.com\/everton.fans.cz.sk\"]},{\"@type\":\"Person\",\"@id\":\"https:\/\/evertonfc.cz\/#\/schema\/person\/d4493b8cbea51532597fbc4685698916\",\"name\":\"BlueBlooded\",\"url\":\"https:\/\/evertonfc.cz\/index.php\/author\/admin\/\"}]}<\/script>\n<!-- \/ Yoast SEO plugin. -->","yoast_head_json":{"title":"West Ham United \u2013 Everton 2:0 - Official Czech &amp; Slovak Everton Supporters&#039; Club","robots":{"index":"index","follow":"follow","max-snippet":"max-snippet:-1","max-image-preview":"max-image-preview:large","max-video-preview":"max-video-preview:-1"},"canonical":"https:\/\/evertonfc.cz\/index.php\/2023\/01\/22\/west-ham-united-everton-20\/","og_locale":"cs_CZ","og_type":"article","og_title":"West Ham United \u2013 Everton 2:0 - Official Czech &amp; Slovak Everton Supporters&#039; Club","og_description":"Karamelk\u00e1m za\u010d\u00ednaj\u00fa doch\u00e1dza\u0165 v\u00fdhovorky, a\u00a0znova sa ocitaj\u00fa na kri\u017eovatke, na ktorej sa d\u00e1 odbo\u010di\u0165 len raz. Ale v\u0161etci kompetentn\u00ed sa tv\u00e1ria, \u017ee sme na kruhovom objazde.","og_url":"https:\/\/evertonfc.cz\/index.php\/2023\/01\/22\/west-ham-united-everton-20\/","og_site_name":"Official Czech &amp; Slovak Everton Supporters&#039; Club","article_publisher":"https:\/\/www.facebook.com\/everton.fans.cz.sk","article_published_time":"2023-01-22T10:50:40+00:00","og_image":[{"width":720,"height":405,"url":"https:\/\/evertonfc.cz\/wp-content\/uploads\/2023\/01\/West-Ham-vs-Everton-by-Alex-Pantling-Getty-Images-22-1-2023.jpg","type":"image\/jpeg"}],"author":"BlueBlooded","twitter_card":"summary_large_image","twitter_misc":{"Napsal(a)":"BlueBlooded","Odhadovan\u00e1 doba \u010dten\u00ed":"4 minuty"},"schema":{"@context":"https:\/\/schema.org","@graph":[{"@type":"Article","@id":"https:\/\/evertonfc.cz\/index.php\/2023\/01\/22\/west-ham-united-everton-20\/#article","isPartOf":{"@id":"https:\/\/evertonfc.cz\/index.php\/2023\/01\/22\/west-ham-united-everton-20\/"},"author":{"name":"BlueBlooded","@id":"https:\/\/evertonfc.cz\/#\/schema\/person\/d4493b8cbea51532597fbc4685698916"},"headline":"West Ham United \u2013 Everton 2:0","datePublished":"2023-01-22T10:50:40+00:00","dateModified":"2023-01-22T10:50:40+00:00","mainEntityOfPage":{"@id":"https:\/\/evertonfc.cz\/index.php\/2023\/01\/22\/west-ham-united-everton-20\/"},"wordCount":806,"commentCount":8,"publisher":{"@id":"https:\/\/evertonfc.cz\/#organization"},"image":{"@id":"https:\/\/evertonfc.cz\/index.php\/2023\/01\/22\/west-ham-united-everton-20\/#primaryimage"},"thumbnailUrl":"https:\/\/evertonfc.cz\/wp-content\/uploads\/2023\/01\/West-Ham-vs-Everton-by-Alex-Pantling-Getty-Images-22-1-2023.jpg","articleSection":["Z\u00e1pasy"],"inLanguage":"cs","potentialAction":[{"@type":"CommentAction","name":"Comment","target":["https:\/\/evertonfc.cz\/index.php\/2023\/01\/22\/west-ham-united-everton-20\/#respond"]}]},{"@type":"WebPage","@id":"https:\/\/evertonfc.cz\/index.php\/2023\/01\/22\/west-ham-united-everton-20\/","url":"https:\/\/evertonfc.cz\/index.php\/2023\/01\/22\/west-ham-united-everton-20\/","name":"West Ham United \u2013 Everton 2:0 - Official Czech &amp; Slovak Everton Supporters&#039; Club","isPartOf":{"@id":"https:\/\/evertonfc.cz\/#website"},"primaryImageOfPage":{"@id":"https:\/\/evertonfc.cz\/index.php\/2023\/01\/22\/west-ham-united-everton-20\/#primaryimage"},"image":{"@id":"https:\/\/evertonfc.cz\/index.php\/2023\/01\/22\/west-ham-united-everton-20\/#primaryimage"},"thumbnailUrl":"https:\/\/evertonfc.cz\/wp-content\/uploads\/2023\/01\/West-Ham-vs-Everton-by-Alex-Pantling-Getty-Images-22-1-2023.jpg","datePublished":"2023-01-22T10:50:40+00:00","dateModified":"2023-01-22T10:50:40+00:00","breadcrumb":{"@id":"https:\/\/evertonfc.cz\/index.php\/2023\/01\/22\/west-ham-united-everton-20\/#breadcrumb"},"inLanguage":"cs","potentialAction":[{"@type":"ReadAction","target":["https:\/\/evertonfc.cz\/index.php\/2023\/01\/22\/west-ham-united-everton-20\/"]}]},{"@type":"ImageObject","inLanguage":"cs","@id":"https:\/\/evertonfc.cz\/index.php\/2023\/01\/22\/west-ham-united-everton-20\/#primaryimage","url":"https:\/\/evertonfc.cz\/wp-content\/uploads\/2023\/01\/West-Ham-vs-Everton-by-Alex-Pantling-Getty-Images-22-1-2023.jpg","contentUrl":"https:\/\/evertonfc.cz\/wp-content\/uploads\/2023\/01\/West-Ham-vs-Everton-by-Alex-Pantling-Getty-Images-22-1-2023.jpg","width":720,"height":405},{"@type":"BreadcrumbList","@id":"https:\/\/evertonfc.cz\/index.php\/2023\/01\/22\/west-ham-united-everton-20\/#breadcrumb","itemListElement":[{"@type":"ListItem","position":1,"name":"Home","item":"https:\/\/evertonfc.cz\/"},{"@type":"ListItem","position":2,"name":"West Ham United \u2013 Everton 2:0"}]},{"@type":"WebSite","@id":"https:\/\/evertonfc.cz\/#website","url":"https:\/\/evertonfc.cz\/","name":"Official Czech &amp; Slovak Everton Supporters&#039; Club","description":"","publisher":{"@id":"https:\/\/evertonfc.cz\/#organization"},"potentialAction":[{"@type":"SearchAction","target":{"@type":"EntryPoint","urlTemplate":"https:\/\/evertonfc.cz\/?s={search_term_string}"},"query-input":{"@type":"PropertyValueSpecification","valueRequired":true,"valueName":"search_term_string"}}],"inLanguage":"cs"},{"@type":"Organization","@id":"https:\/\/evertonfc.cz\/#organization","name":"Official Czech & Slovak Everton Supporters' Club","url":"https:\/\/evertonfc.cz\/","logo":{"@type":"ImageObject","inLanguage":"cs","@id":"https:\/\/evertonfc.cz\/#\/schema\/logo\/image\/","url":"https:\/\/evertonfc.cz\/wp-content\/uploads\/2019\/05\/logo.png","contentUrl":"https:\/\/evertonfc.cz\/wp-content\/uploads\/2019\/05\/logo.png","width":112,"height":112,"caption":"Official Czech & Slovak Everton Supporters' Club"},"image":{"@id":"https:\/\/evertonfc.cz\/#\/schema\/logo\/image\/"},"sameAs":["https:\/\/www.facebook.com\/everton.fans.cz.sk"]},{"@type":"Person","@id":"https:\/\/evertonfc.cz\/#\/schema\/person\/d4493b8cbea51532597fbc4685698916","name":"BlueBlooded","url":"https:\/\/evertonfc.cz\/index.php\/author\/admin\/"}]}},"_links":{"self":[{"href":"https:\/\/evertonfc.cz\/index.php\/wp-json\/wp\/v2\/posts\/20788"}],"collection":[{"href":"https:\/\/evertonfc.cz\/index.php\/wp-json\/wp\/v2\/posts"}],"about":[{"href":"https:\/\/evertonfc.cz\/index.php\/wp-json\/wp\/v2\/types\/post"}],"author":[{"embeddable":true,"href":"https:\/\/evertonfc.cz\/index.php\/wp-json\/wp\/v2\/users\/1"}],"replies":[{"embeddable":true,"href":"https:\/\/evertonfc.cz\/index.php\/wp-json\/wp\/v2\/comments?post=20788"}],"version-history":[{"count":7,"href":"https:\/\/evertonfc.cz\/index.php\/wp-json\/wp\/v2\/posts\/20788\/revisions"}],"predecessor-version":[{"id":20796,"href":"https:\/\/evertonfc.cz\/index.php\/wp-json\/wp\/v2\/posts\/20788\/revisions\/20796"}],"wp:featuredmedia":[{"embeddable":true,"href":"https:\/\/evertonfc.cz\/index.php\/wp-json\/wp\/v2\/media\/20789"}],"wp:attachment":[{"href":"https:\/\/evertonfc.cz\/index.php\/wp-json\/wp\/v2\/media?parent=20788"}],"wp:term":[{"taxonomy":"category","embeddable":true,"href":"https:\/\/evertonfc.cz\/index.php\/wp-json\/wp\/v2\/categories?post=20788"},{"taxonomy":"post_tag","embeddable":true,"href":"https:\/\/evertonfc.cz\/index.php\/wp-json\/wp\/v2\/tags?post=20788"}],"curies":[{"name":"wp","href":"https:\/\/api.w.org\/{rel}","templated":true}]}}