{"id":20816,"date":"2023-01-23T19:58:35","date_gmt":"2023-01-23T18:58:35","guid":{"rendered":"https:\/\/evertonfc.cz\/?p=20816"},"modified":"2023-01-26T13:34:42","modified_gmt":"2023-01-26T12:34:42","slug":"je-koniec-frank","status":"publish","type":"post","link":"https:\/\/evertonfc.cz\/index.php\/2023\/01\/23\/je-koniec-frank\/","title":{"rendered":"Je koniec, Frank"},"content":{"rendered":"<h4>Zapam\u00e4tajte si! V\u017edy, ke\u010f v\u00e1m Farhad Moshiri vyjadr\u00ed podporu a\u00a0d\u00f4veru, m\u00e1te tak t\u00fd\u017ede\u0148. Maxim\u00e1lne dva. Kruh sa teda uzavrel, a\u00a0m\u00f4\u017eeme za\u010da\u0165 p\u00edsa\u0165 nov\u00fd.<\/h4>\n<p>V\u0161etky m\u00e9dia to vedia u\u017e od obeda, len Everton st\u00e1le me\u0161k\u00e1 z ozn\u00e1men\u00edm. Frank Lampard skon\u010dil ako mana\u017e\u00e9r Evertonu. A to aj napriek obrovsk\u00e9mu re\u0161pektu a lojalite, ktor\u00fa mal v klube, \u010di v neposlednom rade uznaniu za \u0165a\u017ek\u00e9 okolnosti, ktor\u00fdm \u010delil po\u010das jeho funk\u010dn\u00e9ho obdobia. \u010eakujeme a nezabudneme na z\u00e1chranu Frank.<\/p>\n<p>No boli sme svedkami u\u017e viacer\u00fdch vyhoren\u00ed na\u0161ich tr\u00e9nerov v posledn\u00fdch sez\u00f3nach, a v\u017edy sa nimi sp\u00e1jali rovnak\u00e9 sympt\u00f3my, ak\u00e9 u\u017e za\u010dal vykazova\u0165 aj Lampard a jeho t\u00edm. T\u00edm prestal zbiera\u0165 body aj doma. Nedok\u00e1\u017ee uhra\u0165 ani rem\u00edzy s ostatn\u00fdmi kandid\u00e1tmi na zostup, tabu\u013ekov\u00fdmi susedmi, hoci papierovo by mal by\u0165 lep\u0161\u00ed.<\/p>\n<p>\u0160tyridsa\u0165\u0161tyriro\u010dn\u00fd tr\u00e9ner si prip\u00edsal len tri v\u00ed\u0165azstv\u00e1 v Premier League za cel\u00fa sez\u00f3nu. To je najhor\u0161ia 20-z\u00e1pasov\u00e1 v\u00fdsledkov\u00e1 sekvencia na za\u010diatku sez\u00f3ny v klubovej hist\u00f3rii. Tie\u017e nedok\u00e1zal post\u00fapi\u0165 cez tretie kolo ani v jednom dom\u00e1com poh\u00e1ri. Osudn\u00fdm mu bola \u00f4sma prehra z deviatich duelov vo v\u0161etk\u00fdch s\u00fa\u0165a\u017eiach.<\/p>\n<p>Pozrime sa na priebeh z\u00e1pasov. Rovnak\u00e9 zostavy, tie ist\u00e9 taktiky, toto\u017en\u00e9 striedania, resp. nestriedania. Stalo sa presne to, na \u010do ve\u013ea fan\u00fa\u0161ikov upozor\u0148ovalo u\u017e na za\u010diatku. Frank jednoducho nem\u00e1 minim\u00e1lne to\u013eko sk\u00fasenost\u00ed a schopnosti na to, aby dok\u00e1zal Everton z probl\u00e9mov dlhodobo dosta\u0165. Ale bu\u010fme objekt\u00edvni, patr\u00ed medzi obe\u0165.<\/p>\n<h4><strong>\u010co teraz?<\/strong><\/h4>\n<p>Toto nie je klub, ktor\u00fd si m\u00f4\u017ee dovoli\u0165 pomaly sa m\u00e1to\u017ei\u0165 k ist\u00e9mu zostupu. Nie sme Norwich, alebo in\u00e9 jojo kluby, ktor\u00e9 s\u00fa na to nastaven\u00e9. N\u00e1s to m\u00f4\u017ee polo\u017ei\u0165 ako Sunderland, alebo hor\u0161ie. Nekonanie by bolo v tomto pr\u00edpade samovra\u017eedn\u00e9. Vedenie mu tak doprialo aspo\u0148 st\u00e1le d\u00f4stojn\u00fd odchod bez nen\u00e1visti fan\u00fa\u0161ikov. Ak by pri tomto trende pri\u0161lo na zosmie\u0161nenie s Arsenalom, \u010di potupu od LFC, bolo by to \u0161kared\u00e9.<\/p>\n<p>Moshiri a predseda Kenwright neboli zhovor\u010div\u00ed, ke\u010f ich zastihli novin\u00e1ri pri odchode zo \u0161tadi\u00f3na po z\u00e1pase s\u00a0West Hamom. Ale v\u0161etk\u00fdm bolo jasn\u00e9, \u017ee musia podp\u00edsa\u0165 u\u017e siedmu v\u00fdpove\u010f mana\u017e\u00e9ra za t\u00fdchto britsko-ir\u00e1nskych \u010dias na L4. Presne rok a t\u00fd\u017ede\u0148 po tom, \u010do dostal svoju Ben\u00edtez po siedmich mesiacoch vo funkcii.<\/p>\n<p>O\u010dak\u00e1va sa, \u017ee tr\u00e9ningy od zajtra do\u010dasne prevezm\u00fa Leighton Baines (U18) a Paul Tait (U21). Ke\u010f\u017ee m\u00f4\u017eeme predpoklada\u0165, \u017ee n\u00e1stupca e\u0161te nie je zn\u00e1my ani vedeniu klubu, jedin\u00e9 odpovede n\u00e1m d\u00e1vaj\u00fa st\u00e1vkov\u00e9 kancel\u00e1rie. V najnov\u0161\u00edch kurzoch sa uprednost\u0148uj\u00fa men\u00e1 ako Sean Dyche, Nuno Espirito Santo, Wayne Rooney, Marcelo Bielsa \u010di Duncan Ferguson. Novin\u00e1rske zdroje si neprekvapivo protire\u010dia.<\/p>\n<h4><strong>Tentoraz to bude na nich<\/strong><\/h4>\n<p>Op\u00e4\u0165 v\u0161ak z\u00e1le\u017e\u00ed na veden\u00ed a ich vn\u00edmania situ\u00e1cie. Je pre nich zost\u00e1vaj\u00facich 18 ligov\u00fdch stretnut\u00ed dostato\u010dn\u00e1 hrozba pre prijatie kr\u00e1tkodob\u00e9ho spasite\u013ea? Predsa len, od posledn\u00e9ho miesta v tabu\u013eke n\u00e1s del\u00ed iba lep\u0161\u00ed g\u00f3lov\u00fd rozdiel. Alebo m\u00e1me ako v\u017edy \u010das a priestor rozj\u00edma\u0165 nad dlhodob\u00fdm kandid\u00e1tom, aby sme vz\u00e1p\u00e4t\u00ed aj tak zvolili prv\u00fa mo\u017enos\u0165? D\u00e1my a p\u00e1ni, preto\u017ee presne takto funguje s\u00fa\u010dasn\u00e9 vedenie EFC. Amat\u00e9rsky.<\/p>\n<p>Probl\u00e9mom je, \u017ee v ide\u00e1lnom svete potrebuje Everton niekoho, kto dok\u00e1\u017ee oboje. Mana\u017e\u00e9r s dostato\u010dn\u00fdmi sk\u00fasenos\u0165ami na to, aby ich v\u00a0tejto sez\u00f3ne dotiahol do bezpe\u010dia, a potom za\u010dal zase \u010fal\u0161\u00ed \u201eprojekt\u201c na \u010fal\u0161ie tri (?) roky po\u010dn\u00fac letn\u00fdm prestupov\u00fdm obdob\u00edm. V\u00a0tomto sa toti\u017e zmohneme len na hos\u0165ovania.<\/p>\n<p>Everton si pridal k vlastn\u00fdm probl\u00e9mom t\u00fdm, \u017ee s rozhodnut\u00edm \u010dakal a\u017e doteraz. Vedenie bude tvrdi\u0165, \u017ee nemali na v\u00fdber, pri\u010dom v\u0161eobecn\u00e9 volanie po stabilite prin\u00fatilo Moshiriho pred p\u00e1r d\u0148ami podpori\u0165 Lamparda. Ale v\u00fdsledky si vyn\u00fatili akciu u\u017e teraz. Je to typick\u00e9 reakt\u00edvne myslenie, ktor\u00e9 n\u00e1s sprev\u00e1dza u\u017e 7 rokov.<\/p>\n<p style=\"text-align: right;\"><span style=\"font-size: 8pt;\">(fotozdroj: Liverpool Echo)<\/span><\/p>\n","protected":false},"excerpt":{"rendered":"<p>Zapam\u00e4tajte si! V\u017edy, ke\u010f v\u00e1m Farhad Moshiri vyjadr\u00ed podporu a\u00a0d\u00f4veru, m\u00e1te tak t\u00fd\u017ede\u0148. Maxim\u00e1lne dva. Kruh sa teda uzavrel, a\u00a0m\u00f4\u017eeme za\u010da\u0165 p\u00edsa\u0165 nov\u00fd.<\/p>\n","protected":false},"author":1,"featured_media":20817,"comment_status":"open","ping_status":"closed","sticky":false,"template":"","format":"standard","meta":{"_eb_attr":"","_monsterinsights_skip_tracking":false,"_monsterinsights_sitenote_active":false,"_monsterinsights_sitenote_note":"","_monsterinsights_sitenote_category":0,"footnotes":""},"categories":[42],"tags":[],"yoast_head":"<!-- This site is optimized with the Yoast SEO plugin v23.4 - https:\/\/yoast.com\/wordpress\/plugins\/seo\/ -->\n<title>Je koniec, Frank - Official Czech &amp; Slovak Everton Supporters&#039; Club<\/title>\n<meta name=\"robots\" content=\"index, follow, max-snippet:-1, max-image-preview:large, max-video-preview:-1\" \/>\n<link rel=\"canonical\" href=\"https:\/\/evertonfc.cz\/index.php\/2023\/01\/23\/je-koniec-frank\/\" \/>\n<meta property=\"og:locale\" content=\"cs_CZ\" \/>\n<meta property=\"og:type\" content=\"article\" \/>\n<meta property=\"og:title\" content=\"Je koniec, Frank - Official Czech &amp; Slovak Everton Supporters&#039; Club\" \/>\n<meta property=\"og:description\" content=\"Zapam\u00e4tajte si! V\u017edy, ke\u010f v\u00e1m Farhad Moshiri vyjadr\u00ed podporu a\u00a0d\u00f4veru, m\u00e1te tak t\u00fd\u017ede\u0148. Maxim\u00e1lne dva. Kruh sa teda uzavrel, a\u00a0m\u00f4\u017eeme za\u010da\u0165 p\u00edsa\u0165 nov\u00fd.\" \/>\n<meta property=\"og:url\" content=\"https:\/\/evertonfc.cz\/index.php\/2023\/01\/23\/je-koniec-frank\/\" \/>\n<meta property=\"og:site_name\" content=\"Official Czech &amp; Slovak Everton Supporters&#039; Club\" \/>\n<meta property=\"article:publisher\" content=\"https:\/\/www.facebook.com\/everton.fans.cz.sk\" \/>\n<meta property=\"article:published_time\" content=\"2023-01-23T18:58:35+00:00\" \/>\n<meta property=\"article:modified_time\" content=\"2023-01-26T12:34:42+00:00\" \/>\n<meta property=\"og:image\" content=\"https:\/\/evertonfc.cz\/wp-content\/uploads\/2023\/01\/Frank-Lampard-by-LiverpoolEcho-23-1-2023.jpg\" \/>\n\t<meta property=\"og:image:width\" content=\"720\" \/>\n\t<meta property=\"og:image:height\" content=\"405\" \/>\n\t<meta property=\"og:image:type\" content=\"image\/jpeg\" \/>\n<meta name=\"author\" content=\"BlueBlooded\" \/>\n<meta name=\"twitter:card\" content=\"summary_large_image\" \/>\n<meta name=\"twitter:label1\" content=\"Napsal(a)\" \/>\n\t<meta name=\"twitter:data1\" content=\"BlueBlooded\" \/>\n\t<meta name=\"twitter:label2\" content=\"Odhadovan\u00e1 doba \u010dten\u00ed\" \/>\n\t<meta name=\"twitter:data2\" content=\"4 minuty\" \/>\n<script type=\"application\/ld+json\" class=\"yoast-schema-graph\">{\"@context\":\"https:\/\/schema.org\",\"@graph\":[{\"@type\":\"Article\",\"@id\":\"https:\/\/evertonfc.cz\/index.php\/2023\/01\/23\/je-koniec-frank\/#article\",\"isPartOf\":{\"@id\":\"https:\/\/evertonfc.cz\/index.php\/2023\/01\/23\/je-koniec-frank\/\"},\"author\":{\"name\":\"BlueBlooded\",\"@id\":\"https:\/\/evertonfc.cz\/#\/schema\/person\/d4493b8cbea51532597fbc4685698916\"},\"headline\":\"Je koniec, Frank\",\"datePublished\":\"2023-01-23T18:58:35+00:00\",\"dateModified\":\"2023-01-26T12:34:42+00:00\",\"mainEntityOfPage\":{\"@id\":\"https:\/\/evertonfc.cz\/index.php\/2023\/01\/23\/je-koniec-frank\/\"},\"wordCount\":759,\"commentCount\":24,\"publisher\":{\"@id\":\"https:\/\/evertonfc.cz\/#organization\"},\"image\":{\"@id\":\"https:\/\/evertonfc.cz\/index.php\/2023\/01\/23\/je-koniec-frank\/#primaryimage\"},\"thumbnailUrl\":\"https:\/\/evertonfc.cz\/wp-content\/uploads\/2023\/01\/Frank-Lampard-by-LiverpoolEcho-23-1-2023.jpg\",\"articleSection\":[\"Aktuality\"],\"inLanguage\":\"cs\",\"potentialAction\":[{\"@type\":\"CommentAction\",\"name\":\"Comment\",\"target\":[\"https:\/\/evertonfc.cz\/index.php\/2023\/01\/23\/je-koniec-frank\/#respond\"]}]},{\"@type\":\"WebPage\",\"@id\":\"https:\/\/evertonfc.cz\/index.php\/2023\/01\/23\/je-koniec-frank\/\",\"url\":\"https:\/\/evertonfc.cz\/index.php\/2023\/01\/23\/je-koniec-frank\/\",\"name\":\"Je koniec, Frank - Official Czech &amp; Slovak Everton Supporters&#039; Club\",\"isPartOf\":{\"@id\":\"https:\/\/evertonfc.cz\/#website\"},\"primaryImageOfPage\":{\"@id\":\"https:\/\/evertonfc.cz\/index.php\/2023\/01\/23\/je-koniec-frank\/#primaryimage\"},\"image\":{\"@id\":\"https:\/\/evertonfc.cz\/index.php\/2023\/01\/23\/je-koniec-frank\/#primaryimage\"},\"thumbnailUrl\":\"https:\/\/evertonfc.cz\/wp-content\/uploads\/2023\/01\/Frank-Lampard-by-LiverpoolEcho-23-1-2023.jpg\",\"datePublished\":\"2023-01-23T18:58:35+00:00\",\"dateModified\":\"2023-01-26T12:34:42+00:00\",\"breadcrumb\":{\"@id\":\"https:\/\/evertonfc.cz\/index.php\/2023\/01\/23\/je-koniec-frank\/#breadcrumb\"},\"inLanguage\":\"cs\",\"potentialAction\":[{\"@type\":\"ReadAction\",\"target\":[\"https:\/\/evertonfc.cz\/index.php\/2023\/01\/23\/je-koniec-frank\/\"]}]},{\"@type\":\"ImageObject\",\"inLanguage\":\"cs\",\"@id\":\"https:\/\/evertonfc.cz\/index.php\/2023\/01\/23\/je-koniec-frank\/#primaryimage\",\"url\":\"https:\/\/evertonfc.cz\/wp-content\/uploads\/2023\/01\/Frank-Lampard-by-LiverpoolEcho-23-1-2023.jpg\",\"contentUrl\":\"https:\/\/evertonfc.cz\/wp-content\/uploads\/2023\/01\/Frank-Lampard-by-LiverpoolEcho-23-1-2023.jpg\",\"width\":720,\"height\":405},{\"@type\":\"BreadcrumbList\",\"@id\":\"https:\/\/evertonfc.cz\/index.php\/2023\/01\/23\/je-koniec-frank\/#breadcrumb\",\"itemListElement\":[{\"@type\":\"ListItem\",\"position\":1,\"name\":\"Home\",\"item\":\"https:\/\/evertonfc.cz\/\"},{\"@type\":\"ListItem\",\"position\":2,\"name\":\"Je koniec, Frank\"}]},{\"@type\":\"WebSite\",\"@id\":\"https:\/\/evertonfc.cz\/#website\",\"url\":\"https:\/\/evertonfc.cz\/\",\"name\":\"Official Czech &amp; Slovak Everton Supporters&#039; Club\",\"description\":\"\",\"publisher\":{\"@id\":\"https:\/\/evertonfc.cz\/#organization\"},\"potentialAction\":[{\"@type\":\"SearchAction\",\"target\":{\"@type\":\"EntryPoint\",\"urlTemplate\":\"https:\/\/evertonfc.cz\/?s={search_term_string}\"},\"query-input\":{\"@type\":\"PropertyValueSpecification\",\"valueRequired\":true,\"valueName\":\"search_term_string\"}}],\"inLanguage\":\"cs\"},{\"@type\":\"Organization\",\"@id\":\"https:\/\/evertonfc.cz\/#organization\",\"name\":\"Official Czech & Slovak Everton Supporters' Club\",\"url\":\"https:\/\/evertonfc.cz\/\",\"logo\":{\"@type\":\"ImageObject\",\"inLanguage\":\"cs\",\"@id\":\"https:\/\/evertonfc.cz\/#\/schema\/logo\/image\/\",\"url\":\"https:\/\/evertonfc.cz\/wp-content\/uploads\/2019\/05\/logo.png\",\"contentUrl\":\"https:\/\/evertonfc.cz\/wp-content\/uploads\/2019\/05\/logo.png\",\"width\":112,\"height\":112,\"caption\":\"Official Czech & Slovak Everton Supporters' Club\"},\"image\":{\"@id\":\"https:\/\/evertonfc.cz\/#\/schema\/logo\/image\/\"},\"sameAs\":[\"https:\/\/www.facebook.com\/everton.fans.cz.sk\"]},{\"@type\":\"Person\",\"@id\":\"https:\/\/evertonfc.cz\/#\/schema\/person\/d4493b8cbea51532597fbc4685698916\",\"name\":\"BlueBlooded\",\"url\":\"https:\/\/evertonfc.cz\/index.php\/author\/admin\/\"}]}<\/script>\n<!-- \/ Yoast SEO plugin. -->","yoast_head_json":{"title":"Je koniec, Frank - Official Czech &amp; Slovak Everton Supporters&#039; Club","robots":{"index":"index","follow":"follow","max-snippet":"max-snippet:-1","max-image-preview":"max-image-preview:large","max-video-preview":"max-video-preview:-1"},"canonical":"https:\/\/evertonfc.cz\/index.php\/2023\/01\/23\/je-koniec-frank\/","og_locale":"cs_CZ","og_type":"article","og_title":"Je koniec, Frank - Official Czech &amp; Slovak Everton Supporters&#039; Club","og_description":"Zapam\u00e4tajte si! V\u017edy, ke\u010f v\u00e1m Farhad Moshiri vyjadr\u00ed podporu a\u00a0d\u00f4veru, m\u00e1te tak t\u00fd\u017ede\u0148. Maxim\u00e1lne dva. Kruh sa teda uzavrel, a\u00a0m\u00f4\u017eeme za\u010da\u0165 p\u00edsa\u0165 nov\u00fd.","og_url":"https:\/\/evertonfc.cz\/index.php\/2023\/01\/23\/je-koniec-frank\/","og_site_name":"Official Czech &amp; Slovak Everton Supporters&#039; Club","article_publisher":"https:\/\/www.facebook.com\/everton.fans.cz.sk","article_published_time":"2023-01-23T18:58:35+00:00","article_modified_time":"2023-01-26T12:34:42+00:00","og_image":[{"width":720,"height":405,"url":"https:\/\/evertonfc.cz\/wp-content\/uploads\/2023\/01\/Frank-Lampard-by-LiverpoolEcho-23-1-2023.jpg","type":"image\/jpeg"}],"author":"BlueBlooded","twitter_card":"summary_large_image","twitter_misc":{"Napsal(a)":"BlueBlooded","Odhadovan\u00e1 doba \u010dten\u00ed":"4 minuty"},"schema":{"@context":"https:\/\/schema.org","@graph":[{"@type":"Article","@id":"https:\/\/evertonfc.cz\/index.php\/2023\/01\/23\/je-koniec-frank\/#article","isPartOf":{"@id":"https:\/\/evertonfc.cz\/index.php\/2023\/01\/23\/je-koniec-frank\/"},"author":{"name":"BlueBlooded","@id":"https:\/\/evertonfc.cz\/#\/schema\/person\/d4493b8cbea51532597fbc4685698916"},"headline":"Je koniec, Frank","datePublished":"2023-01-23T18:58:35+00:00","dateModified":"2023-01-26T12:34:42+00:00","mainEntityOfPage":{"@id":"https:\/\/evertonfc.cz\/index.php\/2023\/01\/23\/je-koniec-frank\/"},"wordCount":759,"commentCount":24,"publisher":{"@id":"https:\/\/evertonfc.cz\/#organization"},"image":{"@id":"https:\/\/evertonfc.cz\/index.php\/2023\/01\/23\/je-koniec-frank\/#primaryimage"},"thumbnailUrl":"https:\/\/evertonfc.cz\/wp-content\/uploads\/2023\/01\/Frank-Lampard-by-LiverpoolEcho-23-1-2023.jpg","articleSection":["Aktuality"],"inLanguage":"cs","potentialAction":[{"@type":"CommentAction","name":"Comment","target":["https:\/\/evertonfc.cz\/index.php\/2023\/01\/23\/je-koniec-frank\/#respond"]}]},{"@type":"WebPage","@id":"https:\/\/evertonfc.cz\/index.php\/2023\/01\/23\/je-koniec-frank\/","url":"https:\/\/evertonfc.cz\/index.php\/2023\/01\/23\/je-koniec-frank\/","name":"Je koniec, Frank - Official Czech &amp; Slovak Everton Supporters&#039; Club","isPartOf":{"@id":"https:\/\/evertonfc.cz\/#website"},"primaryImageOfPage":{"@id":"https:\/\/evertonfc.cz\/index.php\/2023\/01\/23\/je-koniec-frank\/#primaryimage"},"image":{"@id":"https:\/\/evertonfc.cz\/index.php\/2023\/01\/23\/je-koniec-frank\/#primaryimage"},"thumbnailUrl":"https:\/\/evertonfc.cz\/wp-content\/uploads\/2023\/01\/Frank-Lampard-by-LiverpoolEcho-23-1-2023.jpg","datePublished":"2023-01-23T18:58:35+00:00","dateModified":"2023-01-26T12:34:42+00:00","breadcrumb":{"@id":"https:\/\/evertonfc.cz\/index.php\/2023\/01\/23\/je-koniec-frank\/#breadcrumb"},"inLanguage":"cs","potentialAction":[{"@type":"ReadAction","target":["https:\/\/evertonfc.cz\/index.php\/2023\/01\/23\/je-koniec-frank\/"]}]},{"@type":"ImageObject","inLanguage":"cs","@id":"https:\/\/evertonfc.cz\/index.php\/2023\/01\/23\/je-koniec-frank\/#primaryimage","url":"https:\/\/evertonfc.cz\/wp-content\/uploads\/2023\/01\/Frank-Lampard-by-LiverpoolEcho-23-1-2023.jpg","contentUrl":"https:\/\/evertonfc.cz\/wp-content\/uploads\/2023\/01\/Frank-Lampard-by-LiverpoolEcho-23-1-2023.jpg","width":720,"height":405},{"@type":"BreadcrumbList","@id":"https:\/\/evertonfc.cz\/index.php\/2023\/01\/23\/je-koniec-frank\/#breadcrumb","itemListElement":[{"@type":"ListItem","position":1,"name":"Home","item":"https:\/\/evertonfc.cz\/"},{"@type":"ListItem","position":2,"name":"Je koniec, Frank"}]},{"@type":"WebSite","@id":"https:\/\/evertonfc.cz\/#website","url":"https:\/\/evertonfc.cz\/","name":"Official Czech &amp; Slovak Everton Supporters&#039; Club","description":"","publisher":{"@id":"https:\/\/evertonfc.cz\/#organization"},"potentialAction":[{"@type":"SearchAction","target":{"@type":"EntryPoint","urlTemplate":"https:\/\/evertonfc.cz\/?s={search_term_string}"},"query-input":{"@type":"PropertyValueSpecification","valueRequired":true,"valueName":"search_term_string"}}],"inLanguage":"cs"},{"@type":"Organization","@id":"https:\/\/evertonfc.cz\/#organization","name":"Official Czech & Slovak Everton Supporters' Club","url":"https:\/\/evertonfc.cz\/","logo":{"@type":"ImageObject","inLanguage":"cs","@id":"https:\/\/evertonfc.cz\/#\/schema\/logo\/image\/","url":"https:\/\/evertonfc.cz\/wp-content\/uploads\/2019\/05\/logo.png","contentUrl":"https:\/\/evertonfc.cz\/wp-content\/uploads\/2019\/05\/logo.png","width":112,"height":112,"caption":"Official Czech & Slovak Everton Supporters' Club"},"image":{"@id":"https:\/\/evertonfc.cz\/#\/schema\/logo\/image\/"},"sameAs":["https:\/\/www.facebook.com\/everton.fans.cz.sk"]},{"@type":"Person","@id":"https:\/\/evertonfc.cz\/#\/schema\/person\/d4493b8cbea51532597fbc4685698916","name":"BlueBlooded","url":"https:\/\/evertonfc.cz\/index.php\/author\/admin\/"}]}},"_links":{"self":[{"href":"https:\/\/evertonfc.cz\/index.php\/wp-json\/wp\/v2\/posts\/20816"}],"collection":[{"href":"https:\/\/evertonfc.cz\/index.php\/wp-json\/wp\/v2\/posts"}],"about":[{"href":"https:\/\/evertonfc.cz\/index.php\/wp-json\/wp\/v2\/types\/post"}],"author":[{"embeddable":true,"href":"https:\/\/evertonfc.cz\/index.php\/wp-json\/wp\/v2\/users\/1"}],"replies":[{"embeddable":true,"href":"https:\/\/evertonfc.cz\/index.php\/wp-json\/wp\/v2\/comments?post=20816"}],"version-history":[{"count":10,"href":"https:\/\/evertonfc.cz\/index.php\/wp-json\/wp\/v2\/posts\/20816\/revisions"}],"predecessor-version":[{"id":20836,"href":"https:\/\/evertonfc.cz\/index.php\/wp-json\/wp\/v2\/posts\/20816\/revisions\/20836"}],"wp:featuredmedia":[{"embeddable":true,"href":"https:\/\/evertonfc.cz\/index.php\/wp-json\/wp\/v2\/media\/20817"}],"wp:attachment":[{"href":"https:\/\/evertonfc.cz\/index.php\/wp-json\/wp\/v2\/media?parent=20816"}],"wp:term":[{"taxonomy":"category","embeddable":true,"href":"https:\/\/evertonfc.cz\/index.php\/wp-json\/wp\/v2\/categories?post=20816"},{"taxonomy":"post_tag","embeddable":true,"href":"https:\/\/evertonfc.cz\/index.php\/wp-json\/wp\/v2\/tags?post=20816"}],"curies":[{"name":"wp","href":"https:\/\/api.w.org\/{rel}","templated":true}]}}