{"id":20843,"date":"2023-01-29T17:17:17","date_gmt":"2023-01-29T16:17:17","guid":{"rendered":"https:\/\/evertonfc.cz\/?p=20843"},"modified":"2023-01-30T17:57:54","modified_gmt":"2023-01-30T16:57:54","slug":"gordon-si-vytrucoval-prestup-do-newcastlu","status":"publish","type":"post","link":"https:\/\/evertonfc.cz\/index.php\/2023\/01\/29\/gordon-si-vytrucoval-prestup-do-newcastlu\/","title":{"rendered":"Gordon si vytrucoval p\u0159estup do Newcastlu"},"content":{"rendered":"<h4>Anthony Gordon se sice obr\u00e1til z\u00e1dy ke sv\u00e9mu mate\u0159sk\u00e9mu klubu, Everton ale nakonec nesmutn\u00ed, jeliko\u017e za jeho p\u0159estup inkasuje od Newcastlu a\u017e 40 milion\u016f liber v jedn\u00e9 spl\u00e1tce (!).<\/h4>\n<p>Nezvykl\u00e1 struktura transferu \u2013 obvykle se \u010d\u00e1stka rozkl\u00e1d\u00e1 na spl\u00e1tky do n\u011bkolika let \u2013 v\u00fdrazn\u011b zlep\u0161\u00ed neut\u011b\u0161enou finan\u010dn\u00ed situaci Toffees a snad bude znamenat zkompletov\u00e1n\u00ed jedno \u010di dvou p\u0159\u00edchod\u016f do konce p\u0159estupov\u00e9ho okna v \u00fater\u00fd.<\/p>\n<p>Krom\u011b 40milionov\u00e9 z\u00e1kladn\u00ed \u010d\u00e1stky jsou ve smlouv\u011b o p\u0159estupu tak\u00e9 zahrnuty v\u00fdkonnostn\u00ed bonusy do v\u00fd\u0161e p\u011bti milion\u016f liber a nav\u00edc z p\u0159\u00edpadn\u00e9ho dal\u0161\u00edho prodeje Gordona Everton obdr\u017e\u00ed od Magpies men\u0161\u00ed neuveden\u00e1 procenta.<\/p>\n<p>Zm\u00edn\u011bn\u00e9 detaily jsou pochopiteln\u011b neofici\u00e1ln\u00ed, poch\u00e1zej\u00ed ale z dob\u0159e ov\u011b\u0159en\u00fdch zdroj\u016f. Lze tedy konstatovat, \u017ee Everton uzav\u0159el velmi v\u00fdhodn\u00fd obchod za hr\u00e1\u010de, kter\u00fd podal \u017e\u00e1dost o p\u0159estup a t\u0159i dny se neuk\u00e1zal na tr\u00e9ninku, jen\u017e mimochodem vedl jeho d\u011btsk\u00fd idol Leighton Baines.<\/p>\n<p>U\u017e od l\u00e9ta prosakovaly informace o zhor\u0161en\u00e9m p\u0159\u00edstupu st\u00e1le jen 21let\u00e9ho talentu, kter\u00fd v lo\u0148sk\u00e9 sez\u00f3n\u011b p\u0159edv\u00e1d\u011bl velmi slibn\u00e9 v\u00fdkony a na za\u010d\u00e1tku leto\u0161n\u00edho ro\u010dn\u00edku se od n\u011bho o\u010dek\u00e1valy velk\u00e9 v\u011bci. Ty se ale nedostavily. U\u017e b\u00fdval\u00fd mana\u017eer Lampard mu p\u0159itom pln\u011b d\u016fv\u011b\u0159oval, v l\u00e9t\u011b r\u00e1zn\u011b odm\u00edtl 50milinov\u00e9 nab\u00eddky Chelsea a Tottenham na jeho prodej, a naopak mu sv\u011b\u0159il dres s magick\u00fdm \u010d\u00edslem deset a klub mu p\u0159edlo\u017eil novou dlouholetou smlouvu, ji\u017e v\u0161ak Gordon odm\u00edtl podepsat.<\/p>\n<p>Agiln\u00ed k\u0159\u00eddeln\u00edk s velk\u00fdm potenci\u00e1lem debutoval v prvn\u00edm t\u00fdmu Evertonu coby \u0161estn\u00e1ctilet\u00fd v roce 2017 v z\u00e1pase Evropsk\u00e9 ligy na p\u016fd\u011b Apollonu Limassol. Z klubov\u00e9ho akademie ho ale natrvalo vyt\u00e1hl mana\u017eer Carlo Ancelotti na za\u010d\u00e1tku roku 2020. Posl\u00e9ze si Gordon st\u0159ihl tak\u00e9 hostov\u00e1n\u00ed v druholigov\u00e9m Prestonu a od lo\u0148sk\u00e9 sez\u00f3ny ji\u017e stabiln\u011b pat\u0159il do z\u00e1kladn\u00ed sestavy Toffees, za kter\u00e9 celkem odehr\u00e1l 78 utk\u00e1n\u00ed, v nich\u017e vst\u0159elil sedm branek v\u010detn\u011b t\u0159\u00ed v aktu\u00e1ln\u00edm ro\u010dn\u00edku.<\/p>\n<p>V ambici\u00f3zn\u00edm Newcastlu podepsal smlouvu do roku 2028.<\/p>\n","protected":false},"excerpt":{"rendered":"<p>Anthony Gordon se sice obr\u00e1til z\u00e1dy ke sv\u00e9mu mate\u0159sk\u00e9mu klubu, Everton ale nakonec nesmutn\u00ed, jeliko\u017e za jeho p\u0159estup inkasuje od Newcastlu a\u017e 40 milion\u016f liber v jedn\u00e9 spl\u00e1tce (!).<\/p>\n","protected":false},"author":6,"featured_media":20842,"comment_status":"open","ping_status":"closed","sticky":false,"template":"","format":"standard","meta":{"_eb_attr":"","_monsterinsights_skip_tracking":false,"_monsterinsights_sitenote_active":false,"_monsterinsights_sitenote_note":"","_monsterinsights_sitenote_category":0,"footnotes":""},"categories":[41],"tags":[],"yoast_head":"<!-- This site is optimized with the Yoast SEO plugin v23.4 - https:\/\/yoast.com\/wordpress\/plugins\/seo\/ -->\n<title>Gordon si vytrucoval p\u0159estup do Newcastlu - Official Czech &amp; Slovak Everton Supporters&#039; Club<\/title>\n<meta name=\"description\" content=\"Anthony Gordon se sice obr\u00e1til z\u00e1dy ke sv\u00e9mu mate\u0159sk\u00e9mu klubu, Everton ale nakonec nesmutn\u00ed, jeliko\u017e za jeho p\u0159estup inkasuje od Newcastlu a\u017e 40 milion\u016f liber v jedn\u00e9 spl\u00e1tce (!).\" \/>\n<meta name=\"robots\" content=\"index, follow, max-snippet:-1, max-image-preview:large, max-video-preview:-1\" \/>\n<link rel=\"canonical\" href=\"https:\/\/evertonfc.cz\/index.php\/2023\/01\/29\/gordon-si-vytrucoval-prestup-do-newcastlu\/\" \/>\n<meta property=\"og:locale\" content=\"cs_CZ\" \/>\n<meta property=\"og:type\" content=\"article\" \/>\n<meta property=\"og:title\" content=\"Gordon si vytrucoval p\u0159estup do Newcastlu - Official Czech &amp; Slovak Everton Supporters&#039; Club\" \/>\n<meta property=\"og:description\" content=\"Anthony Gordon se sice obr\u00e1til z\u00e1dy ke sv\u00e9mu mate\u0159sk\u00e9mu klubu, Everton ale nakonec nesmutn\u00ed, jeliko\u017e za jeho p\u0159estup inkasuje od Newcastlu a\u017e 40 milion\u016f liber v jedn\u00e9 spl\u00e1tce (!).\" \/>\n<meta property=\"og:url\" content=\"https:\/\/evertonfc.cz\/index.php\/2023\/01\/29\/gordon-si-vytrucoval-prestup-do-newcastlu\/\" \/>\n<meta property=\"og:site_name\" content=\"Official Czech &amp; Slovak Everton Supporters&#039; Club\" \/>\n<meta property=\"article:publisher\" content=\"https:\/\/www.facebook.com\/everton.fans.cz.sk\" \/>\n<meta property=\"article:published_time\" content=\"2023-01-29T16:17:17+00:00\" \/>\n<meta property=\"article:modified_time\" content=\"2023-01-30T16:57:54+00:00\" \/>\n<meta property=\"og:image\" content=\"https:\/\/evertonfc.cz\/wp-content\/uploads\/2023\/01\/gordon_27_1_2023.png\" \/>\n\t<meta property=\"og:image:width\" content=\"720\" \/>\n\t<meta property=\"og:image:height\" content=\"405\" \/>\n\t<meta property=\"og:image:type\" content=\"image\/png\" \/>\n<meta name=\"author\" content=\"Ri\u010di\" \/>\n<meta name=\"twitter:card\" content=\"summary_large_image\" \/>\n<meta name=\"twitter:creator\" content=\"@rbrejsa\" \/>\n<meta name=\"twitter:label1\" content=\"Napsal(a)\" \/>\n\t<meta name=\"twitter:data1\" content=\"Ri\u010di\" \/>\n\t<meta name=\"twitter:label2\" content=\"Odhadovan\u00e1 doba \u010dten\u00ed\" \/>\n\t<meta name=\"twitter:data2\" content=\"2 minuty\" \/>\n<script type=\"application\/ld+json\" class=\"yoast-schema-graph\">{\"@context\":\"https:\/\/schema.org\",\"@graph\":[{\"@type\":\"Article\",\"@id\":\"https:\/\/evertonfc.cz\/index.php\/2023\/01\/29\/gordon-si-vytrucoval-prestup-do-newcastlu\/#article\",\"isPartOf\":{\"@id\":\"https:\/\/evertonfc.cz\/index.php\/2023\/01\/29\/gordon-si-vytrucoval-prestup-do-newcastlu\/\"},\"author\":{\"name\":\"Ri\u010di\",\"@id\":\"https:\/\/evertonfc.cz\/#\/schema\/person\/f7a5daedb2ffee98480bc70e191aaef1\"},\"headline\":\"Gordon si vytrucoval p\u0159estup do Newcastlu\",\"datePublished\":\"2023-01-29T16:17:17+00:00\",\"dateModified\":\"2023-01-30T16:57:54+00:00\",\"mainEntityOfPage\":{\"@id\":\"https:\/\/evertonfc.cz\/index.php\/2023\/01\/29\/gordon-si-vytrucoval-prestup-do-newcastlu\/\"},\"wordCount\":402,\"commentCount\":1,\"publisher\":{\"@id\":\"https:\/\/evertonfc.cz\/#organization\"},\"image\":{\"@id\":\"https:\/\/evertonfc.cz\/index.php\/2023\/01\/29\/gordon-si-vytrucoval-prestup-do-newcastlu\/#primaryimage\"},\"thumbnailUrl\":\"https:\/\/evertonfc.cz\/wp-content\/uploads\/2023\/01\/gordon_27_1_2023.png\",\"articleSection\":[\"P\u0159estupy\"],\"inLanguage\":\"cs\",\"potentialAction\":[{\"@type\":\"CommentAction\",\"name\":\"Comment\",\"target\":[\"https:\/\/evertonfc.cz\/index.php\/2023\/01\/29\/gordon-si-vytrucoval-prestup-do-newcastlu\/#respond\"]}]},{\"@type\":\"WebPage\",\"@id\":\"https:\/\/evertonfc.cz\/index.php\/2023\/01\/29\/gordon-si-vytrucoval-prestup-do-newcastlu\/\",\"url\":\"https:\/\/evertonfc.cz\/index.php\/2023\/01\/29\/gordon-si-vytrucoval-prestup-do-newcastlu\/\",\"name\":\"Gordon si vytrucoval p\u0159estup do Newcastlu - Official Czech &amp; Slovak Everton Supporters&#039; Club\",\"isPartOf\":{\"@id\":\"https:\/\/evertonfc.cz\/#website\"},\"primaryImageOfPage\":{\"@id\":\"https:\/\/evertonfc.cz\/index.php\/2023\/01\/29\/gordon-si-vytrucoval-prestup-do-newcastlu\/#primaryimage\"},\"image\":{\"@id\":\"https:\/\/evertonfc.cz\/index.php\/2023\/01\/29\/gordon-si-vytrucoval-prestup-do-newcastlu\/#primaryimage\"},\"thumbnailUrl\":\"https:\/\/evertonfc.cz\/wp-content\/uploads\/2023\/01\/gordon_27_1_2023.png\",\"datePublished\":\"2023-01-29T16:17:17+00:00\",\"dateModified\":\"2023-01-30T16:57:54+00:00\",\"description\":\"Anthony Gordon se sice obr\u00e1til z\u00e1dy ke sv\u00e9mu mate\u0159sk\u00e9mu klubu, Everton ale nakonec nesmutn\u00ed, jeliko\u017e za jeho p\u0159estup inkasuje od Newcastlu a\u017e 40 milion\u016f liber v jedn\u00e9 spl\u00e1tce (!).\",\"breadcrumb\":{\"@id\":\"https:\/\/evertonfc.cz\/index.php\/2023\/01\/29\/gordon-si-vytrucoval-prestup-do-newcastlu\/#breadcrumb\"},\"inLanguage\":\"cs\",\"potentialAction\":[{\"@type\":\"ReadAction\",\"target\":[\"https:\/\/evertonfc.cz\/index.php\/2023\/01\/29\/gordon-si-vytrucoval-prestup-do-newcastlu\/\"]}]},{\"@type\":\"ImageObject\",\"inLanguage\":\"cs\",\"@id\":\"https:\/\/evertonfc.cz\/index.php\/2023\/01\/29\/gordon-si-vytrucoval-prestup-do-newcastlu\/#primaryimage\",\"url\":\"https:\/\/evertonfc.cz\/wp-content\/uploads\/2023\/01\/gordon_27_1_2023.png\",\"contentUrl\":\"https:\/\/evertonfc.cz\/wp-content\/uploads\/2023\/01\/gordon_27_1_2023.png\",\"width\":720,\"height\":405},{\"@type\":\"BreadcrumbList\",\"@id\":\"https:\/\/evertonfc.cz\/index.php\/2023\/01\/29\/gordon-si-vytrucoval-prestup-do-newcastlu\/#breadcrumb\",\"itemListElement\":[{\"@type\":\"ListItem\",\"position\":1,\"name\":\"Home\",\"item\":\"https:\/\/evertonfc.cz\/\"},{\"@type\":\"ListItem\",\"position\":2,\"name\":\"Gordon si vytrucoval p\u0159estup do Newcastlu\"}]},{\"@type\":\"WebSite\",\"@id\":\"https:\/\/evertonfc.cz\/#website\",\"url\":\"https:\/\/evertonfc.cz\/\",\"name\":\"Official Czech &amp; Slovak Everton Supporters&#039; Club\",\"description\":\"\",\"publisher\":{\"@id\":\"https:\/\/evertonfc.cz\/#organization\"},\"potentialAction\":[{\"@type\":\"SearchAction\",\"target\":{\"@type\":\"EntryPoint\",\"urlTemplate\":\"https:\/\/evertonfc.cz\/?s={search_term_string}\"},\"query-input\":{\"@type\":\"PropertyValueSpecification\",\"valueRequired\":true,\"valueName\":\"search_term_string\"}}],\"inLanguage\":\"cs\"},{\"@type\":\"Organization\",\"@id\":\"https:\/\/evertonfc.cz\/#organization\",\"name\":\"Official Czech & Slovak Everton Supporters' Club\",\"url\":\"https:\/\/evertonfc.cz\/\",\"logo\":{\"@type\":\"ImageObject\",\"inLanguage\":\"cs\",\"@id\":\"https:\/\/evertonfc.cz\/#\/schema\/logo\/image\/\",\"url\":\"https:\/\/evertonfc.cz\/wp-content\/uploads\/2019\/05\/logo.png\",\"contentUrl\":\"https:\/\/evertonfc.cz\/wp-content\/uploads\/2019\/05\/logo.png\",\"width\":112,\"height\":112,\"caption\":\"Official Czech & Slovak Everton Supporters' Club\"},\"image\":{\"@id\":\"https:\/\/evertonfc.cz\/#\/schema\/logo\/image\/\"},\"sameAs\":[\"https:\/\/www.facebook.com\/everton.fans.cz.sk\"]},{\"@type\":\"Person\",\"@id\":\"https:\/\/evertonfc.cz\/#\/schema\/person\/f7a5daedb2ffee98480bc70e191aaef1\",\"name\":\"Ri\u010di\",\"sameAs\":[\"https:\/\/x.com\/rbrejsa\"],\"url\":\"https:\/\/evertonfc.cz\/index.php\/author\/rici\/\"}]}<\/script>\n<!-- \/ Yoast SEO plugin. -->","yoast_head_json":{"title":"Gordon si vytrucoval p\u0159estup do Newcastlu - Official Czech &amp; Slovak Everton Supporters&#039; Club","description":"Anthony Gordon se sice obr\u00e1til z\u00e1dy ke sv\u00e9mu mate\u0159sk\u00e9mu klubu, Everton ale nakonec nesmutn\u00ed, jeliko\u017e za jeho p\u0159estup inkasuje od Newcastlu a\u017e 40 milion\u016f liber v jedn\u00e9 spl\u00e1tce (!).","robots":{"index":"index","follow":"follow","max-snippet":"max-snippet:-1","max-image-preview":"max-image-preview:large","max-video-preview":"max-video-preview:-1"},"canonical":"https:\/\/evertonfc.cz\/index.php\/2023\/01\/29\/gordon-si-vytrucoval-prestup-do-newcastlu\/","og_locale":"cs_CZ","og_type":"article","og_title":"Gordon si vytrucoval p\u0159estup do Newcastlu - Official Czech &amp; Slovak Everton Supporters&#039; Club","og_description":"Anthony Gordon se sice obr\u00e1til z\u00e1dy ke sv\u00e9mu mate\u0159sk\u00e9mu klubu, Everton ale nakonec nesmutn\u00ed, jeliko\u017e za jeho p\u0159estup inkasuje od Newcastlu a\u017e 40 milion\u016f liber v jedn\u00e9 spl\u00e1tce (!).","og_url":"https:\/\/evertonfc.cz\/index.php\/2023\/01\/29\/gordon-si-vytrucoval-prestup-do-newcastlu\/","og_site_name":"Official Czech &amp; Slovak Everton Supporters&#039; Club","article_publisher":"https:\/\/www.facebook.com\/everton.fans.cz.sk","article_published_time":"2023-01-29T16:17:17+00:00","article_modified_time":"2023-01-30T16:57:54+00:00","og_image":[{"width":720,"height":405,"url":"https:\/\/evertonfc.cz\/wp-content\/uploads\/2023\/01\/gordon_27_1_2023.png","type":"image\/png"}],"author":"Ri\u010di","twitter_card":"summary_large_image","twitter_creator":"@rbrejsa","twitter_misc":{"Napsal(a)":"Ri\u010di","Odhadovan\u00e1 doba \u010dten\u00ed":"2 minuty"},"schema":{"@context":"https:\/\/schema.org","@graph":[{"@type":"Article","@id":"https:\/\/evertonfc.cz\/index.php\/2023\/01\/29\/gordon-si-vytrucoval-prestup-do-newcastlu\/#article","isPartOf":{"@id":"https:\/\/evertonfc.cz\/index.php\/2023\/01\/29\/gordon-si-vytrucoval-prestup-do-newcastlu\/"},"author":{"name":"Ri\u010di","@id":"https:\/\/evertonfc.cz\/#\/schema\/person\/f7a5daedb2ffee98480bc70e191aaef1"},"headline":"Gordon si vytrucoval p\u0159estup do Newcastlu","datePublished":"2023-01-29T16:17:17+00:00","dateModified":"2023-01-30T16:57:54+00:00","mainEntityOfPage":{"@id":"https:\/\/evertonfc.cz\/index.php\/2023\/01\/29\/gordon-si-vytrucoval-prestup-do-newcastlu\/"},"wordCount":402,"commentCount":1,"publisher":{"@id":"https:\/\/evertonfc.cz\/#organization"},"image":{"@id":"https:\/\/evertonfc.cz\/index.php\/2023\/01\/29\/gordon-si-vytrucoval-prestup-do-newcastlu\/#primaryimage"},"thumbnailUrl":"https:\/\/evertonfc.cz\/wp-content\/uploads\/2023\/01\/gordon_27_1_2023.png","articleSection":["P\u0159estupy"],"inLanguage":"cs","potentialAction":[{"@type":"CommentAction","name":"Comment","target":["https:\/\/evertonfc.cz\/index.php\/2023\/01\/29\/gordon-si-vytrucoval-prestup-do-newcastlu\/#respond"]}]},{"@type":"WebPage","@id":"https:\/\/evertonfc.cz\/index.php\/2023\/01\/29\/gordon-si-vytrucoval-prestup-do-newcastlu\/","url":"https:\/\/evertonfc.cz\/index.php\/2023\/01\/29\/gordon-si-vytrucoval-prestup-do-newcastlu\/","name":"Gordon si vytrucoval p\u0159estup do Newcastlu - Official Czech &amp; Slovak Everton Supporters&#039; Club","isPartOf":{"@id":"https:\/\/evertonfc.cz\/#website"},"primaryImageOfPage":{"@id":"https:\/\/evertonfc.cz\/index.php\/2023\/01\/29\/gordon-si-vytrucoval-prestup-do-newcastlu\/#primaryimage"},"image":{"@id":"https:\/\/evertonfc.cz\/index.php\/2023\/01\/29\/gordon-si-vytrucoval-prestup-do-newcastlu\/#primaryimage"},"thumbnailUrl":"https:\/\/evertonfc.cz\/wp-content\/uploads\/2023\/01\/gordon_27_1_2023.png","datePublished":"2023-01-29T16:17:17+00:00","dateModified":"2023-01-30T16:57:54+00:00","description":"Anthony Gordon se sice obr\u00e1til z\u00e1dy ke sv\u00e9mu mate\u0159sk\u00e9mu klubu, Everton ale nakonec nesmutn\u00ed, jeliko\u017e za jeho p\u0159estup inkasuje od Newcastlu a\u017e 40 milion\u016f liber v jedn\u00e9 spl\u00e1tce (!).","breadcrumb":{"@id":"https:\/\/evertonfc.cz\/index.php\/2023\/01\/29\/gordon-si-vytrucoval-prestup-do-newcastlu\/#breadcrumb"},"inLanguage":"cs","potentialAction":[{"@type":"ReadAction","target":["https:\/\/evertonfc.cz\/index.php\/2023\/01\/29\/gordon-si-vytrucoval-prestup-do-newcastlu\/"]}]},{"@type":"ImageObject","inLanguage":"cs","@id":"https:\/\/evertonfc.cz\/index.php\/2023\/01\/29\/gordon-si-vytrucoval-prestup-do-newcastlu\/#primaryimage","url":"https:\/\/evertonfc.cz\/wp-content\/uploads\/2023\/01\/gordon_27_1_2023.png","contentUrl":"https:\/\/evertonfc.cz\/wp-content\/uploads\/2023\/01\/gordon_27_1_2023.png","width":720,"height":405},{"@type":"BreadcrumbList","@id":"https:\/\/evertonfc.cz\/index.php\/2023\/01\/29\/gordon-si-vytrucoval-prestup-do-newcastlu\/#breadcrumb","itemListElement":[{"@type":"ListItem","position":1,"name":"Home","item":"https:\/\/evertonfc.cz\/"},{"@type":"ListItem","position":2,"name":"Gordon si vytrucoval p\u0159estup do Newcastlu"}]},{"@type":"WebSite","@id":"https:\/\/evertonfc.cz\/#website","url":"https:\/\/evertonfc.cz\/","name":"Official Czech &amp; Slovak Everton Supporters&#039; Club","description":"","publisher":{"@id":"https:\/\/evertonfc.cz\/#organization"},"potentialAction":[{"@type":"SearchAction","target":{"@type":"EntryPoint","urlTemplate":"https:\/\/evertonfc.cz\/?s={search_term_string}"},"query-input":{"@type":"PropertyValueSpecification","valueRequired":true,"valueName":"search_term_string"}}],"inLanguage":"cs"},{"@type":"Organization","@id":"https:\/\/evertonfc.cz\/#organization","name":"Official Czech & Slovak Everton Supporters' Club","url":"https:\/\/evertonfc.cz\/","logo":{"@type":"ImageObject","inLanguage":"cs","@id":"https:\/\/evertonfc.cz\/#\/schema\/logo\/image\/","url":"https:\/\/evertonfc.cz\/wp-content\/uploads\/2019\/05\/logo.png","contentUrl":"https:\/\/evertonfc.cz\/wp-content\/uploads\/2019\/05\/logo.png","width":112,"height":112,"caption":"Official Czech & Slovak Everton Supporters' Club"},"image":{"@id":"https:\/\/evertonfc.cz\/#\/schema\/logo\/image\/"},"sameAs":["https:\/\/www.facebook.com\/everton.fans.cz.sk"]},{"@type":"Person","@id":"https:\/\/evertonfc.cz\/#\/schema\/person\/f7a5daedb2ffee98480bc70e191aaef1","name":"Ri\u010di","sameAs":["https:\/\/x.com\/rbrejsa"],"url":"https:\/\/evertonfc.cz\/index.php\/author\/rici\/"}]}},"_links":{"self":[{"href":"https:\/\/evertonfc.cz\/index.php\/wp-json\/wp\/v2\/posts\/20843"}],"collection":[{"href":"https:\/\/evertonfc.cz\/index.php\/wp-json\/wp\/v2\/posts"}],"about":[{"href":"https:\/\/evertonfc.cz\/index.php\/wp-json\/wp\/v2\/types\/post"}],"author":[{"embeddable":true,"href":"https:\/\/evertonfc.cz\/index.php\/wp-json\/wp\/v2\/users\/6"}],"replies":[{"embeddable":true,"href":"https:\/\/evertonfc.cz\/index.php\/wp-json\/wp\/v2\/comments?post=20843"}],"version-history":[{"count":8,"href":"https:\/\/evertonfc.cz\/index.php\/wp-json\/wp\/v2\/posts\/20843\/revisions"}],"predecessor-version":[{"id":20853,"href":"https:\/\/evertonfc.cz\/index.php\/wp-json\/wp\/v2\/posts\/20843\/revisions\/20853"}],"wp:featuredmedia":[{"embeddable":true,"href":"https:\/\/evertonfc.cz\/index.php\/wp-json\/wp\/v2\/media\/20842"}],"wp:attachment":[{"href":"https:\/\/evertonfc.cz\/index.php\/wp-json\/wp\/v2\/media?parent=20843"}],"wp:term":[{"taxonomy":"category","embeddable":true,"href":"https:\/\/evertonfc.cz\/index.php\/wp-json\/wp\/v2\/categories?post=20843"},{"taxonomy":"post_tag","embeddable":true,"href":"https:\/\/evertonfc.cz\/index.php\/wp-json\/wp\/v2\/tags?post=20843"}],"curies":[{"name":"wp","href":"https:\/\/api.w.org\/{rel}","templated":true}]}}