{"id":20859,"date":"2023-01-30T18:07:29","date_gmt":"2023-01-30T17:07:29","guid":{"rendered":"https:\/\/evertonfc.cz\/?p=20859"},"modified":"2023-01-30T18:33:15","modified_gmt":"2023-01-30T17:33:15","slug":"in-dyche-we-trust","status":"publish","type":"post","link":"https:\/\/evertonfc.cz\/index.php\/2023\/01\/30\/in-dyche-we-trust\/","title":{"rendered":"In Dyche We Trust"},"content":{"rendered":"<h4>Kde jeden odmieta a \u0161pekuluje, druh\u00fd berie s v\u010fakou. Everton si za svojho \u010fal\u0161ieho z\u00e1chrancu zvolil Seana Dycha, mu\u017ea, ktor\u00fd svoj predo\u0161l\u00fd klub viedol 10 rokov.<\/h4>\n<p>Ubehol t\u00fd\u017ede\u0148, k\u00fdm sa priaznivci Karameliek ofici\u00e1lne do\u010dkali mena n\u00e1stupcu Frank Lamparda, minul\u00fd\u00a0pondelok pozbaven\u00e9ho veden\u00edm t\u00edmu. Na ozn\u00e1menie sme v\u0161ak museli netrpezlivo \u010daka\u0165 cel\u00fd v\u00edkend. Lebo ako obvykle, spo\u013eahliv\u00e9 zdroje to vytr\u00fabili u\u017e v\u00a0piatok na obed, ke\u010f\u017ee o\u010dividn\u00fd favorit Marcelo Bielsa odmietol pr\u00edle\u017eitos\u0165 okam\u017eite prevzia\u0165 vedenie. A tak EFC re\u00e1lne ostal u\u017e len b\u00fdval\u00fd \u0161\u00e9f Watfordu a\u00a0Burnley.<\/p>\n<p>Bol to \u0161tvrtok ve\u010der, kedy vysvitlo, \u017ee z preferencie Bielsu Moshirim ni\u010d nebude, nako\u013eko chcel Argent\u00edn\u010dan najprv prevzia\u0165 U21 a potom od leta prv\u00fd t\u00edm. Chcel \u010das na implement\u00e1ciu svojej jedine\u010dnej filozofie v klube. To by znamenalo privies\u0165 do\u010dasn\u00e9ho mana\u017e\u00e9ra. Dyche by len \u0165a\u017eko niekedy s\u00fahlasil s takou rolou. Hasi\u010da sme v Evertone mali u\u017e predt\u00fdm. Moshiri, ber\u00fac do \u00favahy rady svojho vedenia, s\u00fahlasil a rozhodol sa, \u017ee cestou vpred je Dyche. Na pohovoroch \u201ep\u00f4sobiv\u00fd\u201c, ako prezradili zasv\u00e4ten\u00e9 zdroje, \u201eenergick\u00fd a pripraven\u00fd na boj\u201c.<\/p>\n<h4><strong>Sean Dyche po podpise:<\/strong><\/h4>\n<blockquote><p><span style=\"font-size: 12pt;\"><em>\u201eJe pre m\u0148a c\u0165ou sta\u0165 sa mana\u017e\u00e9rom Evertonu. Moji zamestnanci a ja sme pripraven\u00ed pom\u00f4c\u0165 vr\u00e1ti\u0165 tento skvel\u00fd klub na spr\u00e1vnu cestu. Viem o v\u00e1\u0161nivej fan\u00fa\u0161ikovskej z\u00e1kladni Evertonu a o tom, ak\u00fd je pre nich tento klub vz\u00e1cny. Sme pripraven\u00ed pracova\u0165 a da\u0165 im to, \u010do chc\u00fa. Za\u010d\u00edna to potom na tri\u010dku, \u00fasil\u00edm a n\u00e1vratom k niektor\u00fdm z\u00e1kladn\u00fdm princ\u00edpom toho, \u010do Everton ako klub zast\u00e1val u\u017e dlh\u00fa dobu.<\/em> <em>Chceme vr\u00e1ti\u0165 dobr\u00fd pocit. Potrebujeme fan\u00fa\u0161ikov, potrebujeme jednotu a potrebujeme, aby boli v\u0161etci za jedno. Za\u010d\u00edna to u n\u00e1s ako zamestnancov a hr\u00e1\u010dov.\u201c<\/em><\/span><\/p><\/blockquote>\n<p>Dyche bol bez pr\u00e1ce od odchodu z Turf Moor vlani v\u00a0apr\u00edli. A to po desa\u0165ro\u010d\u00ed vedenia The Clarets. Po\u010das tejto doby, od okt\u00f3bra 2012 dvakr\u00e1t doviedol Burnley k postupu z Championship, a v ro\u010dn\u00edku 2017\/18 sa mu podarila aj \u00fa\u010das\u0165 v\u00a0kvalifik\u00e1ci\u00ed Eur\u00f3pskej ligy zo siedmeho miesta. Predt\u00fdm, ako ho nov\u00ed majitelia Burnley definit\u00edvne prepustili s klubom smeruj\u00facim k zostupu, teraz u\u017e 51-ro\u010dn\u00fd tr\u00e9ner udr\u017eal trpasl\u00edka v Premier League s obmedzen\u00fdm rozpo\u010dtom (\u010dasto najmen\u0161\u00edm v lige) cel\u00fdch p\u00e4\u0165 sez\u00f3n.<\/p>\n<h4><strong>Bill Kenwright:<\/strong><\/h4>\n<blockquote><p><span style=\"font-size: 12pt;\"><em>\u201eKevin a ja sme v posledn\u00fdch d\u0148och str\u00e1vili so Seanom zmyslupln\u00fd \u010das, a on ma r\u00fdchlo presved\u010dil, \u017ee m\u00e1 presne tie spr\u00e1vne vlastnosti, aby sa stal skvel\u00fdm mana\u017e\u00e9rom Evertonu. A tie\u017e mu\u017eom, ktor\u00fd by mohol in\u0161pirova\u0165 na\u0161u fan\u00fa\u0161ikovsk\u00fa z\u00e1klad\u0148u. A to ist\u00e9 c\u00edtil aj Farhad, ke\u010f ho stretol.\u201c<\/em><\/span><\/p><\/blockquote>\n<p>Dyche sa dohodol na kontrakte na dva a pol roka, identicky ako jeho predchodca Frank Lampard. Vypr\u0161\u00ed teda v j\u00fani 2025. Opr\u00e1t sa ujme po prv\u00fd raz v s\u00faboji Premier League proti Arsenalu v Goodison Parku v sobotu 4. febru\u00e1ra. A ak v\u0161etko p\u00f4jde pod\u013ea pl\u00e1nu (a kedy v Evertone ne\u0161lo?), Sean n\u00e1m poskytne r\u00fdchlu n\u00e1pravu udr\u017eate\u013en\u00fdch v\u00fdsledkov a sn\u00e1\u010f u\u017e aj dlhodob\u00fa stabilitu, ktor\u00e1 ni\u010d\u00ed klub nielen finan\u010dne.<\/p>\n<p>Ve\u013emi \u013eahko si m\u00f4\u017eeme predstavi\u0165, \u017ee zostane na Merseyside i zo desa\u0165 rokov ako David Moyes. A bude robi\u0165 to, \u010do v novodobej hist\u00f3rii i\u0161lo klubu najlep\u0161ie. A to potichu to prekon\u00e1va\u0165 o\u010dak\u00e1vania s t\u00edmom, ktor\u00fd je hrd\u00fd na to, \u017ee tvrdo pracuje a znepr\u00edjem\u0148uje \u017eivot ka\u017ed\u00e9mu, kto nav\u0161t\u00edvi Goodison Park. Mo\u017eno potom aj r\u00fdchlej\u0161ie odpust\u00edme a zabudneme na jeho neduh v detstve, \u010do sa fandeniu Redshites t\u00fdka.<\/p>\n<h4><strong>Dyche o\u00a0pl\u00e1noch s t\u00edmom:<\/strong><\/h4>\n<blockquote><p><span style=\"font-size: 12pt;\"><em>\u201eNa\u0161\u00edm cie\u013eom je vytvori\u0165 t\u00edm, ktor\u00fd funguje, bojuje a nos\u00ed odznak s hrdos\u0165ou. Spojenie s fan\u00fa\u0161ikmi potom m\u00f4\u017ee r\u00e1s\u0165 ve\u013emi r\u00fdchlo, preto\u017ee s\u00fa tak\u00ed v\u00e1\u0161niv\u00ed. V tomto k\u00e1dri je kvalita. Ale mus\u00edme ich prin\u00fati\u0165 \u017eiari\u0165. To je pr\u00e1ca m\u0148a a mojich zamestnancov. Chceme zmeni\u0165 podobu tohto klubu smerom dopredu, prerobi\u0165 ho na n\u00e1\u0161 \u0161t\u00fdl, ale tak, aby sme mohli vyhr\u00e1va\u0165. To je \u00faloha, ktor\u00e1 pred nami stoj\u00ed. Uisti\u0165 sa, \u017ee budujeme, takticky a technicky, d\u00e1vame hr\u00e1\u010dom organiz\u00e1ciu, d\u00e1vame im slobodu hra\u0165, u\u017e\u00edva\u0165 si futbal. Preto\u017ee je skvel\u00e9, ke\u010f t\u00edm hr\u00e1 s \u00fasmevom, ale my mus\u00edme vyhra\u0165.\u201c<\/em><\/span><\/p><\/blockquote>\n<p>Dycha bude podporova\u0165 b\u00fdval\u00fd kr\u00eddeln\u00edk Nottingham Forest Ian Woan ako jeho asistent mana\u017e\u00e9ra. B\u00fdval\u00fd anglick\u00fd reprezentant Steve Stone bude tr\u00e9ner prv\u00e9ho t\u00edmu a Mark Howard, ktor\u00fd poskytne podporu v oblasti \u0161portovej vedy. V\u0161etci traja zamestnanci predt\u00fdm pracovali s Dychom v Burnley. Spolo\u010dne dok\u00e1zali vytvori\u0165 mu\u017estvo, ktor\u00e9 bolo zn\u00e1me svojou silnou pracovnou etikou a t\u00edmov\u00fdm duchom.<\/p>\n<p>\u0160t\u00fdl hry sa m\u00f4\u017ee \u010dasom sta\u0165 probl\u00e9mom, ale to je moment\u00e1lne to najnepodstatnej\u0161ie, \u010do by malo Evertonians znepokojova\u0165. No ak sa bude jeho \u0161t\u00fdl v klube s v\u00e4\u010d\u0161\u00edmi zdrojmi vyv\u00edja\u0165, mohol by potvrdi\u0165 vlastn\u00e9 slov\u00e1 e\u0161te z p\u00f4sobenia v Lancashire: <em>\u201eAk by som i\u0161iel do in\u00e9ho klubu s in\u00fdmi schopnos\u0165ami, verte mi, hral by som inak.\u201c<\/em><\/p>\n<p style=\"text-align: right;\"><span style=\"font-size: 8pt;\">(fotozdroj: evertonfc.com)<\/span><\/p>\n","protected":false},"excerpt":{"rendered":"<p>Kde jeden odmieta a \u0161pekuluje, druh\u00fd berie s v\u010fakou. Everton si za svojho \u010fal\u0161ieho z\u00e1chrancu zvolil Seana Dycha, mu\u017ea, ktor\u00fd svoj predo\u0161l\u00fd klub viedol 10 rokov.<\/p>\n","protected":false},"author":1,"featured_media":20858,"comment_status":"open","ping_status":"closed","sticky":false,"template":"","format":"standard","meta":{"_eb_attr":"","_monsterinsights_skip_tracking":false,"_monsterinsights_sitenote_active":false,"_monsterinsights_sitenote_note":"","_monsterinsights_sitenote_category":0,"footnotes":""},"categories":[42],"tags":[],"yoast_head":"<!-- This site is optimized with the Yoast SEO plugin v23.4 - https:\/\/yoast.com\/wordpress\/plugins\/seo\/ -->\n<title>In Dyche We Trust - Official Czech &amp; Slovak Everton Supporters&#039; Club<\/title>\n<meta name=\"robots\" content=\"index, follow, max-snippet:-1, max-image-preview:large, max-video-preview:-1\" \/>\n<link rel=\"canonical\" href=\"https:\/\/evertonfc.cz\/index.php\/2023\/01\/30\/in-dyche-we-trust\/\" \/>\n<meta property=\"og:locale\" content=\"cs_CZ\" \/>\n<meta property=\"og:type\" content=\"article\" \/>\n<meta property=\"og:title\" content=\"In Dyche We Trust - Official Czech &amp; Slovak Everton Supporters&#039; Club\" \/>\n<meta property=\"og:description\" content=\"Kde jeden odmieta a \u0161pekuluje, druh\u00fd berie s v\u010fakou. Everton si za svojho \u010fal\u0161ieho z\u00e1chrancu zvolil Seana Dycha, mu\u017ea, ktor\u00fd svoj predo\u0161l\u00fd klub viedol 10 rokov.\" \/>\n<meta property=\"og:url\" content=\"https:\/\/evertonfc.cz\/index.php\/2023\/01\/30\/in-dyche-we-trust\/\" \/>\n<meta property=\"og:site_name\" content=\"Official Czech &amp; Slovak Everton Supporters&#039; Club\" \/>\n<meta property=\"article:publisher\" content=\"https:\/\/www.facebook.com\/everton.fans.cz.sk\" \/>\n<meta property=\"article:published_time\" content=\"2023-01-30T17:07:29+00:00\" \/>\n<meta property=\"article:modified_time\" content=\"2023-01-30T17:33:15+00:00\" \/>\n<meta property=\"og:image\" content=\"https:\/\/evertonfc.cz\/wp-content\/uploads\/2023\/01\/Sean-Dyche-30-1-2023.jpg\" \/>\n\t<meta property=\"og:image:width\" content=\"720\" \/>\n\t<meta property=\"og:image:height\" content=\"405\" \/>\n\t<meta property=\"og:image:type\" content=\"image\/jpeg\" \/>\n<meta name=\"author\" content=\"BlueBlooded\" \/>\n<meta name=\"twitter:card\" content=\"summary_large_image\" \/>\n<meta name=\"twitter:label1\" content=\"Napsal(a)\" \/>\n\t<meta name=\"twitter:data1\" content=\"BlueBlooded\" \/>\n\t<meta name=\"twitter:label2\" content=\"Odhadovan\u00e1 doba \u010dten\u00ed\" \/>\n\t<meta name=\"twitter:data2\" content=\"5 minut\" \/>\n<script type=\"application\/ld+json\" class=\"yoast-schema-graph\">{\"@context\":\"https:\/\/schema.org\",\"@graph\":[{\"@type\":\"Article\",\"@id\":\"https:\/\/evertonfc.cz\/index.php\/2023\/01\/30\/in-dyche-we-trust\/#article\",\"isPartOf\":{\"@id\":\"https:\/\/evertonfc.cz\/index.php\/2023\/01\/30\/in-dyche-we-trust\/\"},\"author\":{\"name\":\"BlueBlooded\",\"@id\":\"https:\/\/evertonfc.cz\/#\/schema\/person\/d4493b8cbea51532597fbc4685698916\"},\"headline\":\"In Dyche We Trust\",\"datePublished\":\"2023-01-30T17:07:29+00:00\",\"dateModified\":\"2023-01-30T17:33:15+00:00\",\"mainEntityOfPage\":{\"@id\":\"https:\/\/evertonfc.cz\/index.php\/2023\/01\/30\/in-dyche-we-trust\/\"},\"wordCount\":946,\"commentCount\":7,\"publisher\":{\"@id\":\"https:\/\/evertonfc.cz\/#organization\"},\"image\":{\"@id\":\"https:\/\/evertonfc.cz\/index.php\/2023\/01\/30\/in-dyche-we-trust\/#primaryimage\"},\"thumbnailUrl\":\"https:\/\/evertonfc.cz\/wp-content\/uploads\/2023\/01\/Sean-Dyche-30-1-2023.jpg\",\"articleSection\":[\"Aktuality\"],\"inLanguage\":\"cs\",\"potentialAction\":[{\"@type\":\"CommentAction\",\"name\":\"Comment\",\"target\":[\"https:\/\/evertonfc.cz\/index.php\/2023\/01\/30\/in-dyche-we-trust\/#respond\"]}]},{\"@type\":\"WebPage\",\"@id\":\"https:\/\/evertonfc.cz\/index.php\/2023\/01\/30\/in-dyche-we-trust\/\",\"url\":\"https:\/\/evertonfc.cz\/index.php\/2023\/01\/30\/in-dyche-we-trust\/\",\"name\":\"In Dyche We Trust - Official Czech &amp; Slovak Everton Supporters&#039; Club\",\"isPartOf\":{\"@id\":\"https:\/\/evertonfc.cz\/#website\"},\"primaryImageOfPage\":{\"@id\":\"https:\/\/evertonfc.cz\/index.php\/2023\/01\/30\/in-dyche-we-trust\/#primaryimage\"},\"image\":{\"@id\":\"https:\/\/evertonfc.cz\/index.php\/2023\/01\/30\/in-dyche-we-trust\/#primaryimage\"},\"thumbnailUrl\":\"https:\/\/evertonfc.cz\/wp-content\/uploads\/2023\/01\/Sean-Dyche-30-1-2023.jpg\",\"datePublished\":\"2023-01-30T17:07:29+00:00\",\"dateModified\":\"2023-01-30T17:33:15+00:00\",\"breadcrumb\":{\"@id\":\"https:\/\/evertonfc.cz\/index.php\/2023\/01\/30\/in-dyche-we-trust\/#breadcrumb\"},\"inLanguage\":\"cs\",\"potentialAction\":[{\"@type\":\"ReadAction\",\"target\":[\"https:\/\/evertonfc.cz\/index.php\/2023\/01\/30\/in-dyche-we-trust\/\"]}]},{\"@type\":\"ImageObject\",\"inLanguage\":\"cs\",\"@id\":\"https:\/\/evertonfc.cz\/index.php\/2023\/01\/30\/in-dyche-we-trust\/#primaryimage\",\"url\":\"https:\/\/evertonfc.cz\/wp-content\/uploads\/2023\/01\/Sean-Dyche-30-1-2023.jpg\",\"contentUrl\":\"https:\/\/evertonfc.cz\/wp-content\/uploads\/2023\/01\/Sean-Dyche-30-1-2023.jpg\",\"width\":720,\"height\":405},{\"@type\":\"BreadcrumbList\",\"@id\":\"https:\/\/evertonfc.cz\/index.php\/2023\/01\/30\/in-dyche-we-trust\/#breadcrumb\",\"itemListElement\":[{\"@type\":\"ListItem\",\"position\":1,\"name\":\"Home\",\"item\":\"https:\/\/evertonfc.cz\/\"},{\"@type\":\"ListItem\",\"position\":2,\"name\":\"In Dyche We Trust\"}]},{\"@type\":\"WebSite\",\"@id\":\"https:\/\/evertonfc.cz\/#website\",\"url\":\"https:\/\/evertonfc.cz\/\",\"name\":\"Official Czech &amp; Slovak Everton Supporters&#039; Club\",\"description\":\"\",\"publisher\":{\"@id\":\"https:\/\/evertonfc.cz\/#organization\"},\"potentialAction\":[{\"@type\":\"SearchAction\",\"target\":{\"@type\":\"EntryPoint\",\"urlTemplate\":\"https:\/\/evertonfc.cz\/?s={search_term_string}\"},\"query-input\":{\"@type\":\"PropertyValueSpecification\",\"valueRequired\":true,\"valueName\":\"search_term_string\"}}],\"inLanguage\":\"cs\"},{\"@type\":\"Organization\",\"@id\":\"https:\/\/evertonfc.cz\/#organization\",\"name\":\"Official Czech & Slovak Everton Supporters' Club\",\"url\":\"https:\/\/evertonfc.cz\/\",\"logo\":{\"@type\":\"ImageObject\",\"inLanguage\":\"cs\",\"@id\":\"https:\/\/evertonfc.cz\/#\/schema\/logo\/image\/\",\"url\":\"https:\/\/evertonfc.cz\/wp-content\/uploads\/2019\/05\/logo.png\",\"contentUrl\":\"https:\/\/evertonfc.cz\/wp-content\/uploads\/2019\/05\/logo.png\",\"width\":112,\"height\":112,\"caption\":\"Official Czech & Slovak Everton Supporters' Club\"},\"image\":{\"@id\":\"https:\/\/evertonfc.cz\/#\/schema\/logo\/image\/\"},\"sameAs\":[\"https:\/\/www.facebook.com\/everton.fans.cz.sk\"]},{\"@type\":\"Person\",\"@id\":\"https:\/\/evertonfc.cz\/#\/schema\/person\/d4493b8cbea51532597fbc4685698916\",\"name\":\"BlueBlooded\",\"url\":\"https:\/\/evertonfc.cz\/index.php\/author\/admin\/\"}]}<\/script>\n<!-- \/ Yoast SEO plugin. -->","yoast_head_json":{"title":"In Dyche We Trust - Official Czech &amp; Slovak Everton Supporters&#039; Club","robots":{"index":"index","follow":"follow","max-snippet":"max-snippet:-1","max-image-preview":"max-image-preview:large","max-video-preview":"max-video-preview:-1"},"canonical":"https:\/\/evertonfc.cz\/index.php\/2023\/01\/30\/in-dyche-we-trust\/","og_locale":"cs_CZ","og_type":"article","og_title":"In Dyche We Trust - Official Czech &amp; Slovak Everton Supporters&#039; Club","og_description":"Kde jeden odmieta a \u0161pekuluje, druh\u00fd berie s v\u010fakou. Everton si za svojho \u010fal\u0161ieho z\u00e1chrancu zvolil Seana Dycha, mu\u017ea, ktor\u00fd svoj predo\u0161l\u00fd klub viedol 10 rokov.","og_url":"https:\/\/evertonfc.cz\/index.php\/2023\/01\/30\/in-dyche-we-trust\/","og_site_name":"Official Czech &amp; Slovak Everton Supporters&#039; Club","article_publisher":"https:\/\/www.facebook.com\/everton.fans.cz.sk","article_published_time":"2023-01-30T17:07:29+00:00","article_modified_time":"2023-01-30T17:33:15+00:00","og_image":[{"width":720,"height":405,"url":"https:\/\/evertonfc.cz\/wp-content\/uploads\/2023\/01\/Sean-Dyche-30-1-2023.jpg","type":"image\/jpeg"}],"author":"BlueBlooded","twitter_card":"summary_large_image","twitter_misc":{"Napsal(a)":"BlueBlooded","Odhadovan\u00e1 doba \u010dten\u00ed":"5 minut"},"schema":{"@context":"https:\/\/schema.org","@graph":[{"@type":"Article","@id":"https:\/\/evertonfc.cz\/index.php\/2023\/01\/30\/in-dyche-we-trust\/#article","isPartOf":{"@id":"https:\/\/evertonfc.cz\/index.php\/2023\/01\/30\/in-dyche-we-trust\/"},"author":{"name":"BlueBlooded","@id":"https:\/\/evertonfc.cz\/#\/schema\/person\/d4493b8cbea51532597fbc4685698916"},"headline":"In Dyche We Trust","datePublished":"2023-01-30T17:07:29+00:00","dateModified":"2023-01-30T17:33:15+00:00","mainEntityOfPage":{"@id":"https:\/\/evertonfc.cz\/index.php\/2023\/01\/30\/in-dyche-we-trust\/"},"wordCount":946,"commentCount":7,"publisher":{"@id":"https:\/\/evertonfc.cz\/#organization"},"image":{"@id":"https:\/\/evertonfc.cz\/index.php\/2023\/01\/30\/in-dyche-we-trust\/#primaryimage"},"thumbnailUrl":"https:\/\/evertonfc.cz\/wp-content\/uploads\/2023\/01\/Sean-Dyche-30-1-2023.jpg","articleSection":["Aktuality"],"inLanguage":"cs","potentialAction":[{"@type":"CommentAction","name":"Comment","target":["https:\/\/evertonfc.cz\/index.php\/2023\/01\/30\/in-dyche-we-trust\/#respond"]}]},{"@type":"WebPage","@id":"https:\/\/evertonfc.cz\/index.php\/2023\/01\/30\/in-dyche-we-trust\/","url":"https:\/\/evertonfc.cz\/index.php\/2023\/01\/30\/in-dyche-we-trust\/","name":"In Dyche We Trust - Official Czech &amp; Slovak Everton Supporters&#039; Club","isPartOf":{"@id":"https:\/\/evertonfc.cz\/#website"},"primaryImageOfPage":{"@id":"https:\/\/evertonfc.cz\/index.php\/2023\/01\/30\/in-dyche-we-trust\/#primaryimage"},"image":{"@id":"https:\/\/evertonfc.cz\/index.php\/2023\/01\/30\/in-dyche-we-trust\/#primaryimage"},"thumbnailUrl":"https:\/\/evertonfc.cz\/wp-content\/uploads\/2023\/01\/Sean-Dyche-30-1-2023.jpg","datePublished":"2023-01-30T17:07:29+00:00","dateModified":"2023-01-30T17:33:15+00:00","breadcrumb":{"@id":"https:\/\/evertonfc.cz\/index.php\/2023\/01\/30\/in-dyche-we-trust\/#breadcrumb"},"inLanguage":"cs","potentialAction":[{"@type":"ReadAction","target":["https:\/\/evertonfc.cz\/index.php\/2023\/01\/30\/in-dyche-we-trust\/"]}]},{"@type":"ImageObject","inLanguage":"cs","@id":"https:\/\/evertonfc.cz\/index.php\/2023\/01\/30\/in-dyche-we-trust\/#primaryimage","url":"https:\/\/evertonfc.cz\/wp-content\/uploads\/2023\/01\/Sean-Dyche-30-1-2023.jpg","contentUrl":"https:\/\/evertonfc.cz\/wp-content\/uploads\/2023\/01\/Sean-Dyche-30-1-2023.jpg","width":720,"height":405},{"@type":"BreadcrumbList","@id":"https:\/\/evertonfc.cz\/index.php\/2023\/01\/30\/in-dyche-we-trust\/#breadcrumb","itemListElement":[{"@type":"ListItem","position":1,"name":"Home","item":"https:\/\/evertonfc.cz\/"},{"@type":"ListItem","position":2,"name":"In Dyche We Trust"}]},{"@type":"WebSite","@id":"https:\/\/evertonfc.cz\/#website","url":"https:\/\/evertonfc.cz\/","name":"Official Czech &amp; Slovak Everton Supporters&#039; Club","description":"","publisher":{"@id":"https:\/\/evertonfc.cz\/#organization"},"potentialAction":[{"@type":"SearchAction","target":{"@type":"EntryPoint","urlTemplate":"https:\/\/evertonfc.cz\/?s={search_term_string}"},"query-input":{"@type":"PropertyValueSpecification","valueRequired":true,"valueName":"search_term_string"}}],"inLanguage":"cs"},{"@type":"Organization","@id":"https:\/\/evertonfc.cz\/#organization","name":"Official Czech & Slovak Everton Supporters' Club","url":"https:\/\/evertonfc.cz\/","logo":{"@type":"ImageObject","inLanguage":"cs","@id":"https:\/\/evertonfc.cz\/#\/schema\/logo\/image\/","url":"https:\/\/evertonfc.cz\/wp-content\/uploads\/2019\/05\/logo.png","contentUrl":"https:\/\/evertonfc.cz\/wp-content\/uploads\/2019\/05\/logo.png","width":112,"height":112,"caption":"Official Czech & Slovak Everton Supporters' Club"},"image":{"@id":"https:\/\/evertonfc.cz\/#\/schema\/logo\/image\/"},"sameAs":["https:\/\/www.facebook.com\/everton.fans.cz.sk"]},{"@type":"Person","@id":"https:\/\/evertonfc.cz\/#\/schema\/person\/d4493b8cbea51532597fbc4685698916","name":"BlueBlooded","url":"https:\/\/evertonfc.cz\/index.php\/author\/admin\/"}]}},"_links":{"self":[{"href":"https:\/\/evertonfc.cz\/index.php\/wp-json\/wp\/v2\/posts\/20859"}],"collection":[{"href":"https:\/\/evertonfc.cz\/index.php\/wp-json\/wp\/v2\/posts"}],"about":[{"href":"https:\/\/evertonfc.cz\/index.php\/wp-json\/wp\/v2\/types\/post"}],"author":[{"embeddable":true,"href":"https:\/\/evertonfc.cz\/index.php\/wp-json\/wp\/v2\/users\/1"}],"replies":[{"embeddable":true,"href":"https:\/\/evertonfc.cz\/index.php\/wp-json\/wp\/v2\/comments?post=20859"}],"version-history":[{"count":10,"href":"https:\/\/evertonfc.cz\/index.php\/wp-json\/wp\/v2\/posts\/20859\/revisions"}],"predecessor-version":[{"id":20869,"href":"https:\/\/evertonfc.cz\/index.php\/wp-json\/wp\/v2\/posts\/20859\/revisions\/20869"}],"wp:featuredmedia":[{"embeddable":true,"href":"https:\/\/evertonfc.cz\/index.php\/wp-json\/wp\/v2\/media\/20858"}],"wp:attachment":[{"href":"https:\/\/evertonfc.cz\/index.php\/wp-json\/wp\/v2\/media?parent=20859"}],"wp:term":[{"taxonomy":"category","embeddable":true,"href":"https:\/\/evertonfc.cz\/index.php\/wp-json\/wp\/v2\/categories?post=20859"},{"taxonomy":"post_tag","embeddable":true,"href":"https:\/\/evertonfc.cz\/index.php\/wp-json\/wp\/v2\/tags?post=20859"}],"curies":[{"name":"wp","href":"https:\/\/api.w.org\/{rel}","templated":true}]}}