{"id":20871,"date":"2023-02-01T22:41:56","date_gmt":"2023-02-01T21:41:56","guid":{"rendered":"https:\/\/evertonfc.cz\/?p=20871"},"modified":"2023-02-03T19:03:40","modified_gmt":"2023-02-03T18:03:40","slug":"wfa-cup-everton-w-birmingham-city-w-01","status":"publish","type":"post","link":"https:\/\/evertonfc.cz\/index.php\/2023\/02\/01\/wfa-cup-everton-w-birmingham-city-w-01\/","title":{"rendered":"WFA Cup: Everton W &#8211; Birmingham City W 0:1"},"content":{"rendered":"<h4>Co je platn\u00e9, \u017ee v lize se za\u010dalo da\u0159it, kdy\u017e hned p\u0159i prvn\u00edm kroku do FA Cupu v\u00e1s z n\u011bj obratem vyvede p\u00e1t\u00fd t\u00fdm Championship.<\/h4>\n<p>P\u0159i v\u0161\u00ed \u00fact\u011b k Birmingham City to m\u011bl b\u00fdt rutinn\u00ed postupov\u00fd z\u00e1pas. Jen\u017ee Everton way, \u017ee.\u00a0 P\u0159itom n\u00e1m v\u0161e teoreticky hr\u00e1lo do ruky: K dispozici prakticky kompletn\u00ed k\u00e1dr, vzestup formy v posledn\u00edch ligov\u00fdch z\u00e1pasech a spokojenost fanou\u0161k\u016f, hr\u00e1\u010dek i mana\u017eera. Ale tentokr\u00e1t to k \u00fasp\u011bchu nesta\u010dilo.<\/p>\n<h4>Pr\u016fb\u011bh z\u00e1pasu<\/h4>\n<p>Prvn\u00ed polo\u010das se sice nakonec nesl ve znamen\u00ed optick\u00e9 p\u0159evahy n\u00e1s, dom\u00e1c\u00edch, ale prvn\u00ed st\u0159elou na br\u00e1nu se u\u017e ve 2. minut\u011b prezentoval Birmingham, konkr\u00e9tn\u011b Claudia Walker. Brosnan ov\u0161em m\u00ed\u010d bez probl\u00e9m\u016f zkrotila. Za n\u00e1s se pokusila odpov\u011bd\u011bt Bennison, ale podstatn\u011b v\u011bt\u0161\u00ed \u0161ance m\u011bly Park a Beever-Jones:\u00a0 Park rozezvu\u010dila svoj\u00ed st\u0159elou ty\u010dku branky, st\u0159elu Beever-Jones z p\u0159\u00edm\u00e1ku sta\u010dila zlikvidovat Thomas. A nebyla to jedin\u00e1 st\u0159ela, kterou Thomas na\u0161\u00ed z\u00e1puj\u010dce z Chelsea eliminovala. S p\u0159ib\u00fdvaj\u00edc\u00edmi minutami a nulou na na\u0161em kont\u011b za\u010dala nar\u016fstat nervozita a nep\u0159esnosti, kter\u00e9 birminghamsk\u00e9 za\u010daly vyu\u017e\u00edvat k proti\u00fatok\u016fm.<\/p>\n<p>Po p\u0159est\u00e1vce m\u011bla g\u00f3l na kopa\u010dce S\u00f8rensen, ale ve slibn\u00e9 pozici m\u00ed\u0159ila mimo. Pak u\u017e hr\u00e1\u010dky v \u010derven\u00fdch dresech ude\u0159ily: V 60. minut\u011b Murray zachytila ne\u0161\u0165astn\u011b rozehran\u00fd aut, postupn\u011b si poradila s uklouznuv\u0161\u00edmi Bennison a Hope a doru\u010dila m\u00ed\u010d do v\u00e1pna. Zde se ho\u00a0 zmocnila Jade Pennock a s p\u0159ehledem obst\u0159elila Brosnan &#8211; <strong>0:1<\/strong>. Na\u0161e odpov\u011b\u010f ale byla jen polovi\u010dat\u00e1: obr\u00e1tky jsme sice m\u00edrn\u011b zv\u00fd\u0161lili, ale na g\u00f3l to nesta\u010dilo. I kdy\u017e st\u0159ela Beever Jones ze z\u00e1v\u011bru z\u00e1pasu, te\u010dovan\u00e1 op\u011bt Pennock byla velmi slibn\u00e1. Z\u00fastalo bohu\u017eel jen u p\u0159\u00edslibu a Birmingham City tak na\u0161\u00ed leto\u0161n\u00ed pou\u0165 za ziskem FA Cup velmi \u010dasn\u011b ukon\u010dil.<\/p>\n<h4>Shrnut\u00ed<\/h4>\n<p>Tohle nebylo ono. Hr\u00e1\u010dk\u00e1m se ned\u00e1 up\u0159\u00edt snaha, ale vzhledem k jalov\u00e9 koncovce to bylo m\u00e1lo. Mo\u017en\u00e1 \u0161lo hr\u00e1t jednodu\u0161eji, mo\u017en\u00e1 se prost\u011b jen neda\u0159ilo. M\u016f\u017eeme jen spekulovat, jak by s hra vyv\u00edjela, kdyba aspo\u0148 jedna z n\u011bkolika slibn\u00fdch \u0161anc\u00ed Beever-Jones, asi na\u0161\u00ed nejlep\u0161\u00ed hr\u00e1\u010dky z\u00e1pasu byla prom\u011bn\u011bn\u00e1. \u0160koda, \u017ee nepoveden\u00e9 utk\u00e1n\u00ed n\u00e1s st\u00e1lo putov\u00e1n\u00ed poh\u00e1rem. Zda \u0161lo o p\u0159echodn\u00fd v\u00fdpadek, nebo o dal\u0161\u00ed a del\u0161\u00ed ataku sestupn\u00e9 \u010d\u00e1sti evertonsk\u00e9 sinusoidy uk\u00e1\u017ee utk\u00e1n\u00ed v ned\u011bli 5.2.\u00a0 Soupe\u0159 n\u00e1s \u010dek\u00e1 nadm\u00edru t\u011b\u017ek\u00fd, vyj\u00ed\u017ed\u00edme do Manchesteru \u010delit dom\u00e1c\u00edm United. <span style=\"color: #000000;\">Tak tedy <\/span><strong><span style=\"color: #0000ff;\">COYB!<\/span><\/strong><\/p>\n<p style=\"text-align: right;\"><span style=\"font-size: 8pt;\"><em>Fotografie: Aggie Beever-Jones (zdroj: Getty images via roayalbluemersey.sbnation.com)<\/em><\/span><\/p>\n<p><strong>Statistiky: <\/strong>Dr\u017een\u00ed m\u00ed\u010de: 60%:40%, st\u0159ely 16:6 (na br\u00e1nu 8:2)<\/p>\n<p><strong>Branky:<\/strong> Pennock (61\u00b4)<\/p>\n<p><strong>\u017dK:<\/strong> Park &#8211; Bourne, Scott, Quinn<\/p>\n<p><strong>Everton (4-3-3):\u00a0<\/strong>Brosnan; Hope, Finnigan, George, K. Holmgaard (Stenevik 45\u00b4); Bennison, S. Holmgaard (Wheeler 56\u00b4), Galli (Christiansen 67\u00b4); S\u00f8rensen (Snoeijs 67\u00b4), Beever-Jones, Park<\/p>\n<p><strong>Birmingham (3-4-1-2): <\/strong>Thomas; <span class=\"sp-c-lineup-pitch__player\" data-reactid=\".27g9uw25lye.0.0.0.1.$include-0.0.0.1:$panel-0.$0.0.0.1.2.0.0.1:$away-formation-row-1.$away-player-0\"><span class=\"sp-c-lineup-pitch__player__name gs-u-display-block@xs \" data-reactid=\".27g9uw25lye.0.0.0.1.$include-0.0.0.1:$panel-0.$0.0.0.1.2.0.0.1:$away-formation-row-1.$away-player-0.1\">Bourne (Lawley 56\u00b4), <\/span><\/span><span class=\"sp-c-lineup-pitch__player\" data-reactid=\".27g9uw25lye.0.0.0.1.$include-0.0.0.1:$panel-0.$0.0.0.1.2.0.0.1:$away-formation-row-1.$away-player-1\"><span class=\"sp-c-lineup-pitch__player__name gs-u-display-block@xs \" data-reactid=\".27g9uw25lye.0.0.0.1.$include-0.0.0.1:$panel-0.$0.0.0.1.2.0.0.1:$away-formation-row-1.$away-player-1.1\">Quinn, <\/span><\/span><span class=\"sp-c-lineup-pitch__player\" data-reactid=\".27g9uw25lye.0.0.0.1.$include-0.0.0.1:$panel-0.$0.0.0.1.2.0.0.1:$away-formation-row-1.$away-player-2\"><span class=\"sp-c-lineup-pitch__player__name gs-u-display-block@xs \" data-reactid=\".27g9uw25lye.0.0.0.1.$include-0.0.0.1:$panel-0.$0.0.0.1.2.0.0.1:$away-formation-row-1.$away-player-2.1\">Jenner (Willson 56\u00b4); Scott, Estcourt, Murray, Finn; Walker (Smith 79\u00b4); Pennock, Quinn<\/span><\/span><\/p>\n<p><strong>Rozhod\u010d\u00ed: <\/strong>Sophie Dennington<\/p>\n<p><iframe loading=\"lazy\" title=\"HIGHLIGHTS | Everton 0-1 Blues Women\" width=\"1140\" height=\"641\" src=\"https:\/\/www.youtube.com\/embed\/RGu0GD0sMlo?feature=oembed\" frameborder=\"0\" allow=\"accelerometer; autoplay; clipboard-write; encrypted-media; gyroscope; picture-in-picture; web-share\" allowfullscreen><\/iframe><\/p>\n","protected":false},"excerpt":{"rendered":"<p>Co je platn\u00e9, \u017ee v lize se za\u010dalo da\u0159it, kdy\u017e hned p\u0159i prvn\u00edm kroku do FA Cupu v\u00e1s z n\u011bj obratem vyvede p\u00e1t\u00fd t\u00fdm Championship.<\/p>\n","protected":false},"author":26,"featured_media":20873,"comment_status":"open","ping_status":"closed","sticky":false,"template":"","format":"standard","meta":{"_eb_attr":"","_monsterinsights_skip_tracking":false,"_monsterinsights_sitenote_active":false,"_monsterinsights_sitenote_note":"","_monsterinsights_sitenote_category":0,"footnotes":""},"categories":[110],"tags":[],"yoast_head":"<!-- This site is optimized with the Yoast SEO plugin v23.4 - https:\/\/yoast.com\/wordpress\/plugins\/seo\/ -->\n<title>WFA Cup: Everton W - Birmingham City W 0:1 - Official Czech &amp; Slovak Everton Supporters&#039; Club<\/title>\n<meta name=\"robots\" content=\"index, follow, max-snippet:-1, max-image-preview:large, max-video-preview:-1\" \/>\n<link rel=\"canonical\" href=\"https:\/\/evertonfc.cz\/index.php\/2023\/02\/01\/wfa-cup-everton-w-birmingham-city-w-01\/\" \/>\n<meta property=\"og:locale\" content=\"cs_CZ\" \/>\n<meta property=\"og:type\" content=\"article\" \/>\n<meta property=\"og:title\" content=\"WFA Cup: Everton W - Birmingham City W 0:1 - Official Czech &amp; Slovak Everton Supporters&#039; Club\" \/>\n<meta property=\"og:description\" content=\"Co je platn\u00e9, \u017ee v lize se za\u010dalo da\u0159it, kdy\u017e hned p\u0159i prvn\u00edm kroku do FA Cupu v\u00e1s z n\u011bj obratem vyvede p\u00e1t\u00fd t\u00fdm Championship.\" \/>\n<meta property=\"og:url\" content=\"https:\/\/evertonfc.cz\/index.php\/2023\/02\/01\/wfa-cup-everton-w-birmingham-city-w-01\/\" \/>\n<meta property=\"og:site_name\" content=\"Official Czech &amp; Slovak Everton Supporters&#039; Club\" \/>\n<meta property=\"article:publisher\" content=\"https:\/\/www.facebook.com\/everton.fans.cz.sk\" \/>\n<meta property=\"article:published_time\" content=\"2023-02-01T21:41:56+00:00\" \/>\n<meta property=\"article:modified_time\" content=\"2023-02-03T18:03:40+00:00\" \/>\n<meta property=\"og:image\" content=\"https:\/\/evertonfc.cz\/wp-content\/uploads\/2023\/01\/Everton-Birmingham-web-29_1_2023.jpg\" \/>\n\t<meta property=\"og:image:width\" content=\"720\" \/>\n\t<meta property=\"og:image:height\" content=\"405\" \/>\n\t<meta property=\"og:image:type\" content=\"image\/jpeg\" \/>\n<meta name=\"author\" content=\"Karamela\" \/>\n<meta name=\"twitter:card\" content=\"summary_large_image\" \/>\n<meta name=\"twitter:label1\" content=\"Napsal(a)\" \/>\n\t<meta name=\"twitter:data1\" content=\"Karamela\" \/>\n\t<meta name=\"twitter:label2\" content=\"Odhadovan\u00e1 doba \u010dten\u00ed\" \/>\n\t<meta name=\"twitter:data2\" content=\"3 minuty\" \/>\n<script type=\"application\/ld+json\" class=\"yoast-schema-graph\">{\"@context\":\"https:\/\/schema.org\",\"@graph\":[{\"@type\":\"Article\",\"@id\":\"https:\/\/evertonfc.cz\/index.php\/2023\/02\/01\/wfa-cup-everton-w-birmingham-city-w-01\/#article\",\"isPartOf\":{\"@id\":\"https:\/\/evertonfc.cz\/index.php\/2023\/02\/01\/wfa-cup-everton-w-birmingham-city-w-01\/\"},\"author\":{\"name\":\"Karamela\",\"@id\":\"https:\/\/evertonfc.cz\/#\/schema\/person\/e9a24a80a32efa1344dd2c4e5882185c\"},\"headline\":\"WFA Cup: Everton W &#8211; Birmingham City W 0:1\",\"datePublished\":\"2023-02-01T21:41:56+00:00\",\"dateModified\":\"2023-02-03T18:03:40+00:00\",\"mainEntityOfPage\":{\"@id\":\"https:\/\/evertonfc.cz\/index.php\/2023\/02\/01\/wfa-cup-everton-w-birmingham-city-w-01\/\"},\"wordCount\":576,\"commentCount\":0,\"publisher\":{\"@id\":\"https:\/\/evertonfc.cz\/#organization\"},\"image\":{\"@id\":\"https:\/\/evertonfc.cz\/index.php\/2023\/02\/01\/wfa-cup-everton-w-birmingham-city-w-01\/#primaryimage\"},\"thumbnailUrl\":\"https:\/\/evertonfc.cz\/wp-content\/uploads\/2023\/01\/Everton-Birmingham-web-29_1_2023.jpg\",\"articleSection\":[\"Everton Women\"],\"inLanguage\":\"cs\",\"potentialAction\":[{\"@type\":\"CommentAction\",\"name\":\"Comment\",\"target\":[\"https:\/\/evertonfc.cz\/index.php\/2023\/02\/01\/wfa-cup-everton-w-birmingham-city-w-01\/#respond\"]}]},{\"@type\":\"WebPage\",\"@id\":\"https:\/\/evertonfc.cz\/index.php\/2023\/02\/01\/wfa-cup-everton-w-birmingham-city-w-01\/\",\"url\":\"https:\/\/evertonfc.cz\/index.php\/2023\/02\/01\/wfa-cup-everton-w-birmingham-city-w-01\/\",\"name\":\"WFA Cup: Everton W - Birmingham City W 0:1 - Official Czech &amp; Slovak Everton Supporters&#039; Club\",\"isPartOf\":{\"@id\":\"https:\/\/evertonfc.cz\/#website\"},\"primaryImageOfPage\":{\"@id\":\"https:\/\/evertonfc.cz\/index.php\/2023\/02\/01\/wfa-cup-everton-w-birmingham-city-w-01\/#primaryimage\"},\"image\":{\"@id\":\"https:\/\/evertonfc.cz\/index.php\/2023\/02\/01\/wfa-cup-everton-w-birmingham-city-w-01\/#primaryimage\"},\"thumbnailUrl\":\"https:\/\/evertonfc.cz\/wp-content\/uploads\/2023\/01\/Everton-Birmingham-web-29_1_2023.jpg\",\"datePublished\":\"2023-02-01T21:41:56+00:00\",\"dateModified\":\"2023-02-03T18:03:40+00:00\",\"breadcrumb\":{\"@id\":\"https:\/\/evertonfc.cz\/index.php\/2023\/02\/01\/wfa-cup-everton-w-birmingham-city-w-01\/#breadcrumb\"},\"inLanguage\":\"cs\",\"potentialAction\":[{\"@type\":\"ReadAction\",\"target\":[\"https:\/\/evertonfc.cz\/index.php\/2023\/02\/01\/wfa-cup-everton-w-birmingham-city-w-01\/\"]}]},{\"@type\":\"ImageObject\",\"inLanguage\":\"cs\",\"@id\":\"https:\/\/evertonfc.cz\/index.php\/2023\/02\/01\/wfa-cup-everton-w-birmingham-city-w-01\/#primaryimage\",\"url\":\"https:\/\/evertonfc.cz\/wp-content\/uploads\/2023\/01\/Everton-Birmingham-web-29_1_2023.jpg\",\"contentUrl\":\"https:\/\/evertonfc.cz\/wp-content\/uploads\/2023\/01\/Everton-Birmingham-web-29_1_2023.jpg\",\"width\":720,\"height\":405},{\"@type\":\"BreadcrumbList\",\"@id\":\"https:\/\/evertonfc.cz\/index.php\/2023\/02\/01\/wfa-cup-everton-w-birmingham-city-w-01\/#breadcrumb\",\"itemListElement\":[{\"@type\":\"ListItem\",\"position\":1,\"name\":\"Home\",\"item\":\"https:\/\/evertonfc.cz\/\"},{\"@type\":\"ListItem\",\"position\":2,\"name\":\"WFA Cup: Everton W &#8211; Birmingham City W 0:1\"}]},{\"@type\":\"WebSite\",\"@id\":\"https:\/\/evertonfc.cz\/#website\",\"url\":\"https:\/\/evertonfc.cz\/\",\"name\":\"Official Czech &amp; Slovak Everton Supporters&#039; Club\",\"description\":\"\",\"publisher\":{\"@id\":\"https:\/\/evertonfc.cz\/#organization\"},\"potentialAction\":[{\"@type\":\"SearchAction\",\"target\":{\"@type\":\"EntryPoint\",\"urlTemplate\":\"https:\/\/evertonfc.cz\/?s={search_term_string}\"},\"query-input\":{\"@type\":\"PropertyValueSpecification\",\"valueRequired\":true,\"valueName\":\"search_term_string\"}}],\"inLanguage\":\"cs\"},{\"@type\":\"Organization\",\"@id\":\"https:\/\/evertonfc.cz\/#organization\",\"name\":\"Official Czech & Slovak Everton Supporters' Club\",\"url\":\"https:\/\/evertonfc.cz\/\",\"logo\":{\"@type\":\"ImageObject\",\"inLanguage\":\"cs\",\"@id\":\"https:\/\/evertonfc.cz\/#\/schema\/logo\/image\/\",\"url\":\"https:\/\/evertonfc.cz\/wp-content\/uploads\/2019\/05\/logo.png\",\"contentUrl\":\"https:\/\/evertonfc.cz\/wp-content\/uploads\/2019\/05\/logo.png\",\"width\":112,\"height\":112,\"caption\":\"Official Czech & Slovak Everton Supporters' Club\"},\"image\":{\"@id\":\"https:\/\/evertonfc.cz\/#\/schema\/logo\/image\/\"},\"sameAs\":[\"https:\/\/www.facebook.com\/everton.fans.cz.sk\"]},{\"@type\":\"Person\",\"@id\":\"https:\/\/evertonfc.cz\/#\/schema\/person\/e9a24a80a32efa1344dd2c4e5882185c\",\"name\":\"Karamela\",\"url\":\"https:\/\/evertonfc.cz\/index.php\/author\/karamela\/\"}]}<\/script>\n<!-- \/ Yoast SEO plugin. -->","yoast_head_json":{"title":"WFA Cup: Everton W - Birmingham City W 0:1 - Official Czech &amp; Slovak Everton Supporters&#039; Club","robots":{"index":"index","follow":"follow","max-snippet":"max-snippet:-1","max-image-preview":"max-image-preview:large","max-video-preview":"max-video-preview:-1"},"canonical":"https:\/\/evertonfc.cz\/index.php\/2023\/02\/01\/wfa-cup-everton-w-birmingham-city-w-01\/","og_locale":"cs_CZ","og_type":"article","og_title":"WFA Cup: Everton W - Birmingham City W 0:1 - Official Czech &amp; Slovak Everton Supporters&#039; Club","og_description":"Co je platn\u00e9, \u017ee v lize se za\u010dalo da\u0159it, kdy\u017e hned p\u0159i prvn\u00edm kroku do FA Cupu v\u00e1s z n\u011bj obratem vyvede p\u00e1t\u00fd t\u00fdm Championship.","og_url":"https:\/\/evertonfc.cz\/index.php\/2023\/02\/01\/wfa-cup-everton-w-birmingham-city-w-01\/","og_site_name":"Official Czech &amp; Slovak Everton Supporters&#039; Club","article_publisher":"https:\/\/www.facebook.com\/everton.fans.cz.sk","article_published_time":"2023-02-01T21:41:56+00:00","article_modified_time":"2023-02-03T18:03:40+00:00","og_image":[{"width":720,"height":405,"url":"https:\/\/evertonfc.cz\/wp-content\/uploads\/2023\/01\/Everton-Birmingham-web-29_1_2023.jpg","type":"image\/jpeg"}],"author":"Karamela","twitter_card":"summary_large_image","twitter_misc":{"Napsal(a)":"Karamela","Odhadovan\u00e1 doba \u010dten\u00ed":"3 minuty"},"schema":{"@context":"https:\/\/schema.org","@graph":[{"@type":"Article","@id":"https:\/\/evertonfc.cz\/index.php\/2023\/02\/01\/wfa-cup-everton-w-birmingham-city-w-01\/#article","isPartOf":{"@id":"https:\/\/evertonfc.cz\/index.php\/2023\/02\/01\/wfa-cup-everton-w-birmingham-city-w-01\/"},"author":{"name":"Karamela","@id":"https:\/\/evertonfc.cz\/#\/schema\/person\/e9a24a80a32efa1344dd2c4e5882185c"},"headline":"WFA Cup: Everton W &#8211; Birmingham City W 0:1","datePublished":"2023-02-01T21:41:56+00:00","dateModified":"2023-02-03T18:03:40+00:00","mainEntityOfPage":{"@id":"https:\/\/evertonfc.cz\/index.php\/2023\/02\/01\/wfa-cup-everton-w-birmingham-city-w-01\/"},"wordCount":576,"commentCount":0,"publisher":{"@id":"https:\/\/evertonfc.cz\/#organization"},"image":{"@id":"https:\/\/evertonfc.cz\/index.php\/2023\/02\/01\/wfa-cup-everton-w-birmingham-city-w-01\/#primaryimage"},"thumbnailUrl":"https:\/\/evertonfc.cz\/wp-content\/uploads\/2023\/01\/Everton-Birmingham-web-29_1_2023.jpg","articleSection":["Everton Women"],"inLanguage":"cs","potentialAction":[{"@type":"CommentAction","name":"Comment","target":["https:\/\/evertonfc.cz\/index.php\/2023\/02\/01\/wfa-cup-everton-w-birmingham-city-w-01\/#respond"]}]},{"@type":"WebPage","@id":"https:\/\/evertonfc.cz\/index.php\/2023\/02\/01\/wfa-cup-everton-w-birmingham-city-w-01\/","url":"https:\/\/evertonfc.cz\/index.php\/2023\/02\/01\/wfa-cup-everton-w-birmingham-city-w-01\/","name":"WFA Cup: Everton W - Birmingham City W 0:1 - Official Czech &amp; Slovak Everton Supporters&#039; Club","isPartOf":{"@id":"https:\/\/evertonfc.cz\/#website"},"primaryImageOfPage":{"@id":"https:\/\/evertonfc.cz\/index.php\/2023\/02\/01\/wfa-cup-everton-w-birmingham-city-w-01\/#primaryimage"},"image":{"@id":"https:\/\/evertonfc.cz\/index.php\/2023\/02\/01\/wfa-cup-everton-w-birmingham-city-w-01\/#primaryimage"},"thumbnailUrl":"https:\/\/evertonfc.cz\/wp-content\/uploads\/2023\/01\/Everton-Birmingham-web-29_1_2023.jpg","datePublished":"2023-02-01T21:41:56+00:00","dateModified":"2023-02-03T18:03:40+00:00","breadcrumb":{"@id":"https:\/\/evertonfc.cz\/index.php\/2023\/02\/01\/wfa-cup-everton-w-birmingham-city-w-01\/#breadcrumb"},"inLanguage":"cs","potentialAction":[{"@type":"ReadAction","target":["https:\/\/evertonfc.cz\/index.php\/2023\/02\/01\/wfa-cup-everton-w-birmingham-city-w-01\/"]}]},{"@type":"ImageObject","inLanguage":"cs","@id":"https:\/\/evertonfc.cz\/index.php\/2023\/02\/01\/wfa-cup-everton-w-birmingham-city-w-01\/#primaryimage","url":"https:\/\/evertonfc.cz\/wp-content\/uploads\/2023\/01\/Everton-Birmingham-web-29_1_2023.jpg","contentUrl":"https:\/\/evertonfc.cz\/wp-content\/uploads\/2023\/01\/Everton-Birmingham-web-29_1_2023.jpg","width":720,"height":405},{"@type":"BreadcrumbList","@id":"https:\/\/evertonfc.cz\/index.php\/2023\/02\/01\/wfa-cup-everton-w-birmingham-city-w-01\/#breadcrumb","itemListElement":[{"@type":"ListItem","position":1,"name":"Home","item":"https:\/\/evertonfc.cz\/"},{"@type":"ListItem","position":2,"name":"WFA Cup: Everton W &#8211; Birmingham City W 0:1"}]},{"@type":"WebSite","@id":"https:\/\/evertonfc.cz\/#website","url":"https:\/\/evertonfc.cz\/","name":"Official Czech &amp; Slovak Everton Supporters&#039; Club","description":"","publisher":{"@id":"https:\/\/evertonfc.cz\/#organization"},"potentialAction":[{"@type":"SearchAction","target":{"@type":"EntryPoint","urlTemplate":"https:\/\/evertonfc.cz\/?s={search_term_string}"},"query-input":{"@type":"PropertyValueSpecification","valueRequired":true,"valueName":"search_term_string"}}],"inLanguage":"cs"},{"@type":"Organization","@id":"https:\/\/evertonfc.cz\/#organization","name":"Official Czech & Slovak Everton Supporters' Club","url":"https:\/\/evertonfc.cz\/","logo":{"@type":"ImageObject","inLanguage":"cs","@id":"https:\/\/evertonfc.cz\/#\/schema\/logo\/image\/","url":"https:\/\/evertonfc.cz\/wp-content\/uploads\/2019\/05\/logo.png","contentUrl":"https:\/\/evertonfc.cz\/wp-content\/uploads\/2019\/05\/logo.png","width":112,"height":112,"caption":"Official Czech & Slovak Everton Supporters' Club"},"image":{"@id":"https:\/\/evertonfc.cz\/#\/schema\/logo\/image\/"},"sameAs":["https:\/\/www.facebook.com\/everton.fans.cz.sk"]},{"@type":"Person","@id":"https:\/\/evertonfc.cz\/#\/schema\/person\/e9a24a80a32efa1344dd2c4e5882185c","name":"Karamela","url":"https:\/\/evertonfc.cz\/index.php\/author\/karamela\/"}]}},"_links":{"self":[{"href":"https:\/\/evertonfc.cz\/index.php\/wp-json\/wp\/v2\/posts\/20871"}],"collection":[{"href":"https:\/\/evertonfc.cz\/index.php\/wp-json\/wp\/v2\/posts"}],"about":[{"href":"https:\/\/evertonfc.cz\/index.php\/wp-json\/wp\/v2\/types\/post"}],"author":[{"embeddable":true,"href":"https:\/\/evertonfc.cz\/index.php\/wp-json\/wp\/v2\/users\/26"}],"replies":[{"embeddable":true,"href":"https:\/\/evertonfc.cz\/index.php\/wp-json\/wp\/v2\/comments?post=20871"}],"version-history":[{"count":11,"href":"https:\/\/evertonfc.cz\/index.php\/wp-json\/wp\/v2\/posts\/20871\/revisions"}],"predecessor-version":[{"id":20910,"href":"https:\/\/evertonfc.cz\/index.php\/wp-json\/wp\/v2\/posts\/20871\/revisions\/20910"}],"wp:featuredmedia":[{"embeddable":true,"href":"https:\/\/evertonfc.cz\/index.php\/wp-json\/wp\/v2\/media\/20873"}],"wp:attachment":[{"href":"https:\/\/evertonfc.cz\/index.php\/wp-json\/wp\/v2\/media?parent=20871"}],"wp:term":[{"taxonomy":"category","embeddable":true,"href":"https:\/\/evertonfc.cz\/index.php\/wp-json\/wp\/v2\/categories?post=20871"},{"taxonomy":"post_tag","embeddable":true,"href":"https:\/\/evertonfc.cz\/index.php\/wp-json\/wp\/v2\/tags?post=20871"}],"curies":[{"name":"wp","href":"https:\/\/api.w.org\/{rel}","templated":true}]}}