{"id":20909,"date":"2023-02-03T19:33:32","date_gmt":"2023-02-03T18:33:32","guid":{"rendered":"https:\/\/evertonfc.cz\/?p=20909"},"modified":"2023-02-04T12:01:44","modified_gmt":"2023-02-04T11:01:44","slug":"preview-everton-arsenal-14","status":"publish","type":"post","link":"https:\/\/evertonfc.cz\/index.php\/2023\/02\/03\/preview-everton-arsenal-14\/","title":{"rendered":"Preview: Everton &#8211; Arsenal"},"content":{"rendered":"<h4>Historick\u00e1 zku\u0161enost \u0159\u00edk\u00e1, \u017ee nov\u00fd tren\u00e9r sv\u016fj prvn\u00ed z\u00e1pas neprohr\u00e1v\u00e1. Nutno naznati, \u017ee z\u00edtra odpoledne v Goodison Parku bude toto tvrzen\u00ed podrobeno vskutku zat\u011b\u017ek\u00e1vac\u00ed zkou\u0161ce.<\/h4>\n<p>P\u0159ijede toti\u017e prvn\u00ed t\u00fdm cel\u00e9 ligy &#8211; Arsenal. Sv\u011b\u0159enci b\u00fdval\u00e9ho hr\u00e1\u010de Evertonu Artety, \u010derstv\u00e9ho dr\u017eitele ceny pro nejlep\u0161\u00edho mana\u017eera m\u011bs\u00edce ledna, maj\u00ed velmi dobrou sez\u00f3nu, v lize prohr\u00e1li pouze jednou &#8211; a to na Old Trafford. Kdy\u017e vememe v \u00favahu p\u011btibodov\u00fd n\u00e1skok na druh\u00fd Manchester City a fakt, \u017ee maj\u00ed odehr\u00e1no o z\u00e1pas m\u00e9n\u011b, tak se v \u0159ad\u00e1ch jejich fanou\u0161k\u016f za\u010d\u00edn\u00e1 \u0161\u00ed\u0159it optimismus ohledn\u011b titulu. Ale za\u010d\u00e1tek \u00fanora nen\u00ed konec kv\u011btna.<\/p>\n<p>Arsenal koupil v lednu z Chelsea Jorginha, kter\u00fd si m\u016f\u017ee na Goodison Parku odb\u00fdt sv\u016fj klubov\u00fd debut. K tr\u00e9ninku se po \u0161esti t\u00fddnech pauzy vr\u00e1til Reece Nelson, kter\u00fd laboroval se zran\u011bn\u00fdm p\u0159itahova\u010dem stehenn\u00edho svalu. Do z\u00e1pasu nezas\u00e1hne ur\u010dit\u011b zran\u011bn\u00e1 trojice Elneny-Rowe-Jesus, \u00fa\u010dast Parteyho je s otazn\u00edkem, Arteta je v tomto sm\u011bru optimistick\u00fd. A nakonec i kompliment v\u016f\u010di Dychemu byl.\u00a0<em>&#8222;L\u00edb\u00ed se mi, co ud\u011blal v Burnley (Dyche tam byl 9,5 roku) s omezen\u00fdm rozpo\u010dtem. Snad se mu bude po z\u00edt\u0159ku v Everton da\u0159it.&#8220;<\/em><\/p>\n<p>Everton m\u00e1 \u00fapln\u011b jin\u00e9 starosti &#8211; sestupov\u00e9. Nebyla p\u0159ivedena ani jedna posila &#8211; ani na hostov\u00e1n\u00ed. A to zam\u00e1val \u0161\u00e1te\u010dkem na rozlou\u010denou odchovanec Gordon, kter\u00fd dal p\u0159ednost ambic\u00edm t\u0159et\u00edho Newcastlu. Ze zran\u011bn\u00fdch hr\u00e1\u010d\u016f nebudou k dispozici Garner, Keane a Godfrey, zdrav\u00ed Calverta-Lewina nen\u00ed stoprocentn\u00ed, ale nominov\u00e1n by k z\u00e1pasu b\u00fdt m\u011bl.<\/p>\n<p><strong>Co:\u00a0<\/strong>Everton FC &#8211; Arsenal FC, 22. kolo Premier League<br \/>\n<strong>Kdy:\u00a0<\/strong>4. 2. 2023 od 13:30<br \/>\n<strong>Kde:\u00a0<\/strong>Goodison Park\u00a0\u2013 \u00a0Goodison Rd, Liverpool L4 4EL (kapacita: 39 572)<br \/>\n<strong>TV:\u00a0<\/strong>P\u0159\u00edm\u00fd p\u0159enos na stanici Canal+ Sport<br \/>\n<strong>Rozhod\u010d\u00ed:\u00a0<\/strong>David Coote &#8211; Lee Betts, Mark Scholes\u00a0<strong>\u010ctvrt\u00fd rozhod\u010d\u00ed:\u00a0<\/strong>Andy Madley<br \/>\n<strong>Videorozhod\u010d\u00ed:\u00a0<\/strong>John Brooks\u00a0<strong>Asistent videorozhod\u010d\u00edho:\u00a0<\/strong>Darren Cann<\/p>\n","protected":false},"excerpt":{"rendered":"<p>Historick\u00e1 zku\u0161enost \u0159\u00edk\u00e1, \u017ee nov\u00fd tren\u00e9r sv\u016fj prvn\u00ed z\u00e1pas neprohr\u00e1v\u00e1. Nutno naznati, \u017ee z\u00edtra odpoledne v Goodison Parku bude toto tvrzen\u00ed podrobeno vskutku zat\u011b\u017ek\u00e1vac\u00ed zkou\u0161ce.<\/p>\n","protected":false},"author":12,"featured_media":13812,"comment_status":"open","ping_status":"closed","sticky":false,"template":"","format":"standard","meta":{"_eb_attr":"","_monsterinsights_skip_tracking":false,"_monsterinsights_sitenote_active":false,"_monsterinsights_sitenote_note":"","_monsterinsights_sitenote_category":0,"footnotes":""},"categories":[4],"tags":[],"yoast_head":"<!-- This site is optimized with the Yoast SEO plugin v23.4 - https:\/\/yoast.com\/wordpress\/plugins\/seo\/ -->\n<title>Preview: Everton - Arsenal - Official Czech &amp; Slovak Everton Supporters&#039; Club<\/title>\n<meta name=\"description\" content=\"Debut Seana Dycheho je proti prvn\u00edmu t\u00fdmu tabulky - a oba t\u00fdmy pot\u0159ebuj\u00ed body.\" \/>\n<meta name=\"robots\" content=\"index, follow, max-snippet:-1, max-image-preview:large, max-video-preview:-1\" \/>\n<link rel=\"canonical\" href=\"https:\/\/evertonfc.cz\/index.php\/2023\/02\/03\/preview-everton-arsenal-14\/\" \/>\n<meta property=\"og:locale\" content=\"cs_CZ\" \/>\n<meta property=\"og:type\" content=\"article\" \/>\n<meta property=\"og:title\" content=\"Preview: Everton - Arsenal - Official Czech &amp; Slovak Everton Supporters&#039; Club\" \/>\n<meta property=\"og:description\" content=\"Debut Seana Dycheho je proti prvn\u00edmu t\u00fdmu tabulky - a oba t\u00fdmy pot\u0159ebuj\u00ed body.\" \/>\n<meta property=\"og:url\" content=\"https:\/\/evertonfc.cz\/index.php\/2023\/02\/03\/preview-everton-arsenal-14\/\" \/>\n<meta property=\"og:site_name\" content=\"Official Czech &amp; Slovak Everton Supporters&#039; Club\" \/>\n<meta property=\"article:publisher\" content=\"https:\/\/www.facebook.com\/everton.fans.cz.sk\" \/>\n<meta property=\"article:published_time\" content=\"2023-02-03T18:33:32+00:00\" \/>\n<meta property=\"article:modified_time\" content=\"2023-02-04T11:01:44+00:00\" \/>\n<meta property=\"og:image\" content=\"https:\/\/evertonfc.cz\/wp-content\/uploads\/2021\/02\/Everton-VS-Arsenal.jpg\" \/>\n\t<meta property=\"og:image:width\" content=\"720\" \/>\n\t<meta property=\"og:image:height\" content=\"405\" \/>\n\t<meta property=\"og:image:type\" content=\"image\/jpeg\" \/>\n<meta name=\"author\" content=\"Javor\" \/>\n<meta name=\"twitter:card\" content=\"summary_large_image\" \/>\n<meta name=\"twitter:creator\" content=\"@LoudinJan\" \/>\n<meta name=\"twitter:label1\" content=\"Napsal(a)\" \/>\n\t<meta name=\"twitter:data1\" content=\"Javor\" \/>\n\t<meta name=\"twitter:label2\" content=\"Odhadovan\u00e1 doba \u010dten\u00ed\" \/>\n\t<meta name=\"twitter:data2\" content=\"2 minuty\" \/>\n<script type=\"application\/ld+json\" class=\"yoast-schema-graph\">{\"@context\":\"https:\/\/schema.org\",\"@graph\":[{\"@type\":\"Article\",\"@id\":\"https:\/\/evertonfc.cz\/index.php\/2023\/02\/03\/preview-everton-arsenal-14\/#article\",\"isPartOf\":{\"@id\":\"https:\/\/evertonfc.cz\/index.php\/2023\/02\/03\/preview-everton-arsenal-14\/\"},\"author\":{\"name\":\"Javor\",\"@id\":\"https:\/\/evertonfc.cz\/#\/schema\/person\/b30daf6a5852f4811f8207a17ec1bf78\"},\"headline\":\"Preview: Everton &#8211; Arsenal\",\"datePublished\":\"2023-02-03T18:33:32+00:00\",\"dateModified\":\"2023-02-04T11:01:44+00:00\",\"mainEntityOfPage\":{\"@id\":\"https:\/\/evertonfc.cz\/index.php\/2023\/02\/03\/preview-everton-arsenal-14\/\"},\"wordCount\":355,\"commentCount\":13,\"publisher\":{\"@id\":\"https:\/\/evertonfc.cz\/#organization\"},\"image\":{\"@id\":\"https:\/\/evertonfc.cz\/index.php\/2023\/02\/03\/preview-everton-arsenal-14\/#primaryimage\"},\"thumbnailUrl\":\"https:\/\/evertonfc.cz\/wp-content\/uploads\/2021\/02\/Everton-VS-Arsenal.jpg\",\"articleSection\":[\"Z\u00e1pasy\"],\"inLanguage\":\"cs\",\"potentialAction\":[{\"@type\":\"CommentAction\",\"name\":\"Comment\",\"target\":[\"https:\/\/evertonfc.cz\/index.php\/2023\/02\/03\/preview-everton-arsenal-14\/#respond\"]}]},{\"@type\":\"WebPage\",\"@id\":\"https:\/\/evertonfc.cz\/index.php\/2023\/02\/03\/preview-everton-arsenal-14\/\",\"url\":\"https:\/\/evertonfc.cz\/index.php\/2023\/02\/03\/preview-everton-arsenal-14\/\",\"name\":\"Preview: Everton - Arsenal - Official Czech &amp; Slovak Everton Supporters&#039; Club\",\"isPartOf\":{\"@id\":\"https:\/\/evertonfc.cz\/#website\"},\"primaryImageOfPage\":{\"@id\":\"https:\/\/evertonfc.cz\/index.php\/2023\/02\/03\/preview-everton-arsenal-14\/#primaryimage\"},\"image\":{\"@id\":\"https:\/\/evertonfc.cz\/index.php\/2023\/02\/03\/preview-everton-arsenal-14\/#primaryimage\"},\"thumbnailUrl\":\"https:\/\/evertonfc.cz\/wp-content\/uploads\/2021\/02\/Everton-VS-Arsenal.jpg\",\"datePublished\":\"2023-02-03T18:33:32+00:00\",\"dateModified\":\"2023-02-04T11:01:44+00:00\",\"description\":\"Debut Seana Dycheho je proti prvn\u00edmu t\u00fdmu tabulky - a oba t\u00fdmy pot\u0159ebuj\u00ed body.\",\"breadcrumb\":{\"@id\":\"https:\/\/evertonfc.cz\/index.php\/2023\/02\/03\/preview-everton-arsenal-14\/#breadcrumb\"},\"inLanguage\":\"cs\",\"potentialAction\":[{\"@type\":\"ReadAction\",\"target\":[\"https:\/\/evertonfc.cz\/index.php\/2023\/02\/03\/preview-everton-arsenal-14\/\"]}]},{\"@type\":\"ImageObject\",\"inLanguage\":\"cs\",\"@id\":\"https:\/\/evertonfc.cz\/index.php\/2023\/02\/03\/preview-everton-arsenal-14\/#primaryimage\",\"url\":\"https:\/\/evertonfc.cz\/wp-content\/uploads\/2021\/02\/Everton-VS-Arsenal.jpg\",\"contentUrl\":\"https:\/\/evertonfc.cz\/wp-content\/uploads\/2021\/02\/Everton-VS-Arsenal.jpg\",\"width\":720,\"height\":405},{\"@type\":\"BreadcrumbList\",\"@id\":\"https:\/\/evertonfc.cz\/index.php\/2023\/02\/03\/preview-everton-arsenal-14\/#breadcrumb\",\"itemListElement\":[{\"@type\":\"ListItem\",\"position\":1,\"name\":\"Home\",\"item\":\"https:\/\/evertonfc.cz\/\"},{\"@type\":\"ListItem\",\"position\":2,\"name\":\"Preview: Everton &#8211; Arsenal\"}]},{\"@type\":\"WebSite\",\"@id\":\"https:\/\/evertonfc.cz\/#website\",\"url\":\"https:\/\/evertonfc.cz\/\",\"name\":\"Official Czech &amp; Slovak Everton Supporters&#039; Club\",\"description\":\"\",\"publisher\":{\"@id\":\"https:\/\/evertonfc.cz\/#organization\"},\"potentialAction\":[{\"@type\":\"SearchAction\",\"target\":{\"@type\":\"EntryPoint\",\"urlTemplate\":\"https:\/\/evertonfc.cz\/?s={search_term_string}\"},\"query-input\":{\"@type\":\"PropertyValueSpecification\",\"valueRequired\":true,\"valueName\":\"search_term_string\"}}],\"inLanguage\":\"cs\"},{\"@type\":\"Organization\",\"@id\":\"https:\/\/evertonfc.cz\/#organization\",\"name\":\"Official Czech & Slovak Everton Supporters' Club\",\"url\":\"https:\/\/evertonfc.cz\/\",\"logo\":{\"@type\":\"ImageObject\",\"inLanguage\":\"cs\",\"@id\":\"https:\/\/evertonfc.cz\/#\/schema\/logo\/image\/\",\"url\":\"https:\/\/evertonfc.cz\/wp-content\/uploads\/2019\/05\/logo.png\",\"contentUrl\":\"https:\/\/evertonfc.cz\/wp-content\/uploads\/2019\/05\/logo.png\",\"width\":112,\"height\":112,\"caption\":\"Official Czech & Slovak Everton Supporters' Club\"},\"image\":{\"@id\":\"https:\/\/evertonfc.cz\/#\/schema\/logo\/image\/\"},\"sameAs\":[\"https:\/\/www.facebook.com\/everton.fans.cz.sk\"]},{\"@type\":\"Person\",\"@id\":\"https:\/\/evertonfc.cz\/#\/schema\/person\/b30daf6a5852f4811f8207a17ec1bf78\",\"name\":\"Javor\",\"sameAs\":[\"https:\/\/x.com\/LoudinJan\"],\"url\":\"https:\/\/evertonfc.cz\/index.php\/author\/javor\/\"}]}<\/script>\n<!-- \/ Yoast SEO plugin. -->","yoast_head_json":{"title":"Preview: Everton - Arsenal - Official Czech &amp; Slovak Everton Supporters&#039; Club","description":"Debut Seana Dycheho je proti prvn\u00edmu t\u00fdmu tabulky - a oba t\u00fdmy pot\u0159ebuj\u00ed body.","robots":{"index":"index","follow":"follow","max-snippet":"max-snippet:-1","max-image-preview":"max-image-preview:large","max-video-preview":"max-video-preview:-1"},"canonical":"https:\/\/evertonfc.cz\/index.php\/2023\/02\/03\/preview-everton-arsenal-14\/","og_locale":"cs_CZ","og_type":"article","og_title":"Preview: Everton - Arsenal - Official Czech &amp; Slovak Everton Supporters&#039; Club","og_description":"Debut Seana Dycheho je proti prvn\u00edmu t\u00fdmu tabulky - a oba t\u00fdmy pot\u0159ebuj\u00ed body.","og_url":"https:\/\/evertonfc.cz\/index.php\/2023\/02\/03\/preview-everton-arsenal-14\/","og_site_name":"Official Czech &amp; Slovak Everton Supporters&#039; Club","article_publisher":"https:\/\/www.facebook.com\/everton.fans.cz.sk","article_published_time":"2023-02-03T18:33:32+00:00","article_modified_time":"2023-02-04T11:01:44+00:00","og_image":[{"width":720,"height":405,"url":"https:\/\/evertonfc.cz\/wp-content\/uploads\/2021\/02\/Everton-VS-Arsenal.jpg","type":"image\/jpeg"}],"author":"Javor","twitter_card":"summary_large_image","twitter_creator":"@LoudinJan","twitter_misc":{"Napsal(a)":"Javor","Odhadovan\u00e1 doba \u010dten\u00ed":"2 minuty"},"schema":{"@context":"https:\/\/schema.org","@graph":[{"@type":"Article","@id":"https:\/\/evertonfc.cz\/index.php\/2023\/02\/03\/preview-everton-arsenal-14\/#article","isPartOf":{"@id":"https:\/\/evertonfc.cz\/index.php\/2023\/02\/03\/preview-everton-arsenal-14\/"},"author":{"name":"Javor","@id":"https:\/\/evertonfc.cz\/#\/schema\/person\/b30daf6a5852f4811f8207a17ec1bf78"},"headline":"Preview: Everton &#8211; Arsenal","datePublished":"2023-02-03T18:33:32+00:00","dateModified":"2023-02-04T11:01:44+00:00","mainEntityOfPage":{"@id":"https:\/\/evertonfc.cz\/index.php\/2023\/02\/03\/preview-everton-arsenal-14\/"},"wordCount":355,"commentCount":13,"publisher":{"@id":"https:\/\/evertonfc.cz\/#organization"},"image":{"@id":"https:\/\/evertonfc.cz\/index.php\/2023\/02\/03\/preview-everton-arsenal-14\/#primaryimage"},"thumbnailUrl":"https:\/\/evertonfc.cz\/wp-content\/uploads\/2021\/02\/Everton-VS-Arsenal.jpg","articleSection":["Z\u00e1pasy"],"inLanguage":"cs","potentialAction":[{"@type":"CommentAction","name":"Comment","target":["https:\/\/evertonfc.cz\/index.php\/2023\/02\/03\/preview-everton-arsenal-14\/#respond"]}]},{"@type":"WebPage","@id":"https:\/\/evertonfc.cz\/index.php\/2023\/02\/03\/preview-everton-arsenal-14\/","url":"https:\/\/evertonfc.cz\/index.php\/2023\/02\/03\/preview-everton-arsenal-14\/","name":"Preview: Everton - Arsenal - Official Czech &amp; Slovak Everton Supporters&#039; Club","isPartOf":{"@id":"https:\/\/evertonfc.cz\/#website"},"primaryImageOfPage":{"@id":"https:\/\/evertonfc.cz\/index.php\/2023\/02\/03\/preview-everton-arsenal-14\/#primaryimage"},"image":{"@id":"https:\/\/evertonfc.cz\/index.php\/2023\/02\/03\/preview-everton-arsenal-14\/#primaryimage"},"thumbnailUrl":"https:\/\/evertonfc.cz\/wp-content\/uploads\/2021\/02\/Everton-VS-Arsenal.jpg","datePublished":"2023-02-03T18:33:32+00:00","dateModified":"2023-02-04T11:01:44+00:00","description":"Debut Seana Dycheho je proti prvn\u00edmu t\u00fdmu tabulky - a oba t\u00fdmy pot\u0159ebuj\u00ed body.","breadcrumb":{"@id":"https:\/\/evertonfc.cz\/index.php\/2023\/02\/03\/preview-everton-arsenal-14\/#breadcrumb"},"inLanguage":"cs","potentialAction":[{"@type":"ReadAction","target":["https:\/\/evertonfc.cz\/index.php\/2023\/02\/03\/preview-everton-arsenal-14\/"]}]},{"@type":"ImageObject","inLanguage":"cs","@id":"https:\/\/evertonfc.cz\/index.php\/2023\/02\/03\/preview-everton-arsenal-14\/#primaryimage","url":"https:\/\/evertonfc.cz\/wp-content\/uploads\/2021\/02\/Everton-VS-Arsenal.jpg","contentUrl":"https:\/\/evertonfc.cz\/wp-content\/uploads\/2021\/02\/Everton-VS-Arsenal.jpg","width":720,"height":405},{"@type":"BreadcrumbList","@id":"https:\/\/evertonfc.cz\/index.php\/2023\/02\/03\/preview-everton-arsenal-14\/#breadcrumb","itemListElement":[{"@type":"ListItem","position":1,"name":"Home","item":"https:\/\/evertonfc.cz\/"},{"@type":"ListItem","position":2,"name":"Preview: Everton &#8211; Arsenal"}]},{"@type":"WebSite","@id":"https:\/\/evertonfc.cz\/#website","url":"https:\/\/evertonfc.cz\/","name":"Official Czech &amp; Slovak Everton Supporters&#039; Club","description":"","publisher":{"@id":"https:\/\/evertonfc.cz\/#organization"},"potentialAction":[{"@type":"SearchAction","target":{"@type":"EntryPoint","urlTemplate":"https:\/\/evertonfc.cz\/?s={search_term_string}"},"query-input":{"@type":"PropertyValueSpecification","valueRequired":true,"valueName":"search_term_string"}}],"inLanguage":"cs"},{"@type":"Organization","@id":"https:\/\/evertonfc.cz\/#organization","name":"Official Czech & Slovak Everton Supporters' Club","url":"https:\/\/evertonfc.cz\/","logo":{"@type":"ImageObject","inLanguage":"cs","@id":"https:\/\/evertonfc.cz\/#\/schema\/logo\/image\/","url":"https:\/\/evertonfc.cz\/wp-content\/uploads\/2019\/05\/logo.png","contentUrl":"https:\/\/evertonfc.cz\/wp-content\/uploads\/2019\/05\/logo.png","width":112,"height":112,"caption":"Official Czech & Slovak Everton Supporters' Club"},"image":{"@id":"https:\/\/evertonfc.cz\/#\/schema\/logo\/image\/"},"sameAs":["https:\/\/www.facebook.com\/everton.fans.cz.sk"]},{"@type":"Person","@id":"https:\/\/evertonfc.cz\/#\/schema\/person\/b30daf6a5852f4811f8207a17ec1bf78","name":"Javor","sameAs":["https:\/\/x.com\/LoudinJan"],"url":"https:\/\/evertonfc.cz\/index.php\/author\/javor\/"}]}},"_links":{"self":[{"href":"https:\/\/evertonfc.cz\/index.php\/wp-json\/wp\/v2\/posts\/20909"}],"collection":[{"href":"https:\/\/evertonfc.cz\/index.php\/wp-json\/wp\/v2\/posts"}],"about":[{"href":"https:\/\/evertonfc.cz\/index.php\/wp-json\/wp\/v2\/types\/post"}],"author":[{"embeddable":true,"href":"https:\/\/evertonfc.cz\/index.php\/wp-json\/wp\/v2\/users\/12"}],"replies":[{"embeddable":true,"href":"https:\/\/evertonfc.cz\/index.php\/wp-json\/wp\/v2\/comments?post=20909"}],"version-history":[{"count":6,"href":"https:\/\/evertonfc.cz\/index.php\/wp-json\/wp\/v2\/posts\/20909\/revisions"}],"predecessor-version":[{"id":20916,"href":"https:\/\/evertonfc.cz\/index.php\/wp-json\/wp\/v2\/posts\/20909\/revisions\/20916"}],"wp:featuredmedia":[{"embeddable":true,"href":"https:\/\/evertonfc.cz\/index.php\/wp-json\/wp\/v2\/media\/13812"}],"wp:attachment":[{"href":"https:\/\/evertonfc.cz\/index.php\/wp-json\/wp\/v2\/media?parent=20909"}],"wp:term":[{"taxonomy":"category","embeddable":true,"href":"https:\/\/evertonfc.cz\/index.php\/wp-json\/wp\/v2\/categories?post=20909"},{"taxonomy":"post_tag","embeddable":true,"href":"https:\/\/evertonfc.cz\/index.php\/wp-json\/wp\/v2\/tags?post=20909"}],"curies":[{"name":"wp","href":"https:\/\/api.w.org\/{rel}","templated":true}]}}