{"id":20921,"date":"2023-02-04T15:45:30","date_gmt":"2023-02-04T14:45:30","guid":{"rendered":"https:\/\/evertonfc.cz\/?p=20921"},"modified":"2023-02-06T22:01:48","modified_gmt":"2023-02-06T21:01:48","slug":"everton-arsenal-10-2","status":"publish","type":"post","link":"https:\/\/evertonfc.cz\/index.php\/2023\/02\/04\/everton-arsenal-10-2\/","title":{"rendered":"Everton &#8211; Arsenal 1:0"},"content":{"rendered":"<h4>Kanon\u00fd\u0159i dnes v Goodison Parku nest\u0159\u00edleli ostr\u00fdmi, Sean Dyche za\u017eil premi\u00e9ru jako z poh\u00e1dky. Hr\u00e1\u010di i div\u00e1ci p\u016fsobili jako polit\u00ed \u017eivou vodou a kv\u016fli skv\u011bl\u00e9mu v\u00fdkonu zaslou\u017een\u011b porazili l\u00eddra tabulky.<\/h4>\n<p>P\u0159edz\u00e1pasov\u00e9 progn\u00f3zy nev\u011bstily pro dom\u00e1c\u00ed t\u00fdm nic dobr\u00e9ho, v\u017edy\u0165 celek z hlavn\u00edho m\u011bsta se ne n\u00e1hodou vyh\u0159\u00edv\u00e1 na \u0161pi\u010dce ligov\u00e9 tabulky. V t\u00fdmu dom\u00e1c\u00edch o\u010dividn\u011b pozitivn\u011b zap\u016fsobila v\u00fdm\u011bna tren\u00e9ra, i kdy\u017e jsme na h\u0159i\u0161ti vid\u011bli stejn\u00e9 hr\u00e1\u010de jako p\u00e1r t\u00fddn\u016f zp\u011bt, o jejich v\u00fdkonu a nasazen\u00ed se to \u0159\u00edci ur\u010dit\u011b ned\u00e1. Odevzdanost a\u017e lhostejnost byla u hr\u00e1\u010d\u016f nahrazena bojovnost\u00ed, t\u00fdmov\u00fdm duchem a touhou zap\u016fsobit na nov\u00e9ho tren\u00e9ra. Atmosf\u00e9ra v ochozech Star\u00e9 D\u00e1my tak kone\u010dn\u011b op\u011bt p\u0159ipom\u00ednala v\u00edce fotbalovou slavnost ne\u017e nudn\u00e9 divadeln\u00ed p\u0159edstaven\u00ed se \u0161patn\u00fdm koncem.<\/p>\n<h4>V prvn\u00edm polo\u010dase&#8230;<\/h4>\n<p>za\u010d\u00e1tek z\u00e1pasu, ke kter\u00e9mu nastoupily oba t\u00fdmy v o\u010dek\u00e1van\u00fdch sestav\u00e1ch, u\u017e p\u0159in\u00e1\u0161el jak\u00fdsi n\u00e1znak toho, co n\u00e1s asi bude \u010dekat d\u00e1l. Arsenal se sna\u017eit dr\u017eet m\u00ed\u010d a v\u00edce kombinovat, Everton zase spol\u00e9hal na poctiv\u00e9 br\u00e1n\u011bn\u00ed a jako bonus p\u0159id\u00e1val i v posledn\u00edch \u010dasech m\u00e1lo v\u00eddan\u00fd presink soupe\u0159e. Prvn\u00ed \u0161anci dom\u00e1c\u00edch, zblokovanou st\u0159elu McNeila z dev\u00e1t\u00e9 minuty, oplatil o minutu pozd\u011bji prudkou st\u0159elou zpoza v\u00e1pna Partey. Pro g\u00f3lmany \u017e\u00e1dn\u00e9 velk\u00e9 ohro\u017een\u00ed. Slibnou prvn\u00ed dvacetiminutovku Everton zakon\u010dil \u010dty\u0159mi rohov\u00fdmi kopy v rozmez\u00ed 20. a 24. minuty, nejv\u00edce ve v\u00e1pn\u011b pochopiteln\u011b byly vid\u011bt hlavi\u010dky Onany, Tarkowskiho a Calverta-Lewina &#8211; ani jedna z t\u011bchto (polo)\u0161anc\u00ed ale bohu\u017eel neskon\u010dila g\u00f3lem.<\/p>\n<h4>\u0160ance na obou stran\u00e1ch<\/h4>\n<p>za zm\u00ednku ur\u010dit\u011b stoj\u00ed st\u0159ela DCL z 25. minuty, bohu\u017eel u\u017e byla hodn\u011b z \u00fahlu, a tak nezas\u00e1hla c\u00edl. Tot\u00e9\u017e se d\u00e1 \u0159\u00edci na druh\u00e9 stran\u011b o \u0161anci Nketiaha, kter\u00e1 skon\u010dila hodn\u011b nad. Asi nejv\u011bt\u0161\u00ed \u0161anci v prvn\u00ed p\u016fli neprom\u011bnil Calvert-Lewin, kdy\u017e se marn\u011b ve skluzu natahoval po centru Onany. Napravit to mohl o chv\u00edli pozd\u011bji, v 34. minut\u011b, McNeil, na kter\u00e9ho zapomn\u011bla hostuj\u00edc\u00ed obrana, ale dom\u00e1c\u00ed k\u0159\u00eddeln\u00edk bohu\u017eel hlavi\u010dkoval nep\u0159esv\u011bd\u010div\u011b, pouze vedle. Na druh\u00e9 stran\u011b byla pom\u011brn\u011b nebezpe\u010dn\u00e1 st\u0159ela z voleje, o kterou se postaral Saka, na brankov\u00e9 \u010d\u00e1\u0159e ale Pickforda spolehliv\u011b zastoupil Coady. V nastaven\u00ed prvn\u00ed p\u016fle je\u0161t\u011b velmi dob\u0159e hlavi\u010dkoval DCL, jeho st\u0159ela ale bohu\u017eel skon\u010dila op\u011bt vedle.<\/p>\n<h4>Beze zm\u011bny v druh\u00e9 p\u016fli<\/h4>\n<p>druh\u00fd polo\u010das z\u00e1pasu za\u010dal ve stejn\u00fdch sestav\u00e1ch a stejn\u011b vypadala nep\u0159ekvapiv\u011b i situace na h\u0159i\u0161ti. Arsenal m\u011bl sice dominanci, co se t\u00fdk\u00e1 dr\u017een\u00ed m\u00ed\u010de, rozhodn\u011b se ale nedalo \u0159\u00edct, \u017ee by Everton tahal za krat\u0161\u00ed konec provazu. U\u017e i Mikelu Artetovi za\u010dalo b\u00fdt jasn\u00e9, \u017ee ten dob\u0159e namazan\u00fd stroj jm\u00e9nem Arsenal se pon\u011bkud zadrh\u00e1v\u00e1 a bude ho pot\u0159ebovat nakopnout, poslal proto do hry v 60. minut\u011b Jorginha a Trossarda. Prvn\u011b jmenovan\u00fd si tak odbyl sv\u016fj debut v dresu Gunners. Prakticky z\u00e1p\u011bt\u00ed ale Arsenal inkasoval z rohov\u00e9ho kopu, kter\u00fd vybojoval Iwobi. Roh kopnut\u00fd na zadn\u00ed ty\u010d si spolehliv\u011b na\u0161el hlavu Tarkowskiho, kter\u00fd se proti m\u00ed\u010di valil jako buldozer, narozd\u00edl od dom\u00e1c\u00ed obr\u00e1nc\u016f &#8211; <strong>1:0,<\/strong> zaslou\u017een\u011b.<\/p>\n<h4>Posledn\u00ed p\u016flhodina<\/h4>\n<p>za\u010dala pro mnoh\u00e9 jist\u011b p\u0159ekvapiv\u00fdm st\u0159\u00edd\u00e1n\u00edm, kdy byl DCL nahrazen Maupayem. O \u010dtvrt hodiny pozd\u011bji p\u0159i\u0161el na h\u0159i\u0161t\u011b na stran\u011b druh\u00e9 tak\u00e9 Vieira, kter\u00fd nahradil norsk\u00e9ho \u0161ikulu \u00d8degaarda. Ten na\u0161t\u011bst\u00ed pro dom\u00e1c\u00ed dnes opravdu nem\u011bl sv\u016fj den, ostatn\u011b jako v\u00edce hr\u00e1\u010d\u016f Gunners. Prakticky ihned po st\u0159\u00edd\u00e1n\u00ed se prezentoval prudkou st\u0159elou z hranice v\u00e1pna Trossard, Pickford pouze vyrazil, ale dom\u00e1c\u00ed obrana rychle za\u017eehnala p\u0159\u00edpadn\u00e9 dal\u0161\u00ed nebezpe\u010d\u00ed. Posledn\u00ed ne\u00fasp\u011b\u0161n\u00fd pokus si p\u0159ipsal v druh\u00e9 minut\u011b nastaven\u00ed Zin\u010denko, kter\u00fd t\u011bsn\u011b p\u0159est\u0159elil Pickfordovu br\u00e1nu a Everton tak ukon\u010dil nep\u0159\u00edznivou bilanci \u010dty\u0159 dom\u00e1c\u00edch proher v \u0159ad\u011b a mohl si poprv\u00e9 od \u0159\u00edjna lo\u0148sk\u00e9ho roku naplno vychutnat ligovou v\u00fdhru.<\/p>\n<p style=\"text-align: right;\"><span style=\"font-size: 8pt;\">(fotozdroj: premierleague.com)<\/span><\/p>\n<p><strong>Branky:<\/strong> 60. James Tarkowski<\/p>\n<p><strong>\u017dK:<\/strong> 63. Vitalij Mykolenko 69. Amadou Onana 86. Jordan Pickford 90+6. Neal Maupay\u00a0 &#8211; 90+6. Oleksandr Zin\u010denko<\/p>\n<p><strong>Everton FC:<\/strong> Jordan Pickford, S\u00e9amus Coleman, Conor Coady, James Tarkowski, Vitalij Mykolenko, Dwight McNeil, Idrissa Gueye, Amadou Onana, Alex Iwobi, Abdoulaye Doucour\u00e9, Dominic Calvert-Lewin (62. Neal Maupay)<\/p>\n<p><strong>Arsenal :<\/strong> Aaron Ramsdale, Ben White (85. Takehiro Tomiyasu), William Saliba, Gabriel Jesus, Oleksandr Zin\u010denko, Martin \u00d8degaard (77. F\u00e1bio Vieira), Thomas Partey (59. Jorginho), Granit Xhaka, Bukayo Saka, Edward Nketiah, Gabriel Martinelli (59. Leandro Trossard)<\/p>\n<p><strong>Rozhod\u010d\u00ed:<\/strong> David Coote <strong>Div\u00e1ci:<\/strong> 39314<\/p>\n","protected":false},"excerpt":{"rendered":"<p>Kanon\u00fd\u0159i dnes v Goodison Parku nest\u0159\u00edleli ostr\u00fdmi, Sean Dyche za\u017eil premi\u00e9ru jako z poh\u00e1dky. Hr\u00e1\u010di i div\u00e1ci p\u016fsobili jako polit\u00ed \u017eivou vodou a d\u00edky skv\u011bl\u00e9mu v\u00fdkonu zaslou\u017een\u011b porazili l\u00eddra tabulky.<\/p>\n","protected":false},"author":562,"featured_media":20920,"comment_status":"open","ping_status":"closed","sticky":false,"template":"","format":"standard","meta":{"_eb_attr":"","_monsterinsights_skip_tracking":false,"_monsterinsights_sitenote_active":false,"_monsterinsights_sitenote_note":"","_monsterinsights_sitenote_category":0,"footnotes":""},"categories":[4],"tags":[],"yoast_head":"<!-- This site is optimized with the Yoast SEO plugin v23.4 - https:\/\/yoast.com\/wordpress\/plugins\/seo\/ -->\n<title>Everton - Arsenal 1:0 - Official Czech &amp; Slovak Everton Supporters&#039; Club<\/title>\n<meta name=\"robots\" content=\"index, follow, max-snippet:-1, max-image-preview:large, max-video-preview:-1\" \/>\n<link rel=\"canonical\" href=\"https:\/\/evertonfc.cz\/index.php\/2023\/02\/04\/everton-arsenal-10-2\/\" \/>\n<meta property=\"og:locale\" content=\"cs_CZ\" \/>\n<meta property=\"og:type\" content=\"article\" \/>\n<meta property=\"og:title\" content=\"Everton - Arsenal 1:0 - Official Czech &amp; Slovak Everton Supporters&#039; Club\" \/>\n<meta property=\"og:description\" content=\"Kanon\u00fd\u0159i dnes v Goodison Parku nest\u0159\u00edleli ostr\u00fdmi, Sean Dyche za\u017eil premi\u00e9ru jako z poh\u00e1dky. Hr\u00e1\u010di i div\u00e1ci p\u016fsobili jako polit\u00ed \u017eivou vodou a d\u00edky skv\u011bl\u00e9mu v\u00fdkonu zaslou\u017een\u011b porazili l\u00eddra tabulky.\" \/>\n<meta property=\"og:url\" content=\"https:\/\/evertonfc.cz\/index.php\/2023\/02\/04\/everton-arsenal-10-2\/\" \/>\n<meta property=\"og:site_name\" content=\"Official Czech &amp; Slovak Everton Supporters&#039; Club\" \/>\n<meta property=\"article:publisher\" content=\"https:\/\/www.facebook.com\/everton.fans.cz.sk\" \/>\n<meta property=\"article:published_time\" content=\"2023-02-04T14:45:30+00:00\" \/>\n<meta property=\"article:modified_time\" content=\"2023-02-06T21:01:48+00:00\" \/>\n<meta property=\"og:image\" content=\"https:\/\/evertonfc.cz\/wp-content\/uploads\/2023\/02\/Everton-Arsenal-04-02-2023.jpg\" \/>\n\t<meta property=\"og:image:width\" content=\"720\" \/>\n\t<meta property=\"og:image:height\" content=\"405\" \/>\n\t<meta property=\"og:image:type\" content=\"image\/jpeg\" \/>\n<meta name=\"author\" content=\"Petr\" \/>\n<meta name=\"twitter:card\" content=\"summary_large_image\" \/>\n<meta name=\"twitter:label1\" content=\"Napsal(a)\" \/>\n\t<meta name=\"twitter:data1\" content=\"Petr\" \/>\n\t<meta name=\"twitter:label2\" content=\"Odhadovan\u00e1 doba \u010dten\u00ed\" \/>\n\t<meta name=\"twitter:data2\" content=\"4 minuty\" \/>\n<script type=\"application\/ld+json\" class=\"yoast-schema-graph\">{\"@context\":\"https:\/\/schema.org\",\"@graph\":[{\"@type\":\"Article\",\"@id\":\"https:\/\/evertonfc.cz\/index.php\/2023\/02\/04\/everton-arsenal-10-2\/#article\",\"isPartOf\":{\"@id\":\"https:\/\/evertonfc.cz\/index.php\/2023\/02\/04\/everton-arsenal-10-2\/\"},\"author\":{\"name\":\"Petr\",\"@id\":\"https:\/\/evertonfc.cz\/#\/schema\/person\/5b54d20cd919070efc6fd6f92621fc50\"},\"headline\":\"Everton &#8211; Arsenal 1:0\",\"datePublished\":\"2023-02-04T14:45:30+00:00\",\"dateModified\":\"2023-02-06T21:01:48+00:00\",\"mainEntityOfPage\":{\"@id\":\"https:\/\/evertonfc.cz\/index.php\/2023\/02\/04\/everton-arsenal-10-2\/\"},\"wordCount\":858,\"commentCount\":22,\"publisher\":{\"@id\":\"https:\/\/evertonfc.cz\/#organization\"},\"image\":{\"@id\":\"https:\/\/evertonfc.cz\/index.php\/2023\/02\/04\/everton-arsenal-10-2\/#primaryimage\"},\"thumbnailUrl\":\"https:\/\/evertonfc.cz\/wp-content\/uploads\/2023\/02\/Everton-Arsenal-04-02-2023.jpg\",\"articleSection\":[\"Z\u00e1pasy\"],\"inLanguage\":\"cs\",\"potentialAction\":[{\"@type\":\"CommentAction\",\"name\":\"Comment\",\"target\":[\"https:\/\/evertonfc.cz\/index.php\/2023\/02\/04\/everton-arsenal-10-2\/#respond\"]}]},{\"@type\":\"WebPage\",\"@id\":\"https:\/\/evertonfc.cz\/index.php\/2023\/02\/04\/everton-arsenal-10-2\/\",\"url\":\"https:\/\/evertonfc.cz\/index.php\/2023\/02\/04\/everton-arsenal-10-2\/\",\"name\":\"Everton - Arsenal 1:0 - Official Czech &amp; Slovak Everton Supporters&#039; Club\",\"isPartOf\":{\"@id\":\"https:\/\/evertonfc.cz\/#website\"},\"primaryImageOfPage\":{\"@id\":\"https:\/\/evertonfc.cz\/index.php\/2023\/02\/04\/everton-arsenal-10-2\/#primaryimage\"},\"image\":{\"@id\":\"https:\/\/evertonfc.cz\/index.php\/2023\/02\/04\/everton-arsenal-10-2\/#primaryimage\"},\"thumbnailUrl\":\"https:\/\/evertonfc.cz\/wp-content\/uploads\/2023\/02\/Everton-Arsenal-04-02-2023.jpg\",\"datePublished\":\"2023-02-04T14:45:30+00:00\",\"dateModified\":\"2023-02-06T21:01:48+00:00\",\"breadcrumb\":{\"@id\":\"https:\/\/evertonfc.cz\/index.php\/2023\/02\/04\/everton-arsenal-10-2\/#breadcrumb\"},\"inLanguage\":\"cs\",\"potentialAction\":[{\"@type\":\"ReadAction\",\"target\":[\"https:\/\/evertonfc.cz\/index.php\/2023\/02\/04\/everton-arsenal-10-2\/\"]}]},{\"@type\":\"ImageObject\",\"inLanguage\":\"cs\",\"@id\":\"https:\/\/evertonfc.cz\/index.php\/2023\/02\/04\/everton-arsenal-10-2\/#primaryimage\",\"url\":\"https:\/\/evertonfc.cz\/wp-content\/uploads\/2023\/02\/Everton-Arsenal-04-02-2023.jpg\",\"contentUrl\":\"https:\/\/evertonfc.cz\/wp-content\/uploads\/2023\/02\/Everton-Arsenal-04-02-2023.jpg\",\"width\":720,\"height\":405},{\"@type\":\"BreadcrumbList\",\"@id\":\"https:\/\/evertonfc.cz\/index.php\/2023\/02\/04\/everton-arsenal-10-2\/#breadcrumb\",\"itemListElement\":[{\"@type\":\"ListItem\",\"position\":1,\"name\":\"Home\",\"item\":\"https:\/\/evertonfc.cz\/\"},{\"@type\":\"ListItem\",\"position\":2,\"name\":\"Everton &#8211; Arsenal 1:0\"}]},{\"@type\":\"WebSite\",\"@id\":\"https:\/\/evertonfc.cz\/#website\",\"url\":\"https:\/\/evertonfc.cz\/\",\"name\":\"Official Czech &amp; Slovak Everton Supporters&#039; Club\",\"description\":\"\",\"publisher\":{\"@id\":\"https:\/\/evertonfc.cz\/#organization\"},\"potentialAction\":[{\"@type\":\"SearchAction\",\"target\":{\"@type\":\"EntryPoint\",\"urlTemplate\":\"https:\/\/evertonfc.cz\/?s={search_term_string}\"},\"query-input\":{\"@type\":\"PropertyValueSpecification\",\"valueRequired\":true,\"valueName\":\"search_term_string\"}}],\"inLanguage\":\"cs\"},{\"@type\":\"Organization\",\"@id\":\"https:\/\/evertonfc.cz\/#organization\",\"name\":\"Official Czech & Slovak Everton Supporters' Club\",\"url\":\"https:\/\/evertonfc.cz\/\",\"logo\":{\"@type\":\"ImageObject\",\"inLanguage\":\"cs\",\"@id\":\"https:\/\/evertonfc.cz\/#\/schema\/logo\/image\/\",\"url\":\"https:\/\/evertonfc.cz\/wp-content\/uploads\/2019\/05\/logo.png\",\"contentUrl\":\"https:\/\/evertonfc.cz\/wp-content\/uploads\/2019\/05\/logo.png\",\"width\":112,\"height\":112,\"caption\":\"Official Czech & Slovak Everton Supporters' Club\"},\"image\":{\"@id\":\"https:\/\/evertonfc.cz\/#\/schema\/logo\/image\/\"},\"sameAs\":[\"https:\/\/www.facebook.com\/everton.fans.cz.sk\"]},{\"@type\":\"Person\",\"@id\":\"https:\/\/evertonfc.cz\/#\/schema\/person\/5b54d20cd919070efc6fd6f92621fc50\",\"name\":\"Petr\",\"url\":\"https:\/\/evertonfc.cz\/index.php\/author\/petr\/\"}]}<\/script>\n<!-- \/ Yoast SEO plugin. -->","yoast_head_json":{"title":"Everton - Arsenal 1:0 - Official Czech &amp; Slovak Everton Supporters&#039; Club","robots":{"index":"index","follow":"follow","max-snippet":"max-snippet:-1","max-image-preview":"max-image-preview:large","max-video-preview":"max-video-preview:-1"},"canonical":"https:\/\/evertonfc.cz\/index.php\/2023\/02\/04\/everton-arsenal-10-2\/","og_locale":"cs_CZ","og_type":"article","og_title":"Everton - Arsenal 1:0 - Official Czech &amp; Slovak Everton Supporters&#039; Club","og_description":"Kanon\u00fd\u0159i dnes v Goodison Parku nest\u0159\u00edleli ostr\u00fdmi, Sean Dyche za\u017eil premi\u00e9ru jako z poh\u00e1dky. Hr\u00e1\u010di i div\u00e1ci p\u016fsobili jako polit\u00ed \u017eivou vodou a d\u00edky skv\u011bl\u00e9mu v\u00fdkonu zaslou\u017een\u011b porazili l\u00eddra tabulky.","og_url":"https:\/\/evertonfc.cz\/index.php\/2023\/02\/04\/everton-arsenal-10-2\/","og_site_name":"Official Czech &amp; Slovak Everton Supporters&#039; Club","article_publisher":"https:\/\/www.facebook.com\/everton.fans.cz.sk","article_published_time":"2023-02-04T14:45:30+00:00","article_modified_time":"2023-02-06T21:01:48+00:00","og_image":[{"width":720,"height":405,"url":"https:\/\/evertonfc.cz\/wp-content\/uploads\/2023\/02\/Everton-Arsenal-04-02-2023.jpg","type":"image\/jpeg"}],"author":"Petr","twitter_card":"summary_large_image","twitter_misc":{"Napsal(a)":"Petr","Odhadovan\u00e1 doba \u010dten\u00ed":"4 minuty"},"schema":{"@context":"https:\/\/schema.org","@graph":[{"@type":"Article","@id":"https:\/\/evertonfc.cz\/index.php\/2023\/02\/04\/everton-arsenal-10-2\/#article","isPartOf":{"@id":"https:\/\/evertonfc.cz\/index.php\/2023\/02\/04\/everton-arsenal-10-2\/"},"author":{"name":"Petr","@id":"https:\/\/evertonfc.cz\/#\/schema\/person\/5b54d20cd919070efc6fd6f92621fc50"},"headline":"Everton &#8211; Arsenal 1:0","datePublished":"2023-02-04T14:45:30+00:00","dateModified":"2023-02-06T21:01:48+00:00","mainEntityOfPage":{"@id":"https:\/\/evertonfc.cz\/index.php\/2023\/02\/04\/everton-arsenal-10-2\/"},"wordCount":858,"commentCount":22,"publisher":{"@id":"https:\/\/evertonfc.cz\/#organization"},"image":{"@id":"https:\/\/evertonfc.cz\/index.php\/2023\/02\/04\/everton-arsenal-10-2\/#primaryimage"},"thumbnailUrl":"https:\/\/evertonfc.cz\/wp-content\/uploads\/2023\/02\/Everton-Arsenal-04-02-2023.jpg","articleSection":["Z\u00e1pasy"],"inLanguage":"cs","potentialAction":[{"@type":"CommentAction","name":"Comment","target":["https:\/\/evertonfc.cz\/index.php\/2023\/02\/04\/everton-arsenal-10-2\/#respond"]}]},{"@type":"WebPage","@id":"https:\/\/evertonfc.cz\/index.php\/2023\/02\/04\/everton-arsenal-10-2\/","url":"https:\/\/evertonfc.cz\/index.php\/2023\/02\/04\/everton-arsenal-10-2\/","name":"Everton - Arsenal 1:0 - Official Czech &amp; Slovak Everton Supporters&#039; Club","isPartOf":{"@id":"https:\/\/evertonfc.cz\/#website"},"primaryImageOfPage":{"@id":"https:\/\/evertonfc.cz\/index.php\/2023\/02\/04\/everton-arsenal-10-2\/#primaryimage"},"image":{"@id":"https:\/\/evertonfc.cz\/index.php\/2023\/02\/04\/everton-arsenal-10-2\/#primaryimage"},"thumbnailUrl":"https:\/\/evertonfc.cz\/wp-content\/uploads\/2023\/02\/Everton-Arsenal-04-02-2023.jpg","datePublished":"2023-02-04T14:45:30+00:00","dateModified":"2023-02-06T21:01:48+00:00","breadcrumb":{"@id":"https:\/\/evertonfc.cz\/index.php\/2023\/02\/04\/everton-arsenal-10-2\/#breadcrumb"},"inLanguage":"cs","potentialAction":[{"@type":"ReadAction","target":["https:\/\/evertonfc.cz\/index.php\/2023\/02\/04\/everton-arsenal-10-2\/"]}]},{"@type":"ImageObject","inLanguage":"cs","@id":"https:\/\/evertonfc.cz\/index.php\/2023\/02\/04\/everton-arsenal-10-2\/#primaryimage","url":"https:\/\/evertonfc.cz\/wp-content\/uploads\/2023\/02\/Everton-Arsenal-04-02-2023.jpg","contentUrl":"https:\/\/evertonfc.cz\/wp-content\/uploads\/2023\/02\/Everton-Arsenal-04-02-2023.jpg","width":720,"height":405},{"@type":"BreadcrumbList","@id":"https:\/\/evertonfc.cz\/index.php\/2023\/02\/04\/everton-arsenal-10-2\/#breadcrumb","itemListElement":[{"@type":"ListItem","position":1,"name":"Home","item":"https:\/\/evertonfc.cz\/"},{"@type":"ListItem","position":2,"name":"Everton &#8211; Arsenal 1:0"}]},{"@type":"WebSite","@id":"https:\/\/evertonfc.cz\/#website","url":"https:\/\/evertonfc.cz\/","name":"Official Czech &amp; Slovak Everton Supporters&#039; Club","description":"","publisher":{"@id":"https:\/\/evertonfc.cz\/#organization"},"potentialAction":[{"@type":"SearchAction","target":{"@type":"EntryPoint","urlTemplate":"https:\/\/evertonfc.cz\/?s={search_term_string}"},"query-input":{"@type":"PropertyValueSpecification","valueRequired":true,"valueName":"search_term_string"}}],"inLanguage":"cs"},{"@type":"Organization","@id":"https:\/\/evertonfc.cz\/#organization","name":"Official Czech & Slovak Everton Supporters' Club","url":"https:\/\/evertonfc.cz\/","logo":{"@type":"ImageObject","inLanguage":"cs","@id":"https:\/\/evertonfc.cz\/#\/schema\/logo\/image\/","url":"https:\/\/evertonfc.cz\/wp-content\/uploads\/2019\/05\/logo.png","contentUrl":"https:\/\/evertonfc.cz\/wp-content\/uploads\/2019\/05\/logo.png","width":112,"height":112,"caption":"Official Czech & Slovak Everton Supporters' Club"},"image":{"@id":"https:\/\/evertonfc.cz\/#\/schema\/logo\/image\/"},"sameAs":["https:\/\/www.facebook.com\/everton.fans.cz.sk"]},{"@type":"Person","@id":"https:\/\/evertonfc.cz\/#\/schema\/person\/5b54d20cd919070efc6fd6f92621fc50","name":"Petr","url":"https:\/\/evertonfc.cz\/index.php\/author\/petr\/"}]}},"_links":{"self":[{"href":"https:\/\/evertonfc.cz\/index.php\/wp-json\/wp\/v2\/posts\/20921"}],"collection":[{"href":"https:\/\/evertonfc.cz\/index.php\/wp-json\/wp\/v2\/posts"}],"about":[{"href":"https:\/\/evertonfc.cz\/index.php\/wp-json\/wp\/v2\/types\/post"}],"author":[{"embeddable":true,"href":"https:\/\/evertonfc.cz\/index.php\/wp-json\/wp\/v2\/users\/562"}],"replies":[{"embeddable":true,"href":"https:\/\/evertonfc.cz\/index.php\/wp-json\/wp\/v2\/comments?post=20921"}],"version-history":[{"count":7,"href":"https:\/\/evertonfc.cz\/index.php\/wp-json\/wp\/v2\/posts\/20921\/revisions"}],"predecessor-version":[{"id":20961,"href":"https:\/\/evertonfc.cz\/index.php\/wp-json\/wp\/v2\/posts\/20921\/revisions\/20961"}],"wp:featuredmedia":[{"embeddable":true,"href":"https:\/\/evertonfc.cz\/index.php\/wp-json\/wp\/v2\/media\/20920"}],"wp:attachment":[{"href":"https:\/\/evertonfc.cz\/index.php\/wp-json\/wp\/v2\/media?parent=20921"}],"wp:term":[{"taxonomy":"category","embeddable":true,"href":"https:\/\/evertonfc.cz\/index.php\/wp-json\/wp\/v2\/categories?post=20921"},{"taxonomy":"post_tag","embeddable":true,"href":"https:\/\/evertonfc.cz\/index.php\/wp-json\/wp\/v2\/tags?post=20921"}],"curies":[{"name":"wp","href":"https:\/\/api.w.org\/{rel}","templated":true}]}}