{"id":20928,"date":"2023-02-05T19:28:07","date_gmt":"2023-02-05T18:28:07","guid":{"rendered":"https:\/\/evertonfc.cz\/?p=20928"},"modified":"2023-02-06T09:43:38","modified_gmt":"2023-02-06T08:43:38","slug":"manchester-united-w-everton-w-00","status":"publish","type":"post","link":"https:\/\/evertonfc.cz\/index.php\/2023\/02\/05\/manchester-united-w-everton-w-00\/","title":{"rendered":"Manchester United W &#8211; Everton W 0:0"},"content":{"rendered":"<h4>Z venkovn\u00edho z\u00e1pasu s MUTD se n\u00e1m zat\u00edm nikdy nepoda\u0159ilo vydolovat ani bod. A\u017e do dne\u0161ka.<\/h4>\n<p>P\u0159ed v\u00fdkopem oba mana\u017ee\u0159i p\u0159ipomn\u011bli 64. v\u00fdro\u010d\u00ed mnichovsk\u00e9 leteck\u00e9 katastrofy a uctili pam\u00e1tku 23 ob\u011bt\u00ed ne\u0161t\u011bst\u00ed mezi nimi\u017e bylo i 8 hr\u00e1\u010d\u016f &#8222;Busby Babes&#8220;.\u00a0 Po chv\u00edli ticha se stadi\u00f3n op\u011bt rozhu\u010del a mohlo se j\u00edt na v\u011bc. Mysl\u00edm, \u017ee to byly \u010f\u00e1blice, kdo byl p\u0159ed utk\u00e1n\u00edm pod v\u011bt\u0161\u00edm tlakem: Na \u010dele tabulky je t\u011bsno a Chelsea jim d\u00fdch\u00e1\u00a0 na z\u00e1tylek.<\/p>\n<p>Nav\u00edc je velmi nejist\u00fd dal\u0161\u00ed osud manchestersk\u00e9 st\u0159elkyn\u011b Russo, kter\u00e1 zat\u00edm nepodepsala prodlou\u017een\u00ed kontraktu a za kterou Arsenal v pr\u00e1v\u011b uzav\u0159en\u00e9m p\u0159estupov\u00e9m okn\u011b nab\u00eddl v \u017eensk\u00e9m fotbale sv\u011btov\u011b rekordn\u00ed \u010d\u00e1stku 500 000 liber (kter\u00e1\u017eto nab\u00eddka byla odm\u00edtnuta). Everton naproti tomu mohl v z\u00e1pase jen z\u00edskat. V brance Blues dostala \u0161anci p\u0159edv\u00e9st sv\u00e9 um\u011bn\u00ed Brosnan (sou\u010dasn\u00ed jedni\u010dka Ramsey jako\u017eto zap\u016fj\u010den\u00e1 z MUTD nastoupit k z\u00e1pasu nemohla) a po p\u00e1r t\u00fddnech se do z\u00e1kladn\u00ed sestavy propracovala <span class=\"sp-c-lineup-pitch__player\" data-reactid=\".1dj7234cxv6.0.0.0.1.$include-1.0.0.1:$panel-0.$0.0.0.1.2.0.0.1:$away-formation-row-1.$away-player-1\"><span class=\"sp-c-lineup-pitch__player__name gs-u-display-block@xs \" data-reactid=\".1dj7234cxv6.0.0.0.1.$include-1.0.0.1:$panel-0.$0.0.0.1.2.0.0.1:$away-formation-row-1.$away-player-1.1\">Bj\u00f6rn.<\/span><\/span><\/p>\n<h4>Pr\u016fb\u011bh z\u00e1pasu<\/h4>\n<p>Na za\u010d\u00e1tku jsme to byli p\u0159ekvapiv\u011b my, kdo tla\u010dil na pilu. Hned zkraje z\u00e1pasu p\u0159evedla <span class=\"sp-c-lineup-pitch__player\" data-reactid=\".1dj7234cxv6.0.0.0.1.$include-1.0.0.1:$panel-0.$0.0.0.1.2.0.0.1:$away-formation-row-1.$away-player-2\"><span class=\"sp-c-lineup-pitch__player__name gs-u-display-block@xs \" data-reactid=\".1dj7234cxv6.0.0.0.1.$include-1.0.0.1:$panel-0.$0.0.0.1.2.0.0.1:$away-formation-row-1.$away-player-2.1\">S\u00f8rensen, \u017ee p\u0159ihr\u00e1vky do ohn\u011b um\u00ed a Sevecke\u00a0 se zkusila prosadit hlavou. Ani jedna akce ke k\u00fd\u017een\u00e9mu v\u00fdsledku bohu\u017eel nevedla.\u00a0 <\/span><\/span>Utk\u00e1n\u00ed bylo hr\u00e1no velmi fyzicky, co\u017e ov\u0161em byla taktika, se kterou jsme do Manchesteru p\u0159ijeli. P\u011bti\u010dlenn\u00e1 z\u00e1loha a ob\u011btav\u00e1 obrana velmi \u00fa\u010dinn\u011b eliminovaly tlak dom\u00e1c\u00edch. Na ofenzivn\u00ed akce n\u00e1m mnoho prostoru nezb\u00fdvalo, ale p\u0159esto jsme dok\u00e1zali, \u017ee n\u00e1m nejsou ciz\u00ed. <span class=\"sp-c-lineup-pitch__player\" data-reactid=\".1dj7234cxv6.0.0.0.1.$include-1.0.0.1:$panel-0.$0.0.0.1.2.0.0.1:$away-formation-row-1.$away-player-2\"><span class=\"sp-c-lineup-pitch__player__name gs-u-display-block@xs \" data-reactid=\".1dj7234cxv6.0.0.0.1.$include-1.0.0.1:$panel-0.$0.0.0.1.2.0.0.1:$away-formation-row-1.$away-player-2.1\">Soupis \u0161anc\u00ed MUTD by byl velmi dlouh\u00fd.<\/span><\/span><\/p>\n<p><span class=\"sp-c-lineup-pitch__player\" data-reactid=\".1dj7234cxv6.0.0.0.1.$include-1.0.0.1:$panel-0.$0.0.0.1.2.0.0.1:$away-formation-row-1.$away-player-2\"><span class=\"sp-c-lineup-pitch__player__name gs-u-display-block@xs \" data-reactid=\".1dj7234cxv6.0.0.0.1.$include-1.0.0.1:$panel-0.$0.0.0.1.2.0.0.1:$away-formation-row-1.$away-player-2.1\">V prav\u00e9m slova smyslu ale o vysloven\u00e9 \u0161ance ne\u0161lo, proto\u017ee \u0159ada st\u0159el byla zblokov\u00e1na velmi ob\u011btav\u011b hraj\u00edc\u00edmi \u017eenami v modr\u00e9m. Zejm\u00e9na tackles Gabby George daly purist\u016fm vzpomenout na star\u00e9 dobr\u00e9 \u010dasy anglick\u00e9ho fotbalu. P\u0159esto United m\u011bly n\u011bkolik g\u00f3lov\u00fdch p\u0159\u00edle\u017eitost\u00ed, kter\u00e9 v\u0161ak\u00a0 bravurn\u011b zlikvidovala dnes suver\u00e9nn\u011b hraj\u00edc\u00ed Brosnan. Za v\u0161echny jmenujme \u0161ance Russo, Garcii nebo Batlle.<\/span><\/span><\/p>\n<p><span class=\"sp-c-lineup-pitch__player\" data-reactid=\".1dj7234cxv6.0.0.0.1.$include-1.0.0.1:$panel-0.$0.0.0.1.2.0.0.1:$away-formation-row-1.$away-player-2\"><span class=\"sp-c-lineup-pitch__player__name gs-u-display-block@xs \" data-reactid=\".1dj7234cxv6.0.0.0.1.$include-1.0.0.1:$panel-0.$0.0.0.1.2.0.0.1:$away-formation-row-1.$away-player-2.1\">A kdy\u017e u\u017e to vypadalo, \u017ee n\u00e1s n\u00e1por dom\u00e1c\u00edch v druh\u00e9m polo\u010dase p\u0159eci jen semele, dostala se Park do perfektn\u00edho \u00faniku a jen m\u00e1lo n\u00e1s d\u011blilo od vedouc\u00ed a mo\u017en\u00e1 i v\u00edt\u011bzn\u00e9 branky z\u00e1pasu. Co\u017e byla pro na\u0161e \u0159ady v\u00edtan\u00e1 vzpruha na z\u00e1v\u011bre\u010dnou dvacetiminutovku. \u010e\u00e1blice byly naopak \u010d\u00edm d\u00e1l t\u00edm frustrovan\u011bj\u0161\u00ed a ani s\u00edla tribun jim nepomohla v z\u00e1v\u011bre\u010dn\u00e9 zte\u010di. \u017dlut\u00e1 karta pro Beever-Jones za zdr\u017eov\u00e1n\u00ed p\u0159i\u0161la je p\u00e1r minut p\u0159ed koncem a pak u\u017e jsme mohli popr\u00e1vu slavit zisk cenn\u00e9ho bodu.<\/span><\/span><\/p>\n<h4>Shrnut\u00ed<\/h4>\n<p>Perfektn\u00ed nap\u00ednav\u00fd a mana\u017eersky zvl\u00e1dnut\u00fd z\u00e1pas. Hr\u00e1\u010dky odevzdaly maximum fyzick\u00fdch sil, bojovnosti a ob\u011btavosti a dok\u00e1zali jsme i zahrozit g\u00f3lem. Pr\u00e1vem jim pat\u0159\u00ed na\u0161e poklona! N\u011bjak takto si p\u0159edstavuji hern\u00ed styl Evertonu-co t\u0159eba chyb\u00ed v technice nahrad\u00edme bojovnost\u00ed.\u00a0 Naproti tomu v \u0159ad\u00e1ch United asi dojde k men\u0161\u00edmu rozlad\u011bn\u00ed. Z v\u00edce ne\u017e dvaceti st\u0159el by fanou\u0161ek Devils n\u011bjak\u00fd g\u00f3l \u010dekal (ne do na\u0161\u00ed s\u00edt\u011b, pros\u00edm). A pokud tato neproduktivita p\u0159isp\u011bje k v\u00e1h\u00e1n\u00ed Russo nad prodlou\u017een\u00edm smlouvy, mohla by se j\u00edzda \u010f\u00e1blic leto\u0161n\u00edm ro\u010dn\u00edkem\u00a0 WSL je\u0161t\u011b zadrhnout.\u00a0 Nic proti United, ale jem r\u00e1d, \u017ee jsme k tomu dnes p\u0159isp\u011bli. <strong><span style=\"color: #0000ff;\">COYB!\u00a0<\/span><\/strong><\/p>\n<p style=\"text-align: right;\"><span style=\"font-size: 8pt;\"><em>Fotografie: Courtney Brosnan (zdroj: twitter.com\/EveretonWomen)<\/em><\/span><\/p>\n<p><strong>Statistika:<\/strong> Dr\u017een\u00ed m\u00ed\u010de: 67%:33%, st\u0159ely 23:5 (na br\u00e1nu 4:1)<\/p>\n<p><strong>\u017dK:<\/strong> Beever-Jones<\/p>\n<p><strong>MUTD (4-2-3-1): <\/strong>Earps; <span class=\"sp-c-lineup-pitch__player\" data-reactid=\".1dj7234cxv6.0.0.0.1.$include-1.0.0.1:$panel-0.$0.0.0.0.2.0.0.1:$home-formation-row-1.$home-player-0\"><span class=\"sp-c-lineup-pitch__player__name gs-u-display-block@xs \" data-reactid=\".1dj7234cxv6.0.0.0.1.$include-1.0.0.1:$panel-0.$0.0.0.0.2.0.0.1:$home-formation-row-1.$home-player-0.1\">Batlle, <\/span><\/span><span class=\"sp-c-lineup-pitch__player\" data-reactid=\".1dj7234cxv6.0.0.0.1.$include-1.0.0.1:$panel-0.$0.0.0.0.2.0.0.1:$home-formation-row-1.$home-player-1\"><span class=\"sp-c-lineup-pitch__player__name gs-u-display-block@xs \" data-reactid=\".1dj7234cxv6.0.0.0.1.$include-1.0.0.1:$panel-0.$0.0.0.0.2.0.0.1:$home-formation-row-1.$home-player-1.1\">Le Tissier, <\/span><\/span><span class=\"sp-c-lineup-pitch__player\" data-reactid=\".1dj7234cxv6.0.0.0.1.$include-1.0.0.1:$panel-0.$0.0.0.0.2.0.0.1:$home-formation-row-1.$home-player-2\"><span class=\"sp-c-lineup-pitch__player__name gs-u-display-block@xs \" data-reactid=\".1dj7234cxv6.0.0.0.1.$include-1.0.0.1:$panel-0.$0.0.0.0.2.0.0.1:$home-formation-row-1.$home-player-2.1\">Turner, <\/span><\/span><span class=\"sp-c-lineup-pitch__player\" data-reactid=\".1dj7234cxv6.0.0.0.1.$include-1.0.0.1:$panel-0.$0.0.0.0.2.0.0.1:$home-formation-row-1.$home-player-3\"><span class=\"sp-c-lineup-pitch__player__name gs-u-display-block@xs \" data-reactid=\".1dj7234cxv6.0.0.0.1.$include-1.0.0.1:$panel-0.$0.0.0.0.2.0.0.1:$home-formation-row-1.$home-player-3.1\">Blundell; Ladd, Zelem; Garc\u00eda (Williams 77\u00b4), Toone, Galton (Parris 67\u00b4); Russo<\/span><\/span><\/p>\n<p><strong>EFC (3-5-2): <\/strong>Brosnan; <span class=\"sp-c-lineup-pitch__player\" data-reactid=\".1dj7234cxv6.0.0.0.1.$include-1.0.0.1:$panel-0.$0.0.0.1.2.0.0.1:$away-formation-row-1.$away-player-0\"><span class=\"sp-c-lineup-pitch__player__name gs-u-display-block@xs \" data-reactid=\".1dj7234cxv6.0.0.0.1.$include-1.0.0.1:$panel-0.$0.0.0.1.2.0.0.1:$away-formation-row-1.$away-player-0.1\">Finnigan (Wheeler 55\u00b4), <\/span><\/span><span class=\"sp-c-lineup-pitch__player\" data-reactid=\".1dj7234cxv6.0.0.0.1.$include-1.0.0.1:$panel-0.$0.0.0.1.2.0.0.1:$away-formation-row-1.$away-player-1\"><span class=\"sp-c-lineup-pitch__player__name gs-u-display-block@xs \" data-reactid=\".1dj7234cxv6.0.0.0.1.$include-1.0.0.1:$panel-0.$0.0.0.1.2.0.0.1:$away-formation-row-1.$away-player-1.1\">Bj\u00f6rn, <\/span><\/span><span class=\"sp-c-lineup-pitch__player\" data-reactid=\".1dj7234cxv6.0.0.0.1.$include-1.0.0.1:$panel-0.$0.0.0.1.2.0.0.1:$away-formation-row-1.$away-player-2\"><span class=\"sp-c-lineup-pitch__player__name gs-u-display-block@xs \" data-reactid=\".1dj7234cxv6.0.0.0.1.$include-1.0.0.1:$panel-0.$0.0.0.1.2.0.0.1:$away-formation-row-1.$away-player-2.1\">Sevecke; S\u00f8rensen (Bennison 55\u00b4), Park, K. Holmgaard (Christiansen 66\u00b4), Galli (Hope 55\u00b4) , George; Snoeijs (Stenevik 86\u00b4), Beever-Jones<\/span><\/span><\/p>\n<p><strong>Rozhod\u010d\u00ed:<\/strong> Emily Heaslip\u00a0 <strong>Div\u00e1ci:<\/strong> 5040<\/p>\n<p><iframe loading=\"lazy\" title=\"Manchester United vs Everton Highlights &amp; All Goals | Women\u2019s Super League 22\/23 | 2.5.2022\" width=\"1140\" height=\"641\" src=\"https:\/\/www.youtube.com\/embed\/nrxgZoT-cGU?feature=oembed\" frameborder=\"0\" allow=\"accelerometer; autoplay; clipboard-write; encrypted-media; gyroscope; picture-in-picture; web-share\" allowfullscreen><\/iframe><\/p>\n","protected":false},"excerpt":{"rendered":"<p>Z venkovn\u00edho z\u00e1pasu s MUTD se n\u00e1m zat\u00edm nikdy nepoda\u0159ilo vydolovat ani bod. A\u017e do dne\u0161ka.<\/p>\n","protected":false},"author":26,"featured_media":20940,"comment_status":"open","ping_status":"closed","sticky":false,"template":"","format":"standard","meta":{"_eb_attr":"","_monsterinsights_skip_tracking":false,"_monsterinsights_sitenote_active":false,"_monsterinsights_sitenote_note":"","_monsterinsights_sitenote_category":0,"footnotes":""},"categories":[110],"tags":[],"yoast_head":"<!-- This site is optimized with the Yoast SEO plugin v23.4 - https:\/\/yoast.com\/wordpress\/plugins\/seo\/ -->\n<title>Manchester United W - Everton W 0:0 - Official Czech &amp; Slovak Everton Supporters&#039; Club<\/title>\n<meta name=\"robots\" content=\"index, follow, max-snippet:-1, max-image-preview:large, max-video-preview:-1\" \/>\n<link rel=\"canonical\" href=\"https:\/\/evertonfc.cz\/index.php\/2023\/02\/05\/manchester-united-w-everton-w-00\/\" \/>\n<meta property=\"og:locale\" content=\"cs_CZ\" \/>\n<meta property=\"og:type\" content=\"article\" \/>\n<meta property=\"og:title\" content=\"Manchester United W - Everton W 0:0 - Official Czech &amp; Slovak Everton Supporters&#039; Club\" \/>\n<meta property=\"og:description\" content=\"Z venkovn\u00edho z\u00e1pasu s MUTD se n\u00e1m zat\u00edm nikdy nepoda\u0159ilo vydolovat ani bod. A\u017e do dne\u0161ka.\" \/>\n<meta property=\"og:url\" content=\"https:\/\/evertonfc.cz\/index.php\/2023\/02\/05\/manchester-united-w-everton-w-00\/\" \/>\n<meta property=\"og:site_name\" content=\"Official Czech &amp; Slovak Everton Supporters&#039; Club\" \/>\n<meta property=\"article:publisher\" content=\"https:\/\/www.facebook.com\/everton.fans.cz.sk\" \/>\n<meta property=\"article:published_time\" content=\"2023-02-05T18:28:07+00:00\" \/>\n<meta property=\"article:modified_time\" content=\"2023-02-06T08:43:38+00:00\" \/>\n<meta property=\"og:image\" content=\"https:\/\/evertonfc.cz\/wp-content\/uploads\/2023\/02\/Brosnan-web-05_02_2023.jpg\" \/>\n\t<meta property=\"og:image:width\" content=\"720\" \/>\n\t<meta property=\"og:image:height\" content=\"406\" \/>\n\t<meta property=\"og:image:type\" content=\"image\/jpeg\" \/>\n<meta name=\"author\" content=\"Karamela\" \/>\n<meta name=\"twitter:card\" content=\"summary_large_image\" \/>\n<meta name=\"twitter:label1\" content=\"Napsal(a)\" \/>\n\t<meta name=\"twitter:data1\" content=\"Karamela\" \/>\n\t<meta name=\"twitter:label2\" content=\"Odhadovan\u00e1 doba \u010dten\u00ed\" \/>\n\t<meta name=\"twitter:data2\" content=\"3 minuty\" \/>\n<script type=\"application\/ld+json\" class=\"yoast-schema-graph\">{\"@context\":\"https:\/\/schema.org\",\"@graph\":[{\"@type\":\"Article\",\"@id\":\"https:\/\/evertonfc.cz\/index.php\/2023\/02\/05\/manchester-united-w-everton-w-00\/#article\",\"isPartOf\":{\"@id\":\"https:\/\/evertonfc.cz\/index.php\/2023\/02\/05\/manchester-united-w-everton-w-00\/\"},\"author\":{\"name\":\"Karamela\",\"@id\":\"https:\/\/evertonfc.cz\/#\/schema\/person\/e9a24a80a32efa1344dd2c4e5882185c\"},\"headline\":\"Manchester United W &#8211; Everton W 0:0\",\"datePublished\":\"2023-02-05T18:28:07+00:00\",\"dateModified\":\"2023-02-06T08:43:38+00:00\",\"mainEntityOfPage\":{\"@id\":\"https:\/\/evertonfc.cz\/index.php\/2023\/02\/05\/manchester-united-w-everton-w-00\/\"},\"wordCount\":735,\"commentCount\":1,\"publisher\":{\"@id\":\"https:\/\/evertonfc.cz\/#organization\"},\"image\":{\"@id\":\"https:\/\/evertonfc.cz\/index.php\/2023\/02\/05\/manchester-united-w-everton-w-00\/#primaryimage\"},\"thumbnailUrl\":\"https:\/\/evertonfc.cz\/wp-content\/uploads\/2023\/02\/Brosnan-web-05_02_2023.jpg\",\"articleSection\":[\"Everton Women\"],\"inLanguage\":\"cs\",\"potentialAction\":[{\"@type\":\"CommentAction\",\"name\":\"Comment\",\"target\":[\"https:\/\/evertonfc.cz\/index.php\/2023\/02\/05\/manchester-united-w-everton-w-00\/#respond\"]}]},{\"@type\":\"WebPage\",\"@id\":\"https:\/\/evertonfc.cz\/index.php\/2023\/02\/05\/manchester-united-w-everton-w-00\/\",\"url\":\"https:\/\/evertonfc.cz\/index.php\/2023\/02\/05\/manchester-united-w-everton-w-00\/\",\"name\":\"Manchester United W - Everton W 0:0 - Official Czech &amp; Slovak Everton Supporters&#039; Club\",\"isPartOf\":{\"@id\":\"https:\/\/evertonfc.cz\/#website\"},\"primaryImageOfPage\":{\"@id\":\"https:\/\/evertonfc.cz\/index.php\/2023\/02\/05\/manchester-united-w-everton-w-00\/#primaryimage\"},\"image\":{\"@id\":\"https:\/\/evertonfc.cz\/index.php\/2023\/02\/05\/manchester-united-w-everton-w-00\/#primaryimage\"},\"thumbnailUrl\":\"https:\/\/evertonfc.cz\/wp-content\/uploads\/2023\/02\/Brosnan-web-05_02_2023.jpg\",\"datePublished\":\"2023-02-05T18:28:07+00:00\",\"dateModified\":\"2023-02-06T08:43:38+00:00\",\"breadcrumb\":{\"@id\":\"https:\/\/evertonfc.cz\/index.php\/2023\/02\/05\/manchester-united-w-everton-w-00\/#breadcrumb\"},\"inLanguage\":\"cs\",\"potentialAction\":[{\"@type\":\"ReadAction\",\"target\":[\"https:\/\/evertonfc.cz\/index.php\/2023\/02\/05\/manchester-united-w-everton-w-00\/\"]}]},{\"@type\":\"ImageObject\",\"inLanguage\":\"cs\",\"@id\":\"https:\/\/evertonfc.cz\/index.php\/2023\/02\/05\/manchester-united-w-everton-w-00\/#primaryimage\",\"url\":\"https:\/\/evertonfc.cz\/wp-content\/uploads\/2023\/02\/Brosnan-web-05_02_2023.jpg\",\"contentUrl\":\"https:\/\/evertonfc.cz\/wp-content\/uploads\/2023\/02\/Brosnan-web-05_02_2023.jpg\",\"width\":720,\"height\":406},{\"@type\":\"BreadcrumbList\",\"@id\":\"https:\/\/evertonfc.cz\/index.php\/2023\/02\/05\/manchester-united-w-everton-w-00\/#breadcrumb\",\"itemListElement\":[{\"@type\":\"ListItem\",\"position\":1,\"name\":\"Home\",\"item\":\"https:\/\/evertonfc.cz\/\"},{\"@type\":\"ListItem\",\"position\":2,\"name\":\"Manchester United W &#8211; Everton W 0:0\"}]},{\"@type\":\"WebSite\",\"@id\":\"https:\/\/evertonfc.cz\/#website\",\"url\":\"https:\/\/evertonfc.cz\/\",\"name\":\"Official Czech &amp; Slovak Everton Supporters&#039; Club\",\"description\":\"\",\"publisher\":{\"@id\":\"https:\/\/evertonfc.cz\/#organization\"},\"potentialAction\":[{\"@type\":\"SearchAction\",\"target\":{\"@type\":\"EntryPoint\",\"urlTemplate\":\"https:\/\/evertonfc.cz\/?s={search_term_string}\"},\"query-input\":{\"@type\":\"PropertyValueSpecification\",\"valueRequired\":true,\"valueName\":\"search_term_string\"}}],\"inLanguage\":\"cs\"},{\"@type\":\"Organization\",\"@id\":\"https:\/\/evertonfc.cz\/#organization\",\"name\":\"Official Czech & Slovak Everton Supporters' Club\",\"url\":\"https:\/\/evertonfc.cz\/\",\"logo\":{\"@type\":\"ImageObject\",\"inLanguage\":\"cs\",\"@id\":\"https:\/\/evertonfc.cz\/#\/schema\/logo\/image\/\",\"url\":\"https:\/\/evertonfc.cz\/wp-content\/uploads\/2019\/05\/logo.png\",\"contentUrl\":\"https:\/\/evertonfc.cz\/wp-content\/uploads\/2019\/05\/logo.png\",\"width\":112,\"height\":112,\"caption\":\"Official Czech & Slovak Everton Supporters' Club\"},\"image\":{\"@id\":\"https:\/\/evertonfc.cz\/#\/schema\/logo\/image\/\"},\"sameAs\":[\"https:\/\/www.facebook.com\/everton.fans.cz.sk\"]},{\"@type\":\"Person\",\"@id\":\"https:\/\/evertonfc.cz\/#\/schema\/person\/e9a24a80a32efa1344dd2c4e5882185c\",\"name\":\"Karamela\",\"url\":\"https:\/\/evertonfc.cz\/index.php\/author\/karamela\/\"}]}<\/script>\n<!-- \/ Yoast SEO plugin. -->","yoast_head_json":{"title":"Manchester United W - Everton W 0:0 - Official Czech &amp; Slovak Everton Supporters&#039; Club","robots":{"index":"index","follow":"follow","max-snippet":"max-snippet:-1","max-image-preview":"max-image-preview:large","max-video-preview":"max-video-preview:-1"},"canonical":"https:\/\/evertonfc.cz\/index.php\/2023\/02\/05\/manchester-united-w-everton-w-00\/","og_locale":"cs_CZ","og_type":"article","og_title":"Manchester United W - Everton W 0:0 - Official Czech &amp; Slovak Everton Supporters&#039; Club","og_description":"Z venkovn\u00edho z\u00e1pasu s MUTD se n\u00e1m zat\u00edm nikdy nepoda\u0159ilo vydolovat ani bod. A\u017e do dne\u0161ka.","og_url":"https:\/\/evertonfc.cz\/index.php\/2023\/02\/05\/manchester-united-w-everton-w-00\/","og_site_name":"Official Czech &amp; Slovak Everton Supporters&#039; Club","article_publisher":"https:\/\/www.facebook.com\/everton.fans.cz.sk","article_published_time":"2023-02-05T18:28:07+00:00","article_modified_time":"2023-02-06T08:43:38+00:00","og_image":[{"width":720,"height":406,"url":"https:\/\/evertonfc.cz\/wp-content\/uploads\/2023\/02\/Brosnan-web-05_02_2023.jpg","type":"image\/jpeg"}],"author":"Karamela","twitter_card":"summary_large_image","twitter_misc":{"Napsal(a)":"Karamela","Odhadovan\u00e1 doba \u010dten\u00ed":"3 minuty"},"schema":{"@context":"https:\/\/schema.org","@graph":[{"@type":"Article","@id":"https:\/\/evertonfc.cz\/index.php\/2023\/02\/05\/manchester-united-w-everton-w-00\/#article","isPartOf":{"@id":"https:\/\/evertonfc.cz\/index.php\/2023\/02\/05\/manchester-united-w-everton-w-00\/"},"author":{"name":"Karamela","@id":"https:\/\/evertonfc.cz\/#\/schema\/person\/e9a24a80a32efa1344dd2c4e5882185c"},"headline":"Manchester United W &#8211; Everton W 0:0","datePublished":"2023-02-05T18:28:07+00:00","dateModified":"2023-02-06T08:43:38+00:00","mainEntityOfPage":{"@id":"https:\/\/evertonfc.cz\/index.php\/2023\/02\/05\/manchester-united-w-everton-w-00\/"},"wordCount":735,"commentCount":1,"publisher":{"@id":"https:\/\/evertonfc.cz\/#organization"},"image":{"@id":"https:\/\/evertonfc.cz\/index.php\/2023\/02\/05\/manchester-united-w-everton-w-00\/#primaryimage"},"thumbnailUrl":"https:\/\/evertonfc.cz\/wp-content\/uploads\/2023\/02\/Brosnan-web-05_02_2023.jpg","articleSection":["Everton Women"],"inLanguage":"cs","potentialAction":[{"@type":"CommentAction","name":"Comment","target":["https:\/\/evertonfc.cz\/index.php\/2023\/02\/05\/manchester-united-w-everton-w-00\/#respond"]}]},{"@type":"WebPage","@id":"https:\/\/evertonfc.cz\/index.php\/2023\/02\/05\/manchester-united-w-everton-w-00\/","url":"https:\/\/evertonfc.cz\/index.php\/2023\/02\/05\/manchester-united-w-everton-w-00\/","name":"Manchester United W - Everton W 0:0 - Official Czech &amp; Slovak Everton Supporters&#039; Club","isPartOf":{"@id":"https:\/\/evertonfc.cz\/#website"},"primaryImageOfPage":{"@id":"https:\/\/evertonfc.cz\/index.php\/2023\/02\/05\/manchester-united-w-everton-w-00\/#primaryimage"},"image":{"@id":"https:\/\/evertonfc.cz\/index.php\/2023\/02\/05\/manchester-united-w-everton-w-00\/#primaryimage"},"thumbnailUrl":"https:\/\/evertonfc.cz\/wp-content\/uploads\/2023\/02\/Brosnan-web-05_02_2023.jpg","datePublished":"2023-02-05T18:28:07+00:00","dateModified":"2023-02-06T08:43:38+00:00","breadcrumb":{"@id":"https:\/\/evertonfc.cz\/index.php\/2023\/02\/05\/manchester-united-w-everton-w-00\/#breadcrumb"},"inLanguage":"cs","potentialAction":[{"@type":"ReadAction","target":["https:\/\/evertonfc.cz\/index.php\/2023\/02\/05\/manchester-united-w-everton-w-00\/"]}]},{"@type":"ImageObject","inLanguage":"cs","@id":"https:\/\/evertonfc.cz\/index.php\/2023\/02\/05\/manchester-united-w-everton-w-00\/#primaryimage","url":"https:\/\/evertonfc.cz\/wp-content\/uploads\/2023\/02\/Brosnan-web-05_02_2023.jpg","contentUrl":"https:\/\/evertonfc.cz\/wp-content\/uploads\/2023\/02\/Brosnan-web-05_02_2023.jpg","width":720,"height":406},{"@type":"BreadcrumbList","@id":"https:\/\/evertonfc.cz\/index.php\/2023\/02\/05\/manchester-united-w-everton-w-00\/#breadcrumb","itemListElement":[{"@type":"ListItem","position":1,"name":"Home","item":"https:\/\/evertonfc.cz\/"},{"@type":"ListItem","position":2,"name":"Manchester United W &#8211; Everton W 0:0"}]},{"@type":"WebSite","@id":"https:\/\/evertonfc.cz\/#website","url":"https:\/\/evertonfc.cz\/","name":"Official Czech &amp; Slovak Everton Supporters&#039; Club","description":"","publisher":{"@id":"https:\/\/evertonfc.cz\/#organization"},"potentialAction":[{"@type":"SearchAction","target":{"@type":"EntryPoint","urlTemplate":"https:\/\/evertonfc.cz\/?s={search_term_string}"},"query-input":{"@type":"PropertyValueSpecification","valueRequired":true,"valueName":"search_term_string"}}],"inLanguage":"cs"},{"@type":"Organization","@id":"https:\/\/evertonfc.cz\/#organization","name":"Official Czech & Slovak Everton Supporters' Club","url":"https:\/\/evertonfc.cz\/","logo":{"@type":"ImageObject","inLanguage":"cs","@id":"https:\/\/evertonfc.cz\/#\/schema\/logo\/image\/","url":"https:\/\/evertonfc.cz\/wp-content\/uploads\/2019\/05\/logo.png","contentUrl":"https:\/\/evertonfc.cz\/wp-content\/uploads\/2019\/05\/logo.png","width":112,"height":112,"caption":"Official Czech & Slovak Everton Supporters' Club"},"image":{"@id":"https:\/\/evertonfc.cz\/#\/schema\/logo\/image\/"},"sameAs":["https:\/\/www.facebook.com\/everton.fans.cz.sk"]},{"@type":"Person","@id":"https:\/\/evertonfc.cz\/#\/schema\/person\/e9a24a80a32efa1344dd2c4e5882185c","name":"Karamela","url":"https:\/\/evertonfc.cz\/index.php\/author\/karamela\/"}]}},"_links":{"self":[{"href":"https:\/\/evertonfc.cz\/index.php\/wp-json\/wp\/v2\/posts\/20928"}],"collection":[{"href":"https:\/\/evertonfc.cz\/index.php\/wp-json\/wp\/v2\/posts"}],"about":[{"href":"https:\/\/evertonfc.cz\/index.php\/wp-json\/wp\/v2\/types\/post"}],"author":[{"embeddable":true,"href":"https:\/\/evertonfc.cz\/index.php\/wp-json\/wp\/v2\/users\/26"}],"replies":[{"embeddable":true,"href":"https:\/\/evertonfc.cz\/index.php\/wp-json\/wp\/v2\/comments?post=20928"}],"version-history":[{"count":14,"href":"https:\/\/evertonfc.cz\/index.php\/wp-json\/wp\/v2\/posts\/20928\/revisions"}],"predecessor-version":[{"id":20944,"href":"https:\/\/evertonfc.cz\/index.php\/wp-json\/wp\/v2\/posts\/20928\/revisions\/20944"}],"wp:featuredmedia":[{"embeddable":true,"href":"https:\/\/evertonfc.cz\/index.php\/wp-json\/wp\/v2\/media\/20940"}],"wp:attachment":[{"href":"https:\/\/evertonfc.cz\/index.php\/wp-json\/wp\/v2\/media?parent=20928"}],"wp:term":[{"taxonomy":"category","embeddable":true,"href":"https:\/\/evertonfc.cz\/index.php\/wp-json\/wp\/v2\/categories?post=20928"},{"taxonomy":"post_tag","embeddable":true,"href":"https:\/\/evertonfc.cz\/index.php\/wp-json\/wp\/v2\/tags?post=20928"}],"curies":[{"name":"wp","href":"https:\/\/api.w.org\/{rel}","templated":true}]}}