{"id":20995,"date":"2023-02-13T13:41:51","date_gmt":"2023-02-13T12:41:51","guid":{"rendered":"https:\/\/evertonfc.cz\/?p=20995"},"modified":"2023-02-13T13:58:45","modified_gmt":"2023-02-13T12:58:45","slug":"preview-liverpool-everton-11","status":"publish","type":"post","link":"https:\/\/evertonfc.cz\/index.php\/2023\/02\/13\/preview-liverpool-everton-11\/","title":{"rendered":"Preview: Liverpool \u2013 Everton"},"content":{"rendered":"<h4>Pondelok trin\u00e1steho. \u0160\u0165astn\u00fd de\u0148 derby? Modr\u00e9 nosy d\u00fafaj\u00fa. Tak\u00fdto triumf by spolu s\u00a0v\u00fdhrou nad l\u00eddrom tabu\u013eky ur\u010dite transformoval dnov\u00e9 rozpolo\u017eenie Karameliek.<\/h4>\n<p>Mikel Arteta sa nehanbil pochv\u00e1li\u0165 nov\u00fdch zverencov Seana Dycha. Ani jeho samotn\u00e9ho. Obraty \u0161\u0165asteny sa nekonaj\u00fa len preto, \u017ee sa nap\u00ed\u0161u na papier. Treba to aj pretavi\u0165 v\u00a0realite. Odmaka\u0165 na tr\u00e1vniku. A\u00a0presne to sa udialo. Arsenal neprehral v\u00a0lige p\u00e4\u0165 mesiacov, pri\u0161iel do Goodison Parku, a\u00a0padol na hubu.<\/p>\n<p>Ke\u010f sa objavili prv\u00e9 z\u00e1bery z\u00a0tr\u00e9ningov pod nov\u00fdm \u0161\u00e9fom, fan\u00fa\u0161ikovia sa sadisticky u\u0161k\u0155\u0148ali. Vidie\u0165 hr\u00e1\u010dov, ktor\u00ed doteraz svojimi v\u00fdkonmi nadbyto\u010dne hnojili hracie plochy, ako vyp\u013e\u00favaj\u00fa du\u0161u, bolo ist\u00fdm sp\u00f4sobom oslobodzuj\u00face. Nebra\u0165 to v\u0161ak ako v\u00fd\u010ditku, \u017ee doteraz ni\u010d nerobili. To nie. Ale nov\u00fd boss si potreboval overi\u0165 kde s\u00fa, a\u00a0kam ich treba posun\u00fa\u0165. Lebo doteraj\u0161\u00ed smer bol len gravita\u010dn\u00fd. Tabu\u013ekou nadol.<\/p>\n<h4><strong>Dyche sa nepri\u0161iel zab\u00e1va\u0165<\/strong><\/h4>\n<p>Obroda proti The Gunners uk\u00e1zala, \u017ee fyzick\u00e9 po\u017eiadavky bud\u00fa teraz absol\u00fatny z\u00e1klad. Boj od za\u010diatku a\u017e do konca. Ni\u010d menej. V priebehu 90 min\u00fat ubehli hr\u00e1\u010di EFC o viac ako tri kilometre \u010falej ne\u017e v ktoromko\u013evek inom z\u00e1pase Premier League po\u010das celej sez\u00f3ny. Ich celkov\u00fd po\u010det 116,4 km bola 13. najvy\u0161\u0161ia vzdialenos\u0165, ktor\u00fa prekonal ktor\u00fdko\u013evek in\u00fd t\u00edm ligov\u00e9ho pelot\u00f3nu od za\u010diatku kampane.<\/p>\n<p>Dwight McNeil, b\u00fdval\u00fd hr\u00e1\u010d Dychovho Burnley, si prip\u00edsal viac ako 12 km, \u010do je druh\u00e1 najvy\u0161\u0161ia vzdialenos\u0165 z hr\u00e1\u010dov Evertonu v akomko\u013evek z\u00e1pase po\u010das celej sez\u00f3ny. Na opa\u010dnom kr\u00eddle Alex Iwobi, ktor\u00fd bol prv\u00fdkr\u00e1t v tomto ro\u010dn\u00edku nasaden\u00fd ako krajn\u00fd hr\u00e1\u010d a nie ako stredn\u00fd z\u00e1lo\u017en\u00edk, bol podobne obetav\u00fd. Zabehol 11,4 km a pomohol tak efekt\u00edvne ru\u0161i\u0165 vplyv Bukaya Saku.<\/p>\n<p>V skuto\u010dnosti bola intenzita Evertonu evidentn\u00e1 v celom t\u00edme. A azda najlep\u0161ie ju charakterizoval Amadou Onana. Ten zabehol e\u0161te \u010falej ako McNeil, oslavuj\u00fac b\u00fachan\u00edm do hrude \u00faspe\u0161n\u00e9 z\u00e1kroky, sklzy a s\u00faboje. Ich energia sa pren\u00e1\u0161ala do davu Starej d\u00e1my, ktorej hlasit\u00e1 podpora pom\u00e1hala vies\u0165 k v\u00ed\u0165azstvu.<\/p>\n<h4><strong>Znovunadobudnut\u00e1 solidita<\/strong><\/h4>\n<p>Obrann\u00fd tvar Evertonu bol \u010fal\u0161\u00edm d\u00f4le\u017eit\u00fdm faktorom. Dyche mal na tr\u00e9ningov\u00fd dril len p\u00e1r dn\u00ed, ale mu\u017estvo br\u00e1nilo v\u00fdrazne u\u017e\u0161ie a\u00a0kompaktnej\u0161ie. Troj\u010dlenn\u00fd stred po\u013ea podporovan\u00fd kr\u00eddlami, ktor\u00e9 sa \u010dasto s\u0165ahovali do vn\u00fatra, spolupracovali aby zmen\u0161ili priestor v strede ihriska a n\u00fatili Arsenal hra\u0165 cez \u0161\u00edrku.<\/p>\n<p>Z\u00e1merom bolo obmedzi\u0165 vplyv Odegaarda a podarilo sa. Hostia k nemu nedok\u00e1zali dosta\u0165 loptu a to ist\u00e9 platilo o Nketiahovi. \u00dato\u010diaci hr\u00e1\u010di Arsenalu sa ocitli bez priestoru na p\u00f4sobenie, a ich kreativita a\u00a0g\u00f3lov\u00e1 hrozba t\u00fdm utrpeli. Len m\u00e1lokedy sa dostali do s\u013eubn\u00fdch poz\u00edci\u00ed, k\u013e\u00fa\u010dov\u00e9 prihr\u00e1vky a strely Everton zblokoval.<\/p>\n<p>Dychov t\u00edm ru\u0161il hru Arsenalu po\u010das celej doby a pressing sa v\u00e4\u010d\u0161inou odohr\u00e1val v strede ihriska, kde bol Thomas Partey dusen\u00fd do takej miery, \u017ee sa ho Arteta rozhodol po prv\u00fd raz v sez\u00f3ne stiahnu\u0165 e\u0161te pred 60. min\u00fatou. Everton si od Arsenalu dok\u00e1zal opakovane vyn\u00fati\u0165 chyby v ich obrannej tretine. Gunners stratili loptu 11x, \u010do je ich druh\u00fd najvy\u0161\u0161\u00ed s\u00fa\u010det v akomko\u013evek z\u00e1pase po\u010das celej sez\u00f3ny<\/p>\n<h4><strong>Rovnak\u00fd recept na Liverpool?<\/strong><\/h4>\n<p>Dyche v\u00a0porovnan\u00ed s\u00a0Lampardom prepracoval pr\u00edstup Evertonu v dr\u017ean\u00ed lopty, ako aj mimo nej. Zmenil d\u00f4raz z kr\u00e1tkej na dlh\u00fa rozohr\u00e1vku, aby obi\u0161iel pokusy Arsenalu o n\u00e1tlak. Pokusy o rozohr\u00e1vku zozadu sa takmer nekonali a tento pr\u00edstup hral na prednosti \u00fato\u010dn\u00edka. Dominic Calvert-Lewin dominoval medzi stredn\u00fdmi obrancami Arsenalu, vyhral \u0161es\u0165 z \u00f4smich vzdu\u0161n\u00fdch s\u00fabojov a celkovo dev\u00e4\u0165 zo 14 duelov.<\/p>\n<p>Hra Calverta-Lewina bola vynikaj\u00faca. A Dyche t\u00fdm, \u017ee ho nechal podporova\u0165 to\u013ek\u00fdmi vysoko energetick\u00fdmi hr\u00e1\u010dmi, umo\u017enil svojmu t\u00edmu vybudova\u0165 okolo neho \u00fatoky. A skuto\u010dne, a\u017e po jeho vystriedan\u00ed sa hrozba \u00fatokov EFC za\u010dala zmen\u0161ova\u0165. Potom zostali efekt\u00edvne iba \u0161tandardky, najm\u00e4 rohov\u00e9 kopy.<\/p>\n<p>V\u00e4\u010d\u0161ina z nich bola nasmerovan\u00e1 na vzdialen\u00fa ty\u010d. Bolo to jednozna\u010dne v\u00fdsledkom toho, \u017ee Dyche a jeho tr\u00e9nersk\u00fd t\u00edm si v\u0161imli slabiny v defenz\u00edvnom rozostaven\u00ed Arsenalu v tejto oblasti, z\u00a0\u010doho napokon vyplynul aj jedin\u00fd a\u00a0v\u00ed\u0165azn\u00fd g\u00f3l stretnutia. Do konca z\u00e1pasu vygeneroval Everton xG 0,46 z rohov &#8211; n\u00e1\u0161 druh\u00fd najvy\u0161\u0161\u00ed v kampani. Celkov\u00fd s\u00fa\u010det 1,67 bol medzit\u00fdm \u0161tvrt\u00fdm najvy\u0161\u0161\u00edm EFC v celej sez\u00f3ne.<\/p>\n<h4><strong>DCL mo\u017eno nenast\u00fapi<\/strong><\/h4>\n<p>A\u00a0t\u00fdm sa m\u00f4\u017ee rozpadn\u00fa\u0165 aj cel\u00fd tento koncept v\u00fdstavby \u00fatoku, ktor\u00fd bol tak \u00faspe\u0161n\u00fd proti l\u00eddrom tabu\u013eky. U\u017e v\u00a0tom z\u00e1pase op\u00e4\u0165 poci\u0165oval probl\u00e9m s\u00a0hamstringom, a\u00a0ak by bol pre istotu \u0161etren\u00fd, nemohli by sme sa \u010dudova\u0165. \u0160ancu tak m\u00f4\u017ee vzia\u0165 Maupay, alebo dokonca Simms, podobne fyzicky zalo\u017een\u00fd ako Calvert-Lewin.<\/p>\n<p>Sp\u00e4\u0165 v\u00a0plnom tr\u00e9ningu s\u00fa Garner, Keane aj Godfrey, ale pre prv\u00e9ho menovan\u00e9ho to m\u00f4\u017ee by\u0165 pr\u00edli\u0161 skoro. Medzit\u00fdm zatia\u013e Patterson za\u010dal tr\u00e9nova\u0165 aspo\u0148 individu\u00e1lne. No a\u00a0pr\u00edbeh rehabilit\u00e1cie Androsa Townsenda za\u010d\u00edna nadob\u00fada\u0165 ist\u00e9 kone\u010dn\u00e9 kont\u00fary konca zmluvy, do ktorej nemus\u00ed by\u0165 schopn\u00fd hra\u0165.<\/p>\n<p style=\"text-align: center;\"><strong>Dyche pred z\u00e1pasom:<\/strong><\/p>\n<blockquote><p><span style=\"font-size: 12pt;\"><em>\u201eNaozaj h\u013ead\u00e1me v\u00fdkon. Minul\u00fd v\u00edkend bolo fantastick\u00e9 vyhra\u0165, ale naozaj som h\u013eadal reakciu a v\u00fdkon a mysl\u00edm si, \u017ee to e\u0161te st\u00e1le rob\u00edme. Potrebujeme poda\u0165 \u010fal\u0161\u00ed dobr\u00fd v\u00fdkon od toho z minul\u00e9ho t\u00fd\u017ed\u0148a. Existuje ve\u013ea viery v to, \u010do rob\u00edme, ale je d\u00f4le\u017eit\u00e9 kona\u0165. Ke\u010f sa ozve p\u00ed\u0161\u0165alka, mus\u00edte kona\u0165 a mus\u00edte poda\u0165 v\u00fdkon. Posledn\u00fd nezaru\u010duje \u010fal\u0161\u00ed. hovor\u00edm to u\u017e roky.<\/em> <em>Tento t\u00fd\u017ede\u0148 sme sa zaoberali ve\u013ea detailmi, ve\u013ea sa pl\u00e1novalo, ale hr\u00e1\u010di s\u00fa si toho vedom\u00ed. Mus\u00edme \u00eds\u0165 znova a to bude kon\u0161tantn\u00e1 mentalita po\u010das zvy\u0161ku sez\u00f3ny.\u201c<\/em><\/span><\/p><\/blockquote>\n<h4><strong>Bledn\u00faca \u010derven\u00e1<\/strong><\/h4>\n<p><em>\u201ePre\u010do sme desiaty? Pre\u010do nehr\u00e1me heavy metal? A\u00a0pre\u010do sa n\u00e1s novin\u00e1ri p\u00fdtaj\u00fa rovnak\u00e9 ot\u00e1zky?\u201c<\/em> Z\u00a0t\u00e1bora rivala sa oz\u00fdvaj\u00fa sam\u00e9 ot\u00e1zniky. V prvom rade tie zdravotn\u00e9. Mar\u00f3dka suseda je nez\u00e1videniahodn\u00e1. Aktu\u00e1lne sa nem\u00f4\u017eu pravidelne spo\u013eahn\u00fa\u0165 na men\u00e1 ako Fabinho, Konat\u00e9, van Dijk, D\u00edaz, \u010di Firminho. Aj Thiago a Melo s\u00a0Jotou nemaj\u00fa istotu doporu\u010den\u00e9ho \u0161tartu. Ale tam probl\u00e9my LFC nekon\u010dia.<\/p>\n<p>Z posledn\u00fdch piatich ligov\u00fdch z\u00e1pasov vyhrali iba raz, a str\u00e1caj\u00fa najm\u00e4 na cest\u00e1ch. Tam ich stihli oskalpova\u0165 t\u00edmy ako Wolverhampton, Brighton, \u010di Brentford. Para im doch\u00e1dza najm\u00e4 v z\u00e1lohe, na\u010do dopl\u00e1ca celkov\u00e1 hybnos\u0165 t\u00edmu. Ten ako tak\u00fd u\u017e nie je postrach brut\u00e1lneho nonstop n\u00e1tlaku. A suplovanie \u010derstv\u00fdch adeptov na prestupovom trhu je v\u00e1hav\u00e9, ba a\u017e zdr\u00e1hav\u00e9. Ani Klopp si nepom\u00e1ha, ke\u010f sp\u00f4sobom hry vyp\u00e1ja svoje es\u00e1 ako Salah, ale to je jeho vec. Nedokonalost\u00ed je viac a niekde sa stala aj v\u00fdrazn\u00e1 chyba.<\/p>\n<p>Re\u0165azec kontinuity sa preru\u0161il a prikr\u00e1da sa aj neistota. Odchody nielen dvoch k\u013e\u00fa\u010dov\u00fdch post\u00e1v v podobe Mikea Gordona z Fenway Sports Group a \u0161portov\u00e9ho riadite\u013ea Michaela Edwardsa na\u0161tiepil pevn\u00e9 procesy, ktor\u00e9 sn\u00e1\u010f e\u0161te viac nab\u00farava ochota FSG odstr\u00e1ni\u0165 (aspo\u0148 \u010diasto\u010dne) zna\u010dku Liverpool Football Club zo svojho portf\u00f3lia. \u010ci je za t\u00fdm naozaj len ochota poskytn\u00fa\u0165 \u0161ancu in\u00fdm subjektom nap\u00edna\u0165 finan\u010dn\u00e9 svaly v porovnan\u00ed s rivalmi je ot\u00e1zne. N\u00e1padne sa v tom v\u0161ak odr\u00e1\u017ea modr\u00e1 podobize\u0148 na\u0161ich vlastn\u00edckych probl\u00e9mov.<\/p>\n<h4 style=\"text-align: center;\"><strong>\u0160tatistick\u00e9 okienko:<\/strong><\/h4>\n<ul>\n<li>Jedin\u00e9 v\u00ed\u0165azstvo Evertonu v posledn\u00fdch 22 ligov\u00fdch z\u00e1pasoch vonku na Anfielde s Liverpoolom bolo 2:0 vo febru\u00e1ri 2021 po veden\u00edm Carla Ancelottiho (D9, L12).<\/li>\n<li>Septembrov\u00e9 stretnutie v Goodison Parku prinieslo 12. bezg\u00f3lov\u00fa rem\u00edzu medzi t\u00fdmito klubmi v Premier League \u2013 viac ako ktor\u00fdko\u013evek in\u00fd z\u00e1pas v hist\u00f3rii s\u00fa\u0165a\u017ee.<\/li>\n<li>Everton chce vyhra\u0165 po sebe id\u00face z\u00e1pasy Premier League druh\u00fdkr\u00e1t v tejto sez\u00f3ne.<\/li>\n<li>Kloppovi ch\u00fdba len jedno v\u00ed\u0165azstvo do \u00f4smich v Premier League v Merseyside derby, \u010d\u00edm by vyrovnal rekord Rafaela Ben\u00edteza.<\/li>\n<li>Sean Dyche sa m\u00f4\u017ee sta\u0165 \u0161tvrt\u00fdm mana\u017e\u00e9rom Evertonu, ktor\u00fd vyhral svoje prv\u00e9 dva z\u00e1pasy Premier League, po Joeovi Roylovi, Davidovi Moyesovi a Carlovi Ancelottim.<\/li>\n<li>Len dvaja z 22 mana\u017e\u00e9rov, ktor\u00ed sa ujali vedenia Evertonu v\u00a0ligovom Merseyside derby, vyhrali svoje prv\u00e9 stretnutie s Liverpoolom: Royle v novembri 1994 a Dick Molyneux v okt\u00f3bri 1894.<\/li>\n<\/ul>\n<h3 style=\"text-align: center;\"><span style=\"color: #3366ff;\"><em><strong>Up The Toffees !!!<\/strong><\/em><\/span><\/h3>\n<p><strong>\u010co:<\/strong> Liverpool FC \u2013 Everton FC, 23. kolo Premier League<br \/>\n<strong>Kedy:<\/strong> 13.2. 2023 od 21:00 SE\u010c<br \/>\n<strong>Ako: <\/strong>priamy prenos na CANAL+Sport 1<br \/>\n<strong>Kde:<\/strong> Anfield \u2013 Anfield Rd, Anfield, Liverpool L4 0TH (kapacita: 54 000)<br \/>\n<strong>Rozhodca:<\/strong> Simon Hooper\u00a0 <strong>Asistenti:<\/strong> A. Holmes, M. Scholes\u00a0 <strong>\u0160tvrt\u00fd rozhodca:<\/strong> D. Coote<br \/>\n<strong>VAR: <\/strong>Andre Marriner \u00a0<strong>Asistent VAR: <\/strong>Darren Cann<\/p>\n","protected":false},"excerpt":{"rendered":"<p>Pondelok trin\u00e1steho. \u0160\u0165astn\u00fd de\u0148 derby? Modr\u00e9 nosy d\u00fafaj\u00fa. Tak\u00fdto triumf by spolu s\u00a0v\u00fdhrou nad l\u00eddrom tabu\u013eky ur\u010dite transformoval dnov\u00e9 rozpolo\u017eenie Karameliek.<\/p>\n","protected":false},"author":1,"featured_media":14233,"comment_status":"open","ping_status":"closed","sticky":false,"template":"","format":"standard","meta":{"_eb_attr":"","_monsterinsights_skip_tracking":false,"_monsterinsights_sitenote_active":false,"_monsterinsights_sitenote_note":"","_monsterinsights_sitenote_category":0,"footnotes":""},"categories":[4],"tags":[],"yoast_head":"<!-- This site is optimized with the Yoast SEO plugin v23.4 - https:\/\/yoast.com\/wordpress\/plugins\/seo\/ -->\n<title>Preview: Liverpool \u2013 Everton - Official Czech &amp; Slovak Everton Supporters&#039; Club<\/title>\n<meta name=\"robots\" content=\"index, follow, max-snippet:-1, max-image-preview:large, max-video-preview:-1\" \/>\n<link rel=\"canonical\" href=\"https:\/\/evertonfc.cz\/index.php\/2023\/02\/13\/preview-liverpool-everton-11\/\" \/>\n<meta property=\"og:locale\" content=\"cs_CZ\" \/>\n<meta property=\"og:type\" content=\"article\" \/>\n<meta property=\"og:title\" content=\"Preview: Liverpool \u2013 Everton - Official Czech &amp; Slovak Everton Supporters&#039; Club\" \/>\n<meta property=\"og:description\" content=\"Pondelok trin\u00e1steho. \u0160\u0165astn\u00fd de\u0148 derby? Modr\u00e9 nosy d\u00fafaj\u00fa. Tak\u00fdto triumf by spolu s\u00a0v\u00fdhrou nad l\u00eddrom tabu\u013eky ur\u010dite transformoval dnov\u00e9 rozpolo\u017eenie Karameliek.\" \/>\n<meta property=\"og:url\" content=\"https:\/\/evertonfc.cz\/index.php\/2023\/02\/13\/preview-liverpool-everton-11\/\" \/>\n<meta property=\"og:site_name\" content=\"Official Czech &amp; Slovak Everton Supporters&#039; Club\" \/>\n<meta property=\"article:publisher\" content=\"https:\/\/www.facebook.com\/everton.fans.cz.sk\" \/>\n<meta property=\"article:published_time\" content=\"2023-02-13T12:41:51+00:00\" \/>\n<meta property=\"article:modified_time\" content=\"2023-02-13T12:58:45+00:00\" \/>\n<meta property=\"og:image\" content=\"https:\/\/evertonfc.cz\/wp-content\/uploads\/2021\/02\/Liverpool-VS-Everton.jpg\" \/>\n\t<meta property=\"og:image:width\" content=\"720\" \/>\n\t<meta property=\"og:image:height\" content=\"405\" \/>\n\t<meta property=\"og:image:type\" content=\"image\/jpeg\" \/>\n<meta name=\"author\" content=\"BlueBlooded\" \/>\n<meta name=\"twitter:card\" content=\"summary_large_image\" \/>\n<meta name=\"twitter:label1\" content=\"Napsal(a)\" \/>\n\t<meta name=\"twitter:data1\" content=\"BlueBlooded\" \/>\n\t<meta name=\"twitter:label2\" content=\"Odhadovan\u00e1 doba \u010dten\u00ed\" \/>\n\t<meta name=\"twitter:data2\" content=\"7 minut\" \/>\n<script type=\"application\/ld+json\" class=\"yoast-schema-graph\">{\"@context\":\"https:\/\/schema.org\",\"@graph\":[{\"@type\":\"Article\",\"@id\":\"https:\/\/evertonfc.cz\/index.php\/2023\/02\/13\/preview-liverpool-everton-11\/#article\",\"isPartOf\":{\"@id\":\"https:\/\/evertonfc.cz\/index.php\/2023\/02\/13\/preview-liverpool-everton-11\/\"},\"author\":{\"name\":\"BlueBlooded\",\"@id\":\"https:\/\/evertonfc.cz\/#\/schema\/person\/d4493b8cbea51532597fbc4685698916\"},\"headline\":\"Preview: Liverpool \u2013 Everton\",\"datePublished\":\"2023-02-13T12:41:51+00:00\",\"dateModified\":\"2023-02-13T12:58:45+00:00\",\"mainEntityOfPage\":{\"@id\":\"https:\/\/evertonfc.cz\/index.php\/2023\/02\/13\/preview-liverpool-everton-11\/\"},\"wordCount\":1563,\"commentCount\":21,\"publisher\":{\"@id\":\"https:\/\/evertonfc.cz\/#organization\"},\"image\":{\"@id\":\"https:\/\/evertonfc.cz\/index.php\/2023\/02\/13\/preview-liverpool-everton-11\/#primaryimage\"},\"thumbnailUrl\":\"https:\/\/evertonfc.cz\/wp-content\/uploads\/2021\/02\/Liverpool-VS-Everton.jpg\",\"articleSection\":[\"Z\u00e1pasy\"],\"inLanguage\":\"cs\",\"potentialAction\":[{\"@type\":\"CommentAction\",\"name\":\"Comment\",\"target\":[\"https:\/\/evertonfc.cz\/index.php\/2023\/02\/13\/preview-liverpool-everton-11\/#respond\"]}]},{\"@type\":\"WebPage\",\"@id\":\"https:\/\/evertonfc.cz\/index.php\/2023\/02\/13\/preview-liverpool-everton-11\/\",\"url\":\"https:\/\/evertonfc.cz\/index.php\/2023\/02\/13\/preview-liverpool-everton-11\/\",\"name\":\"Preview: Liverpool \u2013 Everton - Official Czech &amp; Slovak Everton Supporters&#039; Club\",\"isPartOf\":{\"@id\":\"https:\/\/evertonfc.cz\/#website\"},\"primaryImageOfPage\":{\"@id\":\"https:\/\/evertonfc.cz\/index.php\/2023\/02\/13\/preview-liverpool-everton-11\/#primaryimage\"},\"image\":{\"@id\":\"https:\/\/evertonfc.cz\/index.php\/2023\/02\/13\/preview-liverpool-everton-11\/#primaryimage\"},\"thumbnailUrl\":\"https:\/\/evertonfc.cz\/wp-content\/uploads\/2021\/02\/Liverpool-VS-Everton.jpg\",\"datePublished\":\"2023-02-13T12:41:51+00:00\",\"dateModified\":\"2023-02-13T12:58:45+00:00\",\"breadcrumb\":{\"@id\":\"https:\/\/evertonfc.cz\/index.php\/2023\/02\/13\/preview-liverpool-everton-11\/#breadcrumb\"},\"inLanguage\":\"cs\",\"potentialAction\":[{\"@type\":\"ReadAction\",\"target\":[\"https:\/\/evertonfc.cz\/index.php\/2023\/02\/13\/preview-liverpool-everton-11\/\"]}]},{\"@type\":\"ImageObject\",\"inLanguage\":\"cs\",\"@id\":\"https:\/\/evertonfc.cz\/index.php\/2023\/02\/13\/preview-liverpool-everton-11\/#primaryimage\",\"url\":\"https:\/\/evertonfc.cz\/wp-content\/uploads\/2021\/02\/Liverpool-VS-Everton.jpg\",\"contentUrl\":\"https:\/\/evertonfc.cz\/wp-content\/uploads\/2021\/02\/Liverpool-VS-Everton.jpg\",\"width\":720,\"height\":405},{\"@type\":\"BreadcrumbList\",\"@id\":\"https:\/\/evertonfc.cz\/index.php\/2023\/02\/13\/preview-liverpool-everton-11\/#breadcrumb\",\"itemListElement\":[{\"@type\":\"ListItem\",\"position\":1,\"name\":\"Home\",\"item\":\"https:\/\/evertonfc.cz\/\"},{\"@type\":\"ListItem\",\"position\":2,\"name\":\"Preview: Liverpool \u2013 Everton\"}]},{\"@type\":\"WebSite\",\"@id\":\"https:\/\/evertonfc.cz\/#website\",\"url\":\"https:\/\/evertonfc.cz\/\",\"name\":\"Official Czech &amp; Slovak Everton Supporters&#039; Club\",\"description\":\"\",\"publisher\":{\"@id\":\"https:\/\/evertonfc.cz\/#organization\"},\"potentialAction\":[{\"@type\":\"SearchAction\",\"target\":{\"@type\":\"EntryPoint\",\"urlTemplate\":\"https:\/\/evertonfc.cz\/?s={search_term_string}\"},\"query-input\":{\"@type\":\"PropertyValueSpecification\",\"valueRequired\":true,\"valueName\":\"search_term_string\"}}],\"inLanguage\":\"cs\"},{\"@type\":\"Organization\",\"@id\":\"https:\/\/evertonfc.cz\/#organization\",\"name\":\"Official Czech & Slovak Everton Supporters' Club\",\"url\":\"https:\/\/evertonfc.cz\/\",\"logo\":{\"@type\":\"ImageObject\",\"inLanguage\":\"cs\",\"@id\":\"https:\/\/evertonfc.cz\/#\/schema\/logo\/image\/\",\"url\":\"https:\/\/evertonfc.cz\/wp-content\/uploads\/2019\/05\/logo.png\",\"contentUrl\":\"https:\/\/evertonfc.cz\/wp-content\/uploads\/2019\/05\/logo.png\",\"width\":112,\"height\":112,\"caption\":\"Official Czech & Slovak Everton Supporters' Club\"},\"image\":{\"@id\":\"https:\/\/evertonfc.cz\/#\/schema\/logo\/image\/\"},\"sameAs\":[\"https:\/\/www.facebook.com\/everton.fans.cz.sk\"]},{\"@type\":\"Person\",\"@id\":\"https:\/\/evertonfc.cz\/#\/schema\/person\/d4493b8cbea51532597fbc4685698916\",\"name\":\"BlueBlooded\",\"url\":\"https:\/\/evertonfc.cz\/index.php\/author\/admin\/\"}]}<\/script>\n<!-- \/ Yoast SEO plugin. -->","yoast_head_json":{"title":"Preview: Liverpool \u2013 Everton - Official Czech &amp; Slovak Everton Supporters&#039; Club","robots":{"index":"index","follow":"follow","max-snippet":"max-snippet:-1","max-image-preview":"max-image-preview:large","max-video-preview":"max-video-preview:-1"},"canonical":"https:\/\/evertonfc.cz\/index.php\/2023\/02\/13\/preview-liverpool-everton-11\/","og_locale":"cs_CZ","og_type":"article","og_title":"Preview: Liverpool \u2013 Everton - Official Czech &amp; Slovak Everton Supporters&#039; Club","og_description":"Pondelok trin\u00e1steho. \u0160\u0165astn\u00fd de\u0148 derby? Modr\u00e9 nosy d\u00fafaj\u00fa. Tak\u00fdto triumf by spolu s\u00a0v\u00fdhrou nad l\u00eddrom tabu\u013eky ur\u010dite transformoval dnov\u00e9 rozpolo\u017eenie Karameliek.","og_url":"https:\/\/evertonfc.cz\/index.php\/2023\/02\/13\/preview-liverpool-everton-11\/","og_site_name":"Official Czech &amp; Slovak Everton Supporters&#039; Club","article_publisher":"https:\/\/www.facebook.com\/everton.fans.cz.sk","article_published_time":"2023-02-13T12:41:51+00:00","article_modified_time":"2023-02-13T12:58:45+00:00","og_image":[{"width":720,"height":405,"url":"https:\/\/evertonfc.cz\/wp-content\/uploads\/2021\/02\/Liverpool-VS-Everton.jpg","type":"image\/jpeg"}],"author":"BlueBlooded","twitter_card":"summary_large_image","twitter_misc":{"Napsal(a)":"BlueBlooded","Odhadovan\u00e1 doba \u010dten\u00ed":"7 minut"},"schema":{"@context":"https:\/\/schema.org","@graph":[{"@type":"Article","@id":"https:\/\/evertonfc.cz\/index.php\/2023\/02\/13\/preview-liverpool-everton-11\/#article","isPartOf":{"@id":"https:\/\/evertonfc.cz\/index.php\/2023\/02\/13\/preview-liverpool-everton-11\/"},"author":{"name":"BlueBlooded","@id":"https:\/\/evertonfc.cz\/#\/schema\/person\/d4493b8cbea51532597fbc4685698916"},"headline":"Preview: Liverpool \u2013 Everton","datePublished":"2023-02-13T12:41:51+00:00","dateModified":"2023-02-13T12:58:45+00:00","mainEntityOfPage":{"@id":"https:\/\/evertonfc.cz\/index.php\/2023\/02\/13\/preview-liverpool-everton-11\/"},"wordCount":1563,"commentCount":21,"publisher":{"@id":"https:\/\/evertonfc.cz\/#organization"},"image":{"@id":"https:\/\/evertonfc.cz\/index.php\/2023\/02\/13\/preview-liverpool-everton-11\/#primaryimage"},"thumbnailUrl":"https:\/\/evertonfc.cz\/wp-content\/uploads\/2021\/02\/Liverpool-VS-Everton.jpg","articleSection":["Z\u00e1pasy"],"inLanguage":"cs","potentialAction":[{"@type":"CommentAction","name":"Comment","target":["https:\/\/evertonfc.cz\/index.php\/2023\/02\/13\/preview-liverpool-everton-11\/#respond"]}]},{"@type":"WebPage","@id":"https:\/\/evertonfc.cz\/index.php\/2023\/02\/13\/preview-liverpool-everton-11\/","url":"https:\/\/evertonfc.cz\/index.php\/2023\/02\/13\/preview-liverpool-everton-11\/","name":"Preview: Liverpool \u2013 Everton - Official Czech &amp; Slovak Everton Supporters&#039; Club","isPartOf":{"@id":"https:\/\/evertonfc.cz\/#website"},"primaryImageOfPage":{"@id":"https:\/\/evertonfc.cz\/index.php\/2023\/02\/13\/preview-liverpool-everton-11\/#primaryimage"},"image":{"@id":"https:\/\/evertonfc.cz\/index.php\/2023\/02\/13\/preview-liverpool-everton-11\/#primaryimage"},"thumbnailUrl":"https:\/\/evertonfc.cz\/wp-content\/uploads\/2021\/02\/Liverpool-VS-Everton.jpg","datePublished":"2023-02-13T12:41:51+00:00","dateModified":"2023-02-13T12:58:45+00:00","breadcrumb":{"@id":"https:\/\/evertonfc.cz\/index.php\/2023\/02\/13\/preview-liverpool-everton-11\/#breadcrumb"},"inLanguage":"cs","potentialAction":[{"@type":"ReadAction","target":["https:\/\/evertonfc.cz\/index.php\/2023\/02\/13\/preview-liverpool-everton-11\/"]}]},{"@type":"ImageObject","inLanguage":"cs","@id":"https:\/\/evertonfc.cz\/index.php\/2023\/02\/13\/preview-liverpool-everton-11\/#primaryimage","url":"https:\/\/evertonfc.cz\/wp-content\/uploads\/2021\/02\/Liverpool-VS-Everton.jpg","contentUrl":"https:\/\/evertonfc.cz\/wp-content\/uploads\/2021\/02\/Liverpool-VS-Everton.jpg","width":720,"height":405},{"@type":"BreadcrumbList","@id":"https:\/\/evertonfc.cz\/index.php\/2023\/02\/13\/preview-liverpool-everton-11\/#breadcrumb","itemListElement":[{"@type":"ListItem","position":1,"name":"Home","item":"https:\/\/evertonfc.cz\/"},{"@type":"ListItem","position":2,"name":"Preview: Liverpool \u2013 Everton"}]},{"@type":"WebSite","@id":"https:\/\/evertonfc.cz\/#website","url":"https:\/\/evertonfc.cz\/","name":"Official Czech &amp; Slovak Everton Supporters&#039; Club","description":"","publisher":{"@id":"https:\/\/evertonfc.cz\/#organization"},"potentialAction":[{"@type":"SearchAction","target":{"@type":"EntryPoint","urlTemplate":"https:\/\/evertonfc.cz\/?s={search_term_string}"},"query-input":{"@type":"PropertyValueSpecification","valueRequired":true,"valueName":"search_term_string"}}],"inLanguage":"cs"},{"@type":"Organization","@id":"https:\/\/evertonfc.cz\/#organization","name":"Official Czech & Slovak Everton Supporters' Club","url":"https:\/\/evertonfc.cz\/","logo":{"@type":"ImageObject","inLanguage":"cs","@id":"https:\/\/evertonfc.cz\/#\/schema\/logo\/image\/","url":"https:\/\/evertonfc.cz\/wp-content\/uploads\/2019\/05\/logo.png","contentUrl":"https:\/\/evertonfc.cz\/wp-content\/uploads\/2019\/05\/logo.png","width":112,"height":112,"caption":"Official Czech & Slovak Everton Supporters' Club"},"image":{"@id":"https:\/\/evertonfc.cz\/#\/schema\/logo\/image\/"},"sameAs":["https:\/\/www.facebook.com\/everton.fans.cz.sk"]},{"@type":"Person","@id":"https:\/\/evertonfc.cz\/#\/schema\/person\/d4493b8cbea51532597fbc4685698916","name":"BlueBlooded","url":"https:\/\/evertonfc.cz\/index.php\/author\/admin\/"}]}},"_links":{"self":[{"href":"https:\/\/evertonfc.cz\/index.php\/wp-json\/wp\/v2\/posts\/20995"}],"collection":[{"href":"https:\/\/evertonfc.cz\/index.php\/wp-json\/wp\/v2\/posts"}],"about":[{"href":"https:\/\/evertonfc.cz\/index.php\/wp-json\/wp\/v2\/types\/post"}],"author":[{"embeddable":true,"href":"https:\/\/evertonfc.cz\/index.php\/wp-json\/wp\/v2\/users\/1"}],"replies":[{"embeddable":true,"href":"https:\/\/evertonfc.cz\/index.php\/wp-json\/wp\/v2\/comments?post=20995"}],"version-history":[{"count":6,"href":"https:\/\/evertonfc.cz\/index.php\/wp-json\/wp\/v2\/posts\/20995\/revisions"}],"predecessor-version":[{"id":21001,"href":"https:\/\/evertonfc.cz\/index.php\/wp-json\/wp\/v2\/posts\/20995\/revisions\/21001"}],"wp:featuredmedia":[{"embeddable":true,"href":"https:\/\/evertonfc.cz\/index.php\/wp-json\/wp\/v2\/media\/14233"}],"wp:attachment":[{"href":"https:\/\/evertonfc.cz\/index.php\/wp-json\/wp\/v2\/media?parent=20995"}],"wp:term":[{"taxonomy":"category","embeddable":true,"href":"https:\/\/evertonfc.cz\/index.php\/wp-json\/wp\/v2\/categories?post=20995"},{"taxonomy":"post_tag","embeddable":true,"href":"https:\/\/evertonfc.cz\/index.php\/wp-json\/wp\/v2\/tags?post=20995"}],"curies":[{"name":"wp","href":"https:\/\/api.w.org\/{rel}","templated":true}]}}