{"id":21011,"date":"2023-02-14T20:45:04","date_gmt":"2023-02-14T19:45:04","guid":{"rendered":"https:\/\/evertonfc.cz\/?p=21011"},"modified":"2023-02-14T22:47:22","modified_gmt":"2023-02-14T21:47:22","slug":"liverpool-everton-20-2","status":"publish","type":"post","link":"https:\/\/evertonfc.cz\/index.php\/2023\/02\/14\/liverpool-everton-20-2\/","title":{"rendered":"Liverpool &#8211; Everton 2:0"},"content":{"rendered":"<h4>Zahr\u00e1li jsme jako obvykle a dopadlo to jako obvykle. Nep\u0159\u00edjemn\u00e1 povinnost je odbyta. Snad to p\u016fjde proti Leedsu l\u00e9pe.<\/h4>\n<p>Snad mi Viktor \u010cernomyrdin odpust\u00ed, \u017ee jsem m\u00edrn\u011b parafr\u00e1zoval jeho slavn\u00fd v\u00fdrok (a\u010d n\u011bkter\u00e9 zdroje uv\u00e1d\u00ed jako autora\u00a0 Eduarda \u0160evardnadzeho), ale ono se to p\u0159\u00edmo vnucuje. Po skv\u011bl\u00e9m v\u00fdkonu a zaslou\u017een\u00e9m v\u00edt\u011bzstv\u00ed proti Arsenalu se Everton v\u00fdkonnostn\u011b vr\u00e1til ke klasice t\u00e9to sez\u00f3ny. Op\u011btovn\u00e1 nedol\u00e9\u010denost Calverta-Lewina (nebyl ani na lavi\u010dce) zp\u016fsobila druh\u00fd start v z\u00e1kladn\u00ed jeden\u00e1ctce \u00e1\u010dka Evertonu pro Simmse. Zaj\u00edmavost\u00ed sestavy byli dva stope\u0159i v z\u00e1kladn\u00ed jeden\u00e1ctce a \u010dty\u0159i (Godfrey, Mina, Holgate, Keane) na lavi\u010dce.<\/p>\n<p>Utk\u00e1n\u00ed za\u010dalo nep\u0159ekvapiv\u011b &#8211; dom\u00e1c\u00ed \u00fato\u010dili a tla\u010dili, host\u00e9 se sna\u017eili hrozit z aspo\u0148 ob\u010dasn\u00fdch proti\u00fatok\u016f. Na konci prvn\u00ed \u010dtvrthodiny byl dom\u00e1c\u00ed obr\u00e1nce Robertson r\u00e1d, \u017ee nedostal kartu (kombinace faulu na Doucour\u00e9ho a n\u00e1sledn\u00e9 posl\u00e1n\u00ed sud\u00edho kamsi). Aktivn\u00ed vep\u0159edu byla p\u0159edev\u0161\u00edm dvojice Gakpo-Salah, za zm\u00ednku stoj\u00ed nepoveden\u00e1 st\u0159ela N\u00fa\u0148eze, kter\u00e1 se prom\u011bnila ve sk\u00e1kavou p\u0159ihr\u00e1vku pro Gakpa, le\u010d ten hlavou netrefil za\u0159\u00edzen\u00ed.<\/p>\n<p>Tlak byl celkem drtiv\u00fd, ale obrana Evertonu fungovala dob\u0159e, nepou\u0161t\u011bla dom\u00e1c\u00ed do \u0161anc\u00ed. Po p\u016flhodin\u011b se mod\u0159\u00ed za\u010dali osm\u011blovat. A po jejich rohu padl g\u00f3l. McNeil vybojoval roh, kter\u00fd Iwobi posadil na hlavu Tarkowsk\u00e9ho. Ten svou hlavi\u010dkou oraz\u00edtkoval ty\u010d, m\u00ed\u010d se odrazil ke Simmsovi, kter\u00fd nabil McNeilovi. Jeho st\u0159elu zblokovala obrana, m\u00ed\u010d se \u0161\u0165astn\u011b odrazil k dom\u00e1c\u00edm, kte\u0159\u00ed se dostali do brejku \u010dty\u0159i na dva. Gana se rozhodl, \u017ee nebude faulovat (ano, dostal by \u017elutou, ale..), Nu\u0148\u00e9z p\u0159ihr\u00e1l Salahovi a ten nem\u011bl probl\u00e9m prost\u0159elit nepochopiteln\u011b vyb\u011bhnut\u00e9ho Pickforda <strong>&#8211; 1:0!\u00a0<\/strong>Dom\u00e1c\u00ed prvn\u00ed polo\u010das v klidu dohr\u00e1li.<\/p>\n<p>A na za\u010d\u00e1tku druh\u00e9ho zv\u00fd\u0161ili. Iwobi ztratil m\u00ed\u010d na polovin\u011b dom\u00e1c\u00edch, kdy\u017e nep\u0159e\u0161el p\u0159es dva soupe\u0159e najednou, rychl\u00fd brejk po prav\u00e9 stran\u011b skon\u010dil centrem Alexandera-Arnolda na vzd\u00e1len\u011bj\u0161\u00ed ty\u010d, kde Gakpo nem\u011bl probl\u00e9m trefit pr\u00e1zdnou branku ze dvou metr\u016f &#8211;\u00a0<strong>2:0!\u00a0<\/strong>P\u0159i tomto g\u00f3lu p\u0159edvedl nepochopitelnou chybu Coady, kdy\u017e zjevn\u011b \u00famysln\u011b pustil m\u00ed\u010d neatakovan\u00fd za sebe&#8230; Zv\u00fd\u0161it zkusil Henderson, ale prudkou r\u00e1nou p\u0159est\u0159elil. Neprosadil se nadvakr\u00e1t ani aktivn\u00ed Nu\u0148\u00e9z. Ten sp\u00e1lil dal\u0161\u00ed \u0161anci po p\u0159ihr\u00e1vce Gakpa, obst\u0159el byl p\u011bkn\u00fd, ale vedle.<\/p>\n<p>Velkou \u0161anci sn\u00ed\u017eit m\u011bl v posledn\u00ed desetiminutovce Davies, ale po centru Iwobiho hlavi\u010dkoval nad. Liverpool hodn\u011b hrozil z brejk\u016f, taky z nich dal dv\u011b branky, tentokr\u00e1t po jednom z nich zblokoval Salahovu st\u0159elu Tarkowski. Po zbyte\u010dn\u00fdch strkanic\u00edch stoj\u00ed za zm\u00ednku ji\u017e jen Pickford\u016fv z\u00e1krok proti st\u0159ele Salaha. Dom\u00e1c\u00ed s udr\u017een\u00edm dvoubrankov\u00e9 v\u00fdhry opravdu nem\u011bli probl\u00e9m.<\/p>\n<p><strong>Branky: <\/strong>36. Salah, 49. Gakpo<\/p>\n<p><strong>\u017dlut\u00e9 karty:<\/strong> 87. Robertson &#8211; 67. Coady, 84. Doucour\u00e9, 87. Pickford<\/p>\n<p><strong>Liverpool FC:<\/strong>\u00a0<span data-source=\"lightstreamer\" data-grid=\"main\" data-item=\"item_762420\" data-field=\"report1\">Alisson \u2013 Alexander-Arnold, Matip, Gomez, Robertson \u2013 Henderson (80. Milner), Fabinho, Baj\u010deti\u0107 (90. Ke\u00efta) \u2013 Salah (90. Elliott), N\u00fa\u00f1ez (70. Jota), Gakpo (80. Firmino)<\/span><\/p>\n<p><strong>Everton FC:<\/strong>\u00a0<span data-source=\"lightstreamer\" data-grid=\"main\" data-item=\"item_762420\" data-field=\"report2\">Pickford \u2013 Coleman , Coady, Tarkowski, Mykolenko \u2013 Doucour\u00e9, Gueye, Onana (78. Davies) \u2013 McNeil (78. Maupay), Iwobi \u2013 Simms (61. Gray)<\/span><\/p>\n<p><strong>Rozhod\u010d\u00ed:\u00a0<\/strong>Simon Hooper\u00a0 <strong>Div\u00e1ci:\u00a0<\/strong>53 027<\/p>\n","protected":false},"excerpt":{"rendered":"<p>Zahr\u00e1li jsme jako obvykle a dopadlo to jako obvykle. Nep\u0159\u00edjemn\u00e1 povinnost je odbyta. Snad to p\u016fjde proti Leedsu l\u00e9pe.<\/p>\n","protected":false},"author":12,"featured_media":21008,"comment_status":"open","ping_status":"closed","sticky":false,"template":"","format":"standard","meta":{"_eb_attr":"","_monsterinsights_skip_tracking":false,"_monsterinsights_sitenote_active":false,"_monsterinsights_sitenote_note":"","_monsterinsights_sitenote_category":0,"footnotes":""},"categories":[4],"tags":[],"yoast_head":"<!-- This site is optimized with the Yoast SEO plugin v23.4 - https:\/\/yoast.com\/wordpress\/plugins\/seo\/ -->\n<title>Liverpool - Everton 2:0 - Official Czech &amp; Slovak Everton Supporters&#039; Club<\/title>\n<meta name=\"description\" content=\"Zahr\u00e1li jsme jako obvykle a dopadlo to jako obvykle.\" \/>\n<meta name=\"robots\" content=\"index, follow, max-snippet:-1, max-image-preview:large, max-video-preview:-1\" \/>\n<link rel=\"canonical\" href=\"https:\/\/evertonfc.cz\/index.php\/2023\/02\/14\/liverpool-everton-20-2\/\" \/>\n<meta property=\"og:locale\" content=\"cs_CZ\" \/>\n<meta property=\"og:type\" content=\"article\" \/>\n<meta property=\"og:title\" content=\"Liverpool - Everton 2:0 - Official Czech &amp; Slovak Everton Supporters&#039; Club\" \/>\n<meta property=\"og:description\" content=\"Zahr\u00e1li jsme jako obvykle a dopadlo to jako obvykle.\" \/>\n<meta property=\"og:url\" content=\"https:\/\/evertonfc.cz\/index.php\/2023\/02\/14\/liverpool-everton-20-2\/\" \/>\n<meta property=\"og:site_name\" content=\"Official Czech &amp; Slovak Everton Supporters&#039; Club\" \/>\n<meta property=\"article:publisher\" content=\"https:\/\/www.facebook.com\/everton.fans.cz.sk\" \/>\n<meta property=\"article:published_time\" content=\"2023-02-14T19:45:04+00:00\" \/>\n<meta property=\"article:modified_time\" content=\"2023-02-14T21:47:22+00:00\" \/>\n<meta property=\"og:image\" content=\"https:\/\/evertonfc.cz\/wp-content\/uploads\/2023\/02\/Liverpool-2-0-Everton-13-2-2023.jpg\" \/>\n\t<meta property=\"og:image:width\" content=\"720\" \/>\n\t<meta property=\"og:image:height\" content=\"405\" \/>\n\t<meta property=\"og:image:type\" content=\"image\/jpeg\" \/>\n<meta name=\"author\" content=\"Javor\" \/>\n<meta name=\"twitter:card\" content=\"summary_large_image\" \/>\n<meta name=\"twitter:creator\" content=\"@LoudinJan\" \/>\n<meta name=\"twitter:label1\" content=\"Napsal(a)\" \/>\n\t<meta name=\"twitter:data1\" content=\"Javor\" \/>\n\t<meta name=\"twitter:label2\" content=\"Odhadovan\u00e1 doba \u010dten\u00ed\" \/>\n\t<meta name=\"twitter:data2\" content=\"3 minuty\" \/>\n<script type=\"application\/ld+json\" class=\"yoast-schema-graph\">{\"@context\":\"https:\/\/schema.org\",\"@graph\":[{\"@type\":\"Article\",\"@id\":\"https:\/\/evertonfc.cz\/index.php\/2023\/02\/14\/liverpool-everton-20-2\/#article\",\"isPartOf\":{\"@id\":\"https:\/\/evertonfc.cz\/index.php\/2023\/02\/14\/liverpool-everton-20-2\/\"},\"author\":{\"name\":\"Javor\",\"@id\":\"https:\/\/evertonfc.cz\/#\/schema\/person\/b30daf6a5852f4811f8207a17ec1bf78\"},\"headline\":\"Liverpool &#8211; Everton 2:0\",\"datePublished\":\"2023-02-14T19:45:04+00:00\",\"dateModified\":\"2023-02-14T21:47:22+00:00\",\"mainEntityOfPage\":{\"@id\":\"https:\/\/evertonfc.cz\/index.php\/2023\/02\/14\/liverpool-everton-20-2\/\"},\"wordCount\":573,\"commentCount\":3,\"publisher\":{\"@id\":\"https:\/\/evertonfc.cz\/#organization\"},\"image\":{\"@id\":\"https:\/\/evertonfc.cz\/index.php\/2023\/02\/14\/liverpool-everton-20-2\/#primaryimage\"},\"thumbnailUrl\":\"https:\/\/evertonfc.cz\/wp-content\/uploads\/2023\/02\/Liverpool-2-0-Everton-13-2-2023.jpg\",\"articleSection\":[\"Z\u00e1pasy\"],\"inLanguage\":\"cs\",\"potentialAction\":[{\"@type\":\"CommentAction\",\"name\":\"Comment\",\"target\":[\"https:\/\/evertonfc.cz\/index.php\/2023\/02\/14\/liverpool-everton-20-2\/#respond\"]}]},{\"@type\":\"WebPage\",\"@id\":\"https:\/\/evertonfc.cz\/index.php\/2023\/02\/14\/liverpool-everton-20-2\/\",\"url\":\"https:\/\/evertonfc.cz\/index.php\/2023\/02\/14\/liverpool-everton-20-2\/\",\"name\":\"Liverpool - Everton 2:0 - Official Czech &amp; Slovak Everton Supporters&#039; Club\",\"isPartOf\":{\"@id\":\"https:\/\/evertonfc.cz\/#website\"},\"primaryImageOfPage\":{\"@id\":\"https:\/\/evertonfc.cz\/index.php\/2023\/02\/14\/liverpool-everton-20-2\/#primaryimage\"},\"image\":{\"@id\":\"https:\/\/evertonfc.cz\/index.php\/2023\/02\/14\/liverpool-everton-20-2\/#primaryimage\"},\"thumbnailUrl\":\"https:\/\/evertonfc.cz\/wp-content\/uploads\/2023\/02\/Liverpool-2-0-Everton-13-2-2023.jpg\",\"datePublished\":\"2023-02-14T19:45:04+00:00\",\"dateModified\":\"2023-02-14T21:47:22+00:00\",\"description\":\"Zahr\u00e1li jsme jako obvykle a dopadlo to jako obvykle.\",\"breadcrumb\":{\"@id\":\"https:\/\/evertonfc.cz\/index.php\/2023\/02\/14\/liverpool-everton-20-2\/#breadcrumb\"},\"inLanguage\":\"cs\",\"potentialAction\":[{\"@type\":\"ReadAction\",\"target\":[\"https:\/\/evertonfc.cz\/index.php\/2023\/02\/14\/liverpool-everton-20-2\/\"]}]},{\"@type\":\"ImageObject\",\"inLanguage\":\"cs\",\"@id\":\"https:\/\/evertonfc.cz\/index.php\/2023\/02\/14\/liverpool-everton-20-2\/#primaryimage\",\"url\":\"https:\/\/evertonfc.cz\/wp-content\/uploads\/2023\/02\/Liverpool-2-0-Everton-13-2-2023.jpg\",\"contentUrl\":\"https:\/\/evertonfc.cz\/wp-content\/uploads\/2023\/02\/Liverpool-2-0-Everton-13-2-2023.jpg\",\"width\":720,\"height\":405},{\"@type\":\"BreadcrumbList\",\"@id\":\"https:\/\/evertonfc.cz\/index.php\/2023\/02\/14\/liverpool-everton-20-2\/#breadcrumb\",\"itemListElement\":[{\"@type\":\"ListItem\",\"position\":1,\"name\":\"Home\",\"item\":\"https:\/\/evertonfc.cz\/\"},{\"@type\":\"ListItem\",\"position\":2,\"name\":\"Liverpool &#8211; Everton 2:0\"}]},{\"@type\":\"WebSite\",\"@id\":\"https:\/\/evertonfc.cz\/#website\",\"url\":\"https:\/\/evertonfc.cz\/\",\"name\":\"Official Czech &amp; Slovak Everton Supporters&#039; Club\",\"description\":\"\",\"publisher\":{\"@id\":\"https:\/\/evertonfc.cz\/#organization\"},\"potentialAction\":[{\"@type\":\"SearchAction\",\"target\":{\"@type\":\"EntryPoint\",\"urlTemplate\":\"https:\/\/evertonfc.cz\/?s={search_term_string}\"},\"query-input\":{\"@type\":\"PropertyValueSpecification\",\"valueRequired\":true,\"valueName\":\"search_term_string\"}}],\"inLanguage\":\"cs\"},{\"@type\":\"Organization\",\"@id\":\"https:\/\/evertonfc.cz\/#organization\",\"name\":\"Official Czech & Slovak Everton Supporters' Club\",\"url\":\"https:\/\/evertonfc.cz\/\",\"logo\":{\"@type\":\"ImageObject\",\"inLanguage\":\"cs\",\"@id\":\"https:\/\/evertonfc.cz\/#\/schema\/logo\/image\/\",\"url\":\"https:\/\/evertonfc.cz\/wp-content\/uploads\/2019\/05\/logo.png\",\"contentUrl\":\"https:\/\/evertonfc.cz\/wp-content\/uploads\/2019\/05\/logo.png\",\"width\":112,\"height\":112,\"caption\":\"Official Czech & Slovak Everton Supporters' Club\"},\"image\":{\"@id\":\"https:\/\/evertonfc.cz\/#\/schema\/logo\/image\/\"},\"sameAs\":[\"https:\/\/www.facebook.com\/everton.fans.cz.sk\"]},{\"@type\":\"Person\",\"@id\":\"https:\/\/evertonfc.cz\/#\/schema\/person\/b30daf6a5852f4811f8207a17ec1bf78\",\"name\":\"Javor\",\"sameAs\":[\"https:\/\/x.com\/LoudinJan\"],\"url\":\"https:\/\/evertonfc.cz\/index.php\/author\/javor\/\"}]}<\/script>\n<!-- \/ Yoast SEO plugin. -->","yoast_head_json":{"title":"Liverpool - Everton 2:0 - Official Czech &amp; Slovak Everton Supporters&#039; Club","description":"Zahr\u00e1li jsme jako obvykle a dopadlo to jako obvykle.","robots":{"index":"index","follow":"follow","max-snippet":"max-snippet:-1","max-image-preview":"max-image-preview:large","max-video-preview":"max-video-preview:-1"},"canonical":"https:\/\/evertonfc.cz\/index.php\/2023\/02\/14\/liverpool-everton-20-2\/","og_locale":"cs_CZ","og_type":"article","og_title":"Liverpool - Everton 2:0 - Official Czech &amp; Slovak Everton Supporters&#039; Club","og_description":"Zahr\u00e1li jsme jako obvykle a dopadlo to jako obvykle.","og_url":"https:\/\/evertonfc.cz\/index.php\/2023\/02\/14\/liverpool-everton-20-2\/","og_site_name":"Official Czech &amp; Slovak Everton Supporters&#039; Club","article_publisher":"https:\/\/www.facebook.com\/everton.fans.cz.sk","article_published_time":"2023-02-14T19:45:04+00:00","article_modified_time":"2023-02-14T21:47:22+00:00","og_image":[{"width":720,"height":405,"url":"https:\/\/evertonfc.cz\/wp-content\/uploads\/2023\/02\/Liverpool-2-0-Everton-13-2-2023.jpg","type":"image\/jpeg"}],"author":"Javor","twitter_card":"summary_large_image","twitter_creator":"@LoudinJan","twitter_misc":{"Napsal(a)":"Javor","Odhadovan\u00e1 doba \u010dten\u00ed":"3 minuty"},"schema":{"@context":"https:\/\/schema.org","@graph":[{"@type":"Article","@id":"https:\/\/evertonfc.cz\/index.php\/2023\/02\/14\/liverpool-everton-20-2\/#article","isPartOf":{"@id":"https:\/\/evertonfc.cz\/index.php\/2023\/02\/14\/liverpool-everton-20-2\/"},"author":{"name":"Javor","@id":"https:\/\/evertonfc.cz\/#\/schema\/person\/b30daf6a5852f4811f8207a17ec1bf78"},"headline":"Liverpool &#8211; Everton 2:0","datePublished":"2023-02-14T19:45:04+00:00","dateModified":"2023-02-14T21:47:22+00:00","mainEntityOfPage":{"@id":"https:\/\/evertonfc.cz\/index.php\/2023\/02\/14\/liverpool-everton-20-2\/"},"wordCount":573,"commentCount":3,"publisher":{"@id":"https:\/\/evertonfc.cz\/#organization"},"image":{"@id":"https:\/\/evertonfc.cz\/index.php\/2023\/02\/14\/liverpool-everton-20-2\/#primaryimage"},"thumbnailUrl":"https:\/\/evertonfc.cz\/wp-content\/uploads\/2023\/02\/Liverpool-2-0-Everton-13-2-2023.jpg","articleSection":["Z\u00e1pasy"],"inLanguage":"cs","potentialAction":[{"@type":"CommentAction","name":"Comment","target":["https:\/\/evertonfc.cz\/index.php\/2023\/02\/14\/liverpool-everton-20-2\/#respond"]}]},{"@type":"WebPage","@id":"https:\/\/evertonfc.cz\/index.php\/2023\/02\/14\/liverpool-everton-20-2\/","url":"https:\/\/evertonfc.cz\/index.php\/2023\/02\/14\/liverpool-everton-20-2\/","name":"Liverpool - Everton 2:0 - Official Czech &amp; Slovak Everton Supporters&#039; Club","isPartOf":{"@id":"https:\/\/evertonfc.cz\/#website"},"primaryImageOfPage":{"@id":"https:\/\/evertonfc.cz\/index.php\/2023\/02\/14\/liverpool-everton-20-2\/#primaryimage"},"image":{"@id":"https:\/\/evertonfc.cz\/index.php\/2023\/02\/14\/liverpool-everton-20-2\/#primaryimage"},"thumbnailUrl":"https:\/\/evertonfc.cz\/wp-content\/uploads\/2023\/02\/Liverpool-2-0-Everton-13-2-2023.jpg","datePublished":"2023-02-14T19:45:04+00:00","dateModified":"2023-02-14T21:47:22+00:00","description":"Zahr\u00e1li jsme jako obvykle a dopadlo to jako obvykle.","breadcrumb":{"@id":"https:\/\/evertonfc.cz\/index.php\/2023\/02\/14\/liverpool-everton-20-2\/#breadcrumb"},"inLanguage":"cs","potentialAction":[{"@type":"ReadAction","target":["https:\/\/evertonfc.cz\/index.php\/2023\/02\/14\/liverpool-everton-20-2\/"]}]},{"@type":"ImageObject","inLanguage":"cs","@id":"https:\/\/evertonfc.cz\/index.php\/2023\/02\/14\/liverpool-everton-20-2\/#primaryimage","url":"https:\/\/evertonfc.cz\/wp-content\/uploads\/2023\/02\/Liverpool-2-0-Everton-13-2-2023.jpg","contentUrl":"https:\/\/evertonfc.cz\/wp-content\/uploads\/2023\/02\/Liverpool-2-0-Everton-13-2-2023.jpg","width":720,"height":405},{"@type":"BreadcrumbList","@id":"https:\/\/evertonfc.cz\/index.php\/2023\/02\/14\/liverpool-everton-20-2\/#breadcrumb","itemListElement":[{"@type":"ListItem","position":1,"name":"Home","item":"https:\/\/evertonfc.cz\/"},{"@type":"ListItem","position":2,"name":"Liverpool &#8211; Everton 2:0"}]},{"@type":"WebSite","@id":"https:\/\/evertonfc.cz\/#website","url":"https:\/\/evertonfc.cz\/","name":"Official Czech &amp; Slovak Everton Supporters&#039; Club","description":"","publisher":{"@id":"https:\/\/evertonfc.cz\/#organization"},"potentialAction":[{"@type":"SearchAction","target":{"@type":"EntryPoint","urlTemplate":"https:\/\/evertonfc.cz\/?s={search_term_string}"},"query-input":{"@type":"PropertyValueSpecification","valueRequired":true,"valueName":"search_term_string"}}],"inLanguage":"cs"},{"@type":"Organization","@id":"https:\/\/evertonfc.cz\/#organization","name":"Official Czech & Slovak Everton Supporters' Club","url":"https:\/\/evertonfc.cz\/","logo":{"@type":"ImageObject","inLanguage":"cs","@id":"https:\/\/evertonfc.cz\/#\/schema\/logo\/image\/","url":"https:\/\/evertonfc.cz\/wp-content\/uploads\/2019\/05\/logo.png","contentUrl":"https:\/\/evertonfc.cz\/wp-content\/uploads\/2019\/05\/logo.png","width":112,"height":112,"caption":"Official Czech & Slovak Everton Supporters' Club"},"image":{"@id":"https:\/\/evertonfc.cz\/#\/schema\/logo\/image\/"},"sameAs":["https:\/\/www.facebook.com\/everton.fans.cz.sk"]},{"@type":"Person","@id":"https:\/\/evertonfc.cz\/#\/schema\/person\/b30daf6a5852f4811f8207a17ec1bf78","name":"Javor","sameAs":["https:\/\/x.com\/LoudinJan"],"url":"https:\/\/evertonfc.cz\/index.php\/author\/javor\/"}]}},"_links":{"self":[{"href":"https:\/\/evertonfc.cz\/index.php\/wp-json\/wp\/v2\/posts\/21011"}],"collection":[{"href":"https:\/\/evertonfc.cz\/index.php\/wp-json\/wp\/v2\/posts"}],"about":[{"href":"https:\/\/evertonfc.cz\/index.php\/wp-json\/wp\/v2\/types\/post"}],"author":[{"embeddable":true,"href":"https:\/\/evertonfc.cz\/index.php\/wp-json\/wp\/v2\/users\/12"}],"replies":[{"embeddable":true,"href":"https:\/\/evertonfc.cz\/index.php\/wp-json\/wp\/v2\/comments?post=21011"}],"version-history":[{"count":4,"href":"https:\/\/evertonfc.cz\/index.php\/wp-json\/wp\/v2\/posts\/21011\/revisions"}],"predecessor-version":[{"id":21015,"href":"https:\/\/evertonfc.cz\/index.php\/wp-json\/wp\/v2\/posts\/21011\/revisions\/21015"}],"wp:featuredmedia":[{"embeddable":true,"href":"https:\/\/evertonfc.cz\/index.php\/wp-json\/wp\/v2\/media\/21008"}],"wp:attachment":[{"href":"https:\/\/evertonfc.cz\/index.php\/wp-json\/wp\/v2\/media?parent=21011"}],"wp:term":[{"taxonomy":"category","embeddable":true,"href":"https:\/\/evertonfc.cz\/index.php\/wp-json\/wp\/v2\/categories?post=21011"},{"taxonomy":"post_tag","embeddable":true,"href":"https:\/\/evertonfc.cz\/index.php\/wp-json\/wp\/v2\/tags?post=21011"}],"curies":[{"name":"wp","href":"https:\/\/api.w.org\/{rel}","templated":true}]}}