{"id":21025,"date":"2023-02-17T10:58:28","date_gmt":"2023-02-17T09:58:28","guid":{"rendered":"https:\/\/evertonfc.cz\/?p=21025"},"modified":"2023-02-18T10:42:16","modified_gmt":"2023-02-18T09:42:16","slug":"preview-everton-leeds-united-3","status":"publish","type":"post","link":"https:\/\/evertonfc.cz\/index.php\/2023\/02\/17\/preview-everton-leeds-united-3\/","title":{"rendered":"Preview: Everton &#8211; Leeds United"},"content":{"rendered":"<h4>Seana Dychea \u010dek\u00e1 po dvou z\u00e1pasech s favority prvn\u00ed utk\u00e1n\u00ed s p\u0159\u00edvlastkem povinn\u00e1 v\u00fdhra. Na Goodison Park p\u0159ij\u00ed\u017ed\u00ed stejn\u011b slabou\u010dk\u00fd Leeds United.<\/h4>\n<p>V pond\u011bl\u00ed Toffees u\u017e klasicky vyho\u0159eli v derby a po letargick\u00e9m vystoupen\u00ed zaslou\u017een\u011b prohr\u00e1li. Nad rozlit\u00fdm ml\u00e9kem ale nem\u00e1 smysl p\u0159\u00edli\u0161 plakat, proto\u017ee koloto\u010d Premier League nezastavuje. V r\u00e1mci 24. kole se na Old Lady p\u0159edstav\u00ed dva tr\u00e1p\u00edc\u00ed se t\u00fdmy. Osmn\u00e1ct\u00fd Everton host\u00ed sedmn\u00e1ct\u00fd Leeds, kter\u00fd doposud nasb\u00edral 19 bod\u016f, tedy pouze o jeden v\u00edce ne\u017e jeho sobotn\u00ed soupe\u0159.<\/p>\n<p>Oba celky zv\u00edt\u011bzili ve 22 ligov\u00fdch z\u00e1pasech jen \u010dty\u0159ikr\u00e1t, p\u0159i\u010dem\u017e Evertonu se po\u0161t\u011bstilo po dlouh\u00e9 dob\u011b p\u0159ed dv\u011bma t\u00fddny v dom\u00e1c\u00edm duelu proti Arsenalu. Whites naopak na t\u0159\u00edbodov\u00fd zisk \u010dekaj\u00ed u\u017e dev\u011bt ligov\u00fdch kol, naposledy triumfovali nad Bournemouthem je\u0161t\u011b p\u0159ed podzimn\u00edm mistrovstv\u00edm sv\u011bta. Nebylo tak p\u0159ekvapiv\u00e9, \u017ee se po roce rozlou\u010dili s uplakan\u00fdm Ameri\u010danem Jessem Marschem, m\u00edsto n\u011bho\u017e u\u017e dva z\u00e1pasy vede t\u00fdm t\u0159\u00edhlav\u00e1 sa\u0148 v \u010dele s Michaelem Skubalou, doned\u00e1vna rezervn\u00edm tren\u00e9rem klubu.<\/p>\n<p>Leeds mezit\u00edm postupn\u011b odm\u00edt\u00e1 jeden potencion\u00e1ln\u00ed mana\u017eer za druh\u00fdm, a tak je mo\u017en\u00e9, \u017ee Skubala nakonec na lavi\u010dce vydr\u017e\u00ed d\u00e9le, ne\u017e p\u016fvodn\u011b o\u010dek\u00e1val. Inu, chopit se t\u00fdmu bojuj\u00edc\u00edho o z\u00e1chranu nen\u00ed atraktivn\u00ed pozic\u00ed, ani kdy\u017e se jedn\u00e1 o Premier League \u010di man\u0161aft s velk\u00fdm potenci\u00e1lem, jak\u00fdm m\u00e1 Leeds.<\/p>\n<p>Peacocks za posledn\u00ed rok a n\u011bco nakoupili mno\u017estv\u00ed zaj\u00edmav\u00fdch talent\u016f, kter\u00e9 ale Marsch nedok\u00e1zal uko\u010d\u00edrovat, a tak z\u00e1blesky geniality zast\u00ednily nevyrovnan\u00e9 v\u00fdkony a chab\u00e1 defenziva. Nezku\u0161en\u00fd Skubala toho za kr\u00e1tk\u00fd \u010das p\u0159\u00edli\u0161 nezm\u011bn\u00ed, ve dvojz\u00e1pase s Manchesterem United ale uko\u0159istil jeden cenn\u00fd bod, kter\u00fd m\u016f\u017ee mlad\u00e9mu t\u00fdmu dodat velmi pot\u0159ebn\u00e9 sebev\u011bdom\u00ed.<\/p>\n<p>To Evertonu asi p\u0159istoup\u00ed k sobotn\u00edmu z\u00e1pasu trochu pragmati\u010dt\u011bji ne\u017e Leeds se sv\u00fdm \u201ehur\u00e1\u201c stylem. Probl\u00e9m je, \u017ee pragmati\u010dnost Blues se \u010dasto p\u0159ehoupne do odevzdanosti. Mana\u017eer Sean Dyche bude muset ze sv\u00fdch sv\u011b\u0159enc\u016f vy\u017ed\u00edmat v\u011bt\u0161\u00ed d\u00e1vku odpov\u011bdnosti a odvahy, na \u010dem\u017e poho\u0159el u\u017e nejeden jeho p\u0159edch\u016fdce. Na druhou stranu p\u0159ed hlasit\u00fdm Goodison Parkem by mohl m\u00edt pon\u011bkud snadn\u011bj\u0161\u00ed \u00falohu.<\/p>\n<p>Bude zaj\u00edmav\u00e9 sledovat, zda Dyche s\u00e1hne k hr\u00e1\u010dsk\u00e9 rotaci. Obrana Toffees nen\u00ed bezchybn\u00e1 a na Anfieldu nav\u00edc uk\u00e1zala, \u017ee ligov\u00e9mu tempu sakra nestih\u00e1. Vid\u011bt ofenzivn\u00ed rychl\u00edky Leedsu Gnonta, Harrissona \u010di Summervilla, jak se \u0159\u00edt\u00ed na neboh\u00e9ho Colemana, to v re\u00e1lu nechce za\u017e\u00edt asi nikdo z Evertonians. Dyche m\u016f\u017ee obranu o\u017eivit nap\u0159\u00edklad Godfreym nebo Minou, posazen\u00ed kohokoli z obrann\u00e9 \u010dty\u0159ky krom\u011b Tarkowsk\u00e9ho by ne\u0161okovalo.<\/p>\n<p>Lamb\u00e1da to nen\u00ed ani v \u00fatoku Evertonu. Calvert-Lewin nad\u00e1le z\u016fst\u00e1v\u00e1 na marodce, jeho nep\u0159est\u00e1vaj\u00edc\u00ed zdravotn\u00ed probl\u00e9my se mus\u00ed l\u00e9\u010dit komplexn\u011bji. Dyche se dokonce chce pod\u00edvat na \u00fato\u010dn\u00edk\u016fv \u017eivotn\u00ed styl (my\u0161leny jsou a\u017e takov\u00e9 detaily jako typ matrace). Rozhodn\u011b je na m\u00edst\u011b p\u0159estat po\u010d\u00edtat s Calvertem-Lewin coby z\u00e1zra\u010dn\u00fdm spasitelem Evertonu.<\/p>\n<p>A proto\u017ee Everton vedou mamlasov\u00e9, kte\u0159\u00ed v lednu nekoupili \u017e\u00e1dn\u00e9ho \u00fato\u010dn\u00edka, Dyche do \u00fatoku vyb\u00edr\u00e1 jen ze dvou mo\u017enost\u00ed: mlad\u00fd Simms, nebo zku\u0161en\u011bj\u0161\u00ed Maupay. Ani od jednoho nicm\u00e9n\u011b nelze \u010dekat g\u00f3lostroj, do sk\u00f3rov\u00e1n\u00ed se tedy bude muset zapojit cel\u00fd t\u00fdm. D\u00e1 se proto o\u010dek\u00e1vat, \u017ee se st\u0159edopola\u0159i Onana a Doucour\u00e9 mohou \u010dast\u011bji vytahovat a\u017e do \u00fatoku, aby pom\u00e1hali sb\u00edrat a rozd\u00e1vat dlouh\u00e9 m\u00ed\u010de\u2026 nebo je dokonce zakon\u010dovat.<\/p>\n<p>Evertonu kv\u016fli zran\u011bn\u00ed st\u00e1le nepomohu Townsend, Patterson a Garner, i kdy\u017e posledn\u00ed dva \u010dek\u00e1 p\u00e1te\u010dn\u00ed z\u00e1pas za rezervu, a tak budou brzy klepat na z\u00e1kladn\u00ed sestavu A-t\u00fdmu. Leeds tr\u00e1p\u00ed celkem po\u010detn\u00e1 marodka. Do z\u00e1pasu ur\u010dit\u011b nezas\u00e1hnou Rodrigo, Gray, Forshaw, Sinisterra a Dallas. Trojice Roca, Cooper, Perkins z\u00e1vod\u00ed s \u010dasem, aby se stihla d\u00e1t do richtiku.<\/p>\n<p><strong>Co:<\/strong> Everton FC \u2013 Leeds United FC, 24. kolo Premier League<br \/>\n<strong>Kdy:<\/strong> Sobota 18. 2. 2023 od 16:00 SE\u010c<br \/>\n<strong>Kde:<\/strong> Goodison Park \u2013 Goodison Road, Liverpool (kapacita: 39 414)<br \/>\n<strong>TV:<\/strong> CANAL+ Sport, stream<br \/>\n<strong>Rozhod\u010d\u00ed:<\/strong> Andy Madley, <strong>asistenti:<\/strong> Harry Lennard, Wade Smith, <strong>\u010dtvrt\u00fd rozhod\u010d\u00ed:<\/strong> Dean Whitestone, <strong>VAR:<\/strong> Michael Oliver, <strong>asistent videorozhod\u010d\u00edho:<\/strong> Constantine Hatzidakis<\/p>\n","protected":false},"excerpt":{"rendered":"<p>Seana Dychea \u010dek\u00e1 po dvou z\u00e1pasech s favority prvn\u00ed utk\u00e1n\u00ed s p\u0159\u00edvlastkem povinn\u00e1 v\u00fdhra. Na Goodison Park p\u0159ij\u00ed\u017ed\u00ed stejn\u011b slabou\u010dk\u00fd Leeds United.<\/p>\n","protected":false},"author":6,"featured_media":13029,"comment_status":"open","ping_status":"closed","sticky":false,"template":"","format":"standard","meta":{"_eb_attr":"","_monsterinsights_skip_tracking":false,"_monsterinsights_sitenote_active":false,"_monsterinsights_sitenote_note":"","_monsterinsights_sitenote_category":0,"footnotes":""},"categories":[4],"tags":[],"yoast_head":"<!-- This site is optimized with the Yoast SEO plugin v23.4 - https:\/\/yoast.com\/wordpress\/plugins\/seo\/ -->\n<title>Preview: Everton - Leeds United - Official Czech &amp; Slovak Everton Supporters&#039; Club<\/title>\n<meta name=\"description\" content=\"Seana Dychea \u010dek\u00e1 po dvou z\u00e1pasech s favority prvn\u00ed utk\u00e1n\u00ed s p\u0159\u00edvlastkem povinn\u00e1 v\u00fdhra. Na Goodison Park p\u0159ij\u00ed\u017ed\u00ed stejn\u011b slabou\u010dk\u00fd Leeds United.\" \/>\n<meta name=\"robots\" content=\"index, follow, max-snippet:-1, max-image-preview:large, max-video-preview:-1\" \/>\n<link rel=\"canonical\" href=\"https:\/\/evertonfc.cz\/index.php\/2023\/02\/17\/preview-everton-leeds-united-3\/\" \/>\n<meta property=\"og:locale\" content=\"cs_CZ\" \/>\n<meta property=\"og:type\" content=\"article\" \/>\n<meta property=\"og:title\" content=\"Preview: Everton - Leeds United - Official Czech &amp; Slovak Everton Supporters&#039; Club\" \/>\n<meta property=\"og:description\" content=\"Seana Dychea \u010dek\u00e1 po dvou z\u00e1pasech s favority prvn\u00ed utk\u00e1n\u00ed s p\u0159\u00edvlastkem povinn\u00e1 v\u00fdhra. Na Goodison Park p\u0159ij\u00ed\u017ed\u00ed stejn\u011b slabou\u010dk\u00fd Leeds United.\" \/>\n<meta property=\"og:url\" content=\"https:\/\/evertonfc.cz\/index.php\/2023\/02\/17\/preview-everton-leeds-united-3\/\" \/>\n<meta property=\"og:site_name\" content=\"Official Czech &amp; Slovak Everton Supporters&#039; Club\" \/>\n<meta property=\"article:publisher\" content=\"https:\/\/www.facebook.com\/everton.fans.cz.sk\" \/>\n<meta property=\"article:published_time\" content=\"2023-02-17T09:58:28+00:00\" \/>\n<meta property=\"article:modified_time\" content=\"2023-02-18T09:42:16+00:00\" \/>\n<meta property=\"og:image\" content=\"https:\/\/evertonfc.cz\/wp-content\/uploads\/2020\/11\/Everton-VS-Leeds-United-27-11-2020.jpg\" \/>\n\t<meta property=\"og:image:width\" content=\"720\" \/>\n\t<meta property=\"og:image:height\" content=\"405\" \/>\n\t<meta property=\"og:image:type\" content=\"image\/jpeg\" \/>\n<meta name=\"author\" content=\"Ri\u010di\" \/>\n<meta name=\"twitter:card\" content=\"summary_large_image\" \/>\n<meta name=\"twitter:creator\" content=\"@rbrejsa\" \/>\n<meta name=\"twitter:label1\" content=\"Napsal(a)\" \/>\n\t<meta name=\"twitter:data1\" content=\"Ri\u010di\" \/>\n\t<meta name=\"twitter:label2\" content=\"Odhadovan\u00e1 doba \u010dten\u00ed\" \/>\n\t<meta name=\"twitter:data2\" content=\"4 minuty\" \/>\n<script type=\"application\/ld+json\" class=\"yoast-schema-graph\">{\"@context\":\"https:\/\/schema.org\",\"@graph\":[{\"@type\":\"Article\",\"@id\":\"https:\/\/evertonfc.cz\/index.php\/2023\/02\/17\/preview-everton-leeds-united-3\/#article\",\"isPartOf\":{\"@id\":\"https:\/\/evertonfc.cz\/index.php\/2023\/02\/17\/preview-everton-leeds-united-3\/\"},\"author\":{\"name\":\"Ri\u010di\",\"@id\":\"https:\/\/evertonfc.cz\/#\/schema\/person\/f7a5daedb2ffee98480bc70e191aaef1\"},\"headline\":\"Preview: Everton &#8211; Leeds United\",\"datePublished\":\"2023-02-17T09:58:28+00:00\",\"dateModified\":\"2023-02-18T09:42:16+00:00\",\"mainEntityOfPage\":{\"@id\":\"https:\/\/evertonfc.cz\/index.php\/2023\/02\/17\/preview-everton-leeds-united-3\/\"},\"wordCount\":793,\"commentCount\":12,\"publisher\":{\"@id\":\"https:\/\/evertonfc.cz\/#organization\"},\"image\":{\"@id\":\"https:\/\/evertonfc.cz\/index.php\/2023\/02\/17\/preview-everton-leeds-united-3\/#primaryimage\"},\"thumbnailUrl\":\"https:\/\/evertonfc.cz\/wp-content\/uploads\/2020\/11\/Everton-VS-Leeds-United-27-11-2020.jpg\",\"articleSection\":[\"Z\u00e1pasy\"],\"inLanguage\":\"cs\",\"potentialAction\":[{\"@type\":\"CommentAction\",\"name\":\"Comment\",\"target\":[\"https:\/\/evertonfc.cz\/index.php\/2023\/02\/17\/preview-everton-leeds-united-3\/#respond\"]}]},{\"@type\":\"WebPage\",\"@id\":\"https:\/\/evertonfc.cz\/index.php\/2023\/02\/17\/preview-everton-leeds-united-3\/\",\"url\":\"https:\/\/evertonfc.cz\/index.php\/2023\/02\/17\/preview-everton-leeds-united-3\/\",\"name\":\"Preview: Everton - Leeds United - Official Czech &amp; Slovak Everton Supporters&#039; Club\",\"isPartOf\":{\"@id\":\"https:\/\/evertonfc.cz\/#website\"},\"primaryImageOfPage\":{\"@id\":\"https:\/\/evertonfc.cz\/index.php\/2023\/02\/17\/preview-everton-leeds-united-3\/#primaryimage\"},\"image\":{\"@id\":\"https:\/\/evertonfc.cz\/index.php\/2023\/02\/17\/preview-everton-leeds-united-3\/#primaryimage\"},\"thumbnailUrl\":\"https:\/\/evertonfc.cz\/wp-content\/uploads\/2020\/11\/Everton-VS-Leeds-United-27-11-2020.jpg\",\"datePublished\":\"2023-02-17T09:58:28+00:00\",\"dateModified\":\"2023-02-18T09:42:16+00:00\",\"description\":\"Seana Dychea \u010dek\u00e1 po dvou z\u00e1pasech s favority prvn\u00ed utk\u00e1n\u00ed s p\u0159\u00edvlastkem povinn\u00e1 v\u00fdhra. Na Goodison Park p\u0159ij\u00ed\u017ed\u00ed stejn\u011b slabou\u010dk\u00fd Leeds United.\",\"breadcrumb\":{\"@id\":\"https:\/\/evertonfc.cz\/index.php\/2023\/02\/17\/preview-everton-leeds-united-3\/#breadcrumb\"},\"inLanguage\":\"cs\",\"potentialAction\":[{\"@type\":\"ReadAction\",\"target\":[\"https:\/\/evertonfc.cz\/index.php\/2023\/02\/17\/preview-everton-leeds-united-3\/\"]}]},{\"@type\":\"ImageObject\",\"inLanguage\":\"cs\",\"@id\":\"https:\/\/evertonfc.cz\/index.php\/2023\/02\/17\/preview-everton-leeds-united-3\/#primaryimage\",\"url\":\"https:\/\/evertonfc.cz\/wp-content\/uploads\/2020\/11\/Everton-VS-Leeds-United-27-11-2020.jpg\",\"contentUrl\":\"https:\/\/evertonfc.cz\/wp-content\/uploads\/2020\/11\/Everton-VS-Leeds-United-27-11-2020.jpg\",\"width\":720,\"height\":405},{\"@type\":\"BreadcrumbList\",\"@id\":\"https:\/\/evertonfc.cz\/index.php\/2023\/02\/17\/preview-everton-leeds-united-3\/#breadcrumb\",\"itemListElement\":[{\"@type\":\"ListItem\",\"position\":1,\"name\":\"Home\",\"item\":\"https:\/\/evertonfc.cz\/\"},{\"@type\":\"ListItem\",\"position\":2,\"name\":\"Preview: Everton &#8211; Leeds United\"}]},{\"@type\":\"WebSite\",\"@id\":\"https:\/\/evertonfc.cz\/#website\",\"url\":\"https:\/\/evertonfc.cz\/\",\"name\":\"Official Czech &amp; Slovak Everton Supporters&#039; Club\",\"description\":\"\",\"publisher\":{\"@id\":\"https:\/\/evertonfc.cz\/#organization\"},\"potentialAction\":[{\"@type\":\"SearchAction\",\"target\":{\"@type\":\"EntryPoint\",\"urlTemplate\":\"https:\/\/evertonfc.cz\/?s={search_term_string}\"},\"query-input\":{\"@type\":\"PropertyValueSpecification\",\"valueRequired\":true,\"valueName\":\"search_term_string\"}}],\"inLanguage\":\"cs\"},{\"@type\":\"Organization\",\"@id\":\"https:\/\/evertonfc.cz\/#organization\",\"name\":\"Official Czech & Slovak Everton Supporters' Club\",\"url\":\"https:\/\/evertonfc.cz\/\",\"logo\":{\"@type\":\"ImageObject\",\"inLanguage\":\"cs\",\"@id\":\"https:\/\/evertonfc.cz\/#\/schema\/logo\/image\/\",\"url\":\"https:\/\/evertonfc.cz\/wp-content\/uploads\/2019\/05\/logo.png\",\"contentUrl\":\"https:\/\/evertonfc.cz\/wp-content\/uploads\/2019\/05\/logo.png\",\"width\":112,\"height\":112,\"caption\":\"Official Czech & Slovak Everton Supporters' Club\"},\"image\":{\"@id\":\"https:\/\/evertonfc.cz\/#\/schema\/logo\/image\/\"},\"sameAs\":[\"https:\/\/www.facebook.com\/everton.fans.cz.sk\"]},{\"@type\":\"Person\",\"@id\":\"https:\/\/evertonfc.cz\/#\/schema\/person\/f7a5daedb2ffee98480bc70e191aaef1\",\"name\":\"Ri\u010di\",\"sameAs\":[\"https:\/\/x.com\/rbrejsa\"],\"url\":\"https:\/\/evertonfc.cz\/index.php\/author\/rici\/\"}]}<\/script>\n<!-- \/ Yoast SEO plugin. -->","yoast_head_json":{"title":"Preview: Everton - Leeds United - Official Czech &amp; Slovak Everton Supporters&#039; Club","description":"Seana Dychea \u010dek\u00e1 po dvou z\u00e1pasech s favority prvn\u00ed utk\u00e1n\u00ed s p\u0159\u00edvlastkem povinn\u00e1 v\u00fdhra. Na Goodison Park p\u0159ij\u00ed\u017ed\u00ed stejn\u011b slabou\u010dk\u00fd Leeds United.","robots":{"index":"index","follow":"follow","max-snippet":"max-snippet:-1","max-image-preview":"max-image-preview:large","max-video-preview":"max-video-preview:-1"},"canonical":"https:\/\/evertonfc.cz\/index.php\/2023\/02\/17\/preview-everton-leeds-united-3\/","og_locale":"cs_CZ","og_type":"article","og_title":"Preview: Everton - Leeds United - Official Czech &amp; Slovak Everton Supporters&#039; Club","og_description":"Seana Dychea \u010dek\u00e1 po dvou z\u00e1pasech s favority prvn\u00ed utk\u00e1n\u00ed s p\u0159\u00edvlastkem povinn\u00e1 v\u00fdhra. Na Goodison Park p\u0159ij\u00ed\u017ed\u00ed stejn\u011b slabou\u010dk\u00fd Leeds United.","og_url":"https:\/\/evertonfc.cz\/index.php\/2023\/02\/17\/preview-everton-leeds-united-3\/","og_site_name":"Official Czech &amp; Slovak Everton Supporters&#039; Club","article_publisher":"https:\/\/www.facebook.com\/everton.fans.cz.sk","article_published_time":"2023-02-17T09:58:28+00:00","article_modified_time":"2023-02-18T09:42:16+00:00","og_image":[{"width":720,"height":405,"url":"https:\/\/evertonfc.cz\/wp-content\/uploads\/2020\/11\/Everton-VS-Leeds-United-27-11-2020.jpg","type":"image\/jpeg"}],"author":"Ri\u010di","twitter_card":"summary_large_image","twitter_creator":"@rbrejsa","twitter_misc":{"Napsal(a)":"Ri\u010di","Odhadovan\u00e1 doba \u010dten\u00ed":"4 minuty"},"schema":{"@context":"https:\/\/schema.org","@graph":[{"@type":"Article","@id":"https:\/\/evertonfc.cz\/index.php\/2023\/02\/17\/preview-everton-leeds-united-3\/#article","isPartOf":{"@id":"https:\/\/evertonfc.cz\/index.php\/2023\/02\/17\/preview-everton-leeds-united-3\/"},"author":{"name":"Ri\u010di","@id":"https:\/\/evertonfc.cz\/#\/schema\/person\/f7a5daedb2ffee98480bc70e191aaef1"},"headline":"Preview: Everton &#8211; Leeds United","datePublished":"2023-02-17T09:58:28+00:00","dateModified":"2023-02-18T09:42:16+00:00","mainEntityOfPage":{"@id":"https:\/\/evertonfc.cz\/index.php\/2023\/02\/17\/preview-everton-leeds-united-3\/"},"wordCount":793,"commentCount":12,"publisher":{"@id":"https:\/\/evertonfc.cz\/#organization"},"image":{"@id":"https:\/\/evertonfc.cz\/index.php\/2023\/02\/17\/preview-everton-leeds-united-3\/#primaryimage"},"thumbnailUrl":"https:\/\/evertonfc.cz\/wp-content\/uploads\/2020\/11\/Everton-VS-Leeds-United-27-11-2020.jpg","articleSection":["Z\u00e1pasy"],"inLanguage":"cs","potentialAction":[{"@type":"CommentAction","name":"Comment","target":["https:\/\/evertonfc.cz\/index.php\/2023\/02\/17\/preview-everton-leeds-united-3\/#respond"]}]},{"@type":"WebPage","@id":"https:\/\/evertonfc.cz\/index.php\/2023\/02\/17\/preview-everton-leeds-united-3\/","url":"https:\/\/evertonfc.cz\/index.php\/2023\/02\/17\/preview-everton-leeds-united-3\/","name":"Preview: Everton - Leeds United - Official Czech &amp; Slovak Everton Supporters&#039; Club","isPartOf":{"@id":"https:\/\/evertonfc.cz\/#website"},"primaryImageOfPage":{"@id":"https:\/\/evertonfc.cz\/index.php\/2023\/02\/17\/preview-everton-leeds-united-3\/#primaryimage"},"image":{"@id":"https:\/\/evertonfc.cz\/index.php\/2023\/02\/17\/preview-everton-leeds-united-3\/#primaryimage"},"thumbnailUrl":"https:\/\/evertonfc.cz\/wp-content\/uploads\/2020\/11\/Everton-VS-Leeds-United-27-11-2020.jpg","datePublished":"2023-02-17T09:58:28+00:00","dateModified":"2023-02-18T09:42:16+00:00","description":"Seana Dychea \u010dek\u00e1 po dvou z\u00e1pasech s favority prvn\u00ed utk\u00e1n\u00ed s p\u0159\u00edvlastkem povinn\u00e1 v\u00fdhra. Na Goodison Park p\u0159ij\u00ed\u017ed\u00ed stejn\u011b slabou\u010dk\u00fd Leeds United.","breadcrumb":{"@id":"https:\/\/evertonfc.cz\/index.php\/2023\/02\/17\/preview-everton-leeds-united-3\/#breadcrumb"},"inLanguage":"cs","potentialAction":[{"@type":"ReadAction","target":["https:\/\/evertonfc.cz\/index.php\/2023\/02\/17\/preview-everton-leeds-united-3\/"]}]},{"@type":"ImageObject","inLanguage":"cs","@id":"https:\/\/evertonfc.cz\/index.php\/2023\/02\/17\/preview-everton-leeds-united-3\/#primaryimage","url":"https:\/\/evertonfc.cz\/wp-content\/uploads\/2020\/11\/Everton-VS-Leeds-United-27-11-2020.jpg","contentUrl":"https:\/\/evertonfc.cz\/wp-content\/uploads\/2020\/11\/Everton-VS-Leeds-United-27-11-2020.jpg","width":720,"height":405},{"@type":"BreadcrumbList","@id":"https:\/\/evertonfc.cz\/index.php\/2023\/02\/17\/preview-everton-leeds-united-3\/#breadcrumb","itemListElement":[{"@type":"ListItem","position":1,"name":"Home","item":"https:\/\/evertonfc.cz\/"},{"@type":"ListItem","position":2,"name":"Preview: Everton &#8211; Leeds United"}]},{"@type":"WebSite","@id":"https:\/\/evertonfc.cz\/#website","url":"https:\/\/evertonfc.cz\/","name":"Official Czech &amp; Slovak Everton Supporters&#039; Club","description":"","publisher":{"@id":"https:\/\/evertonfc.cz\/#organization"},"potentialAction":[{"@type":"SearchAction","target":{"@type":"EntryPoint","urlTemplate":"https:\/\/evertonfc.cz\/?s={search_term_string}"},"query-input":{"@type":"PropertyValueSpecification","valueRequired":true,"valueName":"search_term_string"}}],"inLanguage":"cs"},{"@type":"Organization","@id":"https:\/\/evertonfc.cz\/#organization","name":"Official Czech & Slovak Everton Supporters' Club","url":"https:\/\/evertonfc.cz\/","logo":{"@type":"ImageObject","inLanguage":"cs","@id":"https:\/\/evertonfc.cz\/#\/schema\/logo\/image\/","url":"https:\/\/evertonfc.cz\/wp-content\/uploads\/2019\/05\/logo.png","contentUrl":"https:\/\/evertonfc.cz\/wp-content\/uploads\/2019\/05\/logo.png","width":112,"height":112,"caption":"Official Czech & Slovak Everton Supporters' Club"},"image":{"@id":"https:\/\/evertonfc.cz\/#\/schema\/logo\/image\/"},"sameAs":["https:\/\/www.facebook.com\/everton.fans.cz.sk"]},{"@type":"Person","@id":"https:\/\/evertonfc.cz\/#\/schema\/person\/f7a5daedb2ffee98480bc70e191aaef1","name":"Ri\u010di","sameAs":["https:\/\/x.com\/rbrejsa"],"url":"https:\/\/evertonfc.cz\/index.php\/author\/rici\/"}]}},"_links":{"self":[{"href":"https:\/\/evertonfc.cz\/index.php\/wp-json\/wp\/v2\/posts\/21025"}],"collection":[{"href":"https:\/\/evertonfc.cz\/index.php\/wp-json\/wp\/v2\/posts"}],"about":[{"href":"https:\/\/evertonfc.cz\/index.php\/wp-json\/wp\/v2\/types\/post"}],"author":[{"embeddable":true,"href":"https:\/\/evertonfc.cz\/index.php\/wp-json\/wp\/v2\/users\/6"}],"replies":[{"embeddable":true,"href":"https:\/\/evertonfc.cz\/index.php\/wp-json\/wp\/v2\/comments?post=21025"}],"version-history":[{"count":16,"href":"https:\/\/evertonfc.cz\/index.php\/wp-json\/wp\/v2\/posts\/21025\/revisions"}],"predecessor-version":[{"id":21041,"href":"https:\/\/evertonfc.cz\/index.php\/wp-json\/wp\/v2\/posts\/21025\/revisions\/21041"}],"wp:featuredmedia":[{"embeddable":true,"href":"https:\/\/evertonfc.cz\/index.php\/wp-json\/wp\/v2\/media\/13029"}],"wp:attachment":[{"href":"https:\/\/evertonfc.cz\/index.php\/wp-json\/wp\/v2\/media?parent=21025"}],"wp:term":[{"taxonomy":"category","embeddable":true,"href":"https:\/\/evertonfc.cz\/index.php\/wp-json\/wp\/v2\/categories?post=21025"},{"taxonomy":"post_tag","embeddable":true,"href":"https:\/\/evertonfc.cz\/index.php\/wp-json\/wp\/v2\/tags?post=21025"}],"curies":[{"name":"wp","href":"https:\/\/api.w.org\/{rel}","templated":true}]}}