{"id":21044,"date":"2023-02-19T13:38:23","date_gmt":"2023-02-19T12:38:23","guid":{"rendered":"https:\/\/evertonfc.cz\/?p=21044"},"modified":"2023-02-21T21:01:06","modified_gmt":"2023-02-21T20:01:06","slug":"everton-leeds-united-10","status":"publish","type":"post","link":"https:\/\/evertonfc.cz\/index.php\/2023\/02\/19\/everton-leeds-united-10\/","title":{"rendered":"Everton &#8211; Leeds United 1:0"},"content":{"rendered":"<h4>Souboj dvou tr\u00e1p\u00edc\u00edch se t\u00fdm\u016f dopadl l\u00e9pe pro dom\u00e1c\u00ed Toffees. K t\u011bsn\u00e9 por\u00e1\u017ece bezzub\u00e9ho Leedsu sta\u010dil jeden p\u0159esn\u00fd z\u00e1sah kapit\u00e1na S\u00e9amuse Colemana.<\/h4>\n<p>Nejv\u011bt\u0161\u00edm otazn\u00edkem ohledn\u011b sestavy dom\u00e1c\u00edch bylo jist\u011b m\u00edsto \u00fato\u010dn\u00edka, m\u00edsto zran\u011bn\u00e9ho DCL dostal v z\u00e1kladu p\u0159ednost Maupay p\u0159ed mlad\u00edkem Simmsem. Sean Dyche jinak nevym\u00fd\u0161lel nic velk\u00e9ho a do utk\u00e1n\u00ed poslal identickou z\u00e1kladn\u00ed sestavu jako minul\u00fd t\u00fdden na Merseyside derby. Z\u00e1kladn\u00ed jeden\u00e1ctka host\u00ed poskl\u00e1dan\u00e1 prozatimn\u00edm kou\u010dem Michaelem Skubalou nedoznala \u017e\u00e1dn\u00fdch zm\u011bn oproti posledn\u00edmu prohran\u00e9mu z\u00e1pasu s Red Devils.<\/p>\n<h4>Dlouh\u00e9 \u010dek\u00e1n\u00ed na \u0161ance v prvn\u00ed p\u016fli<\/h4>\n<p>Rukopis ry\u0161av\u00e9ho tren\u00e9ra ve slu\u017eb\u00e1ch Evertonu byl patrn\u00fd u\u017e od za\u010d\u00e1tku z\u00e1pasu. V p\u00e1t\u00e9 minut\u011b Coady poslal dlouh\u00fd n\u00e1kop na polovinu Leedsu, kde Onana sebral odra\u017een\u00fd m\u00ed\u010d a ihned se pokou\u0161el o zakon\u010den\u00ed. \u017d\u00e1dn\u00e1 tikitaka se nekon\u00e1, hlavn\u011b pot\u0159ebujeme urvat t\u0159i body. Na prvn\u00ed po\u0159\u00e1dnou \u0161anci jsme si museli po\u010dkat a\u017e do t\u0159ic\u00e1t\u00e9 minuty. Do t\u00e9 doby se byla k vid\u011bn\u00ed sp\u00ed\u0161e bitva o \u00fazem\u00ed bez tahu na branku. Kr\u00e1snou akci rozjel Gana, kter\u00fd na k\u0159\u00eddle nasadil jesli\u010dky Weberovi a poslal ide\u00e1ln\u00ed p\u0159ihr\u00e1vku pod sebe na hranici v\u00e1pna, kde \u010d\u00edhal Onana. Jeho zakon\u010den\u00ed se bohu\u017eel nepotkalo s p\u0159esnost\u00ed a pokus skon\u010dil nad br\u00e1nou. Prakticky z proti\u00fatoku se zast\u0159eloval na druh\u00e9 stran\u011b Bamford, projektil v\u0161ak skon\u010dil t\u011bsn\u011b vedle ty\u010de Pickfordovy br\u00e1ny.<\/p>\n<h4>M\u00edrn\u00e1 p\u0159evaha bez k\u00fd\u017een\u00e9ho g\u00f3lu<\/h4>\n<p>Dal\u0161\u00ed po\u017e\u00e1r p\u0159ed brankou Leedsu hasili na posledn\u00ed chv\u00edli obr\u00e1nci host\u00ed v t\u0159iat\u0159ic\u00e1t\u00e9 minut\u011b. K hlavi\u010dce po rohu se dostal Tarkowski a z brankov\u00e9 \u010d\u00e1ry m\u00ed\u010d vyhlavi\u010dkoval Weber, pot\u00e9 ze stejn\u00e9ho m\u00edsta ukl\u00edzel do bezpe\u010d\u00ed Maupayovu dor\u00e1\u017eku Weston McKennie. Nejv\u011bt\u0161\u00ed \u0161ance prvn\u00ed p\u016fle v\u0161ak p\u0159i\u0161la v 37. minut\u011b, kdy se op\u011bt po rohu dostal k hlavi\u010dce znovu Tarkowski, tentokr\u00e1t mu radost p\u0159ekazil pro zm\u011bnu efektn\u00edm z\u00e1krokem mlad\u00fd francouzsk\u00fd g\u00f3lman Illan Meslier.<\/p>\n<p>Poty\u010dku ze 42. minuty, kde se nejv\u00edce anga\u017eovali Adams a McNeil, odnesli 4 hr\u00e1\u010di \u017elut\u00fdmi kartami, hlavi\u010dka Summervilla z nastaven\u00ed prvn\u00ed p\u016fle skon\u010dila nad br\u00e1nou, a tak se \u0161lo do kabin za nerozhodn\u00e9ho stavu.<\/p>\n<h4>Rozhoduj\u00edc\u00ed \u00fader<\/h4>\n<p>Druh\u00fd polo\u010das p\u0159inesl o n\u011bco lep\u0161\u00ed pod\u00edvanou, alespo\u0148 pro fanou\u0161ka dom\u00e1c\u00edho t\u00fdmu. Leeds se pokou\u0161el cel\u00fd z\u00e1pas n\u011bjak ohrozit Pickfordovu svatyni, ve\u0161ker\u00e9 pokusy byly ov\u0161em marn\u00e9 a host\u00edm se za 90 minut nepoda\u0159ilo vyst\u0159elit na br\u00e1nu. Dom\u00e1c\u00ed Karamelky taky nep\u0159edv\u00e1d\u011bly vysokou \u0161kolu fotbalu, z minima ov\u0161em vyt\u011b\u017eily maximum i kv\u016fli \u0161\u0165astn\u00e9 tref\u011b sv\u00e9ho kapit\u00e1na. Alex Iwobi poslal ze st\u0159edu h\u0159i\u0161t\u011b uk\u00e1zkovou p\u0159ihr\u00e1vku do n\u00e1b\u011bhu Colemanovi, kter\u00fd se rozhodl situaci \u0159e\u0161it velmi neortodoxn\u011b. Z ostr\u00e9ho \u00fahlu nap\u00e1lil m\u00ed\u010d p\u0159\u00edmo do s\u00edt\u011b za z\u00e1da bezmocn\u00e9ho Mesliera, kter\u00fd s touto variantou evidentn\u011b v\u016fbec nepo\u010d\u00edtal. T\u011b\u017eko \u0159\u00edct, jestli to tak p\u016fvodn\u011b Coleman zam\u00fd\u0161lel, na to se ov\u0161em historie pt\u00e1t nebude. Po zbytek z\u00e1pasu Leeds nebyl na\u0161t\u011bst\u00ed nijak nebezpe\u010dn\u00fd, naopak velkou \u0161anci sp\u00e1lil v 88. minut\u011b Doucour\u00e9, kter\u00fd se tv\u00e1\u0159\u00ed v tv\u00e1\u0159 g\u00f3lmanovi nesmysln\u011b rozhodl zpomalit a kli\u010dkovat m\u00edsto st\u0159elby na br\u00e1nu. Hostuj\u00edc\u00ed obr\u00e1nci ho u\u017e pak dok\u00e1zali pom\u011brn\u011b lehce odzbrojit. Everton si tak p\u0159ipsal v boji o z\u00e1chranu veled\u016fle\u017eit\u00e9 t\u0159i body.<\/p>\n<blockquote><p><span style=\"font-size: 12pt;\"><em>&#8222;Chceme, aby to tady bylo t\u011b\u017ek\u00e9, a to se n\u00e1m da\u0159\u00ed d\u00edky dv\u011bma v\u00fdhr\u00e1m a dv\u011bma \u010dist\u00fdm kont\u016fm. Dom\u00e1c\u00ed forma n\u00e1m hodn\u011b pom\u00e1h\u00e1, chceme, aby se Goodison Park stal pevnost\u00ed. Dost\u00e1v\u00e1me se k tomu, ale chce to \u010das a v\u00edru.&#8220;<\/em><\/span><\/p><\/blockquote>\n<h3 style=\"text-align: center;\"><span style=\"color: #0000ff;\"><strong>COYB !!!<\/strong><\/span><\/h3>\n<p style=\"text-align: right;\"><span style=\"font-size: 8pt;\">(fotozdroj: gettyimages.com)<\/span><\/p>\n<p><strong>Branky:<\/strong> 64&#8242; S\u00e9amus Coleman<\/p>\n<p><strong>\u017dK:<\/strong> 44&#8242; Dwight McNeil, 44&#8242; Abdoulaye Doucour\u00e9 &#8211; 43&#8242; Tyler Adams, 44&#8242; Weston McKennie<\/p>\n<p><strong>Everton FC:<\/strong> Jordan Pickford, S\u00e9amus Coleman, Conor Coady, James Tarkowski, Vitalij Mykolenko, Dwight McNeil, Idrissa Gueye, Amadou Onana (74.Tom Davies), Alex Iwobi, Abdoulaye Doucour\u00e9,\u00a0 Neal Maupay (81.Ellis Simms)<\/p>\n<p><strong>Leeds United:<\/strong> Illan Meslier, Luke Ayling, J\u00fanior Firpo, Robin Koch, Maximilian W\u00f6ber (46&#8242; Rasmus Kristensen), Tyler Adams, Jack Harrison (86&#8242; Sam Greenwood), Weston McKennie (78&#8242; Georgino Rutter), Patrick Bamford, Crysencio Summerville (61&#8242; Brenden Aaronson)<\/p>\n<p><strong>Rozhod\u010d\u00ed:<\/strong> Andy Madley\u00a0 <strong>Div\u00e1ci:<\/strong> 39232<\/p>\n","protected":false},"excerpt":{"rendered":"<p>Souboj dvou tr\u00e1p\u00edc\u00edch se t\u00fdm\u016f dopadl l\u00e9pe pro dom\u00e1c\u00ed Toffees. K t\u011bsn\u00e9 por\u00e1\u017ece bezzub\u00e9ho Leedsu sta\u010dil jeden p\u0159esn\u00fd z\u00e1sah kapit\u00e1na S\u00e9amuse Colemana.\u00a0<\/p>\n","protected":false},"author":562,"featured_media":21043,"comment_status":"open","ping_status":"closed","sticky":false,"template":"","format":"standard","meta":{"_eb_attr":"","_monsterinsights_skip_tracking":false,"_monsterinsights_sitenote_active":false,"_monsterinsights_sitenote_note":"","_monsterinsights_sitenote_category":0,"footnotes":""},"categories":[4],"tags":[],"yoast_head":"<!-- This site is optimized with the Yoast SEO plugin v23.4 - https:\/\/yoast.com\/wordpress\/plugins\/seo\/ -->\n<title>Everton - Leeds United 1:0 - Official Czech &amp; Slovak Everton Supporters&#039; Club<\/title>\n<meta name=\"robots\" content=\"index, follow, max-snippet:-1, max-image-preview:large, max-video-preview:-1\" \/>\n<link rel=\"canonical\" href=\"https:\/\/evertonfc.cz\/index.php\/2023\/02\/19\/everton-leeds-united-10\/\" \/>\n<meta property=\"og:locale\" content=\"cs_CZ\" \/>\n<meta property=\"og:type\" content=\"article\" \/>\n<meta property=\"og:title\" content=\"Everton - Leeds United 1:0 - Official Czech &amp; Slovak Everton Supporters&#039; Club\" \/>\n<meta property=\"og:description\" content=\"Souboj dvou tr\u00e1p\u00edc\u00edch se t\u00fdm\u016f dopadl l\u00e9pe pro dom\u00e1c\u00ed Toffees. K t\u011bsn\u00e9 por\u00e1\u017ece bezzub\u00e9ho Leedsu sta\u010dil jeden p\u0159esn\u00fd z\u00e1sah kapit\u00e1na S\u00e9amuse Colemana.\u00a0\" \/>\n<meta property=\"og:url\" content=\"https:\/\/evertonfc.cz\/index.php\/2023\/02\/19\/everton-leeds-united-10\/\" \/>\n<meta property=\"og:site_name\" content=\"Official Czech &amp; Slovak Everton Supporters&#039; Club\" \/>\n<meta property=\"article:publisher\" content=\"https:\/\/www.facebook.com\/everton.fans.cz.sk\" \/>\n<meta property=\"article:published_time\" content=\"2023-02-19T12:38:23+00:00\" \/>\n<meta property=\"article:modified_time\" content=\"2023-02-21T20:01:06+00:00\" \/>\n<meta property=\"og:image\" content=\"https:\/\/evertonfc.cz\/wp-content\/uploads\/2023\/02\/Everton-1-0-Leeds-18-02-2023.jpg\" \/>\n\t<meta property=\"og:image:width\" content=\"720\" \/>\n\t<meta property=\"og:image:height\" content=\"405\" \/>\n\t<meta property=\"og:image:type\" content=\"image\/jpeg\" \/>\n<meta name=\"author\" content=\"Petr\" \/>\n<meta name=\"twitter:card\" content=\"summary_large_image\" \/>\n<meta name=\"twitter:label1\" content=\"Napsal(a)\" \/>\n\t<meta name=\"twitter:data1\" content=\"Petr\" \/>\n\t<meta name=\"twitter:label2\" content=\"Odhadovan\u00e1 doba \u010dten\u00ed\" \/>\n\t<meta name=\"twitter:data2\" content=\"4 minuty\" \/>\n<script type=\"application\/ld+json\" class=\"yoast-schema-graph\">{\"@context\":\"https:\/\/schema.org\",\"@graph\":[{\"@type\":\"Article\",\"@id\":\"https:\/\/evertonfc.cz\/index.php\/2023\/02\/19\/everton-leeds-united-10\/#article\",\"isPartOf\":{\"@id\":\"https:\/\/evertonfc.cz\/index.php\/2023\/02\/19\/everton-leeds-united-10\/\"},\"author\":{\"name\":\"Petr\",\"@id\":\"https:\/\/evertonfc.cz\/#\/schema\/person\/5b54d20cd919070efc6fd6f92621fc50\"},\"headline\":\"Everton &#8211; Leeds United 1:0\",\"datePublished\":\"2023-02-19T12:38:23+00:00\",\"dateModified\":\"2023-02-21T20:01:06+00:00\",\"mainEntityOfPage\":{\"@id\":\"https:\/\/evertonfc.cz\/index.php\/2023\/02\/19\/everton-leeds-united-10\/\"},\"wordCount\":816,\"commentCount\":16,\"publisher\":{\"@id\":\"https:\/\/evertonfc.cz\/#organization\"},\"image\":{\"@id\":\"https:\/\/evertonfc.cz\/index.php\/2023\/02\/19\/everton-leeds-united-10\/#primaryimage\"},\"thumbnailUrl\":\"https:\/\/evertonfc.cz\/wp-content\/uploads\/2023\/02\/Everton-1-0-Leeds-18-02-2023.jpg\",\"articleSection\":[\"Z\u00e1pasy\"],\"inLanguage\":\"cs\",\"potentialAction\":[{\"@type\":\"CommentAction\",\"name\":\"Comment\",\"target\":[\"https:\/\/evertonfc.cz\/index.php\/2023\/02\/19\/everton-leeds-united-10\/#respond\"]}]},{\"@type\":\"WebPage\",\"@id\":\"https:\/\/evertonfc.cz\/index.php\/2023\/02\/19\/everton-leeds-united-10\/\",\"url\":\"https:\/\/evertonfc.cz\/index.php\/2023\/02\/19\/everton-leeds-united-10\/\",\"name\":\"Everton - Leeds United 1:0 - Official Czech &amp; Slovak Everton Supporters&#039; Club\",\"isPartOf\":{\"@id\":\"https:\/\/evertonfc.cz\/#website\"},\"primaryImageOfPage\":{\"@id\":\"https:\/\/evertonfc.cz\/index.php\/2023\/02\/19\/everton-leeds-united-10\/#primaryimage\"},\"image\":{\"@id\":\"https:\/\/evertonfc.cz\/index.php\/2023\/02\/19\/everton-leeds-united-10\/#primaryimage\"},\"thumbnailUrl\":\"https:\/\/evertonfc.cz\/wp-content\/uploads\/2023\/02\/Everton-1-0-Leeds-18-02-2023.jpg\",\"datePublished\":\"2023-02-19T12:38:23+00:00\",\"dateModified\":\"2023-02-21T20:01:06+00:00\",\"breadcrumb\":{\"@id\":\"https:\/\/evertonfc.cz\/index.php\/2023\/02\/19\/everton-leeds-united-10\/#breadcrumb\"},\"inLanguage\":\"cs\",\"potentialAction\":[{\"@type\":\"ReadAction\",\"target\":[\"https:\/\/evertonfc.cz\/index.php\/2023\/02\/19\/everton-leeds-united-10\/\"]}]},{\"@type\":\"ImageObject\",\"inLanguage\":\"cs\",\"@id\":\"https:\/\/evertonfc.cz\/index.php\/2023\/02\/19\/everton-leeds-united-10\/#primaryimage\",\"url\":\"https:\/\/evertonfc.cz\/wp-content\/uploads\/2023\/02\/Everton-1-0-Leeds-18-02-2023.jpg\",\"contentUrl\":\"https:\/\/evertonfc.cz\/wp-content\/uploads\/2023\/02\/Everton-1-0-Leeds-18-02-2023.jpg\",\"width\":720,\"height\":405},{\"@type\":\"BreadcrumbList\",\"@id\":\"https:\/\/evertonfc.cz\/index.php\/2023\/02\/19\/everton-leeds-united-10\/#breadcrumb\",\"itemListElement\":[{\"@type\":\"ListItem\",\"position\":1,\"name\":\"Home\",\"item\":\"https:\/\/evertonfc.cz\/\"},{\"@type\":\"ListItem\",\"position\":2,\"name\":\"Everton &#8211; Leeds United 1:0\"}]},{\"@type\":\"WebSite\",\"@id\":\"https:\/\/evertonfc.cz\/#website\",\"url\":\"https:\/\/evertonfc.cz\/\",\"name\":\"Official Czech &amp; Slovak Everton Supporters&#039; Club\",\"description\":\"\",\"publisher\":{\"@id\":\"https:\/\/evertonfc.cz\/#organization\"},\"potentialAction\":[{\"@type\":\"SearchAction\",\"target\":{\"@type\":\"EntryPoint\",\"urlTemplate\":\"https:\/\/evertonfc.cz\/?s={search_term_string}\"},\"query-input\":{\"@type\":\"PropertyValueSpecification\",\"valueRequired\":true,\"valueName\":\"search_term_string\"}}],\"inLanguage\":\"cs\"},{\"@type\":\"Organization\",\"@id\":\"https:\/\/evertonfc.cz\/#organization\",\"name\":\"Official Czech & Slovak Everton Supporters' Club\",\"url\":\"https:\/\/evertonfc.cz\/\",\"logo\":{\"@type\":\"ImageObject\",\"inLanguage\":\"cs\",\"@id\":\"https:\/\/evertonfc.cz\/#\/schema\/logo\/image\/\",\"url\":\"https:\/\/evertonfc.cz\/wp-content\/uploads\/2019\/05\/logo.png\",\"contentUrl\":\"https:\/\/evertonfc.cz\/wp-content\/uploads\/2019\/05\/logo.png\",\"width\":112,\"height\":112,\"caption\":\"Official Czech & Slovak Everton Supporters' Club\"},\"image\":{\"@id\":\"https:\/\/evertonfc.cz\/#\/schema\/logo\/image\/\"},\"sameAs\":[\"https:\/\/www.facebook.com\/everton.fans.cz.sk\"]},{\"@type\":\"Person\",\"@id\":\"https:\/\/evertonfc.cz\/#\/schema\/person\/5b54d20cd919070efc6fd6f92621fc50\",\"name\":\"Petr\",\"url\":\"https:\/\/evertonfc.cz\/index.php\/author\/petr\/\"}]}<\/script>\n<!-- \/ Yoast SEO plugin. -->","yoast_head_json":{"title":"Everton - Leeds United 1:0 - Official Czech &amp; Slovak Everton Supporters&#039; Club","robots":{"index":"index","follow":"follow","max-snippet":"max-snippet:-1","max-image-preview":"max-image-preview:large","max-video-preview":"max-video-preview:-1"},"canonical":"https:\/\/evertonfc.cz\/index.php\/2023\/02\/19\/everton-leeds-united-10\/","og_locale":"cs_CZ","og_type":"article","og_title":"Everton - Leeds United 1:0 - Official Czech &amp; Slovak Everton Supporters&#039; Club","og_description":"Souboj dvou tr\u00e1p\u00edc\u00edch se t\u00fdm\u016f dopadl l\u00e9pe pro dom\u00e1c\u00ed Toffees. K t\u011bsn\u00e9 por\u00e1\u017ece bezzub\u00e9ho Leedsu sta\u010dil jeden p\u0159esn\u00fd z\u00e1sah kapit\u00e1na S\u00e9amuse Colemana.\u00a0","og_url":"https:\/\/evertonfc.cz\/index.php\/2023\/02\/19\/everton-leeds-united-10\/","og_site_name":"Official Czech &amp; Slovak Everton Supporters&#039; Club","article_publisher":"https:\/\/www.facebook.com\/everton.fans.cz.sk","article_published_time":"2023-02-19T12:38:23+00:00","article_modified_time":"2023-02-21T20:01:06+00:00","og_image":[{"width":720,"height":405,"url":"https:\/\/evertonfc.cz\/wp-content\/uploads\/2023\/02\/Everton-1-0-Leeds-18-02-2023.jpg","type":"image\/jpeg"}],"author":"Petr","twitter_card":"summary_large_image","twitter_misc":{"Napsal(a)":"Petr","Odhadovan\u00e1 doba \u010dten\u00ed":"4 minuty"},"schema":{"@context":"https:\/\/schema.org","@graph":[{"@type":"Article","@id":"https:\/\/evertonfc.cz\/index.php\/2023\/02\/19\/everton-leeds-united-10\/#article","isPartOf":{"@id":"https:\/\/evertonfc.cz\/index.php\/2023\/02\/19\/everton-leeds-united-10\/"},"author":{"name":"Petr","@id":"https:\/\/evertonfc.cz\/#\/schema\/person\/5b54d20cd919070efc6fd6f92621fc50"},"headline":"Everton &#8211; Leeds United 1:0","datePublished":"2023-02-19T12:38:23+00:00","dateModified":"2023-02-21T20:01:06+00:00","mainEntityOfPage":{"@id":"https:\/\/evertonfc.cz\/index.php\/2023\/02\/19\/everton-leeds-united-10\/"},"wordCount":816,"commentCount":16,"publisher":{"@id":"https:\/\/evertonfc.cz\/#organization"},"image":{"@id":"https:\/\/evertonfc.cz\/index.php\/2023\/02\/19\/everton-leeds-united-10\/#primaryimage"},"thumbnailUrl":"https:\/\/evertonfc.cz\/wp-content\/uploads\/2023\/02\/Everton-1-0-Leeds-18-02-2023.jpg","articleSection":["Z\u00e1pasy"],"inLanguage":"cs","potentialAction":[{"@type":"CommentAction","name":"Comment","target":["https:\/\/evertonfc.cz\/index.php\/2023\/02\/19\/everton-leeds-united-10\/#respond"]}]},{"@type":"WebPage","@id":"https:\/\/evertonfc.cz\/index.php\/2023\/02\/19\/everton-leeds-united-10\/","url":"https:\/\/evertonfc.cz\/index.php\/2023\/02\/19\/everton-leeds-united-10\/","name":"Everton - Leeds United 1:0 - Official Czech &amp; Slovak Everton Supporters&#039; Club","isPartOf":{"@id":"https:\/\/evertonfc.cz\/#website"},"primaryImageOfPage":{"@id":"https:\/\/evertonfc.cz\/index.php\/2023\/02\/19\/everton-leeds-united-10\/#primaryimage"},"image":{"@id":"https:\/\/evertonfc.cz\/index.php\/2023\/02\/19\/everton-leeds-united-10\/#primaryimage"},"thumbnailUrl":"https:\/\/evertonfc.cz\/wp-content\/uploads\/2023\/02\/Everton-1-0-Leeds-18-02-2023.jpg","datePublished":"2023-02-19T12:38:23+00:00","dateModified":"2023-02-21T20:01:06+00:00","breadcrumb":{"@id":"https:\/\/evertonfc.cz\/index.php\/2023\/02\/19\/everton-leeds-united-10\/#breadcrumb"},"inLanguage":"cs","potentialAction":[{"@type":"ReadAction","target":["https:\/\/evertonfc.cz\/index.php\/2023\/02\/19\/everton-leeds-united-10\/"]}]},{"@type":"ImageObject","inLanguage":"cs","@id":"https:\/\/evertonfc.cz\/index.php\/2023\/02\/19\/everton-leeds-united-10\/#primaryimage","url":"https:\/\/evertonfc.cz\/wp-content\/uploads\/2023\/02\/Everton-1-0-Leeds-18-02-2023.jpg","contentUrl":"https:\/\/evertonfc.cz\/wp-content\/uploads\/2023\/02\/Everton-1-0-Leeds-18-02-2023.jpg","width":720,"height":405},{"@type":"BreadcrumbList","@id":"https:\/\/evertonfc.cz\/index.php\/2023\/02\/19\/everton-leeds-united-10\/#breadcrumb","itemListElement":[{"@type":"ListItem","position":1,"name":"Home","item":"https:\/\/evertonfc.cz\/"},{"@type":"ListItem","position":2,"name":"Everton &#8211; Leeds United 1:0"}]},{"@type":"WebSite","@id":"https:\/\/evertonfc.cz\/#website","url":"https:\/\/evertonfc.cz\/","name":"Official Czech &amp; Slovak Everton Supporters&#039; Club","description":"","publisher":{"@id":"https:\/\/evertonfc.cz\/#organization"},"potentialAction":[{"@type":"SearchAction","target":{"@type":"EntryPoint","urlTemplate":"https:\/\/evertonfc.cz\/?s={search_term_string}"},"query-input":{"@type":"PropertyValueSpecification","valueRequired":true,"valueName":"search_term_string"}}],"inLanguage":"cs"},{"@type":"Organization","@id":"https:\/\/evertonfc.cz\/#organization","name":"Official Czech & Slovak Everton Supporters' Club","url":"https:\/\/evertonfc.cz\/","logo":{"@type":"ImageObject","inLanguage":"cs","@id":"https:\/\/evertonfc.cz\/#\/schema\/logo\/image\/","url":"https:\/\/evertonfc.cz\/wp-content\/uploads\/2019\/05\/logo.png","contentUrl":"https:\/\/evertonfc.cz\/wp-content\/uploads\/2019\/05\/logo.png","width":112,"height":112,"caption":"Official Czech & Slovak Everton Supporters' Club"},"image":{"@id":"https:\/\/evertonfc.cz\/#\/schema\/logo\/image\/"},"sameAs":["https:\/\/www.facebook.com\/everton.fans.cz.sk"]},{"@type":"Person","@id":"https:\/\/evertonfc.cz\/#\/schema\/person\/5b54d20cd919070efc6fd6f92621fc50","name":"Petr","url":"https:\/\/evertonfc.cz\/index.php\/author\/petr\/"}]}},"_links":{"self":[{"href":"https:\/\/evertonfc.cz\/index.php\/wp-json\/wp\/v2\/posts\/21044"}],"collection":[{"href":"https:\/\/evertonfc.cz\/index.php\/wp-json\/wp\/v2\/posts"}],"about":[{"href":"https:\/\/evertonfc.cz\/index.php\/wp-json\/wp\/v2\/types\/post"}],"author":[{"embeddable":true,"href":"https:\/\/evertonfc.cz\/index.php\/wp-json\/wp\/v2\/users\/562"}],"replies":[{"embeddable":true,"href":"https:\/\/evertonfc.cz\/index.php\/wp-json\/wp\/v2\/comments?post=21044"}],"version-history":[{"count":9,"href":"https:\/\/evertonfc.cz\/index.php\/wp-json\/wp\/v2\/posts\/21044\/revisions"}],"predecessor-version":[{"id":21071,"href":"https:\/\/evertonfc.cz\/index.php\/wp-json\/wp\/v2\/posts\/21044\/revisions\/21071"}],"wp:featuredmedia":[{"embeddable":true,"href":"https:\/\/evertonfc.cz\/index.php\/wp-json\/wp\/v2\/media\/21043"}],"wp:attachment":[{"href":"https:\/\/evertonfc.cz\/index.php\/wp-json\/wp\/v2\/media?parent=21044"}],"wp:term":[{"taxonomy":"category","embeddable":true,"href":"https:\/\/evertonfc.cz\/index.php\/wp-json\/wp\/v2\/categories?post=21044"},{"taxonomy":"post_tag","embeddable":true,"href":"https:\/\/evertonfc.cz\/index.php\/wp-json\/wp\/v2\/tags?post=21044"}],"curies":[{"name":"wp","href":"https:\/\/api.w.org\/{rel}","templated":true}]}}