{"id":21083,"date":"2023-02-24T17:48:57","date_gmt":"2023-02-24T16:48:57","guid":{"rendered":"https:\/\/evertonfc.cz\/?p=21083"},"modified":"2023-02-24T17:55:06","modified_gmt":"2023-02-24T16:55:06","slug":"pickford-predlzil-do-2027","status":"publish","type":"post","link":"https:\/\/evertonfc.cz\/index.php\/2023\/02\/24\/pickford-predlzil-do-2027\/","title":{"rendered":"Pickford pred\u013a\u017eil do 2027"},"content":{"rendered":"<h4>Dlhoro\u010dn\u00e1 brank\u00e1rska jednotka Evertonu i anglickej reprezent\u00e1cie sa dohodla na novej zmluve, ktor\u00e1 by ju mala udr\u017ea\u0165 v Goodison Parku e\u0161te \u010fal\u0161ieho \u0161tyri a pol roka.<\/h4>\n<p>Po\u010das svojho p\u00f4sobenia v Evertone sa Jordan Pickford vypracoval na jedn\u00e9ho z najlep\u0161\u00edch svetov\u00fdch brank\u00e1rov. Etabloval sa dokonca ako prv\u00e1 vo\u013eba pre str\u00e1\u017ecu sv\u00e4tyne Troch Levov. Ob\u013e\u00faben\u00fdm pre klub a krajinu sa stal v\u010faka svojim konzistentn\u00fdm a vysokokvalitn\u00fdm v\u00fdkonom, bezkonkuren\u010dn\u00fdm reflexom a skvelou hrou s loptou. Po podpise zopakoval tie\u017e svoju t\u00fa\u017ebu zanecha\u0165 v klube vlastn\u00fd odkaz. Ten tvor\u00ed u\u017e od leta 2017, kedy prest\u00fapil za rekordn\u00fa sumu pre brank\u00e1ra zo zost\u00fapen\u00e9ho Sunderlandu.<\/p>\n<h4><strong>Pickford po podpise zmluvy:<\/strong><\/h4>\n<blockquote><p><span style=\"font-size: 12pt;\"><em>\u201ePodp\u00edsa\u0165 nov\u00fa zmluvu v takom \u0161peci\u00e1lnom klube je pre m\u0148a obrovsk\u00e9. Podpora, ktor\u00fa som mal od v\u0161etk\u00fdch v klube, odkedy som ako 22-ro\u010dn\u00fd sem prest\u00fapil, bola pre moju rodinu a m\u0148a ve\u013emi d\u00f4le\u017eit\u00e1. Som tu \u0161\u0165astn\u00fd a moja rodina tie\u017e. V Evertone to milujeme. Je obrovsk\u00fd klub. Posledn\u00fdch p\u00e1r sez\u00f3n nebolo to, \u010do sme chceli. Ale teraz m\u00e1me mana\u017e\u00e9ra, o ktorom ver\u00edm, \u017ee n\u00e1s nasmeruje spr\u00e1vnym smerom a posunie n\u00e1s hore v tabu\u013eke. Ur\u010dite je moj\u00edm cie\u013eom by\u0165 \u00faspe\u0161n\u00fd v tomto klube. Chcem len na\u010falej tvrdo pracova\u0165 a pod\u00e1va\u0165 v\u00fdkony pre Everton. Vieme, \u017ee moment\u00e1lne sme v lige v \u0165a\u017ekej situ\u00e1cii. Ale chcem pom\u00f4c\u0165 t\u00edmu zlep\u0161i\u0165 sa v tejto sez\u00f3ne a potom sa zamera\u0165 na \u00faspech v bud\u00facnosti, \u010do bude zah\u0155\u0148a\u0165 hranie na na\u0161om novom \u0161tadi\u00f3ne. T\u00e1to zmluva ma vezme na viac ako 10 rokov v klube, a chcem tu vybudova\u0165 dedi\u010dstvo, ak\u00e9 tu zanechal Neville Southall, aby som bol jedn\u00fdm z najlep\u0161\u00edch brank\u00e1rov, ktor\u00ed hrali za Everton.\u201c<\/em><\/span><\/p><\/blockquote>\n<p>28-ro\u010dn\u00fd hr\u00e1\u010d sa v\u010faka prvotriednym v\u00fdkonom za posledn\u00e9 sez\u00f3nu stal najlep\u0161\u00edm hr\u00e1\u010dom Karameliek pre ro\u010dn\u00edk 2021\/22. T\u00fato cenu z\u00edskal aj v sez\u00f3ne 2017\/18. Vtedy nazbieral ocenenia aj za hr\u00e1\u010da hr\u00e1\u010dov a najlep\u0161\u00edch mlad\u00fdch hr\u00e1\u010dov. M\u00e1 na konte 50 z\u00e1pasov za Anglicko. A v\u0161etky odohral po\u010das svojho p\u00f4sobenia v Evertone. Svoju krajinu doviedol do semifin\u00e1le majstrovstiev sveta a fin\u00e1le majstrovstiev Eur\u00f3py. Renomovan\u00fd brank\u00e1r s vynikaj\u00facou distrib\u00faciou debutoval v Premier Leage za Sunderland v janu\u00e1ri 2016. Predt\u00fdm bol na hos\u0165ovaniach v Darlingtone, Alfreton Town, Burton Albion, Carlisle United, Bradford City a Preston North End.<\/p>\n<h4><strong>Kevin Thelwell, \u0161portov\u00fd riadite\u013e:<\/strong><\/h4>\n<blockquote><p><span style=\"font-size: 12pt;\"><em>\u201eJordan je jedn\u00fdm z najlep\u0161\u00edch brank\u00e1rov svetov\u00e9ho futbalu, tak\u017ee je pre n\u00e1s v\u00fdznamnou vzpruhou, \u017ee hr\u00e1\u010d jeho kval\u00edt a talentu zaviazal klubu svoju dlhodob\u00fa bud\u00facnos\u0165. V priebehu mnoh\u00fdch rokov dok\u00e1zal, \u017ee je prvotriednym hr\u00e1\u010dom Evertonu a Anglicka. A jeho pr\u00edstup, zameranie a vodcovstvo s\u00fa na\u010falej pr\u00edkladn\u00e9. Od podp\u00edsania zmluvy v roku 2017 si n\u00e1\u0161 predseda (Kenwright) vybudoval siln\u00fd vz\u0165ah s Jordanom a jeho z\u00e1stupcami, \u010do zohralo ve\u013ek\u00fa a d\u00f4le\u017eit\u00fa \u00falohu v tom, \u017ee sme t\u00fato nov\u00fa zmluvu dohodli. Som si ist\u00fd, \u017ee ka\u017ed\u00fd Evertonian bude r\u00e1d, ke\u010f si vypo\u010duje t\u00fato spr\u00e1vu, a bude nad\u0161en\u00fd, \u017ee Jordan zost\u00e1va neoddelite\u013enou s\u00fa\u010das\u0165ou n\u00e1\u0161ho pl\u00e1nu posun\u00fa\u0165 Everton vpred.\u201c<\/em><\/span><\/p><\/blockquote>\n<p style=\"text-align: right;\"><span style=\"font-size: 8pt;\">(fotozdroj: evertonfc.com)<\/span><\/p>\n","protected":false},"excerpt":{"rendered":"<p>Dlhoro\u010dn\u00e1 brank\u00e1rska jednotka Evertonu i\u00a0anglickej reprezent\u00e1cie sa dohodla na novej zmluve, ktor\u00e1 by ju mala udr\u017ea\u0165 v\u00a0Goodison Parku e\u0161te \u010fal\u0161ieho \u0161tyri a pol roka.<\/p>\n","protected":false},"author":1,"featured_media":21086,"comment_status":"open","ping_status":"closed","sticky":false,"template":"","format":"standard","meta":{"_eb_attr":"","_monsterinsights_skip_tracking":false,"_monsterinsights_sitenote_active":false,"_monsterinsights_sitenote_note":"","_monsterinsights_sitenote_category":0,"footnotes":""},"categories":[42],"tags":[],"yoast_head":"<!-- This site is optimized with the Yoast SEO plugin v23.4 - https:\/\/yoast.com\/wordpress\/plugins\/seo\/ -->\n<title>Pickford pred\u013a\u017eil do 2027 - Official Czech &amp; Slovak Everton Supporters&#039; Club<\/title>\n<meta name=\"robots\" content=\"index, follow, max-snippet:-1, max-image-preview:large, max-video-preview:-1\" \/>\n<link rel=\"canonical\" href=\"https:\/\/evertonfc.cz\/index.php\/2023\/02\/24\/pickford-predlzil-do-2027\/\" \/>\n<meta property=\"og:locale\" content=\"cs_CZ\" \/>\n<meta property=\"og:type\" content=\"article\" \/>\n<meta property=\"og:title\" content=\"Pickford pred\u013a\u017eil do 2027 - Official Czech &amp; Slovak Everton Supporters&#039; Club\" \/>\n<meta property=\"og:description\" content=\"Dlhoro\u010dn\u00e1 brank\u00e1rska jednotka Evertonu i\u00a0anglickej reprezent\u00e1cie sa dohodla na novej zmluve, ktor\u00e1 by ju mala udr\u017ea\u0165 v\u00a0Goodison Parku e\u0161te \u010fal\u0161ieho \u0161tyri a pol roka.\" \/>\n<meta property=\"og:url\" content=\"https:\/\/evertonfc.cz\/index.php\/2023\/02\/24\/pickford-predlzil-do-2027\/\" \/>\n<meta property=\"og:site_name\" content=\"Official Czech &amp; Slovak Everton Supporters&#039; Club\" \/>\n<meta property=\"article:publisher\" content=\"https:\/\/www.facebook.com\/everton.fans.cz.sk\" \/>\n<meta property=\"article:published_time\" content=\"2023-02-24T16:48:57+00:00\" \/>\n<meta property=\"article:modified_time\" content=\"2023-02-24T16:55:06+00:00\" \/>\n<meta property=\"og:image\" content=\"https:\/\/evertonfc.cz\/wp-content\/uploads\/2023\/02\/Pickford-new-deal-by-evertonfc.com-23-2-23.jpg\" \/>\n\t<meta property=\"og:image:width\" content=\"720\" \/>\n\t<meta property=\"og:image:height\" content=\"405\" \/>\n\t<meta property=\"og:image:type\" content=\"image\/jpeg\" \/>\n<meta name=\"author\" content=\"BlueBlooded\" \/>\n<meta name=\"twitter:card\" content=\"summary_large_image\" \/>\n<meta name=\"twitter:label1\" content=\"Napsal(a)\" \/>\n\t<meta name=\"twitter:data1\" content=\"BlueBlooded\" \/>\n\t<meta name=\"twitter:label2\" content=\"Odhadovan\u00e1 doba \u010dten\u00ed\" \/>\n\t<meta name=\"twitter:data2\" content=\"3 minuty\" \/>\n<script type=\"application\/ld+json\" class=\"yoast-schema-graph\">{\"@context\":\"https:\/\/schema.org\",\"@graph\":[{\"@type\":\"Article\",\"@id\":\"https:\/\/evertonfc.cz\/index.php\/2023\/02\/24\/pickford-predlzil-do-2027\/#article\",\"isPartOf\":{\"@id\":\"https:\/\/evertonfc.cz\/index.php\/2023\/02\/24\/pickford-predlzil-do-2027\/\"},\"author\":{\"name\":\"BlueBlooded\",\"@id\":\"https:\/\/evertonfc.cz\/#\/schema\/person\/d4493b8cbea51532597fbc4685698916\"},\"headline\":\"Pickford pred\u013a\u017eil do 2027\",\"datePublished\":\"2023-02-24T16:48:57+00:00\",\"dateModified\":\"2023-02-24T16:55:06+00:00\",\"mainEntityOfPage\":{\"@id\":\"https:\/\/evertonfc.cz\/index.php\/2023\/02\/24\/pickford-predlzil-do-2027\/\"},\"wordCount\":596,\"commentCount\":3,\"publisher\":{\"@id\":\"https:\/\/evertonfc.cz\/#organization\"},\"image\":{\"@id\":\"https:\/\/evertonfc.cz\/index.php\/2023\/02\/24\/pickford-predlzil-do-2027\/#primaryimage\"},\"thumbnailUrl\":\"https:\/\/evertonfc.cz\/wp-content\/uploads\/2023\/02\/Pickford-new-deal-by-evertonfc.com-23-2-23.jpg\",\"articleSection\":[\"Aktuality\"],\"inLanguage\":\"cs\",\"potentialAction\":[{\"@type\":\"CommentAction\",\"name\":\"Comment\",\"target\":[\"https:\/\/evertonfc.cz\/index.php\/2023\/02\/24\/pickford-predlzil-do-2027\/#respond\"]}]},{\"@type\":\"WebPage\",\"@id\":\"https:\/\/evertonfc.cz\/index.php\/2023\/02\/24\/pickford-predlzil-do-2027\/\",\"url\":\"https:\/\/evertonfc.cz\/index.php\/2023\/02\/24\/pickford-predlzil-do-2027\/\",\"name\":\"Pickford pred\u013a\u017eil do 2027 - Official Czech &amp; Slovak Everton Supporters&#039; Club\",\"isPartOf\":{\"@id\":\"https:\/\/evertonfc.cz\/#website\"},\"primaryImageOfPage\":{\"@id\":\"https:\/\/evertonfc.cz\/index.php\/2023\/02\/24\/pickford-predlzil-do-2027\/#primaryimage\"},\"image\":{\"@id\":\"https:\/\/evertonfc.cz\/index.php\/2023\/02\/24\/pickford-predlzil-do-2027\/#primaryimage\"},\"thumbnailUrl\":\"https:\/\/evertonfc.cz\/wp-content\/uploads\/2023\/02\/Pickford-new-deal-by-evertonfc.com-23-2-23.jpg\",\"datePublished\":\"2023-02-24T16:48:57+00:00\",\"dateModified\":\"2023-02-24T16:55:06+00:00\",\"breadcrumb\":{\"@id\":\"https:\/\/evertonfc.cz\/index.php\/2023\/02\/24\/pickford-predlzil-do-2027\/#breadcrumb\"},\"inLanguage\":\"cs\",\"potentialAction\":[{\"@type\":\"ReadAction\",\"target\":[\"https:\/\/evertonfc.cz\/index.php\/2023\/02\/24\/pickford-predlzil-do-2027\/\"]}]},{\"@type\":\"ImageObject\",\"inLanguage\":\"cs\",\"@id\":\"https:\/\/evertonfc.cz\/index.php\/2023\/02\/24\/pickford-predlzil-do-2027\/#primaryimage\",\"url\":\"https:\/\/evertonfc.cz\/wp-content\/uploads\/2023\/02\/Pickford-new-deal-by-evertonfc.com-23-2-23.jpg\",\"contentUrl\":\"https:\/\/evertonfc.cz\/wp-content\/uploads\/2023\/02\/Pickford-new-deal-by-evertonfc.com-23-2-23.jpg\",\"width\":720,\"height\":405},{\"@type\":\"BreadcrumbList\",\"@id\":\"https:\/\/evertonfc.cz\/index.php\/2023\/02\/24\/pickford-predlzil-do-2027\/#breadcrumb\",\"itemListElement\":[{\"@type\":\"ListItem\",\"position\":1,\"name\":\"Home\",\"item\":\"https:\/\/evertonfc.cz\/\"},{\"@type\":\"ListItem\",\"position\":2,\"name\":\"Pickford pred\u013a\u017eil do 2027\"}]},{\"@type\":\"WebSite\",\"@id\":\"https:\/\/evertonfc.cz\/#website\",\"url\":\"https:\/\/evertonfc.cz\/\",\"name\":\"Official Czech &amp; Slovak Everton Supporters&#039; Club\",\"description\":\"\",\"publisher\":{\"@id\":\"https:\/\/evertonfc.cz\/#organization\"},\"potentialAction\":[{\"@type\":\"SearchAction\",\"target\":{\"@type\":\"EntryPoint\",\"urlTemplate\":\"https:\/\/evertonfc.cz\/?s={search_term_string}\"},\"query-input\":{\"@type\":\"PropertyValueSpecification\",\"valueRequired\":true,\"valueName\":\"search_term_string\"}}],\"inLanguage\":\"cs\"},{\"@type\":\"Organization\",\"@id\":\"https:\/\/evertonfc.cz\/#organization\",\"name\":\"Official Czech & Slovak Everton Supporters' Club\",\"url\":\"https:\/\/evertonfc.cz\/\",\"logo\":{\"@type\":\"ImageObject\",\"inLanguage\":\"cs\",\"@id\":\"https:\/\/evertonfc.cz\/#\/schema\/logo\/image\/\",\"url\":\"https:\/\/evertonfc.cz\/wp-content\/uploads\/2019\/05\/logo.png\",\"contentUrl\":\"https:\/\/evertonfc.cz\/wp-content\/uploads\/2019\/05\/logo.png\",\"width\":112,\"height\":112,\"caption\":\"Official Czech & Slovak Everton Supporters' Club\"},\"image\":{\"@id\":\"https:\/\/evertonfc.cz\/#\/schema\/logo\/image\/\"},\"sameAs\":[\"https:\/\/www.facebook.com\/everton.fans.cz.sk\"]},{\"@type\":\"Person\",\"@id\":\"https:\/\/evertonfc.cz\/#\/schema\/person\/d4493b8cbea51532597fbc4685698916\",\"name\":\"BlueBlooded\",\"url\":\"https:\/\/evertonfc.cz\/index.php\/author\/admin\/\"}]}<\/script>\n<!-- \/ Yoast SEO plugin. -->","yoast_head_json":{"title":"Pickford pred\u013a\u017eil do 2027 - Official Czech &amp; Slovak Everton Supporters&#039; Club","robots":{"index":"index","follow":"follow","max-snippet":"max-snippet:-1","max-image-preview":"max-image-preview:large","max-video-preview":"max-video-preview:-1"},"canonical":"https:\/\/evertonfc.cz\/index.php\/2023\/02\/24\/pickford-predlzil-do-2027\/","og_locale":"cs_CZ","og_type":"article","og_title":"Pickford pred\u013a\u017eil do 2027 - Official Czech &amp; Slovak Everton Supporters&#039; Club","og_description":"Dlhoro\u010dn\u00e1 brank\u00e1rska jednotka Evertonu i\u00a0anglickej reprezent\u00e1cie sa dohodla na novej zmluve, ktor\u00e1 by ju mala udr\u017ea\u0165 v\u00a0Goodison Parku e\u0161te \u010fal\u0161ieho \u0161tyri a pol roka.","og_url":"https:\/\/evertonfc.cz\/index.php\/2023\/02\/24\/pickford-predlzil-do-2027\/","og_site_name":"Official Czech &amp; Slovak Everton Supporters&#039; Club","article_publisher":"https:\/\/www.facebook.com\/everton.fans.cz.sk","article_published_time":"2023-02-24T16:48:57+00:00","article_modified_time":"2023-02-24T16:55:06+00:00","og_image":[{"width":720,"height":405,"url":"https:\/\/evertonfc.cz\/wp-content\/uploads\/2023\/02\/Pickford-new-deal-by-evertonfc.com-23-2-23.jpg","type":"image\/jpeg"}],"author":"BlueBlooded","twitter_card":"summary_large_image","twitter_misc":{"Napsal(a)":"BlueBlooded","Odhadovan\u00e1 doba \u010dten\u00ed":"3 minuty"},"schema":{"@context":"https:\/\/schema.org","@graph":[{"@type":"Article","@id":"https:\/\/evertonfc.cz\/index.php\/2023\/02\/24\/pickford-predlzil-do-2027\/#article","isPartOf":{"@id":"https:\/\/evertonfc.cz\/index.php\/2023\/02\/24\/pickford-predlzil-do-2027\/"},"author":{"name":"BlueBlooded","@id":"https:\/\/evertonfc.cz\/#\/schema\/person\/d4493b8cbea51532597fbc4685698916"},"headline":"Pickford pred\u013a\u017eil do 2027","datePublished":"2023-02-24T16:48:57+00:00","dateModified":"2023-02-24T16:55:06+00:00","mainEntityOfPage":{"@id":"https:\/\/evertonfc.cz\/index.php\/2023\/02\/24\/pickford-predlzil-do-2027\/"},"wordCount":596,"commentCount":3,"publisher":{"@id":"https:\/\/evertonfc.cz\/#organization"},"image":{"@id":"https:\/\/evertonfc.cz\/index.php\/2023\/02\/24\/pickford-predlzil-do-2027\/#primaryimage"},"thumbnailUrl":"https:\/\/evertonfc.cz\/wp-content\/uploads\/2023\/02\/Pickford-new-deal-by-evertonfc.com-23-2-23.jpg","articleSection":["Aktuality"],"inLanguage":"cs","potentialAction":[{"@type":"CommentAction","name":"Comment","target":["https:\/\/evertonfc.cz\/index.php\/2023\/02\/24\/pickford-predlzil-do-2027\/#respond"]}]},{"@type":"WebPage","@id":"https:\/\/evertonfc.cz\/index.php\/2023\/02\/24\/pickford-predlzil-do-2027\/","url":"https:\/\/evertonfc.cz\/index.php\/2023\/02\/24\/pickford-predlzil-do-2027\/","name":"Pickford pred\u013a\u017eil do 2027 - Official Czech &amp; Slovak Everton Supporters&#039; Club","isPartOf":{"@id":"https:\/\/evertonfc.cz\/#website"},"primaryImageOfPage":{"@id":"https:\/\/evertonfc.cz\/index.php\/2023\/02\/24\/pickford-predlzil-do-2027\/#primaryimage"},"image":{"@id":"https:\/\/evertonfc.cz\/index.php\/2023\/02\/24\/pickford-predlzil-do-2027\/#primaryimage"},"thumbnailUrl":"https:\/\/evertonfc.cz\/wp-content\/uploads\/2023\/02\/Pickford-new-deal-by-evertonfc.com-23-2-23.jpg","datePublished":"2023-02-24T16:48:57+00:00","dateModified":"2023-02-24T16:55:06+00:00","breadcrumb":{"@id":"https:\/\/evertonfc.cz\/index.php\/2023\/02\/24\/pickford-predlzil-do-2027\/#breadcrumb"},"inLanguage":"cs","potentialAction":[{"@type":"ReadAction","target":["https:\/\/evertonfc.cz\/index.php\/2023\/02\/24\/pickford-predlzil-do-2027\/"]}]},{"@type":"ImageObject","inLanguage":"cs","@id":"https:\/\/evertonfc.cz\/index.php\/2023\/02\/24\/pickford-predlzil-do-2027\/#primaryimage","url":"https:\/\/evertonfc.cz\/wp-content\/uploads\/2023\/02\/Pickford-new-deal-by-evertonfc.com-23-2-23.jpg","contentUrl":"https:\/\/evertonfc.cz\/wp-content\/uploads\/2023\/02\/Pickford-new-deal-by-evertonfc.com-23-2-23.jpg","width":720,"height":405},{"@type":"BreadcrumbList","@id":"https:\/\/evertonfc.cz\/index.php\/2023\/02\/24\/pickford-predlzil-do-2027\/#breadcrumb","itemListElement":[{"@type":"ListItem","position":1,"name":"Home","item":"https:\/\/evertonfc.cz\/"},{"@type":"ListItem","position":2,"name":"Pickford pred\u013a\u017eil do 2027"}]},{"@type":"WebSite","@id":"https:\/\/evertonfc.cz\/#website","url":"https:\/\/evertonfc.cz\/","name":"Official Czech &amp; Slovak Everton Supporters&#039; Club","description":"","publisher":{"@id":"https:\/\/evertonfc.cz\/#organization"},"potentialAction":[{"@type":"SearchAction","target":{"@type":"EntryPoint","urlTemplate":"https:\/\/evertonfc.cz\/?s={search_term_string}"},"query-input":{"@type":"PropertyValueSpecification","valueRequired":true,"valueName":"search_term_string"}}],"inLanguage":"cs"},{"@type":"Organization","@id":"https:\/\/evertonfc.cz\/#organization","name":"Official Czech & Slovak Everton Supporters' Club","url":"https:\/\/evertonfc.cz\/","logo":{"@type":"ImageObject","inLanguage":"cs","@id":"https:\/\/evertonfc.cz\/#\/schema\/logo\/image\/","url":"https:\/\/evertonfc.cz\/wp-content\/uploads\/2019\/05\/logo.png","contentUrl":"https:\/\/evertonfc.cz\/wp-content\/uploads\/2019\/05\/logo.png","width":112,"height":112,"caption":"Official Czech & Slovak Everton Supporters' Club"},"image":{"@id":"https:\/\/evertonfc.cz\/#\/schema\/logo\/image\/"},"sameAs":["https:\/\/www.facebook.com\/everton.fans.cz.sk"]},{"@type":"Person","@id":"https:\/\/evertonfc.cz\/#\/schema\/person\/d4493b8cbea51532597fbc4685698916","name":"BlueBlooded","url":"https:\/\/evertonfc.cz\/index.php\/author\/admin\/"}]}},"_links":{"self":[{"href":"https:\/\/evertonfc.cz\/index.php\/wp-json\/wp\/v2\/posts\/21083"}],"collection":[{"href":"https:\/\/evertonfc.cz\/index.php\/wp-json\/wp\/v2\/posts"}],"about":[{"href":"https:\/\/evertonfc.cz\/index.php\/wp-json\/wp\/v2\/types\/post"}],"author":[{"embeddable":true,"href":"https:\/\/evertonfc.cz\/index.php\/wp-json\/wp\/v2\/users\/1"}],"replies":[{"embeddable":true,"href":"https:\/\/evertonfc.cz\/index.php\/wp-json\/wp\/v2\/comments?post=21083"}],"version-history":[{"count":4,"href":"https:\/\/evertonfc.cz\/index.php\/wp-json\/wp\/v2\/posts\/21083\/revisions"}],"predecessor-version":[{"id":21088,"href":"https:\/\/evertonfc.cz\/index.php\/wp-json\/wp\/v2\/posts\/21083\/revisions\/21088"}],"wp:featuredmedia":[{"embeddable":true,"href":"https:\/\/evertonfc.cz\/index.php\/wp-json\/wp\/v2\/media\/21086"}],"wp:attachment":[{"href":"https:\/\/evertonfc.cz\/index.php\/wp-json\/wp\/v2\/media?parent=21083"}],"wp:term":[{"taxonomy":"category","embeddable":true,"href":"https:\/\/evertonfc.cz\/index.php\/wp-json\/wp\/v2\/categories?post=21083"},{"taxonomy":"post_tag","embeddable":true,"href":"https:\/\/evertonfc.cz\/index.php\/wp-json\/wp\/v2\/tags?post=21083"}],"curies":[{"name":"wp","href":"https:\/\/api.w.org\/{rel}","templated":true}]}}