{"id":21090,"date":"2023-02-25T13:54:44","date_gmt":"2023-02-25T12:54:44","guid":{"rendered":"https:\/\/evertonfc.cz\/?p=21090"},"modified":"2023-02-25T14:53:12","modified_gmt":"2023-02-25T13:53:12","slug":"preview-everton-aston-villa-10","status":"publish","type":"post","link":"https:\/\/evertonfc.cz\/index.php\/2023\/02\/25\/preview-everton-aston-villa-10\/","title":{"rendered":"Preview: Everton &#8211; Aston Villa"},"content":{"rendered":"<h4>Sean Dyche a jeho soukmenovci se s podporou lidu na Goodison Parku pokus\u00ed dot\u00e1hnout v\u00edt\u011bzn\u00fd \u00fanor do konce. Doma se poda\u0159ilo zat\u00edm zv\u00edt\u011bzit v obou z\u00e1pasech a t\u0159et\u00ed v\u00fdhra by byla v\u00edtan\u00fdm p\u0159ilep\u0161en\u00edm v boji o z\u00e1chranu v lize.<\/h4>\n<p>Omluvte tuto historickou aluzi, mo\u017en\u00e1 sice nep\u0159\u00edjemnou, ale st\u00e1le sou\u010d\u00e1st \u010deskoslovensk\u00fdch d\u011bjin. M\u016f\u017eeme k tomu p\u0159idat drobnou podobnost s nep\u0159\u00edtomn\u00fdm, vystra\u0161en\u00fdm klubov\u00fdm veden\u00edm, ale dosti ji\u017e, fotbal nen\u00ed politika. Sean Dyche taky nen\u00ed \u017e\u00e1dn\u00fd revolucion\u00e1\u0159, s\u00e1m na tiskovce mluvil o sv\u00e9 snaze sm\u00ed\u0159it fanou\u0161ky s veden\u00edm, obnovit rozbit\u00e9 vztahy. Podobn\u011b Kevin Thelwell zd\u016fraz\u0148oval roli Billa Kenwrighta p\u0159i prolongaci smlouvy Jordana Pickforda.<\/p>\n<p>Samoz\u0159ejm\u011b do\u0161lo i na slova ohledn\u011b rekonvalescent\u016f. Nejbl\u00ed\u017ee n\u00e1vratu je James Garner, ale jeho cesta do t\u00fdmu bude n\u00e1ro\u010dn\u00e1. Del\u0161\u00ed dobu nebudou tak\u00e9 DCL a Patterson, kter\u00fd se mus\u00ed ot\u0159epat z dal\u0161\u00ed komplikace po z\u00e1pase za rezervn\u00ed t\u00fdm. Dlouhodob\u011b se l\u00ed\u017ee ze zran\u011bn\u00ed Andros Townsend a na z\u00e1v\u011br t\u00e9to kapitolky je t\u0159eba zm\u00ednit, \u017ee Yerry Minovi se nic nep\u0159ihodilo a je v po\u0159\u00e1dku.<\/p>\n<h4>Na druh\u00e9 stran\u011b barik\u00e1dy<\/h4>\n<p>Villans, druh\u00e1 slo\u017eka nejhran\u011bj\u0161\u00edho ligov\u00e9ho duelu, pro\u0161li na rozd\u00edl od Evertonu regenera\u010dn\u00ed k\u00farou Championshipu. Mnoho prost\u0159edk\u016f do jejich hospoda\u0159en\u00ed nateklo kv\u016fli prodeji Jacka Grealishe, p\u0159evzali proto spolu s dal\u0161\u00edmi roli \u010dern\u00e9ho kon\u011b sout\u011b\u017ee od Evertonu a nejen to, i ho\u0159ce sn\u00e1\u0161en\u00fd p\u0159estup Lucase Digneho.<\/p>\n<p>Poda\u0159ilo se dot\u00e1hnout spoustu dal\u0161\u00edch zaj\u00edmav\u00fdch jmen, jen pohled na jejich ofenz\u00edvu je opravdu p\u016fsobiv\u00fd. Ale jedna v\u011bc je, jak to vypad\u00e1 na pap\u00ed\u0159e a jak to funguje v realit\u011b, o \u010dem\u017e by Toffees mohli vypr\u00e1v\u011bt. S\u00e1zka na mlad\u00e9ho anglick\u00e9ho kou\u010de se nevyplatila, Steve Gerrard se dok\u00e1zal odp\u00e1lit je\u0161t\u011b d\u0159\u00edve ne\u017e jeho rival ze z\u00e1lohy reprezentace Albionu. Po roce tak do\u0161lo na v\u00fdm\u011bnu a kormidla se ujal Unai Emery.<\/p>\n<p>Toho, podobn\u011b jako Gerrarda, vykoupil ambici\u00f3zn\u00ed celek z \u201edruh\u00e9ho m\u011bsta\u201c z b\u011b\u017e\u00edc\u00edho kontraktu. V\u0161echno to za\u010dalo p\u011bknou v\u00fdhrou na United, je\u0161t\u011b v lednu to vypadalo na pomal\u00fd vzestup do horn\u00ed poloviny tabulky. Jen\u017ee v \u00fanoru p\u0159i\u0161ly 3 por\u00e1\u017eky, 2 teda s t\u011bmi nejlep\u0161\u00edmi, ale 11 inkasovan\u00fdch branek je jist\u011b alarmuj\u00edc\u00edch.<\/p>\n<p>K tomu p\u0159i\u010dt\u011bte vy\u0159azen\u00ed v obou poh\u00e1rov\u00fdch sout\u011b\u017e\u00edch, p\u0159i\u010dem\u017e v FA Cupu \u0161lo o sedm\u00e9 po sob\u011b jdouc\u00ed selh\u00e1n\u00ed ve<br \/>\n3. kole. Je\u0161t\u011b k tomu s t\u0159etiligov\u00fdm Stevenage, tedy tristn\u00ed poh\u00e1rov\u00e1 bilance. Jednoho napad\u00e1, koho by museli dostat nalosovan\u00e9ho, aby kletbu prolomili\u2026 Tak \u010di tak, \u00favodn\u00ed vzpruha z nov\u00e9ho kou\u010de je mo\u017en\u00e1 pry\u010d, na druhou stranu Villa dala alespo\u0148 jednu branku ve v\u0161ech 12 z\u00e1pasech pod Emerym.<\/p>\n<p>V lednov\u00e9m obdob\u00ed ne\u0161kudlili a p\u0159ivedli do obrany Alexe Morena z Betisu Sevilla za 13 milion\u016f liber a do \u00fatoku Jhona Dur\u00e1na z Chicaga za skoro 15 milion\u016f liber. Pakoval se Danny Ings, co\u017e je pro n\u00e1s p\u0159ed t\u00edmto z\u00e1pasem dobr\u00e1 zpr\u00e1va. Je\u0161t\u011b posledn\u00ed v\u011bc, marodka je tak\u00e9 vylidn\u011bn\u00e1, chyb\u011bt by m\u011bli pouze Jed Steer a Diego Carlos.<\/p>\n<h4>P\u0159ed vypuknut\u00edm boje<\/h4>\n<p>Sestup a n\u00e1sledn\u00e9 pob\u00fdv\u00e1n\u00ed v Championshipu p\u0159eru\u0161ilo na 3 sez\u00f3ny tento nej\u010dast\u011bj\u0161\u00ed st\u0159et na anglick\u00e9 ligov\u00e9 sc\u00e9n\u011b. Snad jen fanou\u0161ci Villans by n\u00e1m mohli \u0159\u00edci, nakolik byl pobyt v ozdravovn\u011b relaxem a jak n\u00e1ro\u010dn\u00e1 byla odvyka\u010dka od Premier League. Pravdou je, \u017ee od n\u00e1vratu jsme se st\u0159etli 7kr\u00e1t a Aston Villa v t\u011bchto z\u00e1pasech naprosto dominovala, 5kr\u00e1t zv\u00edt\u011bzila a jen dvakr\u00e1t dala Evertonu \u010duchnout k bodu.<\/p>\n<p>D\u00e1 se \u0159\u00edct, \u017ee t\u00edm na svou stranu zvr\u00e1tila i celkovou bilanci, kter\u00e1 je 76-55-78 z pohledu Toffees. M\u016f\u017eeme tedy mluvit o velmi vyrovnan\u00e9m m\u011b\u0159en\u00ed. To se ale ned\u00e1 \u0159\u00edct o pom\u011bru klub\u016f v samotn\u00e9 EPL, proto\u017ee tam je rozd\u00edl markantn\u011bj\u0161\u00ed 13-19-23.<\/p>\n<p>Sean Dyche se tedy pokus\u00ed o t\u0159et\u00ed dom\u00e1c\u00ed triumf od n\u00e1stupu, to se v EPL nepoda\u0159ilo ani takov\u00fdm es\u016fm jako jsou David Moyes, Roberto Mart\u00ednez nebo Carlo Ancelotti. Uvid\u00edme, jestli k tomu bude sta\u010dit op\u011bt jedna branka, Toffees vst\u0159elili naposledy v jednom z\u00e1pase v\u00edce g\u00f3l\u016f v \u0159\u00edjnu proti Palace.<\/p>\n<p>Villa je po t\u0159ech por\u00e1\u017ek\u00e1ch, \u010dtvrt\u00e1 t\u0159\u00edbrankov\u00e1 nad\u00edlka by vyrovnala podobnou \u0161\u0148\u016fru z roku 1966. Unai Emery ve sv\u00e9 kari\u00e9\u0159e st\u00e1le \u010dek\u00e1 na svou \u010dtvrtou por\u00e1\u017eku v \u0159ad\u011b v lize. Dr\u017e\u00edme palce!<\/p>\n<p>Ashley Young, veter\u00e1n v barv\u00e1ch Villy, hr\u00e1l ve sv\u00e9 kari\u00e9\u0159e se Seanem Dychem. Vzhledem k v\u011bkov\u00e9mu rozd\u00edlu h\u00e1d\u00e1m, \u017ee p\u0159i vzpom\u00ednce na matadora se je\u0161t\u011b nyn\u00ed t\u0159ese. A na z\u00e1v\u011br, dnes slav\u00ed 30. narozeniny Connor Coady. P\u0159ejeme v\u0161e nejlep\u0161\u00ed, optim\u00e1ln\u00ed by byla oslava v\u00edt\u011bznou brankou nebo \u010dist\u00fdm kontem. COYB!<\/p>\n<p><strong>Co:<\/strong>\u00a0Everton FC \u2013 Aston Villa FC, 25. kolo Premier League<br \/>\n<strong>Kdy:<\/strong>\u00a0Sobota 25. 2. 2023 od 16:00 SE\u010c<br \/>\n<strong>Kde:<\/strong> Goodison Park \u2013 Goodison Road, Liverpool, L4 4EL (kapacita: 39 572)<br \/>\n<strong>TV:<\/strong>\u00a0CANAL+ Sport 3 stream<br \/>\n<strong>Rozhod\u010d\u00ed:<\/strong> Anthony Taylor\u00a0\u00a0<strong>Postrann\u00ed:<\/strong> Adam Nunn, Adrian Holmes\u00a0\u00a0<strong>\u010ctvrt\u00fd rozhod\u010d\u00ed:<\/strong> Graham Scott<br \/>\n<strong>VAR:<\/strong> Chris Kavanagh\u00a0\u00a0<strong>Asistent VAR:<\/strong> Sian Masseyov\u00e1-Ellisov\u00e1<\/p>\n","protected":false},"excerpt":{"rendered":"<p>Sean Dyche a jeho soukmenovci se s\u00a0podporou lidu na Goodison Parku pokus\u00ed dot\u00e1hnout v\u00edt\u011bzn\u00fd \u00fanor do konce. Doma se poda\u0159ilo zat\u00edm zv\u00edt\u011bzit v\u00a0obou z\u00e1pasech a t\u0159et\u00ed v\u00fdhra by byla v\u00edtan\u00fdm p\u0159ilep\u0161en\u00edm v\u00a0boji o zachov\u00e1n\u00ed v\u00a0lize.<\/p>\n","protected":false},"author":10,"featured_media":15183,"comment_status":"open","ping_status":"closed","sticky":false,"template":"","format":"standard","meta":{"_eb_attr":"","_monsterinsights_skip_tracking":false,"_monsterinsights_sitenote_active":false,"_monsterinsights_sitenote_note":"","_monsterinsights_sitenote_category":0,"footnotes":""},"categories":[4],"tags":[],"yoast_head":"<!-- This site is optimized with the Yoast SEO plugin v23.4 - https:\/\/yoast.com\/wordpress\/plugins\/seo\/ -->\n<title>Preview: Everton - Aston Villa - Official Czech &amp; Slovak Everton Supporters&#039; Club<\/title>\n<meta name=\"robots\" content=\"index, follow, max-snippet:-1, max-image-preview:large, max-video-preview:-1\" \/>\n<link rel=\"canonical\" href=\"https:\/\/evertonfc.cz\/index.php\/2023\/02\/25\/preview-everton-aston-villa-10\/\" \/>\n<meta property=\"og:locale\" content=\"cs_CZ\" \/>\n<meta property=\"og:type\" content=\"article\" \/>\n<meta property=\"og:title\" content=\"Preview: Everton - Aston Villa - Official Czech &amp; Slovak Everton Supporters&#039; Club\" \/>\n<meta property=\"og:description\" content=\"Sean Dyche a jeho soukmenovci se s\u00a0podporou lidu na Goodison Parku pokus\u00ed dot\u00e1hnout v\u00edt\u011bzn\u00fd \u00fanor do konce. Doma se poda\u0159ilo zat\u00edm zv\u00edt\u011bzit v\u00a0obou z\u00e1pasech a t\u0159et\u00ed v\u00fdhra by byla v\u00edtan\u00fdm p\u0159ilep\u0161en\u00edm v\u00a0boji o zachov\u00e1n\u00ed v\u00a0lize.\" \/>\n<meta property=\"og:url\" content=\"https:\/\/evertonfc.cz\/index.php\/2023\/02\/25\/preview-everton-aston-villa-10\/\" \/>\n<meta property=\"og:site_name\" content=\"Official Czech &amp; Slovak Everton Supporters&#039; Club\" \/>\n<meta property=\"article:publisher\" content=\"https:\/\/www.facebook.com\/everton.fans.cz.sk\" \/>\n<meta property=\"article:published_time\" content=\"2023-02-25T12:54:44+00:00\" \/>\n<meta property=\"article:modified_time\" content=\"2023-02-25T13:53:12+00:00\" \/>\n<meta property=\"og:image\" content=\"https:\/\/evertonfc.cz\/wp-content\/uploads\/2021\/05\/Everton-VS-Aston-Villa.png\" \/>\n\t<meta property=\"og:image:width\" content=\"720\" \/>\n\t<meta property=\"og:image:height\" content=\"405\" \/>\n\t<meta property=\"og:image:type\" content=\"image\/png\" \/>\n<meta name=\"author\" content=\"Fip\" \/>\n<meta name=\"twitter:card\" content=\"summary_large_image\" \/>\n<meta name=\"twitter:label1\" content=\"Napsal(a)\" \/>\n\t<meta name=\"twitter:data1\" content=\"Fip\" \/>\n\t<meta name=\"twitter:label2\" content=\"Odhadovan\u00e1 doba \u010dten\u00ed\" \/>\n\t<meta name=\"twitter:data2\" content=\"5 minut\" \/>\n<script type=\"application\/ld+json\" class=\"yoast-schema-graph\">{\"@context\":\"https:\/\/schema.org\",\"@graph\":[{\"@type\":\"Article\",\"@id\":\"https:\/\/evertonfc.cz\/index.php\/2023\/02\/25\/preview-everton-aston-villa-10\/#article\",\"isPartOf\":{\"@id\":\"https:\/\/evertonfc.cz\/index.php\/2023\/02\/25\/preview-everton-aston-villa-10\/\"},\"author\":{\"name\":\"Fip\",\"@id\":\"https:\/\/evertonfc.cz\/#\/schema\/person\/35904009755e8eaa0dc1a5f5f0419002\"},\"headline\":\"Preview: Everton &#8211; Aston Villa\",\"datePublished\":\"2023-02-25T12:54:44+00:00\",\"dateModified\":\"2023-02-25T13:53:12+00:00\",\"mainEntityOfPage\":{\"@id\":\"https:\/\/evertonfc.cz\/index.php\/2023\/02\/25\/preview-everton-aston-villa-10\/\"},\"wordCount\":969,\"commentCount\":6,\"publisher\":{\"@id\":\"https:\/\/evertonfc.cz\/#organization\"},\"image\":{\"@id\":\"https:\/\/evertonfc.cz\/index.php\/2023\/02\/25\/preview-everton-aston-villa-10\/#primaryimage\"},\"thumbnailUrl\":\"https:\/\/evertonfc.cz\/wp-content\/uploads\/2021\/05\/Everton-VS-Aston-Villa.png\",\"articleSection\":[\"Z\u00e1pasy\"],\"inLanguage\":\"cs\",\"potentialAction\":[{\"@type\":\"CommentAction\",\"name\":\"Comment\",\"target\":[\"https:\/\/evertonfc.cz\/index.php\/2023\/02\/25\/preview-everton-aston-villa-10\/#respond\"]}]},{\"@type\":\"WebPage\",\"@id\":\"https:\/\/evertonfc.cz\/index.php\/2023\/02\/25\/preview-everton-aston-villa-10\/\",\"url\":\"https:\/\/evertonfc.cz\/index.php\/2023\/02\/25\/preview-everton-aston-villa-10\/\",\"name\":\"Preview: Everton - Aston Villa - Official Czech &amp; Slovak Everton Supporters&#039; Club\",\"isPartOf\":{\"@id\":\"https:\/\/evertonfc.cz\/#website\"},\"primaryImageOfPage\":{\"@id\":\"https:\/\/evertonfc.cz\/index.php\/2023\/02\/25\/preview-everton-aston-villa-10\/#primaryimage\"},\"image\":{\"@id\":\"https:\/\/evertonfc.cz\/index.php\/2023\/02\/25\/preview-everton-aston-villa-10\/#primaryimage\"},\"thumbnailUrl\":\"https:\/\/evertonfc.cz\/wp-content\/uploads\/2021\/05\/Everton-VS-Aston-Villa.png\",\"datePublished\":\"2023-02-25T12:54:44+00:00\",\"dateModified\":\"2023-02-25T13:53:12+00:00\",\"breadcrumb\":{\"@id\":\"https:\/\/evertonfc.cz\/index.php\/2023\/02\/25\/preview-everton-aston-villa-10\/#breadcrumb\"},\"inLanguage\":\"cs\",\"potentialAction\":[{\"@type\":\"ReadAction\",\"target\":[\"https:\/\/evertonfc.cz\/index.php\/2023\/02\/25\/preview-everton-aston-villa-10\/\"]}]},{\"@type\":\"ImageObject\",\"inLanguage\":\"cs\",\"@id\":\"https:\/\/evertonfc.cz\/index.php\/2023\/02\/25\/preview-everton-aston-villa-10\/#primaryimage\",\"url\":\"https:\/\/evertonfc.cz\/wp-content\/uploads\/2021\/05\/Everton-VS-Aston-Villa.png\",\"contentUrl\":\"https:\/\/evertonfc.cz\/wp-content\/uploads\/2021\/05\/Everton-VS-Aston-Villa.png\",\"width\":720,\"height\":405},{\"@type\":\"BreadcrumbList\",\"@id\":\"https:\/\/evertonfc.cz\/index.php\/2023\/02\/25\/preview-everton-aston-villa-10\/#breadcrumb\",\"itemListElement\":[{\"@type\":\"ListItem\",\"position\":1,\"name\":\"Home\",\"item\":\"https:\/\/evertonfc.cz\/\"},{\"@type\":\"ListItem\",\"position\":2,\"name\":\"Preview: Everton &#8211; Aston Villa\"}]},{\"@type\":\"WebSite\",\"@id\":\"https:\/\/evertonfc.cz\/#website\",\"url\":\"https:\/\/evertonfc.cz\/\",\"name\":\"Official Czech &amp; Slovak Everton Supporters&#039; Club\",\"description\":\"\",\"publisher\":{\"@id\":\"https:\/\/evertonfc.cz\/#organization\"},\"potentialAction\":[{\"@type\":\"SearchAction\",\"target\":{\"@type\":\"EntryPoint\",\"urlTemplate\":\"https:\/\/evertonfc.cz\/?s={search_term_string}\"},\"query-input\":{\"@type\":\"PropertyValueSpecification\",\"valueRequired\":true,\"valueName\":\"search_term_string\"}}],\"inLanguage\":\"cs\"},{\"@type\":\"Organization\",\"@id\":\"https:\/\/evertonfc.cz\/#organization\",\"name\":\"Official Czech & Slovak Everton Supporters' Club\",\"url\":\"https:\/\/evertonfc.cz\/\",\"logo\":{\"@type\":\"ImageObject\",\"inLanguage\":\"cs\",\"@id\":\"https:\/\/evertonfc.cz\/#\/schema\/logo\/image\/\",\"url\":\"https:\/\/evertonfc.cz\/wp-content\/uploads\/2019\/05\/logo.png\",\"contentUrl\":\"https:\/\/evertonfc.cz\/wp-content\/uploads\/2019\/05\/logo.png\",\"width\":112,\"height\":112,\"caption\":\"Official Czech & Slovak Everton Supporters' Club\"},\"image\":{\"@id\":\"https:\/\/evertonfc.cz\/#\/schema\/logo\/image\/\"},\"sameAs\":[\"https:\/\/www.facebook.com\/everton.fans.cz.sk\"]},{\"@type\":\"Person\",\"@id\":\"https:\/\/evertonfc.cz\/#\/schema\/person\/35904009755e8eaa0dc1a5f5f0419002\",\"name\":\"Fip\",\"url\":\"https:\/\/evertonfc.cz\/index.php\/author\/fip\/\"}]}<\/script>\n<!-- \/ Yoast SEO plugin. -->","yoast_head_json":{"title":"Preview: Everton - Aston Villa - Official Czech &amp; Slovak Everton Supporters&#039; Club","robots":{"index":"index","follow":"follow","max-snippet":"max-snippet:-1","max-image-preview":"max-image-preview:large","max-video-preview":"max-video-preview:-1"},"canonical":"https:\/\/evertonfc.cz\/index.php\/2023\/02\/25\/preview-everton-aston-villa-10\/","og_locale":"cs_CZ","og_type":"article","og_title":"Preview: Everton - Aston Villa - Official Czech &amp; Slovak Everton Supporters&#039; Club","og_description":"Sean Dyche a jeho soukmenovci se s\u00a0podporou lidu na Goodison Parku pokus\u00ed dot\u00e1hnout v\u00edt\u011bzn\u00fd \u00fanor do konce. Doma se poda\u0159ilo zat\u00edm zv\u00edt\u011bzit v\u00a0obou z\u00e1pasech a t\u0159et\u00ed v\u00fdhra by byla v\u00edtan\u00fdm p\u0159ilep\u0161en\u00edm v\u00a0boji o zachov\u00e1n\u00ed v\u00a0lize.","og_url":"https:\/\/evertonfc.cz\/index.php\/2023\/02\/25\/preview-everton-aston-villa-10\/","og_site_name":"Official Czech &amp; Slovak Everton Supporters&#039; Club","article_publisher":"https:\/\/www.facebook.com\/everton.fans.cz.sk","article_published_time":"2023-02-25T12:54:44+00:00","article_modified_time":"2023-02-25T13:53:12+00:00","og_image":[{"width":720,"height":405,"url":"https:\/\/evertonfc.cz\/wp-content\/uploads\/2021\/05\/Everton-VS-Aston-Villa.png","type":"image\/png"}],"author":"Fip","twitter_card":"summary_large_image","twitter_misc":{"Napsal(a)":"Fip","Odhadovan\u00e1 doba \u010dten\u00ed":"5 minut"},"schema":{"@context":"https:\/\/schema.org","@graph":[{"@type":"Article","@id":"https:\/\/evertonfc.cz\/index.php\/2023\/02\/25\/preview-everton-aston-villa-10\/#article","isPartOf":{"@id":"https:\/\/evertonfc.cz\/index.php\/2023\/02\/25\/preview-everton-aston-villa-10\/"},"author":{"name":"Fip","@id":"https:\/\/evertonfc.cz\/#\/schema\/person\/35904009755e8eaa0dc1a5f5f0419002"},"headline":"Preview: Everton &#8211; Aston Villa","datePublished":"2023-02-25T12:54:44+00:00","dateModified":"2023-02-25T13:53:12+00:00","mainEntityOfPage":{"@id":"https:\/\/evertonfc.cz\/index.php\/2023\/02\/25\/preview-everton-aston-villa-10\/"},"wordCount":969,"commentCount":6,"publisher":{"@id":"https:\/\/evertonfc.cz\/#organization"},"image":{"@id":"https:\/\/evertonfc.cz\/index.php\/2023\/02\/25\/preview-everton-aston-villa-10\/#primaryimage"},"thumbnailUrl":"https:\/\/evertonfc.cz\/wp-content\/uploads\/2021\/05\/Everton-VS-Aston-Villa.png","articleSection":["Z\u00e1pasy"],"inLanguage":"cs","potentialAction":[{"@type":"CommentAction","name":"Comment","target":["https:\/\/evertonfc.cz\/index.php\/2023\/02\/25\/preview-everton-aston-villa-10\/#respond"]}]},{"@type":"WebPage","@id":"https:\/\/evertonfc.cz\/index.php\/2023\/02\/25\/preview-everton-aston-villa-10\/","url":"https:\/\/evertonfc.cz\/index.php\/2023\/02\/25\/preview-everton-aston-villa-10\/","name":"Preview: Everton - Aston Villa - Official Czech &amp; Slovak Everton Supporters&#039; Club","isPartOf":{"@id":"https:\/\/evertonfc.cz\/#website"},"primaryImageOfPage":{"@id":"https:\/\/evertonfc.cz\/index.php\/2023\/02\/25\/preview-everton-aston-villa-10\/#primaryimage"},"image":{"@id":"https:\/\/evertonfc.cz\/index.php\/2023\/02\/25\/preview-everton-aston-villa-10\/#primaryimage"},"thumbnailUrl":"https:\/\/evertonfc.cz\/wp-content\/uploads\/2021\/05\/Everton-VS-Aston-Villa.png","datePublished":"2023-02-25T12:54:44+00:00","dateModified":"2023-02-25T13:53:12+00:00","breadcrumb":{"@id":"https:\/\/evertonfc.cz\/index.php\/2023\/02\/25\/preview-everton-aston-villa-10\/#breadcrumb"},"inLanguage":"cs","potentialAction":[{"@type":"ReadAction","target":["https:\/\/evertonfc.cz\/index.php\/2023\/02\/25\/preview-everton-aston-villa-10\/"]}]},{"@type":"ImageObject","inLanguage":"cs","@id":"https:\/\/evertonfc.cz\/index.php\/2023\/02\/25\/preview-everton-aston-villa-10\/#primaryimage","url":"https:\/\/evertonfc.cz\/wp-content\/uploads\/2021\/05\/Everton-VS-Aston-Villa.png","contentUrl":"https:\/\/evertonfc.cz\/wp-content\/uploads\/2021\/05\/Everton-VS-Aston-Villa.png","width":720,"height":405},{"@type":"BreadcrumbList","@id":"https:\/\/evertonfc.cz\/index.php\/2023\/02\/25\/preview-everton-aston-villa-10\/#breadcrumb","itemListElement":[{"@type":"ListItem","position":1,"name":"Home","item":"https:\/\/evertonfc.cz\/"},{"@type":"ListItem","position":2,"name":"Preview: Everton &#8211; Aston Villa"}]},{"@type":"WebSite","@id":"https:\/\/evertonfc.cz\/#website","url":"https:\/\/evertonfc.cz\/","name":"Official Czech &amp; Slovak Everton Supporters&#039; Club","description":"","publisher":{"@id":"https:\/\/evertonfc.cz\/#organization"},"potentialAction":[{"@type":"SearchAction","target":{"@type":"EntryPoint","urlTemplate":"https:\/\/evertonfc.cz\/?s={search_term_string}"},"query-input":{"@type":"PropertyValueSpecification","valueRequired":true,"valueName":"search_term_string"}}],"inLanguage":"cs"},{"@type":"Organization","@id":"https:\/\/evertonfc.cz\/#organization","name":"Official Czech & Slovak Everton Supporters' Club","url":"https:\/\/evertonfc.cz\/","logo":{"@type":"ImageObject","inLanguage":"cs","@id":"https:\/\/evertonfc.cz\/#\/schema\/logo\/image\/","url":"https:\/\/evertonfc.cz\/wp-content\/uploads\/2019\/05\/logo.png","contentUrl":"https:\/\/evertonfc.cz\/wp-content\/uploads\/2019\/05\/logo.png","width":112,"height":112,"caption":"Official Czech & Slovak Everton Supporters' Club"},"image":{"@id":"https:\/\/evertonfc.cz\/#\/schema\/logo\/image\/"},"sameAs":["https:\/\/www.facebook.com\/everton.fans.cz.sk"]},{"@type":"Person","@id":"https:\/\/evertonfc.cz\/#\/schema\/person\/35904009755e8eaa0dc1a5f5f0419002","name":"Fip","url":"https:\/\/evertonfc.cz\/index.php\/author\/fip\/"}]}},"_links":{"self":[{"href":"https:\/\/evertonfc.cz\/index.php\/wp-json\/wp\/v2\/posts\/21090"}],"collection":[{"href":"https:\/\/evertonfc.cz\/index.php\/wp-json\/wp\/v2\/posts"}],"about":[{"href":"https:\/\/evertonfc.cz\/index.php\/wp-json\/wp\/v2\/types\/post"}],"author":[{"embeddable":true,"href":"https:\/\/evertonfc.cz\/index.php\/wp-json\/wp\/v2\/users\/10"}],"replies":[{"embeddable":true,"href":"https:\/\/evertonfc.cz\/index.php\/wp-json\/wp\/v2\/comments?post=21090"}],"version-history":[{"count":5,"href":"https:\/\/evertonfc.cz\/index.php\/wp-json\/wp\/v2\/posts\/21090\/revisions"}],"predecessor-version":[{"id":21096,"href":"https:\/\/evertonfc.cz\/index.php\/wp-json\/wp\/v2\/posts\/21090\/revisions\/21096"}],"wp:featuredmedia":[{"embeddable":true,"href":"https:\/\/evertonfc.cz\/index.php\/wp-json\/wp\/v2\/media\/15183"}],"wp:attachment":[{"href":"https:\/\/evertonfc.cz\/index.php\/wp-json\/wp\/v2\/media?parent=21090"}],"wp:term":[{"taxonomy":"category","embeddable":true,"href":"https:\/\/evertonfc.cz\/index.php\/wp-json\/wp\/v2\/categories?post=21090"},{"taxonomy":"post_tag","embeddable":true,"href":"https:\/\/evertonfc.cz\/index.php\/wp-json\/wp\/v2\/tags?post=21090"}],"curies":[{"name":"wp","href":"https:\/\/api.w.org\/{rel}","templated":true}]}}