{"id":21097,"date":"2023-02-26T16:53:50","date_gmt":"2023-02-26T15:53:50","guid":{"rendered":"https:\/\/evertonfc.cz\/?p=21097"},"modified":"2023-02-26T16:53:50","modified_gmt":"2023-02-26T15:53:50","slug":"everton-aston-villa-02","status":"publish","type":"post","link":"https:\/\/evertonfc.cz\/index.php\/2023\/02\/26\/everton-aston-villa-02\/","title":{"rendered":"Everton \u2013 Aston Villa 0:2"},"content":{"rendered":"<h4>Nie, tak \u013eahko to Dychovi naozaj nep\u00f4jde. Karamelky s\u00fa po t\u00fd\u017edni op\u00e4\u0165 v\u00a0z\u00f3ne zostupu, ke\u010f nedok\u00e1zali zu\u017eitkova\u0165 efektn\u00e9 more \u0161anc\u00ed, vytvoren\u00e9 vlastn\u00fdmi silami.<\/h4>\n<p>Chce to \u00fato\u010dn\u00edka. S\u00a0ve\u013ek\u00fdm \u00da. Len\u017ee ten tak skoro nepr\u00edde, a\u00a0tak nov\u00fd mana\u017e\u00e9r nem\u00e1 pre\u010do meni\u0165 svoj recept. Ten sa zatia\u013e osved\u010dil, a\u00a0najm\u00e4 doma produkuje v\u00fdkony, ktor\u00e9 dok\u00e1\u017eu uspokoji\u0165 zraky trib\u00fan Starej D\u00e1my. Len\u017ee efektivita nedok\u00e1\u017ee zaka\u017ed\u00fdm podpori\u0165 v\u00fdsledkov\u00fa \u017eatvu, od ktorej sme \u017eivotne z\u00e1visl\u00ed.<\/p>\n<h4><strong>1.pol\u010das<\/strong><\/h4>\n<p>A\u017e 40 percent \u00favodn\u00e9ho dejstva sa odohr\u00e1valo v\u00a0obrannej tretine host\u00ed. To \u010dosi napovie o\u00a0hernej dominancii, ktor\u00fa si dom\u00e1ci vcelku prekvapivo vyrobili. Pren\u00e1\u0161anie hry bolo svi\u017en\u00e9. Everton sa nep\u00e1ral s\u00a0pomalou rozohr\u00e1vkou. Okam\u017eite po zisku lopty h\u013eadal vertik\u00e1ly, najm\u00e4 cez \u013eav\u00fa stranu ihriska, kde operoval McNeil.<\/p>\n<p>\u010cist\u00e9 g\u00f3lovky v\u0161ak boli vz\u00e1cnos\u0165ou. Prv\u00fa zauj\u00edmav\u00fa u\u017e v\u00a08. min\u00fate prekazil blok stop\u00e9ra, ktor\u00fd pre brank\u00e1ra zne\u0161kodnil pokus z\u00a0n\u00e1behu Iwobiho v\u00a0malom v\u00e1pne, ktor\u00fd mu naserv\u00edroval Maupay. Kreativita s\u00fapera bola na\u0161\u0165astie rovnako nepravideln\u00e1, no zvykla hrozi\u0165. Na odplatu sa dostal do \u00faniku za obranu Watkins. Toho v\u0161ak Pickford excelentne zne\u0161kodnil. No varovn\u00fd prst museli vidie\u0165 v\u0161etci.<\/p>\n<p>Takmer po polhodine premrhal zlat\u00fa pr\u00edle\u017eitos\u0165 Maupay. Z\u00a0rohu mu to na v\u00fdmenu predostrel Iwobi, hlavi\u010dka v\u0161ak br\u00e1nu z\u00a0bezprostrednej vzdialenosti neohrozila. O lep\u0161ie zu\u017eitkovanie centrovan\u00fdch l\u00f4pt sa chcel postara\u0165 o\u00a0p\u00e1r min\u00fat nesk\u00f4r Onana, len\u017ee jeho vytla\u010dil na roh brank\u00e1r Mart\u00ednez, majster sveta. Doslovne. Do konca pol\u010dasu sa v\u00fdraznej\u0161ie pripomenul iba op\u00e4\u0165 n\u00e1\u0161 Maupay, a\u00a0to ne\u0161kodnou strelou do r\u00fak.<\/p>\n<h4>\u00a0<strong>2.pol\u010das<\/strong><\/h4>\n<p>Po pr\u00edchode zo \u0161atn\u00ed mal \u00eds\u0165 do vedenia Everton. Zo \u0161tandardky po faule vznikla panick\u00e1 situ\u00e1cia z\u00a0prudk\u00e9ho voleja Iwobiho v\u00a0pokutovom \u00fazem\u00ed Villans, kde sa u\u017e do ist\u00e9ho zakon\u010denia vrhal v\u00a0p\u00e1de Maupay. Mings to ale zachr\u00e1nil na \u010diare. To u\u017e n\u00e1m pomaly za\u010d\u00ednalo by\u0165 jasn\u00e9, \u017ee mo\u017eno ten jeden potrebn\u00fd g\u00f3l dnes ned\u00e1me. Zato pred levmi z\u00a0Birminghamu n\u00e1s musel zachra\u0148ova\u0165 Pickford fam\u00f3znymi z\u00e1krokmi.<\/p>\n<p>Watkinsovu hlavi\u010dku vytla\u010dil len tak tak na \u017er\u010f. Potom pri\u0161iel na tr\u00e1vnik Buend\u00eda, a\u00a0zariadil penaltu, ke\u010f poslal do \u0161ance McGinna. Toho skosil Gueye, hoci panuj\u00fa pochybnosti, o\u00a0dostato\u010dnom dotyku lopty, ktor\u00fd VAR nesk\u00famal. Watkins premenil, a\u00a0body pocitovo odpl\u00e1vali. Nezachr\u00e1nil ich ani Simms, definit\u00edvne ukradol Buend\u00eda svojou individu\u00e1lnou kvalitou, ktorou n\u00e1\u0161 k\u00e1der nedisponuje.<\/p>\n<h4><strong>Sean Dyche po z\u00e1pase:<\/strong><\/h4>\n<blockquote><p><span style=\"font-size: 12pt;\"><em>\u201eDarovali sme dva lacn\u00e9 g\u00f3ly v inak sol\u00eddnom v\u00fdkone. Mali sme lev\u00ed podiel na dojme z\u00a0hry. Niektor\u00e9 z ve\u013ek\u00fdch \u0161anc\u00ed n\u00e1m pri\u0161li do cesty a nevyu\u017eili sme ich. Vieme, \u017ee to mus\u00edme robi\u0165. Ale ve\u013ea z predveden\u00fdch v\u00fdkonov bolo spr\u00e1vnych v tom, \u010do si mysl\u00edme, \u017ee je d\u00f4le\u017eit\u00e9 smerom dopredu a pre dne\u0161ok. Nasadenie bolo ve\u013emi dobr\u00e9, tvar bol dobr\u00fd, ale obe \u0161estn\u00e1stky s\u00fa hlavnou \u010dinnos\u0165ou futbalu. A najm\u00e4 pri prvom g\u00f3le sa n\u00e1m nepodarilo spr\u00e1vne nastavi\u0165. To men\u00ed pocit z\u00a0hry. Mali sme navrch. Najm\u00e4 prv\u00fdch 15 min\u00fat druh\u00e9ho pol\u010dasu pred penaltou. P\u00fdtali sme si g\u00f3l a oni dostali penaltov\u00fa situ\u00e1ciu z ni\u010doho ni\u010d. Najm\u00e4 z toho som frustrovan\u00fd.\u201c<\/em><\/span><\/p><\/blockquote>\n<h3 style=\"text-align: center;\"><span style=\"color: #3366ff;\"><em><strong>Come on you Blues !!!<\/strong><\/em><\/span><\/h3>\n<p style=\"text-align: right;\"><span style=\"font-size: 8pt;\">(fotozdroj: skysports.com)<\/span><\/p>\n<p><strong>Zostrihy:<\/strong> <a href=\"https:\/\/hoofoot.com\/?match=Everton_v_Aston_Villa_2023_02_25\" target=\"_blank\" rel=\"noopener\">hoofoot.com<\/a>\u00a0 <strong>Mu\u017e z\u00e1pasu redakcie:<\/strong> Dwight McNeil<\/p>\n<p><strong>G\u00f3ly:<\/strong> 63\u00b4 Watkins (pen), 81\u00b4 Buend\u00eda (McGinn)<\/p>\n<p><strong>\u017dlt\u00e9 karty:<\/strong> 2\u00b4 Onana, 75\u00b4 Doucour\u00e9, 77\u00b4 Mart\u00ednez<\/p>\n<p><strong>Everton FC:<\/strong> Pickford \u2013 Coleman, Coady, Tarkowski, Mykolenko \u2013 Iwobi (70\u00b4 Gray), Doucour\u00e9, Gueye, Onana (82\u00b4 Davies), McNeil \u2013 Maupay (76\u00b4 Simms)<\/p>\n<p><strong>Aston Villa FC:<\/strong> Mart\u00ednez \u2013 Cash, Konsa, Mings, Digne (61\u00b4 Buend\u00eda) \u2013 Kamara, Luiz, McGinn \u2013 Bailey (61\u00b4 Moreno), Watkins, Ramsey<\/p>\n<p><strong>Rozhodca:<\/strong> Anthony Taylor\u00a0 <strong>Div\u00e1ci:<\/strong> 39 309<\/p>\n","protected":false},"excerpt":{"rendered":"<p>Nie, tak \u013eahko to Dychovi naozaj nep\u00f4jde. Karamelky s\u00fa po t\u00fd\u017edni op\u00e4\u0165 v\u00a0z\u00f3ne zostupu, ke\u010f nedok\u00e1zali zu\u017eitkova\u0165 efektn\u00e9 more \u0161anc\u00ed, vytvoren\u00e9 vlastn\u00fdmi silami.<\/p>\n","protected":false},"author":1,"featured_media":21098,"comment_status":"open","ping_status":"closed","sticky":false,"template":"","format":"standard","meta":{"_eb_attr":"","_monsterinsights_skip_tracking":false,"_monsterinsights_sitenote_active":false,"_monsterinsights_sitenote_note":"","_monsterinsights_sitenote_category":0,"footnotes":""},"categories":[4],"tags":[],"yoast_head":"<!-- This site is optimized with the Yoast SEO plugin v23.4 - https:\/\/yoast.com\/wordpress\/plugins\/seo\/ -->\n<title>Everton \u2013 Aston Villa 0:2 - Official Czech &amp; Slovak Everton Supporters&#039; Club<\/title>\n<meta name=\"robots\" content=\"index, follow, max-snippet:-1, max-image-preview:large, max-video-preview:-1\" \/>\n<link rel=\"canonical\" href=\"https:\/\/evertonfc.cz\/index.php\/2023\/02\/26\/everton-aston-villa-02\/\" \/>\n<meta property=\"og:locale\" content=\"cs_CZ\" \/>\n<meta property=\"og:type\" content=\"article\" \/>\n<meta property=\"og:title\" content=\"Everton \u2013 Aston Villa 0:2 - Official Czech &amp; Slovak Everton Supporters&#039; Club\" \/>\n<meta property=\"og:description\" content=\"Nie, tak \u013eahko to Dychovi naozaj nep\u00f4jde. Karamelky s\u00fa po t\u00fd\u017edni op\u00e4\u0165 v\u00a0z\u00f3ne zostupu, ke\u010f nedok\u00e1zali zu\u017eitkova\u0165 efektn\u00e9 more \u0161anc\u00ed, vytvoren\u00e9 vlastn\u00fdmi silami.\" \/>\n<meta property=\"og:url\" content=\"https:\/\/evertonfc.cz\/index.php\/2023\/02\/26\/everton-aston-villa-02\/\" \/>\n<meta property=\"og:site_name\" content=\"Official Czech &amp; Slovak Everton Supporters&#039; Club\" \/>\n<meta property=\"article:publisher\" content=\"https:\/\/www.facebook.com\/everton.fans.cz.sk\" \/>\n<meta property=\"article:published_time\" content=\"2023-02-26T15:53:50+00:00\" \/>\n<meta property=\"og:image\" content=\"https:\/\/evertonfc.cz\/wp-content\/uploads\/2023\/02\/skysports-everton-0-2-astom-villa-25-2-2023.jpg\" \/>\n\t<meta property=\"og:image:width\" content=\"720\" \/>\n\t<meta property=\"og:image:height\" content=\"405\" \/>\n\t<meta property=\"og:image:type\" content=\"image\/jpeg\" \/>\n<meta name=\"author\" content=\"BlueBlooded\" \/>\n<meta name=\"twitter:card\" content=\"summary_large_image\" \/>\n<meta name=\"twitter:label1\" content=\"Napsal(a)\" \/>\n\t<meta name=\"twitter:data1\" content=\"BlueBlooded\" \/>\n\t<meta name=\"twitter:label2\" content=\"Odhadovan\u00e1 doba \u010dten\u00ed\" \/>\n\t<meta name=\"twitter:data2\" content=\"3 minuty\" \/>\n<script type=\"application\/ld+json\" class=\"yoast-schema-graph\">{\"@context\":\"https:\/\/schema.org\",\"@graph\":[{\"@type\":\"Article\",\"@id\":\"https:\/\/evertonfc.cz\/index.php\/2023\/02\/26\/everton-aston-villa-02\/#article\",\"isPartOf\":{\"@id\":\"https:\/\/evertonfc.cz\/index.php\/2023\/02\/26\/everton-aston-villa-02\/\"},\"author\":{\"name\":\"BlueBlooded\",\"@id\":\"https:\/\/evertonfc.cz\/#\/schema\/person\/d4493b8cbea51532597fbc4685698916\"},\"headline\":\"Everton \u2013 Aston Villa 0:2\",\"datePublished\":\"2023-02-26T15:53:50+00:00\",\"dateModified\":\"2023-02-26T15:53:50+00:00\",\"mainEntityOfPage\":{\"@id\":\"https:\/\/evertonfc.cz\/index.php\/2023\/02\/26\/everton-aston-villa-02\/\"},\"wordCount\":679,\"commentCount\":2,\"publisher\":{\"@id\":\"https:\/\/evertonfc.cz\/#organization\"},\"image\":{\"@id\":\"https:\/\/evertonfc.cz\/index.php\/2023\/02\/26\/everton-aston-villa-02\/#primaryimage\"},\"thumbnailUrl\":\"https:\/\/evertonfc.cz\/wp-content\/uploads\/2023\/02\/skysports-everton-0-2-astom-villa-25-2-2023.jpg\",\"articleSection\":[\"Z\u00e1pasy\"],\"inLanguage\":\"cs\",\"potentialAction\":[{\"@type\":\"CommentAction\",\"name\":\"Comment\",\"target\":[\"https:\/\/evertonfc.cz\/index.php\/2023\/02\/26\/everton-aston-villa-02\/#respond\"]}]},{\"@type\":\"WebPage\",\"@id\":\"https:\/\/evertonfc.cz\/index.php\/2023\/02\/26\/everton-aston-villa-02\/\",\"url\":\"https:\/\/evertonfc.cz\/index.php\/2023\/02\/26\/everton-aston-villa-02\/\",\"name\":\"Everton \u2013 Aston Villa 0:2 - Official Czech &amp; Slovak Everton Supporters&#039; Club\",\"isPartOf\":{\"@id\":\"https:\/\/evertonfc.cz\/#website\"},\"primaryImageOfPage\":{\"@id\":\"https:\/\/evertonfc.cz\/index.php\/2023\/02\/26\/everton-aston-villa-02\/#primaryimage\"},\"image\":{\"@id\":\"https:\/\/evertonfc.cz\/index.php\/2023\/02\/26\/everton-aston-villa-02\/#primaryimage\"},\"thumbnailUrl\":\"https:\/\/evertonfc.cz\/wp-content\/uploads\/2023\/02\/skysports-everton-0-2-astom-villa-25-2-2023.jpg\",\"datePublished\":\"2023-02-26T15:53:50+00:00\",\"dateModified\":\"2023-02-26T15:53:50+00:00\",\"breadcrumb\":{\"@id\":\"https:\/\/evertonfc.cz\/index.php\/2023\/02\/26\/everton-aston-villa-02\/#breadcrumb\"},\"inLanguage\":\"cs\",\"potentialAction\":[{\"@type\":\"ReadAction\",\"target\":[\"https:\/\/evertonfc.cz\/index.php\/2023\/02\/26\/everton-aston-villa-02\/\"]}]},{\"@type\":\"ImageObject\",\"inLanguage\":\"cs\",\"@id\":\"https:\/\/evertonfc.cz\/index.php\/2023\/02\/26\/everton-aston-villa-02\/#primaryimage\",\"url\":\"https:\/\/evertonfc.cz\/wp-content\/uploads\/2023\/02\/skysports-everton-0-2-astom-villa-25-2-2023.jpg\",\"contentUrl\":\"https:\/\/evertonfc.cz\/wp-content\/uploads\/2023\/02\/skysports-everton-0-2-astom-villa-25-2-2023.jpg\",\"width\":720,\"height\":405},{\"@type\":\"BreadcrumbList\",\"@id\":\"https:\/\/evertonfc.cz\/index.php\/2023\/02\/26\/everton-aston-villa-02\/#breadcrumb\",\"itemListElement\":[{\"@type\":\"ListItem\",\"position\":1,\"name\":\"Home\",\"item\":\"https:\/\/evertonfc.cz\/\"},{\"@type\":\"ListItem\",\"position\":2,\"name\":\"Everton \u2013 Aston Villa 0:2\"}]},{\"@type\":\"WebSite\",\"@id\":\"https:\/\/evertonfc.cz\/#website\",\"url\":\"https:\/\/evertonfc.cz\/\",\"name\":\"Official Czech &amp; Slovak Everton Supporters&#039; Club\",\"description\":\"\",\"publisher\":{\"@id\":\"https:\/\/evertonfc.cz\/#organization\"},\"potentialAction\":[{\"@type\":\"SearchAction\",\"target\":{\"@type\":\"EntryPoint\",\"urlTemplate\":\"https:\/\/evertonfc.cz\/?s={search_term_string}\"},\"query-input\":{\"@type\":\"PropertyValueSpecification\",\"valueRequired\":true,\"valueName\":\"search_term_string\"}}],\"inLanguage\":\"cs\"},{\"@type\":\"Organization\",\"@id\":\"https:\/\/evertonfc.cz\/#organization\",\"name\":\"Official Czech & Slovak Everton Supporters' Club\",\"url\":\"https:\/\/evertonfc.cz\/\",\"logo\":{\"@type\":\"ImageObject\",\"inLanguage\":\"cs\",\"@id\":\"https:\/\/evertonfc.cz\/#\/schema\/logo\/image\/\",\"url\":\"https:\/\/evertonfc.cz\/wp-content\/uploads\/2019\/05\/logo.png\",\"contentUrl\":\"https:\/\/evertonfc.cz\/wp-content\/uploads\/2019\/05\/logo.png\",\"width\":112,\"height\":112,\"caption\":\"Official Czech & Slovak Everton Supporters' Club\"},\"image\":{\"@id\":\"https:\/\/evertonfc.cz\/#\/schema\/logo\/image\/\"},\"sameAs\":[\"https:\/\/www.facebook.com\/everton.fans.cz.sk\"]},{\"@type\":\"Person\",\"@id\":\"https:\/\/evertonfc.cz\/#\/schema\/person\/d4493b8cbea51532597fbc4685698916\",\"name\":\"BlueBlooded\",\"url\":\"https:\/\/evertonfc.cz\/index.php\/author\/admin\/\"}]}<\/script>\n<!-- \/ Yoast SEO plugin. -->","yoast_head_json":{"title":"Everton \u2013 Aston Villa 0:2 - Official Czech &amp; Slovak Everton Supporters&#039; Club","robots":{"index":"index","follow":"follow","max-snippet":"max-snippet:-1","max-image-preview":"max-image-preview:large","max-video-preview":"max-video-preview:-1"},"canonical":"https:\/\/evertonfc.cz\/index.php\/2023\/02\/26\/everton-aston-villa-02\/","og_locale":"cs_CZ","og_type":"article","og_title":"Everton \u2013 Aston Villa 0:2 - Official Czech &amp; Slovak Everton Supporters&#039; Club","og_description":"Nie, tak \u013eahko to Dychovi naozaj nep\u00f4jde. Karamelky s\u00fa po t\u00fd\u017edni op\u00e4\u0165 v\u00a0z\u00f3ne zostupu, ke\u010f nedok\u00e1zali zu\u017eitkova\u0165 efektn\u00e9 more \u0161anc\u00ed, vytvoren\u00e9 vlastn\u00fdmi silami.","og_url":"https:\/\/evertonfc.cz\/index.php\/2023\/02\/26\/everton-aston-villa-02\/","og_site_name":"Official Czech &amp; Slovak Everton Supporters&#039; Club","article_publisher":"https:\/\/www.facebook.com\/everton.fans.cz.sk","article_published_time":"2023-02-26T15:53:50+00:00","og_image":[{"width":720,"height":405,"url":"https:\/\/evertonfc.cz\/wp-content\/uploads\/2023\/02\/skysports-everton-0-2-astom-villa-25-2-2023.jpg","type":"image\/jpeg"}],"author":"BlueBlooded","twitter_card":"summary_large_image","twitter_misc":{"Napsal(a)":"BlueBlooded","Odhadovan\u00e1 doba \u010dten\u00ed":"3 minuty"},"schema":{"@context":"https:\/\/schema.org","@graph":[{"@type":"Article","@id":"https:\/\/evertonfc.cz\/index.php\/2023\/02\/26\/everton-aston-villa-02\/#article","isPartOf":{"@id":"https:\/\/evertonfc.cz\/index.php\/2023\/02\/26\/everton-aston-villa-02\/"},"author":{"name":"BlueBlooded","@id":"https:\/\/evertonfc.cz\/#\/schema\/person\/d4493b8cbea51532597fbc4685698916"},"headline":"Everton \u2013 Aston Villa 0:2","datePublished":"2023-02-26T15:53:50+00:00","dateModified":"2023-02-26T15:53:50+00:00","mainEntityOfPage":{"@id":"https:\/\/evertonfc.cz\/index.php\/2023\/02\/26\/everton-aston-villa-02\/"},"wordCount":679,"commentCount":2,"publisher":{"@id":"https:\/\/evertonfc.cz\/#organization"},"image":{"@id":"https:\/\/evertonfc.cz\/index.php\/2023\/02\/26\/everton-aston-villa-02\/#primaryimage"},"thumbnailUrl":"https:\/\/evertonfc.cz\/wp-content\/uploads\/2023\/02\/skysports-everton-0-2-astom-villa-25-2-2023.jpg","articleSection":["Z\u00e1pasy"],"inLanguage":"cs","potentialAction":[{"@type":"CommentAction","name":"Comment","target":["https:\/\/evertonfc.cz\/index.php\/2023\/02\/26\/everton-aston-villa-02\/#respond"]}]},{"@type":"WebPage","@id":"https:\/\/evertonfc.cz\/index.php\/2023\/02\/26\/everton-aston-villa-02\/","url":"https:\/\/evertonfc.cz\/index.php\/2023\/02\/26\/everton-aston-villa-02\/","name":"Everton \u2013 Aston Villa 0:2 - Official Czech &amp; Slovak Everton Supporters&#039; Club","isPartOf":{"@id":"https:\/\/evertonfc.cz\/#website"},"primaryImageOfPage":{"@id":"https:\/\/evertonfc.cz\/index.php\/2023\/02\/26\/everton-aston-villa-02\/#primaryimage"},"image":{"@id":"https:\/\/evertonfc.cz\/index.php\/2023\/02\/26\/everton-aston-villa-02\/#primaryimage"},"thumbnailUrl":"https:\/\/evertonfc.cz\/wp-content\/uploads\/2023\/02\/skysports-everton-0-2-astom-villa-25-2-2023.jpg","datePublished":"2023-02-26T15:53:50+00:00","dateModified":"2023-02-26T15:53:50+00:00","breadcrumb":{"@id":"https:\/\/evertonfc.cz\/index.php\/2023\/02\/26\/everton-aston-villa-02\/#breadcrumb"},"inLanguage":"cs","potentialAction":[{"@type":"ReadAction","target":["https:\/\/evertonfc.cz\/index.php\/2023\/02\/26\/everton-aston-villa-02\/"]}]},{"@type":"ImageObject","inLanguage":"cs","@id":"https:\/\/evertonfc.cz\/index.php\/2023\/02\/26\/everton-aston-villa-02\/#primaryimage","url":"https:\/\/evertonfc.cz\/wp-content\/uploads\/2023\/02\/skysports-everton-0-2-astom-villa-25-2-2023.jpg","contentUrl":"https:\/\/evertonfc.cz\/wp-content\/uploads\/2023\/02\/skysports-everton-0-2-astom-villa-25-2-2023.jpg","width":720,"height":405},{"@type":"BreadcrumbList","@id":"https:\/\/evertonfc.cz\/index.php\/2023\/02\/26\/everton-aston-villa-02\/#breadcrumb","itemListElement":[{"@type":"ListItem","position":1,"name":"Home","item":"https:\/\/evertonfc.cz\/"},{"@type":"ListItem","position":2,"name":"Everton \u2013 Aston Villa 0:2"}]},{"@type":"WebSite","@id":"https:\/\/evertonfc.cz\/#website","url":"https:\/\/evertonfc.cz\/","name":"Official Czech &amp; Slovak Everton Supporters&#039; Club","description":"","publisher":{"@id":"https:\/\/evertonfc.cz\/#organization"},"potentialAction":[{"@type":"SearchAction","target":{"@type":"EntryPoint","urlTemplate":"https:\/\/evertonfc.cz\/?s={search_term_string}"},"query-input":{"@type":"PropertyValueSpecification","valueRequired":true,"valueName":"search_term_string"}}],"inLanguage":"cs"},{"@type":"Organization","@id":"https:\/\/evertonfc.cz\/#organization","name":"Official Czech & Slovak Everton Supporters' Club","url":"https:\/\/evertonfc.cz\/","logo":{"@type":"ImageObject","inLanguage":"cs","@id":"https:\/\/evertonfc.cz\/#\/schema\/logo\/image\/","url":"https:\/\/evertonfc.cz\/wp-content\/uploads\/2019\/05\/logo.png","contentUrl":"https:\/\/evertonfc.cz\/wp-content\/uploads\/2019\/05\/logo.png","width":112,"height":112,"caption":"Official Czech & Slovak Everton Supporters' Club"},"image":{"@id":"https:\/\/evertonfc.cz\/#\/schema\/logo\/image\/"},"sameAs":["https:\/\/www.facebook.com\/everton.fans.cz.sk"]},{"@type":"Person","@id":"https:\/\/evertonfc.cz\/#\/schema\/person\/d4493b8cbea51532597fbc4685698916","name":"BlueBlooded","url":"https:\/\/evertonfc.cz\/index.php\/author\/admin\/"}]}},"_links":{"self":[{"href":"https:\/\/evertonfc.cz\/index.php\/wp-json\/wp\/v2\/posts\/21097"}],"collection":[{"href":"https:\/\/evertonfc.cz\/index.php\/wp-json\/wp\/v2\/posts"}],"about":[{"href":"https:\/\/evertonfc.cz\/index.php\/wp-json\/wp\/v2\/types\/post"}],"author":[{"embeddable":true,"href":"https:\/\/evertonfc.cz\/index.php\/wp-json\/wp\/v2\/users\/1"}],"replies":[{"embeddable":true,"href":"https:\/\/evertonfc.cz\/index.php\/wp-json\/wp\/v2\/comments?post=21097"}],"version-history":[{"count":1,"href":"https:\/\/evertonfc.cz\/index.php\/wp-json\/wp\/v2\/posts\/21097\/revisions"}],"predecessor-version":[{"id":21099,"href":"https:\/\/evertonfc.cz\/index.php\/wp-json\/wp\/v2\/posts\/21097\/revisions\/21099"}],"wp:featuredmedia":[{"embeddable":true,"href":"https:\/\/evertonfc.cz\/index.php\/wp-json\/wp\/v2\/media\/21098"}],"wp:attachment":[{"href":"https:\/\/evertonfc.cz\/index.php\/wp-json\/wp\/v2\/media?parent=21097"}],"wp:term":[{"taxonomy":"category","embeddable":true,"href":"https:\/\/evertonfc.cz\/index.php\/wp-json\/wp\/v2\/categories?post=21097"},{"taxonomy":"post_tag","embeddable":true,"href":"https:\/\/evertonfc.cz\/index.php\/wp-json\/wp\/v2\/tags?post=21097"}],"curies":[{"name":"wp","href":"https:\/\/api.w.org\/{rel}","templated":true}]}}