{"id":21101,"date":"2023-03-01T13:29:08","date_gmt":"2023-03-01T12:29:08","guid":{"rendered":"https:\/\/evertonfc.cz\/?p=21101"},"modified":"2023-09-16T18:51:58","modified_gmt":"2023-09-16T16:51:58","slug":"preview-arsenal-everton-13","status":"publish","type":"post","link":"https:\/\/evertonfc.cz\/index.php\/2023\/03\/01\/preview-arsenal-everton-13\/","title":{"rendered":"Preview: Arsenal \u2013 Everton"},"content":{"rendered":"<h4>Viete, ako by vyzerala rusk\u00e1 ruleta v\u00a0podan\u00ed Kanonierov? No predsa fifty-fifty. Len\u017ee tak\u00e9 \u0161tedr\u00e9 \u0161ance sa na bodov\u00fd zisk The Toffees na Emirates Stadium nikdy ned\u00e1vaj\u00fa.<\/h4>\n<p>Pre re\u00e1lnej\u0161ie vykreslenie mo\u017en\u00fdch z\u00e1verov by sme si mali prestavi\u0165 klasick\u00fd form\u00e1t, no s\u00a0jedn\u00fdm \u00fa\u010dastn\u00edkom, av\u0161ak s\u00a0rozdielom nie jednej, ale piatich pln\u00fdch kom\u00f4r. Takto nejak vyzeraj\u00fa kurzy, ke\u010f hr\u00e1 kandid\u00e1t na titul s kandid\u00e1tom\u00a0na zostup. A\u00a0to som bol e\u0161te \u0161krob, ke\u010f som navrhol len \u0161es\u0165 r\u00e1n.<\/p>\n<p>Uf, pracovne pesimistick\u00e9 n\u00e1lady to s\u00fa. Tak\u00e9 \u00fa\u010dinky m\u00e1 dlhodob\u00fd pobyt pod \u010diarou ponoru, a nepom\u00e1haj\u00fa ani kr\u00e1tke prech\u00e1dzky v atmosf\u00e9rickom tlaku. Neust\u00e1la dekompresia pod zl\u00fdmi v\u00fdkonmi si vyber\u00e1 da\u0148. Sean Dyche je v\u0161ak zatia\u013e im\u00fanny. S Evertonom sa pot\u00e1pa e\u0161te pr\u00edli\u0161 kr\u00e1tko, preto neurologick\u00e9 prejavy pr\u00eddu na tla\u010dovk\u00e1ch asi a\u017e nesk\u00f4r. Ale to zase raz ma\u013eujem \u010derta na stenu. No neviem si pom\u00f4c\u0165&#8230;<\/p>\n<p>Asi preto, \u017ee zatia\u013e m\u00e1me historicky najni\u017e\u0161\u00ed priemer ligov\u00fdch bodov a g\u00f3lov na z\u00e1pas. A to nov\u00fd boss sa to v\u0161emo\u017ene sna\u017e\u00ed napravi\u0165 aspo\u0148 bodovo. Predsa len po\u010det \u0161es\u0165 z \u00favodn\u00fdch \u0161tyroch stretnut\u00ed je forma, ktor\u00e1 by n\u00e1m do bud\u00facna udr\u017eanie zaru\u010dila. Len\u017ee to nesmieme ako prv\u00ed inkasova\u0165, a v\u017edy da\u0165 aspo\u0148 ten jeden g\u00f3l.<\/p>\n<h4><strong>Dominic n\u00e1m tak skoro nepom\u00f4\u017ee<\/strong><\/h4>\n<p>A\u00a0preto bude minim\u00e1lne to pravideln\u00e9 sk\u00f3rovanie o\u00a0to \u0165a\u017e\u0161ie. Dyche prekvapivo odmietol stanovi\u0165 term\u00edn jeho n\u00e1vratu, \u010do val\u00ed bremen\u00e1 zodpovednosti na mal\u00e9 plecia Maupaya, a\u00a0o\u00a0trochu v\u00e4\u010d\u0161ie Simmsa. Tr\u00e9ner v\u0161ak podotkol, \u017ee rovnako ako je kolekt\u00edvna z\u00e1sluha br\u00e1nenie, tak je na tom rovnako strie\u013eanie g\u00f3lov. Predpoklad\u00e1m, \u017ee ke\u010f to zdelil mu\u017estvu v\u00a0\u0161atni \u010di na tr\u00e9ningu, jedin\u00e9 kolekt\u00edvne \u010do dostal, bolo ticho.<\/p>\n<p>Kto vie, \u010do si o tom mysl\u00ed Gray, n\u00e1\u0161 nie o ve\u013ea najlep\u0161\u00ed strelec. Od pr\u00edchodu Dycha je odk\u00e1zan\u00fd na striedme \u0161ance z lavi\u010dky, \u010do je pre mnoh\u00fdch nepochopite\u013en\u00e9. R\u00fdchly kr\u00eddeln\u00edk je ako stvoren\u00fd na proti\u00fatoky v dueloch ako tento, kde EFC bude odk\u00e1zan\u00e9 na ch\u00falenie sa pred vlastnou br\u00e1nou. Do\u010dk\u00e1 sa kone\u010dne \u0161tartu?<\/p>\n<p>Garner e\u0161te nie. Pre toho je pripraven\u00fd \u010fal\u0161\u00ed \u0161tart za U21 a\u00a0potom u\u017e sn\u00e1\u010f. Patterson je pozadu viac, Townsend \u00faplne mimo. Vych\u00fdlen\u00fd, ale formou je v\u00a0s\u00fa\u010dasnosti Coady. Po\u010detnos\u0165 jeho ch\u00fdb rastie, a\u00a0tie posledn\u00e9 sa aj priamo sp\u00e1jaj\u00fa s\u00a0inkasovan\u00fdmi g\u00f3lmi. To by si \u017eiadalo patri\u010dn\u00fa rot\u00e1ciu. Ale vieme ako to s\u00a0ob\u013e\u00fabencami chod\u00ed.<\/p>\n<h4 style=\"text-align: center;\"><strong>Dyche pred z\u00e1pasom:<\/strong><\/h4>\n<blockquote><p><span style=\"font-size: 12pt;\"><em>\u201ePri poh\u013eade zvonku, so \u0161tatistikami, faktami a t\u00fdm, \u017ee ideme na Arsenal, ktor\u00fd pre\u017e\u00edva skvel\u00fa sez\u00f3nu, v\u00e4\u010d\u0161ina \u013eud\u00ed zvonka nazna\u010duje, \u017ee je nepravdepodobn\u00e9, \u017ee dosiahneme v\u00fdsledok. To v\u0161ak m\u00f4\u017ee t\u00edmu prinies\u0165 trochu viac slobody. Mysl\u00edte si, \u017ee ni\u010d neurob\u00edme. Ale to neznamen\u00e1, \u017ee to tak bude.<\/em> <em>Znamen\u00e1 to, \u017ee tam ur\u010dite p\u00f4jdeme s o\u010dami upret\u00fdmi na v\u00fdhru a pod\u00e1me v\u00fdkon, ktor\u00fd m\u00f4\u017ee nie\u010do z\u00edska\u0165.\u201c<\/em><\/span><\/p><\/blockquote>\n<h4><strong>Vhodn\u00fd okamih je pre\u010d, \u010di?<\/strong><\/h4>\n<p>Skoro pre mesiacom prich\u00e1dzal Arsenal na L4 tesne po por\u00e1\u017eke od City, ktor\u00fdm predch\u00e1dzali v\u00ed\u0165azstv\u00e1 nad United a\u00a0Spurs. Nezdalo sa, \u017ee by tieto v\u00fdsledky nazna\u010dovali v\u00fdrazn\u00fd v\u00fdkyv formy. No predsa z nasleduj\u00facich troch ligov\u00fdch duelov z\u00edskali iba jedin\u00fd bod za dom\u00e1cu rem\u00edzu s\u00a0Brentfordom. Pri\u0161li v\u0161ak v\u00ed\u0165azstv\u00e1 4:2 vonku s\u00a0Villans a\u00a01:0 s\u00a0Leicesterom, tak\u017ee sa zd\u00e1, \u017ee panika je za\u017eehnan\u00e1.<\/p>\n<p>K\u013e\u00fa\u010dom k odplate hos\u0165om bude teda n\u00e1js\u0165 recept, ako neutopi\u0165 vlastn\u00fd \u00fatok v lepkavom karamele modrej obrany. T\u00e1 si dala ve\u013ek\u00fd pozor, aby pod trib\u00fanami v Liverpoole nenechala kombinova\u0165 Artetov\u00fdch \u00fato\u010dn\u00edkov stredom, a limitovala r\u00fdchle n\u00e1behy kr\u00eddiel do v\u00e1pna. Odpove\u010f mo\u017eno poskytol pr\u00e1ve posledn\u00e9 stretnutie s L\u00ed\u0161kami, kde sa prekvapivo objavil na hrote Trossard, zimn\u00e1 posila s Brightonu.<\/p>\n<p>Jeho medzihra sa odbiehan\u00edm do str\u00e1n viac podobala zranen\u00e9mu Gabrielovi, \u010do je typovo odli\u0161n\u00fd \u00fato\u010dn\u00edk od Nketiaha, ktor\u00fd preferuje obsluhovanie centr\u00e1lnej\u0161\u00edch poz\u00edci\u00ed. T\u00fdm sa v\u00fdrazne u\u013eah\u010dili kombin\u00e1cie s kr\u00eddeln\u00edkmi, predt\u00fdm odstrihnut\u00fdmi z diania. \u010ci tento recept, alebo nebodaj in\u00fd za\u00fa\u010dinkuje, sa dozvieme dnes ve\u010der. S\u00faperovi v tom v\u0161ak nepom\u00f4\u017eu okrem Gabriela aj zranen\u00ed Partey a Elneny.<\/p>\n<h4 style=\"text-align: center;\"><strong>\u0160tatistick\u00e9 okienko:<\/strong><\/h4>\n<ul>\n<li>V\u00fdhra Evertonu 1:0 na Emirates Stadium 23. apr\u00edla 2021 je jeho jedin\u00fdm v\u00ed\u0165azstvom v posledn\u00fdch 26 z\u00e1pasoch najvy\u0161\u0161ej s\u00fa\u0165a\u017ee vonku proti Arsenalu (D4, L21).<\/li>\n<li>Arsenal m\u00e1 na konte iba jedno v\u00ed\u0165azstvo z posledn\u00fdch \u0161tyroch dom\u00e1cich ligov\u00fdch z\u00e1pasov (D2, L1), ke\u010f predt\u00fdm vyhral ka\u017ed\u00fd z predch\u00e1dzaj\u00facich 10.<\/li>\n<li>V\u00ed\u0165azstvo Gunners 5:1 nad Toffees v minulej sez\u00f3ne bola piate, \u010do sk\u00f3rovali p\u00e4\u0165 alebo viackr\u00e1t proti Merseysiders v Premier League. \u017diadny t\u00edm v lige nestrelil p\u00e4\u0165 g\u00f3lov in\u00e9mu s\u00faperovi \u010dastej\u0161ie.<\/li>\n<li>Everton e\u0161te nikdy nezv\u00ed\u0165azil v z\u00e1pase Premier League vonku proti l\u00eddrovi tabu\u013eky, pri\u010dom p\u00e4\u0165kr\u00e1t remizoval a prehral 19 tak\u00fdchto z\u00e1pasov.<\/li>\n<li>Posledn\u00fdm v\u00ed\u0165azstvom EFC v lige proti l\u00eddrom najvy\u0161\u0161ej s\u00fa\u0165a\u017ee bolo v\u00ed\u0165azstvo 2:1 proti Wimbledonu v ju\u017enom Lond\u00fdne v septembri 1986.<\/li>\n<li>Mikel Arteta prehral \u0161tyri z\u00e1pasy Premier League ako mana\u017e\u00e9r proti Evertonu. Jedin\u00fdm t\u00edmom, proti ktor\u00e9mu m\u00e1 hor\u0161iu bilanciu, je Manchester City (\u0161es\u0165 prehier).<\/li>\n<li>Sean Dyche prehral svojich prv\u00fdch dev\u00e4\u0165 z\u00e1pasov PL ako mana\u017e\u00e9r proti Arsenalu. Ale bol porazen\u00fd iba v jednom z posledn\u00fdch \u0161iestich (W2, D3).<\/li>\n<li>Jeho t\u00edmy v\u0161ak po\u010das 15 stretnut\u00ed s AFC nikdy nesk\u00f3rovali viac ako raz, celkovo sedem.<\/li>\n<\/ul>\n<h3 style=\"text-align: center;\"><em><span style=\"color: #3366ff;\"><strong>Up The Toffees !!!<\/strong><\/span><\/em><\/h3>\n<p><strong>\u010co:<\/strong> Arsenal FC \u2013 Everton FC, dohr\u00e1vka 7. kola Premier League<br \/>\n<strong>Kedy:<\/strong> 1.3. 2023 od 20:45 SE\u010c<br \/>\n<strong>Ako: <\/strong>priamy prenos na CANAL+Sport 1<br \/>\n<strong>Kde:<\/strong> Emirates Stadium \u2013 Hornsey Rd, Lond\u00fdn N7 7AJ (kapacita: 60 704)<br \/>\n<strong>Rozhodca:<\/strong> Michael Oliver\u00a0 <strong>Asistenti:<\/strong> S. Burt, S. Bennett \u00a0<strong>\u0160tvrt\u00fd rozhodca:<\/strong> D. Coote<br \/>\n<strong>VAR: <\/strong>Tony Harrington \u00a0<strong>Asistent VAR: <\/strong>James Mainwaring<\/p>\n","protected":false},"excerpt":{"rendered":"<p>Viete, ako by vyzerala rusk\u00e1 ruleta v\u00a0podan\u00ed Kanonierov? No predsa fifty-fifty. Len\u017ee tak\u00e9 \u0161tedr\u00e9 \u0161ance sa na bodov\u00fd zisk The Toffees na Emirates Stadium nikdy ned\u00e1vaj\u00fa.<\/p>\n","protected":false},"author":1,"featured_media":15084,"comment_status":"open","ping_status":"closed","sticky":false,"template":"","format":"standard","meta":{"_eb_attr":"","_monsterinsights_skip_tracking":false,"_monsterinsights_sitenote_active":false,"_monsterinsights_sitenote_note":"","_monsterinsights_sitenote_category":0,"footnotes":""},"categories":[4],"tags":[],"yoast_head":"<!-- This site is optimized with the Yoast SEO plugin v23.4 - https:\/\/yoast.com\/wordpress\/plugins\/seo\/ -->\n<title>Preview: Arsenal \u2013 Everton - Official Czech &amp; Slovak Everton Supporters&#039; Club<\/title>\n<meta name=\"robots\" content=\"index, follow, max-snippet:-1, max-image-preview:large, max-video-preview:-1\" \/>\n<link rel=\"canonical\" href=\"https:\/\/evertonfc.cz\/index.php\/2023\/03\/01\/preview-arsenal-everton-13\/\" \/>\n<meta property=\"og:locale\" content=\"cs_CZ\" \/>\n<meta property=\"og:type\" content=\"article\" \/>\n<meta property=\"og:title\" content=\"Preview: Arsenal \u2013 Everton - Official Czech &amp; Slovak Everton Supporters&#039; Club\" \/>\n<meta property=\"og:description\" content=\"Viete, ako by vyzerala rusk\u00e1 ruleta v\u00a0podan\u00ed Kanonierov? No predsa fifty-fifty. Len\u017ee tak\u00e9 \u0161tedr\u00e9 \u0161ance sa na bodov\u00fd zisk The Toffees na Emirates Stadium nikdy ned\u00e1vaj\u00fa.\" \/>\n<meta property=\"og:url\" content=\"https:\/\/evertonfc.cz\/index.php\/2023\/03\/01\/preview-arsenal-everton-13\/\" \/>\n<meta property=\"og:site_name\" content=\"Official Czech &amp; Slovak Everton Supporters&#039; Club\" \/>\n<meta property=\"article:publisher\" content=\"https:\/\/www.facebook.com\/everton.fans.cz.sk\" \/>\n<meta property=\"article:published_time\" content=\"2023-03-01T12:29:08+00:00\" \/>\n<meta property=\"article:modified_time\" content=\"2023-09-16T16:51:58+00:00\" \/>\n<meta property=\"og:image\" content=\"https:\/\/evertonfc.cz\/wp-content\/uploads\/2021\/04\/Arsenal-VS-Everton.jpg\" \/>\n\t<meta property=\"og:image:width\" content=\"720\" \/>\n\t<meta property=\"og:image:height\" content=\"405\" \/>\n\t<meta property=\"og:image:type\" content=\"image\/jpeg\" \/>\n<meta name=\"author\" content=\"BlueBlooded\" \/>\n<meta name=\"twitter:card\" content=\"summary_large_image\" \/>\n<meta name=\"twitter:label1\" content=\"Napsal(a)\" \/>\n\t<meta name=\"twitter:data1\" content=\"BlueBlooded\" \/>\n\t<meta name=\"twitter:label2\" content=\"Odhadovan\u00e1 doba \u010dten\u00ed\" \/>\n\t<meta name=\"twitter:data2\" content=\"5 minut\" \/>\n<script type=\"application\/ld+json\" class=\"yoast-schema-graph\">{\"@context\":\"https:\/\/schema.org\",\"@graph\":[{\"@type\":\"Article\",\"@id\":\"https:\/\/evertonfc.cz\/index.php\/2023\/03\/01\/preview-arsenal-everton-13\/#article\",\"isPartOf\":{\"@id\":\"https:\/\/evertonfc.cz\/index.php\/2023\/03\/01\/preview-arsenal-everton-13\/\"},\"author\":{\"name\":\"BlueBlooded\",\"@id\":\"https:\/\/evertonfc.cz\/#\/schema\/person\/d4493b8cbea51532597fbc4685698916\"},\"headline\":\"Preview: Arsenal \u2013 Everton\",\"datePublished\":\"2023-03-01T12:29:08+00:00\",\"dateModified\":\"2023-09-16T16:51:58+00:00\",\"mainEntityOfPage\":{\"@id\":\"https:\/\/evertonfc.cz\/index.php\/2023\/03\/01\/preview-arsenal-everton-13\/\"},\"wordCount\":1082,\"commentCount\":5,\"publisher\":{\"@id\":\"https:\/\/evertonfc.cz\/#organization\"},\"image\":{\"@id\":\"https:\/\/evertonfc.cz\/index.php\/2023\/03\/01\/preview-arsenal-everton-13\/#primaryimage\"},\"thumbnailUrl\":\"https:\/\/evertonfc.cz\/wp-content\/uploads\/2021\/04\/Arsenal-VS-Everton.jpg\",\"articleSection\":[\"Z\u00e1pasy\"],\"inLanguage\":\"cs\",\"potentialAction\":[{\"@type\":\"CommentAction\",\"name\":\"Comment\",\"target\":[\"https:\/\/evertonfc.cz\/index.php\/2023\/03\/01\/preview-arsenal-everton-13\/#respond\"]}]},{\"@type\":\"WebPage\",\"@id\":\"https:\/\/evertonfc.cz\/index.php\/2023\/03\/01\/preview-arsenal-everton-13\/\",\"url\":\"https:\/\/evertonfc.cz\/index.php\/2023\/03\/01\/preview-arsenal-everton-13\/\",\"name\":\"Preview: Arsenal \u2013 Everton - Official Czech &amp; Slovak Everton Supporters&#039; Club\",\"isPartOf\":{\"@id\":\"https:\/\/evertonfc.cz\/#website\"},\"primaryImageOfPage\":{\"@id\":\"https:\/\/evertonfc.cz\/index.php\/2023\/03\/01\/preview-arsenal-everton-13\/#primaryimage\"},\"image\":{\"@id\":\"https:\/\/evertonfc.cz\/index.php\/2023\/03\/01\/preview-arsenal-everton-13\/#primaryimage\"},\"thumbnailUrl\":\"https:\/\/evertonfc.cz\/wp-content\/uploads\/2021\/04\/Arsenal-VS-Everton.jpg\",\"datePublished\":\"2023-03-01T12:29:08+00:00\",\"dateModified\":\"2023-09-16T16:51:58+00:00\",\"breadcrumb\":{\"@id\":\"https:\/\/evertonfc.cz\/index.php\/2023\/03\/01\/preview-arsenal-everton-13\/#breadcrumb\"},\"inLanguage\":\"cs\",\"potentialAction\":[{\"@type\":\"ReadAction\",\"target\":[\"https:\/\/evertonfc.cz\/index.php\/2023\/03\/01\/preview-arsenal-everton-13\/\"]}]},{\"@type\":\"ImageObject\",\"inLanguage\":\"cs\",\"@id\":\"https:\/\/evertonfc.cz\/index.php\/2023\/03\/01\/preview-arsenal-everton-13\/#primaryimage\",\"url\":\"https:\/\/evertonfc.cz\/wp-content\/uploads\/2021\/04\/Arsenal-VS-Everton.jpg\",\"contentUrl\":\"https:\/\/evertonfc.cz\/wp-content\/uploads\/2021\/04\/Arsenal-VS-Everton.jpg\",\"width\":720,\"height\":405},{\"@type\":\"BreadcrumbList\",\"@id\":\"https:\/\/evertonfc.cz\/index.php\/2023\/03\/01\/preview-arsenal-everton-13\/#breadcrumb\",\"itemListElement\":[{\"@type\":\"ListItem\",\"position\":1,\"name\":\"Home\",\"item\":\"https:\/\/evertonfc.cz\/\"},{\"@type\":\"ListItem\",\"position\":2,\"name\":\"Preview: Arsenal \u2013 Everton\"}]},{\"@type\":\"WebSite\",\"@id\":\"https:\/\/evertonfc.cz\/#website\",\"url\":\"https:\/\/evertonfc.cz\/\",\"name\":\"Official Czech &amp; Slovak Everton Supporters&#039; Club\",\"description\":\"\",\"publisher\":{\"@id\":\"https:\/\/evertonfc.cz\/#organization\"},\"potentialAction\":[{\"@type\":\"SearchAction\",\"target\":{\"@type\":\"EntryPoint\",\"urlTemplate\":\"https:\/\/evertonfc.cz\/?s={search_term_string}\"},\"query-input\":{\"@type\":\"PropertyValueSpecification\",\"valueRequired\":true,\"valueName\":\"search_term_string\"}}],\"inLanguage\":\"cs\"},{\"@type\":\"Organization\",\"@id\":\"https:\/\/evertonfc.cz\/#organization\",\"name\":\"Official Czech & Slovak Everton Supporters' Club\",\"url\":\"https:\/\/evertonfc.cz\/\",\"logo\":{\"@type\":\"ImageObject\",\"inLanguage\":\"cs\",\"@id\":\"https:\/\/evertonfc.cz\/#\/schema\/logo\/image\/\",\"url\":\"https:\/\/evertonfc.cz\/wp-content\/uploads\/2019\/05\/logo.png\",\"contentUrl\":\"https:\/\/evertonfc.cz\/wp-content\/uploads\/2019\/05\/logo.png\",\"width\":112,\"height\":112,\"caption\":\"Official Czech & Slovak Everton Supporters' Club\"},\"image\":{\"@id\":\"https:\/\/evertonfc.cz\/#\/schema\/logo\/image\/\"},\"sameAs\":[\"https:\/\/www.facebook.com\/everton.fans.cz.sk\"]},{\"@type\":\"Person\",\"@id\":\"https:\/\/evertonfc.cz\/#\/schema\/person\/d4493b8cbea51532597fbc4685698916\",\"name\":\"BlueBlooded\",\"url\":\"https:\/\/evertonfc.cz\/index.php\/author\/admin\/\"}]}<\/script>\n<!-- \/ Yoast SEO plugin. -->","yoast_head_json":{"title":"Preview: Arsenal \u2013 Everton - Official Czech &amp; Slovak Everton Supporters&#039; Club","robots":{"index":"index","follow":"follow","max-snippet":"max-snippet:-1","max-image-preview":"max-image-preview:large","max-video-preview":"max-video-preview:-1"},"canonical":"https:\/\/evertonfc.cz\/index.php\/2023\/03\/01\/preview-arsenal-everton-13\/","og_locale":"cs_CZ","og_type":"article","og_title":"Preview: Arsenal \u2013 Everton - Official Czech &amp; Slovak Everton Supporters&#039; Club","og_description":"Viete, ako by vyzerala rusk\u00e1 ruleta v\u00a0podan\u00ed Kanonierov? No predsa fifty-fifty. Len\u017ee tak\u00e9 \u0161tedr\u00e9 \u0161ance sa na bodov\u00fd zisk The Toffees na Emirates Stadium nikdy ned\u00e1vaj\u00fa.","og_url":"https:\/\/evertonfc.cz\/index.php\/2023\/03\/01\/preview-arsenal-everton-13\/","og_site_name":"Official Czech &amp; Slovak Everton Supporters&#039; Club","article_publisher":"https:\/\/www.facebook.com\/everton.fans.cz.sk","article_published_time":"2023-03-01T12:29:08+00:00","article_modified_time":"2023-09-16T16:51:58+00:00","og_image":[{"width":720,"height":405,"url":"https:\/\/evertonfc.cz\/wp-content\/uploads\/2021\/04\/Arsenal-VS-Everton.jpg","type":"image\/jpeg"}],"author":"BlueBlooded","twitter_card":"summary_large_image","twitter_misc":{"Napsal(a)":"BlueBlooded","Odhadovan\u00e1 doba \u010dten\u00ed":"5 minut"},"schema":{"@context":"https:\/\/schema.org","@graph":[{"@type":"Article","@id":"https:\/\/evertonfc.cz\/index.php\/2023\/03\/01\/preview-arsenal-everton-13\/#article","isPartOf":{"@id":"https:\/\/evertonfc.cz\/index.php\/2023\/03\/01\/preview-arsenal-everton-13\/"},"author":{"name":"BlueBlooded","@id":"https:\/\/evertonfc.cz\/#\/schema\/person\/d4493b8cbea51532597fbc4685698916"},"headline":"Preview: Arsenal \u2013 Everton","datePublished":"2023-03-01T12:29:08+00:00","dateModified":"2023-09-16T16:51:58+00:00","mainEntityOfPage":{"@id":"https:\/\/evertonfc.cz\/index.php\/2023\/03\/01\/preview-arsenal-everton-13\/"},"wordCount":1082,"commentCount":5,"publisher":{"@id":"https:\/\/evertonfc.cz\/#organization"},"image":{"@id":"https:\/\/evertonfc.cz\/index.php\/2023\/03\/01\/preview-arsenal-everton-13\/#primaryimage"},"thumbnailUrl":"https:\/\/evertonfc.cz\/wp-content\/uploads\/2021\/04\/Arsenal-VS-Everton.jpg","articleSection":["Z\u00e1pasy"],"inLanguage":"cs","potentialAction":[{"@type":"CommentAction","name":"Comment","target":["https:\/\/evertonfc.cz\/index.php\/2023\/03\/01\/preview-arsenal-everton-13\/#respond"]}]},{"@type":"WebPage","@id":"https:\/\/evertonfc.cz\/index.php\/2023\/03\/01\/preview-arsenal-everton-13\/","url":"https:\/\/evertonfc.cz\/index.php\/2023\/03\/01\/preview-arsenal-everton-13\/","name":"Preview: Arsenal \u2013 Everton - Official Czech &amp; Slovak Everton Supporters&#039; Club","isPartOf":{"@id":"https:\/\/evertonfc.cz\/#website"},"primaryImageOfPage":{"@id":"https:\/\/evertonfc.cz\/index.php\/2023\/03\/01\/preview-arsenal-everton-13\/#primaryimage"},"image":{"@id":"https:\/\/evertonfc.cz\/index.php\/2023\/03\/01\/preview-arsenal-everton-13\/#primaryimage"},"thumbnailUrl":"https:\/\/evertonfc.cz\/wp-content\/uploads\/2021\/04\/Arsenal-VS-Everton.jpg","datePublished":"2023-03-01T12:29:08+00:00","dateModified":"2023-09-16T16:51:58+00:00","breadcrumb":{"@id":"https:\/\/evertonfc.cz\/index.php\/2023\/03\/01\/preview-arsenal-everton-13\/#breadcrumb"},"inLanguage":"cs","potentialAction":[{"@type":"ReadAction","target":["https:\/\/evertonfc.cz\/index.php\/2023\/03\/01\/preview-arsenal-everton-13\/"]}]},{"@type":"ImageObject","inLanguage":"cs","@id":"https:\/\/evertonfc.cz\/index.php\/2023\/03\/01\/preview-arsenal-everton-13\/#primaryimage","url":"https:\/\/evertonfc.cz\/wp-content\/uploads\/2021\/04\/Arsenal-VS-Everton.jpg","contentUrl":"https:\/\/evertonfc.cz\/wp-content\/uploads\/2021\/04\/Arsenal-VS-Everton.jpg","width":720,"height":405},{"@type":"BreadcrumbList","@id":"https:\/\/evertonfc.cz\/index.php\/2023\/03\/01\/preview-arsenal-everton-13\/#breadcrumb","itemListElement":[{"@type":"ListItem","position":1,"name":"Home","item":"https:\/\/evertonfc.cz\/"},{"@type":"ListItem","position":2,"name":"Preview: Arsenal \u2013 Everton"}]},{"@type":"WebSite","@id":"https:\/\/evertonfc.cz\/#website","url":"https:\/\/evertonfc.cz\/","name":"Official Czech &amp; Slovak Everton Supporters&#039; Club","description":"","publisher":{"@id":"https:\/\/evertonfc.cz\/#organization"},"potentialAction":[{"@type":"SearchAction","target":{"@type":"EntryPoint","urlTemplate":"https:\/\/evertonfc.cz\/?s={search_term_string}"},"query-input":{"@type":"PropertyValueSpecification","valueRequired":true,"valueName":"search_term_string"}}],"inLanguage":"cs"},{"@type":"Organization","@id":"https:\/\/evertonfc.cz\/#organization","name":"Official Czech & Slovak Everton Supporters' Club","url":"https:\/\/evertonfc.cz\/","logo":{"@type":"ImageObject","inLanguage":"cs","@id":"https:\/\/evertonfc.cz\/#\/schema\/logo\/image\/","url":"https:\/\/evertonfc.cz\/wp-content\/uploads\/2019\/05\/logo.png","contentUrl":"https:\/\/evertonfc.cz\/wp-content\/uploads\/2019\/05\/logo.png","width":112,"height":112,"caption":"Official Czech & Slovak Everton Supporters' Club"},"image":{"@id":"https:\/\/evertonfc.cz\/#\/schema\/logo\/image\/"},"sameAs":["https:\/\/www.facebook.com\/everton.fans.cz.sk"]},{"@type":"Person","@id":"https:\/\/evertonfc.cz\/#\/schema\/person\/d4493b8cbea51532597fbc4685698916","name":"BlueBlooded","url":"https:\/\/evertonfc.cz\/index.php\/author\/admin\/"}]}},"_links":{"self":[{"href":"https:\/\/evertonfc.cz\/index.php\/wp-json\/wp\/v2\/posts\/21101"}],"collection":[{"href":"https:\/\/evertonfc.cz\/index.php\/wp-json\/wp\/v2\/posts"}],"about":[{"href":"https:\/\/evertonfc.cz\/index.php\/wp-json\/wp\/v2\/types\/post"}],"author":[{"embeddable":true,"href":"https:\/\/evertonfc.cz\/index.php\/wp-json\/wp\/v2\/users\/1"}],"replies":[{"embeddable":true,"href":"https:\/\/evertonfc.cz\/index.php\/wp-json\/wp\/v2\/comments?post=21101"}],"version-history":[{"count":10,"href":"https:\/\/evertonfc.cz\/index.php\/wp-json\/wp\/v2\/posts\/21101\/revisions"}],"predecessor-version":[{"id":22774,"href":"https:\/\/evertonfc.cz\/index.php\/wp-json\/wp\/v2\/posts\/21101\/revisions\/22774"}],"wp:featuredmedia":[{"embeddable":true,"href":"https:\/\/evertonfc.cz\/index.php\/wp-json\/wp\/v2\/media\/15084"}],"wp:attachment":[{"href":"https:\/\/evertonfc.cz\/index.php\/wp-json\/wp\/v2\/media?parent=21101"}],"wp:term":[{"taxonomy":"category","embeddable":true,"href":"https:\/\/evertonfc.cz\/index.php\/wp-json\/wp\/v2\/categories?post=21101"},{"taxonomy":"post_tag","embeddable":true,"href":"https:\/\/evertonfc.cz\/index.php\/wp-json\/wp\/v2\/tags?post=21101"}],"curies":[{"name":"wp","href":"https:\/\/api.w.org\/{rel}","templated":true}]}}