{"id":21112,"date":"2023-03-01T23:02:03","date_gmt":"2023-03-01T22:02:03","guid":{"rendered":"https:\/\/evertonfc.cz\/?p=21112"},"modified":"2023-03-01T23:05:10","modified_gmt":"2023-03-01T22:05:10","slug":"arsenal-everton-4-0","status":"publish","type":"post","link":"https:\/\/evertonfc.cz\/index.php\/2023\/03\/01\/arsenal-everton-4-0\/","title":{"rendered":"Arsenal \u2013 Everton 4:0"},"content":{"rendered":"<h4>Fotbal je jednoduch\u00e1 hra, tedy aspo\u0148 v pod\u00e1n\u00ed l\u00e9taj\u00edc\u00edch Gunners, kte\u0159\u00ed v dohr\u00e1van\u00e9m sedm\u00e9m kole deklasovali hork\u00e9ho aspiranta na sestup.<\/h4>\n<p>Mana\u017eer Sean Dyche vyt\u00e1hl na ligov\u00e9ho l\u00eddra star\u00e9ho zn\u00e1m\u00e9ho z Burnley Micheala Keanea, kter\u00fd nasko\u010dil v z\u00e1kladn\u00ed sestav\u011b poprv\u00e9 od listopadov\u00e9ho poh\u00e1rov\u00e9ho debaklu v Bournemouthu. 30let\u00fd stoper nahradil stejn\u011b star\u00e9ho a v posledn\u00ed dob\u011b \u010dasto chybuj\u00edc\u00edho Conora Coadyho. Jinak z\u00e1kladn\u00ed sestava Toffees nedoznala zm\u011bn.<\/p>\n<p>Obr\u00e1zek prvn\u00edho polo\u010dasu vypadal dlouho dobu n\u00e1sledovn\u011b: Arsenal marn\u011b hledal skulinku v dob\u0159e organizovan\u00e9m valu Evertonu, kter\u00fd zase p\u0159i sv\u00fdch tradi\u010dn\u011b bezpohlavn\u00edch brejc\u00edch nedok\u00e1zal trestat mezery v defenzivn\u011b dom\u00e1c\u00edch.<\/p>\n<p>Trp\u011blivost Gunners ale p\u0159inesla ovoce je\u0161t\u011b p\u0159ed p\u0159est\u00e1vkou. Zinchenko ve 40. minut\u011b na\u0161el na hranici v\u00e1pna voln\u00e9ho Saku, jeho\u017e neuhl\u00eddali dezorientovan\u00fd Mykolenko a p\u0159ihl\u00ed\u017eej\u00edc\u00ed Keane, a mlad\u00e1 anglick\u00e1 superstar nedala Pickfordovi \u0161anci &#8211; <strong>1:0<\/strong>.<\/p>\n<p>Rozhoduj\u00edc\u00ed p\u011btiminutovku z\u00e1pasu korunoval Gueye, jen\u017e p\u0159edvedl dal\u0161\u00ed ze sv\u00e9 \u0159ady nepochopiteln\u00fdch zkrat\u016f. Jako posledn\u00ed hr\u00e1\u010d si nev\u0161iml (prost\u011b se na to vys\u2026) atakuj\u00edc\u00edho Saky, jeho\u017e presinku vyu\u017eil sk\u00f3ruj\u00edc\u00ed Martinelli &#8211; <strong>2:0<\/strong>. G\u00f3l je\u0161t\u011b kv\u016fli ofsajdu p\u0159ezkoum\u00e1val VAR, kter\u00fd nakonec potvrdil, \u017ee Martinelli byl v dob\u0159e p\u0159ihr\u00e1vky za m\u00ed\u010dem.<\/p>\n<p>Pr\u00e1v\u011b Gana z\u016fstal o polo\u010dase zaslou\u017een\u011b v kabin\u011b, jeho m\u00edsto ve st\u0159edu z\u00e1lohy zaujal stoper Holgate. Dyche se je\u0161t\u011b pot\u00e9 sna\u017eil zvr\u00e1tit nep\u0159\u00edzniv\u00fd stav dvojit\u00fdm st\u0159\u00edd\u00e1n\u00edm, to kdy\u017e Godfrey s Grayem nahradili po hodin\u011b hry Colemana s Maupayem. A vz\u00e1p\u011bt\u00ed se uk\u00e1zalo, Everton p\u0159eci jenom um\u00ed nebezpe\u010dn\u011b zakon\u010dit. Po McNeillov\u011b individu\u00e1ln\u00ed akci musel poprv\u00e9 v utk\u00e1n\u00ed v\u00fdrazn\u011bji zasahovat Ramsdale.<\/p>\n<p>By\u0165 i drobnou nad\u011bji na bodov\u00fd zisk Toffees u\u0165ala 71. minuta, respektive op\u011btovn\u00e9 nezodpov\u011bdn\u00e9 br\u00e1n\u011bn\u00ed. Trossard vl\u00e9tl do v\u00e1pna, v n\u011bm\u017e na\u0161el nehl\u00eddan\u00e9ho \u00d8degaarda, kter\u00fd potvrdil svou leto\u0161n\u00ed st\u0159eleckou formu &#8211; <strong>3:0<\/strong>. Everton t\u0159et\u00ed g\u00f3l polo\u017eil a ligov\u00fd l\u00eddr za\u010dal s exhibic\u00ed. V 80. minut\u011b si trojice Zinchenko-Nketiah-Martinelli si \u00fasp\u011b\u0161n\u011b zahr\u00e1la bago &#8211; <strong>4:0<\/strong>.<\/p>\n<p>Nemohoucnost Toffees korunoval v nastaven\u00e9m \u010dase st\u0159\u00eddaj\u00edc\u00ed Davies, kter\u00fd z mal\u00e9ho nedok\u00e1zal p\u0159ekonat le\u017e\u00edc\u00edho brank\u00e1\u0159e Ramsdalea. Co dodat? Snad rad\u0161i nic. V ned\u011bli zaj\u00ed\u017ed\u00ed Everton na City Ground, kde mus\u00ed bezpodm\u00edne\u010dn\u011b bodovat.<\/p>\n<p><strong>Branky:<\/strong> 40. Bukayo Saka, 45+1. a 80. Gabriel Martinelli, 71. Martin \u00d8degaard<\/p>\n<p><strong>\u017dK:<\/strong> 51. James Tarkowski, 66. Ben Godfrey<\/p>\n<p><strong>Arsenal:<\/strong> Aaron Ramsdale, Ben White, Gabriel Magalh\u00e3es, William Saliba, Oleksandr Zinchenko (82. Kieran Tierney), Jorginho (46. Thomas Partey), Granit Xhaka (72. F\u00e1bio Vieria), Martin \u00d8degaard, Bukayo Saka (82. Emile Smith Rowe), Leandro Trossard (72. Edward Nketiah), Gabriel Martinelli<\/p>\n<p><strong>Everton:<\/strong> Jordan Pickford, S\u00e9amus Coleman (61- Ben Godfrey), James Tarkowski, Michael Keane, Vitaliy Mykolenko, Idrissa Gueye (46. Mason Holgate), Abdoulaye Doucour\u00e9 (79. Tom Davies), Amadou Onana, Alex Iwobi, Dwight McNeil, Neal Maupay (61. Demarai Gray)<\/p>\n<p><strong>Rozhod\u010d\u00ed:<\/strong> Michael Oliver<\/p>\n<p><strong>Po\u010det div\u00e1k\u016f:<\/strong> 60 213<\/p>\n","protected":false},"excerpt":{"rendered":"<p>Fotbal je jednoduch\u00e1 hra, tedy aspo\u0148 v pod\u00e1n\u00ed l\u00e9taj\u00edc\u00edch Gunners, kte\u0159\u00ed v dohr\u00e1van\u00e9m sedm\u00e9m kole deklasovali hork\u00e9ho aspiranta na sestup.<\/p>\n","protected":false},"author":6,"featured_media":21111,"comment_status":"open","ping_status":"closed","sticky":false,"template":"","format":"standard","meta":{"_eb_attr":"","_monsterinsights_skip_tracking":false,"_monsterinsights_sitenote_active":false,"_monsterinsights_sitenote_note":"","_monsterinsights_sitenote_category":0,"footnotes":""},"categories":[4],"tags":[],"yoast_head":"<!-- This site is optimized with the Yoast SEO plugin v23.4 - https:\/\/yoast.com\/wordpress\/plugins\/seo\/ -->\n<title>Arsenal \u2013 Everton 4:0 - Official Czech &amp; Slovak Everton Supporters&#039; Club<\/title>\n<meta name=\"robots\" content=\"index, follow, max-snippet:-1, max-image-preview:large, max-video-preview:-1\" \/>\n<link rel=\"canonical\" href=\"https:\/\/evertonfc.cz\/index.php\/2023\/03\/01\/arsenal-everton-4-0\/\" \/>\n<meta property=\"og:locale\" content=\"cs_CZ\" \/>\n<meta property=\"og:type\" content=\"article\" \/>\n<meta property=\"og:title\" content=\"Arsenal \u2013 Everton 4:0 - Official Czech &amp; Slovak Everton Supporters&#039; Club\" \/>\n<meta property=\"og:description\" content=\"Fotbal je jednoduch\u00e1 hra, tedy aspo\u0148 v pod\u00e1n\u00ed l\u00e9taj\u00edc\u00edch Gunners, kte\u0159\u00ed v dohr\u00e1van\u00e9m sedm\u00e9m kole deklasovali hork\u00e9ho aspiranta na sestup.\" \/>\n<meta property=\"og:url\" content=\"https:\/\/evertonfc.cz\/index.php\/2023\/03\/01\/arsenal-everton-4-0\/\" \/>\n<meta property=\"og:site_name\" content=\"Official Czech &amp; Slovak Everton Supporters&#039; Club\" \/>\n<meta property=\"article:publisher\" content=\"https:\/\/www.facebook.com\/everton.fans.cz.sk\" \/>\n<meta property=\"article:published_time\" content=\"2023-03-01T22:02:03+00:00\" \/>\n<meta property=\"article:modified_time\" content=\"2023-03-01T22:05:10+00:00\" \/>\n<meta property=\"og:image\" content=\"https:\/\/evertonfc.cz\/wp-content\/uploads\/2023\/03\/arsenal_1_3_2023.jpg\" \/>\n\t<meta property=\"og:image:width\" content=\"720\" \/>\n\t<meta property=\"og:image:height\" content=\"405\" \/>\n\t<meta property=\"og:image:type\" content=\"image\/jpeg\" \/>\n<meta name=\"author\" content=\"Ri\u010di\" \/>\n<meta name=\"twitter:card\" content=\"summary_large_image\" \/>\n<meta name=\"twitter:creator\" content=\"@rbrejsa\" \/>\n<meta name=\"twitter:label1\" content=\"Napsal(a)\" \/>\n\t<meta name=\"twitter:data1\" content=\"Ri\u010di\" \/>\n\t<meta name=\"twitter:label2\" content=\"Odhadovan\u00e1 doba \u010dten\u00ed\" \/>\n\t<meta name=\"twitter:data2\" content=\"3 minuty\" \/>\n<script type=\"application\/ld+json\" class=\"yoast-schema-graph\">{\"@context\":\"https:\/\/schema.org\",\"@graph\":[{\"@type\":\"Article\",\"@id\":\"https:\/\/evertonfc.cz\/index.php\/2023\/03\/01\/arsenal-everton-4-0\/#article\",\"isPartOf\":{\"@id\":\"https:\/\/evertonfc.cz\/index.php\/2023\/03\/01\/arsenal-everton-4-0\/\"},\"author\":{\"name\":\"Ri\u010di\",\"@id\":\"https:\/\/evertonfc.cz\/#\/schema\/person\/f7a5daedb2ffee98480bc70e191aaef1\"},\"headline\":\"Arsenal \u2013 Everton 4:0\",\"datePublished\":\"2023-03-01T22:02:03+00:00\",\"dateModified\":\"2023-03-01T22:05:10+00:00\",\"mainEntityOfPage\":{\"@id\":\"https:\/\/evertonfc.cz\/index.php\/2023\/03\/01\/arsenal-everton-4-0\/\"},\"wordCount\":536,\"commentCount\":12,\"publisher\":{\"@id\":\"https:\/\/evertonfc.cz\/#organization\"},\"image\":{\"@id\":\"https:\/\/evertonfc.cz\/index.php\/2023\/03\/01\/arsenal-everton-4-0\/#primaryimage\"},\"thumbnailUrl\":\"https:\/\/evertonfc.cz\/wp-content\/uploads\/2023\/03\/arsenal_1_3_2023.jpg\",\"articleSection\":[\"Z\u00e1pasy\"],\"inLanguage\":\"cs\",\"potentialAction\":[{\"@type\":\"CommentAction\",\"name\":\"Comment\",\"target\":[\"https:\/\/evertonfc.cz\/index.php\/2023\/03\/01\/arsenal-everton-4-0\/#respond\"]}]},{\"@type\":\"WebPage\",\"@id\":\"https:\/\/evertonfc.cz\/index.php\/2023\/03\/01\/arsenal-everton-4-0\/\",\"url\":\"https:\/\/evertonfc.cz\/index.php\/2023\/03\/01\/arsenal-everton-4-0\/\",\"name\":\"Arsenal \u2013 Everton 4:0 - Official Czech &amp; Slovak Everton Supporters&#039; Club\",\"isPartOf\":{\"@id\":\"https:\/\/evertonfc.cz\/#website\"},\"primaryImageOfPage\":{\"@id\":\"https:\/\/evertonfc.cz\/index.php\/2023\/03\/01\/arsenal-everton-4-0\/#primaryimage\"},\"image\":{\"@id\":\"https:\/\/evertonfc.cz\/index.php\/2023\/03\/01\/arsenal-everton-4-0\/#primaryimage\"},\"thumbnailUrl\":\"https:\/\/evertonfc.cz\/wp-content\/uploads\/2023\/03\/arsenal_1_3_2023.jpg\",\"datePublished\":\"2023-03-01T22:02:03+00:00\",\"dateModified\":\"2023-03-01T22:05:10+00:00\",\"breadcrumb\":{\"@id\":\"https:\/\/evertonfc.cz\/index.php\/2023\/03\/01\/arsenal-everton-4-0\/#breadcrumb\"},\"inLanguage\":\"cs\",\"potentialAction\":[{\"@type\":\"ReadAction\",\"target\":[\"https:\/\/evertonfc.cz\/index.php\/2023\/03\/01\/arsenal-everton-4-0\/\"]}]},{\"@type\":\"ImageObject\",\"inLanguage\":\"cs\",\"@id\":\"https:\/\/evertonfc.cz\/index.php\/2023\/03\/01\/arsenal-everton-4-0\/#primaryimage\",\"url\":\"https:\/\/evertonfc.cz\/wp-content\/uploads\/2023\/03\/arsenal_1_3_2023.jpg\",\"contentUrl\":\"https:\/\/evertonfc.cz\/wp-content\/uploads\/2023\/03\/arsenal_1_3_2023.jpg\",\"width\":720,\"height\":405},{\"@type\":\"BreadcrumbList\",\"@id\":\"https:\/\/evertonfc.cz\/index.php\/2023\/03\/01\/arsenal-everton-4-0\/#breadcrumb\",\"itemListElement\":[{\"@type\":\"ListItem\",\"position\":1,\"name\":\"Home\",\"item\":\"https:\/\/evertonfc.cz\/\"},{\"@type\":\"ListItem\",\"position\":2,\"name\":\"Arsenal \u2013 Everton 4:0\"}]},{\"@type\":\"WebSite\",\"@id\":\"https:\/\/evertonfc.cz\/#website\",\"url\":\"https:\/\/evertonfc.cz\/\",\"name\":\"Official Czech &amp; Slovak Everton Supporters&#039; Club\",\"description\":\"\",\"publisher\":{\"@id\":\"https:\/\/evertonfc.cz\/#organization\"},\"potentialAction\":[{\"@type\":\"SearchAction\",\"target\":{\"@type\":\"EntryPoint\",\"urlTemplate\":\"https:\/\/evertonfc.cz\/?s={search_term_string}\"},\"query-input\":{\"@type\":\"PropertyValueSpecification\",\"valueRequired\":true,\"valueName\":\"search_term_string\"}}],\"inLanguage\":\"cs\"},{\"@type\":\"Organization\",\"@id\":\"https:\/\/evertonfc.cz\/#organization\",\"name\":\"Official Czech & Slovak Everton Supporters' Club\",\"url\":\"https:\/\/evertonfc.cz\/\",\"logo\":{\"@type\":\"ImageObject\",\"inLanguage\":\"cs\",\"@id\":\"https:\/\/evertonfc.cz\/#\/schema\/logo\/image\/\",\"url\":\"https:\/\/evertonfc.cz\/wp-content\/uploads\/2019\/05\/logo.png\",\"contentUrl\":\"https:\/\/evertonfc.cz\/wp-content\/uploads\/2019\/05\/logo.png\",\"width\":112,\"height\":112,\"caption\":\"Official Czech & Slovak Everton Supporters' Club\"},\"image\":{\"@id\":\"https:\/\/evertonfc.cz\/#\/schema\/logo\/image\/\"},\"sameAs\":[\"https:\/\/www.facebook.com\/everton.fans.cz.sk\"]},{\"@type\":\"Person\",\"@id\":\"https:\/\/evertonfc.cz\/#\/schema\/person\/f7a5daedb2ffee98480bc70e191aaef1\",\"name\":\"Ri\u010di\",\"sameAs\":[\"https:\/\/x.com\/rbrejsa\"],\"url\":\"https:\/\/evertonfc.cz\/index.php\/author\/rici\/\"}]}<\/script>\n<!-- \/ Yoast SEO plugin. -->","yoast_head_json":{"title":"Arsenal \u2013 Everton 4:0 - Official Czech &amp; Slovak Everton Supporters&#039; Club","robots":{"index":"index","follow":"follow","max-snippet":"max-snippet:-1","max-image-preview":"max-image-preview:large","max-video-preview":"max-video-preview:-1"},"canonical":"https:\/\/evertonfc.cz\/index.php\/2023\/03\/01\/arsenal-everton-4-0\/","og_locale":"cs_CZ","og_type":"article","og_title":"Arsenal \u2013 Everton 4:0 - Official Czech &amp; Slovak Everton Supporters&#039; Club","og_description":"Fotbal je jednoduch\u00e1 hra, tedy aspo\u0148 v pod\u00e1n\u00ed l\u00e9taj\u00edc\u00edch Gunners, kte\u0159\u00ed v dohr\u00e1van\u00e9m sedm\u00e9m kole deklasovali hork\u00e9ho aspiranta na sestup.","og_url":"https:\/\/evertonfc.cz\/index.php\/2023\/03\/01\/arsenal-everton-4-0\/","og_site_name":"Official Czech &amp; Slovak Everton Supporters&#039; Club","article_publisher":"https:\/\/www.facebook.com\/everton.fans.cz.sk","article_published_time":"2023-03-01T22:02:03+00:00","article_modified_time":"2023-03-01T22:05:10+00:00","og_image":[{"width":720,"height":405,"url":"https:\/\/evertonfc.cz\/wp-content\/uploads\/2023\/03\/arsenal_1_3_2023.jpg","type":"image\/jpeg"}],"author":"Ri\u010di","twitter_card":"summary_large_image","twitter_creator":"@rbrejsa","twitter_misc":{"Napsal(a)":"Ri\u010di","Odhadovan\u00e1 doba \u010dten\u00ed":"3 minuty"},"schema":{"@context":"https:\/\/schema.org","@graph":[{"@type":"Article","@id":"https:\/\/evertonfc.cz\/index.php\/2023\/03\/01\/arsenal-everton-4-0\/#article","isPartOf":{"@id":"https:\/\/evertonfc.cz\/index.php\/2023\/03\/01\/arsenal-everton-4-0\/"},"author":{"name":"Ri\u010di","@id":"https:\/\/evertonfc.cz\/#\/schema\/person\/f7a5daedb2ffee98480bc70e191aaef1"},"headline":"Arsenal \u2013 Everton 4:0","datePublished":"2023-03-01T22:02:03+00:00","dateModified":"2023-03-01T22:05:10+00:00","mainEntityOfPage":{"@id":"https:\/\/evertonfc.cz\/index.php\/2023\/03\/01\/arsenal-everton-4-0\/"},"wordCount":536,"commentCount":12,"publisher":{"@id":"https:\/\/evertonfc.cz\/#organization"},"image":{"@id":"https:\/\/evertonfc.cz\/index.php\/2023\/03\/01\/arsenal-everton-4-0\/#primaryimage"},"thumbnailUrl":"https:\/\/evertonfc.cz\/wp-content\/uploads\/2023\/03\/arsenal_1_3_2023.jpg","articleSection":["Z\u00e1pasy"],"inLanguage":"cs","potentialAction":[{"@type":"CommentAction","name":"Comment","target":["https:\/\/evertonfc.cz\/index.php\/2023\/03\/01\/arsenal-everton-4-0\/#respond"]}]},{"@type":"WebPage","@id":"https:\/\/evertonfc.cz\/index.php\/2023\/03\/01\/arsenal-everton-4-0\/","url":"https:\/\/evertonfc.cz\/index.php\/2023\/03\/01\/arsenal-everton-4-0\/","name":"Arsenal \u2013 Everton 4:0 - Official Czech &amp; Slovak Everton Supporters&#039; Club","isPartOf":{"@id":"https:\/\/evertonfc.cz\/#website"},"primaryImageOfPage":{"@id":"https:\/\/evertonfc.cz\/index.php\/2023\/03\/01\/arsenal-everton-4-0\/#primaryimage"},"image":{"@id":"https:\/\/evertonfc.cz\/index.php\/2023\/03\/01\/arsenal-everton-4-0\/#primaryimage"},"thumbnailUrl":"https:\/\/evertonfc.cz\/wp-content\/uploads\/2023\/03\/arsenal_1_3_2023.jpg","datePublished":"2023-03-01T22:02:03+00:00","dateModified":"2023-03-01T22:05:10+00:00","breadcrumb":{"@id":"https:\/\/evertonfc.cz\/index.php\/2023\/03\/01\/arsenal-everton-4-0\/#breadcrumb"},"inLanguage":"cs","potentialAction":[{"@type":"ReadAction","target":["https:\/\/evertonfc.cz\/index.php\/2023\/03\/01\/arsenal-everton-4-0\/"]}]},{"@type":"ImageObject","inLanguage":"cs","@id":"https:\/\/evertonfc.cz\/index.php\/2023\/03\/01\/arsenal-everton-4-0\/#primaryimage","url":"https:\/\/evertonfc.cz\/wp-content\/uploads\/2023\/03\/arsenal_1_3_2023.jpg","contentUrl":"https:\/\/evertonfc.cz\/wp-content\/uploads\/2023\/03\/arsenal_1_3_2023.jpg","width":720,"height":405},{"@type":"BreadcrumbList","@id":"https:\/\/evertonfc.cz\/index.php\/2023\/03\/01\/arsenal-everton-4-0\/#breadcrumb","itemListElement":[{"@type":"ListItem","position":1,"name":"Home","item":"https:\/\/evertonfc.cz\/"},{"@type":"ListItem","position":2,"name":"Arsenal \u2013 Everton 4:0"}]},{"@type":"WebSite","@id":"https:\/\/evertonfc.cz\/#website","url":"https:\/\/evertonfc.cz\/","name":"Official Czech &amp; Slovak Everton Supporters&#039; Club","description":"","publisher":{"@id":"https:\/\/evertonfc.cz\/#organization"},"potentialAction":[{"@type":"SearchAction","target":{"@type":"EntryPoint","urlTemplate":"https:\/\/evertonfc.cz\/?s={search_term_string}"},"query-input":{"@type":"PropertyValueSpecification","valueRequired":true,"valueName":"search_term_string"}}],"inLanguage":"cs"},{"@type":"Organization","@id":"https:\/\/evertonfc.cz\/#organization","name":"Official Czech & Slovak Everton Supporters' Club","url":"https:\/\/evertonfc.cz\/","logo":{"@type":"ImageObject","inLanguage":"cs","@id":"https:\/\/evertonfc.cz\/#\/schema\/logo\/image\/","url":"https:\/\/evertonfc.cz\/wp-content\/uploads\/2019\/05\/logo.png","contentUrl":"https:\/\/evertonfc.cz\/wp-content\/uploads\/2019\/05\/logo.png","width":112,"height":112,"caption":"Official Czech & Slovak Everton Supporters' Club"},"image":{"@id":"https:\/\/evertonfc.cz\/#\/schema\/logo\/image\/"},"sameAs":["https:\/\/www.facebook.com\/everton.fans.cz.sk"]},{"@type":"Person","@id":"https:\/\/evertonfc.cz\/#\/schema\/person\/f7a5daedb2ffee98480bc70e191aaef1","name":"Ri\u010di","sameAs":["https:\/\/x.com\/rbrejsa"],"url":"https:\/\/evertonfc.cz\/index.php\/author\/rici\/"}]}},"_links":{"self":[{"href":"https:\/\/evertonfc.cz\/index.php\/wp-json\/wp\/v2\/posts\/21112"}],"collection":[{"href":"https:\/\/evertonfc.cz\/index.php\/wp-json\/wp\/v2\/posts"}],"about":[{"href":"https:\/\/evertonfc.cz\/index.php\/wp-json\/wp\/v2\/types\/post"}],"author":[{"embeddable":true,"href":"https:\/\/evertonfc.cz\/index.php\/wp-json\/wp\/v2\/users\/6"}],"replies":[{"embeddable":true,"href":"https:\/\/evertonfc.cz\/index.php\/wp-json\/wp\/v2\/comments?post=21112"}],"version-history":[{"count":3,"href":"https:\/\/evertonfc.cz\/index.php\/wp-json\/wp\/v2\/posts\/21112\/revisions"}],"predecessor-version":[{"id":21115,"href":"https:\/\/evertonfc.cz\/index.php\/wp-json\/wp\/v2\/posts\/21112\/revisions\/21115"}],"wp:featuredmedia":[{"embeddable":true,"href":"https:\/\/evertonfc.cz\/index.php\/wp-json\/wp\/v2\/media\/21111"}],"wp:attachment":[{"href":"https:\/\/evertonfc.cz\/index.php\/wp-json\/wp\/v2\/media?parent=21112"}],"wp:term":[{"taxonomy":"category","embeddable":true,"href":"https:\/\/evertonfc.cz\/index.php\/wp-json\/wp\/v2\/categories?post=21112"},{"taxonomy":"post_tag","embeddable":true,"href":"https:\/\/evertonfc.cz\/index.php\/wp-json\/wp\/v2\/tags?post=21112"}],"curies":[{"name":"wp","href":"https:\/\/api.w.org\/{rel}","templated":true}]}}