{"id":21124,"date":"2023-03-05T10:36:39","date_gmt":"2023-03-05T09:36:39","guid":{"rendered":"https:\/\/evertonfc.cz\/?p=21124"},"modified":"2023-03-05T13:00:09","modified_gmt":"2023-03-05T12:00:09","slug":"preview-nottingham-forest-everton","status":"publish","type":"post","link":"https:\/\/evertonfc.cz\/index.php\/2023\/03\/05\/preview-nottingham-forest-everton\/","title":{"rendered":"Preview: Nottingham Forest &#8211; Everton"},"content":{"rendered":"<h4>Ned\u011bln\u00ed z\u00e1pas p\u0159inese bitvu t\u00fdm\u016f, kter\u00e9 v tabulce d\u011bl\u00ed pouh\u00e9 \u010dty\u0159i body. Osmn\u00e1ct\u00fd Everton nutn\u011b pot\u0159ebuje bodovat, co\u017e na City Ground ur\u010dit\u011b nebude jednoduch\u00fd \u00fakol&#8230;<\/h4>\n<p>Everton v tomto kalend\u00e1\u0159n\u00edm roce toti\u017e venku nez\u00edskal jedin\u00fd bod a v p\u0159edchoz\u00edch osmi venkovn\u00edch z\u00e1pasech vst\u0159elil jedin\u00fd g\u00f3l. Celkov\u011b se na h\u0159i\u0161t\u00edch soupe\u0159e v t\u00e9to sez\u00f3n\u011b poda\u0159ilo vyhr\u00e1t z 12 pokus\u016f pouze jednou. Kv\u016fli \u010dty\u0159em rem\u00edz\u00e1m ale maj\u00ed Toffees ze sv\u00fdch cest o jeden bod v\u00edce ne\u017e Forest. To, co Tricky Trees kaz\u00ed na venkovn\u00edch h\u0159i\u0161t\u00edch, se jim ale dob\u0159e da\u0159\u00ed napravovat na dom\u00e1c\u00ed p\u016fd\u011b.<\/p>\n<p>Sebev\u011bdom\u00ed Nottinghamu asi trochu po\u0161ramotil posledn\u00ed ligov\u00fd z\u00e1pas proti Hammers, kdy b\u011bhem 14 minut inkasovali \u010dty\u0159ikr\u00e1t a z London Stadium si tak odvezli potupnou por\u00e1\u017eku 4:0. Dom\u00e1c\u00ed prost\u0159ed\u00ed ov\u0161em sv\u011b\u0159enc\u016fm Stevena Coopera sv\u011bd\u010d\u00ed, \u010dty\u0159i v\u00fdhry a \u010dty\u0159i rem\u00edzy v \u0159ad\u011b jsou jist\u011b vypov\u00eddaj\u00edc\u00ed bilanc\u00ed. Nejvy\u0161\u0161\u00ed \u010das toto proklet\u00ed zlomit, ov\u0161em host\u00e9 z Merseyside, jak u\u017e bylo \u0159e\u010deno, v \u00fatoku t\u00e1pou. Nepoda\u0159ilo se jim sk\u00f3rovat v posledn\u00edch \u010dty\u0159ech z\u00e1pasech Premier League a ve statistice vst\u0159elen\u00fdch g\u00f3l\u016f jsou nejhor\u0161\u00ed z cel\u00e9 sout\u011b\u017ee.<\/p>\n<p>Ligov\u00e1 st\u0159etnut\u00ed Evertonu a Nottinghamu m\u011bla poka\u017ed\u00e9 v\u00edt\u011bze, to platilo a\u017e do posledn\u00edho z\u00e1pasu, ve kter\u00e9m se zrodila <a href=\"https:\/\/evertonfc.cz\/index.php\/2022\/08\/21\/everton-nottingham-forest-11\/\">rem\u00edza 1:1<\/a>. Na trefu Johnsona v t\u0159et\u00edm ligov\u00e9m kole odpov\u00eddal na posledn\u00ed chv\u00edli Demarai Gray.<\/p>\n<h4>Div\u00e1ci a akt\u00e9\u0159i<\/h4>\n<p>I kdy\u017e m\u00e1 dom\u00e1c\u00ed mana\u017eer Steve Cooper mimo hru kv\u016fli zran\u011bn\u00ed a\u017e dev\u011bt hr\u00e1\u010d\u016f, po\u0159\u00e1d m\u00e1 \u0161irok\u00fd k\u00e1dru a je tedy z \u010deho vyb\u00edrat. Ve h\u0159e na City Ground se neobjev\u00ed nap\u0159\u00edklad Scott McKenny, Willy Boly, Moussa Niakhate, Serge Aurier, Dean Henderson nebo Cheikhou Kouyate. S Keylorem Navasem v br\u00e1n\u011b tak budou spolupracovat Joe Worrall a Felipe, na kraj\u00edch obrany by se mohli objevit Lodi a Williams. Vep\u0159edu budou dom\u00e1c\u00ed pravd\u011bpodobn\u011b spol\u00e9hat na ve form\u011b hraj\u00edc\u00edho Johnsona, kter\u00fd dal v posledn\u00edch sedmi ligov\u00fdch z\u00e1pasech t\u0159i g\u00f3ly a dvakr\u00e1t asistoval. P\u0159ekvapen\u00edm by asi tak\u00e9 bylo vynech\u00e1n\u00ed n\u011bkoho z ofenzivn\u00edho dua Morgan Gibbs-White a Wood.<\/p>\n<p>Sean Dyche ur\u010dit\u011b nem\u016f\u017ee po\u010d\u00edtat se slu\u017ebami Calverta-Lewina, kter\u00fd se nad\u00e1le zotavuje ze zran\u011bn\u00ed, podobn\u011b jako Patterson a Townsend. Na pokraji n\u00e1vratu je James Garner, v ned\u011bli by se tak mohl p\u0159edstavit proti sv\u00e9mu b\u00fdval\u00e9mu klubu. Velk\u00fdch zm\u011bn se pravd\u011bpodobn\u011b nedo\u010dk\u00e1me ani v \u00fatoku, kde by m\u011bl nastoupit Maupay, na svou \u0161anci budou \u010dekat Gray a Simms na lavi\u010dce.<\/p>\n<h4>Sean Dyche o budov\u00e1n\u00ed pozitivn\u00edho p\u0159\u00edstupu a &#8222;zakon\u010dov\u00e1n\u00ed&#8220; Maupaye<\/h4>\n<blockquote><p><em><span style=\"font-size: 12pt;\">Od t\u00e9 doby, co jsem tady, vid\u00edm zlep\u0161uj\u00edc\u00ed se hr\u00e1\u010de. Mysl\u00edm, \u017ee je to z\u0159ejm\u00e9, douf\u00e1m, u v\u011bt\u0161iny na\u0161ich v\u00fdkon\u016f. <\/span><\/em><em><span style=\"font-size: 12pt;\">N\u011bkte\u0159\u00ed hr\u00e1\u010di hraj\u00ed tak, \u017ee jsou rozd\u00edlov\u00ed, ale to se velmi rychle omrz\u00ed. Chceme, aby to na sebe vzalo v\u00edce hr\u00e1\u010d\u016f, aby se ich v\u00edce p\u0159ipojilo k t\u00e9to mentalit\u011b, kdy hraj\u00ed p\u0159\u00edmo na hran\u011b sv\u00fdch mo\u017enost\u00ed.<\/span><\/em><\/p>\n<p><em><span style=\"font-size: 12pt;\">\u0158\u00edk\u00e1m Nealovi: &#8218;Pokra\u010duj v hled\u00e1n\u00ed spr\u00e1vn\u00fdch m\u00edst&#8216;, proto\u017ee on se do spr\u00e1vn\u00fdch m\u00edst dost\u00e1v\u00e1. M\u00e1 \u0161ance, v posledn\u00edch z\u00e1pasech jich n\u011bkolik neprom\u011bnil, ale jedna z nich padne do branky. Mus\u00ed pokra\u010dovat v tom, aby se dost\u00e1val do spr\u00e1vn\u00fdch prostor\u016f.<\/span><\/em><\/p><\/blockquote>\n<p style=\"text-align: center;\"><span style=\"font-size: 18pt; color: #0000ff;\"><strong>COYB!<\/strong><\/span><\/p>\n<p><strong>Co: <\/strong>Nottingham Forest &#8211; Everton, 26.kolo Premier League<br \/>\n<strong>Kdy: <\/strong>ned\u011ble 5.3.2023 15:00<br \/>\n<strong>Kde: <\/strong>City Ground &#8211; Pavilion Road, West Bridgford, NG2 5FJ (kapacita: 30 445 div\u00e1k\u016f)<br \/>\n<strong>TV: <\/strong>stream Canal+ Sport 2<br \/>\n<strong>Rozhod\u010d\u00ed: <\/strong>John Brooks\u00a0 <strong>Asistenti: <\/strong>Marc Perry, Matthew Wilkes\u00a0 <strong>\u010ctvrt\u00fd rozhod\u010d\u00ed:<\/strong> Thomas Bramall<br \/>\n<strong>VAR: <\/strong>Tony Harrington\u00a0\u00a0<strong>Asistent VAR<\/strong>: Richard West<\/p>\n","protected":false},"excerpt":{"rendered":"<p>Ned\u011bln\u00ed z\u00e1pas p\u0159inese bitvu t\u00fdm\u016f, kter\u00e9 v tabulce d\u011bl\u00ed pouh\u00e9 \u010dty\u0159i body. Osmn\u00e1ct\u00fd Everton nutn\u011b pot\u0159ebuje bodovat, co\u017e na City Ground rozhodn\u011b nebude jednoduch\u00fd \u00fakol&#8230;<\/p>\n","protected":false},"author":562,"featured_media":19491,"comment_status":"open","ping_status":"closed","sticky":false,"template":"","format":"standard","meta":{"_eb_attr":"","_monsterinsights_skip_tracking":false,"_monsterinsights_sitenote_active":false,"_monsterinsights_sitenote_note":"","_monsterinsights_sitenote_category":0,"footnotes":""},"categories":[4],"tags":[],"yoast_head":"<!-- This site is optimized with the Yoast SEO plugin v23.4 - https:\/\/yoast.com\/wordpress\/plugins\/seo\/ -->\n<title>Preview: Nottingham Forest - Everton - Official Czech &amp; Slovak Everton Supporters&#039; Club<\/title>\n<meta name=\"robots\" content=\"index, follow, max-snippet:-1, max-image-preview:large, max-video-preview:-1\" \/>\n<link rel=\"canonical\" href=\"https:\/\/evertonfc.cz\/index.php\/2023\/03\/05\/preview-nottingham-forest-everton\/\" \/>\n<meta property=\"og:locale\" content=\"cs_CZ\" \/>\n<meta property=\"og:type\" content=\"article\" \/>\n<meta property=\"og:title\" content=\"Preview: Nottingham Forest - Everton - Official Czech &amp; Slovak Everton Supporters&#039; Club\" \/>\n<meta property=\"og:description\" content=\"Ned\u011bln\u00ed z\u00e1pas p\u0159inese bitvu t\u00fdm\u016f, kter\u00e9 v tabulce d\u011bl\u00ed pouh\u00e9 \u010dty\u0159i body. Osmn\u00e1ct\u00fd Everton nutn\u011b pot\u0159ebuje bodovat, co\u017e na City Ground rozhodn\u011b nebude jednoduch\u00fd \u00fakol...\" \/>\n<meta property=\"og:url\" content=\"https:\/\/evertonfc.cz\/index.php\/2023\/03\/05\/preview-nottingham-forest-everton\/\" \/>\n<meta property=\"og:site_name\" content=\"Official Czech &amp; Slovak Everton Supporters&#039; Club\" \/>\n<meta property=\"article:publisher\" content=\"https:\/\/www.facebook.com\/everton.fans.cz.sk\" \/>\n<meta property=\"article:published_time\" content=\"2023-03-05T09:36:39+00:00\" \/>\n<meta property=\"article:modified_time\" content=\"2023-03-05T12:00:09+00:00\" \/>\n<meta property=\"og:image\" content=\"https:\/\/evertonfc.cz\/wp-content\/uploads\/2022\/08\/Nottingham-Forest-VS-Everton-2.png\" \/>\n\t<meta property=\"og:image:width\" content=\"720\" \/>\n\t<meta property=\"og:image:height\" content=\"405\" \/>\n\t<meta property=\"og:image:type\" content=\"image\/png\" \/>\n<meta name=\"author\" content=\"Petr\" \/>\n<meta name=\"twitter:card\" content=\"summary_large_image\" \/>\n<meta name=\"twitter:label1\" content=\"Napsal(a)\" \/>\n\t<meta name=\"twitter:data1\" content=\"Petr\" \/>\n\t<meta name=\"twitter:label2\" content=\"Odhadovan\u00e1 doba \u010dten\u00ed\" \/>\n\t<meta name=\"twitter:data2\" content=\"3 minuty\" \/>\n<script type=\"application\/ld+json\" class=\"yoast-schema-graph\">{\"@context\":\"https:\/\/schema.org\",\"@graph\":[{\"@type\":\"Article\",\"@id\":\"https:\/\/evertonfc.cz\/index.php\/2023\/03\/05\/preview-nottingham-forest-everton\/#article\",\"isPartOf\":{\"@id\":\"https:\/\/evertonfc.cz\/index.php\/2023\/03\/05\/preview-nottingham-forest-everton\/\"},\"author\":{\"name\":\"Petr\",\"@id\":\"https:\/\/evertonfc.cz\/#\/schema\/person\/5b54d20cd919070efc6fd6f92621fc50\"},\"headline\":\"Preview: Nottingham Forest &#8211; Everton\",\"datePublished\":\"2023-03-05T09:36:39+00:00\",\"dateModified\":\"2023-03-05T12:00:09+00:00\",\"mainEntityOfPage\":{\"@id\":\"https:\/\/evertonfc.cz\/index.php\/2023\/03\/05\/preview-nottingham-forest-everton\/\"},\"wordCount\":701,\"commentCount\":10,\"publisher\":{\"@id\":\"https:\/\/evertonfc.cz\/#organization\"},\"image\":{\"@id\":\"https:\/\/evertonfc.cz\/index.php\/2023\/03\/05\/preview-nottingham-forest-everton\/#primaryimage\"},\"thumbnailUrl\":\"https:\/\/evertonfc.cz\/wp-content\/uploads\/2022\/08\/Nottingham-Forest-VS-Everton-2.png\",\"articleSection\":[\"Z\u00e1pasy\"],\"inLanguage\":\"cs\",\"potentialAction\":[{\"@type\":\"CommentAction\",\"name\":\"Comment\",\"target\":[\"https:\/\/evertonfc.cz\/index.php\/2023\/03\/05\/preview-nottingham-forest-everton\/#respond\"]}]},{\"@type\":\"WebPage\",\"@id\":\"https:\/\/evertonfc.cz\/index.php\/2023\/03\/05\/preview-nottingham-forest-everton\/\",\"url\":\"https:\/\/evertonfc.cz\/index.php\/2023\/03\/05\/preview-nottingham-forest-everton\/\",\"name\":\"Preview: Nottingham Forest - Everton - Official Czech &amp; Slovak Everton Supporters&#039; Club\",\"isPartOf\":{\"@id\":\"https:\/\/evertonfc.cz\/#website\"},\"primaryImageOfPage\":{\"@id\":\"https:\/\/evertonfc.cz\/index.php\/2023\/03\/05\/preview-nottingham-forest-everton\/#primaryimage\"},\"image\":{\"@id\":\"https:\/\/evertonfc.cz\/index.php\/2023\/03\/05\/preview-nottingham-forest-everton\/#primaryimage\"},\"thumbnailUrl\":\"https:\/\/evertonfc.cz\/wp-content\/uploads\/2022\/08\/Nottingham-Forest-VS-Everton-2.png\",\"datePublished\":\"2023-03-05T09:36:39+00:00\",\"dateModified\":\"2023-03-05T12:00:09+00:00\",\"breadcrumb\":{\"@id\":\"https:\/\/evertonfc.cz\/index.php\/2023\/03\/05\/preview-nottingham-forest-everton\/#breadcrumb\"},\"inLanguage\":\"cs\",\"potentialAction\":[{\"@type\":\"ReadAction\",\"target\":[\"https:\/\/evertonfc.cz\/index.php\/2023\/03\/05\/preview-nottingham-forest-everton\/\"]}]},{\"@type\":\"ImageObject\",\"inLanguage\":\"cs\",\"@id\":\"https:\/\/evertonfc.cz\/index.php\/2023\/03\/05\/preview-nottingham-forest-everton\/#primaryimage\",\"url\":\"https:\/\/evertonfc.cz\/wp-content\/uploads\/2022\/08\/Nottingham-Forest-VS-Everton-2.png\",\"contentUrl\":\"https:\/\/evertonfc.cz\/wp-content\/uploads\/2022\/08\/Nottingham-Forest-VS-Everton-2.png\",\"width\":720,\"height\":405},{\"@type\":\"BreadcrumbList\",\"@id\":\"https:\/\/evertonfc.cz\/index.php\/2023\/03\/05\/preview-nottingham-forest-everton\/#breadcrumb\",\"itemListElement\":[{\"@type\":\"ListItem\",\"position\":1,\"name\":\"Home\",\"item\":\"https:\/\/evertonfc.cz\/\"},{\"@type\":\"ListItem\",\"position\":2,\"name\":\"Preview: Nottingham Forest &#8211; Everton\"}]},{\"@type\":\"WebSite\",\"@id\":\"https:\/\/evertonfc.cz\/#website\",\"url\":\"https:\/\/evertonfc.cz\/\",\"name\":\"Official Czech &amp; Slovak Everton Supporters&#039; Club\",\"description\":\"\",\"publisher\":{\"@id\":\"https:\/\/evertonfc.cz\/#organization\"},\"potentialAction\":[{\"@type\":\"SearchAction\",\"target\":{\"@type\":\"EntryPoint\",\"urlTemplate\":\"https:\/\/evertonfc.cz\/?s={search_term_string}\"},\"query-input\":{\"@type\":\"PropertyValueSpecification\",\"valueRequired\":true,\"valueName\":\"search_term_string\"}}],\"inLanguage\":\"cs\"},{\"@type\":\"Organization\",\"@id\":\"https:\/\/evertonfc.cz\/#organization\",\"name\":\"Official Czech & Slovak Everton Supporters' Club\",\"url\":\"https:\/\/evertonfc.cz\/\",\"logo\":{\"@type\":\"ImageObject\",\"inLanguage\":\"cs\",\"@id\":\"https:\/\/evertonfc.cz\/#\/schema\/logo\/image\/\",\"url\":\"https:\/\/evertonfc.cz\/wp-content\/uploads\/2019\/05\/logo.png\",\"contentUrl\":\"https:\/\/evertonfc.cz\/wp-content\/uploads\/2019\/05\/logo.png\",\"width\":112,\"height\":112,\"caption\":\"Official Czech & Slovak Everton Supporters' Club\"},\"image\":{\"@id\":\"https:\/\/evertonfc.cz\/#\/schema\/logo\/image\/\"},\"sameAs\":[\"https:\/\/www.facebook.com\/everton.fans.cz.sk\"]},{\"@type\":\"Person\",\"@id\":\"https:\/\/evertonfc.cz\/#\/schema\/person\/5b54d20cd919070efc6fd6f92621fc50\",\"name\":\"Petr\",\"url\":\"https:\/\/evertonfc.cz\/index.php\/author\/petr\/\"}]}<\/script>\n<!-- \/ Yoast SEO plugin. -->","yoast_head_json":{"title":"Preview: Nottingham Forest - Everton - Official Czech &amp; Slovak Everton Supporters&#039; Club","robots":{"index":"index","follow":"follow","max-snippet":"max-snippet:-1","max-image-preview":"max-image-preview:large","max-video-preview":"max-video-preview:-1"},"canonical":"https:\/\/evertonfc.cz\/index.php\/2023\/03\/05\/preview-nottingham-forest-everton\/","og_locale":"cs_CZ","og_type":"article","og_title":"Preview: Nottingham Forest - Everton - Official Czech &amp; Slovak Everton Supporters&#039; Club","og_description":"Ned\u011bln\u00ed z\u00e1pas p\u0159inese bitvu t\u00fdm\u016f, kter\u00e9 v tabulce d\u011bl\u00ed pouh\u00e9 \u010dty\u0159i body. Osmn\u00e1ct\u00fd Everton nutn\u011b pot\u0159ebuje bodovat, co\u017e na City Ground rozhodn\u011b nebude jednoduch\u00fd \u00fakol...","og_url":"https:\/\/evertonfc.cz\/index.php\/2023\/03\/05\/preview-nottingham-forest-everton\/","og_site_name":"Official Czech &amp; Slovak Everton Supporters&#039; Club","article_publisher":"https:\/\/www.facebook.com\/everton.fans.cz.sk","article_published_time":"2023-03-05T09:36:39+00:00","article_modified_time":"2023-03-05T12:00:09+00:00","og_image":[{"width":720,"height":405,"url":"https:\/\/evertonfc.cz\/wp-content\/uploads\/2022\/08\/Nottingham-Forest-VS-Everton-2.png","type":"image\/png"}],"author":"Petr","twitter_card":"summary_large_image","twitter_misc":{"Napsal(a)":"Petr","Odhadovan\u00e1 doba \u010dten\u00ed":"3 minuty"},"schema":{"@context":"https:\/\/schema.org","@graph":[{"@type":"Article","@id":"https:\/\/evertonfc.cz\/index.php\/2023\/03\/05\/preview-nottingham-forest-everton\/#article","isPartOf":{"@id":"https:\/\/evertonfc.cz\/index.php\/2023\/03\/05\/preview-nottingham-forest-everton\/"},"author":{"name":"Petr","@id":"https:\/\/evertonfc.cz\/#\/schema\/person\/5b54d20cd919070efc6fd6f92621fc50"},"headline":"Preview: Nottingham Forest &#8211; Everton","datePublished":"2023-03-05T09:36:39+00:00","dateModified":"2023-03-05T12:00:09+00:00","mainEntityOfPage":{"@id":"https:\/\/evertonfc.cz\/index.php\/2023\/03\/05\/preview-nottingham-forest-everton\/"},"wordCount":701,"commentCount":10,"publisher":{"@id":"https:\/\/evertonfc.cz\/#organization"},"image":{"@id":"https:\/\/evertonfc.cz\/index.php\/2023\/03\/05\/preview-nottingham-forest-everton\/#primaryimage"},"thumbnailUrl":"https:\/\/evertonfc.cz\/wp-content\/uploads\/2022\/08\/Nottingham-Forest-VS-Everton-2.png","articleSection":["Z\u00e1pasy"],"inLanguage":"cs","potentialAction":[{"@type":"CommentAction","name":"Comment","target":["https:\/\/evertonfc.cz\/index.php\/2023\/03\/05\/preview-nottingham-forest-everton\/#respond"]}]},{"@type":"WebPage","@id":"https:\/\/evertonfc.cz\/index.php\/2023\/03\/05\/preview-nottingham-forest-everton\/","url":"https:\/\/evertonfc.cz\/index.php\/2023\/03\/05\/preview-nottingham-forest-everton\/","name":"Preview: Nottingham Forest - Everton - Official Czech &amp; Slovak Everton Supporters&#039; Club","isPartOf":{"@id":"https:\/\/evertonfc.cz\/#website"},"primaryImageOfPage":{"@id":"https:\/\/evertonfc.cz\/index.php\/2023\/03\/05\/preview-nottingham-forest-everton\/#primaryimage"},"image":{"@id":"https:\/\/evertonfc.cz\/index.php\/2023\/03\/05\/preview-nottingham-forest-everton\/#primaryimage"},"thumbnailUrl":"https:\/\/evertonfc.cz\/wp-content\/uploads\/2022\/08\/Nottingham-Forest-VS-Everton-2.png","datePublished":"2023-03-05T09:36:39+00:00","dateModified":"2023-03-05T12:00:09+00:00","breadcrumb":{"@id":"https:\/\/evertonfc.cz\/index.php\/2023\/03\/05\/preview-nottingham-forest-everton\/#breadcrumb"},"inLanguage":"cs","potentialAction":[{"@type":"ReadAction","target":["https:\/\/evertonfc.cz\/index.php\/2023\/03\/05\/preview-nottingham-forest-everton\/"]}]},{"@type":"ImageObject","inLanguage":"cs","@id":"https:\/\/evertonfc.cz\/index.php\/2023\/03\/05\/preview-nottingham-forest-everton\/#primaryimage","url":"https:\/\/evertonfc.cz\/wp-content\/uploads\/2022\/08\/Nottingham-Forest-VS-Everton-2.png","contentUrl":"https:\/\/evertonfc.cz\/wp-content\/uploads\/2022\/08\/Nottingham-Forest-VS-Everton-2.png","width":720,"height":405},{"@type":"BreadcrumbList","@id":"https:\/\/evertonfc.cz\/index.php\/2023\/03\/05\/preview-nottingham-forest-everton\/#breadcrumb","itemListElement":[{"@type":"ListItem","position":1,"name":"Home","item":"https:\/\/evertonfc.cz\/"},{"@type":"ListItem","position":2,"name":"Preview: Nottingham Forest &#8211; Everton"}]},{"@type":"WebSite","@id":"https:\/\/evertonfc.cz\/#website","url":"https:\/\/evertonfc.cz\/","name":"Official Czech &amp; Slovak Everton Supporters&#039; Club","description":"","publisher":{"@id":"https:\/\/evertonfc.cz\/#organization"},"potentialAction":[{"@type":"SearchAction","target":{"@type":"EntryPoint","urlTemplate":"https:\/\/evertonfc.cz\/?s={search_term_string}"},"query-input":{"@type":"PropertyValueSpecification","valueRequired":true,"valueName":"search_term_string"}}],"inLanguage":"cs"},{"@type":"Organization","@id":"https:\/\/evertonfc.cz\/#organization","name":"Official Czech & Slovak Everton Supporters' Club","url":"https:\/\/evertonfc.cz\/","logo":{"@type":"ImageObject","inLanguage":"cs","@id":"https:\/\/evertonfc.cz\/#\/schema\/logo\/image\/","url":"https:\/\/evertonfc.cz\/wp-content\/uploads\/2019\/05\/logo.png","contentUrl":"https:\/\/evertonfc.cz\/wp-content\/uploads\/2019\/05\/logo.png","width":112,"height":112,"caption":"Official Czech & Slovak Everton Supporters' Club"},"image":{"@id":"https:\/\/evertonfc.cz\/#\/schema\/logo\/image\/"},"sameAs":["https:\/\/www.facebook.com\/everton.fans.cz.sk"]},{"@type":"Person","@id":"https:\/\/evertonfc.cz\/#\/schema\/person\/5b54d20cd919070efc6fd6f92621fc50","name":"Petr","url":"https:\/\/evertonfc.cz\/index.php\/author\/petr\/"}]}},"_links":{"self":[{"href":"https:\/\/evertonfc.cz\/index.php\/wp-json\/wp\/v2\/posts\/21124"}],"collection":[{"href":"https:\/\/evertonfc.cz\/index.php\/wp-json\/wp\/v2\/posts"}],"about":[{"href":"https:\/\/evertonfc.cz\/index.php\/wp-json\/wp\/v2\/types\/post"}],"author":[{"embeddable":true,"href":"https:\/\/evertonfc.cz\/index.php\/wp-json\/wp\/v2\/users\/562"}],"replies":[{"embeddable":true,"href":"https:\/\/evertonfc.cz\/index.php\/wp-json\/wp\/v2\/comments?post=21124"}],"version-history":[{"count":10,"href":"https:\/\/evertonfc.cz\/index.php\/wp-json\/wp\/v2\/posts\/21124\/revisions"}],"predecessor-version":[{"id":21136,"href":"https:\/\/evertonfc.cz\/index.php\/wp-json\/wp\/v2\/posts\/21124\/revisions\/21136"}],"wp:featuredmedia":[{"embeddable":true,"href":"https:\/\/evertonfc.cz\/index.php\/wp-json\/wp\/v2\/media\/19491"}],"wp:attachment":[{"href":"https:\/\/evertonfc.cz\/index.php\/wp-json\/wp\/v2\/media?parent=21124"}],"wp:term":[{"taxonomy":"category","embeddable":true,"href":"https:\/\/evertonfc.cz\/index.php\/wp-json\/wp\/v2\/categories?post=21124"},{"taxonomy":"post_tag","embeddable":true,"href":"https:\/\/evertonfc.cz\/index.php\/wp-json\/wp\/v2\/tags?post=21124"}],"curies":[{"name":"wp","href":"https:\/\/api.w.org\/{rel}","templated":true}]}}