{"id":21141,"date":"2023-03-06T17:40:28","date_gmt":"2023-03-06T16:40:28","guid":{"rendered":"https:\/\/evertonfc.cz\/?p=21141"},"modified":"2023-03-07T21:42:38","modified_gmt":"2023-03-07T20:42:38","slug":"nottingham-forest-everton-22","status":"publish","type":"post","link":"https:\/\/evertonfc.cz\/index.php\/2023\/03\/06\/nottingham-forest-everton-22\/","title":{"rendered":"Nottingham Forest &#8211; Everton 2:2"},"content":{"rendered":"<h4>Nad\u011bjn\u011b se vyv\u00edjej\u00edc\u00ed utk\u00e1n\u00ed skon\u010dilo nakonec ztr\u00e1tou dvou bod\u016f.<\/h4>\n<p>Everton byl ze za\u010d\u00e1tku aktivn\u00ed a byl za to odm\u011bn\u011bn prvn\u00ed brankou z\u00e1pasu. Centr zprava zp\u016fsobil zmatek ve velk\u00e9m v\u00e1pn\u011b dom\u00e1c\u00edch, ti nebyli schopni odkopnout m\u00ed\u010d, nakonec byl McNeil faulov\u00e1n Shelveym. A\u010d byl faul p\u0159ihr\u00e1n, tak rozhod\u010d\u00ed po p\u0159ezkumu na videu uk\u00e1zal na punt\u00edk. M\u00ed\u010d si vzal Gray a poslal Navase na druhou stranu &#8211; <strong>0:1!\u00a0<\/strong>Ale i Trees znaj\u00ed\u00a0 p\u0159\u00edslov\u00ed &#8222;lehko nabyl, lehko pozbyl&#8220;.<\/p>\n<p>Gibbs-White zakombinoval s Woodem, vyst\u0159elil, Pickford m\u00ed\u010d vyrazil, prvn\u00ed u m\u00ed\u010de byl Brennan Johnson a nem\u011bl probl\u00e9m um\u00edstit merunu k bli\u017e\u0161\u00ed ty\u010di pod\u00e9l ji\u017e le\u017e\u00edc\u00edho brank\u00e1\u0159e &#8211; <strong>1:1!\u00a0<\/strong>N\u00e1sledn\u011b skon\u010dila t\u011bsn\u011b nad hlavi\u010dka Wooda zblokovan\u00e1 Tarkowsk\u00fdm, o minutu pozd\u011bji cht\u011bl Everton penaltu za faul Colbacka na Colemana opr\u00e1vn\u011bn\u011b, ale rozhod\u010d\u00ed ji nefoukl. A tak se host\u00e9 ujali veden\u00ed jinak.<\/p>\n<p>Pickford zahr\u00e1val trest\u0148\u00e1k kousek za p\u016flkou, Tarkowski jeho centr prodlou\u017eil hlavi\u010dkou do velk\u00e9ho v\u00e1pna, Keane hlavou usm\u011brnil puml\u00ed\u010d za sebe a Doucour\u00e9 jen tak lehce l\u00edzl kulat\u00fd nesmysl na mal\u00e9m v\u00e1pn\u011b, co\u017e sta\u010dilo ke vs\u00edt\u011bn\u00ed &#8211; <strong>1:2!\u00a0<\/strong>Ve 40. minut\u011b musel kone\u010dky prst\u016f zakro\u010dit Navas proti st\u0159ele McNeila, kdy\u017e vyt\u00e1hnul m\u00ed\u010d nad b\u0159evno. V nastaven\u00e9m \u010dase prvn\u00edho polo\u010dasu prop\u00e1sl velkou \u0161anci na zv\u00fd\u0161en\u00ed Gray, kdy\u017e po p\u0159ihr\u00e1vce aktivn\u00edho Doucour\u00e9ho zprava trefil plac\u00edrkou z 8 metr\u016f jen obr\u00e1nce p\u0159ed sebou.<\/p>\n<p>Na za\u010d\u00e1tku druh\u00e9 p\u016fle ud\u011blil rozhod\u010d\u00ed v kr\u00e1tk\u00e9m sledu 5 \u017elut\u00fdch karet, nadpr\u016fm\u011brn\u00e9 emoce bylo nutn\u00e9 zkrotit. Dom\u00e1c\u00ed si vypracovali m\u00edrn\u00fd tlak, ale re\u00e1ln\u011b hrozili jen ze standardn\u00edch situac\u00ed. Dom\u00e1c\u00ed mana\u017eer tedy prost\u0159\u00eddal &#8211; a dob\u0159e ud\u011blal. Dlouho signalizovan\u00e1 p\u0159ihr\u00e1vka Doucour\u00e9ho byla vysti\u017eena, Brennan Johnson si vym\u011bnil m\u00ed\u010d se st\u0159\u00eddaj\u00edc\u00edm Yatesem a p\u0159ibli\u017en\u011b z \u00farovn\u011b penalty vymetl pavu\u010diny v prav\u00e9m horn\u00edm rohu branky &#8211;\u00a0<strong>2:2!\u00a0<\/strong>Ve zbyl\u00e9m \u010dase u\u017e ani jeden celek nem\u011bl \u0161anci, Everton nevyu\u017eil roh v nastaven\u00e9m \u010dase.<\/p>\n<p>Rem\u00edza je to asi zaslou\u017een\u00e1, le\u010d podle pr\u016fb\u011bhu z\u00e1pasu jde jednozna\u010dn\u011b o dva ztracen\u00e9 body. A pro\u010d Dyche st\u0159\u00eddal a\u017e v 89. minut\u011b, a\u010d ji\u017e v 70. minut\u011b bylo jasn\u00e9, \u017ee je nutn\u00e9 vym\u011bnit n\u011bkter\u00e9 hr\u00e1\u010de, to v\u00ed asi jen on.<\/p>\n<p><strong>Branky: <\/strong>19 a 77. Brennan Johnson &#8211; 10. Gray z penalty, 29. Doucour\u00e9<\/p>\n<p><strong>\u017dlut\u00e9 karty:<\/strong> 8. Gibbs-White, 55. Lodi, 79. Felipe \u2013 42. Godfrey, 52. McNeil, 56. D. Gray, 57. Tarkowski, 90+4. T. Davies<\/p>\n<p><strong>Nottingham Forest: <\/strong>Navas \u2013 Aurier, Worrall, Felipe, Lodi \u2013 Freuler (70. E. Dennis), Shelvey, Colback (70. Yates) \u2013 Brennan Johnson, Gibbs-White \u2013 Wood (71. A. Ayew)<\/p>\n<p><strong>Everton FC:<\/strong>\u00a0<span data-source=\"lightstreamer\" data-grid=\"main\" data-item=\"item_762420\" data-field=\"report2\">Pickford \u2013 Coleman, Keane, Tarkowski, Godfrey \u2013 Iwobi (89. T. Davies), Onana, Gueye, Doucour\u00e9, McNeil \u2013 D. Gray (89. Maupay)<\/span><\/p>\n<p><strong>Rozhod\u010d\u00ed: <\/strong>John Brooks\u00a0 <strong>Div\u00e1ci:\u00a0<\/strong>29 353<\/p>\n","protected":false},"excerpt":{"rendered":"<p>Nad\u011bjn\u011b se vyv\u00edjej\u00edc\u00ed utk\u00e1n\u00ed skon\u010dilo nakonec ztr\u00e1tou dvou bod\u016f.<\/p>\n","protected":false},"author":12,"featured_media":21140,"comment_status":"open","ping_status":"closed","sticky":false,"template":"","format":"standard","meta":{"_eb_attr":"","_monsterinsights_skip_tracking":false,"_monsterinsights_sitenote_active":false,"_monsterinsights_sitenote_note":"","_monsterinsights_sitenote_category":0,"footnotes":""},"categories":[4],"tags":[],"yoast_head":"<!-- This site is optimized with the Yoast SEO plugin v23.4 - https:\/\/yoast.com\/wordpress\/plugins\/seo\/ -->\n<title>Nottingham Forest - Everton 2:2 - Official Czech &amp; Slovak Everton Supporters&#039; Club<\/title>\n<meta name=\"description\" content=\"Nad\u011bjn\u011b se vyv\u00edjej\u00edc\u00ed utk\u00e1n\u00ed skon\u010dilo nakonec ztr\u00e1tou dvou bod\u016f.\" \/>\n<meta name=\"robots\" content=\"index, follow, max-snippet:-1, max-image-preview:large, max-video-preview:-1\" \/>\n<link rel=\"canonical\" href=\"https:\/\/evertonfc.cz\/index.php\/2023\/03\/06\/nottingham-forest-everton-22\/\" \/>\n<meta property=\"og:locale\" content=\"cs_CZ\" \/>\n<meta property=\"og:type\" content=\"article\" \/>\n<meta property=\"og:title\" content=\"Nottingham Forest - Everton 2:2 - Official Czech &amp; Slovak Everton Supporters&#039; Club\" \/>\n<meta property=\"og:description\" content=\"Nad\u011bjn\u011b se vyv\u00edjej\u00edc\u00ed utk\u00e1n\u00ed skon\u010dilo nakonec ztr\u00e1tou dvou bod\u016f.\" \/>\n<meta property=\"og:url\" content=\"https:\/\/evertonfc.cz\/index.php\/2023\/03\/06\/nottingham-forest-everton-22\/\" \/>\n<meta property=\"og:site_name\" content=\"Official Czech &amp; Slovak Everton Supporters&#039; Club\" \/>\n<meta property=\"article:publisher\" content=\"https:\/\/www.facebook.com\/everton.fans.cz.sk\" \/>\n<meta property=\"article:published_time\" content=\"2023-03-06T16:40:28+00:00\" \/>\n<meta property=\"article:modified_time\" content=\"2023-03-07T20:42:38+00:00\" \/>\n<meta property=\"og:image\" content=\"https:\/\/evertonfc.cz\/wp-content\/uploads\/2023\/03\/Forest-2-2-Everton-by-GettyImages-5-3-2023.jpg\" \/>\n\t<meta property=\"og:image:width\" content=\"720\" \/>\n\t<meta property=\"og:image:height\" content=\"405\" \/>\n\t<meta property=\"og:image:type\" content=\"image\/jpeg\" \/>\n<meta name=\"author\" content=\"Javor\" \/>\n<meta name=\"twitter:card\" content=\"summary_large_image\" \/>\n<meta name=\"twitter:creator\" content=\"@LoudinJan\" \/>\n<meta name=\"twitter:label1\" content=\"Napsal(a)\" \/>\n\t<meta name=\"twitter:data1\" content=\"Javor\" \/>\n\t<meta name=\"twitter:label2\" content=\"Odhadovan\u00e1 doba \u010dten\u00ed\" \/>\n\t<meta name=\"twitter:data2\" content=\"3 minuty\" \/>\n<script type=\"application\/ld+json\" class=\"yoast-schema-graph\">{\"@context\":\"https:\/\/schema.org\",\"@graph\":[{\"@type\":\"Article\",\"@id\":\"https:\/\/evertonfc.cz\/index.php\/2023\/03\/06\/nottingham-forest-everton-22\/#article\",\"isPartOf\":{\"@id\":\"https:\/\/evertonfc.cz\/index.php\/2023\/03\/06\/nottingham-forest-everton-22\/\"},\"author\":{\"name\":\"Javor\",\"@id\":\"https:\/\/evertonfc.cz\/#\/schema\/person\/b30daf6a5852f4811f8207a17ec1bf78\"},\"headline\":\"Nottingham Forest &#8211; Everton 2:2\",\"datePublished\":\"2023-03-06T16:40:28+00:00\",\"dateModified\":\"2023-03-07T20:42:38+00:00\",\"mainEntityOfPage\":{\"@id\":\"https:\/\/evertonfc.cz\/index.php\/2023\/03\/06\/nottingham-forest-everton-22\/\"},\"wordCount\":506,\"commentCount\":1,\"publisher\":{\"@id\":\"https:\/\/evertonfc.cz\/#organization\"},\"image\":{\"@id\":\"https:\/\/evertonfc.cz\/index.php\/2023\/03\/06\/nottingham-forest-everton-22\/#primaryimage\"},\"thumbnailUrl\":\"https:\/\/evertonfc.cz\/wp-content\/uploads\/2023\/03\/Forest-2-2-Everton-by-GettyImages-5-3-2023.jpg\",\"articleSection\":[\"Z\u00e1pasy\"],\"inLanguage\":\"cs\",\"potentialAction\":[{\"@type\":\"CommentAction\",\"name\":\"Comment\",\"target\":[\"https:\/\/evertonfc.cz\/index.php\/2023\/03\/06\/nottingham-forest-everton-22\/#respond\"]}]},{\"@type\":\"WebPage\",\"@id\":\"https:\/\/evertonfc.cz\/index.php\/2023\/03\/06\/nottingham-forest-everton-22\/\",\"url\":\"https:\/\/evertonfc.cz\/index.php\/2023\/03\/06\/nottingham-forest-everton-22\/\",\"name\":\"Nottingham Forest - Everton 2:2 - Official Czech &amp; Slovak Everton Supporters&#039; Club\",\"isPartOf\":{\"@id\":\"https:\/\/evertonfc.cz\/#website\"},\"primaryImageOfPage\":{\"@id\":\"https:\/\/evertonfc.cz\/index.php\/2023\/03\/06\/nottingham-forest-everton-22\/#primaryimage\"},\"image\":{\"@id\":\"https:\/\/evertonfc.cz\/index.php\/2023\/03\/06\/nottingham-forest-everton-22\/#primaryimage\"},\"thumbnailUrl\":\"https:\/\/evertonfc.cz\/wp-content\/uploads\/2023\/03\/Forest-2-2-Everton-by-GettyImages-5-3-2023.jpg\",\"datePublished\":\"2023-03-06T16:40:28+00:00\",\"dateModified\":\"2023-03-07T20:42:38+00:00\",\"description\":\"Nad\u011bjn\u011b se vyv\u00edjej\u00edc\u00ed utk\u00e1n\u00ed skon\u010dilo nakonec ztr\u00e1tou dvou bod\u016f.\",\"breadcrumb\":{\"@id\":\"https:\/\/evertonfc.cz\/index.php\/2023\/03\/06\/nottingham-forest-everton-22\/#breadcrumb\"},\"inLanguage\":\"cs\",\"potentialAction\":[{\"@type\":\"ReadAction\",\"target\":[\"https:\/\/evertonfc.cz\/index.php\/2023\/03\/06\/nottingham-forest-everton-22\/\"]}]},{\"@type\":\"ImageObject\",\"inLanguage\":\"cs\",\"@id\":\"https:\/\/evertonfc.cz\/index.php\/2023\/03\/06\/nottingham-forest-everton-22\/#primaryimage\",\"url\":\"https:\/\/evertonfc.cz\/wp-content\/uploads\/2023\/03\/Forest-2-2-Everton-by-GettyImages-5-3-2023.jpg\",\"contentUrl\":\"https:\/\/evertonfc.cz\/wp-content\/uploads\/2023\/03\/Forest-2-2-Everton-by-GettyImages-5-3-2023.jpg\",\"width\":720,\"height\":405},{\"@type\":\"BreadcrumbList\",\"@id\":\"https:\/\/evertonfc.cz\/index.php\/2023\/03\/06\/nottingham-forest-everton-22\/#breadcrumb\",\"itemListElement\":[{\"@type\":\"ListItem\",\"position\":1,\"name\":\"Home\",\"item\":\"https:\/\/evertonfc.cz\/\"},{\"@type\":\"ListItem\",\"position\":2,\"name\":\"Nottingham Forest &#8211; Everton 2:2\"}]},{\"@type\":\"WebSite\",\"@id\":\"https:\/\/evertonfc.cz\/#website\",\"url\":\"https:\/\/evertonfc.cz\/\",\"name\":\"Official Czech &amp; Slovak Everton Supporters&#039; Club\",\"description\":\"\",\"publisher\":{\"@id\":\"https:\/\/evertonfc.cz\/#organization\"},\"potentialAction\":[{\"@type\":\"SearchAction\",\"target\":{\"@type\":\"EntryPoint\",\"urlTemplate\":\"https:\/\/evertonfc.cz\/?s={search_term_string}\"},\"query-input\":{\"@type\":\"PropertyValueSpecification\",\"valueRequired\":true,\"valueName\":\"search_term_string\"}}],\"inLanguage\":\"cs\"},{\"@type\":\"Organization\",\"@id\":\"https:\/\/evertonfc.cz\/#organization\",\"name\":\"Official Czech & Slovak Everton Supporters' Club\",\"url\":\"https:\/\/evertonfc.cz\/\",\"logo\":{\"@type\":\"ImageObject\",\"inLanguage\":\"cs\",\"@id\":\"https:\/\/evertonfc.cz\/#\/schema\/logo\/image\/\",\"url\":\"https:\/\/evertonfc.cz\/wp-content\/uploads\/2019\/05\/logo.png\",\"contentUrl\":\"https:\/\/evertonfc.cz\/wp-content\/uploads\/2019\/05\/logo.png\",\"width\":112,\"height\":112,\"caption\":\"Official Czech & Slovak Everton Supporters' Club\"},\"image\":{\"@id\":\"https:\/\/evertonfc.cz\/#\/schema\/logo\/image\/\"},\"sameAs\":[\"https:\/\/www.facebook.com\/everton.fans.cz.sk\"]},{\"@type\":\"Person\",\"@id\":\"https:\/\/evertonfc.cz\/#\/schema\/person\/b30daf6a5852f4811f8207a17ec1bf78\",\"name\":\"Javor\",\"sameAs\":[\"https:\/\/x.com\/LoudinJan\"],\"url\":\"https:\/\/evertonfc.cz\/index.php\/author\/javor\/\"}]}<\/script>\n<!-- \/ Yoast SEO plugin. -->","yoast_head_json":{"title":"Nottingham Forest - Everton 2:2 - Official Czech &amp; Slovak Everton Supporters&#039; Club","description":"Nad\u011bjn\u011b se vyv\u00edjej\u00edc\u00ed utk\u00e1n\u00ed skon\u010dilo nakonec ztr\u00e1tou dvou bod\u016f.","robots":{"index":"index","follow":"follow","max-snippet":"max-snippet:-1","max-image-preview":"max-image-preview:large","max-video-preview":"max-video-preview:-1"},"canonical":"https:\/\/evertonfc.cz\/index.php\/2023\/03\/06\/nottingham-forest-everton-22\/","og_locale":"cs_CZ","og_type":"article","og_title":"Nottingham Forest - Everton 2:2 - Official Czech &amp; Slovak Everton Supporters&#039; Club","og_description":"Nad\u011bjn\u011b se vyv\u00edjej\u00edc\u00ed utk\u00e1n\u00ed skon\u010dilo nakonec ztr\u00e1tou dvou bod\u016f.","og_url":"https:\/\/evertonfc.cz\/index.php\/2023\/03\/06\/nottingham-forest-everton-22\/","og_site_name":"Official Czech &amp; Slovak Everton Supporters&#039; Club","article_publisher":"https:\/\/www.facebook.com\/everton.fans.cz.sk","article_published_time":"2023-03-06T16:40:28+00:00","article_modified_time":"2023-03-07T20:42:38+00:00","og_image":[{"width":720,"height":405,"url":"https:\/\/evertonfc.cz\/wp-content\/uploads\/2023\/03\/Forest-2-2-Everton-by-GettyImages-5-3-2023.jpg","type":"image\/jpeg"}],"author":"Javor","twitter_card":"summary_large_image","twitter_creator":"@LoudinJan","twitter_misc":{"Napsal(a)":"Javor","Odhadovan\u00e1 doba \u010dten\u00ed":"3 minuty"},"schema":{"@context":"https:\/\/schema.org","@graph":[{"@type":"Article","@id":"https:\/\/evertonfc.cz\/index.php\/2023\/03\/06\/nottingham-forest-everton-22\/#article","isPartOf":{"@id":"https:\/\/evertonfc.cz\/index.php\/2023\/03\/06\/nottingham-forest-everton-22\/"},"author":{"name":"Javor","@id":"https:\/\/evertonfc.cz\/#\/schema\/person\/b30daf6a5852f4811f8207a17ec1bf78"},"headline":"Nottingham Forest &#8211; Everton 2:2","datePublished":"2023-03-06T16:40:28+00:00","dateModified":"2023-03-07T20:42:38+00:00","mainEntityOfPage":{"@id":"https:\/\/evertonfc.cz\/index.php\/2023\/03\/06\/nottingham-forest-everton-22\/"},"wordCount":506,"commentCount":1,"publisher":{"@id":"https:\/\/evertonfc.cz\/#organization"},"image":{"@id":"https:\/\/evertonfc.cz\/index.php\/2023\/03\/06\/nottingham-forest-everton-22\/#primaryimage"},"thumbnailUrl":"https:\/\/evertonfc.cz\/wp-content\/uploads\/2023\/03\/Forest-2-2-Everton-by-GettyImages-5-3-2023.jpg","articleSection":["Z\u00e1pasy"],"inLanguage":"cs","potentialAction":[{"@type":"CommentAction","name":"Comment","target":["https:\/\/evertonfc.cz\/index.php\/2023\/03\/06\/nottingham-forest-everton-22\/#respond"]}]},{"@type":"WebPage","@id":"https:\/\/evertonfc.cz\/index.php\/2023\/03\/06\/nottingham-forest-everton-22\/","url":"https:\/\/evertonfc.cz\/index.php\/2023\/03\/06\/nottingham-forest-everton-22\/","name":"Nottingham Forest - Everton 2:2 - Official Czech &amp; Slovak Everton Supporters&#039; Club","isPartOf":{"@id":"https:\/\/evertonfc.cz\/#website"},"primaryImageOfPage":{"@id":"https:\/\/evertonfc.cz\/index.php\/2023\/03\/06\/nottingham-forest-everton-22\/#primaryimage"},"image":{"@id":"https:\/\/evertonfc.cz\/index.php\/2023\/03\/06\/nottingham-forest-everton-22\/#primaryimage"},"thumbnailUrl":"https:\/\/evertonfc.cz\/wp-content\/uploads\/2023\/03\/Forest-2-2-Everton-by-GettyImages-5-3-2023.jpg","datePublished":"2023-03-06T16:40:28+00:00","dateModified":"2023-03-07T20:42:38+00:00","description":"Nad\u011bjn\u011b se vyv\u00edjej\u00edc\u00ed utk\u00e1n\u00ed skon\u010dilo nakonec ztr\u00e1tou dvou bod\u016f.","breadcrumb":{"@id":"https:\/\/evertonfc.cz\/index.php\/2023\/03\/06\/nottingham-forest-everton-22\/#breadcrumb"},"inLanguage":"cs","potentialAction":[{"@type":"ReadAction","target":["https:\/\/evertonfc.cz\/index.php\/2023\/03\/06\/nottingham-forest-everton-22\/"]}]},{"@type":"ImageObject","inLanguage":"cs","@id":"https:\/\/evertonfc.cz\/index.php\/2023\/03\/06\/nottingham-forest-everton-22\/#primaryimage","url":"https:\/\/evertonfc.cz\/wp-content\/uploads\/2023\/03\/Forest-2-2-Everton-by-GettyImages-5-3-2023.jpg","contentUrl":"https:\/\/evertonfc.cz\/wp-content\/uploads\/2023\/03\/Forest-2-2-Everton-by-GettyImages-5-3-2023.jpg","width":720,"height":405},{"@type":"BreadcrumbList","@id":"https:\/\/evertonfc.cz\/index.php\/2023\/03\/06\/nottingham-forest-everton-22\/#breadcrumb","itemListElement":[{"@type":"ListItem","position":1,"name":"Home","item":"https:\/\/evertonfc.cz\/"},{"@type":"ListItem","position":2,"name":"Nottingham Forest &#8211; Everton 2:2"}]},{"@type":"WebSite","@id":"https:\/\/evertonfc.cz\/#website","url":"https:\/\/evertonfc.cz\/","name":"Official Czech &amp; Slovak Everton Supporters&#039; Club","description":"","publisher":{"@id":"https:\/\/evertonfc.cz\/#organization"},"potentialAction":[{"@type":"SearchAction","target":{"@type":"EntryPoint","urlTemplate":"https:\/\/evertonfc.cz\/?s={search_term_string}"},"query-input":{"@type":"PropertyValueSpecification","valueRequired":true,"valueName":"search_term_string"}}],"inLanguage":"cs"},{"@type":"Organization","@id":"https:\/\/evertonfc.cz\/#organization","name":"Official Czech & Slovak Everton Supporters' Club","url":"https:\/\/evertonfc.cz\/","logo":{"@type":"ImageObject","inLanguage":"cs","@id":"https:\/\/evertonfc.cz\/#\/schema\/logo\/image\/","url":"https:\/\/evertonfc.cz\/wp-content\/uploads\/2019\/05\/logo.png","contentUrl":"https:\/\/evertonfc.cz\/wp-content\/uploads\/2019\/05\/logo.png","width":112,"height":112,"caption":"Official Czech & Slovak Everton Supporters' Club"},"image":{"@id":"https:\/\/evertonfc.cz\/#\/schema\/logo\/image\/"},"sameAs":["https:\/\/www.facebook.com\/everton.fans.cz.sk"]},{"@type":"Person","@id":"https:\/\/evertonfc.cz\/#\/schema\/person\/b30daf6a5852f4811f8207a17ec1bf78","name":"Javor","sameAs":["https:\/\/x.com\/LoudinJan"],"url":"https:\/\/evertonfc.cz\/index.php\/author\/javor\/"}]}},"_links":{"self":[{"href":"https:\/\/evertonfc.cz\/index.php\/wp-json\/wp\/v2\/posts\/21141"}],"collection":[{"href":"https:\/\/evertonfc.cz\/index.php\/wp-json\/wp\/v2\/posts"}],"about":[{"href":"https:\/\/evertonfc.cz\/index.php\/wp-json\/wp\/v2\/types\/post"}],"author":[{"embeddable":true,"href":"https:\/\/evertonfc.cz\/index.php\/wp-json\/wp\/v2\/users\/12"}],"replies":[{"embeddable":true,"href":"https:\/\/evertonfc.cz\/index.php\/wp-json\/wp\/v2\/comments?post=21141"}],"version-history":[{"count":6,"href":"https:\/\/evertonfc.cz\/index.php\/wp-json\/wp\/v2\/posts\/21141\/revisions"}],"predecessor-version":[{"id":21152,"href":"https:\/\/evertonfc.cz\/index.php\/wp-json\/wp\/v2\/posts\/21141\/revisions\/21152"}],"wp:featuredmedia":[{"embeddable":true,"href":"https:\/\/evertonfc.cz\/index.php\/wp-json\/wp\/v2\/media\/21140"}],"wp:attachment":[{"href":"https:\/\/evertonfc.cz\/index.php\/wp-json\/wp\/v2\/media?parent=21141"}],"wp:term":[{"taxonomy":"category","embeddable":true,"href":"https:\/\/evertonfc.cz\/index.php\/wp-json\/wp\/v2\/categories?post=21141"},{"taxonomy":"post_tag","embeddable":true,"href":"https:\/\/evertonfc.cz\/index.php\/wp-json\/wp\/v2\/tags?post=21141"}],"curies":[{"name":"wp","href":"https:\/\/api.w.org\/{rel}","templated":true}]}}