{"id":21146,"date":"2023-03-08T22:07:23","date_gmt":"2023-03-08T21:07:23","guid":{"rendered":"https:\/\/evertonfc.cz\/?p=21146"},"modified":"2023-03-09T11:03:54","modified_gmt":"2023-03-09T10:03:54","slug":"everton-w-aston-villa-w-02-2","status":"publish","type":"post","link":"https:\/\/evertonfc.cz\/index.php\/2023\/03\/08\/everton-w-aston-villa-w-02-2\/","title":{"rendered":"Everton W &#8211; Aston Villa W 0:2"},"content":{"rendered":"<h4>Utk\u00e1n\u00ed dvou soused\u016f z tabulky nedopadlo pro Everton dob\u0159e a po nevaln\u00e9m v\u00fdkonu odevzdal v\u0161echny body n\u00e1v\u0161t\u011bv\u011b z Birminghamu.<\/h4>\n<p>O neform\u00e1ln\u00ed titul &#8222;The best of the rest&#8220; se povede tuh\u00fd boj a Everton m\u00e1 v \u00famyslu vkl\u00ednit se hned za velkou \u010dty\u0159ku. Pokud tedy n\u011bjak\u00fdm z\u00e1zrakem a indispozic\u00ed soupe\u0159ek bychom snad neuva\u017eovali i o vy\u0161\u0161\u00ed p\u0159\u00ed\u010dce, co\u017e se ale nezd\u00e1 p\u0159\u00edli\u0161 realistick\u00e9. Na\u0161imi p\u0159\u00edm\u00fdmi soupe\u0159i tak jsou Villans a Hammers. S prvn\u011b jmenovan\u00fdmi jsme se st\u0159etli v dom\u00e1c\u00edm prost\u0159ed\u00ed a nedopadlo to pr\u00e1v\u011b nejl\u00e9pe. V brance zasko\u010dila Brosnan, proto\u017ee jedni\u010dka Ramsey byla sta\u017eena z hostov\u00e1n\u00ed, aby nahradila zran\u011bnou Earps v brance MUTD. Ale jinak m\u011bl <span class=\"sp-c-lineup-pitch__player\" data-reactid=\".1fpbxub847k.0.0.0.1.$include-10.0.0.1:$panel-0.$0.0.0.0.2.0.0.1:$home-formation-row-1.$home-player-2\"><span class=\"sp-c-lineup-pitch__player__name gs-u-display-block@xs \" data-reactid=\".1fpbxub847k.0.0.0.1.$include-10.0.0.1:$panel-0.$0.0.0.0.2.0.0.1:$home-formation-row-1.$home-player-2.1\">S\u00f8rensen k dispozici prakticky kompletn\u00ed sestavu.<\/span><\/span><\/p>\n<h4>B\u00eddn\u00fd za\u010d\u00e1tek<\/h4>\n<p>Fotbal se hraje nejen do posledn\u00ed minuty z\u00e1pasu, ale tak\u00e9 od minuty prvn\u00ed. Bohu\u017eel do utk\u00e1n\u00ed jsme vstoupili v rekrea\u010dn\u00edm tempu, \u010deho\u017e hned zkraje vyu\u017eily n\u00e1v\u0161t\u011bvnice. Kolektivn\u011b si rozebraly na\u0161\u00ed obranu a Kenza Dali st\u0159elou z velk\u00e9ho v\u00e1pna otev\u0159ela sk\u00f3re &#8211; <strong>0:1.\u00a0 <\/strong>Obdr\u017een\u00fd g\u00f3l n\u00e1s do kolen nesrazil, bohu\u017eel na\u0161e ofenzivn\u00ed snahy kon\u010dily jalov\u011b\u00a0 p\u0159ed \u0161estn\u00e1ctkou Villy. Finnigan mohla vyrovnat, ale nepoda\u0159ilo se j\u00ed zu\u017eitkovat moc p\u011bkn\u00fd pas Geroge.\u00a0 Neusp\u011bla ani Park, jej\u00ed\u017e nad\u011bjnou st\u0159elu kryla Hampton. Na druh\u00e9 stran\u011b se pokusila o zv\u00fd\u0161en\u00ed Noobs, ale neusp\u011bla. Prvn\u00ed p\u016fle se tak dokodrcala do sv\u00e9ho konce.<\/p>\n<h4>O nic lep\u0161\u00ed konec<\/h4>\n<p>Z kabin vyb\u011bhly na\u0161e hr\u00e1\u010dky zjevn\u011b odhodlan\u00e9 nep\u0159ipustit prohru a zprvu to vypadalo, \u017ee je jen ot\u00e1zkou \u010dasu, kdy p\u0159ijde vyrovn\u00e1n\u00ed a oto\u010den\u00ed sk\u00f3re. Sevecke kr\u00e1tce po hodin\u011b hry vysko\u010dila z chumlu t\u011bl nejv\u00fd\u0161e na roh zahr\u00e1van\u00fd Park a jej\u00ed velmi dobrou hlavi\u010dku bohu\u017eel nem\u00e9n\u011b dobr\u00fdm z\u00e1krokem zlikvidovala Hampton. St\u0159ela Park o chv\u00edli pozd\u011bji nepostr\u00e1dala rasanci, ale p\u0159esnost ji\u017e bohu\u017eel ano. Jen o p\u00e1r okam\u017eik\u016f pozd\u011bji Pacheco poslala vcelku nev\u00fdrazn\u00fd pas do v\u00e1pna, kde se jej pokusila odklidit Finnigan. Bohu\u017eel m\u00ed\u010d se od n\u00ed odrazil do ty\u010dky a od n\u00ed do branky za z\u00e1da bezmocn\u011b se natahuj\u00edc\u00ed Brosnan &#8211; <strong>0:2<\/strong>. Po t\u00e9to brance reagoval <span class=\"sp-c-lineup-pitch__player\" data-reactid=\".1fpbxub847k.0.0.0.1.$include-10.0.0.1:$panel-0.$0.0.0.0.2.0.0.1:$home-formation-row-1.$home-player-2\"><span class=\"sp-c-lineup-pitch__player__name gs-u-display-block@xs \" data-reactid=\".1fpbxub847k.0.0.0.1.$include-10.0.0.1:$panel-0.$0.0.0.0.2.0.0.1:$home-formation-row-1.$home-player-2.1\">S\u00f8rensen n\u011bkolikan\u00e1sobn\u00fdm st\u0159\u00edd\u00e1n\u00edm, ale mnoho platn\u00e9 to nebylo. Naopak Aston Villa mohla p\u0159idat dal\u0161\u00ed branku, ale pokusy Mayling ani Noobs se na\u0161t\u011bst\u00ed neujaly. Sk\u00f3re se n\u00e1m do konce hrac\u00ed doby nepovedlo ani korigovat, tak\u017ee Villans si dom\u016f odvezly v\u0161echny t\u0159i body.<\/span><\/span><\/p>\n<h4><strong>Shrnut\u00ed<\/strong><\/h4>\n<p>Z\u00e1pas byl zklam\u00e1n\u00ed. P\u0159\u00edm\u00e9 konkurenty v tabulce je v\u017edy v\u00edtan\u00e9 porazit, nebo v nejhor\u0161\u00edm se s nimi o body pod\u011blit. To se n\u00e1m tentokr\u00e1t nepovedlo. V\u00fdsledek nebyl takov\u00fd v jak\u00fd jsme doufali, a ani p\u0159edveden\u00e1 hra (zejm\u00e9na v prvn\u00edm polo\u010dase) nemohla upokojit fanou\u0161ka zmlsan\u00e9ho na\u0161imi posledn\u00edmi v\u00fdkony. V\u011b\u0159me, \u017ee <span class=\"sp-c-lineup-pitch__player\" data-reactid=\".1fpbxub847k.0.0.0.1.$include-10.0.0.1:$panel-0.$0.0.0.0.2.0.0.1:$home-formation-row-1.$home-player-2\"><span class=\"sp-c-lineup-pitch__player__name gs-u-display-block@xs \" data-reactid=\".1fpbxub847k.0.0.0.1.$include-10.0.0.1:$panel-0.$0.0.0.0.2.0.0.1:$home-formation-row-1.$home-player-2.1\">S\u00f8rensen s hr\u00e1\u010dkami si v\u0161e pot\u0159ebn\u00e9 vyjasn\u00ed a na v\u00fdletu do Leicestru 12.3. se uk\u00e1\u017eeme v mnohem lep\u0161\u00edm sv\u011btle.<strong><span style=\"color: #0000ff;\"> COYB!<\/span><\/strong><\/span><\/span><\/p>\n<p style=\"text-align: right;\"><span style=\"font-size: 8pt;\"><em>Fotografie: Beever-Jones (zdroj: Getty Images)<\/em><\/span><\/p>\n<p><strong>Statistika:<\/strong> Dr\u017een\u00ed m\u00ed\u010de: 53%:47%, st\u0159ely 7:12 (na br\u00e1nu 3:3)<\/p>\n<p><strong>Branky:<\/strong> Finnigan (67\u00b4 &#8211; vlastn\u00ed) &#8211; Dali (5\u00b4)<\/p>\n<p><strong>\u017dK:<\/strong> Hope &#8211; Lehmann, Hanson<\/p>\n<p><strong>Everton (3-4-3):\u00a0<\/strong>Brosnan; <span class=\"sp-c-lineup-pitch__player\" data-reactid=\".1fpbxub847k.0.0.0.1.$include-10.0.0.1:$panel-0.$0.0.0.0.2.0.0.1:$home-formation-row-1.$home-player-0\"><span class=\"sp-c-lineup-pitch__player__name gs-u-display-block@xs \" data-reactid=\".1fpbxub847k.0.0.0.1.$include-10.0.0.1:$panel-0.$0.0.0.0.2.0.0.1:$home-formation-row-1.$home-player-0.1\">Finnigan (Christiansen 85\u00b4), <\/span><\/span><span class=\"sp-c-lineup-pitch__player\" data-reactid=\".1fpbxub847k.0.0.0.1.$include-10.0.0.1:$panel-0.$0.0.0.0.2.0.0.1:$home-formation-row-1.$home-player-1\"><span class=\"sp-c-lineup-pitch__player__name gs-u-display-block@xs \" data-reactid=\".1fpbxub847k.0.0.0.1.$include-10.0.0.1:$panel-0.$0.0.0.0.2.0.0.1:$home-formation-row-1.$home-player-1.1\">Holmgaard (Stenevik 77\u00b4), <\/span><\/span><span class=\"sp-c-lineup-pitch__player\" data-reactid=\".1fpbxub847k.0.0.0.1.$include-10.0.0.1:$panel-0.$0.0.0.0.2.0.0.1:$home-formation-row-1.$home-player-2\"><span class=\"sp-c-lineup-pitch__player__name gs-u-display-block@xs \" data-reactid=\".1fpbxub847k.0.0.0.1.$include-10.0.0.1:$panel-0.$0.0.0.0.2.0.0.1:$home-formation-row-1.$home-player-2.1\">Sevecke; Hope, Wheeler (Galli 76\u00b4), Bj\u00f6rn, George; Beever-Jones, Snoeijs (S\u00f8rensen 72\u00b4), Park<\/span><\/span><\/p>\n<p><strong>Aston Villa (4-3-3): <\/strong>Hampton; <span class=\"sp-c-lineup-pitch__player\" data-reactid=\".1fpbxub847k.0.0.0.1.$include-10.0.0.1:$panel-0.$0.0.0.1.2.0.0.1:$away-formation-row-1.$away-player-0\"><span class=\"sp-c-lineup-pitch__player__name gs-u-display-block@xs \" data-reactid=\".1fpbxub847k.0.0.0.1.$include-10.0.0.1:$panel-0.$0.0.0.1.2.0.0.1:$away-formation-row-1.$away-player-0.1\">Mayling, <\/span><\/span><span class=\"sp-c-lineup-pitch__player\" data-reactid=\".1fpbxub847k.0.0.0.1.$include-10.0.0.1:$panel-0.$0.0.0.1.2.0.0.1:$away-formation-row-1.$away-player-1\"><span class=\"sp-c-lineup-pitch__player__name gs-u-display-block@xs \" data-reactid=\".1fpbxub847k.0.0.0.1.$include-10.0.0.1:$panel-0.$0.0.0.1.2.0.0.1:$away-formation-row-1.$away-player-1.1\">Turner, <\/span><\/span><span class=\"sp-c-lineup-pitch__player\" data-reactid=\".1fpbxub847k.0.0.0.1.$include-10.0.0.1:$panel-0.$0.0.0.1.2.0.0.1:$away-formation-row-1.$away-player-2\"><span class=\"sp-c-lineup-pitch__player__name gs-u-display-block@xs \" data-reactid=\".1fpbxub847k.0.0.0.1.$include-10.0.0.1:$panel-0.$0.0.0.1.2.0.0.1:$away-formation-row-1.$away-player-2.1\">Corsie, <\/span><\/span><span class=\"sp-c-lineup-pitch__player\" data-reactid=\".1fpbxub847k.0.0.0.1.$include-10.0.0.1:$panel-0.$0.0.0.1.2.0.0.1:$away-formation-row-1.$away-player-3\"><span class=\"sp-c-lineup-pitch__player__name gs-u-display-block@xs \" data-reactid=\".1fpbxub847k.0.0.0.1.$include-10.0.0.1:$panel-0.$0.0.0.1.2.0.0.1:$away-formation-row-1.$away-player-3.1\">Pacheco; Dali, Staniforth, Nobbs (Littlejohn 77\u00b4); Lehmann (Blindkilde 77\u00b4), Daly (Gilenik 90+3\u00b4), Hanson<\/span><\/span><\/p>\n<p><strong>Rozhod\u010d\u00ed:<\/strong> Amy Ferans<\/p>\n<p><iframe loading=\"lazy\" title=\"HIGHLIGHTS | Everton Women 0-2 Aston Villa Women\" width=\"1140\" height=\"641\" src=\"https:\/\/www.youtube.com\/embed\/_iPM87-LVYY?feature=oembed\" frameborder=\"0\" allow=\"accelerometer; autoplay; clipboard-write; encrypted-media; gyroscope; picture-in-picture; web-share\" allowfullscreen><\/iframe><\/p>\n","protected":false},"excerpt":{"rendered":"<p>Utk\u00e1n\u00ed dvou soused\u016f z tabulky nedopadlo pro Everton dob\u0159e a po nevaln\u00e9m v\u00fdkonu odevzdal v\u0161echny body n\u00e1v\u0161t\u011bv\u011b z Birminghamu.<\/p>\n","protected":false},"author":26,"featured_media":21150,"comment_status":"open","ping_status":"closed","sticky":false,"template":"","format":"standard","meta":{"_eb_attr":"","_monsterinsights_skip_tracking":false,"_monsterinsights_sitenote_active":false,"_monsterinsights_sitenote_note":"","_monsterinsights_sitenote_category":0,"footnotes":""},"categories":[110],"tags":[],"yoast_head":"<!-- This site is optimized with the Yoast SEO plugin v23.4 - https:\/\/yoast.com\/wordpress\/plugins\/seo\/ -->\n<title>Everton W - Aston Villa W 0:2 - Official Czech &amp; Slovak Everton Supporters&#039; Club<\/title>\n<meta name=\"robots\" content=\"index, follow, max-snippet:-1, max-image-preview:large, max-video-preview:-1\" \/>\n<link rel=\"canonical\" href=\"https:\/\/evertonfc.cz\/index.php\/2023\/03\/08\/everton-w-aston-villa-w-02-2\/\" \/>\n<meta property=\"og:locale\" content=\"cs_CZ\" \/>\n<meta property=\"og:type\" content=\"article\" \/>\n<meta property=\"og:title\" content=\"Everton W - Aston Villa W 0:2 - Official Czech &amp; Slovak Everton Supporters&#039; Club\" \/>\n<meta property=\"og:description\" content=\"Utk\u00e1n\u00ed dvou soused\u016f z tabulky nedopadlo pro Everton dob\u0159e a po nevaln\u00e9m v\u00fdkonu odevzdal v\u0161echny body n\u00e1v\u0161t\u011bv\u011b z Birminghamu.\" \/>\n<meta property=\"og:url\" content=\"https:\/\/evertonfc.cz\/index.php\/2023\/03\/08\/everton-w-aston-villa-w-02-2\/\" \/>\n<meta property=\"og:site_name\" content=\"Official Czech &amp; Slovak Everton Supporters&#039; Club\" \/>\n<meta property=\"article:publisher\" content=\"https:\/\/www.facebook.com\/everton.fans.cz.sk\" \/>\n<meta property=\"article:published_time\" content=\"2023-03-08T21:07:23+00:00\" \/>\n<meta property=\"article:modified_time\" content=\"2023-03-09T10:03:54+00:00\" \/>\n<meta property=\"og:image\" content=\"https:\/\/evertonfc.cz\/wp-content\/uploads\/2023\/03\/Beever-Jones-vs-Villa-5_3_2023_web.jpg\" \/>\n\t<meta property=\"og:image:width\" content=\"720\" \/>\n\t<meta property=\"og:image:height\" content=\"405\" \/>\n\t<meta property=\"og:image:type\" content=\"image\/jpeg\" \/>\n<meta name=\"author\" content=\"Karamela\" \/>\n<meta name=\"twitter:card\" content=\"summary_large_image\" \/>\n<meta name=\"twitter:label1\" content=\"Napsal(a)\" \/>\n\t<meta name=\"twitter:data1\" content=\"Karamela\" \/>\n\t<meta name=\"twitter:label2\" content=\"Odhadovan\u00e1 doba \u010dten\u00ed\" \/>\n\t<meta name=\"twitter:data2\" content=\"3 minuty\" \/>\n<script type=\"application\/ld+json\" class=\"yoast-schema-graph\">{\"@context\":\"https:\/\/schema.org\",\"@graph\":[{\"@type\":\"Article\",\"@id\":\"https:\/\/evertonfc.cz\/index.php\/2023\/03\/08\/everton-w-aston-villa-w-02-2\/#article\",\"isPartOf\":{\"@id\":\"https:\/\/evertonfc.cz\/index.php\/2023\/03\/08\/everton-w-aston-villa-w-02-2\/\"},\"author\":{\"name\":\"Karamela\",\"@id\":\"https:\/\/evertonfc.cz\/#\/schema\/person\/e9a24a80a32efa1344dd2c4e5882185c\"},\"headline\":\"Everton W &#8211; Aston Villa W 0:2\",\"datePublished\":\"2023-03-08T21:07:23+00:00\",\"dateModified\":\"2023-03-09T10:03:54+00:00\",\"mainEntityOfPage\":{\"@id\":\"https:\/\/evertonfc.cz\/index.php\/2023\/03\/08\/everton-w-aston-villa-w-02-2\/\"},\"wordCount\":654,\"commentCount\":0,\"publisher\":{\"@id\":\"https:\/\/evertonfc.cz\/#organization\"},\"image\":{\"@id\":\"https:\/\/evertonfc.cz\/index.php\/2023\/03\/08\/everton-w-aston-villa-w-02-2\/#primaryimage\"},\"thumbnailUrl\":\"https:\/\/evertonfc.cz\/wp-content\/uploads\/2023\/03\/Beever-Jones-vs-Villa-5_3_2023_web.jpg\",\"articleSection\":[\"Everton Women\"],\"inLanguage\":\"cs\",\"potentialAction\":[{\"@type\":\"CommentAction\",\"name\":\"Comment\",\"target\":[\"https:\/\/evertonfc.cz\/index.php\/2023\/03\/08\/everton-w-aston-villa-w-02-2\/#respond\"]}]},{\"@type\":\"WebPage\",\"@id\":\"https:\/\/evertonfc.cz\/index.php\/2023\/03\/08\/everton-w-aston-villa-w-02-2\/\",\"url\":\"https:\/\/evertonfc.cz\/index.php\/2023\/03\/08\/everton-w-aston-villa-w-02-2\/\",\"name\":\"Everton W - Aston Villa W 0:2 - Official Czech &amp; Slovak Everton Supporters&#039; Club\",\"isPartOf\":{\"@id\":\"https:\/\/evertonfc.cz\/#website\"},\"primaryImageOfPage\":{\"@id\":\"https:\/\/evertonfc.cz\/index.php\/2023\/03\/08\/everton-w-aston-villa-w-02-2\/#primaryimage\"},\"image\":{\"@id\":\"https:\/\/evertonfc.cz\/index.php\/2023\/03\/08\/everton-w-aston-villa-w-02-2\/#primaryimage\"},\"thumbnailUrl\":\"https:\/\/evertonfc.cz\/wp-content\/uploads\/2023\/03\/Beever-Jones-vs-Villa-5_3_2023_web.jpg\",\"datePublished\":\"2023-03-08T21:07:23+00:00\",\"dateModified\":\"2023-03-09T10:03:54+00:00\",\"breadcrumb\":{\"@id\":\"https:\/\/evertonfc.cz\/index.php\/2023\/03\/08\/everton-w-aston-villa-w-02-2\/#breadcrumb\"},\"inLanguage\":\"cs\",\"potentialAction\":[{\"@type\":\"ReadAction\",\"target\":[\"https:\/\/evertonfc.cz\/index.php\/2023\/03\/08\/everton-w-aston-villa-w-02-2\/\"]}]},{\"@type\":\"ImageObject\",\"inLanguage\":\"cs\",\"@id\":\"https:\/\/evertonfc.cz\/index.php\/2023\/03\/08\/everton-w-aston-villa-w-02-2\/#primaryimage\",\"url\":\"https:\/\/evertonfc.cz\/wp-content\/uploads\/2023\/03\/Beever-Jones-vs-Villa-5_3_2023_web.jpg\",\"contentUrl\":\"https:\/\/evertonfc.cz\/wp-content\/uploads\/2023\/03\/Beever-Jones-vs-Villa-5_3_2023_web.jpg\",\"width\":720,\"height\":405},{\"@type\":\"BreadcrumbList\",\"@id\":\"https:\/\/evertonfc.cz\/index.php\/2023\/03\/08\/everton-w-aston-villa-w-02-2\/#breadcrumb\",\"itemListElement\":[{\"@type\":\"ListItem\",\"position\":1,\"name\":\"Home\",\"item\":\"https:\/\/evertonfc.cz\/\"},{\"@type\":\"ListItem\",\"position\":2,\"name\":\"Everton W &#8211; Aston Villa W 0:2\"}]},{\"@type\":\"WebSite\",\"@id\":\"https:\/\/evertonfc.cz\/#website\",\"url\":\"https:\/\/evertonfc.cz\/\",\"name\":\"Official Czech &amp; Slovak Everton Supporters&#039; Club\",\"description\":\"\",\"publisher\":{\"@id\":\"https:\/\/evertonfc.cz\/#organization\"},\"potentialAction\":[{\"@type\":\"SearchAction\",\"target\":{\"@type\":\"EntryPoint\",\"urlTemplate\":\"https:\/\/evertonfc.cz\/?s={search_term_string}\"},\"query-input\":{\"@type\":\"PropertyValueSpecification\",\"valueRequired\":true,\"valueName\":\"search_term_string\"}}],\"inLanguage\":\"cs\"},{\"@type\":\"Organization\",\"@id\":\"https:\/\/evertonfc.cz\/#organization\",\"name\":\"Official Czech & Slovak Everton Supporters' Club\",\"url\":\"https:\/\/evertonfc.cz\/\",\"logo\":{\"@type\":\"ImageObject\",\"inLanguage\":\"cs\",\"@id\":\"https:\/\/evertonfc.cz\/#\/schema\/logo\/image\/\",\"url\":\"https:\/\/evertonfc.cz\/wp-content\/uploads\/2019\/05\/logo.png\",\"contentUrl\":\"https:\/\/evertonfc.cz\/wp-content\/uploads\/2019\/05\/logo.png\",\"width\":112,\"height\":112,\"caption\":\"Official Czech & Slovak Everton Supporters' Club\"},\"image\":{\"@id\":\"https:\/\/evertonfc.cz\/#\/schema\/logo\/image\/\"},\"sameAs\":[\"https:\/\/www.facebook.com\/everton.fans.cz.sk\"]},{\"@type\":\"Person\",\"@id\":\"https:\/\/evertonfc.cz\/#\/schema\/person\/e9a24a80a32efa1344dd2c4e5882185c\",\"name\":\"Karamela\",\"url\":\"https:\/\/evertonfc.cz\/index.php\/author\/karamela\/\"}]}<\/script>\n<!-- \/ Yoast SEO plugin. -->","yoast_head_json":{"title":"Everton W - Aston Villa W 0:2 - Official Czech &amp; Slovak Everton Supporters&#039; Club","robots":{"index":"index","follow":"follow","max-snippet":"max-snippet:-1","max-image-preview":"max-image-preview:large","max-video-preview":"max-video-preview:-1"},"canonical":"https:\/\/evertonfc.cz\/index.php\/2023\/03\/08\/everton-w-aston-villa-w-02-2\/","og_locale":"cs_CZ","og_type":"article","og_title":"Everton W - Aston Villa W 0:2 - Official Czech &amp; Slovak Everton Supporters&#039; Club","og_description":"Utk\u00e1n\u00ed dvou soused\u016f z tabulky nedopadlo pro Everton dob\u0159e a po nevaln\u00e9m v\u00fdkonu odevzdal v\u0161echny body n\u00e1v\u0161t\u011bv\u011b z Birminghamu.","og_url":"https:\/\/evertonfc.cz\/index.php\/2023\/03\/08\/everton-w-aston-villa-w-02-2\/","og_site_name":"Official Czech &amp; Slovak Everton Supporters&#039; Club","article_publisher":"https:\/\/www.facebook.com\/everton.fans.cz.sk","article_published_time":"2023-03-08T21:07:23+00:00","article_modified_time":"2023-03-09T10:03:54+00:00","og_image":[{"width":720,"height":405,"url":"https:\/\/evertonfc.cz\/wp-content\/uploads\/2023\/03\/Beever-Jones-vs-Villa-5_3_2023_web.jpg","type":"image\/jpeg"}],"author":"Karamela","twitter_card":"summary_large_image","twitter_misc":{"Napsal(a)":"Karamela","Odhadovan\u00e1 doba \u010dten\u00ed":"3 minuty"},"schema":{"@context":"https:\/\/schema.org","@graph":[{"@type":"Article","@id":"https:\/\/evertonfc.cz\/index.php\/2023\/03\/08\/everton-w-aston-villa-w-02-2\/#article","isPartOf":{"@id":"https:\/\/evertonfc.cz\/index.php\/2023\/03\/08\/everton-w-aston-villa-w-02-2\/"},"author":{"name":"Karamela","@id":"https:\/\/evertonfc.cz\/#\/schema\/person\/e9a24a80a32efa1344dd2c4e5882185c"},"headline":"Everton W &#8211; Aston Villa W 0:2","datePublished":"2023-03-08T21:07:23+00:00","dateModified":"2023-03-09T10:03:54+00:00","mainEntityOfPage":{"@id":"https:\/\/evertonfc.cz\/index.php\/2023\/03\/08\/everton-w-aston-villa-w-02-2\/"},"wordCount":654,"commentCount":0,"publisher":{"@id":"https:\/\/evertonfc.cz\/#organization"},"image":{"@id":"https:\/\/evertonfc.cz\/index.php\/2023\/03\/08\/everton-w-aston-villa-w-02-2\/#primaryimage"},"thumbnailUrl":"https:\/\/evertonfc.cz\/wp-content\/uploads\/2023\/03\/Beever-Jones-vs-Villa-5_3_2023_web.jpg","articleSection":["Everton Women"],"inLanguage":"cs","potentialAction":[{"@type":"CommentAction","name":"Comment","target":["https:\/\/evertonfc.cz\/index.php\/2023\/03\/08\/everton-w-aston-villa-w-02-2\/#respond"]}]},{"@type":"WebPage","@id":"https:\/\/evertonfc.cz\/index.php\/2023\/03\/08\/everton-w-aston-villa-w-02-2\/","url":"https:\/\/evertonfc.cz\/index.php\/2023\/03\/08\/everton-w-aston-villa-w-02-2\/","name":"Everton W - Aston Villa W 0:2 - Official Czech &amp; Slovak Everton Supporters&#039; Club","isPartOf":{"@id":"https:\/\/evertonfc.cz\/#website"},"primaryImageOfPage":{"@id":"https:\/\/evertonfc.cz\/index.php\/2023\/03\/08\/everton-w-aston-villa-w-02-2\/#primaryimage"},"image":{"@id":"https:\/\/evertonfc.cz\/index.php\/2023\/03\/08\/everton-w-aston-villa-w-02-2\/#primaryimage"},"thumbnailUrl":"https:\/\/evertonfc.cz\/wp-content\/uploads\/2023\/03\/Beever-Jones-vs-Villa-5_3_2023_web.jpg","datePublished":"2023-03-08T21:07:23+00:00","dateModified":"2023-03-09T10:03:54+00:00","breadcrumb":{"@id":"https:\/\/evertonfc.cz\/index.php\/2023\/03\/08\/everton-w-aston-villa-w-02-2\/#breadcrumb"},"inLanguage":"cs","potentialAction":[{"@type":"ReadAction","target":["https:\/\/evertonfc.cz\/index.php\/2023\/03\/08\/everton-w-aston-villa-w-02-2\/"]}]},{"@type":"ImageObject","inLanguage":"cs","@id":"https:\/\/evertonfc.cz\/index.php\/2023\/03\/08\/everton-w-aston-villa-w-02-2\/#primaryimage","url":"https:\/\/evertonfc.cz\/wp-content\/uploads\/2023\/03\/Beever-Jones-vs-Villa-5_3_2023_web.jpg","contentUrl":"https:\/\/evertonfc.cz\/wp-content\/uploads\/2023\/03\/Beever-Jones-vs-Villa-5_3_2023_web.jpg","width":720,"height":405},{"@type":"BreadcrumbList","@id":"https:\/\/evertonfc.cz\/index.php\/2023\/03\/08\/everton-w-aston-villa-w-02-2\/#breadcrumb","itemListElement":[{"@type":"ListItem","position":1,"name":"Home","item":"https:\/\/evertonfc.cz\/"},{"@type":"ListItem","position":2,"name":"Everton W &#8211; Aston Villa W 0:2"}]},{"@type":"WebSite","@id":"https:\/\/evertonfc.cz\/#website","url":"https:\/\/evertonfc.cz\/","name":"Official Czech &amp; Slovak Everton Supporters&#039; Club","description":"","publisher":{"@id":"https:\/\/evertonfc.cz\/#organization"},"potentialAction":[{"@type":"SearchAction","target":{"@type":"EntryPoint","urlTemplate":"https:\/\/evertonfc.cz\/?s={search_term_string}"},"query-input":{"@type":"PropertyValueSpecification","valueRequired":true,"valueName":"search_term_string"}}],"inLanguage":"cs"},{"@type":"Organization","@id":"https:\/\/evertonfc.cz\/#organization","name":"Official Czech & Slovak Everton Supporters' Club","url":"https:\/\/evertonfc.cz\/","logo":{"@type":"ImageObject","inLanguage":"cs","@id":"https:\/\/evertonfc.cz\/#\/schema\/logo\/image\/","url":"https:\/\/evertonfc.cz\/wp-content\/uploads\/2019\/05\/logo.png","contentUrl":"https:\/\/evertonfc.cz\/wp-content\/uploads\/2019\/05\/logo.png","width":112,"height":112,"caption":"Official Czech & Slovak Everton Supporters' Club"},"image":{"@id":"https:\/\/evertonfc.cz\/#\/schema\/logo\/image\/"},"sameAs":["https:\/\/www.facebook.com\/everton.fans.cz.sk"]},{"@type":"Person","@id":"https:\/\/evertonfc.cz\/#\/schema\/person\/e9a24a80a32efa1344dd2c4e5882185c","name":"Karamela","url":"https:\/\/evertonfc.cz\/index.php\/author\/karamela\/"}]}},"_links":{"self":[{"href":"https:\/\/evertonfc.cz\/index.php\/wp-json\/wp\/v2\/posts\/21146"}],"collection":[{"href":"https:\/\/evertonfc.cz\/index.php\/wp-json\/wp\/v2\/posts"}],"about":[{"href":"https:\/\/evertonfc.cz\/index.php\/wp-json\/wp\/v2\/types\/post"}],"author":[{"embeddable":true,"href":"https:\/\/evertonfc.cz\/index.php\/wp-json\/wp\/v2\/users\/26"}],"replies":[{"embeddable":true,"href":"https:\/\/evertonfc.cz\/index.php\/wp-json\/wp\/v2\/comments?post=21146"}],"version-history":[{"count":12,"href":"https:\/\/evertonfc.cz\/index.php\/wp-json\/wp\/v2\/posts\/21146\/revisions"}],"predecessor-version":[{"id":21165,"href":"https:\/\/evertonfc.cz\/index.php\/wp-json\/wp\/v2\/posts\/21146\/revisions\/21165"}],"wp:featuredmedia":[{"embeddable":true,"href":"https:\/\/evertonfc.cz\/index.php\/wp-json\/wp\/v2\/media\/21150"}],"wp:attachment":[{"href":"https:\/\/evertonfc.cz\/index.php\/wp-json\/wp\/v2\/media?parent=21146"}],"wp:term":[{"taxonomy":"category","embeddable":true,"href":"https:\/\/evertonfc.cz\/index.php\/wp-json\/wp\/v2\/categories?post=21146"},{"taxonomy":"post_tag","embeddable":true,"href":"https:\/\/evertonfc.cz\/index.php\/wp-json\/wp\/v2\/tags?post=21146"}],"curies":[{"name":"wp","href":"https:\/\/api.w.org\/{rel}","templated":true}]}}