{"id":21166,"date":"2023-03-11T12:32:20","date_gmt":"2023-03-11T11:32:20","guid":{"rendered":"https:\/\/evertonfc.cz\/?p=21166"},"modified":"2023-03-11T12:32:20","modified_gmt":"2023-03-11T11:32:20","slug":"preview-everton-brentford-2","status":"publish","type":"post","link":"https:\/\/evertonfc.cz\/index.php\/2023\/03\/11\/preview-everton-brentford-2\/","title":{"rendered":"Preview: Everton \u2013 Brentford"},"content":{"rendered":"<h4>Ak s\u00fa The Bees posledn\u00fd zdolate\u013en\u00fd s\u00faper pred \u0161n\u00farou Chelsea, Tottenham a\u00a0Manchester United, tak cie\u013e je jasn\u00fd. Posla\u0165 ich domov smutn\u00fdch a\u00a0necha\u0165 si v\u0161etky body.<\/h4>\n<p>Duely s\u00a0menovkami povinnej v\u00fdhry nem\u00e1vaj\u00fa dobr\u00fa karmu pre t\u00fdmto \u00fakolom ocho\u010den\u00fdch. Zv\u00e4zuje to ruky, v\u00a0tomto pr\u00edpade najm\u00e4 nohy, a\u00a0o\u010dak\u00e1vania dom\u00e1ceho publika ob\u010das nepridaj\u00fa na n\u00e1lade. Najm\u00e4 ak sa veci neza\u010dn\u00fa vyv\u00edja\u0165 dobre hne\u010f od za\u010diatku. Preto by sa podobn\u00fd \u0161tart ako pred t\u00fd\u017ed\u0148om hodil aj dnes.<\/p>\n<p>Na rozhodcovsk\u00e9 rozhodnutia je ne\u013eahk\u00fd spo\u013eah. Preto treba pokra\u010dova\u0165 v slabej trad\u00edcii sk\u00f3rovania z otvorenej hry. Hodi\u0165 sa k tomu bude Calvert-Lewin. \u00dato\u010dn\u00edk sa zapojil do pln\u00e9ho tr\u00e9ningu v \u0161tvrtok, a o jeho pripravenosti sa rozhodne pred z\u00e1pasom. Predsa len, p\u00e4\u0165z\u00e1pasov\u00e1 stopka pre bo\u013eav\u00fd hamstring sa prejav\u00ed na kond\u00edcii i hernej praxi. V tej by mal na hrote pod\u013ea viacer\u00fdch pokra\u010dova\u0165 n\u00e1\u0161 najlep\u0161\u00ed strelec Gray.<\/p>\n<p>Kr\u00eddeln\u00edk bol u\u00a0s\u00fapera na City Ground platnej\u0161\u00edm hr\u00e1\u010dom ne\u017e pri posledn\u00fdch z\u00e1pasoch Maupay. No ka\u017ed\u00e9 stretnutie s\u00a0in\u00fdm s\u00faperom so sebou prin\u00e1\u0161a r\u00f4zne v\u00fdzvy a\u00a0po\u017eiadavky. Tie zatia\u013e e\u0161te nesp\u013a\u0148a na n\u00e1vrat Patterson, no je bl\u00edzko, a\u00a0u\u017e v\u00f4bec nie Townsend, ktor\u00e9ho zotavenie z\u00a0plastiky kr\u00ed\u017eneho v\u00e4zu nejde pod\u013ea pl\u00e1nu. \u00a0Pred t\u00fd\u017ed\u0148om chor\u00fd Mykolenko by u\u017e mal by\u0165 zdrav\u00fd a\u00a0pripraven\u00fd do z\u00e1kladu.<\/p>\n<h4 style=\"text-align: center;\"><strong>Dyche pred z\u00e1pasom:<\/strong><\/h4>\n<p><em>\u201eMus\u00edte stava\u0165 na nie\u010dom, \u010do je skuto\u010dn\u00e9 a ja vid\u00edm nie\u010do skuto\u010dn\u00e9, \u010do sa pr\u00e1ve deje. Vid\u00edm, \u017ee t\u00edm pracuje efekt\u00edvne a \u00fa\u010dinne. Vid\u00edm, \u017ee sa tvar zlep\u0161uje, lep\u0161ie sa pracuje na prechode a za\u010d\u00edname nach\u00e1dza\u0165 lep\u0161ie sp\u00f4soby fungovania v \u00fato\u010dnej tretine. M\u00e1me viac prienikov do \u0161estn\u00e1stky, viac kvalitn\u00fdch prienikov. Teraz sa pridaj\u00fa posledn\u00e9 detaily a moment pravdy, ke\u010f sa niekto chop\u00ed \u0161ance.\u201c<\/em><\/p>\n<h4><strong>Thomas &amp; Bets<\/strong><\/h4>\n<p>Jedinou s\u00fa\u0165a\u017enou prehrou Brentfordu od prest\u00e1vky na Majstrovstv\u00e1 sveta bolo tretie kolo FA Cupu v janu\u00e1ri proti West Hamu. Zvy\u0161ok je dev\u00e4\u0165z\u00e1pasov\u00e1 s\u00e9ria v Premier League, v\u010faka ktorej sa pohodlne vyhrievaj\u00fa na deviatom mieste, iba tri body od \u0161iesteho miesta. E\u0161te vydr\u017ea\u0165 a\u00a0dones\u00fa do \u00fa\u013eu aj sladk\u00fa Eur\u00f3pu.<\/p>\n<p>Okrem vynikaj\u00facej pr\u00e1ce, ktor\u00fa odv\u00e1dza Thomas Frank, k \u00faspechu mal\u00e9ho klubu zo severnej polovice hlavn\u00e9ho mesta prispelo aj \u0161\u0165astie so zraneniami. Hlavn\u00ed \u0165ah\u00fani na \u010dele s\u00a0Toneym s\u00fa sn\u00e1\u010f nesmrte\u013en\u00ed. Ale pr\u00e1ve Ivan m\u00f4\u017ee u\u017e \u010doskoro ok\u00fasi\u0165 uzem\u0148uj\u00facu silu pr\u00e1va, ke\u010f si ho kone\u010dne vypo\u010duje FA. T\u00fdka sa to jeho priznania o\u00a0vy\u0161e 200 poru\u0161eniach z\u00e1kazov neleg\u00e1lnych st\u00e1vok pre profesion\u00e1lnych hr\u00e1\u010dov.<\/p>\n<p>Pre\u010do to\u013eko trv\u00e1 vy\u0161etrenie tak z\u00e1va\u017enej veci je zar\u00e1\u017eaj\u00face, no v\u00a0istom momente tejto sez\u00f3ny to bude zrejme znamena\u0165 koniec jeho ligov\u00fdch \u201ev\u00fdstrelkov\u201c minim\u00e1lne do konca ro\u010dn\u00edka. Sn\u00e1\u010f ho vtedy zast\u00fapi Keane Lewis-Potter, moment\u00e1lne indisponovan\u00fd s\u00a0pokazen\u00fdm kolenom. Druh\u00e1 a\u00a0posledn\u00e1 absencia je g\u00f3lman Strakosha.<\/p>\n<h4><strong>\u0160tatistick\u00e9 okienko:<\/strong><\/h4>\n<ul>\n<li>Everton hral s Brentfordom v najvy\u0161\u0161ej s\u00fa\u0165a\u017ei 5-kr\u00e1t od II. svetovej vojny, ale nedok\u00e1zal vyhra\u0165 ani jeden z t\u00fdchto z\u00e1pasov (2 rem\u00edzy, 3 prehry). S\u00fa jedn\u00fdm z iba 2 t\u00edmov (Carlisle United), ktor\u00e9 Everton nedok\u00e1zal v najvy\u0161\u0161ej s\u00fa\u0165a\u017ei v\u00a0tomto obdob\u00ed porazi\u0165.<\/li>\n<li>EFC by tak mohlo po prehre 3:2 v Goodison Parku v minulej sez\u00f3ne prv\u00fdkr\u00e1t s Brentfordom prehra\u0165 po sebe id\u00face dom\u00e1ce ligov\u00e9 z\u00e1pasy.<\/li>\n<li>Lond\u00fdn\u010dania neprehrali vo svojich troch z\u00e1pasoch Premier League proti Evertonu (2 v\u00fdhry, 1 rem\u00edza).<\/li>\n<li>Jedin\u00fdm v\u00ed\u0165azstvom The Toffees v uplynul\u00fdch piatich ligov\u00fdch stretnutiach proti The Bees bolo doma v roku 1954 v druhej lige so sk\u00f3re 6:1.<\/li>\n<li>Everton nevyhral nad Brentfordom v\u00a0najvy\u0161\u0161ej s\u00fa\u0165a\u017ei od dom\u00e1ceho triumfu 2:1 v roku 1938 (D2, L4).<\/li>\n<li>Aktu\u00e1lny s\u00fa\u010det 22 bodov EFC z 26 z\u00e1pasov je rovnak\u00fd ako v minulej sez\u00f3ne. Vtedy sta\u010dilo vyhra\u0165 e\u0161te p\u00e4\u0165 z posledn\u00fdch 12 ligov\u00fdch z\u00e1pasov a\u00a0skon\u010dilo sa na 16. mieste, \u0161tyri body nad p\u00e1smom zostupu.<\/li>\n<li>Everton z\u00edskal sedem bodov vo svojich \u0161iestich ligov\u00fdch z\u00e1pasoch pod veden\u00edm Seana Dycha, pri\u010dom vo svojich posledn\u00fdch 12 z\u00e1pasoch pod veden\u00edm Franka Lamparda nazbieral iba p\u00e4\u0165 bodov.<\/li>\n<li>Karamelky inkasovali v tejto sez\u00f3ne Premier League a\u017e osem g\u00f3lov (najviac) z r\u00fdchlych proti\u00fatokov. Iba Manchester United strelil viac tak\u00fdchto g\u00f3lov ako Brentford (5).<\/li>\n<li>Brentford je jedn\u00fdm z iba troch neporazen\u00fdch t\u00edmov v piatich najlep\u0161\u00edch eur\u00f3pskych lig\u00e1ch v roku 2023 spolu so Stade de Reims a Borussiou Dortmund.<\/li>\n<li>Toto je druh\u00e1 najdlh\u0161ia s\u00e9ria Brentfordu v najvy\u0161\u0161ej s\u00fa\u0165a\u017ei bez prehry po s\u00e9rii 14 z\u00e1pasov medzi marcom a septembrom 1936, ktor\u00e1 bola ukon\u010den\u00e1 a\u017e por\u00e1\u017ekou 3:0 na ihrisku Evertonu.<\/li>\n<\/ul>\n<h3 style=\"text-align: center;\"><span style=\"color: #3366ff;\"><em><strong>Up The Toffees !!!<\/strong><\/em><\/span><\/h3>\n<p><strong>\u010co:<\/strong> Everton FC \u2013 Brentford FC, 27. kolo Premier League<br \/>\n<strong>Kedy:<\/strong> 11.3. 2023 od 16:00 SE\u010c<br \/>\n<strong>Ako: <\/strong>z\u00e1pasov\u00fd stream na CANAL+Sport 4<br \/>\n<strong>Kde:<\/strong> Goodison Park \u2013 Goodison Rd, Liverpool L4 4EL (kapacita: 39 572)<br \/>\n<strong>Rozhodca:<\/strong> Simon Hooper \u00a0<strong>Asistenti:<\/strong> A. Holmes, M. Scholes \u00a0<strong>\u0160tvrt\u00fd rozhodca:<\/strong> A. Madley<br \/>\n<strong>VAR: <\/strong>David Coote \u00a0<strong>Asistent VAR: <\/strong>Richard West<\/p>\n","protected":false},"excerpt":{"rendered":"<p>Ak s\u00fa The Bees posledn\u00fd zdolate\u013en\u00fd s\u00faper pred \u0161n\u00farou Chelsea, Tottenham a\u00a0Manchester United, tak cie\u013e je jasn\u00fd. Posla\u0165 ich domov smutn\u00fdch a\u00a0necha\u0165 si v\u0161etky body.<\/p>\n","protected":false},"author":1,"featured_media":19737,"comment_status":"open","ping_status":"closed","sticky":false,"template":"","format":"standard","meta":{"_eb_attr":"","_monsterinsights_skip_tracking":false,"_monsterinsights_sitenote_active":false,"_monsterinsights_sitenote_note":"","_monsterinsights_sitenote_category":0,"footnotes":""},"categories":[4],"tags":[],"yoast_head":"<!-- This site is optimized with the Yoast SEO plugin v23.4 - https:\/\/yoast.com\/wordpress\/plugins\/seo\/ -->\n<title>Preview: Everton \u2013 Brentford - Official Czech &amp; Slovak Everton Supporters&#039; Club<\/title>\n<meta name=\"robots\" content=\"index, follow, max-snippet:-1, max-image-preview:large, max-video-preview:-1\" \/>\n<link rel=\"canonical\" href=\"https:\/\/evertonfc.cz\/index.php\/2023\/03\/11\/preview-everton-brentford-2\/\" \/>\n<meta property=\"og:locale\" content=\"cs_CZ\" \/>\n<meta property=\"og:type\" content=\"article\" \/>\n<meta property=\"og:title\" content=\"Preview: Everton \u2013 Brentford - Official Czech &amp; Slovak Everton Supporters&#039; Club\" \/>\n<meta property=\"og:description\" content=\"Ak s\u00fa The Bees posledn\u00fd zdolate\u013en\u00fd s\u00faper pred \u0161n\u00farou Chelsea, Tottenham a\u00a0Manchester United, tak cie\u013e je jasn\u00fd. Posla\u0165 ich domov smutn\u00fdch a\u00a0necha\u0165 si v\u0161etky body.\" \/>\n<meta property=\"og:url\" content=\"https:\/\/evertonfc.cz\/index.php\/2023\/03\/11\/preview-everton-brentford-2\/\" \/>\n<meta property=\"og:site_name\" content=\"Official Czech &amp; Slovak Everton Supporters&#039; Club\" \/>\n<meta property=\"article:publisher\" content=\"https:\/\/www.facebook.com\/everton.fans.cz.sk\" \/>\n<meta property=\"article:published_time\" content=\"2023-03-11T11:32:20+00:00\" \/>\n<meta property=\"og:image\" content=\"https:\/\/evertonfc.cz\/wp-content\/uploads\/2022\/09\/Everton-VS-Brenford.png\" \/>\n\t<meta property=\"og:image:width\" content=\"720\" \/>\n\t<meta property=\"og:image:height\" content=\"405\" \/>\n\t<meta property=\"og:image:type\" content=\"image\/png\" \/>\n<meta name=\"author\" content=\"BlueBlooded\" \/>\n<meta name=\"twitter:card\" content=\"summary_large_image\" \/>\n<meta name=\"twitter:label1\" content=\"Napsal(a)\" \/>\n\t<meta name=\"twitter:data1\" content=\"BlueBlooded\" \/>\n\t<meta name=\"twitter:label2\" content=\"Odhadovan\u00e1 doba \u010dten\u00ed\" \/>\n\t<meta name=\"twitter:data2\" content=\"5 minut\" \/>\n<script type=\"application\/ld+json\" class=\"yoast-schema-graph\">{\"@context\":\"https:\/\/schema.org\",\"@graph\":[{\"@type\":\"Article\",\"@id\":\"https:\/\/evertonfc.cz\/index.php\/2023\/03\/11\/preview-everton-brentford-2\/#article\",\"isPartOf\":{\"@id\":\"https:\/\/evertonfc.cz\/index.php\/2023\/03\/11\/preview-everton-brentford-2\/\"},\"author\":{\"name\":\"BlueBlooded\",\"@id\":\"https:\/\/evertonfc.cz\/#\/schema\/person\/d4493b8cbea51532597fbc4685698916\"},\"headline\":\"Preview: Everton \u2013 Brentford\",\"datePublished\":\"2023-03-11T11:32:20+00:00\",\"dateModified\":\"2023-03-11T11:32:20+00:00\",\"mainEntityOfPage\":{\"@id\":\"https:\/\/evertonfc.cz\/index.php\/2023\/03\/11\/preview-everton-brentford-2\/\"},\"wordCount\":933,\"commentCount\":8,\"publisher\":{\"@id\":\"https:\/\/evertonfc.cz\/#organization\"},\"image\":{\"@id\":\"https:\/\/evertonfc.cz\/index.php\/2023\/03\/11\/preview-everton-brentford-2\/#primaryimage\"},\"thumbnailUrl\":\"https:\/\/evertonfc.cz\/wp-content\/uploads\/2022\/09\/Everton-VS-Brenford.png\",\"articleSection\":[\"Z\u00e1pasy\"],\"inLanguage\":\"cs\",\"potentialAction\":[{\"@type\":\"CommentAction\",\"name\":\"Comment\",\"target\":[\"https:\/\/evertonfc.cz\/index.php\/2023\/03\/11\/preview-everton-brentford-2\/#respond\"]}]},{\"@type\":\"WebPage\",\"@id\":\"https:\/\/evertonfc.cz\/index.php\/2023\/03\/11\/preview-everton-brentford-2\/\",\"url\":\"https:\/\/evertonfc.cz\/index.php\/2023\/03\/11\/preview-everton-brentford-2\/\",\"name\":\"Preview: Everton \u2013 Brentford - Official Czech &amp; Slovak Everton Supporters&#039; Club\",\"isPartOf\":{\"@id\":\"https:\/\/evertonfc.cz\/#website\"},\"primaryImageOfPage\":{\"@id\":\"https:\/\/evertonfc.cz\/index.php\/2023\/03\/11\/preview-everton-brentford-2\/#primaryimage\"},\"image\":{\"@id\":\"https:\/\/evertonfc.cz\/index.php\/2023\/03\/11\/preview-everton-brentford-2\/#primaryimage\"},\"thumbnailUrl\":\"https:\/\/evertonfc.cz\/wp-content\/uploads\/2022\/09\/Everton-VS-Brenford.png\",\"datePublished\":\"2023-03-11T11:32:20+00:00\",\"dateModified\":\"2023-03-11T11:32:20+00:00\",\"breadcrumb\":{\"@id\":\"https:\/\/evertonfc.cz\/index.php\/2023\/03\/11\/preview-everton-brentford-2\/#breadcrumb\"},\"inLanguage\":\"cs\",\"potentialAction\":[{\"@type\":\"ReadAction\",\"target\":[\"https:\/\/evertonfc.cz\/index.php\/2023\/03\/11\/preview-everton-brentford-2\/\"]}]},{\"@type\":\"ImageObject\",\"inLanguage\":\"cs\",\"@id\":\"https:\/\/evertonfc.cz\/index.php\/2023\/03\/11\/preview-everton-brentford-2\/#primaryimage\",\"url\":\"https:\/\/evertonfc.cz\/wp-content\/uploads\/2022\/09\/Everton-VS-Brenford.png\",\"contentUrl\":\"https:\/\/evertonfc.cz\/wp-content\/uploads\/2022\/09\/Everton-VS-Brenford.png\",\"width\":720,\"height\":405},{\"@type\":\"BreadcrumbList\",\"@id\":\"https:\/\/evertonfc.cz\/index.php\/2023\/03\/11\/preview-everton-brentford-2\/#breadcrumb\",\"itemListElement\":[{\"@type\":\"ListItem\",\"position\":1,\"name\":\"Home\",\"item\":\"https:\/\/evertonfc.cz\/\"},{\"@type\":\"ListItem\",\"position\":2,\"name\":\"Preview: Everton \u2013 Brentford\"}]},{\"@type\":\"WebSite\",\"@id\":\"https:\/\/evertonfc.cz\/#website\",\"url\":\"https:\/\/evertonfc.cz\/\",\"name\":\"Official Czech &amp; Slovak Everton Supporters&#039; Club\",\"description\":\"\",\"publisher\":{\"@id\":\"https:\/\/evertonfc.cz\/#organization\"},\"potentialAction\":[{\"@type\":\"SearchAction\",\"target\":{\"@type\":\"EntryPoint\",\"urlTemplate\":\"https:\/\/evertonfc.cz\/?s={search_term_string}\"},\"query-input\":{\"@type\":\"PropertyValueSpecification\",\"valueRequired\":true,\"valueName\":\"search_term_string\"}}],\"inLanguage\":\"cs\"},{\"@type\":\"Organization\",\"@id\":\"https:\/\/evertonfc.cz\/#organization\",\"name\":\"Official Czech & Slovak Everton Supporters' Club\",\"url\":\"https:\/\/evertonfc.cz\/\",\"logo\":{\"@type\":\"ImageObject\",\"inLanguage\":\"cs\",\"@id\":\"https:\/\/evertonfc.cz\/#\/schema\/logo\/image\/\",\"url\":\"https:\/\/evertonfc.cz\/wp-content\/uploads\/2019\/05\/logo.png\",\"contentUrl\":\"https:\/\/evertonfc.cz\/wp-content\/uploads\/2019\/05\/logo.png\",\"width\":112,\"height\":112,\"caption\":\"Official Czech & Slovak Everton Supporters' Club\"},\"image\":{\"@id\":\"https:\/\/evertonfc.cz\/#\/schema\/logo\/image\/\"},\"sameAs\":[\"https:\/\/www.facebook.com\/everton.fans.cz.sk\"]},{\"@type\":\"Person\",\"@id\":\"https:\/\/evertonfc.cz\/#\/schema\/person\/d4493b8cbea51532597fbc4685698916\",\"name\":\"BlueBlooded\",\"url\":\"https:\/\/evertonfc.cz\/index.php\/author\/admin\/\"}]}<\/script>\n<!-- \/ Yoast SEO plugin. -->","yoast_head_json":{"title":"Preview: Everton \u2013 Brentford - Official Czech &amp; Slovak Everton Supporters&#039; Club","robots":{"index":"index","follow":"follow","max-snippet":"max-snippet:-1","max-image-preview":"max-image-preview:large","max-video-preview":"max-video-preview:-1"},"canonical":"https:\/\/evertonfc.cz\/index.php\/2023\/03\/11\/preview-everton-brentford-2\/","og_locale":"cs_CZ","og_type":"article","og_title":"Preview: Everton \u2013 Brentford - Official Czech &amp; Slovak Everton Supporters&#039; Club","og_description":"Ak s\u00fa The Bees posledn\u00fd zdolate\u013en\u00fd s\u00faper pred \u0161n\u00farou Chelsea, Tottenham a\u00a0Manchester United, tak cie\u013e je jasn\u00fd. Posla\u0165 ich domov smutn\u00fdch a\u00a0necha\u0165 si v\u0161etky body.","og_url":"https:\/\/evertonfc.cz\/index.php\/2023\/03\/11\/preview-everton-brentford-2\/","og_site_name":"Official Czech &amp; Slovak Everton Supporters&#039; Club","article_publisher":"https:\/\/www.facebook.com\/everton.fans.cz.sk","article_published_time":"2023-03-11T11:32:20+00:00","og_image":[{"width":720,"height":405,"url":"https:\/\/evertonfc.cz\/wp-content\/uploads\/2022\/09\/Everton-VS-Brenford.png","type":"image\/png"}],"author":"BlueBlooded","twitter_card":"summary_large_image","twitter_misc":{"Napsal(a)":"BlueBlooded","Odhadovan\u00e1 doba \u010dten\u00ed":"5 minut"},"schema":{"@context":"https:\/\/schema.org","@graph":[{"@type":"Article","@id":"https:\/\/evertonfc.cz\/index.php\/2023\/03\/11\/preview-everton-brentford-2\/#article","isPartOf":{"@id":"https:\/\/evertonfc.cz\/index.php\/2023\/03\/11\/preview-everton-brentford-2\/"},"author":{"name":"BlueBlooded","@id":"https:\/\/evertonfc.cz\/#\/schema\/person\/d4493b8cbea51532597fbc4685698916"},"headline":"Preview: Everton \u2013 Brentford","datePublished":"2023-03-11T11:32:20+00:00","dateModified":"2023-03-11T11:32:20+00:00","mainEntityOfPage":{"@id":"https:\/\/evertonfc.cz\/index.php\/2023\/03\/11\/preview-everton-brentford-2\/"},"wordCount":933,"commentCount":8,"publisher":{"@id":"https:\/\/evertonfc.cz\/#organization"},"image":{"@id":"https:\/\/evertonfc.cz\/index.php\/2023\/03\/11\/preview-everton-brentford-2\/#primaryimage"},"thumbnailUrl":"https:\/\/evertonfc.cz\/wp-content\/uploads\/2022\/09\/Everton-VS-Brenford.png","articleSection":["Z\u00e1pasy"],"inLanguage":"cs","potentialAction":[{"@type":"CommentAction","name":"Comment","target":["https:\/\/evertonfc.cz\/index.php\/2023\/03\/11\/preview-everton-brentford-2\/#respond"]}]},{"@type":"WebPage","@id":"https:\/\/evertonfc.cz\/index.php\/2023\/03\/11\/preview-everton-brentford-2\/","url":"https:\/\/evertonfc.cz\/index.php\/2023\/03\/11\/preview-everton-brentford-2\/","name":"Preview: Everton \u2013 Brentford - Official Czech &amp; Slovak Everton Supporters&#039; Club","isPartOf":{"@id":"https:\/\/evertonfc.cz\/#website"},"primaryImageOfPage":{"@id":"https:\/\/evertonfc.cz\/index.php\/2023\/03\/11\/preview-everton-brentford-2\/#primaryimage"},"image":{"@id":"https:\/\/evertonfc.cz\/index.php\/2023\/03\/11\/preview-everton-brentford-2\/#primaryimage"},"thumbnailUrl":"https:\/\/evertonfc.cz\/wp-content\/uploads\/2022\/09\/Everton-VS-Brenford.png","datePublished":"2023-03-11T11:32:20+00:00","dateModified":"2023-03-11T11:32:20+00:00","breadcrumb":{"@id":"https:\/\/evertonfc.cz\/index.php\/2023\/03\/11\/preview-everton-brentford-2\/#breadcrumb"},"inLanguage":"cs","potentialAction":[{"@type":"ReadAction","target":["https:\/\/evertonfc.cz\/index.php\/2023\/03\/11\/preview-everton-brentford-2\/"]}]},{"@type":"ImageObject","inLanguage":"cs","@id":"https:\/\/evertonfc.cz\/index.php\/2023\/03\/11\/preview-everton-brentford-2\/#primaryimage","url":"https:\/\/evertonfc.cz\/wp-content\/uploads\/2022\/09\/Everton-VS-Brenford.png","contentUrl":"https:\/\/evertonfc.cz\/wp-content\/uploads\/2022\/09\/Everton-VS-Brenford.png","width":720,"height":405},{"@type":"BreadcrumbList","@id":"https:\/\/evertonfc.cz\/index.php\/2023\/03\/11\/preview-everton-brentford-2\/#breadcrumb","itemListElement":[{"@type":"ListItem","position":1,"name":"Home","item":"https:\/\/evertonfc.cz\/"},{"@type":"ListItem","position":2,"name":"Preview: Everton \u2013 Brentford"}]},{"@type":"WebSite","@id":"https:\/\/evertonfc.cz\/#website","url":"https:\/\/evertonfc.cz\/","name":"Official Czech &amp; Slovak Everton Supporters&#039; Club","description":"","publisher":{"@id":"https:\/\/evertonfc.cz\/#organization"},"potentialAction":[{"@type":"SearchAction","target":{"@type":"EntryPoint","urlTemplate":"https:\/\/evertonfc.cz\/?s={search_term_string}"},"query-input":{"@type":"PropertyValueSpecification","valueRequired":true,"valueName":"search_term_string"}}],"inLanguage":"cs"},{"@type":"Organization","@id":"https:\/\/evertonfc.cz\/#organization","name":"Official Czech & Slovak Everton Supporters' Club","url":"https:\/\/evertonfc.cz\/","logo":{"@type":"ImageObject","inLanguage":"cs","@id":"https:\/\/evertonfc.cz\/#\/schema\/logo\/image\/","url":"https:\/\/evertonfc.cz\/wp-content\/uploads\/2019\/05\/logo.png","contentUrl":"https:\/\/evertonfc.cz\/wp-content\/uploads\/2019\/05\/logo.png","width":112,"height":112,"caption":"Official Czech & Slovak Everton Supporters' Club"},"image":{"@id":"https:\/\/evertonfc.cz\/#\/schema\/logo\/image\/"},"sameAs":["https:\/\/www.facebook.com\/everton.fans.cz.sk"]},{"@type":"Person","@id":"https:\/\/evertonfc.cz\/#\/schema\/person\/d4493b8cbea51532597fbc4685698916","name":"BlueBlooded","url":"https:\/\/evertonfc.cz\/index.php\/author\/admin\/"}]}},"_links":{"self":[{"href":"https:\/\/evertonfc.cz\/index.php\/wp-json\/wp\/v2\/posts\/21166"}],"collection":[{"href":"https:\/\/evertonfc.cz\/index.php\/wp-json\/wp\/v2\/posts"}],"about":[{"href":"https:\/\/evertonfc.cz\/index.php\/wp-json\/wp\/v2\/types\/post"}],"author":[{"embeddable":true,"href":"https:\/\/evertonfc.cz\/index.php\/wp-json\/wp\/v2\/users\/1"}],"replies":[{"embeddable":true,"href":"https:\/\/evertonfc.cz\/index.php\/wp-json\/wp\/v2\/comments?post=21166"}],"version-history":[{"count":3,"href":"https:\/\/evertonfc.cz\/index.php\/wp-json\/wp\/v2\/posts\/21166\/revisions"}],"predecessor-version":[{"id":21169,"href":"https:\/\/evertonfc.cz\/index.php\/wp-json\/wp\/v2\/posts\/21166\/revisions\/21169"}],"wp:featuredmedia":[{"embeddable":true,"href":"https:\/\/evertonfc.cz\/index.php\/wp-json\/wp\/v2\/media\/19737"}],"wp:attachment":[{"href":"https:\/\/evertonfc.cz\/index.php\/wp-json\/wp\/v2\/media?parent=21166"}],"wp:term":[{"taxonomy":"category","embeddable":true,"href":"https:\/\/evertonfc.cz\/index.php\/wp-json\/wp\/v2\/categories?post=21166"},{"taxonomy":"post_tag","embeddable":true,"href":"https:\/\/evertonfc.cz\/index.php\/wp-json\/wp\/v2\/tags?post=21166"}],"curies":[{"name":"wp","href":"https:\/\/api.w.org\/{rel}","templated":true}]}}