{"id":21170,"date":"2023-03-11T23:01:32","date_gmt":"2023-03-11T22:01:32","guid":{"rendered":"https:\/\/evertonfc.cz\/?p=21170"},"modified":"2023-03-12T16:44:16","modified_gmt":"2023-03-12T15:44:16","slug":"21170","status":"publish","type":"post","link":"https:\/\/evertonfc.cz\/index.php\/2023\/03\/11\/21170\/","title":{"rendered":"Everton &#8211; Brentford 1:0"},"content":{"rendered":"<h4>Dal\u0161\u00ed t\u011bsn\u00e9 dom\u00e1c\u00ed v\u00edt\u011bzstv\u00ed p\u0159ineslo nad\u011bji v boji o z\u00e1chranu. Ne\u017e se Bees dok\u00e1zali rozkoukat, Toffees vyloupili \u00fal. A proto\u017ee se vyhnuli chyb\u00e1m, tak soupe\u0159i p\u0159esekli \u0161\u0148\u016fru a hlavn\u011b, dostali se zase nad hladinu.<\/h4>\n<p>DCL zat\u00edm nevyjel z\u00a0hory na pomoc, ani neusedl mezi \u010dekatele. Energick\u00fd Godfrey dostal p\u0159ednost p\u0159ed vykur\u00fdrovan\u00fdm Mykolenkem, Michael Keane asi v\u00edc rozum\u00ed dycheov\u0161tin\u011b, tak\u017ee Everton vyb\u011bhl na h\u0159i\u0161t\u011b ve stejn\u00e9m slo\u017een\u00ed jako naposledy v\u00a0lese.<\/p>\n<h4>Prvn\u00ed p\u016fle<\/h4>\n<p>Utk\u00e1n\u00ed rozehr\u00e1li host\u00e9, ale Rayova n\u00e1kopu se zmocnil Coleman, jeho dlouh\u00fd pas Ben Mee jen shodil p\u0159ed Iwobiho, m\u00ed\u010d pohotov\u011b putoval p\u0159es Doucour\u00e9ho a\u017e k McNeilovi. Ten neot\u00e1lel, teprve ve 35. sekund\u011b utk\u00e1n\u00ed vyst\u0159elil levou nohou a m\u00ed\u010d se zat\u0159epetal v s\u00edti &#8211; <strong>1:0<\/strong>. Bal\u00f3n prolet\u011bl pod jedn\u00edm z obr\u00e1nc\u016f, ale vystoupal pak dost vysoko, aby na k\u0159\u00ed\u017enou st\u0159elu \u0161pan\u011blsk\u00fd str\u00e1\u017ece nedos\u00e1hl.<\/p>\n<p>Dom\u00e1c\u00ed d\u00e1l agresivn\u011b napadali rozehr\u00e1vku soupe\u0159e a znemo\u017e\u0148ovali mu tak jakoukoli odpov\u011b\u010f. Naopak, d\u00e1l hrozili p\u0159ed jeho br\u00e1nou. Coleman\u016fv centr p\u0159ed branku Toney \u0165uknul vlastn\u00edmu brank\u00e1\u0159i. Gray\u016fv voln\u00fd kop na\u0161el Keana a jen \u0161koda, \u017ee se nedok\u00e1zal l\u00e9pe zorientovat, Raya toti\u017e plachtil n\u011bkde mimo. Ve 20. minut\u011b m\u011bl obrovskou p\u0159\u00edle\u017eitost Onana. Ten by m\u011bl na sv\u00e9m zakon\u010den\u00ed u\u017e opravdu zapracovat, proto\u017ee z v\u00e1pna na n\u011bj z\u00edvala po sra\u017een\u00e9m centru odkryt\u00e1 branka, ale mlad\u00fd Belgi\u010dan se mezi ty\u010de netrefil.<\/p>\n<p>Na\u0161t\u011bst\u00ed podobn\u011b ve sv\u00e9 ojedin\u011bl\u00e9 \u0161anci zav\u00e1hal Toney, jeho\u017e na\u0161el v 25. minut\u011b pasem z kraje pole N\u00f8rdgaard. D\u00e1le u\u017e hrozili zase Mod\u0159\u00ed, Gueye pot\u00e1hl m\u00ed\u010d rychle m\u00ed\u010d, vyb\u00eddl Graye, ale ten Rayu na p\u0159edn\u00ed ty\u010di nezasko\u010dil. Z n\u00e1sledn\u00e9ho rohu byl bl\u00edzko k zv\u00fd\u0161en\u00ed Iwobi, m\u00ed\u010d ale do s\u00edt\u011b neprocedil, od Onany m\u00ed\u010d odhopkal do bezpe\u010d\u00ed.<\/p>\n<p>Exekuce p\u0159\u00edm\u00e9ho kopu se ve 42. minut\u011b z\u00a0p\u016flky ujal s\u00e1m Pickford, hlavi\u010dku Tarkowsk\u00e9ho z\u00a0br\u00e1ny vykopl Pinnock p\u0159\u00edmo do Graye. Obrovskou radost Evertonians na stadionu i na cel\u00e9m sv\u011bt\u011b po chvilce zadusil David Coote u videa, tak\u017ee se sk\u00f3re po chvilce vr\u00e1tilo zp\u011bt na <strong>1:0<\/strong>. Z toho, co jsem vid\u011bl j\u00e1, nebylo ze z\u00e1b\u011br\u016f jednozna\u010dn\u00e9, \u017ee by zakon\u010doval rukou, ale v\u0161echno marn\u00e9, kontakt tam asi byl.<\/p>\n<p>N\u00f8rdgaard pak zastavil Graye a dostal \u017elut\u00e9 napomenut\u00ed, kter\u00e9 n\u00e1sledn\u011b potrestal s\u00e1m faulovan\u00fd ranou z p\u0159\u00edm\u00e9ho kopu do jednoho ze zedn\u00edk\u016f a \u0161lo se do \u0161aten.<\/p>\n<h4>Druh\u00e1 p\u016fle<\/h4>\n<p>Tempo hry polevilo, Everton u\u017e se tolik nedost\u00e1val do \u0161anc\u00ed, i kdy\u017e Gray po\u0161k\u00e1dlil Rayu. Coleman hasil svou chybku a bylo to za \u017elutou. P\u00e1n v\u010delstva Frank se pokusil s v\u00fdsledkem zam\u00edchat a poslal na plac nejprve dvojici Da Silva\/Schade. A \u0161ance p\u0159ed Pickfordem se za\u010daly rojit.<\/p>\n<p>N\u00f8rdgaard ani Schade hlavou je\u0161t\u011b netrefili, ale Pinnock nepochopiteln\u011b ve velk\u00e9 \u0161anci zav\u00e1hal a dal vyniknout McNeilovi na brankov\u00e9 \u010d\u00e1\u0159e. Doucour\u00e9 si op\u011bt neodpustil trochu toho n\u00e1sil\u00ed, to kdy\u017e p\u0159i po\u0161\u0165uchov\u00e1n\u00ed s Hickeym pou\u017eil nepovelen\u00e9 chvaty a obdr\u017eel od za\u010d\u00e1tku \u00fanora u\u017e 4. kartu, celkov\u011b svou \u0161estou.<\/p>\n<p>Dal\u0161\u00ed st\u0159\u00edd\u00e1n\u00ed, na h\u0159i\u0161t\u011b vl\u00e9tli Wissa s Onyekou. Rico Henry proklop\u00fdtal k nebezpe\u010dn\u00e9mu centru, ale Schade ke sv\u00e9 \u0161kod\u011b op\u011bt nezam\u00ed\u0159il dob\u0159e. A\u017e deset minut p\u0159ed koncem p\u0159i\u0161lo prvn\u00ed st\u0159\u00edd\u00e1n\u00ed z dom\u00e1c\u00edho t\u00e1bora. To u\u017e m\u011bl Onana po sr\u00e1\u017ece s Tarkowsk\u00fdm z prvn\u00ed p\u016fle obo\u010d\u00ed jako Ancelotti, a tak do\u0161lo na Toma Daviese. Postupn\u011b se pak na h\u0159i\u0161t\u011b dostali je\u0161t\u011b trubec-odrodilec Maupay a Mykolenko. Pr\u00e1v\u011b od n\u011bj se m\u00ed\u010d dostal do z\u00e1mez\u00ed k posledn\u00edmu rohu z\u00e1pasu, kter\u00fd nik\u00fdm nestr\u00e1\u017een\u00fd brank\u00e1\u0159 Raya na\u0161t\u011bst\u00ed poslal k \u0161\u00edpku.<\/p>\n<p>Mu\u017eem z\u00e1pasu byl za m\u011b Dwight McNeil. Pod Dychem v\u00ed, co m\u00e1 d\u011blat, v\u00edce si v\u011b\u0159\u00ed, dnes jeho rychl\u00e1 branka t\u00fdmu bodla. D\u016fle\u017eit\u00e9 3 body, op\u011bt agresivn\u00ed hra dop\u0159edu a co je d\u016fle\u017eit\u00e9, \u010dist\u00e9 konto bez laps\u016f v koncentraci a zbyte\u010dn\u00fdch d\u00e1rk\u016f soupe\u0159i. Z\u00edskali jsme drobn\u00fd n\u00e1skok nad chvostem a dostali se mimo dosah bub\u00e1ka. Hon ale nekon\u010d\u00ed, nikdo se nechce vzd\u00e1t dobrovoln\u011b, tak\u017ee nezastavujeme. COYB!<\/p>\n<p style=\"text-align: right;\"><span style=\"font-size: 8pt;\">foto zdroj: https:\/\/www.stuff.co.nz<\/span><\/p>\n<h4 style=\"text-align: left;\">Statistiky:<\/h4>\n<p>xG: 1,09 \u2013 2,23<br \/>\nDr\u017een\u00ed m\u00ed\u010de: 33% &#8211; 67%<br \/>\nSt\u0159ely\/na branku: 13\/6 \u2013 12\/4<br \/>\nRohy: 5 \u2013 8\u00a0 Fauly: 11 \u2013 12<br \/>\nP\u0159ihr\u00e1vky\/\u00fasp\u011b\u0161n\u00e9: 262\/161 \u2013 526\/404<\/p>\n<p><strong>Branka:<\/strong> 1\u2018 McNeil<\/p>\n<p><strong>\u017dlut\u00e9 karty:<\/strong>\u00a0 45+1\u00b4N\u00f8rdgaard, 61\u00b4 Coleman, 71\u00b4 Doucour\u00e9<\/p>\n<p><strong>Everton FC:<\/strong> Pickford \u2013 Coleman, Keane, Tarkowski, Godfrey \u2013 Gueye, Onana (80\u2018 Davies), Iwobi, Douour\u00e9, McNeil \u2013 Gray (86\u2018 Maupay).<\/p>\n<p><strong>Brentford FC:<\/strong> Raya \u2013 Hickey (74\u2018 Onyeka), Pinnock, Mee, Henry (87\u2018 Ghoddos) \u2013 Jensen (62\u2018 Da Silva), N\u00f8rdgaard (74\u2018 Wissa), Janelt \u2013 Daumsgaard (62\u2018 Schade), Toney, Mbuemo.<\/p>\n<p><strong>Rozhod\u010d\u00ed:<\/strong> Simon Hooper<strong>\u00a0 Div\u00e1ci:<\/strong> 39 036<\/p>\n","protected":false},"excerpt":{"rendered":"<p>Dal\u0161\u00ed t\u011bsn\u00e9 dom\u00e1c\u00ed v\u00edt\u011bzstv\u00ed p\u0159ineslo nad\u011bji v boji o z\u00e1chranu. Ne\u017e se Bees dok\u00e1zali rozkoukat, Toffees vyloupili \u00fal. A proto\u017ee se dok\u00e1zali vyhnout chyb\u00e1m, tak soupe\u0159i p\u0159esekli \u0161\u0148\u016fru a hlavn\u011b, dostali se zase nad hladinu.<\/p>\n","protected":false},"author":10,"featured_media":21171,"comment_status":"open","ping_status":"closed","sticky":false,"template":"","format":"standard","meta":{"_eb_attr":"","_monsterinsights_skip_tracking":false,"_monsterinsights_sitenote_active":false,"_monsterinsights_sitenote_note":"","_monsterinsights_sitenote_category":0,"footnotes":""},"categories":[4],"tags":[],"yoast_head":"<!-- This site is optimized with the Yoast SEO plugin v23.4 - https:\/\/yoast.com\/wordpress\/plugins\/seo\/ -->\n<title>Everton - Brentford 1:0 - Official Czech &amp; Slovak Everton Supporters&#039; Club<\/title>\n<meta name=\"robots\" content=\"index, follow, max-snippet:-1, max-image-preview:large, max-video-preview:-1\" \/>\n<link rel=\"canonical\" href=\"https:\/\/evertonfc.cz\/index.php\/2023\/03\/11\/21170\/\" \/>\n<meta property=\"og:locale\" content=\"cs_CZ\" \/>\n<meta property=\"og:type\" content=\"article\" \/>\n<meta property=\"og:title\" content=\"Everton - Brentford 1:0 - Official Czech &amp; Slovak Everton Supporters&#039; Club\" \/>\n<meta property=\"og:description\" content=\"Dal\u0161\u00ed t\u011bsn\u00e9 dom\u00e1c\u00ed v\u00edt\u011bzstv\u00ed p\u0159ineslo nad\u011bji v boji o z\u00e1chranu. Ne\u017e se Bees dok\u00e1zali rozkoukat, Toffees vyloupili \u00fal. A proto\u017ee se dok\u00e1zali vyhnout chyb\u00e1m, tak soupe\u0159i p\u0159esekli \u0161\u0148\u016fru a hlavn\u011b, dostali se zase nad hladinu.\" \/>\n<meta property=\"og:url\" content=\"https:\/\/evertonfc.cz\/index.php\/2023\/03\/11\/21170\/\" \/>\n<meta property=\"og:site_name\" content=\"Official Czech &amp; Slovak Everton Supporters&#039; Club\" \/>\n<meta property=\"article:publisher\" content=\"https:\/\/www.facebook.com\/everton.fans.cz.sk\" \/>\n<meta property=\"article:published_time\" content=\"2023-03-11T22:01:32+00:00\" \/>\n<meta property=\"article:modified_time\" content=\"2023-03-12T15:44:16+00:00\" \/>\n<meta property=\"og:image\" content=\"https:\/\/evertonfc.cz\/wp-content\/uploads\/2023\/03\/dwight_seamus.jpg\" \/>\n\t<meta property=\"og:image:width\" content=\"720\" \/>\n\t<meta property=\"og:image:height\" content=\"405\" \/>\n\t<meta property=\"og:image:type\" content=\"image\/jpeg\" \/>\n<meta name=\"author\" content=\"Fip\" \/>\n<meta name=\"twitter:card\" content=\"summary_large_image\" \/>\n<meta name=\"twitter:label1\" content=\"Napsal(a)\" \/>\n\t<meta name=\"twitter:data1\" content=\"Fip\" \/>\n\t<meta name=\"twitter:label2\" content=\"Odhadovan\u00e1 doba \u010dten\u00ed\" \/>\n\t<meta name=\"twitter:data2\" content=\"4 minuty\" \/>\n<script type=\"application\/ld+json\" class=\"yoast-schema-graph\">{\"@context\":\"https:\/\/schema.org\",\"@graph\":[{\"@type\":\"Article\",\"@id\":\"https:\/\/evertonfc.cz\/index.php\/2023\/03\/11\/21170\/#article\",\"isPartOf\":{\"@id\":\"https:\/\/evertonfc.cz\/index.php\/2023\/03\/11\/21170\/\"},\"author\":{\"name\":\"Fip\",\"@id\":\"https:\/\/evertonfc.cz\/#\/schema\/person\/35904009755e8eaa0dc1a5f5f0419002\"},\"headline\":\"Everton &#8211; Brentford 1:0\",\"datePublished\":\"2023-03-11T22:01:32+00:00\",\"dateModified\":\"2023-03-12T15:44:16+00:00\",\"mainEntityOfPage\":{\"@id\":\"https:\/\/evertonfc.cz\/index.php\/2023\/03\/11\/21170\/\"},\"wordCount\":874,\"commentCount\":12,\"publisher\":{\"@id\":\"https:\/\/evertonfc.cz\/#organization\"},\"image\":{\"@id\":\"https:\/\/evertonfc.cz\/index.php\/2023\/03\/11\/21170\/#primaryimage\"},\"thumbnailUrl\":\"https:\/\/evertonfc.cz\/wp-content\/uploads\/2023\/03\/dwight_seamus.jpg\",\"articleSection\":[\"Z\u00e1pasy\"],\"inLanguage\":\"cs\",\"potentialAction\":[{\"@type\":\"CommentAction\",\"name\":\"Comment\",\"target\":[\"https:\/\/evertonfc.cz\/index.php\/2023\/03\/11\/21170\/#respond\"]}]},{\"@type\":\"WebPage\",\"@id\":\"https:\/\/evertonfc.cz\/index.php\/2023\/03\/11\/21170\/\",\"url\":\"https:\/\/evertonfc.cz\/index.php\/2023\/03\/11\/21170\/\",\"name\":\"Everton - Brentford 1:0 - Official Czech &amp; Slovak Everton Supporters&#039; Club\",\"isPartOf\":{\"@id\":\"https:\/\/evertonfc.cz\/#website\"},\"primaryImageOfPage\":{\"@id\":\"https:\/\/evertonfc.cz\/index.php\/2023\/03\/11\/21170\/#primaryimage\"},\"image\":{\"@id\":\"https:\/\/evertonfc.cz\/index.php\/2023\/03\/11\/21170\/#primaryimage\"},\"thumbnailUrl\":\"https:\/\/evertonfc.cz\/wp-content\/uploads\/2023\/03\/dwight_seamus.jpg\",\"datePublished\":\"2023-03-11T22:01:32+00:00\",\"dateModified\":\"2023-03-12T15:44:16+00:00\",\"breadcrumb\":{\"@id\":\"https:\/\/evertonfc.cz\/index.php\/2023\/03\/11\/21170\/#breadcrumb\"},\"inLanguage\":\"cs\",\"potentialAction\":[{\"@type\":\"ReadAction\",\"target\":[\"https:\/\/evertonfc.cz\/index.php\/2023\/03\/11\/21170\/\"]}]},{\"@type\":\"ImageObject\",\"inLanguage\":\"cs\",\"@id\":\"https:\/\/evertonfc.cz\/index.php\/2023\/03\/11\/21170\/#primaryimage\",\"url\":\"https:\/\/evertonfc.cz\/wp-content\/uploads\/2023\/03\/dwight_seamus.jpg\",\"contentUrl\":\"https:\/\/evertonfc.cz\/wp-content\/uploads\/2023\/03\/dwight_seamus.jpg\",\"width\":720,\"height\":405},{\"@type\":\"BreadcrumbList\",\"@id\":\"https:\/\/evertonfc.cz\/index.php\/2023\/03\/11\/21170\/#breadcrumb\",\"itemListElement\":[{\"@type\":\"ListItem\",\"position\":1,\"name\":\"Home\",\"item\":\"https:\/\/evertonfc.cz\/\"},{\"@type\":\"ListItem\",\"position\":2,\"name\":\"Everton &#8211; Brentford 1:0\"}]},{\"@type\":\"WebSite\",\"@id\":\"https:\/\/evertonfc.cz\/#website\",\"url\":\"https:\/\/evertonfc.cz\/\",\"name\":\"Official Czech &amp; Slovak Everton Supporters&#039; Club\",\"description\":\"\",\"publisher\":{\"@id\":\"https:\/\/evertonfc.cz\/#organization\"},\"potentialAction\":[{\"@type\":\"SearchAction\",\"target\":{\"@type\":\"EntryPoint\",\"urlTemplate\":\"https:\/\/evertonfc.cz\/?s={search_term_string}\"},\"query-input\":{\"@type\":\"PropertyValueSpecification\",\"valueRequired\":true,\"valueName\":\"search_term_string\"}}],\"inLanguage\":\"cs\"},{\"@type\":\"Organization\",\"@id\":\"https:\/\/evertonfc.cz\/#organization\",\"name\":\"Official Czech & Slovak Everton Supporters' Club\",\"url\":\"https:\/\/evertonfc.cz\/\",\"logo\":{\"@type\":\"ImageObject\",\"inLanguage\":\"cs\",\"@id\":\"https:\/\/evertonfc.cz\/#\/schema\/logo\/image\/\",\"url\":\"https:\/\/evertonfc.cz\/wp-content\/uploads\/2019\/05\/logo.png\",\"contentUrl\":\"https:\/\/evertonfc.cz\/wp-content\/uploads\/2019\/05\/logo.png\",\"width\":112,\"height\":112,\"caption\":\"Official Czech & Slovak Everton Supporters' Club\"},\"image\":{\"@id\":\"https:\/\/evertonfc.cz\/#\/schema\/logo\/image\/\"},\"sameAs\":[\"https:\/\/www.facebook.com\/everton.fans.cz.sk\"]},{\"@type\":\"Person\",\"@id\":\"https:\/\/evertonfc.cz\/#\/schema\/person\/35904009755e8eaa0dc1a5f5f0419002\",\"name\":\"Fip\",\"url\":\"https:\/\/evertonfc.cz\/index.php\/author\/fip\/\"}]}<\/script>\n<!-- \/ Yoast SEO plugin. -->","yoast_head_json":{"title":"Everton - Brentford 1:0 - Official Czech &amp; Slovak Everton Supporters&#039; Club","robots":{"index":"index","follow":"follow","max-snippet":"max-snippet:-1","max-image-preview":"max-image-preview:large","max-video-preview":"max-video-preview:-1"},"canonical":"https:\/\/evertonfc.cz\/index.php\/2023\/03\/11\/21170\/","og_locale":"cs_CZ","og_type":"article","og_title":"Everton - Brentford 1:0 - Official Czech &amp; Slovak Everton Supporters&#039; Club","og_description":"Dal\u0161\u00ed t\u011bsn\u00e9 dom\u00e1c\u00ed v\u00edt\u011bzstv\u00ed p\u0159ineslo nad\u011bji v boji o z\u00e1chranu. Ne\u017e se Bees dok\u00e1zali rozkoukat, Toffees vyloupili \u00fal. A proto\u017ee se dok\u00e1zali vyhnout chyb\u00e1m, tak soupe\u0159i p\u0159esekli \u0161\u0148\u016fru a hlavn\u011b, dostali se zase nad hladinu.","og_url":"https:\/\/evertonfc.cz\/index.php\/2023\/03\/11\/21170\/","og_site_name":"Official Czech &amp; Slovak Everton Supporters&#039; Club","article_publisher":"https:\/\/www.facebook.com\/everton.fans.cz.sk","article_published_time":"2023-03-11T22:01:32+00:00","article_modified_time":"2023-03-12T15:44:16+00:00","og_image":[{"width":720,"height":405,"url":"https:\/\/evertonfc.cz\/wp-content\/uploads\/2023\/03\/dwight_seamus.jpg","type":"image\/jpeg"}],"author":"Fip","twitter_card":"summary_large_image","twitter_misc":{"Napsal(a)":"Fip","Odhadovan\u00e1 doba \u010dten\u00ed":"4 minuty"},"schema":{"@context":"https:\/\/schema.org","@graph":[{"@type":"Article","@id":"https:\/\/evertonfc.cz\/index.php\/2023\/03\/11\/21170\/#article","isPartOf":{"@id":"https:\/\/evertonfc.cz\/index.php\/2023\/03\/11\/21170\/"},"author":{"name":"Fip","@id":"https:\/\/evertonfc.cz\/#\/schema\/person\/35904009755e8eaa0dc1a5f5f0419002"},"headline":"Everton &#8211; Brentford 1:0","datePublished":"2023-03-11T22:01:32+00:00","dateModified":"2023-03-12T15:44:16+00:00","mainEntityOfPage":{"@id":"https:\/\/evertonfc.cz\/index.php\/2023\/03\/11\/21170\/"},"wordCount":874,"commentCount":12,"publisher":{"@id":"https:\/\/evertonfc.cz\/#organization"},"image":{"@id":"https:\/\/evertonfc.cz\/index.php\/2023\/03\/11\/21170\/#primaryimage"},"thumbnailUrl":"https:\/\/evertonfc.cz\/wp-content\/uploads\/2023\/03\/dwight_seamus.jpg","articleSection":["Z\u00e1pasy"],"inLanguage":"cs","potentialAction":[{"@type":"CommentAction","name":"Comment","target":["https:\/\/evertonfc.cz\/index.php\/2023\/03\/11\/21170\/#respond"]}]},{"@type":"WebPage","@id":"https:\/\/evertonfc.cz\/index.php\/2023\/03\/11\/21170\/","url":"https:\/\/evertonfc.cz\/index.php\/2023\/03\/11\/21170\/","name":"Everton - Brentford 1:0 - Official Czech &amp; Slovak Everton Supporters&#039; Club","isPartOf":{"@id":"https:\/\/evertonfc.cz\/#website"},"primaryImageOfPage":{"@id":"https:\/\/evertonfc.cz\/index.php\/2023\/03\/11\/21170\/#primaryimage"},"image":{"@id":"https:\/\/evertonfc.cz\/index.php\/2023\/03\/11\/21170\/#primaryimage"},"thumbnailUrl":"https:\/\/evertonfc.cz\/wp-content\/uploads\/2023\/03\/dwight_seamus.jpg","datePublished":"2023-03-11T22:01:32+00:00","dateModified":"2023-03-12T15:44:16+00:00","breadcrumb":{"@id":"https:\/\/evertonfc.cz\/index.php\/2023\/03\/11\/21170\/#breadcrumb"},"inLanguage":"cs","potentialAction":[{"@type":"ReadAction","target":["https:\/\/evertonfc.cz\/index.php\/2023\/03\/11\/21170\/"]}]},{"@type":"ImageObject","inLanguage":"cs","@id":"https:\/\/evertonfc.cz\/index.php\/2023\/03\/11\/21170\/#primaryimage","url":"https:\/\/evertonfc.cz\/wp-content\/uploads\/2023\/03\/dwight_seamus.jpg","contentUrl":"https:\/\/evertonfc.cz\/wp-content\/uploads\/2023\/03\/dwight_seamus.jpg","width":720,"height":405},{"@type":"BreadcrumbList","@id":"https:\/\/evertonfc.cz\/index.php\/2023\/03\/11\/21170\/#breadcrumb","itemListElement":[{"@type":"ListItem","position":1,"name":"Home","item":"https:\/\/evertonfc.cz\/"},{"@type":"ListItem","position":2,"name":"Everton &#8211; Brentford 1:0"}]},{"@type":"WebSite","@id":"https:\/\/evertonfc.cz\/#website","url":"https:\/\/evertonfc.cz\/","name":"Official Czech &amp; Slovak Everton Supporters&#039; Club","description":"","publisher":{"@id":"https:\/\/evertonfc.cz\/#organization"},"potentialAction":[{"@type":"SearchAction","target":{"@type":"EntryPoint","urlTemplate":"https:\/\/evertonfc.cz\/?s={search_term_string}"},"query-input":{"@type":"PropertyValueSpecification","valueRequired":true,"valueName":"search_term_string"}}],"inLanguage":"cs"},{"@type":"Organization","@id":"https:\/\/evertonfc.cz\/#organization","name":"Official Czech & Slovak Everton Supporters' Club","url":"https:\/\/evertonfc.cz\/","logo":{"@type":"ImageObject","inLanguage":"cs","@id":"https:\/\/evertonfc.cz\/#\/schema\/logo\/image\/","url":"https:\/\/evertonfc.cz\/wp-content\/uploads\/2019\/05\/logo.png","contentUrl":"https:\/\/evertonfc.cz\/wp-content\/uploads\/2019\/05\/logo.png","width":112,"height":112,"caption":"Official Czech & Slovak Everton Supporters' Club"},"image":{"@id":"https:\/\/evertonfc.cz\/#\/schema\/logo\/image\/"},"sameAs":["https:\/\/www.facebook.com\/everton.fans.cz.sk"]},{"@type":"Person","@id":"https:\/\/evertonfc.cz\/#\/schema\/person\/35904009755e8eaa0dc1a5f5f0419002","name":"Fip","url":"https:\/\/evertonfc.cz\/index.php\/author\/fip\/"}]}},"_links":{"self":[{"href":"https:\/\/evertonfc.cz\/index.php\/wp-json\/wp\/v2\/posts\/21170"}],"collection":[{"href":"https:\/\/evertonfc.cz\/index.php\/wp-json\/wp\/v2\/posts"}],"about":[{"href":"https:\/\/evertonfc.cz\/index.php\/wp-json\/wp\/v2\/types\/post"}],"author":[{"embeddable":true,"href":"https:\/\/evertonfc.cz\/index.php\/wp-json\/wp\/v2\/users\/10"}],"replies":[{"embeddable":true,"href":"https:\/\/evertonfc.cz\/index.php\/wp-json\/wp\/v2\/comments?post=21170"}],"version-history":[{"count":9,"href":"https:\/\/evertonfc.cz\/index.php\/wp-json\/wp\/v2\/posts\/21170\/revisions"}],"predecessor-version":[{"id":21181,"href":"https:\/\/evertonfc.cz\/index.php\/wp-json\/wp\/v2\/posts\/21170\/revisions\/21181"}],"wp:featuredmedia":[{"embeddable":true,"href":"https:\/\/evertonfc.cz\/index.php\/wp-json\/wp\/v2\/media\/21171"}],"wp:attachment":[{"href":"https:\/\/evertonfc.cz\/index.php\/wp-json\/wp\/v2\/media?parent=21170"}],"wp:term":[{"taxonomy":"category","embeddable":true,"href":"https:\/\/evertonfc.cz\/index.php\/wp-json\/wp\/v2\/categories?post=21170"},{"taxonomy":"post_tag","embeddable":true,"href":"https:\/\/evertonfc.cz\/index.php\/wp-json\/wp\/v2\/tags?post=21170"}],"curies":[{"name":"wp","href":"https:\/\/api.w.org\/{rel}","templated":true}]}}