{"id":21191,"date":"2023-03-13T13:54:03","date_gmt":"2023-03-13T12:54:03","guid":{"rendered":"https:\/\/evertonfc.cz\/?p=21191"},"modified":"2023-03-14T10:39:28","modified_gmt":"2023-03-14T09:39:28","slug":"keanuv-prestup-do-juventusu-potvrzen","status":"publish","type":"post","link":"https:\/\/evertonfc.cz\/index.php\/2023\/03\/13\/keanuv-prestup-do-juventusu-potvrzen\/","title":{"rendered":"Kean\u016fv p\u0159estup do Juventusu potvrzen"},"content":{"rendered":"<h4>\u00dato\u010dn\u00edk Moise Kean se po \u010dty\u0159ech letech op\u011bt st\u00e1v\u00e1 kmenov\u00fdm hr\u00e1\u010dem Juventusu, z n\u011bho\u017e v l\u00e9t\u011b 2019 s velkou sl\u00e1vou p\u0159ich\u00e1zel na Goodison Park.<\/h4>\n<p>23let\u00fd Ital hostuje v dresu Star\u00e9 d\u00e1my u\u017e druhou sez\u00f3nu. Minul\u00e9 \u00fater\u00fd byla podle pl\u00e1n\u016f aktivov\u00e1na opce, kter\u00e1 v\u00fdp\u016fj\u010dku p\u0159em\u011bnila na trval\u00fd p\u0159estup v hodnot\u011b 25 milion\u016f liber v\u010detn\u011b v\u00fdkonnostn\u00edch bonus\u016f za 2,5 milionu liber.<\/p>\n<p>Juventus nav\u00edc ji\u017e d\u0159\u00edve uhradil Evertonu za dvoulet\u00e9 hostov\u00e1n\u00ed velmi slu\u0161n\u00fdch \u0161est milion\u016f liber. Kean sv\u016fj ofici\u00e1ln\u00ed n\u00e1vrat oslavil pom\u011brn\u011b netradi\u010dn\u011b minulou ned\u011bli. V ligov\u00e9m z\u00e1pase s AS \u0158\u00edm byl vylou\u010den po 40 vte\u0159in\u00e1ch, kdy jako st\u0159\u00eddaj\u00edc\u00ed vyb\u011bhl na tr\u00e1vn\u00edk. D\u016fvod? Z frustrace \u00famysln\u011b nakopl protihr\u00e1\u010de.<\/p>\n<p>Podobn\u011b neslavn\u011b se vlastn\u011b neslo i jeho anga\u017em\u00e1 v Evertonu, jen\u017e ho koupil za 25 milion\u016f liber. Ve sv\u00e9 prvn\u00ed sez\u00f3n\u011b vst\u0159elil pouh\u00e9 dv\u011b branky v 33 z\u00e1pasech. N\u00e1sledn\u011b se v l\u00e9t\u011b 2020 neve\u0161el do k\u00e1dru mana\u017eera Carla Ancelottiho a zam\u00ed\u0159il na ro\u010dn\u00ed hostov\u00e1n\u00ed do pa\u0159\u00ed\u017esk\u00e9ho Saint-Germain, kde se mu da\u0159ilo o pozn\u00e1n\u00ed l\u00e9pe. V 41 utk\u00e1n\u00edch vst\u0159elil 17 branek.<\/p>\n<p>Po roce ve Francii se Kean velmi necht\u011bn\u011b vracel do Evertonu. V modr\u00e9m dresu stihl je\u0161t\u011b nasko\u010dit do za\u010d\u00e1tku nov\u00e9 sez\u00f3ny, ale jeho z\u00e1m\u011br opustit klub byl z\u0159eteln\u00fd. Kdy\u017e se pak se sv\u00fdm z\u00e1jmem p\u0159isp\u011bchal Juventus, pom\u011brn\u011b rychle byl zkompletov\u00e1n transfer se zm\u00edn\u011bn\u00fdm dvoulet\u00fdm hostov\u00e1n\u00edm a povinn\u00fdm odkupem.<\/p>\n<p>Moise Kean v Evertonu poho\u0159el, na\u0161t\u011bst\u00ed ale pouze na h\u0159i\u0161ti. Finan\u010dn\u011b na n\u011bm Toffees netratili, ba naopak. Spolu s lednov\u00fdm prodejem Anthonyho Gordona za 45 milion\u016f liber do Newcastlu si vytvo\u0159ili celkem slu\u0161nou \u201emunici\u201c na letn\u00ed p\u0159estupov\u00e9 obdob\u00ed. Mus\u00ed si v\u0161ak zachovat ligovou p\u0159\u00edslu\u0161nost, jinak se utr\u017een\u00e9 pen\u00edze budou muset pou\u017e\u00edt na spl\u00e1cen\u00ed nekone\u010dn\u00fdch dluh\u016f\u2026<\/p>\n","protected":false},"excerpt":{"rendered":"<p>\u00dato\u010dn\u00edk Moise Kean se po \u010dty\u0159ech letech op\u011bt st\u00e1v\u00e1 kmenov\u00fdm hr\u00e1\u010dem Juventusu, z n\u011bho\u017e v l\u00e9t\u011b 2019 s velkou sl\u00e1vou p\u0159ich\u00e1zel na Goodison Park.<\/p>\n","protected":false},"author":6,"featured_media":21190,"comment_status":"open","ping_status":"closed","sticky":false,"template":"","format":"standard","meta":{"_eb_attr":"","_monsterinsights_skip_tracking":false,"_monsterinsights_sitenote_active":false,"_monsterinsights_sitenote_note":"","_monsterinsights_sitenote_category":0,"footnotes":""},"categories":[41],"tags":[],"yoast_head":"<!-- This site is optimized with the Yoast SEO plugin v23.4 - https:\/\/yoast.com\/wordpress\/plugins\/seo\/ -->\n<title>Kean\u016fv p\u0159estup do Juventusu potvrzen - Official Czech &amp; Slovak Everton Supporters&#039; Club<\/title>\n<meta name=\"description\" content=\"\u00dato\u010dn\u00edk Moise Kean se po \u010dty\u0159ech letech op\u011bt st\u00e1v\u00e1 kmenov\u00fdm hr\u00e1\u010dem Juventusu, z n\u011bho\u017e v l\u00e9t\u011b 2019 s velkou sl\u00e1vou p\u0159ich\u00e1zel na Goodison Park.\" \/>\n<meta name=\"robots\" content=\"index, follow, max-snippet:-1, max-image-preview:large, max-video-preview:-1\" \/>\n<link rel=\"canonical\" href=\"https:\/\/evertonfc.cz\/index.php\/2023\/03\/13\/keanuv-prestup-do-juventusu-potvrzen\/\" \/>\n<meta property=\"og:locale\" content=\"cs_CZ\" \/>\n<meta property=\"og:type\" content=\"article\" \/>\n<meta property=\"og:title\" content=\"Kean\u016fv p\u0159estup do Juventusu potvrzen - Official Czech &amp; Slovak Everton Supporters&#039; Club\" \/>\n<meta property=\"og:description\" content=\"\u00dato\u010dn\u00edk Moise Kean se po \u010dty\u0159ech letech op\u011bt st\u00e1v\u00e1 kmenov\u00fdm hr\u00e1\u010dem Juventusu, z n\u011bho\u017e v l\u00e9t\u011b 2019 s velkou sl\u00e1vou p\u0159ich\u00e1zel na Goodison Park.\" \/>\n<meta property=\"og:url\" content=\"https:\/\/evertonfc.cz\/index.php\/2023\/03\/13\/keanuv-prestup-do-juventusu-potvrzen\/\" \/>\n<meta property=\"og:site_name\" content=\"Official Czech &amp; Slovak Everton Supporters&#039; Club\" \/>\n<meta property=\"article:publisher\" content=\"https:\/\/www.facebook.com\/everton.fans.cz.sk\" \/>\n<meta property=\"article:published_time\" content=\"2023-03-13T12:54:03+00:00\" \/>\n<meta property=\"article:modified_time\" content=\"2023-03-14T09:39:28+00:00\" \/>\n<meta property=\"og:image\" content=\"https:\/\/evertonfc.cz\/wp-content\/uploads\/2023\/03\/kean_13_3_2023.jpg\" \/>\n\t<meta property=\"og:image:width\" content=\"720\" \/>\n\t<meta property=\"og:image:height\" content=\"405\" \/>\n\t<meta property=\"og:image:type\" content=\"image\/jpeg\" \/>\n<meta name=\"author\" content=\"Ri\u010di\" \/>\n<meta name=\"twitter:card\" content=\"summary_large_image\" \/>\n<meta name=\"twitter:creator\" content=\"@rbrejsa\" \/>\n<meta name=\"twitter:label1\" content=\"Napsal(a)\" \/>\n\t<meta name=\"twitter:data1\" content=\"Ri\u010di\" \/>\n\t<meta name=\"twitter:label2\" content=\"Odhadovan\u00e1 doba \u010dten\u00ed\" \/>\n\t<meta name=\"twitter:data2\" content=\"2 minuty\" \/>\n<script type=\"application\/ld+json\" class=\"yoast-schema-graph\">{\"@context\":\"https:\/\/schema.org\",\"@graph\":[{\"@type\":\"Article\",\"@id\":\"https:\/\/evertonfc.cz\/index.php\/2023\/03\/13\/keanuv-prestup-do-juventusu-potvrzen\/#article\",\"isPartOf\":{\"@id\":\"https:\/\/evertonfc.cz\/index.php\/2023\/03\/13\/keanuv-prestup-do-juventusu-potvrzen\/\"},\"author\":{\"name\":\"Ri\u010di\",\"@id\":\"https:\/\/evertonfc.cz\/#\/schema\/person\/f7a5daedb2ffee98480bc70e191aaef1\"},\"headline\":\"Kean\u016fv p\u0159estup do Juventusu potvrzen\",\"datePublished\":\"2023-03-13T12:54:03+00:00\",\"dateModified\":\"2023-03-14T09:39:28+00:00\",\"mainEntityOfPage\":{\"@id\":\"https:\/\/evertonfc.cz\/index.php\/2023\/03\/13\/keanuv-prestup-do-juventusu-potvrzen\/\"},\"wordCount\":375,\"commentCount\":7,\"publisher\":{\"@id\":\"https:\/\/evertonfc.cz\/#organization\"},\"image\":{\"@id\":\"https:\/\/evertonfc.cz\/index.php\/2023\/03\/13\/keanuv-prestup-do-juventusu-potvrzen\/#primaryimage\"},\"thumbnailUrl\":\"https:\/\/evertonfc.cz\/wp-content\/uploads\/2023\/03\/kean_13_3_2023.jpg\",\"articleSection\":[\"P\u0159estupy\"],\"inLanguage\":\"cs\",\"potentialAction\":[{\"@type\":\"CommentAction\",\"name\":\"Comment\",\"target\":[\"https:\/\/evertonfc.cz\/index.php\/2023\/03\/13\/keanuv-prestup-do-juventusu-potvrzen\/#respond\"]}]},{\"@type\":\"WebPage\",\"@id\":\"https:\/\/evertonfc.cz\/index.php\/2023\/03\/13\/keanuv-prestup-do-juventusu-potvrzen\/\",\"url\":\"https:\/\/evertonfc.cz\/index.php\/2023\/03\/13\/keanuv-prestup-do-juventusu-potvrzen\/\",\"name\":\"Kean\u016fv p\u0159estup do Juventusu potvrzen - Official Czech &amp; Slovak Everton Supporters&#039; Club\",\"isPartOf\":{\"@id\":\"https:\/\/evertonfc.cz\/#website\"},\"primaryImageOfPage\":{\"@id\":\"https:\/\/evertonfc.cz\/index.php\/2023\/03\/13\/keanuv-prestup-do-juventusu-potvrzen\/#primaryimage\"},\"image\":{\"@id\":\"https:\/\/evertonfc.cz\/index.php\/2023\/03\/13\/keanuv-prestup-do-juventusu-potvrzen\/#primaryimage\"},\"thumbnailUrl\":\"https:\/\/evertonfc.cz\/wp-content\/uploads\/2023\/03\/kean_13_3_2023.jpg\",\"datePublished\":\"2023-03-13T12:54:03+00:00\",\"dateModified\":\"2023-03-14T09:39:28+00:00\",\"description\":\"\u00dato\u010dn\u00edk Moise Kean se po \u010dty\u0159ech letech op\u011bt st\u00e1v\u00e1 kmenov\u00fdm hr\u00e1\u010dem Juventusu, z n\u011bho\u017e v l\u00e9t\u011b 2019 s velkou sl\u00e1vou p\u0159ich\u00e1zel na Goodison Park.\",\"breadcrumb\":{\"@id\":\"https:\/\/evertonfc.cz\/index.php\/2023\/03\/13\/keanuv-prestup-do-juventusu-potvrzen\/#breadcrumb\"},\"inLanguage\":\"cs\",\"potentialAction\":[{\"@type\":\"ReadAction\",\"target\":[\"https:\/\/evertonfc.cz\/index.php\/2023\/03\/13\/keanuv-prestup-do-juventusu-potvrzen\/\"]}]},{\"@type\":\"ImageObject\",\"inLanguage\":\"cs\",\"@id\":\"https:\/\/evertonfc.cz\/index.php\/2023\/03\/13\/keanuv-prestup-do-juventusu-potvrzen\/#primaryimage\",\"url\":\"https:\/\/evertonfc.cz\/wp-content\/uploads\/2023\/03\/kean_13_3_2023.jpg\",\"contentUrl\":\"https:\/\/evertonfc.cz\/wp-content\/uploads\/2023\/03\/kean_13_3_2023.jpg\",\"width\":720,\"height\":405},{\"@type\":\"BreadcrumbList\",\"@id\":\"https:\/\/evertonfc.cz\/index.php\/2023\/03\/13\/keanuv-prestup-do-juventusu-potvrzen\/#breadcrumb\",\"itemListElement\":[{\"@type\":\"ListItem\",\"position\":1,\"name\":\"Home\",\"item\":\"https:\/\/evertonfc.cz\/\"},{\"@type\":\"ListItem\",\"position\":2,\"name\":\"Kean\u016fv p\u0159estup do Juventusu potvrzen\"}]},{\"@type\":\"WebSite\",\"@id\":\"https:\/\/evertonfc.cz\/#website\",\"url\":\"https:\/\/evertonfc.cz\/\",\"name\":\"Official Czech &amp; Slovak Everton Supporters&#039; Club\",\"description\":\"\",\"publisher\":{\"@id\":\"https:\/\/evertonfc.cz\/#organization\"},\"potentialAction\":[{\"@type\":\"SearchAction\",\"target\":{\"@type\":\"EntryPoint\",\"urlTemplate\":\"https:\/\/evertonfc.cz\/?s={search_term_string}\"},\"query-input\":{\"@type\":\"PropertyValueSpecification\",\"valueRequired\":true,\"valueName\":\"search_term_string\"}}],\"inLanguage\":\"cs\"},{\"@type\":\"Organization\",\"@id\":\"https:\/\/evertonfc.cz\/#organization\",\"name\":\"Official Czech & Slovak Everton Supporters' Club\",\"url\":\"https:\/\/evertonfc.cz\/\",\"logo\":{\"@type\":\"ImageObject\",\"inLanguage\":\"cs\",\"@id\":\"https:\/\/evertonfc.cz\/#\/schema\/logo\/image\/\",\"url\":\"https:\/\/evertonfc.cz\/wp-content\/uploads\/2019\/05\/logo.png\",\"contentUrl\":\"https:\/\/evertonfc.cz\/wp-content\/uploads\/2019\/05\/logo.png\",\"width\":112,\"height\":112,\"caption\":\"Official Czech & Slovak Everton Supporters' Club\"},\"image\":{\"@id\":\"https:\/\/evertonfc.cz\/#\/schema\/logo\/image\/\"},\"sameAs\":[\"https:\/\/www.facebook.com\/everton.fans.cz.sk\"]},{\"@type\":\"Person\",\"@id\":\"https:\/\/evertonfc.cz\/#\/schema\/person\/f7a5daedb2ffee98480bc70e191aaef1\",\"name\":\"Ri\u010di\",\"sameAs\":[\"https:\/\/x.com\/rbrejsa\"],\"url\":\"https:\/\/evertonfc.cz\/index.php\/author\/rici\/\"}]}<\/script>\n<!-- \/ Yoast SEO plugin. -->","yoast_head_json":{"title":"Kean\u016fv p\u0159estup do Juventusu potvrzen - Official Czech &amp; Slovak Everton Supporters&#039; Club","description":"\u00dato\u010dn\u00edk Moise Kean se po \u010dty\u0159ech letech op\u011bt st\u00e1v\u00e1 kmenov\u00fdm hr\u00e1\u010dem Juventusu, z n\u011bho\u017e v l\u00e9t\u011b 2019 s velkou sl\u00e1vou p\u0159ich\u00e1zel na Goodison Park.","robots":{"index":"index","follow":"follow","max-snippet":"max-snippet:-1","max-image-preview":"max-image-preview:large","max-video-preview":"max-video-preview:-1"},"canonical":"https:\/\/evertonfc.cz\/index.php\/2023\/03\/13\/keanuv-prestup-do-juventusu-potvrzen\/","og_locale":"cs_CZ","og_type":"article","og_title":"Kean\u016fv p\u0159estup do Juventusu potvrzen - Official Czech &amp; Slovak Everton Supporters&#039; Club","og_description":"\u00dato\u010dn\u00edk Moise Kean se po \u010dty\u0159ech letech op\u011bt st\u00e1v\u00e1 kmenov\u00fdm hr\u00e1\u010dem Juventusu, z n\u011bho\u017e v l\u00e9t\u011b 2019 s velkou sl\u00e1vou p\u0159ich\u00e1zel na Goodison Park.","og_url":"https:\/\/evertonfc.cz\/index.php\/2023\/03\/13\/keanuv-prestup-do-juventusu-potvrzen\/","og_site_name":"Official Czech &amp; Slovak Everton Supporters&#039; Club","article_publisher":"https:\/\/www.facebook.com\/everton.fans.cz.sk","article_published_time":"2023-03-13T12:54:03+00:00","article_modified_time":"2023-03-14T09:39:28+00:00","og_image":[{"width":720,"height":405,"url":"https:\/\/evertonfc.cz\/wp-content\/uploads\/2023\/03\/kean_13_3_2023.jpg","type":"image\/jpeg"}],"author":"Ri\u010di","twitter_card":"summary_large_image","twitter_creator":"@rbrejsa","twitter_misc":{"Napsal(a)":"Ri\u010di","Odhadovan\u00e1 doba \u010dten\u00ed":"2 minuty"},"schema":{"@context":"https:\/\/schema.org","@graph":[{"@type":"Article","@id":"https:\/\/evertonfc.cz\/index.php\/2023\/03\/13\/keanuv-prestup-do-juventusu-potvrzen\/#article","isPartOf":{"@id":"https:\/\/evertonfc.cz\/index.php\/2023\/03\/13\/keanuv-prestup-do-juventusu-potvrzen\/"},"author":{"name":"Ri\u010di","@id":"https:\/\/evertonfc.cz\/#\/schema\/person\/f7a5daedb2ffee98480bc70e191aaef1"},"headline":"Kean\u016fv p\u0159estup do Juventusu potvrzen","datePublished":"2023-03-13T12:54:03+00:00","dateModified":"2023-03-14T09:39:28+00:00","mainEntityOfPage":{"@id":"https:\/\/evertonfc.cz\/index.php\/2023\/03\/13\/keanuv-prestup-do-juventusu-potvrzen\/"},"wordCount":375,"commentCount":7,"publisher":{"@id":"https:\/\/evertonfc.cz\/#organization"},"image":{"@id":"https:\/\/evertonfc.cz\/index.php\/2023\/03\/13\/keanuv-prestup-do-juventusu-potvrzen\/#primaryimage"},"thumbnailUrl":"https:\/\/evertonfc.cz\/wp-content\/uploads\/2023\/03\/kean_13_3_2023.jpg","articleSection":["P\u0159estupy"],"inLanguage":"cs","potentialAction":[{"@type":"CommentAction","name":"Comment","target":["https:\/\/evertonfc.cz\/index.php\/2023\/03\/13\/keanuv-prestup-do-juventusu-potvrzen\/#respond"]}]},{"@type":"WebPage","@id":"https:\/\/evertonfc.cz\/index.php\/2023\/03\/13\/keanuv-prestup-do-juventusu-potvrzen\/","url":"https:\/\/evertonfc.cz\/index.php\/2023\/03\/13\/keanuv-prestup-do-juventusu-potvrzen\/","name":"Kean\u016fv p\u0159estup do Juventusu potvrzen - Official Czech &amp; Slovak Everton Supporters&#039; Club","isPartOf":{"@id":"https:\/\/evertonfc.cz\/#website"},"primaryImageOfPage":{"@id":"https:\/\/evertonfc.cz\/index.php\/2023\/03\/13\/keanuv-prestup-do-juventusu-potvrzen\/#primaryimage"},"image":{"@id":"https:\/\/evertonfc.cz\/index.php\/2023\/03\/13\/keanuv-prestup-do-juventusu-potvrzen\/#primaryimage"},"thumbnailUrl":"https:\/\/evertonfc.cz\/wp-content\/uploads\/2023\/03\/kean_13_3_2023.jpg","datePublished":"2023-03-13T12:54:03+00:00","dateModified":"2023-03-14T09:39:28+00:00","description":"\u00dato\u010dn\u00edk Moise Kean se po \u010dty\u0159ech letech op\u011bt st\u00e1v\u00e1 kmenov\u00fdm hr\u00e1\u010dem Juventusu, z n\u011bho\u017e v l\u00e9t\u011b 2019 s velkou sl\u00e1vou p\u0159ich\u00e1zel na Goodison Park.","breadcrumb":{"@id":"https:\/\/evertonfc.cz\/index.php\/2023\/03\/13\/keanuv-prestup-do-juventusu-potvrzen\/#breadcrumb"},"inLanguage":"cs","potentialAction":[{"@type":"ReadAction","target":["https:\/\/evertonfc.cz\/index.php\/2023\/03\/13\/keanuv-prestup-do-juventusu-potvrzen\/"]}]},{"@type":"ImageObject","inLanguage":"cs","@id":"https:\/\/evertonfc.cz\/index.php\/2023\/03\/13\/keanuv-prestup-do-juventusu-potvrzen\/#primaryimage","url":"https:\/\/evertonfc.cz\/wp-content\/uploads\/2023\/03\/kean_13_3_2023.jpg","contentUrl":"https:\/\/evertonfc.cz\/wp-content\/uploads\/2023\/03\/kean_13_3_2023.jpg","width":720,"height":405},{"@type":"BreadcrumbList","@id":"https:\/\/evertonfc.cz\/index.php\/2023\/03\/13\/keanuv-prestup-do-juventusu-potvrzen\/#breadcrumb","itemListElement":[{"@type":"ListItem","position":1,"name":"Home","item":"https:\/\/evertonfc.cz\/"},{"@type":"ListItem","position":2,"name":"Kean\u016fv p\u0159estup do Juventusu potvrzen"}]},{"@type":"WebSite","@id":"https:\/\/evertonfc.cz\/#website","url":"https:\/\/evertonfc.cz\/","name":"Official Czech &amp; Slovak Everton Supporters&#039; Club","description":"","publisher":{"@id":"https:\/\/evertonfc.cz\/#organization"},"potentialAction":[{"@type":"SearchAction","target":{"@type":"EntryPoint","urlTemplate":"https:\/\/evertonfc.cz\/?s={search_term_string}"},"query-input":{"@type":"PropertyValueSpecification","valueRequired":true,"valueName":"search_term_string"}}],"inLanguage":"cs"},{"@type":"Organization","@id":"https:\/\/evertonfc.cz\/#organization","name":"Official Czech & Slovak Everton Supporters' Club","url":"https:\/\/evertonfc.cz\/","logo":{"@type":"ImageObject","inLanguage":"cs","@id":"https:\/\/evertonfc.cz\/#\/schema\/logo\/image\/","url":"https:\/\/evertonfc.cz\/wp-content\/uploads\/2019\/05\/logo.png","contentUrl":"https:\/\/evertonfc.cz\/wp-content\/uploads\/2019\/05\/logo.png","width":112,"height":112,"caption":"Official Czech & Slovak Everton Supporters' Club"},"image":{"@id":"https:\/\/evertonfc.cz\/#\/schema\/logo\/image\/"},"sameAs":["https:\/\/www.facebook.com\/everton.fans.cz.sk"]},{"@type":"Person","@id":"https:\/\/evertonfc.cz\/#\/schema\/person\/f7a5daedb2ffee98480bc70e191aaef1","name":"Ri\u010di","sameAs":["https:\/\/x.com\/rbrejsa"],"url":"https:\/\/evertonfc.cz\/index.php\/author\/rici\/"}]}},"_links":{"self":[{"href":"https:\/\/evertonfc.cz\/index.php\/wp-json\/wp\/v2\/posts\/21191"}],"collection":[{"href":"https:\/\/evertonfc.cz\/index.php\/wp-json\/wp\/v2\/posts"}],"about":[{"href":"https:\/\/evertonfc.cz\/index.php\/wp-json\/wp\/v2\/types\/post"}],"author":[{"embeddable":true,"href":"https:\/\/evertonfc.cz\/index.php\/wp-json\/wp\/v2\/users\/6"}],"replies":[{"embeddable":true,"href":"https:\/\/evertonfc.cz\/index.php\/wp-json\/wp\/v2\/comments?post=21191"}],"version-history":[{"count":5,"href":"https:\/\/evertonfc.cz\/index.php\/wp-json\/wp\/v2\/posts\/21191\/revisions"}],"predecessor-version":[{"id":21197,"href":"https:\/\/evertonfc.cz\/index.php\/wp-json\/wp\/v2\/posts\/21191\/revisions\/21197"}],"wp:featuredmedia":[{"embeddable":true,"href":"https:\/\/evertonfc.cz\/index.php\/wp-json\/wp\/v2\/media\/21190"}],"wp:attachment":[{"href":"https:\/\/evertonfc.cz\/index.php\/wp-json\/wp\/v2\/media?parent=21191"}],"wp:term":[{"taxonomy":"category","embeddable":true,"href":"https:\/\/evertonfc.cz\/index.php\/wp-json\/wp\/v2\/categories?post=21191"},{"taxonomy":"post_tag","embeddable":true,"href":"https:\/\/evertonfc.cz\/index.php\/wp-json\/wp\/v2\/tags?post=21191"}],"curies":[{"name":"wp","href":"https:\/\/api.w.org\/{rel}","templated":true}]}}