{"id":21230,"date":"2023-03-19T18:51:03","date_gmt":"2023-03-19T17:51:03","guid":{"rendered":"https:\/\/evertonfc.cz\/?p=21230"},"modified":"2023-03-19T20:30:57","modified_gmt":"2023-03-19T19:30:57","slug":"chelsea-everton-22","status":"publish","type":"post","link":"https:\/\/evertonfc.cz\/index.php\/2023\/03\/19\/chelsea-everton-22\/","title":{"rendered":"Chelsea &#8211; Everton 2:2"},"content":{"rendered":"<h4>Simmsova branka za\u0159\u00eddila cenn\u00fd bod v boji o z\u00e1chranu.<\/h4>\n<p>Mana\u017eer Dyche zap\u0159em\u00fd\u0161lel nad sestavou &#8211; a pak usoudil, \u017ee nejlep\u0161\u00ed bude zachovat se dle zn\u00e1m\u00e9ho hesla &#8222;v\u00edt\u011bzn\u00e1 sestava se nem\u011bn\u00ed&#8220;. Chelsea za\u010dala n\u00e1porem, prvn\u00ed roh utk\u00e1n\u00ed odvr\u00e1til Keane pouze na nohu Kova\u010di\u0107e, tomu ale volej nesedl a poslal m\u00ed\u010d z dobr\u00e9 pozice t\u011bsn\u011b vedle. Po dal\u0161\u00edm rohu hlavi\u010dkoval Havertz nad, st\u0159elu t\u00e9ho\u017e hr\u00e1\u010de z d\u00e1lky zlikvidoval Pickford.<\/p>\n<p>Po p\u0159ihr\u00e1vce Puli\u0161i\u0107e zleva chyb\u011bly Joaovi F\u00e9lixovi k zakon\u010den\u00ed (a Chelsea pravd\u011bpodobn\u011b k veden\u00ed) centimetry. Dom\u00e1c\u00ed i nad\u00e1le dominovali, ale nevytvo\u0159ili si g\u00f3lovou p\u0159\u00edle\u017eitost. A kdy\u017e Joao Felix trefil jen prost\u0159edek br\u00e1ny a v nastaven\u00e9m \u010dase Chelsea nevyu\u017eila nacvi\u010den\u00fd sign\u00e1l, tak se do \u0161aten \u0161lo za bezbrankov\u00e9ho stavu. Dlu\u017eno dodat, \u017ee rozhod\u010d\u00ed odpustil Fofanovi jasnou \u017elutou za faul zezadu na Graye.<\/p>\n<p>Kdy\u017e se neujala na za\u010d\u00e1tku druh\u00e9ho polo\u010dasu prvn\u00ed \u0161ance, hlavi\u010dka Havertze, tak se ujala druh\u00e1. Chilwellovu p\u0159\u00edzemn\u00ed centr odkopl Keane jen k pobl\u00ed\u017e stoj\u00edc\u00edmu Joaovi Felixovi. Ten zam\u00ed\u0159il naprosto p\u0159esn\u011b ke vzd\u00e1len\u011bj\u0161\u00ed ty\u010di &#8211; <strong>1:0! <\/strong>Zaslou\u017een\u00e1 to odm\u011bna za v\u00fdrazn\u011bj\u0161\u00ed aktivitu. N\u00e1sledn\u011b si Everton oddechl, druh\u00e1 branka dom\u00e1c\u00edch neplatila kv\u016fli ofsajdu Joaa Felixe. Everton zv\u00fd\u0161il aktivitu a do dvou p\u0159\u00edle\u017eitost\u00ed se dostal Keane.<\/p>\n<p>Nejd\u0159\u00edv se st\u0159\u00edlen\u00fd centr Graye pouze odrazil od stopera do rukou Arrizabalagy, pot\u00e9 \u0161patn\u011b trefil hlavi\u010dku po centru stejn\u00e9ho hr\u00e1\u010de. Srovn\u00e1no bylo o n\u011bkolik minut pozd\u011bji. P\u0159\u00edm\u00fd centr z rohu na\u0161el hlavu \u010di sp\u00ed\u0161e rameno Tarkowsk\u00e9ho, p\u0159ed brank\u00e1\u0159em l\u00edzl m\u00ed\u010d lehce Doucour\u00e9 a Havertz vykop\u00e1val m\u00ed\u010d ji\u017e zpoza \u010d\u00e1ry, co\u017e potvrdily rozhod\u010d\u00edmu Englandovi p\u00edpaj\u00edc\u00ed hodinky &#8211; <strong>1:1!<\/strong><\/p>\n<p>Veden\u00ed ale trvalo kr\u00e1tce. Pickford znovu zvl\u00e1dl vychytat Havertze, ale pak se n\u011bmeck\u00fd \u00fato\u010dn\u00edk do\u010dkal. Reece James si kopl m\u00ed\u010d k brankov\u00e9 \u010d\u00e1\u0159e, nam\u00ed\u0159il si to mezi Tarkowsk\u00e9ho a Godreyho, z\u00e1krok Tarkowsk\u00e9ho byl zbyte\u010dn\u00fdm faulem. K penalt\u011b se postavil Havertz a po jasn\u00e9m zadroben\u00ed (u\u017e povolen\u00e9m?) p\u0159i rozb\u011bhu poslal Pickforda na druhou stranu &#8211; <strong>2:1!\u00a0 <\/strong>Dyche na to zareagoval st\u0159\u00edd\u00e1n\u00edm, Gana uvolnil m\u00edsto na h\u0159i\u0161ti Simmsovi.<\/p>\n<p>McNeilova p\u0159ihr\u00e1vka z\u016fstala jen t\u00edm, \u010d\u00edm byla, tedy nevyu\u017eitou p\u0159ihr\u00e1vku, kterou ne\u0161kodn\u011b pro\u0161la skrze v\u00e1pno, ale Simms ji\u017e usp\u011bl. N\u00e1kop obrany se dostal k Doucour\u00e9mu, kter\u00fd p\u0159i\u0165ukl m\u00ed\u010d Simmsovi, ten p\u0159esprintoval Koulibalyho (a je\u0161t\u011b se Simmsovi p\u0159i tom zvl\u00e1dl poklonit) a d\u016fraznou st\u0159elou prost\u0159elil Arrizabalagu &#8211; <strong>2:2!<\/strong><\/p>\n<p>Zakon\u010den\u00ed nebylo kdov\u00edjak um\u00edst\u011bn\u00e9, vlastn\u011b si na n\u011bj brank\u00e1\u0159 Chelsea s\u00e1hnul, ale cest\u011b m\u00ed\u010de\u00a0 do s\u00edt\u011b nezabr\u00e1nil. Aby Everton odjel s bodem, tak je\u0161t\u011b musel ubr\u00e1nit n\u011bjak\u00e9 standardky, ale to se povedlo. Tohle m\u016f\u017ee b\u00fdt hodn\u011b cenn\u00e1 rem\u00edza. Celkov\u011b jsem r\u00e1d, \u017ee Dyche to tu \u010dte a m\u00e9 n\u00e1vrhy o pravideln\u011bj\u0161\u00edm nasazov\u00e1n\u00ed Simmse bere v \u00favahu. Vlastn\u011b byl v\u010dera na jeho premi\u00e9rov\u00fd g\u00f3l za klub celkem vhodn\u00fd \u010das.<\/p>\n<p style=\"text-align: right;\"><span style=\"font-size: 8pt;\">(fotozdroj: BeInSports.com)<\/span><\/p>\n<p><strong>Branky: <\/strong>52. Joao F\u00e9lix, 76. Havertz z penalty \u2013 69. Doucour\u00e9, 90. Simms<\/p>\n<p><strong>Karty:<\/strong>\u00a0<span data-source=\"lightstreamer\" data-grid=\"main\" data-item=\"item_762648\" data-field=\"cards\">57. Koulibaly, 74. R. James \u2013 29. Gray, 45+1. McNeil\u00a0<\/span><\/p>\n<p><strong>Chelsea FC:<\/strong> Arrizabalaga \u2013 Fofana (86. Chalobah), Koulibaly, Badiashile \u2013 R. James, E. Fern\u00e1ndez, Kova\u010di\u0107<br \/>\n(81. Loftus-Cheek), Chilwell \u2013 Puli\u0161i\u0107 (62. Gallagher), Havertz, Joao F\u00e9lix (86. Chukwuemeka)<\/p>\n<p><strong>Everton FC:<\/strong>\u00a0<span data-source=\"lightstreamer\" data-grid=\"main\" data-item=\"item_762648\" data-field=\"report2\">Pickford \u2013 Coleman (84. Mykolenko), Keane, Tarkowski, Godfrey \u2013 Iwobi, Doucour\u00e9, Gueye (79. Simms), Onana, McNeil \u2013 Gray<\/span><\/p>\n<p><strong>Rozhod\u010d\u00ed:\u00a0<\/strong>Darren England\u00a0 <strong>Div\u00e1ci:\u00a0<\/strong>40 025<\/p>\n","protected":false},"excerpt":{"rendered":"<p>Simmsova branka za\u0159\u00eddila cenn\u00fd bod v boji o z\u00e1chranu.<\/p>\n","protected":false},"author":12,"featured_media":21234,"comment_status":"open","ping_status":"closed","sticky":false,"template":"","format":"standard","meta":{"_eb_attr":"","_monsterinsights_skip_tracking":false,"_monsterinsights_sitenote_active":false,"_monsterinsights_sitenote_note":"","_monsterinsights_sitenote_category":0,"footnotes":""},"categories":[4],"tags":[],"yoast_head":"<!-- This site is optimized with the Yoast SEO plugin v23.4 - https:\/\/yoast.com\/wordpress\/plugins\/seo\/ -->\n<title>Chelsea - Everton 2:2 - Official Czech &amp; Slovak Everton Supporters&#039; Club<\/title>\n<meta name=\"description\" content=\"Simmsova branka za\u0159\u00eddila cenn\u00fd bod v boji o z\u00e1chranu.\" \/>\n<meta name=\"robots\" content=\"index, follow, max-snippet:-1, max-image-preview:large, max-video-preview:-1\" \/>\n<link rel=\"canonical\" href=\"https:\/\/evertonfc.cz\/index.php\/2023\/03\/19\/chelsea-everton-22\/\" \/>\n<meta property=\"og:locale\" content=\"cs_CZ\" \/>\n<meta property=\"og:type\" content=\"article\" \/>\n<meta property=\"og:title\" content=\"Chelsea - Everton 2:2 - Official Czech &amp; Slovak Everton Supporters&#039; Club\" \/>\n<meta property=\"og:description\" content=\"Simmsova branka za\u0159\u00eddila cenn\u00fd bod v boji o z\u00e1chranu.\" \/>\n<meta property=\"og:url\" content=\"https:\/\/evertonfc.cz\/index.php\/2023\/03\/19\/chelsea-everton-22\/\" \/>\n<meta property=\"og:site_name\" content=\"Official Czech &amp; Slovak Everton Supporters&#039; Club\" \/>\n<meta property=\"article:publisher\" content=\"https:\/\/www.facebook.com\/everton.fans.cz.sk\" \/>\n<meta property=\"article:published_time\" content=\"2023-03-19T17:51:03+00:00\" \/>\n<meta property=\"article:modified_time\" content=\"2023-03-19T19:30:57+00:00\" \/>\n<meta property=\"og:image\" content=\"https:\/\/evertonfc.cz\/wp-content\/uploads\/2023\/03\/Chelsea-2-2-Everton-Simms-BeInSports.com-19-3-2023.jpg\" \/>\n\t<meta property=\"og:image:width\" content=\"720\" \/>\n\t<meta property=\"og:image:height\" content=\"405\" \/>\n\t<meta property=\"og:image:type\" content=\"image\/jpeg\" \/>\n<meta name=\"author\" content=\"Javor\" \/>\n<meta name=\"twitter:card\" content=\"summary_large_image\" \/>\n<meta name=\"twitter:creator\" content=\"@LoudinJan\" \/>\n<meta name=\"twitter:label1\" content=\"Napsal(a)\" \/>\n\t<meta name=\"twitter:data1\" content=\"Javor\" \/>\n\t<meta name=\"twitter:label2\" content=\"Odhadovan\u00e1 doba \u010dten\u00ed\" \/>\n\t<meta name=\"twitter:data2\" content=\"3 minuty\" \/>\n<script type=\"application\/ld+json\" class=\"yoast-schema-graph\">{\"@context\":\"https:\/\/schema.org\",\"@graph\":[{\"@type\":\"Article\",\"@id\":\"https:\/\/evertonfc.cz\/index.php\/2023\/03\/19\/chelsea-everton-22\/#article\",\"isPartOf\":{\"@id\":\"https:\/\/evertonfc.cz\/index.php\/2023\/03\/19\/chelsea-everton-22\/\"},\"author\":{\"name\":\"Javor\",\"@id\":\"https:\/\/evertonfc.cz\/#\/schema\/person\/b30daf6a5852f4811f8207a17ec1bf78\"},\"headline\":\"Chelsea &#8211; Everton 2:2\",\"datePublished\":\"2023-03-19T17:51:03+00:00\",\"dateModified\":\"2023-03-19T19:30:57+00:00\",\"mainEntityOfPage\":{\"@id\":\"https:\/\/evertonfc.cz\/index.php\/2023\/03\/19\/chelsea-everton-22\/\"},\"wordCount\":644,\"commentCount\":12,\"publisher\":{\"@id\":\"https:\/\/evertonfc.cz\/#organization\"},\"image\":{\"@id\":\"https:\/\/evertonfc.cz\/index.php\/2023\/03\/19\/chelsea-everton-22\/#primaryimage\"},\"thumbnailUrl\":\"https:\/\/evertonfc.cz\/wp-content\/uploads\/2023\/03\/Chelsea-2-2-Everton-Simms-BeInSports.com-19-3-2023.jpg\",\"articleSection\":[\"Z\u00e1pasy\"],\"inLanguage\":\"cs\",\"potentialAction\":[{\"@type\":\"CommentAction\",\"name\":\"Comment\",\"target\":[\"https:\/\/evertonfc.cz\/index.php\/2023\/03\/19\/chelsea-everton-22\/#respond\"]}]},{\"@type\":\"WebPage\",\"@id\":\"https:\/\/evertonfc.cz\/index.php\/2023\/03\/19\/chelsea-everton-22\/\",\"url\":\"https:\/\/evertonfc.cz\/index.php\/2023\/03\/19\/chelsea-everton-22\/\",\"name\":\"Chelsea - Everton 2:2 - Official Czech &amp; Slovak Everton Supporters&#039; Club\",\"isPartOf\":{\"@id\":\"https:\/\/evertonfc.cz\/#website\"},\"primaryImageOfPage\":{\"@id\":\"https:\/\/evertonfc.cz\/index.php\/2023\/03\/19\/chelsea-everton-22\/#primaryimage\"},\"image\":{\"@id\":\"https:\/\/evertonfc.cz\/index.php\/2023\/03\/19\/chelsea-everton-22\/#primaryimage\"},\"thumbnailUrl\":\"https:\/\/evertonfc.cz\/wp-content\/uploads\/2023\/03\/Chelsea-2-2-Everton-Simms-BeInSports.com-19-3-2023.jpg\",\"datePublished\":\"2023-03-19T17:51:03+00:00\",\"dateModified\":\"2023-03-19T19:30:57+00:00\",\"description\":\"Simmsova branka za\u0159\u00eddila cenn\u00fd bod v boji o z\u00e1chranu.\",\"breadcrumb\":{\"@id\":\"https:\/\/evertonfc.cz\/index.php\/2023\/03\/19\/chelsea-everton-22\/#breadcrumb\"},\"inLanguage\":\"cs\",\"potentialAction\":[{\"@type\":\"ReadAction\",\"target\":[\"https:\/\/evertonfc.cz\/index.php\/2023\/03\/19\/chelsea-everton-22\/\"]}]},{\"@type\":\"ImageObject\",\"inLanguage\":\"cs\",\"@id\":\"https:\/\/evertonfc.cz\/index.php\/2023\/03\/19\/chelsea-everton-22\/#primaryimage\",\"url\":\"https:\/\/evertonfc.cz\/wp-content\/uploads\/2023\/03\/Chelsea-2-2-Everton-Simms-BeInSports.com-19-3-2023.jpg\",\"contentUrl\":\"https:\/\/evertonfc.cz\/wp-content\/uploads\/2023\/03\/Chelsea-2-2-Everton-Simms-BeInSports.com-19-3-2023.jpg\",\"width\":720,\"height\":405},{\"@type\":\"BreadcrumbList\",\"@id\":\"https:\/\/evertonfc.cz\/index.php\/2023\/03\/19\/chelsea-everton-22\/#breadcrumb\",\"itemListElement\":[{\"@type\":\"ListItem\",\"position\":1,\"name\":\"Home\",\"item\":\"https:\/\/evertonfc.cz\/\"},{\"@type\":\"ListItem\",\"position\":2,\"name\":\"Chelsea &#8211; Everton 2:2\"}]},{\"@type\":\"WebSite\",\"@id\":\"https:\/\/evertonfc.cz\/#website\",\"url\":\"https:\/\/evertonfc.cz\/\",\"name\":\"Official Czech &amp; Slovak Everton Supporters&#039; Club\",\"description\":\"\",\"publisher\":{\"@id\":\"https:\/\/evertonfc.cz\/#organization\"},\"potentialAction\":[{\"@type\":\"SearchAction\",\"target\":{\"@type\":\"EntryPoint\",\"urlTemplate\":\"https:\/\/evertonfc.cz\/?s={search_term_string}\"},\"query-input\":{\"@type\":\"PropertyValueSpecification\",\"valueRequired\":true,\"valueName\":\"search_term_string\"}}],\"inLanguage\":\"cs\"},{\"@type\":\"Organization\",\"@id\":\"https:\/\/evertonfc.cz\/#organization\",\"name\":\"Official Czech & Slovak Everton Supporters' Club\",\"url\":\"https:\/\/evertonfc.cz\/\",\"logo\":{\"@type\":\"ImageObject\",\"inLanguage\":\"cs\",\"@id\":\"https:\/\/evertonfc.cz\/#\/schema\/logo\/image\/\",\"url\":\"https:\/\/evertonfc.cz\/wp-content\/uploads\/2019\/05\/logo.png\",\"contentUrl\":\"https:\/\/evertonfc.cz\/wp-content\/uploads\/2019\/05\/logo.png\",\"width\":112,\"height\":112,\"caption\":\"Official Czech & Slovak Everton Supporters' Club\"},\"image\":{\"@id\":\"https:\/\/evertonfc.cz\/#\/schema\/logo\/image\/\"},\"sameAs\":[\"https:\/\/www.facebook.com\/everton.fans.cz.sk\"]},{\"@type\":\"Person\",\"@id\":\"https:\/\/evertonfc.cz\/#\/schema\/person\/b30daf6a5852f4811f8207a17ec1bf78\",\"name\":\"Javor\",\"sameAs\":[\"https:\/\/x.com\/LoudinJan\"],\"url\":\"https:\/\/evertonfc.cz\/index.php\/author\/javor\/\"}]}<\/script>\n<!-- \/ Yoast SEO plugin. -->","yoast_head_json":{"title":"Chelsea - Everton 2:2 - Official Czech &amp; Slovak Everton Supporters&#039; Club","description":"Simmsova branka za\u0159\u00eddila cenn\u00fd bod v boji o z\u00e1chranu.","robots":{"index":"index","follow":"follow","max-snippet":"max-snippet:-1","max-image-preview":"max-image-preview:large","max-video-preview":"max-video-preview:-1"},"canonical":"https:\/\/evertonfc.cz\/index.php\/2023\/03\/19\/chelsea-everton-22\/","og_locale":"cs_CZ","og_type":"article","og_title":"Chelsea - Everton 2:2 - Official Czech &amp; Slovak Everton Supporters&#039; Club","og_description":"Simmsova branka za\u0159\u00eddila cenn\u00fd bod v boji o z\u00e1chranu.","og_url":"https:\/\/evertonfc.cz\/index.php\/2023\/03\/19\/chelsea-everton-22\/","og_site_name":"Official Czech &amp; Slovak Everton Supporters&#039; Club","article_publisher":"https:\/\/www.facebook.com\/everton.fans.cz.sk","article_published_time":"2023-03-19T17:51:03+00:00","article_modified_time":"2023-03-19T19:30:57+00:00","og_image":[{"width":720,"height":405,"url":"https:\/\/evertonfc.cz\/wp-content\/uploads\/2023\/03\/Chelsea-2-2-Everton-Simms-BeInSports.com-19-3-2023.jpg","type":"image\/jpeg"}],"author":"Javor","twitter_card":"summary_large_image","twitter_creator":"@LoudinJan","twitter_misc":{"Napsal(a)":"Javor","Odhadovan\u00e1 doba \u010dten\u00ed":"3 minuty"},"schema":{"@context":"https:\/\/schema.org","@graph":[{"@type":"Article","@id":"https:\/\/evertonfc.cz\/index.php\/2023\/03\/19\/chelsea-everton-22\/#article","isPartOf":{"@id":"https:\/\/evertonfc.cz\/index.php\/2023\/03\/19\/chelsea-everton-22\/"},"author":{"name":"Javor","@id":"https:\/\/evertonfc.cz\/#\/schema\/person\/b30daf6a5852f4811f8207a17ec1bf78"},"headline":"Chelsea &#8211; Everton 2:2","datePublished":"2023-03-19T17:51:03+00:00","dateModified":"2023-03-19T19:30:57+00:00","mainEntityOfPage":{"@id":"https:\/\/evertonfc.cz\/index.php\/2023\/03\/19\/chelsea-everton-22\/"},"wordCount":644,"commentCount":12,"publisher":{"@id":"https:\/\/evertonfc.cz\/#organization"},"image":{"@id":"https:\/\/evertonfc.cz\/index.php\/2023\/03\/19\/chelsea-everton-22\/#primaryimage"},"thumbnailUrl":"https:\/\/evertonfc.cz\/wp-content\/uploads\/2023\/03\/Chelsea-2-2-Everton-Simms-BeInSports.com-19-3-2023.jpg","articleSection":["Z\u00e1pasy"],"inLanguage":"cs","potentialAction":[{"@type":"CommentAction","name":"Comment","target":["https:\/\/evertonfc.cz\/index.php\/2023\/03\/19\/chelsea-everton-22\/#respond"]}]},{"@type":"WebPage","@id":"https:\/\/evertonfc.cz\/index.php\/2023\/03\/19\/chelsea-everton-22\/","url":"https:\/\/evertonfc.cz\/index.php\/2023\/03\/19\/chelsea-everton-22\/","name":"Chelsea - Everton 2:2 - Official Czech &amp; Slovak Everton Supporters&#039; Club","isPartOf":{"@id":"https:\/\/evertonfc.cz\/#website"},"primaryImageOfPage":{"@id":"https:\/\/evertonfc.cz\/index.php\/2023\/03\/19\/chelsea-everton-22\/#primaryimage"},"image":{"@id":"https:\/\/evertonfc.cz\/index.php\/2023\/03\/19\/chelsea-everton-22\/#primaryimage"},"thumbnailUrl":"https:\/\/evertonfc.cz\/wp-content\/uploads\/2023\/03\/Chelsea-2-2-Everton-Simms-BeInSports.com-19-3-2023.jpg","datePublished":"2023-03-19T17:51:03+00:00","dateModified":"2023-03-19T19:30:57+00:00","description":"Simmsova branka za\u0159\u00eddila cenn\u00fd bod v boji o z\u00e1chranu.","breadcrumb":{"@id":"https:\/\/evertonfc.cz\/index.php\/2023\/03\/19\/chelsea-everton-22\/#breadcrumb"},"inLanguage":"cs","potentialAction":[{"@type":"ReadAction","target":["https:\/\/evertonfc.cz\/index.php\/2023\/03\/19\/chelsea-everton-22\/"]}]},{"@type":"ImageObject","inLanguage":"cs","@id":"https:\/\/evertonfc.cz\/index.php\/2023\/03\/19\/chelsea-everton-22\/#primaryimage","url":"https:\/\/evertonfc.cz\/wp-content\/uploads\/2023\/03\/Chelsea-2-2-Everton-Simms-BeInSports.com-19-3-2023.jpg","contentUrl":"https:\/\/evertonfc.cz\/wp-content\/uploads\/2023\/03\/Chelsea-2-2-Everton-Simms-BeInSports.com-19-3-2023.jpg","width":720,"height":405},{"@type":"BreadcrumbList","@id":"https:\/\/evertonfc.cz\/index.php\/2023\/03\/19\/chelsea-everton-22\/#breadcrumb","itemListElement":[{"@type":"ListItem","position":1,"name":"Home","item":"https:\/\/evertonfc.cz\/"},{"@type":"ListItem","position":2,"name":"Chelsea &#8211; Everton 2:2"}]},{"@type":"WebSite","@id":"https:\/\/evertonfc.cz\/#website","url":"https:\/\/evertonfc.cz\/","name":"Official Czech &amp; Slovak Everton Supporters&#039; Club","description":"","publisher":{"@id":"https:\/\/evertonfc.cz\/#organization"},"potentialAction":[{"@type":"SearchAction","target":{"@type":"EntryPoint","urlTemplate":"https:\/\/evertonfc.cz\/?s={search_term_string}"},"query-input":{"@type":"PropertyValueSpecification","valueRequired":true,"valueName":"search_term_string"}}],"inLanguage":"cs"},{"@type":"Organization","@id":"https:\/\/evertonfc.cz\/#organization","name":"Official Czech & Slovak Everton Supporters' Club","url":"https:\/\/evertonfc.cz\/","logo":{"@type":"ImageObject","inLanguage":"cs","@id":"https:\/\/evertonfc.cz\/#\/schema\/logo\/image\/","url":"https:\/\/evertonfc.cz\/wp-content\/uploads\/2019\/05\/logo.png","contentUrl":"https:\/\/evertonfc.cz\/wp-content\/uploads\/2019\/05\/logo.png","width":112,"height":112,"caption":"Official Czech & Slovak Everton Supporters' Club"},"image":{"@id":"https:\/\/evertonfc.cz\/#\/schema\/logo\/image\/"},"sameAs":["https:\/\/www.facebook.com\/everton.fans.cz.sk"]},{"@type":"Person","@id":"https:\/\/evertonfc.cz\/#\/schema\/person\/b30daf6a5852f4811f8207a17ec1bf78","name":"Javor","sameAs":["https:\/\/x.com\/LoudinJan"],"url":"https:\/\/evertonfc.cz\/index.php\/author\/javor\/"}]}},"_links":{"self":[{"href":"https:\/\/evertonfc.cz\/index.php\/wp-json\/wp\/v2\/posts\/21230"}],"collection":[{"href":"https:\/\/evertonfc.cz\/index.php\/wp-json\/wp\/v2\/posts"}],"about":[{"href":"https:\/\/evertonfc.cz\/index.php\/wp-json\/wp\/v2\/types\/post"}],"author":[{"embeddable":true,"href":"https:\/\/evertonfc.cz\/index.php\/wp-json\/wp\/v2\/users\/12"}],"replies":[{"embeddable":true,"href":"https:\/\/evertonfc.cz\/index.php\/wp-json\/wp\/v2\/comments?post=21230"}],"version-history":[{"count":3,"href":"https:\/\/evertonfc.cz\/index.php\/wp-json\/wp\/v2\/posts\/21230\/revisions"}],"predecessor-version":[{"id":21237,"href":"https:\/\/evertonfc.cz\/index.php\/wp-json\/wp\/v2\/posts\/21230\/revisions\/21237"}],"wp:featuredmedia":[{"embeddable":true,"href":"https:\/\/evertonfc.cz\/index.php\/wp-json\/wp\/v2\/media\/21234"}],"wp:attachment":[{"href":"https:\/\/evertonfc.cz\/index.php\/wp-json\/wp\/v2\/media?parent=21230"}],"wp:term":[{"taxonomy":"category","embeddable":true,"href":"https:\/\/evertonfc.cz\/index.php\/wp-json\/wp\/v2\/categories?post=21230"},{"taxonomy":"post_tag","embeddable":true,"href":"https:\/\/evertonfc.cz\/index.php\/wp-json\/wp\/v2\/tags?post=21230"}],"curies":[{"name":"wp","href":"https:\/\/api.w.org\/{rel}","templated":true}]}}