{"id":21239,"date":"2023-03-25T18:32:37","date_gmt":"2023-03-25T17:32:37","guid":{"rendered":"https:\/\/evertonfc.cz\/?p=21239"},"modified":"2023-03-27T12:50:25","modified_gmt":"2023-03-27T10:50:25","slug":"everton-obvineny-z-porusenia-ps","status":"publish","type":"post","link":"https:\/\/evertonfc.cz\/index.php\/2023\/03\/25\/everton-obvineny-z-porusenia-ps\/","title":{"rendered":"Everton obvinen\u00fd z poru\u0161enia P&#038;S"},"content":{"rendered":"<h4>Premier League zav\u0155\u0161ila svoje vy\u0161etrovanie a post\u00fapila pr\u00edpad EFC nez\u00e1vislej komisii za \u00fadajn\u00e9 poru\u0161enie finan\u010dn\u00fdch pravidiel zisku a udr\u017eate\u013enosti.<\/h4>\n<p>Deje sa tak v s\u00favislosti so sez\u00f3nou 2021\/22 a ofici\u00e1lnou s\u0165a\u017enos\u0165ou, ktor\u00fa po\u010das z\u00e1veru ro\u010dn\u00edka podali vtedaj\u0161\u00ed ligov\u00fd s\u00faperi Leeds United a Burnley. V boji o z\u00e1chranu sa im toti\u017e nepozd\u00e1vali \u00fa\u010dty n\u00e1\u0161ho klubu, ktor\u00e9 vykazovali rekordn\u00e9 straty, \u010faleko prevy\u0161uj\u00face limity pravidiel. Karamelky v\u0161ak vehementne tvrdia, \u017ee st\u00e1le je v\u0161etko v poriadku. Everton si s\u00e1m robil audit svojich finan\u010dn\u00fdch \u00fa\u010dtov, a bol uisten\u00fd, \u017ee hoci vyk\u00e1zal najv\u00e4\u010d\u0161ie straty pripisovan\u00e9 pand\u00e9mii, stav \u00fa\u010dtov je obh\u00e1jite\u013en\u00fd. A mimochodom, Leeds upustil od svojej s\u0165a\u017enosti po tom, \u010do sa v minulej sez\u00f3ne v Premier League udr\u017eal. Zost\u00fapen\u00e9 Burnley nie&#8230;<\/p>\n<h4 style=\"text-align: center;\"><strong>Stanovisko Premier League:<\/strong><\/h4>\n<blockquote><p><span style=\"font-size: 12pt;\"><em>V s\u00falade s pravidlom W.82.1 Premier League potvrdzuje, \u017ee dnes post\u00fapila \u00fadajn\u00e9 poru\u0161enie pravidiel ziskovosti a udr\u017eate\u013enosti ligy futbalov\u00fdm klubom Everton na komisiu pod\u013ea pravidla W.3.4 Premier League. Hodnotiacim obdob\u00edm, ktor\u00e9 \u00fadajne klub poru\u0161uje, je obdobie kon\u010diace sa sez\u00f3nou 2021\/22. <\/em><\/span><span style=\"font-size: 12pt;\"><em>Komisie s\u00fa nez\u00e1visl\u00e9 od Premier League a \u010dlensk\u00fdch klubov. \u010clenovia komisie bud\u00fa menovan\u00ed nez\u00e1visl\u00fdm predsedom s\u00fadneho panelu Premier League v s\u00falade s pravidlami Premier League W.19, W.20 a W.26. K<\/em><\/span><span style=\"font-size: 12pt;\"><em>onanie bude v s\u00falade s pravidlom W.82 d\u00f4vern\u00e9 a prerokovan\u00e9 v s\u00fakrom\u00ed. Pod\u013ea pravidla W.82.2 Premier League bude kone\u010dn\u00e9 rozhodnutie komisie zverejnen\u00e9 na webovej str\u00e1nke Premier League. Liga sa dovtedy nebude \u010falej vyjadrova\u0165.<\/em><\/span><\/p><\/blockquote>\n<h4><strong>Z\u00a0tie\u0148a pochybnost\u00ed na zl\u00e9 svetlo<\/strong><\/h4>\n<p>Po tom, \u010do Manchester City minul\u00fd mesiac zasiahlo viac ako 100 obvinen\u00ed za finan\u010dn\u00fa fair play, je toto len druh\u00fdkr\u00e1t, \u010do bolo tak\u00e9to vy\u0161etrovanie post\u00fapen\u00e9 \u010falej na nez\u00e1visl\u00fa komisiu. Pravidl\u00e1 Premier League ur\u010duj\u00fa, \u017ee kluby m\u00f4\u017eu by\u0165 po\u010das troch rokov v strate maxim\u00e1lne 105 mili\u00f3nov libier. Everton zaznamenal medzi rokmi 2018 a 2021 straty cez 370 mili\u00f3nov libier, pri\u010dom \u00fa\u010dty za minul\u00fa sez\u00f3nu sa zverejnia \u010doskoro.<\/p>\n<p>Tieto pravidl\u00e1 s\u00fa navrhnut\u00e9 tak, aby klubom s bohat\u00fdmi vlastn\u00edkmi zabr\u00e1nili m\u00ed\u0148a\u0165 nad svoje mo\u017enosti. Vedenie v Goodison Parku si u\u017e dlho uvedomuje rast\u00face obavy aj z t\u00fdchto dom\u00e1cich pravidiel. Ke\u010f\u017ee sa klub nekvalifikoval do Eur\u00f3py od roku 2017, zatia\u013e sa vyh\u00fdba kontrole zo strany UEFA, ktor\u00e1 je pr\u00edsnej\u0161ia (FFP).<\/p>\n<p>Zosta\u0165 v r\u00e1mci limitov bolo pre Everton za posledn\u00e9 \u0161tyri roky k\u013e\u00fa\u010dov\u00e9. Preto sa v\u0161emo\u017ene sna\u017eil na prestupovom trhu \u0161etri\u0165 a\u00a0zbavova\u0165 vysok\u00fdch platov. Neby\u0165 pand\u00e9mie Covid-19 a n\u00e1sledn\u00fdch povolen\u00fdch odpo\u010dtov zo str\u00e1t, bol by u\u017e v hlbok\u00fdch probl\u00e9moch. Ale potom, \u010do minuloro\u010dn\u00e9 \u00fa\u010dty uk\u00e1zali \u010fal\u0161ie straty (\u00a3120.9m), tento najnov\u0161\u00ed v\u00fdvoj m\u00f4\u017ee nazna\u010dova\u0165, \u017ee Everton nebol schopn\u00fd u\u0161etri\u0165 dos\u0165.<\/p>\n<h4 style=\"text-align: center;\"><strong>Stanovisko Evertonu:<\/strong><\/h4>\n<blockquote><p><span style=\"font-size: 12pt;\"><em>Futbalov\u00fd klub Everton je sklaman\u00fd z rozhodnutia Premier League post\u00fapi\u0165 obvinenie z poru\u0161enia pravidiel o zisku a udr\u017eate\u013enosti nez\u00e1vislej komisii na presk\u00famanie. <\/em><\/span><span style=\"font-size: 12pt;\"><em>Klub d\u00f4razne namieta proti obvineniu z nedodr\u017eiavania pravidiel a spolu so svoj\u00edm nez\u00e1visl\u00fdm t\u00edmom odborn\u00edkov je \u00faplne presved\u010den\u00fd, \u017ee na\u010falej dodr\u017eiava v\u0161etky finan\u010dn\u00e9 pravidl\u00e1 a predpisy. <\/em><\/span><span style=\"font-size: 12pt;\"><em>Everton je pripraven\u00fd r\u00e1zne obh\u00e1ji\u0165 svoju poz\u00edciu pred komisiou. Klub u\u017e nieko\u013eko rokov poskytuje inform\u00e1cie Premier League otvoren\u00fdm a transparentn\u00fdm sp\u00f4sobom a vedome sa rozhodol v\u017edy kona\u0165 v maxim\u00e1lnej dobrej viere. <\/em><\/span><span style=\"font-size: 12pt;\"><em>Klub sa v tejto chv\u00edli nebude \u010falej vyjadrova\u0165.<\/em><\/span><\/p><\/blockquote>\n<h4><strong>Kontroverzn\u00e9 pandemick\u00e9 odpo\u010dty<\/strong><\/h4>\n<p>V predch\u00e1dzaj\u00facich zverejnen\u00fdch \u00fa\u010dtoch bolo klubom povolen\u00e9 prip\u00edsa\u0165 ur\u010dit\u00e9 straty vplyvu pand\u00e9mie. Za finan\u010dn\u00e9 roky 2020 a 2021 Everton uviedol, \u017ee odpo\u010det bol 170 mili\u00f3nov libier, z \u010doho 103 mili\u00f3nov libier patr\u00ed roku 2021. T\u00e1to suma bola ove\u013ea vy\u0161\u0161ia ako \u010d\u00edsla uv\u00e1dzan\u00e9 in\u00fdmi klubmi z\u00a0ligovej sc\u00e9ny.<\/p>\n<p>Po zverejnen\u00ed svojich \u00fa\u010dtov za rok 2021 Everton uviedol, \u017ee pand\u00e9miou zn\u00ed\u017een\u00e1 schopnos\u0165 generova\u0165 materi\u00e1lne zisky z obchodovania s\u00a0hr\u00e1\u010dmi (neschopnos\u0165 uspori\u0165 na mzd\u00e1ch a amortiz\u00e1cii) mala nepochybne za n\u00e1sledok negat\u00edvny vplyv na klub po\u010das posledn\u00fdch dvoch sledovan\u00fdch obdob\u00ed.<\/p>\n<h4><strong>\u0160etrenie v\u00a0praxi<\/strong><\/h4>\n<p>Everton si mysl\u00ed, \u017ee v\u010faka t\u00fdmto odpo\u010dtom s\u00fa plne v s\u00falade s pravidlami zisku a udr\u017eate\u013enosti Premier League. Pravidelne komunikuj\u00fa s predstavite\u013emi ligy o svojich financi\u00e1ch a pravdepodobne pouk\u00e1\u017eu na s\u00e9riu vlastn\u00fdch opatren\u00ed na zn\u00ed\u017eenie n\u00e1kladov, ktor\u00e9 boli prijat\u00e9 v posledn\u00fdch rokoch.<\/p>\n<p>Pred ro\u010dn\u00edkom 2021\/22 vtedaj\u0161\u00ed mana\u017e\u00e9r Rafael Ben\u00edtez minul na nov\u00fdch hr\u00e1\u010dov len 1,7 mili\u00f3na libier. Niektor\u00ed vysoko zar\u00e1baj\u00faci hr\u00e1\u010di odi\u0161li (Rodr\u00edguez, Digne, Walcott, Bernard), a na konci minulej sez\u00f3ny ich nasledovali \u010fal\u0161\u00ed (Tosun, Delph, Sigurdsson, Allan). Najv\u00e4\u010d\u0161\u00ed krok pri\u0161iel kr\u00e1tko pred koncom minul\u00e9ho finan\u010dn\u00e9ho roka, ke\u010f bol Richarlison predan\u00fd Tottenhamu Hotspur za sumu 60 mili\u00f3nov libier aj bonusmi. Predaj Braz\u00edl\u010dana bol pova\u017eovan\u00fd za k\u013e\u00fa\u010dov\u00fd sp\u00f4sob, ako zosta\u0165 na spr\u00e1vnej strane \u010derven\u00fdch \u010diar FFP.<\/p>\n<h4><strong>Nejasnosti s aud\u00edtorom<\/strong><\/h4>\n<p>Po\u010das jesene minul\u00e9ho roka sa navy\u0161e objavilo tvrdenie od The Guardian, \u017ee firma BDO, ktor\u00e1 m\u00e1 posledn\u00e9 dva roky na starosti audit financi\u00ed EFC, zva\u017euje odst\u00fapenie zo spolupr\u00e1ce s\u00a0klubom. D\u00f4vody sa mali t\u00fdka\u0165 vlastn\u00edctva klubu Moshirim. Everton a\u00a0Moshiri tieto spr\u00e1vy dementoval, zatia\u013e \u010do samotn\u00e1 firma sa odmietla vyjadri\u0165:<\/p>\n<p><em>\u201eVa\u0161e tvrdenia (o BDO) nie s\u00fa zalo\u017een\u00e9 na ni\u010dom inom ako na tom, \u017ee odmietaj\u00fa diskutova\u0165 o klientskej z\u00e1le\u017eitosti s novin\u00e1rom tretej strany. V s\u00falade s osved\u010den\u00fdmi postupmi spolo\u010dnosti dodr\u017eiavame rot\u00e1ciu auditov. BDO v\u0161ak zost\u00e1vaj\u00fa na\u0161imi aud\u00edtormi a\u00a0neodst\u00fapli,\u201c<\/em> povedal hovorca Moshiriho.<\/p>\n<p>BDO je ve\u013ek\u00e1 aud\u00edtorsk\u00e1 firma, ktor\u00e1 ned\u00e1vno spolupracovala aj s Manchestrom City, ale nepatr\u00ed medzi takzvan\u00fa \u201eve\u013ek\u00fa \u0161tvorku\u201c, ktor\u00e1 zah\u0155\u0148a KPMG, PwC (PricewaterhouseCoopers), Ernst &amp; Young a Deloitte. Pred prechodom k firme BDO od roku 2020 boli \u00fa\u010dty The Toffees na starosti v spolo\u010dnosti Deloitte. Zdroje \u017eurnalistov v\u0161ak tvrdia, \u017ee spolo\u010dnos\u0165 sa u\u017e neform\u00e1lne stiahla, hoci klub o tom nepodal \u017eiadne ozn\u00e1menie v registri spolo\u010dnost\u00ed. A pod\u013ea \u00fadajov v \u0148om m\u00e1 by\u0165 v\u00fdro\u010dn\u00e1 spr\u00e1va financii Evertonu zverejnen\u00e1 do 31. marca 2023.<\/p>\n<p>Pod\u013ea z\u00e1kona s\u00fa v\u0161etky spolo\u010dnosti v Spojenom kr\u00e1\u013eovstve povinn\u00e9 ma\u0165 svoje \u00fa\u010dtovn\u00edctvo auditovan\u00e9 a futbalov\u00e9 kluby spadaj\u00fa do tejto kateg\u00f3rie. Potenci\u00e1lna zmena aud\u00edtora je be\u017en\u00fd jav, pri\u010dom britsk\u00e9 predpisy stanovuj\u00fa, \u017ee spolo\u010dnosti si musia ponecha\u0165 aud\u00edtora nie dlh\u0161ie ako p\u00e4\u0165 rokov, ale m\u00f4\u017eu sa meni\u0165 tak \u010dasto, ako chc\u00fa.<\/p>\n<h4><strong>\u010co bude nasledova\u0165?<\/strong><\/h4>\n<p>Nez\u00e1visl\u00e9mu s\u00fadnemu panelu, ktor\u00e9mu PL post\u00fapila obvinenie, predsed\u00e1 advok\u00e1t Murray Rosen (mimochodom \u010dlen Arsenalu FC), do funkcie vymenovan\u00fd v roku 2020. Rosen je tie\u017e arbitrom CAS, a\u00a0jeho ofici\u00e1lny profil ho vykres\u013euje ako h\u00fa\u017eevnat\u00e9ho obhajcu, neutr\u00e1lneho \u010dloveka, ktor\u00fd rie\u0161i spory namiesto bojovania s nimi.<\/p>\n<p>Rosen n\u00e1sledne zriadi troj\u010dlenn\u00fa porotu, ktor\u00e1 vytvor\u00ed nez\u00e1visl\u00fa komisiu. T\u00edto porotcovia m\u00f4\u017eu by\u0165 vybran\u00ed spomedzi 15 \u010dlenov s\u00fadneho sen\u00e1tu, ale m\u00f4\u017eu by\u0165 aj ne\u010dlenmi. Ke\u010f\u017ee obvinenia sa t\u00fdkaj\u00fa \u00fadajn\u00fdch finan\u010dn\u00fdch poru\u0161en\u00ed, jeden z \u010dlenov poroty bude musie\u0165 by\u0165 finan\u010dn\u00fd expert. Komisia si vypo\u010duje zast\u00fapenia oboch str\u00e1n v s\u00fakrom\u00ed za zatvoren\u00fdmi dverami. Ich rozsudok bude potom zverejnen\u00fd na webe PL.<\/p>\n<h4><strong>Mo\u017en\u00e9 n\u00e1sledky<\/strong><\/h4>\n<p>Ktor\u00e1ko\u013evek strana, Premier League alebo Everton, sa m\u00f4\u017eu proti tomuto rozsudku odvola\u0165. V pr\u00edpade odvolania by Rosen vymenoval odvolac\u00ed sen\u00e1t zlo\u017een\u00fd z nov\u00fdch \u013eud\u00ed. V\u00a0pr\u00edpade uznania viny Evertonu z poru\u0161enia pravidiel Premier League moment\u00e1lne neexistuje precedens nasledovn\u00fdch scen\u00e1rov trestov.<\/p>\n<p>Ale tie potenci\u00e1lne zah\u0155\u0148aj\u00fa mastn\u00fa pokutu, prestupov\u00e9 embargo a dokonca aj odpo\u010det bodov. No existuje len mal\u00e1 \u0161anca, \u017ee u\u017e v tejto sez\u00f3ne bude ulo\u017een\u00e1 nejak\u00e1 bodov\u00e1, \u010di in\u00e1 penaliz\u00e1cia. Preto\u017ee (rovnako ako v pr\u00edpade City) sa o\u010dak\u00e1va, \u017ee rozhodnutiu k pr\u00edpadu bude predch\u00e1dza\u0165 zd\u013ahav\u00e9 s\u00fadne konanie trvaj\u00face mnoho mesiacov.<\/p>\n<p style=\"text-align: right;\"><span style=\"font-size: 8pt;\">(fotozdroj: evertonfc.com)<\/span><\/p>\n","protected":false},"excerpt":{"rendered":"<p>Premier League zav\u0155\u0161ila svoje vy\u0161etrovanie a post\u00fapila pr\u00edpad EFC nez\u00e1vislej komisii za \u00fadajn\u00e9 poru\u0161enie finan\u010dn\u00fdch pravidiel zisku a udr\u017eate\u013enosti.<\/p>\n","protected":false},"author":1,"featured_media":19988,"comment_status":"open","ping_status":"closed","sticky":false,"template":"","format":"standard","meta":{"_eb_attr":"","_monsterinsights_skip_tracking":false,"_monsterinsights_sitenote_active":false,"_monsterinsights_sitenote_note":"","_monsterinsights_sitenote_category":0,"footnotes":""},"categories":[42],"tags":[],"yoast_head":"<!-- This site is optimized with the Yoast SEO plugin v23.4 - https:\/\/yoast.com\/wordpress\/plugins\/seo\/ -->\n<title>Everton obvinen\u00fd z poru\u0161enia P&amp;S - Official Czech &amp; Slovak Everton Supporters&#039; Club<\/title>\n<meta name=\"robots\" content=\"index, follow, max-snippet:-1, max-image-preview:large, max-video-preview:-1\" \/>\n<link rel=\"canonical\" href=\"https:\/\/evertonfc.cz\/index.php\/2023\/03\/25\/everton-obvineny-z-porusenia-ps\/\" \/>\n<meta property=\"og:locale\" content=\"cs_CZ\" \/>\n<meta property=\"og:type\" content=\"article\" \/>\n<meta property=\"og:title\" content=\"Everton obvinen\u00fd z poru\u0161enia P&amp;S - Official Czech &amp; Slovak Everton Supporters&#039; Club\" \/>\n<meta property=\"og:description\" content=\"Premier League zav\u0155\u0161ila svoje vy\u0161etrovanie a post\u00fapila pr\u00edpad EFC nez\u00e1vislej komisii za \u00fadajn\u00e9 poru\u0161enie finan\u010dn\u00fdch pravidiel zisku a udr\u017eate\u013enosti.\" \/>\n<meta property=\"og:url\" content=\"https:\/\/evertonfc.cz\/index.php\/2023\/03\/25\/everton-obvineny-z-porusenia-ps\/\" \/>\n<meta property=\"og:site_name\" content=\"Official Czech &amp; Slovak Everton Supporters&#039; Club\" \/>\n<meta property=\"article:publisher\" content=\"https:\/\/www.facebook.com\/everton.fans.cz.sk\" \/>\n<meta property=\"article:published_time\" content=\"2023-03-25T17:32:37+00:00\" \/>\n<meta property=\"article:modified_time\" content=\"2023-03-27T10:50:25+00:00\" \/>\n<meta property=\"og:image\" content=\"https:\/\/evertonfc.cz\/wp-content\/uploads\/2022\/09\/Goodison-Park-by-Simon-Stacpoole-Offside.png\" \/>\n\t<meta property=\"og:image:width\" content=\"720\" \/>\n\t<meta property=\"og:image:height\" content=\"405\" \/>\n\t<meta property=\"og:image:type\" content=\"image\/png\" \/>\n<meta name=\"author\" content=\"BlueBlooded\" \/>\n<meta name=\"twitter:card\" content=\"summary_large_image\" \/>\n<meta name=\"twitter:label1\" content=\"Napsal(a)\" \/>\n\t<meta name=\"twitter:data1\" content=\"BlueBlooded\" \/>\n\t<meta name=\"twitter:label2\" content=\"Odhadovan\u00e1 doba \u010dten\u00ed\" \/>\n\t<meta name=\"twitter:data2\" content=\"7 minut\" \/>\n<script type=\"application\/ld+json\" class=\"yoast-schema-graph\">{\"@context\":\"https:\/\/schema.org\",\"@graph\":[{\"@type\":\"Article\",\"@id\":\"https:\/\/evertonfc.cz\/index.php\/2023\/03\/25\/everton-obvineny-z-porusenia-ps\/#article\",\"isPartOf\":{\"@id\":\"https:\/\/evertonfc.cz\/index.php\/2023\/03\/25\/everton-obvineny-z-porusenia-ps\/\"},\"author\":{\"name\":\"BlueBlooded\",\"@id\":\"https:\/\/evertonfc.cz\/#\/schema\/person\/d4493b8cbea51532597fbc4685698916\"},\"headline\":\"Everton obvinen\u00fd z poru\u0161enia P&#038;S\",\"datePublished\":\"2023-03-25T17:32:37+00:00\",\"dateModified\":\"2023-03-27T10:50:25+00:00\",\"mainEntityOfPage\":{\"@id\":\"https:\/\/evertonfc.cz\/index.php\/2023\/03\/25\/everton-obvineny-z-porusenia-ps\/\"},\"wordCount\":1440,\"commentCount\":9,\"publisher\":{\"@id\":\"https:\/\/evertonfc.cz\/#organization\"},\"image\":{\"@id\":\"https:\/\/evertonfc.cz\/index.php\/2023\/03\/25\/everton-obvineny-z-porusenia-ps\/#primaryimage\"},\"thumbnailUrl\":\"https:\/\/evertonfc.cz\/wp-content\/uploads\/2022\/09\/Goodison-Park-by-Simon-Stacpoole-Offside.png\",\"articleSection\":[\"Aktuality\"],\"inLanguage\":\"cs\",\"potentialAction\":[{\"@type\":\"CommentAction\",\"name\":\"Comment\",\"target\":[\"https:\/\/evertonfc.cz\/index.php\/2023\/03\/25\/everton-obvineny-z-porusenia-ps\/#respond\"]}]},{\"@type\":\"WebPage\",\"@id\":\"https:\/\/evertonfc.cz\/index.php\/2023\/03\/25\/everton-obvineny-z-porusenia-ps\/\",\"url\":\"https:\/\/evertonfc.cz\/index.php\/2023\/03\/25\/everton-obvineny-z-porusenia-ps\/\",\"name\":\"Everton obvinen\u00fd z poru\u0161enia P&S - Official Czech &amp; Slovak Everton Supporters&#039; Club\",\"isPartOf\":{\"@id\":\"https:\/\/evertonfc.cz\/#website\"},\"primaryImageOfPage\":{\"@id\":\"https:\/\/evertonfc.cz\/index.php\/2023\/03\/25\/everton-obvineny-z-porusenia-ps\/#primaryimage\"},\"image\":{\"@id\":\"https:\/\/evertonfc.cz\/index.php\/2023\/03\/25\/everton-obvineny-z-porusenia-ps\/#primaryimage\"},\"thumbnailUrl\":\"https:\/\/evertonfc.cz\/wp-content\/uploads\/2022\/09\/Goodison-Park-by-Simon-Stacpoole-Offside.png\",\"datePublished\":\"2023-03-25T17:32:37+00:00\",\"dateModified\":\"2023-03-27T10:50:25+00:00\",\"breadcrumb\":{\"@id\":\"https:\/\/evertonfc.cz\/index.php\/2023\/03\/25\/everton-obvineny-z-porusenia-ps\/#breadcrumb\"},\"inLanguage\":\"cs\",\"potentialAction\":[{\"@type\":\"ReadAction\",\"target\":[\"https:\/\/evertonfc.cz\/index.php\/2023\/03\/25\/everton-obvineny-z-porusenia-ps\/\"]}]},{\"@type\":\"ImageObject\",\"inLanguage\":\"cs\",\"@id\":\"https:\/\/evertonfc.cz\/index.php\/2023\/03\/25\/everton-obvineny-z-porusenia-ps\/#primaryimage\",\"url\":\"https:\/\/evertonfc.cz\/wp-content\/uploads\/2022\/09\/Goodison-Park-by-Simon-Stacpoole-Offside.png\",\"contentUrl\":\"https:\/\/evertonfc.cz\/wp-content\/uploads\/2022\/09\/Goodison-Park-by-Simon-Stacpoole-Offside.png\",\"width\":720,\"height\":405},{\"@type\":\"BreadcrumbList\",\"@id\":\"https:\/\/evertonfc.cz\/index.php\/2023\/03\/25\/everton-obvineny-z-porusenia-ps\/#breadcrumb\",\"itemListElement\":[{\"@type\":\"ListItem\",\"position\":1,\"name\":\"Home\",\"item\":\"https:\/\/evertonfc.cz\/\"},{\"@type\":\"ListItem\",\"position\":2,\"name\":\"Everton obvinen\u00fd z poru\u0161enia P&#038;S\"}]},{\"@type\":\"WebSite\",\"@id\":\"https:\/\/evertonfc.cz\/#website\",\"url\":\"https:\/\/evertonfc.cz\/\",\"name\":\"Official Czech &amp; Slovak Everton Supporters&#039; Club\",\"description\":\"\",\"publisher\":{\"@id\":\"https:\/\/evertonfc.cz\/#organization\"},\"potentialAction\":[{\"@type\":\"SearchAction\",\"target\":{\"@type\":\"EntryPoint\",\"urlTemplate\":\"https:\/\/evertonfc.cz\/?s={search_term_string}\"},\"query-input\":{\"@type\":\"PropertyValueSpecification\",\"valueRequired\":true,\"valueName\":\"search_term_string\"}}],\"inLanguage\":\"cs\"},{\"@type\":\"Organization\",\"@id\":\"https:\/\/evertonfc.cz\/#organization\",\"name\":\"Official Czech & Slovak Everton Supporters' Club\",\"url\":\"https:\/\/evertonfc.cz\/\",\"logo\":{\"@type\":\"ImageObject\",\"inLanguage\":\"cs\",\"@id\":\"https:\/\/evertonfc.cz\/#\/schema\/logo\/image\/\",\"url\":\"https:\/\/evertonfc.cz\/wp-content\/uploads\/2019\/05\/logo.png\",\"contentUrl\":\"https:\/\/evertonfc.cz\/wp-content\/uploads\/2019\/05\/logo.png\",\"width\":112,\"height\":112,\"caption\":\"Official Czech & Slovak Everton Supporters' Club\"},\"image\":{\"@id\":\"https:\/\/evertonfc.cz\/#\/schema\/logo\/image\/\"},\"sameAs\":[\"https:\/\/www.facebook.com\/everton.fans.cz.sk\"]},{\"@type\":\"Person\",\"@id\":\"https:\/\/evertonfc.cz\/#\/schema\/person\/d4493b8cbea51532597fbc4685698916\",\"name\":\"BlueBlooded\",\"url\":\"https:\/\/evertonfc.cz\/index.php\/author\/admin\/\"}]}<\/script>\n<!-- \/ Yoast SEO plugin. -->","yoast_head_json":{"title":"Everton obvinen\u00fd z poru\u0161enia P&S - Official Czech &amp; Slovak Everton Supporters&#039; Club","robots":{"index":"index","follow":"follow","max-snippet":"max-snippet:-1","max-image-preview":"max-image-preview:large","max-video-preview":"max-video-preview:-1"},"canonical":"https:\/\/evertonfc.cz\/index.php\/2023\/03\/25\/everton-obvineny-z-porusenia-ps\/","og_locale":"cs_CZ","og_type":"article","og_title":"Everton obvinen\u00fd z poru\u0161enia P&S - Official Czech &amp; Slovak Everton Supporters&#039; Club","og_description":"Premier League zav\u0155\u0161ila svoje vy\u0161etrovanie a post\u00fapila pr\u00edpad EFC nez\u00e1vislej komisii za \u00fadajn\u00e9 poru\u0161enie finan\u010dn\u00fdch pravidiel zisku a udr\u017eate\u013enosti.","og_url":"https:\/\/evertonfc.cz\/index.php\/2023\/03\/25\/everton-obvineny-z-porusenia-ps\/","og_site_name":"Official Czech &amp; Slovak Everton Supporters&#039; Club","article_publisher":"https:\/\/www.facebook.com\/everton.fans.cz.sk","article_published_time":"2023-03-25T17:32:37+00:00","article_modified_time":"2023-03-27T10:50:25+00:00","og_image":[{"width":720,"height":405,"url":"https:\/\/evertonfc.cz\/wp-content\/uploads\/2022\/09\/Goodison-Park-by-Simon-Stacpoole-Offside.png","type":"image\/png"}],"author":"BlueBlooded","twitter_card":"summary_large_image","twitter_misc":{"Napsal(a)":"BlueBlooded","Odhadovan\u00e1 doba \u010dten\u00ed":"7 minut"},"schema":{"@context":"https:\/\/schema.org","@graph":[{"@type":"Article","@id":"https:\/\/evertonfc.cz\/index.php\/2023\/03\/25\/everton-obvineny-z-porusenia-ps\/#article","isPartOf":{"@id":"https:\/\/evertonfc.cz\/index.php\/2023\/03\/25\/everton-obvineny-z-porusenia-ps\/"},"author":{"name":"BlueBlooded","@id":"https:\/\/evertonfc.cz\/#\/schema\/person\/d4493b8cbea51532597fbc4685698916"},"headline":"Everton obvinen\u00fd z poru\u0161enia P&#038;S","datePublished":"2023-03-25T17:32:37+00:00","dateModified":"2023-03-27T10:50:25+00:00","mainEntityOfPage":{"@id":"https:\/\/evertonfc.cz\/index.php\/2023\/03\/25\/everton-obvineny-z-porusenia-ps\/"},"wordCount":1440,"commentCount":9,"publisher":{"@id":"https:\/\/evertonfc.cz\/#organization"},"image":{"@id":"https:\/\/evertonfc.cz\/index.php\/2023\/03\/25\/everton-obvineny-z-porusenia-ps\/#primaryimage"},"thumbnailUrl":"https:\/\/evertonfc.cz\/wp-content\/uploads\/2022\/09\/Goodison-Park-by-Simon-Stacpoole-Offside.png","articleSection":["Aktuality"],"inLanguage":"cs","potentialAction":[{"@type":"CommentAction","name":"Comment","target":["https:\/\/evertonfc.cz\/index.php\/2023\/03\/25\/everton-obvineny-z-porusenia-ps\/#respond"]}]},{"@type":"WebPage","@id":"https:\/\/evertonfc.cz\/index.php\/2023\/03\/25\/everton-obvineny-z-porusenia-ps\/","url":"https:\/\/evertonfc.cz\/index.php\/2023\/03\/25\/everton-obvineny-z-porusenia-ps\/","name":"Everton obvinen\u00fd z poru\u0161enia P&S - Official Czech &amp; Slovak Everton Supporters&#039; Club","isPartOf":{"@id":"https:\/\/evertonfc.cz\/#website"},"primaryImageOfPage":{"@id":"https:\/\/evertonfc.cz\/index.php\/2023\/03\/25\/everton-obvineny-z-porusenia-ps\/#primaryimage"},"image":{"@id":"https:\/\/evertonfc.cz\/index.php\/2023\/03\/25\/everton-obvineny-z-porusenia-ps\/#primaryimage"},"thumbnailUrl":"https:\/\/evertonfc.cz\/wp-content\/uploads\/2022\/09\/Goodison-Park-by-Simon-Stacpoole-Offside.png","datePublished":"2023-03-25T17:32:37+00:00","dateModified":"2023-03-27T10:50:25+00:00","breadcrumb":{"@id":"https:\/\/evertonfc.cz\/index.php\/2023\/03\/25\/everton-obvineny-z-porusenia-ps\/#breadcrumb"},"inLanguage":"cs","potentialAction":[{"@type":"ReadAction","target":["https:\/\/evertonfc.cz\/index.php\/2023\/03\/25\/everton-obvineny-z-porusenia-ps\/"]}]},{"@type":"ImageObject","inLanguage":"cs","@id":"https:\/\/evertonfc.cz\/index.php\/2023\/03\/25\/everton-obvineny-z-porusenia-ps\/#primaryimage","url":"https:\/\/evertonfc.cz\/wp-content\/uploads\/2022\/09\/Goodison-Park-by-Simon-Stacpoole-Offside.png","contentUrl":"https:\/\/evertonfc.cz\/wp-content\/uploads\/2022\/09\/Goodison-Park-by-Simon-Stacpoole-Offside.png","width":720,"height":405},{"@type":"BreadcrumbList","@id":"https:\/\/evertonfc.cz\/index.php\/2023\/03\/25\/everton-obvineny-z-porusenia-ps\/#breadcrumb","itemListElement":[{"@type":"ListItem","position":1,"name":"Home","item":"https:\/\/evertonfc.cz\/"},{"@type":"ListItem","position":2,"name":"Everton obvinen\u00fd z poru\u0161enia P&#038;S"}]},{"@type":"WebSite","@id":"https:\/\/evertonfc.cz\/#website","url":"https:\/\/evertonfc.cz\/","name":"Official Czech &amp; Slovak Everton Supporters&#039; Club","description":"","publisher":{"@id":"https:\/\/evertonfc.cz\/#organization"},"potentialAction":[{"@type":"SearchAction","target":{"@type":"EntryPoint","urlTemplate":"https:\/\/evertonfc.cz\/?s={search_term_string}"},"query-input":{"@type":"PropertyValueSpecification","valueRequired":true,"valueName":"search_term_string"}}],"inLanguage":"cs"},{"@type":"Organization","@id":"https:\/\/evertonfc.cz\/#organization","name":"Official Czech & Slovak Everton Supporters' Club","url":"https:\/\/evertonfc.cz\/","logo":{"@type":"ImageObject","inLanguage":"cs","@id":"https:\/\/evertonfc.cz\/#\/schema\/logo\/image\/","url":"https:\/\/evertonfc.cz\/wp-content\/uploads\/2019\/05\/logo.png","contentUrl":"https:\/\/evertonfc.cz\/wp-content\/uploads\/2019\/05\/logo.png","width":112,"height":112,"caption":"Official Czech & Slovak Everton Supporters' Club"},"image":{"@id":"https:\/\/evertonfc.cz\/#\/schema\/logo\/image\/"},"sameAs":["https:\/\/www.facebook.com\/everton.fans.cz.sk"]},{"@type":"Person","@id":"https:\/\/evertonfc.cz\/#\/schema\/person\/d4493b8cbea51532597fbc4685698916","name":"BlueBlooded","url":"https:\/\/evertonfc.cz\/index.php\/author\/admin\/"}]}},"_links":{"self":[{"href":"https:\/\/evertonfc.cz\/index.php\/wp-json\/wp\/v2\/posts\/21239"}],"collection":[{"href":"https:\/\/evertonfc.cz\/index.php\/wp-json\/wp\/v2\/posts"}],"about":[{"href":"https:\/\/evertonfc.cz\/index.php\/wp-json\/wp\/v2\/types\/post"}],"author":[{"embeddable":true,"href":"https:\/\/evertonfc.cz\/index.php\/wp-json\/wp\/v2\/users\/1"}],"replies":[{"embeddable":true,"href":"https:\/\/evertonfc.cz\/index.php\/wp-json\/wp\/v2\/comments?post=21239"}],"version-history":[{"count":16,"href":"https:\/\/evertonfc.cz\/index.php\/wp-json\/wp\/v2\/posts\/21239\/revisions"}],"predecessor-version":[{"id":21272,"href":"https:\/\/evertonfc.cz\/index.php\/wp-json\/wp\/v2\/posts\/21239\/revisions\/21272"}],"wp:featuredmedia":[{"embeddable":true,"href":"https:\/\/evertonfc.cz\/index.php\/wp-json\/wp\/v2\/media\/19988"}],"wp:attachment":[{"href":"https:\/\/evertonfc.cz\/index.php\/wp-json\/wp\/v2\/media?parent=21239"}],"wp:term":[{"taxonomy":"category","embeddable":true,"href":"https:\/\/evertonfc.cz\/index.php\/wp-json\/wp\/v2\/categories?post=21239"},{"taxonomy":"post_tag","embeddable":true,"href":"https:\/\/evertonfc.cz\/index.php\/wp-json\/wp\/v2\/tags?post=21239"}],"curies":[{"name":"wp","href":"https:\/\/api.w.org\/{rel}","templated":true}]}}