{"id":21256,"date":"2023-03-26T18:26:38","date_gmt":"2023-03-26T16:26:38","guid":{"rendered":"https:\/\/evertonfc.cz\/?p=21256"},"modified":"2023-03-27T09:48:08","modified_gmt":"2023-03-27T07:48:08","slug":"everton-w-liverpool-w-11","status":"publish","type":"post","link":"https:\/\/evertonfc.cz\/index.php\/2023\/03\/26\/everton-w-liverpool-w-11\/","title":{"rendered":"Everton W &#8211; Liverpool W 1:1"},"content":{"rendered":"<h4>Prvn\u00ed a asi i posledn\u00ed \u017eensk\u00e9 derby na Goodison Park p\u0159ineslo rem\u00edzu. V\u00fdsledek je snad akceptovateln\u00fd, ale v\u00fdkon byl podivn\u00fd.<\/h4>\n<p>100. z\u00e1pas pro Gabby George v kr\u00e1lovsk\u00e9 mod\u0159i, rekordn\u00ed n\u00e1v\u0161t\u011bva 21 161 fanou\u0161k\u016f a prvn\u00ed a nejsp\u00ed\u0161 z\u00e1rove\u0148 i posledn\u00ed \u017eensk\u00e9 derby na Goodison Park \u010dinilo z p\u00e1te\u010dn\u00edho ve\u010dera mimo\u0159\u00e1dnou ud\u00e1lost. Nicm\u00e9n\u011b od podzimn\u00edho v\u00fdprasku dom\u00e1c\u00edch 0:3 na Anfieldu u\u017e uplynulo hodn\u011b vody. Reds se ve WSL otrkaly a dok\u00e1zaly potr\u00e1pit i slovutn\u011bj\u0161\u00ed t\u00fdmy, ne\u017e jsme my. A prahly po pomst\u011b. S\u00f8rensen m\u011bl k dispozici kompletn\u00ed \u017eenstvo, krom\u011b st\u00e1le zran\u011bn\u00e9 Ramsey a zotavuj\u00edc\u00ed se Karen Holmgaard. A nav\u00edc slu\u0161n\u011b nadupan\u00fd Goodison Park jako dvan\u00e1ctou hr\u00e1\u010dku.<\/p>\n<h4>Prvn\u00ed polo\u010das<\/h4>\n<p>byla a\u017e do 27. minuty nav\u00fdsost nudn\u00e1 z\u00e1le\u017eitost, kdy ani jeden z t\u00fdm\u016f nedok\u00e1zal vp\u0159edu vymyslet nic rozumn\u00e9ho. Snad jsme m\u011bli trochu navrch d\u00edky aktivit\u011b S\u00f8rensen a Veje. Bohu\u017eel ani jimi zalo\u017een\u00e9 akce ani p\u0159ihr\u00e1vky do ohn\u011b nena\u0161ly sv\u00e9 zakon\u010dovatelky. Tak\u00e9 st\u0159ela Gabby George z 27. minuty byla nejsp\u00ed\u0161 i samotnou autorkou zam\u00fd\u0161len\u00e1 jako p\u0159ihr\u00e1vka do ohn\u011b. K v\u0161eobecn\u00e9mu p\u0159ekvapen\u00ed ale d\u00edky fal\u0161i a patrn\u011b i d\u00edky te\u010di brank\u00e1\u0159ky host\u00ed skon\u010dil m\u00ed\u010d v s\u00edti &#8211; <strong>1:0<\/strong>! O p\u011bt minut pozd\u011bji Finnigan svoj\u00ed st\u0159elou p\u0159ekonala Laws v brance host\u00ed. \u017del, m\u00ed\u010d je\u0161t\u011b p\u0159ed brankovou \u010darou p\u0159ilehla Bonner. S\u00f8rensen p\u0159ed dugoutem marn\u011b zoufale poskakoval, opravdu chyb\u011blo jen m\u00e1lo. Ale nebylo n\u00e1m dop\u0159\u00e1no dohr\u00e1t polo\u010das v klidu. Ve 37. minut\u011b nejlep\u0161\u00ed st\u0159elkyn\u011b host\u00ed Stengel je\u0161t\u011b svoj\u00ed st\u0159elou jen vypr\u00e1\u0161ila rukavice Brosnan. Ve\u00a0 40. minut\u011b si poradila s na\u0161\u00ed obranou a\u00a0 robinzon\u00e1da Brosnan u\u017e byla tentokr\u00e1t marn\u00e1 &#8211; <strong>1:1<\/strong>.<\/p>\n<h4>Druh\u00fd polo\u010das<\/h4>\n<p>byl zaj\u00edmav\u00fd hlavn\u011b neuznan\u00fdmi g\u00f3ly. Prvn\u00ed p\u0159i\u0161el kr\u00e1tce po pades\u00e1t\u00e9 minut\u011b, kdy po rohu na\u0161\u00ed s\u00ed\u0165 rozvlnila Robe. Nicm\u00e9n\u011b radost \u010derven\u00fdch utnula rozhod\u010d\u00ed pro faul na Brosnan, kdy na\u0161\u00ed brank\u00e1\u0159ku t\u011bsn\u011b p\u0159ed g\u00f3lem p\u0159idr\u017eela Holland. V t\u00e9to f\u00e1zi z\u00e1pasu jsme rozhodn\u011b navrch nem\u011bli. Na\u0161t\u011bst\u00ed LFC nedok\u00e1zal svoj\u00ed p\u0159evahu z\u00faro\u010dit, i kdy\u017e Stengel k tomu nem\u011bla daleko.\u00a0 Za n\u00e1s mohla sk\u00f3rovat Park po milimetrov\u011b p\u0159esn\u00e9m pasu S\u00f8rensen, bohu\u017eel p\u0159est\u0159elila. V 75. minut\u011b se radovali Blues na h\u0159i\u0161ti i v hledi\u0161ti pot\u00e9, co op\u011bt Park p\u011bknou st\u0159elou zpoza v\u00e1pna zav\u011bsila m\u00ed\u010d pod b\u0159evno. Bohu\u017eel si p\u0159i zpracov\u00e1n\u00ed pomohla rukou, pro co\u017e \u017eena v \u010dern\u00e9m nem\u011bla pochopen\u00ed.\u00a0 Zm\u011bnu sk\u00f3re nep\u0159ineslo ani sedm minut nastaven\u00ed, ve kter\u00e9m Brosnan sebrala Stengel\u00a0 z kopa\u010dky presti\u017en\u00ed v\u00edt\u011bzstv\u00ed.<\/p>\n<h4>The city is ours<\/h4>\n<p>aspo\u0148 tedy pro tuto sez\u00f3nu a pro \u017eensk\u00fd t\u00fdm. P\u0159esto m\u011bl dne\u0161n\u00ed z\u00e1pas daleko k v\u00fdkonu, kter\u00fd by \u0161el nazvat uspokojiv\u00fdm. Na to v n\u011bm bylo p\u0159\u00edli\u0161 mnoho nemohoucnosti vp\u0159edu, co\u017e se bohu\u017eel za\u010d\u00edn\u00e1 st\u00e1vat na\u0161\u00edm charakteristick\u00fdm rysem. LFC je historicky na\u0161\u00edm nejv\u011bt\u0161\u00edm zdrojem bod\u016f a soupe\u0159em, kter\u00e9ho jsme ve WSL nej\u010dast\u011bji porazili. Dnes do t\u00e9to statistiky p\u0159ibyl jeden bod a jedna rem\u00edza. Na druhou stranu v\u0161e je relativn\u00ed, jak \u0159\u00edk\u00e1val kolega Albert: loni touto dobou jsme ut\u00edkali hrobn\u00edkovi z lopaty ve snaze udr\u017eet se v elitn\u00ed dvan\u00e1ctce \u017eensk\u00e9ho anglick\u00e9ho fotbalu. Nav\u00edc m\u00e1me nejmlad\u0161\u00ed t\u00fdm ve WSL, tak\u017ee\u00a0 doufejme, \u017ee dal\u0161\u00ed zlep\u0161ov\u00e1n\u00ed je\u0161t\u011b p\u0159ijde a nespokoj\u00edme se s klidn\u00fdm st\u0159edem tabulky. Te\u010f jen, aby n\u011bjak\u00e9ho patlala ve veden\u00ed nenapadlo, \u017ee S\u00f8rensen v roli mana\u017eera neodv\u00e1d\u00ed dostate\u010dn\u011b dobrou pr\u00e1ci. P\u0159\u00ed\u0161t\u00ed zast\u00e1vka pro n\u00e1s bude n\u00e1v\u0161t\u011bva Spurs 2.4. <strong><span style=\"color: #0000ff;\">COYB!<\/span><\/strong><\/p>\n<p style=\"text-align: right;\"><span style=\"font-size: 8pt;\"><em>Fotografie: Gabby George slav\u00edc\u00ed (zdroj LiceScore)<\/em><\/span><\/p>\n<p><strong>Statistika:<\/strong> Posedlost 63%:37%, st\u0159ely 13:17 (na branku 3:7)<\/p>\n<p><strong>Branky: <\/strong>George (27\u00b4) &#8211; Stengel (40\u00b4)\u00a0 \u00a0<strong>\u017dK: <\/strong>George &#8211; Hinds, Kearns<\/p>\n<p><strong>Everton (4-3-3): <\/strong>Brosnan, <span class=\"sp-c-lineup-pitch__player\" data-reactid=\".25dyrvd0qdu.0.0.0.1.$include-22.0.0.1:$panel-0.$0.0.0.0.2.0.0.1:$home-formation-row-1.$home-player-0\"><span class=\"sp-c-lineup-pitch__player__name gs-u-display-block@xs \" data-reactid=\".25dyrvd0qdu.0.0.0.1.$include-22.0.0.1:$panel-0.$0.0.0.0.2.0.0.1:$home-formation-row-1.$home-player-0.1\">Finnigan, <\/span><\/span><span class=\"sp-c-lineup-pitch__player\" data-reactid=\".25dyrvd0qdu.0.0.0.1.$include-22.0.0.1:$panel-0.$0.0.0.0.2.0.0.1:$home-formation-row-1.$home-player-1\"><span class=\"sp-c-lineup-pitch__player__name gs-u-display-block@xs \" data-reactid=\".25dyrvd0qdu.0.0.0.1.$include-22.0.0.1:$panel-0.$0.0.0.0.2.0.0.1:$home-formation-row-1.$home-player-1.1\">Bj\u00f6rn, <\/span><\/span><span class=\"sp-c-lineup-pitch__player\" data-reactid=\".25dyrvd0qdu.0.0.0.1.$include-22.0.0.1:$panel-0.$0.0.0.0.2.0.0.1:$home-formation-row-1.$home-player-2\"><span class=\"sp-c-lineup-pitch__player__name gs-u-display-block@xs \" data-reactid=\".25dyrvd0qdu.0.0.0.1.$include-22.0.0.1:$panel-0.$0.0.0.0.2.0.0.1:$home-formation-row-1.$home-player-2.1\">Sevecke,<\/span><\/span><span class=\"sp-c-lineup-pitch__player\" data-reactid=\".25dyrvd0qdu.0.0.0.1.$include-22.0.0.1:$panel-0.$0.0.0.0.2.0.0.1:$home-formation-row-1.$home-player-3\"><span class=\"sp-c-lineup-pitch__player__name gs-u-display-block@xs \" data-reactid=\".25dyrvd0qdu.0.0.0.1.$include-22.0.0.1:$panel-0.$0.0.0.0.2.0.0.1:$home-formation-row-1.$home-player-3.1\">Veje (Bennison 71\u00b4); Beever-Jones (Galli 56\u00b4), Wheeler (Christiansen 87\u00b4), Park; S\u00f8rensen, Snoeijs, George (Stenevik 87\u00b4)<\/span><\/span><\/p>\n<p><strong>Liverpool (3-4-1-2):\u00a0<\/strong>Laws; <span class=\"sp-c-lineup-pitch__player\" data-reactid=\".25dyrvd0qdu.0.0.0.1.$include-22.0.0.1:$panel-0.$0.0.0.1.2.0.0.1:$away-formation-row-1.$away-player-0\"><span class=\"sp-c-lineup-pitch__player__name gs-u-display-block@xs \" data-reactid=\".25dyrvd0qdu.0.0.0.1.$include-22.0.0.1:$panel-0.$0.0.0.1.2.0.0.1:$away-formation-row-1.$away-player-0.1\">Robe (Roberts 83\u00b4), <\/span><\/span><span class=\"sp-c-lineup-pitch__player\" data-reactid=\".25dyrvd0qdu.0.0.0.1.$include-22.0.0.1:$panel-0.$0.0.0.1.2.0.0.1:$away-formation-row-1.$away-player-1\"><span class=\"sp-c-lineup-pitch__player__name gs-u-display-block@xs \" data-reactid=\".25dyrvd0qdu.0.0.0.1.$include-22.0.0.1:$panel-0.$0.0.0.1.2.0.0.1:$away-formation-row-1.$away-player-1.1\">Bonner, <\/span><\/span><span class=\"sp-c-lineup-pitch__player\" data-reactid=\".25dyrvd0qdu.0.0.0.1.$include-22.0.0.1:$panel-0.$0.0.0.1.2.0.0.1:$away-formation-row-1.$away-player-2\"><span class=\"sp-c-lineup-pitch__player__name gs-u-display-block@xs \" data-reactid=\".25dyrvd0qdu.0.0.0.1.$include-22.0.0.1:$panel-0.$0.0.0.1.2.0.0.1:$away-formation-row-1.$away-player-2.1\">Campbell (Matthews 64\u00b4); Koivisto (Taylor 90\u00b4), Holland, Nagano, Hinds; Kearns (Lungaard 84\u00b4); Stengel, Daniels (van de Sanden 64\u00b4)<\/span><\/span><\/p>\n<p><strong>Rozhod\u010d\u00ed:<\/strong> Lauren Impey\u00a0 <strong>Div\u00e1ci:<\/strong> 22 161<\/p>\n<p><iframe loading=\"lazy\" title=\"Everton vs Liverpool Highlights | Women\u2019s Super League 22\/23 | 24.3.2023 | Merseyside Derby\" width=\"1140\" height=\"641\" src=\"https:\/\/www.youtube.com\/embed\/dFjTOJSXw-k?feature=oembed\" frameborder=\"0\" allow=\"accelerometer; autoplay; clipboard-write; encrypted-media; gyroscope; picture-in-picture; web-share\" allowfullscreen><\/iframe><\/p>\n","protected":false},"excerpt":{"rendered":"<p>Prvn\u00ed a asi i posledn\u00ed \u017eensk\u00e9 derby na Goodison Park p\u0159ineslo rem\u00edzu. V\u00fdsledek je snad akceptovateln\u00fd, ale v\u00fdkon byl podivn\u00fd.<\/p>\n","protected":false},"author":26,"featured_media":21265,"comment_status":"open","ping_status":"closed","sticky":false,"template":"","format":"standard","meta":{"_eb_attr":"","_monsterinsights_skip_tracking":false,"_monsterinsights_sitenote_active":false,"_monsterinsights_sitenote_note":"","_monsterinsights_sitenote_category":0,"footnotes":""},"categories":[110],"tags":[],"yoast_head":"<!-- This site is optimized with the Yoast SEO plugin v23.4 - https:\/\/yoast.com\/wordpress\/plugins\/seo\/ -->\n<title>Everton W - Liverpool W 1:1 - Official Czech &amp; Slovak Everton Supporters&#039; Club<\/title>\n<meta name=\"robots\" content=\"index, follow, max-snippet:-1, max-image-preview:large, max-video-preview:-1\" \/>\n<link rel=\"canonical\" href=\"https:\/\/evertonfc.cz\/index.php\/2023\/03\/26\/everton-w-liverpool-w-11\/\" \/>\n<meta property=\"og:locale\" content=\"cs_CZ\" \/>\n<meta property=\"og:type\" content=\"article\" \/>\n<meta property=\"og:title\" content=\"Everton W - Liverpool W 1:1 - Official Czech &amp; Slovak Everton Supporters&#039; Club\" \/>\n<meta property=\"og:description\" content=\"Prvn\u00ed a asi i posledn\u00ed \u017eensk\u00e9 derby na Goodison Park p\u0159ineslo rem\u00edzu. V\u00fdsledek je snad akceptovateln\u00fd, ale v\u00fdkon byl podivn\u00fd.\" \/>\n<meta property=\"og:url\" content=\"https:\/\/evertonfc.cz\/index.php\/2023\/03\/26\/everton-w-liverpool-w-11\/\" \/>\n<meta property=\"og:site_name\" content=\"Official Czech &amp; Slovak Everton Supporters&#039; Club\" \/>\n<meta property=\"article:publisher\" content=\"https:\/\/www.facebook.com\/everton.fans.cz.sk\" \/>\n<meta property=\"article:published_time\" content=\"2023-03-26T16:26:38+00:00\" \/>\n<meta property=\"article:modified_time\" content=\"2023-03-27T07:48:08+00:00\" \/>\n<meta property=\"og:image\" content=\"https:\/\/evertonfc.cz\/wp-content\/uploads\/2023\/03\/George-vs-LFC-web-24_3_2023.jpg\" \/>\n\t<meta property=\"og:image:width\" content=\"720\" \/>\n\t<meta property=\"og:image:height\" content=\"405\" \/>\n\t<meta property=\"og:image:type\" content=\"image\/jpeg\" \/>\n<meta name=\"author\" content=\"Karamela\" \/>\n<meta name=\"twitter:card\" content=\"summary_large_image\" \/>\n<meta name=\"twitter:label1\" content=\"Napsal(a)\" \/>\n\t<meta name=\"twitter:data1\" content=\"Karamela\" \/>\n\t<meta name=\"twitter:label2\" content=\"Odhadovan\u00e1 doba \u010dten\u00ed\" \/>\n\t<meta name=\"twitter:data2\" content=\"4 minuty\" \/>\n<script type=\"application\/ld+json\" class=\"yoast-schema-graph\">{\"@context\":\"https:\/\/schema.org\",\"@graph\":[{\"@type\":\"Article\",\"@id\":\"https:\/\/evertonfc.cz\/index.php\/2023\/03\/26\/everton-w-liverpool-w-11\/#article\",\"isPartOf\":{\"@id\":\"https:\/\/evertonfc.cz\/index.php\/2023\/03\/26\/everton-w-liverpool-w-11\/\"},\"author\":{\"name\":\"Karamela\",\"@id\":\"https:\/\/evertonfc.cz\/#\/schema\/person\/e9a24a80a32efa1344dd2c4e5882185c\"},\"headline\":\"Everton W &#8211; Liverpool W 1:1\",\"datePublished\":\"2023-03-26T16:26:38+00:00\",\"dateModified\":\"2023-03-27T07:48:08+00:00\",\"mainEntityOfPage\":{\"@id\":\"https:\/\/evertonfc.cz\/index.php\/2023\/03\/26\/everton-w-liverpool-w-11\/\"},\"wordCount\":787,\"commentCount\":4,\"publisher\":{\"@id\":\"https:\/\/evertonfc.cz\/#organization\"},\"image\":{\"@id\":\"https:\/\/evertonfc.cz\/index.php\/2023\/03\/26\/everton-w-liverpool-w-11\/#primaryimage\"},\"thumbnailUrl\":\"https:\/\/evertonfc.cz\/wp-content\/uploads\/2023\/03\/George-vs-LFC-web-24_3_2023.jpg\",\"articleSection\":[\"Everton Women\"],\"inLanguage\":\"cs\",\"potentialAction\":[{\"@type\":\"CommentAction\",\"name\":\"Comment\",\"target\":[\"https:\/\/evertonfc.cz\/index.php\/2023\/03\/26\/everton-w-liverpool-w-11\/#respond\"]}]},{\"@type\":\"WebPage\",\"@id\":\"https:\/\/evertonfc.cz\/index.php\/2023\/03\/26\/everton-w-liverpool-w-11\/\",\"url\":\"https:\/\/evertonfc.cz\/index.php\/2023\/03\/26\/everton-w-liverpool-w-11\/\",\"name\":\"Everton W - Liverpool W 1:1 - Official Czech &amp; Slovak Everton Supporters&#039; Club\",\"isPartOf\":{\"@id\":\"https:\/\/evertonfc.cz\/#website\"},\"primaryImageOfPage\":{\"@id\":\"https:\/\/evertonfc.cz\/index.php\/2023\/03\/26\/everton-w-liverpool-w-11\/#primaryimage\"},\"image\":{\"@id\":\"https:\/\/evertonfc.cz\/index.php\/2023\/03\/26\/everton-w-liverpool-w-11\/#primaryimage\"},\"thumbnailUrl\":\"https:\/\/evertonfc.cz\/wp-content\/uploads\/2023\/03\/George-vs-LFC-web-24_3_2023.jpg\",\"datePublished\":\"2023-03-26T16:26:38+00:00\",\"dateModified\":\"2023-03-27T07:48:08+00:00\",\"breadcrumb\":{\"@id\":\"https:\/\/evertonfc.cz\/index.php\/2023\/03\/26\/everton-w-liverpool-w-11\/#breadcrumb\"},\"inLanguage\":\"cs\",\"potentialAction\":[{\"@type\":\"ReadAction\",\"target\":[\"https:\/\/evertonfc.cz\/index.php\/2023\/03\/26\/everton-w-liverpool-w-11\/\"]}]},{\"@type\":\"ImageObject\",\"inLanguage\":\"cs\",\"@id\":\"https:\/\/evertonfc.cz\/index.php\/2023\/03\/26\/everton-w-liverpool-w-11\/#primaryimage\",\"url\":\"https:\/\/evertonfc.cz\/wp-content\/uploads\/2023\/03\/George-vs-LFC-web-24_3_2023.jpg\",\"contentUrl\":\"https:\/\/evertonfc.cz\/wp-content\/uploads\/2023\/03\/George-vs-LFC-web-24_3_2023.jpg\",\"width\":720,\"height\":405},{\"@type\":\"BreadcrumbList\",\"@id\":\"https:\/\/evertonfc.cz\/index.php\/2023\/03\/26\/everton-w-liverpool-w-11\/#breadcrumb\",\"itemListElement\":[{\"@type\":\"ListItem\",\"position\":1,\"name\":\"Home\",\"item\":\"https:\/\/evertonfc.cz\/\"},{\"@type\":\"ListItem\",\"position\":2,\"name\":\"Everton W &#8211; Liverpool W 1:1\"}]},{\"@type\":\"WebSite\",\"@id\":\"https:\/\/evertonfc.cz\/#website\",\"url\":\"https:\/\/evertonfc.cz\/\",\"name\":\"Official Czech &amp; Slovak Everton Supporters&#039; Club\",\"description\":\"\",\"publisher\":{\"@id\":\"https:\/\/evertonfc.cz\/#organization\"},\"potentialAction\":[{\"@type\":\"SearchAction\",\"target\":{\"@type\":\"EntryPoint\",\"urlTemplate\":\"https:\/\/evertonfc.cz\/?s={search_term_string}\"},\"query-input\":{\"@type\":\"PropertyValueSpecification\",\"valueRequired\":true,\"valueName\":\"search_term_string\"}}],\"inLanguage\":\"cs\"},{\"@type\":\"Organization\",\"@id\":\"https:\/\/evertonfc.cz\/#organization\",\"name\":\"Official Czech & Slovak Everton Supporters' Club\",\"url\":\"https:\/\/evertonfc.cz\/\",\"logo\":{\"@type\":\"ImageObject\",\"inLanguage\":\"cs\",\"@id\":\"https:\/\/evertonfc.cz\/#\/schema\/logo\/image\/\",\"url\":\"https:\/\/evertonfc.cz\/wp-content\/uploads\/2019\/05\/logo.png\",\"contentUrl\":\"https:\/\/evertonfc.cz\/wp-content\/uploads\/2019\/05\/logo.png\",\"width\":112,\"height\":112,\"caption\":\"Official Czech & Slovak Everton Supporters' Club\"},\"image\":{\"@id\":\"https:\/\/evertonfc.cz\/#\/schema\/logo\/image\/\"},\"sameAs\":[\"https:\/\/www.facebook.com\/everton.fans.cz.sk\"]},{\"@type\":\"Person\",\"@id\":\"https:\/\/evertonfc.cz\/#\/schema\/person\/e9a24a80a32efa1344dd2c4e5882185c\",\"name\":\"Karamela\",\"url\":\"https:\/\/evertonfc.cz\/index.php\/author\/karamela\/\"}]}<\/script>\n<!-- \/ Yoast SEO plugin. -->","yoast_head_json":{"title":"Everton W - Liverpool W 1:1 - Official Czech &amp; Slovak Everton Supporters&#039; Club","robots":{"index":"index","follow":"follow","max-snippet":"max-snippet:-1","max-image-preview":"max-image-preview:large","max-video-preview":"max-video-preview:-1"},"canonical":"https:\/\/evertonfc.cz\/index.php\/2023\/03\/26\/everton-w-liverpool-w-11\/","og_locale":"cs_CZ","og_type":"article","og_title":"Everton W - Liverpool W 1:1 - Official Czech &amp; Slovak Everton Supporters&#039; Club","og_description":"Prvn\u00ed a asi i posledn\u00ed \u017eensk\u00e9 derby na Goodison Park p\u0159ineslo rem\u00edzu. V\u00fdsledek je snad akceptovateln\u00fd, ale v\u00fdkon byl podivn\u00fd.","og_url":"https:\/\/evertonfc.cz\/index.php\/2023\/03\/26\/everton-w-liverpool-w-11\/","og_site_name":"Official Czech &amp; Slovak Everton Supporters&#039; Club","article_publisher":"https:\/\/www.facebook.com\/everton.fans.cz.sk","article_published_time":"2023-03-26T16:26:38+00:00","article_modified_time":"2023-03-27T07:48:08+00:00","og_image":[{"width":720,"height":405,"url":"https:\/\/evertonfc.cz\/wp-content\/uploads\/2023\/03\/George-vs-LFC-web-24_3_2023.jpg","type":"image\/jpeg"}],"author":"Karamela","twitter_card":"summary_large_image","twitter_misc":{"Napsal(a)":"Karamela","Odhadovan\u00e1 doba \u010dten\u00ed":"4 minuty"},"schema":{"@context":"https:\/\/schema.org","@graph":[{"@type":"Article","@id":"https:\/\/evertonfc.cz\/index.php\/2023\/03\/26\/everton-w-liverpool-w-11\/#article","isPartOf":{"@id":"https:\/\/evertonfc.cz\/index.php\/2023\/03\/26\/everton-w-liverpool-w-11\/"},"author":{"name":"Karamela","@id":"https:\/\/evertonfc.cz\/#\/schema\/person\/e9a24a80a32efa1344dd2c4e5882185c"},"headline":"Everton W &#8211; Liverpool W 1:1","datePublished":"2023-03-26T16:26:38+00:00","dateModified":"2023-03-27T07:48:08+00:00","mainEntityOfPage":{"@id":"https:\/\/evertonfc.cz\/index.php\/2023\/03\/26\/everton-w-liverpool-w-11\/"},"wordCount":787,"commentCount":4,"publisher":{"@id":"https:\/\/evertonfc.cz\/#organization"},"image":{"@id":"https:\/\/evertonfc.cz\/index.php\/2023\/03\/26\/everton-w-liverpool-w-11\/#primaryimage"},"thumbnailUrl":"https:\/\/evertonfc.cz\/wp-content\/uploads\/2023\/03\/George-vs-LFC-web-24_3_2023.jpg","articleSection":["Everton Women"],"inLanguage":"cs","potentialAction":[{"@type":"CommentAction","name":"Comment","target":["https:\/\/evertonfc.cz\/index.php\/2023\/03\/26\/everton-w-liverpool-w-11\/#respond"]}]},{"@type":"WebPage","@id":"https:\/\/evertonfc.cz\/index.php\/2023\/03\/26\/everton-w-liverpool-w-11\/","url":"https:\/\/evertonfc.cz\/index.php\/2023\/03\/26\/everton-w-liverpool-w-11\/","name":"Everton W - Liverpool W 1:1 - Official Czech &amp; Slovak Everton Supporters&#039; Club","isPartOf":{"@id":"https:\/\/evertonfc.cz\/#website"},"primaryImageOfPage":{"@id":"https:\/\/evertonfc.cz\/index.php\/2023\/03\/26\/everton-w-liverpool-w-11\/#primaryimage"},"image":{"@id":"https:\/\/evertonfc.cz\/index.php\/2023\/03\/26\/everton-w-liverpool-w-11\/#primaryimage"},"thumbnailUrl":"https:\/\/evertonfc.cz\/wp-content\/uploads\/2023\/03\/George-vs-LFC-web-24_3_2023.jpg","datePublished":"2023-03-26T16:26:38+00:00","dateModified":"2023-03-27T07:48:08+00:00","breadcrumb":{"@id":"https:\/\/evertonfc.cz\/index.php\/2023\/03\/26\/everton-w-liverpool-w-11\/#breadcrumb"},"inLanguage":"cs","potentialAction":[{"@type":"ReadAction","target":["https:\/\/evertonfc.cz\/index.php\/2023\/03\/26\/everton-w-liverpool-w-11\/"]}]},{"@type":"ImageObject","inLanguage":"cs","@id":"https:\/\/evertonfc.cz\/index.php\/2023\/03\/26\/everton-w-liverpool-w-11\/#primaryimage","url":"https:\/\/evertonfc.cz\/wp-content\/uploads\/2023\/03\/George-vs-LFC-web-24_3_2023.jpg","contentUrl":"https:\/\/evertonfc.cz\/wp-content\/uploads\/2023\/03\/George-vs-LFC-web-24_3_2023.jpg","width":720,"height":405},{"@type":"BreadcrumbList","@id":"https:\/\/evertonfc.cz\/index.php\/2023\/03\/26\/everton-w-liverpool-w-11\/#breadcrumb","itemListElement":[{"@type":"ListItem","position":1,"name":"Home","item":"https:\/\/evertonfc.cz\/"},{"@type":"ListItem","position":2,"name":"Everton W &#8211; Liverpool W 1:1"}]},{"@type":"WebSite","@id":"https:\/\/evertonfc.cz\/#website","url":"https:\/\/evertonfc.cz\/","name":"Official Czech &amp; Slovak Everton Supporters&#039; Club","description":"","publisher":{"@id":"https:\/\/evertonfc.cz\/#organization"},"potentialAction":[{"@type":"SearchAction","target":{"@type":"EntryPoint","urlTemplate":"https:\/\/evertonfc.cz\/?s={search_term_string}"},"query-input":{"@type":"PropertyValueSpecification","valueRequired":true,"valueName":"search_term_string"}}],"inLanguage":"cs"},{"@type":"Organization","@id":"https:\/\/evertonfc.cz\/#organization","name":"Official Czech & Slovak Everton Supporters' Club","url":"https:\/\/evertonfc.cz\/","logo":{"@type":"ImageObject","inLanguage":"cs","@id":"https:\/\/evertonfc.cz\/#\/schema\/logo\/image\/","url":"https:\/\/evertonfc.cz\/wp-content\/uploads\/2019\/05\/logo.png","contentUrl":"https:\/\/evertonfc.cz\/wp-content\/uploads\/2019\/05\/logo.png","width":112,"height":112,"caption":"Official Czech & Slovak Everton Supporters' Club"},"image":{"@id":"https:\/\/evertonfc.cz\/#\/schema\/logo\/image\/"},"sameAs":["https:\/\/www.facebook.com\/everton.fans.cz.sk"]},{"@type":"Person","@id":"https:\/\/evertonfc.cz\/#\/schema\/person\/e9a24a80a32efa1344dd2c4e5882185c","name":"Karamela","url":"https:\/\/evertonfc.cz\/index.php\/author\/karamela\/"}]}},"_links":{"self":[{"href":"https:\/\/evertonfc.cz\/index.php\/wp-json\/wp\/v2\/posts\/21256"}],"collection":[{"href":"https:\/\/evertonfc.cz\/index.php\/wp-json\/wp\/v2\/posts"}],"about":[{"href":"https:\/\/evertonfc.cz\/index.php\/wp-json\/wp\/v2\/types\/post"}],"author":[{"embeddable":true,"href":"https:\/\/evertonfc.cz\/index.php\/wp-json\/wp\/v2\/users\/26"}],"replies":[{"embeddable":true,"href":"https:\/\/evertonfc.cz\/index.php\/wp-json\/wp\/v2\/comments?post=21256"}],"version-history":[{"count":13,"href":"https:\/\/evertonfc.cz\/index.php\/wp-json\/wp\/v2\/posts\/21256\/revisions"}],"predecessor-version":[{"id":21270,"href":"https:\/\/evertonfc.cz\/index.php\/wp-json\/wp\/v2\/posts\/21256\/revisions\/21270"}],"wp:featuredmedia":[{"embeddable":true,"href":"https:\/\/evertonfc.cz\/index.php\/wp-json\/wp\/v2\/media\/21265"}],"wp:attachment":[{"href":"https:\/\/evertonfc.cz\/index.php\/wp-json\/wp\/v2\/media?parent=21256"}],"wp:term":[{"taxonomy":"category","embeddable":true,"href":"https:\/\/evertonfc.cz\/index.php\/wp-json\/wp\/v2\/categories?post=21256"},{"taxonomy":"post_tag","embeddable":true,"href":"https:\/\/evertonfc.cz\/index.php\/wp-json\/wp\/v2\/tags?post=21256"}],"curies":[{"name":"wp","href":"https:\/\/api.w.org\/{rel}","templated":true}]}}