{"id":2126,"date":"2018-04-25T12:59:28","date_gmt":"2018-04-25T10:59:28","guid":{"rendered":"http:\/\/evertonfc.cz\/?p=2126"},"modified":"2019-02-01T15:26:49","modified_gmt":"2019-02-01T14:26:49","slug":"everton-bol-znovu-prvy-a-znovu-v-skvelej-veci","status":"publish","type":"post","link":"https:\/\/evertonfc.cz\/index.php\/2018\/04\/25\/everton-bol-znovu-prvy-a-znovu-v-skvelej-veci\/","title":{"rendered":"Everton bol znovu prv\u00fd a znovu v skvelej veci"},"content":{"rendered":"\n<h4 class=\"wp-block-heading\">14-ro\u010dn\u00fd chlapec a v\u00e1\u0161niv\u00fd fan\u00fa\u0161ik Evertonu Jack McLinden sa ako prv\u00fd stal virtu\u00e1lnym maskotom pondel\u0148aj\u0161ieho z\u00e1pasu Everton &#8211; Newcastle United, napriek tomu, \u017ee v\u00e1\u017ene zdravotn\u00e9 probl\u00e9my mu nedovo\u013euj\u00fa vyjs\u0165 z&nbsp;domu. V\u010faka robotovi.<\/h4>\n\n\n\n<p>Jack trp\u00ed syndr\u00f3mom Lennox-Gastaut, \u010do znamen\u00e1, \u017ee je prip\u00fatan\u00fd na invalidn\u00fd voz\u00edk, nem\u00f4\u017ee hovori\u0165 a m\u00e1 probl\u00e9my s&nbsp;d\u00fdchan\u00edm, trp\u00ed z\u00e1chvatmi a&nbsp;potrebuje \u0161peci\u00e1lny re\u017eim prij\u00edmania potravy. &nbsp;Potrebuje pr\u00edvod kysl\u00edka 24 hod\u00edn denne \u010do znamen\u00e1, \u017ee pravdepodobne nikdy nenav\u0161t\u00edvi z\u00e1pas Evertonu, aj ke\u010f b\u00fdva len 2 m\u00edle od Goodison parku. \u010cas\u0165 svojho \u017eivota u\u017e pre\u017eil aj v&nbsp;detsk\u00fdch hospicoch.<\/p>\n\n\n\n<p>Robot mu poskytol \u017eiv\u00fd prenos v&nbsp;re\u00e1lnom \u010dase s 360 stup\u0148ov\u00fdmi z\u00e1bermi a s mikrof\u00f3nom, ktor\u00fd mu umo\u017enil rozpr\u00e1va\u0165 sa s hr\u00e1\u010dmi. Teleprezen\u010dn\u00fd robot s n\u00e1zvom AV1 bol vyvinut\u00fd n\u00f3rskym start-upom &#8222;No Isolation&#8220; s cie\u013eom pom\u00f4c\u0165 de\u0165om a mlad\u00fdm prekon\u00e1va\u0165 osamenie a nav\u0161tevova\u0165 \u0161kolu a spolo\u010densk\u00e9 akcie aspo\u0148 t\u00fdmto sp\u00f4sobom.<\/p>\n\n\n\n<p>Odkaz na video:&nbsp;<a href=\"https:\/\/www.youtube.com\/watch?v=XPrRzS1UBwo\" target=\"_blank\" rel=\"noreferrer noopener\">youtube.com\/watch?v=XPrRzS1UBwo<\/a><\/p>\n\n\n\n<p>V Anglicku je (detsk\u00fd) &#8222;maskot z\u00e1pasu&#8220; prest\u00ed\u017ena vec, na tento post sa hl\u00e1si mnoho det\u00ed. Detsk\u00fd maskot z\u00e1pasu vyprevad\u00ed hr\u00e1\u010dov na ihrisko, zozn\u00e1mi sa s hr\u00e1\u010dmi, mana\u017e\u00e9rom, porozpr\u00e1va sa s&nbsp;nimi (Jack sa rozpr\u00e1val s&nbsp;hr\u00e1\u010dmi v&nbsp;tuneli pred za\u010diatkom z\u00e1pasu), vid\u00ed z\u00e1pas z kvalitn\u00e9ho miesta at\u010f.<\/p>\n\n\n\n<p>Jackova mama Michelle Wignall uviedla: <em>\u201eSme nad\u0161en\u00ed \u017ee v\u010faka No Isolation a&nbsp;Evertonu si mohol Jack u\u017ei\u0165 tento \u017eivotn\u00fd z\u00e1\u017eitok.\u201c<\/em><\/p>\n\n\n\n<p>V\u00fdkonn\u00e1 riadite\u013eka a&nbsp;spoluzakladate\u013eka No Isolation Karen Dolva: <em>\u201eT\u00e1to technol\u00f3gia (AV1) rob\u00ed zdanlivo nemo\u017en\u00e9 mo\u017en\u00fdm. Pre Jacka nebolo kv\u00f4li jeho zdravotn\u00fdm probl\u00e9mom pravdepodobn\u00e9, \u017ee by sa raz stal maskotom z\u00e1pasu jeho ob\u013e\u00faben\u00e9ho klubu. &nbsp;Pr\u00e1ca s&nbsp;tak n\u00e1dhern\u00fdm a&nbsp;inkluz\u00edvnym klubom ak\u00fdm je Everton bola udalos\u0165ou, na ktor\u00fa ja ani moji kolegovia nikdy nezabudneme.\u201c<\/em><\/p>\n\n\n\n<p>M\u00e1me \u0161\u0165astie, \u017ee dr\u017e\u00edme palce, podobne ako Jack, pr\u00e1ve Evertonu. Aj ke\u010f nevyhral ni\u010d u\u017e 23 rokov (nemus\u00edme si tu pripom\u00edna\u0165, ako biedne hr\u00e1 t\u00fato sez\u00f3nu A-t\u00edm J&nbsp;) a&nbsp;posledn\u00fdch cca 25-27 rokov zv\u00e4\u010d\u0161a nehr\u00e1 tak atrakt\u00edvne ako bohat\u0161ie a komer\u010dne \u00faspe\u0161nej\u0161ie kluby, okrem in\u00fdch pozit\u00edv zalo\u017eil a prev\u00e1dzkuje jednu z najv\u00e4\u010d\u0161\u00edch, najinovat\u00edvnej\u0161\u00edch a najkvalitnej\u0161\u00edch \u0161portov\u00fdch char\u00edt na svete.<\/p>\n\n\n\n<p>Do sveta \u0161portovej charity priniesol Everton ako prv\u00fd mnoho pionierskych inov\u00e1ci\u00ed, ktor\u00e9 po \u0148om za\u010dali opakova\u0165 ostatn\u00e9 kluby.<\/p>\n\n\n\n<p>Napr\u00edklad ako prv\u00fd zalo\u017eil v&nbsp;r. 1999 charitu pre b\u00fdval\u00fdch hr\u00e1\u010dov \u201eThe Everton Former Players&#8216; Foundation\u201c (EFPF), ktor\u00ed s\u00fa dnes \u010dasto chudobn\u00ed a nemaj\u00fa na z\u00e1kladn\u00e9 zdravotn\u00e9 \u00fakony (v d\u00e1vnej\u0161\u00edch \u010dasoch futbalisti nezar\u00e1bali a\u017e tak v\u00fdrazne viac, svoje spravila infl\u00e1cia at\u010f.) \u2013&nbsp;<a href=\"http:\/\/www.evertonfpf.org\/\" target=\"_blank\" rel=\"noreferrer noopener\">evertonfpf.org<\/a>. Peniaze id\u00fa na potrebn\u00e9 oper\u00e1cie, \u00fapravy domov ak to v\u017eaduj\u00fa zdravotn\u00e9 probl\u00e9my b\u00fdval\u00fdch hr\u00e1\u010dov Evertonu a&nbsp;podobne. Prv\u00fd pri\u0161iel s&nbsp;touto my\u0161lienkou Dr. David France, viediac v&nbsp;ak\u00fdch biednych podmienkach \u017eili niektor\u00ed b\u00fdval\u00ed hr\u00e1\u010di Evertonu. Prv\u00e9 v\u00fdznamn\u00e9 prostriedky venovali Bill Kenwright a&nbsp;W. Smith, v\u00e4\u010d\u0161inu pe\u0148az\u00ed v\u0161ak vyzbieraj\u00fa ka\u017edoro\u010dne fan\u00fa\u0161ikovia Evertonu. Ka\u017ed\u00fa sez\u00f3nu vyzbiera a&nbsp;pou\u017eije EFPF na starostlivos\u0165 o&nbsp;b\u00fdval\u00fdch hr\u00e1\u010dov vy\u0161e 100&nbsp;000 libier. Od Evertonu to najprv prebrala FC Barcelona, potom medzin\u00e1rodn\u00e9 futbalov\u00e9 org\u00e1ny a&nbsp;\u010fal\u0161\u00ed \u2013&nbsp;<a href=\"http:\/\/www.fifa.com\/live-scores\/nationalleagues\/nationalleague=england-premier-league-2000000000\/news\/newsid\/139\/598\/9\/index.html\" target=\"_blank\" rel=\"noreferrer noopener\">fifa.com\/live-scores\/nationalleagues\/nationalleague=england-premier-league-2000000000\/news\/newsid\/139\/598\/9\/index.html<\/a>.<\/p>\n\n\n\n<p>Drviv\u00e1 v\u00e4\u010d\u0161ina dobro\u010dinn\u00fdch aktiv\u00edt Evertonu je zastre\u0161en\u00e1 samostatnou charitat\u00edvno \u2013 komunitnou organiz\u00e1ciou \u201eEverton in the Community\u201c. Bola zalo\u017een\u00e1 v&nbsp;r. 1988 a&nbsp;patr\u00ed svojim ve\u013ek\u00fdm rozsahom dobro\u010dinn\u00fdch aktiv\u00edt a&nbsp;ich kvalitou k&nbsp;najlep\u0161\u00edm futbalov\u00fdm, resp. \u0161portov\u00fdm charit\u00e1m vo Ve\u013ekej Brit\u00e1nii i&nbsp;vo svete. Pom\u00e1ha prostredn\u00edctvom svojich 60 programov v&nbsp;t\u00e9mach ako zdravie, chudoba, vzdel\u00e1vanie, zamestnate\u013enos\u0165, kriminalita \/ antisoci\u00e1lne spr\u00e1vanie. Pre lep\u0161iu predstavu o&nbsp;ve\u013ekosti &#8211; EitC m\u00e1 120 pracovn\u00edkov a&nbsp;pracovn\u00ed\u010dok na pln\u00fd \u00fav\u00e4zok, 72 \u010fal\u0161\u00edch na \u010diastkov\u00fd \u00fav\u00e4zok a&nbsp;144 dobrovo\u013en\u00edkov, ktor\u00ed pracuj\u00fa 7 dn\u00ed v&nbsp;t\u00fd\u017edni, 365 dn\u00ed v&nbsp;roku, vr\u00e1tane v\u00edkendov a&nbsp;sviatkov. Za v\u0161etky v\u00fdsledky spome\u0148me len niektor\u00e9:<\/p>\n\n\n\n<ul><li>ka\u017ed\u00fd rok podpor\u00ed 2000 \u010fal\u0161\u00edch miestnych char\u00edt<\/li><li>prispela k&nbsp;79% zn\u00ed\u017eeniu kriminality a 65% zn\u00ed\u017eeniu antisoci\u00e1lneho spr\u00e1vania v&nbsp;probl\u00e9mov\u00fdch lokalit\u00e1ch Merseyside<\/li><li>m\u00e1 100% \u00faspe\u0161nos\u0165 vo svojich vzdel\u00e1vac\u00edch aktivit\u00e1ch<\/li><li>asistuje takmer 50% \u00fa\u010dastn\u00edkov svojich programov pre zamestnanie sa v&nbsp;n\u00e1vrate sp\u00e4\u0165 do pr\u00e1ce<\/li><li>m\u00e1 14 t\u00edmov, ktor\u00e9 pom\u00e1haj\u00fa \u013eu\u010fom so zdravotn\u00fdm postihnut\u00edm.<\/li><\/ul>\n\n\n\n<p>Ako prv\u00fd futbalov\u00fd klub za\u010dal pom\u00e1ha\u0165 \u013eu\u010fom s ment\u00e1lnymi probl\u00e9mami (a fan\u00fa\u0161ikovia Evertonu maj\u00fa na najv\u00e4\u010d\u0161om f\u00f3re medzi 4 hlavn\u00fdmi nemenn\u00fdmi t\u00e9mami diskusiu o boji s depresiou).<\/p>\n\n\n\n<p>Za svoju pr\u00e1cu z\u00edskala EitC desiatky prest\u00ed\u017enych ocenen\u00ed, za v\u0161etky spome\u0148me napr\u00edklad \u201eBest Community Scheme in Europe\u201c v&nbsp;r. 2011 a \u201eOutstanding Achievement Award\u201c na prest\u00ed\u017enej medzin\u00e1rodnej akcii StadiumBusiness Awards \u2013&nbsp;<a href=\"http:\/\/www.evertonfc.com\/community\/about-us\/awards\" target=\"_blank\" rel=\"noreferrer noopener\">evertonfc.com\/community\/about-us\/awards<\/a>.<\/p>\n\n\n\n<p>Ako prv\u00fd a doposia\u013e mysl\u00edm jedin\u00fd klub najvy\u0161\u0161ej anglickej futbalovej s\u00fa\u0165a\u017ee zalo\u017eil \u0161kolu so \u0161peci\u00e1lnymi v\u00fdukov\u00fdmi pr\u00edstupmi &#8222;Everton Free School&#8220;&nbsp;\u2013&nbsp;<a href=\"http:\/\/www.evertonfreeschool.com\/\" target=\"_blank\" rel=\"noreferrer noopener\">evertonfreeschool.com<\/a>, ktor\u00e1 je schopn\u00e1 zvl\u00e1dnu\u0165 v\u00fdu\u010dbu det\u00ed, ktor\u00e9 maj\u00fa probl\u00e9my v be\u017en\u00fdch \u0161kol\u00e1ch so spr\u00e1van\u00edm, u\u010den\u00edm sa &#8211; napr. s autizmom, kriminalitou, drogami, n\u00e1sil\u00edm doma. T\u00e1to Everton Free School m\u00e1 v\u00fdborn\u00e9 v\u00fdsledky a zatia\u013e u\u010d\u00ed 120 &#8222;probl\u00e9mov\u00fdch&#8220; det\u00ed.<\/p>\n","protected":false},"excerpt":{"rendered":"<p>14-ro\u010dn\u00fd chlapec a v\u00e1\u0161niv\u00fd fan\u00fa\u0161ik Evertonu Jack McLinden sa ako prv\u00fd stal virtu\u00e1lnym maskotom pondel\u0148aj\u0161ieho z\u00e1pasu Everton &#8211; Newcastle United,&hellip;<\/p>\n","protected":false},"author":23,"featured_media":1313,"comment_status":"open","ping_status":"closed","sticky":false,"template":"","format":"standard","meta":{"_eb_attr":"","_monsterinsights_skip_tracking":false,"_monsterinsights_sitenote_active":false,"_monsterinsights_sitenote_note":"","_monsterinsights_sitenote_category":0,"footnotes":""},"categories":[42],"tags":[],"yoast_head":"<!-- This site is optimized with the Yoast SEO plugin v23.4 - https:\/\/yoast.com\/wordpress\/plugins\/seo\/ -->\n<title>Everton bol znovu prv\u00fd a znovu v skvelej veci - Official Czech &amp; Slovak Everton Supporters&#039; Club<\/title>\n<meta name=\"robots\" content=\"index, follow, max-snippet:-1, max-image-preview:large, max-video-preview:-1\" \/>\n<link rel=\"canonical\" href=\"https:\/\/evertonfc.cz\/index.php\/2018\/04\/25\/everton-bol-znovu-prvy-a-znovu-v-skvelej-veci\/\" \/>\n<meta property=\"og:locale\" content=\"cs_CZ\" \/>\n<meta property=\"og:type\" content=\"article\" \/>\n<meta property=\"og:title\" content=\"Everton bol znovu prv\u00fd a znovu v skvelej veci - Official Czech &amp; Slovak Everton Supporters&#039; Club\" \/>\n<meta property=\"og:description\" content=\"14-ro\u010dn\u00fd chlapec a v\u00e1\u0161niv\u00fd fan\u00fa\u0161ik Evertonu Jack McLinden sa ako prv\u00fd stal virtu\u00e1lnym maskotom pondel\u0148aj\u0161ieho z\u00e1pasu Everton &#8211; Newcastle United,&hellip;\" \/>\n<meta property=\"og:url\" content=\"https:\/\/evertonfc.cz\/index.php\/2018\/04\/25\/everton-bol-znovu-prvy-a-znovu-v-skvelej-veci\/\" \/>\n<meta property=\"og:site_name\" content=\"Official Czech &amp; Slovak Everton Supporters&#039; Club\" \/>\n<meta property=\"article:publisher\" content=\"https:\/\/www.facebook.com\/everton.fans.cz.sk\" \/>\n<meta property=\"article:published_time\" content=\"2018-04-25T10:59:28+00:00\" \/>\n<meta property=\"article:modified_time\" content=\"2019-02-01T14:26:49+00:00\" \/>\n<meta property=\"og:image\" content=\"https:\/\/evertonfc.cz\/wp-content\/uploads\/2019\/01\/news.jpg\" \/>\n\t<meta property=\"og:image:width\" content=\"720\" \/>\n\t<meta property=\"og:image:height\" content=\"405\" \/>\n\t<meta property=\"og:image:type\" content=\"image\/jpeg\" \/>\n<meta name=\"author\" content=\"Everton1878\" \/>\n<meta name=\"twitter:card\" content=\"summary_large_image\" \/>\n<meta name=\"twitter:label1\" content=\"Napsal(a)\" \/>\n\t<meta name=\"twitter:data1\" content=\"Everton1878\" \/>\n\t<meta name=\"twitter:label2\" content=\"Odhadovan\u00e1 doba \u010dten\u00ed\" \/>\n\t<meta name=\"twitter:data2\" content=\"5 minut\" \/>\n<script type=\"application\/ld+json\" class=\"yoast-schema-graph\">{\"@context\":\"https:\/\/schema.org\",\"@graph\":[{\"@type\":\"Article\",\"@id\":\"https:\/\/evertonfc.cz\/index.php\/2018\/04\/25\/everton-bol-znovu-prvy-a-znovu-v-skvelej-veci\/#article\",\"isPartOf\":{\"@id\":\"https:\/\/evertonfc.cz\/index.php\/2018\/04\/25\/everton-bol-znovu-prvy-a-znovu-v-skvelej-veci\/\"},\"author\":{\"name\":\"Everton1878\",\"@id\":\"https:\/\/evertonfc.cz\/#\/schema\/person\/c495ad9c14eabaab7ff243473d85758c\"},\"headline\":\"Everton bol znovu prv\u00fd a znovu v skvelej veci\",\"datePublished\":\"2018-04-25T10:59:28+00:00\",\"dateModified\":\"2019-02-01T14:26:49+00:00\",\"mainEntityOfPage\":{\"@id\":\"https:\/\/evertonfc.cz\/index.php\/2018\/04\/25\/everton-bol-znovu-prvy-a-znovu-v-skvelej-veci\/\"},\"wordCount\":1050,\"commentCount\":0,\"publisher\":{\"@id\":\"https:\/\/evertonfc.cz\/#organization\"},\"image\":{\"@id\":\"https:\/\/evertonfc.cz\/index.php\/2018\/04\/25\/everton-bol-znovu-prvy-a-znovu-v-skvelej-veci\/#primaryimage\"},\"thumbnailUrl\":\"https:\/\/evertonfc.cz\/wp-content\/uploads\/2019\/01\/news.jpg\",\"articleSection\":[\"Aktuality\"],\"inLanguage\":\"cs\",\"potentialAction\":[{\"@type\":\"CommentAction\",\"name\":\"Comment\",\"target\":[\"https:\/\/evertonfc.cz\/index.php\/2018\/04\/25\/everton-bol-znovu-prvy-a-znovu-v-skvelej-veci\/#respond\"]}]},{\"@type\":\"WebPage\",\"@id\":\"https:\/\/evertonfc.cz\/index.php\/2018\/04\/25\/everton-bol-znovu-prvy-a-znovu-v-skvelej-veci\/\",\"url\":\"https:\/\/evertonfc.cz\/index.php\/2018\/04\/25\/everton-bol-znovu-prvy-a-znovu-v-skvelej-veci\/\",\"name\":\"Everton bol znovu prv\u00fd a znovu v skvelej veci - Official Czech &amp; Slovak Everton Supporters&#039; Club\",\"isPartOf\":{\"@id\":\"https:\/\/evertonfc.cz\/#website\"},\"primaryImageOfPage\":{\"@id\":\"https:\/\/evertonfc.cz\/index.php\/2018\/04\/25\/everton-bol-znovu-prvy-a-znovu-v-skvelej-veci\/#primaryimage\"},\"image\":{\"@id\":\"https:\/\/evertonfc.cz\/index.php\/2018\/04\/25\/everton-bol-znovu-prvy-a-znovu-v-skvelej-veci\/#primaryimage\"},\"thumbnailUrl\":\"https:\/\/evertonfc.cz\/wp-content\/uploads\/2019\/01\/news.jpg\",\"datePublished\":\"2018-04-25T10:59:28+00:00\",\"dateModified\":\"2019-02-01T14:26:49+00:00\",\"breadcrumb\":{\"@id\":\"https:\/\/evertonfc.cz\/index.php\/2018\/04\/25\/everton-bol-znovu-prvy-a-znovu-v-skvelej-veci\/#breadcrumb\"},\"inLanguage\":\"cs\",\"potentialAction\":[{\"@type\":\"ReadAction\",\"target\":[\"https:\/\/evertonfc.cz\/index.php\/2018\/04\/25\/everton-bol-znovu-prvy-a-znovu-v-skvelej-veci\/\"]}]},{\"@type\":\"ImageObject\",\"inLanguage\":\"cs\",\"@id\":\"https:\/\/evertonfc.cz\/index.php\/2018\/04\/25\/everton-bol-znovu-prvy-a-znovu-v-skvelej-veci\/#primaryimage\",\"url\":\"https:\/\/evertonfc.cz\/wp-content\/uploads\/2019\/01\/news.jpg\",\"contentUrl\":\"https:\/\/evertonfc.cz\/wp-content\/uploads\/2019\/01\/news.jpg\",\"width\":720,\"height\":405},{\"@type\":\"BreadcrumbList\",\"@id\":\"https:\/\/evertonfc.cz\/index.php\/2018\/04\/25\/everton-bol-znovu-prvy-a-znovu-v-skvelej-veci\/#breadcrumb\",\"itemListElement\":[{\"@type\":\"ListItem\",\"position\":1,\"name\":\"Home\",\"item\":\"https:\/\/evertonfc.cz\/\"},{\"@type\":\"ListItem\",\"position\":2,\"name\":\"Everton bol znovu prv\u00fd a znovu v skvelej veci\"}]},{\"@type\":\"WebSite\",\"@id\":\"https:\/\/evertonfc.cz\/#website\",\"url\":\"https:\/\/evertonfc.cz\/\",\"name\":\"Official Czech &amp; Slovak Everton Supporters&#039; Club\",\"description\":\"\",\"publisher\":{\"@id\":\"https:\/\/evertonfc.cz\/#organization\"},\"potentialAction\":[{\"@type\":\"SearchAction\",\"target\":{\"@type\":\"EntryPoint\",\"urlTemplate\":\"https:\/\/evertonfc.cz\/?s={search_term_string}\"},\"query-input\":{\"@type\":\"PropertyValueSpecification\",\"valueRequired\":true,\"valueName\":\"search_term_string\"}}],\"inLanguage\":\"cs\"},{\"@type\":\"Organization\",\"@id\":\"https:\/\/evertonfc.cz\/#organization\",\"name\":\"Official Czech & Slovak Everton Supporters' Club\",\"url\":\"https:\/\/evertonfc.cz\/\",\"logo\":{\"@type\":\"ImageObject\",\"inLanguage\":\"cs\",\"@id\":\"https:\/\/evertonfc.cz\/#\/schema\/logo\/image\/\",\"url\":\"https:\/\/evertonfc.cz\/wp-content\/uploads\/2019\/05\/logo.png\",\"contentUrl\":\"https:\/\/evertonfc.cz\/wp-content\/uploads\/2019\/05\/logo.png\",\"width\":112,\"height\":112,\"caption\":\"Official Czech & Slovak Everton Supporters' Club\"},\"image\":{\"@id\":\"https:\/\/evertonfc.cz\/#\/schema\/logo\/image\/\"},\"sameAs\":[\"https:\/\/www.facebook.com\/everton.fans.cz.sk\"]},{\"@type\":\"Person\",\"@id\":\"https:\/\/evertonfc.cz\/#\/schema\/person\/c495ad9c14eabaab7ff243473d85758c\",\"name\":\"Everton1878\",\"url\":\"https:\/\/evertonfc.cz\/index.php\/author\/everton1878\/\"}]}<\/script>\n<!-- \/ Yoast SEO plugin. -->","yoast_head_json":{"title":"Everton bol znovu prv\u00fd a znovu v skvelej veci - Official Czech &amp; Slovak Everton Supporters&#039; Club","robots":{"index":"index","follow":"follow","max-snippet":"max-snippet:-1","max-image-preview":"max-image-preview:large","max-video-preview":"max-video-preview:-1"},"canonical":"https:\/\/evertonfc.cz\/index.php\/2018\/04\/25\/everton-bol-znovu-prvy-a-znovu-v-skvelej-veci\/","og_locale":"cs_CZ","og_type":"article","og_title":"Everton bol znovu prv\u00fd a znovu v skvelej veci - Official Czech &amp; Slovak Everton Supporters&#039; Club","og_description":"14-ro\u010dn\u00fd chlapec a v\u00e1\u0161niv\u00fd fan\u00fa\u0161ik Evertonu Jack McLinden sa ako prv\u00fd stal virtu\u00e1lnym maskotom pondel\u0148aj\u0161ieho z\u00e1pasu Everton &#8211; Newcastle United,&hellip;","og_url":"https:\/\/evertonfc.cz\/index.php\/2018\/04\/25\/everton-bol-znovu-prvy-a-znovu-v-skvelej-veci\/","og_site_name":"Official Czech &amp; Slovak Everton Supporters&#039; Club","article_publisher":"https:\/\/www.facebook.com\/everton.fans.cz.sk","article_published_time":"2018-04-25T10:59:28+00:00","article_modified_time":"2019-02-01T14:26:49+00:00","og_image":[{"width":720,"height":405,"url":"https:\/\/evertonfc.cz\/wp-content\/uploads\/2019\/01\/news.jpg","type":"image\/jpeg"}],"author":"Everton1878","twitter_card":"summary_large_image","twitter_misc":{"Napsal(a)":"Everton1878","Odhadovan\u00e1 doba \u010dten\u00ed":"5 minut"},"schema":{"@context":"https:\/\/schema.org","@graph":[{"@type":"Article","@id":"https:\/\/evertonfc.cz\/index.php\/2018\/04\/25\/everton-bol-znovu-prvy-a-znovu-v-skvelej-veci\/#article","isPartOf":{"@id":"https:\/\/evertonfc.cz\/index.php\/2018\/04\/25\/everton-bol-znovu-prvy-a-znovu-v-skvelej-veci\/"},"author":{"name":"Everton1878","@id":"https:\/\/evertonfc.cz\/#\/schema\/person\/c495ad9c14eabaab7ff243473d85758c"},"headline":"Everton bol znovu prv\u00fd a znovu v skvelej veci","datePublished":"2018-04-25T10:59:28+00:00","dateModified":"2019-02-01T14:26:49+00:00","mainEntityOfPage":{"@id":"https:\/\/evertonfc.cz\/index.php\/2018\/04\/25\/everton-bol-znovu-prvy-a-znovu-v-skvelej-veci\/"},"wordCount":1050,"commentCount":0,"publisher":{"@id":"https:\/\/evertonfc.cz\/#organization"},"image":{"@id":"https:\/\/evertonfc.cz\/index.php\/2018\/04\/25\/everton-bol-znovu-prvy-a-znovu-v-skvelej-veci\/#primaryimage"},"thumbnailUrl":"https:\/\/evertonfc.cz\/wp-content\/uploads\/2019\/01\/news.jpg","articleSection":["Aktuality"],"inLanguage":"cs","potentialAction":[{"@type":"CommentAction","name":"Comment","target":["https:\/\/evertonfc.cz\/index.php\/2018\/04\/25\/everton-bol-znovu-prvy-a-znovu-v-skvelej-veci\/#respond"]}]},{"@type":"WebPage","@id":"https:\/\/evertonfc.cz\/index.php\/2018\/04\/25\/everton-bol-znovu-prvy-a-znovu-v-skvelej-veci\/","url":"https:\/\/evertonfc.cz\/index.php\/2018\/04\/25\/everton-bol-znovu-prvy-a-znovu-v-skvelej-veci\/","name":"Everton bol znovu prv\u00fd a znovu v skvelej veci - Official Czech &amp; Slovak Everton Supporters&#039; Club","isPartOf":{"@id":"https:\/\/evertonfc.cz\/#website"},"primaryImageOfPage":{"@id":"https:\/\/evertonfc.cz\/index.php\/2018\/04\/25\/everton-bol-znovu-prvy-a-znovu-v-skvelej-veci\/#primaryimage"},"image":{"@id":"https:\/\/evertonfc.cz\/index.php\/2018\/04\/25\/everton-bol-znovu-prvy-a-znovu-v-skvelej-veci\/#primaryimage"},"thumbnailUrl":"https:\/\/evertonfc.cz\/wp-content\/uploads\/2019\/01\/news.jpg","datePublished":"2018-04-25T10:59:28+00:00","dateModified":"2019-02-01T14:26:49+00:00","breadcrumb":{"@id":"https:\/\/evertonfc.cz\/index.php\/2018\/04\/25\/everton-bol-znovu-prvy-a-znovu-v-skvelej-veci\/#breadcrumb"},"inLanguage":"cs","potentialAction":[{"@type":"ReadAction","target":["https:\/\/evertonfc.cz\/index.php\/2018\/04\/25\/everton-bol-znovu-prvy-a-znovu-v-skvelej-veci\/"]}]},{"@type":"ImageObject","inLanguage":"cs","@id":"https:\/\/evertonfc.cz\/index.php\/2018\/04\/25\/everton-bol-znovu-prvy-a-znovu-v-skvelej-veci\/#primaryimage","url":"https:\/\/evertonfc.cz\/wp-content\/uploads\/2019\/01\/news.jpg","contentUrl":"https:\/\/evertonfc.cz\/wp-content\/uploads\/2019\/01\/news.jpg","width":720,"height":405},{"@type":"BreadcrumbList","@id":"https:\/\/evertonfc.cz\/index.php\/2018\/04\/25\/everton-bol-znovu-prvy-a-znovu-v-skvelej-veci\/#breadcrumb","itemListElement":[{"@type":"ListItem","position":1,"name":"Home","item":"https:\/\/evertonfc.cz\/"},{"@type":"ListItem","position":2,"name":"Everton bol znovu prv\u00fd a znovu v skvelej veci"}]},{"@type":"WebSite","@id":"https:\/\/evertonfc.cz\/#website","url":"https:\/\/evertonfc.cz\/","name":"Official Czech &amp; Slovak Everton Supporters&#039; Club","description":"","publisher":{"@id":"https:\/\/evertonfc.cz\/#organization"},"potentialAction":[{"@type":"SearchAction","target":{"@type":"EntryPoint","urlTemplate":"https:\/\/evertonfc.cz\/?s={search_term_string}"},"query-input":{"@type":"PropertyValueSpecification","valueRequired":true,"valueName":"search_term_string"}}],"inLanguage":"cs"},{"@type":"Organization","@id":"https:\/\/evertonfc.cz\/#organization","name":"Official Czech & Slovak Everton Supporters' Club","url":"https:\/\/evertonfc.cz\/","logo":{"@type":"ImageObject","inLanguage":"cs","@id":"https:\/\/evertonfc.cz\/#\/schema\/logo\/image\/","url":"https:\/\/evertonfc.cz\/wp-content\/uploads\/2019\/05\/logo.png","contentUrl":"https:\/\/evertonfc.cz\/wp-content\/uploads\/2019\/05\/logo.png","width":112,"height":112,"caption":"Official Czech & Slovak Everton Supporters' Club"},"image":{"@id":"https:\/\/evertonfc.cz\/#\/schema\/logo\/image\/"},"sameAs":["https:\/\/www.facebook.com\/everton.fans.cz.sk"]},{"@type":"Person","@id":"https:\/\/evertonfc.cz\/#\/schema\/person\/c495ad9c14eabaab7ff243473d85758c","name":"Everton1878","url":"https:\/\/evertonfc.cz\/index.php\/author\/everton1878\/"}]}},"_links":{"self":[{"href":"https:\/\/evertonfc.cz\/index.php\/wp-json\/wp\/v2\/posts\/2126"}],"collection":[{"href":"https:\/\/evertonfc.cz\/index.php\/wp-json\/wp\/v2\/posts"}],"about":[{"href":"https:\/\/evertonfc.cz\/index.php\/wp-json\/wp\/v2\/types\/post"}],"author":[{"embeddable":true,"href":"https:\/\/evertonfc.cz\/index.php\/wp-json\/wp\/v2\/users\/23"}],"replies":[{"embeddable":true,"href":"https:\/\/evertonfc.cz\/index.php\/wp-json\/wp\/v2\/comments?post=2126"}],"version-history":[{"count":2,"href":"https:\/\/evertonfc.cz\/index.php\/wp-json\/wp\/v2\/posts\/2126\/revisions"}],"predecessor-version":[{"id":2204,"href":"https:\/\/evertonfc.cz\/index.php\/wp-json\/wp\/v2\/posts\/2126\/revisions\/2204"}],"wp:featuredmedia":[{"embeddable":true,"href":"https:\/\/evertonfc.cz\/index.php\/wp-json\/wp\/v2\/media\/1313"}],"wp:attachment":[{"href":"https:\/\/evertonfc.cz\/index.php\/wp-json\/wp\/v2\/media?parent=2126"}],"wp:term":[{"taxonomy":"category","embeddable":true,"href":"https:\/\/evertonfc.cz\/index.php\/wp-json\/wp\/v2\/categories?post=2126"},{"taxonomy":"post_tag","embeddable":true,"href":"https:\/\/evertonfc.cz\/index.php\/wp-json\/wp\/v2\/tags?post=2126"}],"curies":[{"name":"wp","href":"https:\/\/api.w.org\/{rel}","templated":true}]}}