{"id":21275,"date":"2023-03-31T18:45:07","date_gmt":"2023-03-31T16:45:07","guid":{"rendered":"https:\/\/evertonfc.cz\/?p=21275"},"modified":"2023-04-21T18:10:48","modified_gmt":"2023-04-21T16:10:48","slug":"ferguson-by-fgr-pre-efc-neopustil","status":"publish","type":"post","link":"https:\/\/evertonfc.cz\/index.php\/2023\/03\/31\/ferguson-by-fgr-pre-efc-neopustil\/","title":{"rendered":"Ferguson by FGR pre EFC neopustil"},"content":{"rendered":"<h4>Hr\u00e1\u010dska legenda Goodison Parku u\u017e nejak\u00fd ten mesiac tr\u00e9nuje tre\u0165oligov\u00fd klub na chvoste League One. V najnov\u0161\u00edch rozhovoroch priznal, \u017ee by sa zl\u00e1ka\u0165 pre\u010d nenechal.<\/h4>\n<p>Ke\u010f sa povie Ferguson, v\u00e4\u010d\u0161ina futbalov\u00fdch fan\u00fa\u0161ikov m\u00e1 v\u00a0hlave okam\u017eit\u00fa asoci\u00e1ciu s\u00a0\u010derstv\u00fdm pr\u00edrastkom do Siene sl\u00e1vy Premier League, Sirom Alexom. Ak to priezvisko v\u0161ak po\u010duje Evertonian, b\u00fdval\u00e9ho mana\u017e\u00e9ra Red Devils si v\u00f4bec nepredstav\u00ed. V\u00a0modrom svete je synonymom Evertonu in\u00fd Ferguson, Duncan.<\/p>\n<p>V\u0161ade, kam pr\u00edde, nos\u00ed tento nezamenite\u013en\u00fd \u0160k\u00f3t svoj milovan\u00fd klub so sebou. M\u00e1 ho doslova vytetovan\u00fd na tele. A\u00a0kto vie, mo\u017eno k\u00a0nemu prirastie \u010dasom nov\u00e1 spolo\u010dnos\u0165. Ke\u010f ho e\u0161te za\u010diatkom febru\u00e1ra spovedal The Guardian, Big Dunc nevyl\u00fa\u010dil, \u017ee pri postupe s\u00a0Forest Green Rovers do Championship si sprav\u00ed nov\u00fa pamiatku.<\/p>\n<p><em>\u201eZ\u00e1chrana by mohla zariadi\u0165 tetovanie, ale ak sa dostaneme do Champioship, tak ur\u010dite. Zosta\u0165 v div\u00edzii by bolo pre n\u00e1s mas\u00edvne. Bude to \u0165a\u017ek\u00e1 po\u017eiadavka, ale m\u00f4\u017eeme to urobi\u0165. Snom majite\u013ea je dosta\u0165 sa do Championship. Viem, \u017ee sa to moment\u00e1lne zd\u00e1 by\u0165 \u010faleko, ale mus\u00edme sn\u00edva\u0165.&#8220;<\/em><\/p>\n<p>Na Merseyside str\u00e1vil ako hr\u00e1\u010d a\u00a0tr\u00e9ner dve dek\u00e1dy. Ale ako mana\u017e\u00e9rovi mu bolo dopriatych len p\u00e1r z\u00e1pasov v\u00a0poz\u00edcii do\u010dasnej n\u00e1hrady. Preto sa po konci minulej sez\u00f3ny rozhodol pre r\u00e1zny krok v\u00a0podobe odchodu. Sk\u00fasenosti z\u00a0vedenia t\u00edmy potrebuje z\u00a0prvej ruky. Nie \u013eavej, ani pravej. V\u00a0prvom rade z\u00a0vlastnej.<\/p>\n<h4><strong>Pon\u00fak nebolo m\u00e1lo<\/strong><\/h4>\n<p>Bol bl\u00edzko k\u00a0menovaniu v\u00a0Middlesbrough, \u010di Blackburne Rovers, kam s\u00e1m Ancelotti volal, aby dobr\u00e9ho priate\u013ea podr\u017eal a\u00a0podal osl\u0148uj\u00face odpor\u00fa\u010dania. Ale skuto\u010dn\u00fa d\u00f4veru na\u0161iel a\u017e o\u00a0\u00farove\u0148 ni\u017e\u0161ie, kde mu \u201evegetari\u00e1ni\u201c pon\u00fakli a\u017e p\u00e4\u0165ro\u010dn\u00fd kontrakt. To je v\u00a0tejto brand\u017ei na ostrovoch doslova nev\u00eddan\u00e9. On by sa v\u0161ak uspokojil aj s\u00a0krat\u0161\u00edm anga\u017em\u00e1nom, len by to muselo by\u0165 niekde inde. Doma. Tam to v\u0161ak prebral Lampard, ktor\u00fd medzi\u010dasom nedok\u00e1zal zv\u00fd\u0161i\u0165 \u0161tandard EFC na viac ako boj o\u00a0z\u00e1chranu.<\/p>\n<p><em>\u00a0\u201eMysl\u00edm si, \u017ee mali zv\u00e1\u017ei\u0165, \u017ee by som zobral t\u00edm a\u017e do konca sez\u00f3ny. Hovoril som to od prv\u00e9ho d\u0148a. St\u00e1le si mysl\u00edm, \u017ee to tak malo by\u0165. \u013dudia v brand\u017ei navrhovali, \u017ee by to bol pre nich najlep\u0161\u00ed krok, ale nakoniec si v\u017edy urobia veci po svojom a prajem im len \u0161\u0165astie. Hovoril som, \u017ee m\u00e1m najviac sk\u00fasenost\u00ed v krajine a m\u00f4j \u017eivotopis by bol lep\u0161\u00ed ako \u017eivotopis kohoko\u013evek v tejto f\u00e1ze mojej kari\u00e9ry, ke\u010f idem do m\u00f4jho prv\u00e9ho zamestnania. <\/em><em>Som presved\u010den\u00fd, \u017ee to m\u00f4\u017eem poveda\u0165. Pracoval som pod veden\u00edm dvoch v\u00ed\u0165azn\u00fdch mana\u017e\u00e9rov Ligy majstrov, belgick\u00e9ho n\u00e1rodn\u00e9ho mana\u017e\u00e9ra, holandsk\u00e9ho, mana\u017e\u00e9ra Barcelony a hlavn\u00fdch tr\u00e9nerov Realu Madrid. Je to nekone\u010dn\u00fd zoznam. V\u0161etky moje tr\u00e9nersk\u00e9 odznaky som urobil pred 10 rokmi. Prepracoval som sa cez syst\u00e9m akad\u00e9mie a vychoval som ve\u013ea mlad\u00fdch hr\u00e1\u010dov. Pre\u0161iel som si to \u0165a\u017ekou cestou, a\u00a0neobch\u00e1dzal skratkami. Ako teraz vid\u00edte, st\u00e1le si to neskracujem.\u201c<\/em><\/p>\n<h4><strong>Na Santiago Bernab\u00e9u uvid\u00edte Duncanove tr\u00e9ningy<\/strong><\/h4>\n<p>Vz\u0165ah medzi Ancelottim a\u00a0Fergusonom bol jedine\u010dn\u00fd. Obaja, spolo\u010dne so synom Davidom, re\u0161pektovali n\u00e1zory zdeden\u00e9ho \u0161k\u00f3tskeho asistenta, a\u00a0ostali v\u00a0kontakte aj po odchode talianskej enkl\u00e1vy z\u00a0L4. Ned\u00e1vno Ferguson dokonca nav\u0161t\u00edvil Madrid, kde s poctivo sledoval met\u00f3dy Ancelottiovcov vo ve\u013ekoklube.<\/p>\n<p><em>\u201eVidel som tam v\u0161etky svoje cvi\u010denia na ihrisku. On a jeho syn s\u00fa ako straky \u2013 ukradli v\u0161etky moje met\u00f3dy,\u201c<\/em> \u017eartuje Ferguson<em>. \u201eS Carlom som ve\u013ea spolupracoval. Je v pohode, pokojn\u00fd, rozhodn\u00fd, takticky je na tom ve\u013emi dobre. Pochytil som od neho nejak\u00e9 veci. Je najlep\u0161\u00edm mana\u017e\u00e9rom na svete, vyhral \u0161tyrikr\u00e1t Ligu majstrov. Nedotknute\u013en\u00fd.\u201c<\/em><\/p>\n<p>Pre inews.co.uk sa Dunc nechal po\u010du\u0165, \u017ee Ancelotti v \u0148om hne\u010f spoznal mana\u017e\u00e9rske kvality. Veril jeho \u00fasudku, a pokra\u010doval v nastolenej taktike \u0160k\u00f3tom, ktor\u00fd do\u010dasne prebral opraty po vyhadzove Portugalca Marca Silvu.<\/p>\n<p><em>\u201eTo preto, \u017ee som mu poriadne potriasol rukou, ke\u010f pri\u0161iel,\u201c <\/em>hovor\u00ed Ferguson s\u00a0humorom.<em> \u201eNastavil som to pre neho 4-4-2, v\u0161ak? S\u00a0Dominicom a Richarlisonom vpredu. Povedal mi: \u201aUrob\u00edm to ist\u00e9\u2018. Carlo priviedol svojho syna [asistent Davide] a povedal: \u201aDuncan, nech\u00e1me to mlad\u00fdch. Sadni si ved\u013ea m\u0148a. Vid\u00edm \u0165a ako mana\u017e\u00e9ra.\u2018 Mlad\u0161\u00ed to zvl\u00e1dli dobre, a ak som potreboval zakro\u010di\u0165, zakro\u010dil som.\u201c<\/em><\/p>\n<p>Ke\u010f sa Carlo pre dobro EFC omylom pripomenul Realu, a znenazdajky dostal ponuku, ktor\u00e1 sa neodmieta, chcel si ho zobra\u0165 so sebou do Madridu, ako s\u00fa\u010das\u0165 nov\u00e9ho tr\u00e9nersk\u00e9ho \u0161t\u00e1bu, ale Ferguson mal in\u00fd cie\u013e.<\/p>\n<p><em>\u201eMyslel som si, \u017ee m\u00e1m \u0161ancu na to uvo\u013enen\u00e9 miesto. C\u00edtil som, \u017ee by nevymenovali Rafu Beniteza kv\u00f4li spojeniu s Liverpoolom. Pochopil som ale, pre\u010do to urobili, je to jeden z najlep\u0161\u00edch tr\u00e9nerov na svete. No pozn\u00e1m klub. Pozn\u00e1m fan\u00fa\u0161ikov na ulici. Neexistovalo, \u017ee by mali Ben\u00edteza, aj keby vyhral ka\u017ed\u00fd z\u00e1pas. V\u017edy by to skon\u010dilo katastrofou.\u201c<\/em><\/p>\n<h4><strong>Futbal je o\u00a0tom istom na ka\u017edej \u00farovni<\/strong><\/h4>\n<p>V\u00a0podobnom duchu o\u00a0Evertone pokra\u010duje aj pri rozpr\u00e1van\u00ed pre Sky Sports. Aj tretia liga vie by\u0165 ne\u00faprosn\u00e1 ako t\u00e1 prv\u00e1, najv\u00e4\u010d\u0161\u00edm rozdielom s\u00fa peniaze a\u00a0\u0161t\u00edtok na ruk\u00e1ve. Boj o\u00a0z\u00e1chranu je v\u0161ak rovnako tvrd\u00fd v\u0161ade. V\u00fdzve sa v\u0161ak Dunc nebr\u00e1nil, najm\u00e4 pri ponuke, ktor\u00e1 priam sr\u0161ala d\u00f4verou v\u00a0jeho schopnosti.<\/p>\n<p><em>\u201eNie som si ist\u00fd, \u010di som potreboval presvied\u010da\u0165, ale ja a majite\u013e sme sa ur\u010dite potrebovali porozpr\u00e1va\u0165 o tom, kam klub smeruje a \u010do vid\u00ed ako v\u00edziu klubu. Je zrejm\u00e9, \u017ee za posledn\u00e9 \u0161tyri alebo p\u00e4\u0165 rokov pre\u0161li dlh\u00fa cestu. Ke\u010f som s n\u00edm hovoril, hne\u010f sa mi p\u00e1\u010dil. Moje prv\u00e9 dojmy boli dobr\u00e9 a povedal mi, kam chce klub smerova\u0165. Pon\u00fakol mi dlhodob\u00fa zmluvu a to uk\u00e1zalo jeho d\u00f4veru vo m\u0148a.<\/em> <em>O\u010dividne n\u00e1m to moment\u00e1lne nejde pr\u00edli\u0161 dobre a mo\u017eno budeme musie\u0165 urobi\u0165 krok sp\u00e4\u0165, ale d\u00fafajme, \u017ee sa op\u00e4\u0165 pohneme dopredu. Chceme by\u0165 v Championship. To je cie\u013eom. Je to miesto, kde chceme by\u0165 a kde chcem by\u0165 aj ja ako tr\u00e9ner.\u201c<\/em><\/p>\n<p>Moment\u00e1lne je FGR st\u00e1le posledn\u00e9. No Fergusonovi sa uplynul\u00fd v\u00edkend kone\u010dne podarilo po prv\u00fd raz zv\u00ed\u0165azi\u0165. S\u00edce na desiaty pokus, ale nad druh\u00fdm celkom tabu\u013eky. Tri body na dom\u00e1cej p\u00f4de zobrali Sheffieldu Wednesday. Od z\u00e1chrany ich v\u0161ak st\u00e1le del\u00ed 11. Konkurencia je ale obrovsk\u00e1 a nov\u00e1\u010dikovsk\u00e9 zdroje minim\u00e1lne.<\/p>\n<h4><strong>D\u00f4veru treba splati\u0165<\/strong><\/h4>\n<p><em>\u201eMilujem Everton, ale som vo Forest Green. Majite\u013e vie, \u017ee dr\u017e\u00edm slovo, a povedal som mu, \u017ee nikam nep\u00f4jdem, pokia\u013e mi nepovie inak. A to je v\u0161etko. Nez\u00e1le\u017e\u00ed na tom, \u010di si po m\u0148a zajtra pr\u00edde Everton alebo bud\u00faci t\u00fd\u017ede\u0148 Real Madrid. Z tohto klubu neod\u00eddem. To je absol\u00fatny fakt. Uk\u00e1zal d\u00f4veru, \u017ee ma privedie do klubu a dal mi ve\u013ek\u00fa zmluvu. Preuk\u00e1zal mi t\u00fato lojalitu a ja mu t\u00fato lojalitu preuk\u00e1\u017eem sp\u00e4\u0165.\u201c<\/em><\/p>\n<p>Ot\u00e1zky oh\u013eadom n\u00e1vratu do EFC, \u010di pr\u00edpadnej nespravodlivosti a\u00a0opomenutia pred rokom v\u0161ak nie a\u00a0nie od\u00eds\u0165. V\u00a0tomto m\u00e1 ale Ferguson jasno, na klub nikdy ned\u00e1 dopusti\u0165. A\u00a0jedn\u00e9ho d\u0148a sa do\u0148 e\u0161te vr\u00e1ti, aby v\u0161etk\u00fdm uk\u00e1zal, \u010do dok\u00e1\u017ee, a\u00a0\u017ee mu v\u017edy i\u0161lo len o\u00a0jeho dobro. Napokon, b\u00fdval\u00ed hr\u00e1\u010di s\u00fa u\u00a0n\u00e1s v\u017edy \u00faspe\u0161nej\u0161\u00ed.<\/p>\n<p><em>\u201eZva\u017eovali ma. I\u0161iel som na pohovor. Myslel som si, \u017ee to dostanem. Pod\u013ea m\u0148a to i\u0161lo dobre, predseda [Bill Kenwright] mi povedal, \u017ee som si viedol skvele. Ale bohu\u017eia\u013e ne\u00faspe\u0161ne. Rovnak\u00e1 otrepan\u00e1 fr\u00e1za \u2013 sk\u00fasenosti. Bolo to sklamanie, preto\u017ee zjavne chcete by\u0165 mana\u017e\u00e9rom klubu, ktor\u00fd milujete, a c\u00edtil som, \u017ee si zasl\u00fa\u017eim dosta\u0165 \u0161ancu a dovies\u0165 t\u00edm a\u017e do konca sez\u00f3ny. Ale klub priviedol Franka Lamparda, mu\u017ea, ktor\u00e9ho si ve\u013emi v\u00e1\u017eim. A aby som bol spravodliv\u00fd, ust\u00e1lil lo\u010f a pomohol klubu vyhn\u00fa\u0165 sa zostupu.&#8220;<\/em><\/p>\n<p><em>\u201eBol som sklaman\u00fd, \u017ee som nedostal t\u00fa \u0161ancu, ale je to tak. Klub sa rozhodol a bolo to spr\u00e1vne. Ale na mojej strane som sa musel pohn\u00fa\u0165. <\/em><em>M\u00e1m za to, \u017ee Frank je jeden z najlep\u0161\u00edch, s ktor\u00fdmi som kedy pracoval. Bol \u00faplne fantastick\u00fd a jeho prezent\u00e1cie a sp\u00f4sob, ak\u00fdm hovoril s hr\u00e1\u010dmi, boli tie najlep\u0161ie, ak\u00e9 som kedy videl. Nikdy som nevidel chlapa nalia\u0165 svoje srdce a du\u0161u do klubu ako Frank. M\u00e1m ho r\u00e1d, hovor\u00edme spolu ka\u017ed\u00fd de\u0148. Dokonca ma chce pr\u00eds\u0165 nav\u0161t\u00edvi\u0165 sem do Forest Green a pozrie\u0165 si z\u00e1pas.\u201c<\/em><\/p>\n<h4>Mal aj tret\u00ed pokus?<\/h4>\n<p>Ke\u010f vyhodili aj Lamparda, Duncovo meno sa z\u00e1konite muselo objavi\u0165 aj tentoraz pri zozname mo\u017en\u00fdch kandid\u00e1tov na t\u00fa ist\u00fa rolu ako pred rokom. D\u00e9j\u00e0 vu. Angli\u010dan Sean Dyche (neskor\u0161\u00ed v\u00ed\u0165az a s\u00fa\u010dasn\u00fd mana\u017e\u00e9r) a Argent\u00edn\u010dan Marcelo Bielsa sa uk\u00e1zali ako popredn\u00ed kandid\u00e1ti bookmakerov, a Fergusona umiestnili ako tretieho favorita v porad\u00ed na z\u00e1chran\u00e1rsku \u00falohu. No na pohovore tentokr\u00e1t u\u017e nebol.<\/p>\n<p><em>\u201eOsobne som nemal rozhovory, nie. Ale mysl\u00edm, \u017ee v\u017edy bola \u0161anca, nie? \u0160anca, \u017ee som bol na zozname. Klub ide teraz in\u00fdm smerom, v\u0161ak? \u00daprimne, nem\u00f4\u017eem komentova\u0165, koho by som si vybral. Bolo to na klube, oni sa rozhodli. Tak ako to urobili so v\u0161etk\u00fdmi ostatn\u00fdmi mana\u017e\u00e9rmi a prajem im ve\u013ea \u0161\u0165astia. <\/em><em>O\u010dividne sledujem v\u00fdsledky aj teraz, a vyzer\u00e1 to tak, \u017ee Sean to \u0165ah\u00e1 spr\u00e1vnym smerom. Ch\u00e1pem, pre\u010do ho Everton oslovil. U\u017e si to za\u017eil a dok\u00e1zal to. M\u00e1 tie sk\u00fasenosti. Nastav\u00ed hr\u00e1\u010dov tak, ako to pova\u017euje za spr\u00e1vne. Dosiahol u\u017e nieko\u013eko dobr\u00fdch v\u00fdsledkov a som si ist\u00fd, \u017ee Everton bude t\u00fato sez\u00f3nu v bezpe\u010d\u00ed.\u201c<\/em><\/p>\n<p style=\"text-align: right;\"><span style=\"font-size: 8pt;\">(fotozdroj: inews.co.uk)<\/span><\/p>\n","protected":false},"excerpt":{"rendered":"<p>Hr\u00e1\u010dska legenda Goodison Parku u\u017e nejak\u00fd ten mesiac tr\u00e9nuje tre\u0165oligov\u00fd klub na chvoste League One. V\u00a0najnov\u0161\u00edch rozhovoroch priznal, \u017ee by sa zl\u00e1ka\u0165 pre\u010d nenechal.<\/p>\n","protected":false},"author":1,"featured_media":21276,"comment_status":"open","ping_status":"closed","sticky":false,"template":"","format":"standard","meta":{"_eb_attr":"","_monsterinsights_skip_tracking":false,"_monsterinsights_sitenote_active":false,"_monsterinsights_sitenote_note":"","_monsterinsights_sitenote_category":0,"footnotes":""},"categories":[1],"tags":[],"yoast_head":"<!-- This site is optimized with the Yoast SEO plugin v23.4 - https:\/\/yoast.com\/wordpress\/plugins\/seo\/ -->\n<title>Ferguson by FGR pre EFC neopustil - Official Czech &amp; Slovak Everton Supporters&#039; Club<\/title>\n<meta name=\"robots\" content=\"index, follow, max-snippet:-1, max-image-preview:large, max-video-preview:-1\" \/>\n<link rel=\"canonical\" href=\"https:\/\/evertonfc.cz\/index.php\/2023\/03\/31\/ferguson-by-fgr-pre-efc-neopustil\/\" \/>\n<meta property=\"og:locale\" content=\"cs_CZ\" \/>\n<meta property=\"og:type\" content=\"article\" \/>\n<meta property=\"og:title\" content=\"Ferguson by FGR pre EFC neopustil - Official Czech &amp; Slovak Everton Supporters&#039; Club\" \/>\n<meta property=\"og:description\" content=\"Hr\u00e1\u010dska legenda Goodison Parku u\u017e nejak\u00fd ten mesiac tr\u00e9nuje tre\u0165oligov\u00fd klub na chvoste League One. V\u00a0najnov\u0161\u00edch rozhovoroch priznal, \u017ee by sa zl\u00e1ka\u0165 pre\u010d nenechal.\" \/>\n<meta property=\"og:url\" content=\"https:\/\/evertonfc.cz\/index.php\/2023\/03\/31\/ferguson-by-fgr-pre-efc-neopustil\/\" \/>\n<meta property=\"og:site_name\" content=\"Official Czech &amp; Slovak Everton Supporters&#039; Club\" \/>\n<meta property=\"article:publisher\" content=\"https:\/\/www.facebook.com\/everton.fans.cz.sk\" \/>\n<meta property=\"article:published_time\" content=\"2023-03-31T16:45:07+00:00\" \/>\n<meta property=\"article:modified_time\" content=\"2023-04-21T16:10:48+00:00\" \/>\n<meta property=\"og:image\" content=\"https:\/\/evertonfc.cz\/wp-content\/uploads\/2023\/03\/Duncan-Ferguson-inews.co_.uk-30-3-2023.jpg\" \/>\n\t<meta property=\"og:image:width\" content=\"720\" \/>\n\t<meta property=\"og:image:height\" content=\"405\" \/>\n\t<meta property=\"og:image:type\" content=\"image\/jpeg\" \/>\n<meta name=\"author\" content=\"BlueBlooded\" \/>\n<meta name=\"twitter:card\" content=\"summary_large_image\" \/>\n<meta name=\"twitter:label1\" content=\"Napsal(a)\" \/>\n\t<meta name=\"twitter:data1\" content=\"BlueBlooded\" \/>\n\t<meta name=\"twitter:label2\" content=\"Odhadovan\u00e1 doba \u010dten\u00ed\" \/>\n\t<meta name=\"twitter:data2\" content=\"8 minut\" \/>\n<script type=\"application\/ld+json\" class=\"yoast-schema-graph\">{\"@context\":\"https:\/\/schema.org\",\"@graph\":[{\"@type\":\"Article\",\"@id\":\"https:\/\/evertonfc.cz\/index.php\/2023\/03\/31\/ferguson-by-fgr-pre-efc-neopustil\/#article\",\"isPartOf\":{\"@id\":\"https:\/\/evertonfc.cz\/index.php\/2023\/03\/31\/ferguson-by-fgr-pre-efc-neopustil\/\"},\"author\":{\"name\":\"BlueBlooded\",\"@id\":\"https:\/\/evertonfc.cz\/#\/schema\/person\/d4493b8cbea51532597fbc4685698916\"},\"headline\":\"Ferguson by FGR pre EFC neopustil\",\"datePublished\":\"2023-03-31T16:45:07+00:00\",\"dateModified\":\"2023-04-21T16:10:48+00:00\",\"mainEntityOfPage\":{\"@id\":\"https:\/\/evertonfc.cz\/index.php\/2023\/03\/31\/ferguson-by-fgr-pre-efc-neopustil\/\"},\"wordCount\":1807,\"commentCount\":4,\"publisher\":{\"@id\":\"https:\/\/evertonfc.cz\/#organization\"},\"image\":{\"@id\":\"https:\/\/evertonfc.cz\/index.php\/2023\/03\/31\/ferguson-by-fgr-pre-efc-neopustil\/#primaryimage\"},\"thumbnailUrl\":\"https:\/\/evertonfc.cz\/wp-content\/uploads\/2023\/03\/Duncan-Ferguson-inews.co_.uk-30-3-2023.jpg\",\"articleSection\":[\"Rozhovory\"],\"inLanguage\":\"cs\",\"potentialAction\":[{\"@type\":\"CommentAction\",\"name\":\"Comment\",\"target\":[\"https:\/\/evertonfc.cz\/index.php\/2023\/03\/31\/ferguson-by-fgr-pre-efc-neopustil\/#respond\"]}]},{\"@type\":\"WebPage\",\"@id\":\"https:\/\/evertonfc.cz\/index.php\/2023\/03\/31\/ferguson-by-fgr-pre-efc-neopustil\/\",\"url\":\"https:\/\/evertonfc.cz\/index.php\/2023\/03\/31\/ferguson-by-fgr-pre-efc-neopustil\/\",\"name\":\"Ferguson by FGR pre EFC neopustil - Official Czech &amp; Slovak Everton Supporters&#039; Club\",\"isPartOf\":{\"@id\":\"https:\/\/evertonfc.cz\/#website\"},\"primaryImageOfPage\":{\"@id\":\"https:\/\/evertonfc.cz\/index.php\/2023\/03\/31\/ferguson-by-fgr-pre-efc-neopustil\/#primaryimage\"},\"image\":{\"@id\":\"https:\/\/evertonfc.cz\/index.php\/2023\/03\/31\/ferguson-by-fgr-pre-efc-neopustil\/#primaryimage\"},\"thumbnailUrl\":\"https:\/\/evertonfc.cz\/wp-content\/uploads\/2023\/03\/Duncan-Ferguson-inews.co_.uk-30-3-2023.jpg\",\"datePublished\":\"2023-03-31T16:45:07+00:00\",\"dateModified\":\"2023-04-21T16:10:48+00:00\",\"breadcrumb\":{\"@id\":\"https:\/\/evertonfc.cz\/index.php\/2023\/03\/31\/ferguson-by-fgr-pre-efc-neopustil\/#breadcrumb\"},\"inLanguage\":\"cs\",\"potentialAction\":[{\"@type\":\"ReadAction\",\"target\":[\"https:\/\/evertonfc.cz\/index.php\/2023\/03\/31\/ferguson-by-fgr-pre-efc-neopustil\/\"]}]},{\"@type\":\"ImageObject\",\"inLanguage\":\"cs\",\"@id\":\"https:\/\/evertonfc.cz\/index.php\/2023\/03\/31\/ferguson-by-fgr-pre-efc-neopustil\/#primaryimage\",\"url\":\"https:\/\/evertonfc.cz\/wp-content\/uploads\/2023\/03\/Duncan-Ferguson-inews.co_.uk-30-3-2023.jpg\",\"contentUrl\":\"https:\/\/evertonfc.cz\/wp-content\/uploads\/2023\/03\/Duncan-Ferguson-inews.co_.uk-30-3-2023.jpg\",\"width\":720,\"height\":405},{\"@type\":\"BreadcrumbList\",\"@id\":\"https:\/\/evertonfc.cz\/index.php\/2023\/03\/31\/ferguson-by-fgr-pre-efc-neopustil\/#breadcrumb\",\"itemListElement\":[{\"@type\":\"ListItem\",\"position\":1,\"name\":\"Home\",\"item\":\"https:\/\/evertonfc.cz\/\"},{\"@type\":\"ListItem\",\"position\":2,\"name\":\"Ferguson by FGR pre EFC neopustil\"}]},{\"@type\":\"WebSite\",\"@id\":\"https:\/\/evertonfc.cz\/#website\",\"url\":\"https:\/\/evertonfc.cz\/\",\"name\":\"Official Czech &amp; Slovak Everton Supporters&#039; Club\",\"description\":\"\",\"publisher\":{\"@id\":\"https:\/\/evertonfc.cz\/#organization\"},\"potentialAction\":[{\"@type\":\"SearchAction\",\"target\":{\"@type\":\"EntryPoint\",\"urlTemplate\":\"https:\/\/evertonfc.cz\/?s={search_term_string}\"},\"query-input\":{\"@type\":\"PropertyValueSpecification\",\"valueRequired\":true,\"valueName\":\"search_term_string\"}}],\"inLanguage\":\"cs\"},{\"@type\":\"Organization\",\"@id\":\"https:\/\/evertonfc.cz\/#organization\",\"name\":\"Official Czech & Slovak Everton Supporters' Club\",\"url\":\"https:\/\/evertonfc.cz\/\",\"logo\":{\"@type\":\"ImageObject\",\"inLanguage\":\"cs\",\"@id\":\"https:\/\/evertonfc.cz\/#\/schema\/logo\/image\/\",\"url\":\"https:\/\/evertonfc.cz\/wp-content\/uploads\/2019\/05\/logo.png\",\"contentUrl\":\"https:\/\/evertonfc.cz\/wp-content\/uploads\/2019\/05\/logo.png\",\"width\":112,\"height\":112,\"caption\":\"Official Czech & Slovak Everton Supporters' Club\"},\"image\":{\"@id\":\"https:\/\/evertonfc.cz\/#\/schema\/logo\/image\/\"},\"sameAs\":[\"https:\/\/www.facebook.com\/everton.fans.cz.sk\"]},{\"@type\":\"Person\",\"@id\":\"https:\/\/evertonfc.cz\/#\/schema\/person\/d4493b8cbea51532597fbc4685698916\",\"name\":\"BlueBlooded\",\"url\":\"https:\/\/evertonfc.cz\/index.php\/author\/admin\/\"}]}<\/script>\n<!-- \/ Yoast SEO plugin. -->","yoast_head_json":{"title":"Ferguson by FGR pre EFC neopustil - Official Czech &amp; Slovak Everton Supporters&#039; Club","robots":{"index":"index","follow":"follow","max-snippet":"max-snippet:-1","max-image-preview":"max-image-preview:large","max-video-preview":"max-video-preview:-1"},"canonical":"https:\/\/evertonfc.cz\/index.php\/2023\/03\/31\/ferguson-by-fgr-pre-efc-neopustil\/","og_locale":"cs_CZ","og_type":"article","og_title":"Ferguson by FGR pre EFC neopustil - Official Czech &amp; Slovak Everton Supporters&#039; Club","og_description":"Hr\u00e1\u010dska legenda Goodison Parku u\u017e nejak\u00fd ten mesiac tr\u00e9nuje tre\u0165oligov\u00fd klub na chvoste League One. V\u00a0najnov\u0161\u00edch rozhovoroch priznal, \u017ee by sa zl\u00e1ka\u0165 pre\u010d nenechal.","og_url":"https:\/\/evertonfc.cz\/index.php\/2023\/03\/31\/ferguson-by-fgr-pre-efc-neopustil\/","og_site_name":"Official Czech &amp; Slovak Everton Supporters&#039; Club","article_publisher":"https:\/\/www.facebook.com\/everton.fans.cz.sk","article_published_time":"2023-03-31T16:45:07+00:00","article_modified_time":"2023-04-21T16:10:48+00:00","og_image":[{"width":720,"height":405,"url":"https:\/\/evertonfc.cz\/wp-content\/uploads\/2023\/03\/Duncan-Ferguson-inews.co_.uk-30-3-2023.jpg","type":"image\/jpeg"}],"author":"BlueBlooded","twitter_card":"summary_large_image","twitter_misc":{"Napsal(a)":"BlueBlooded","Odhadovan\u00e1 doba \u010dten\u00ed":"8 minut"},"schema":{"@context":"https:\/\/schema.org","@graph":[{"@type":"Article","@id":"https:\/\/evertonfc.cz\/index.php\/2023\/03\/31\/ferguson-by-fgr-pre-efc-neopustil\/#article","isPartOf":{"@id":"https:\/\/evertonfc.cz\/index.php\/2023\/03\/31\/ferguson-by-fgr-pre-efc-neopustil\/"},"author":{"name":"BlueBlooded","@id":"https:\/\/evertonfc.cz\/#\/schema\/person\/d4493b8cbea51532597fbc4685698916"},"headline":"Ferguson by FGR pre EFC neopustil","datePublished":"2023-03-31T16:45:07+00:00","dateModified":"2023-04-21T16:10:48+00:00","mainEntityOfPage":{"@id":"https:\/\/evertonfc.cz\/index.php\/2023\/03\/31\/ferguson-by-fgr-pre-efc-neopustil\/"},"wordCount":1807,"commentCount":4,"publisher":{"@id":"https:\/\/evertonfc.cz\/#organization"},"image":{"@id":"https:\/\/evertonfc.cz\/index.php\/2023\/03\/31\/ferguson-by-fgr-pre-efc-neopustil\/#primaryimage"},"thumbnailUrl":"https:\/\/evertonfc.cz\/wp-content\/uploads\/2023\/03\/Duncan-Ferguson-inews.co_.uk-30-3-2023.jpg","articleSection":["Rozhovory"],"inLanguage":"cs","potentialAction":[{"@type":"CommentAction","name":"Comment","target":["https:\/\/evertonfc.cz\/index.php\/2023\/03\/31\/ferguson-by-fgr-pre-efc-neopustil\/#respond"]}]},{"@type":"WebPage","@id":"https:\/\/evertonfc.cz\/index.php\/2023\/03\/31\/ferguson-by-fgr-pre-efc-neopustil\/","url":"https:\/\/evertonfc.cz\/index.php\/2023\/03\/31\/ferguson-by-fgr-pre-efc-neopustil\/","name":"Ferguson by FGR pre EFC neopustil - Official Czech &amp; Slovak Everton Supporters&#039; Club","isPartOf":{"@id":"https:\/\/evertonfc.cz\/#website"},"primaryImageOfPage":{"@id":"https:\/\/evertonfc.cz\/index.php\/2023\/03\/31\/ferguson-by-fgr-pre-efc-neopustil\/#primaryimage"},"image":{"@id":"https:\/\/evertonfc.cz\/index.php\/2023\/03\/31\/ferguson-by-fgr-pre-efc-neopustil\/#primaryimage"},"thumbnailUrl":"https:\/\/evertonfc.cz\/wp-content\/uploads\/2023\/03\/Duncan-Ferguson-inews.co_.uk-30-3-2023.jpg","datePublished":"2023-03-31T16:45:07+00:00","dateModified":"2023-04-21T16:10:48+00:00","breadcrumb":{"@id":"https:\/\/evertonfc.cz\/index.php\/2023\/03\/31\/ferguson-by-fgr-pre-efc-neopustil\/#breadcrumb"},"inLanguage":"cs","potentialAction":[{"@type":"ReadAction","target":["https:\/\/evertonfc.cz\/index.php\/2023\/03\/31\/ferguson-by-fgr-pre-efc-neopustil\/"]}]},{"@type":"ImageObject","inLanguage":"cs","@id":"https:\/\/evertonfc.cz\/index.php\/2023\/03\/31\/ferguson-by-fgr-pre-efc-neopustil\/#primaryimage","url":"https:\/\/evertonfc.cz\/wp-content\/uploads\/2023\/03\/Duncan-Ferguson-inews.co_.uk-30-3-2023.jpg","contentUrl":"https:\/\/evertonfc.cz\/wp-content\/uploads\/2023\/03\/Duncan-Ferguson-inews.co_.uk-30-3-2023.jpg","width":720,"height":405},{"@type":"BreadcrumbList","@id":"https:\/\/evertonfc.cz\/index.php\/2023\/03\/31\/ferguson-by-fgr-pre-efc-neopustil\/#breadcrumb","itemListElement":[{"@type":"ListItem","position":1,"name":"Home","item":"https:\/\/evertonfc.cz\/"},{"@type":"ListItem","position":2,"name":"Ferguson by FGR pre EFC neopustil"}]},{"@type":"WebSite","@id":"https:\/\/evertonfc.cz\/#website","url":"https:\/\/evertonfc.cz\/","name":"Official Czech &amp; Slovak Everton Supporters&#039; Club","description":"","publisher":{"@id":"https:\/\/evertonfc.cz\/#organization"},"potentialAction":[{"@type":"SearchAction","target":{"@type":"EntryPoint","urlTemplate":"https:\/\/evertonfc.cz\/?s={search_term_string}"},"query-input":{"@type":"PropertyValueSpecification","valueRequired":true,"valueName":"search_term_string"}}],"inLanguage":"cs"},{"@type":"Organization","@id":"https:\/\/evertonfc.cz\/#organization","name":"Official Czech & Slovak Everton Supporters' Club","url":"https:\/\/evertonfc.cz\/","logo":{"@type":"ImageObject","inLanguage":"cs","@id":"https:\/\/evertonfc.cz\/#\/schema\/logo\/image\/","url":"https:\/\/evertonfc.cz\/wp-content\/uploads\/2019\/05\/logo.png","contentUrl":"https:\/\/evertonfc.cz\/wp-content\/uploads\/2019\/05\/logo.png","width":112,"height":112,"caption":"Official Czech & Slovak Everton Supporters' Club"},"image":{"@id":"https:\/\/evertonfc.cz\/#\/schema\/logo\/image\/"},"sameAs":["https:\/\/www.facebook.com\/everton.fans.cz.sk"]},{"@type":"Person","@id":"https:\/\/evertonfc.cz\/#\/schema\/person\/d4493b8cbea51532597fbc4685698916","name":"BlueBlooded","url":"https:\/\/evertonfc.cz\/index.php\/author\/admin\/"}]}},"_links":{"self":[{"href":"https:\/\/evertonfc.cz\/index.php\/wp-json\/wp\/v2\/posts\/21275"}],"collection":[{"href":"https:\/\/evertonfc.cz\/index.php\/wp-json\/wp\/v2\/posts"}],"about":[{"href":"https:\/\/evertonfc.cz\/index.php\/wp-json\/wp\/v2\/types\/post"}],"author":[{"embeddable":true,"href":"https:\/\/evertonfc.cz\/index.php\/wp-json\/wp\/v2\/users\/1"}],"replies":[{"embeddable":true,"href":"https:\/\/evertonfc.cz\/index.php\/wp-json\/wp\/v2\/comments?post=21275"}],"version-history":[{"count":24,"href":"https:\/\/evertonfc.cz\/index.php\/wp-json\/wp\/v2\/posts\/21275\/revisions"}],"predecessor-version":[{"id":21301,"href":"https:\/\/evertonfc.cz\/index.php\/wp-json\/wp\/v2\/posts\/21275\/revisions\/21301"}],"wp:featuredmedia":[{"embeddable":true,"href":"https:\/\/evertonfc.cz\/index.php\/wp-json\/wp\/v2\/media\/21276"}],"wp:attachment":[{"href":"https:\/\/evertonfc.cz\/index.php\/wp-json\/wp\/v2\/media?parent=21275"}],"wp:term":[{"taxonomy":"category","embeddable":true,"href":"https:\/\/evertonfc.cz\/index.php\/wp-json\/wp\/v2\/categories?post=21275"},{"taxonomy":"post_tag","embeddable":true,"href":"https:\/\/evertonfc.cz\/index.php\/wp-json\/wp\/v2\/tags?post=21275"}],"curies":[{"name":"wp","href":"https:\/\/api.w.org\/{rel}","templated":true}]}}