{"id":2128,"date":"2018-04-27T13:02:30","date_gmt":"2018-04-27T11:02:30","guid":{"rendered":"http:\/\/evertonfc.cz\/?p=2128"},"modified":"2019-02-01T13:03:37","modified_gmt":"2019-02-01T12:03:37","slug":"preview-huddersfield-town-everton-2","status":"publish","type":"post","link":"https:\/\/evertonfc.cz\/index.php\/2018\/04\/27\/preview-huddersfield-town-everton-2\/","title":{"rendered":"Preview: Huddersfield Town &#8211; Everton"},"content":{"rendered":"\n<h4 class=\"wp-block-heading\">Huddersfieldem to za\u010dalo a\u2026 Huddersfieldem to neskon\u010d\u00ed. Sam Allardyce i po \u010dtvrte\u010dn\u00ed sch\u016fzce s Farhadem Moshirim, vlastn\u00edkem nejv\u011bt\u0161\u00edho pod\u00edlu v Evertonu, setrv\u00e1 v pozici mana\u017eera. A nav\u00edc podle sv\u00fdch slov z\u016fstane i po konci aktu\u00e1ln\u00ed sez\u00f3ny.<\/h4>\n\n\n\n<p>Moshiri v pond\u011bl\u00ed po del\u0161\u00ed dob\u011b nav\u0161t\u00edvil Goodison Park a po boku p\u0159edsedy Billa Kenwrighta sledoval v\u00edt\u011bzn\u00e9 utk\u00e1n\u00ed nad Newcastlem. Toffees b\u011bhem cel\u00fdch 90 minut pouze jednou vyst\u0159elili na br\u00e1nu, p\u0159esto to sta\u010dilo, aby zdolali slab\u00e9ho soupe\u0159e.<\/p>\n\n\n\n<p>Allardyce tak zaknihoval osmou ligovou v\u00fdhru z 20 z\u00e1pas\u016f na lavi\u010dce Evertonu. Pod jeho veden\u00edm se mu\u017estvo vy\u0161plhalo z 13. m\u00edsta na osm\u00e9 (nikoliv z 18. m\u00edsta, jak se sna\u017e\u00ed chybn\u011b namluvit n\u011bkter\u00e1 m\u00e9dia v\u010detn\u011b BBC, Allardyce opravdu p\u0159evzal Everton a\u017e po utk\u00e1n\u00ed s West Hamem a poprv\u00e9 ho vedl 2. prosince v&nbsp;dom\u00e1c\u00edch v\u00edt\u011bzn\u00e9m souboji s&nbsp;Huddersfieldem).<\/p>\n\n\n\n<p>Posun o p\u011bt p\u0159\u00ed\u010dek vzh\u016fru s\u00e1m o sob\u011b nen\u00ed \u0161patn\u00fd, v\u011bt\u0161ina fanou\u0161k\u016f se ale nedok\u00e1\u017ee sm\u00ed\u0159it s Allardyceovou defenzivn\u00ed a\u017e neambici\u00f3zn\u00ed filozofi\u00ed, kterou by mohlo reflektovat p\u0159\u00edslov\u00ed &#8222;Lep\u0161\u00ed vrabec v hrsti ne\u017eli holub na st\u0159e\u0161e&#8220;. Jen\u017ee klubov\u00e9 motto hl\u00e1s\u00e1 &#8222;Nil satis nisi optimum (Jenom to nejlep\u0161\u00ed je dost dobr\u00e9)&#8220;, a tak n\u00e1ro\u010dn\u00ed Evertonians volaj\u00ed po snaze vyhr\u00e1vat ka\u017ed\u00fd z\u00e1pas a ne br\u00e1nit rem\u00edzu ve st\u0159etnut\u00ed se Swansea. A kdy\u017e ji\u017e vyhr\u00e1vat, potom d\u00edky atraktivn\u00edmu a riskantn\u00edmu stylu hry, ne po jedn\u00e9 st\u0159ele na br\u00e1nu jako ve st\u0159etnut\u00ed s Newcastlem.<\/p>\n\n\n\n<p>Jestli\u017ee navrch Allardyce tyto kritizovan\u00e9 v\u00fdkony chv\u00e1l\u00ed, hn\u011bv fanou\u0161k\u016f nebere konce a s\u00edl\u00ed hlasy po\u017eaduj\u00edc\u00ed jeho odvol\u00e1n\u00ed.<\/p>\n\n\n\n<p>Allardyce ov\u0161em tyto hlasy odbyl na dne\u0161n\u00ed p\u0159edz\u00e1pasov\u00e9 tiskov\u00e9 konferenci, na n\u00ed\u017e na z\u00e1klad\u011b sch\u016fzky s Moshirim ujistil o sv\u00e9m pokra\u010dov\u00e1n\u00ed v Evertonu i po konci aktu\u00e1ln\u00ed sez\u00f3ny. Jeliko\u017e ale Mo\u0161\u00edr\u00ed ani nikdo jin\u00fd z&nbsp;veden\u00ed klubu zpr\u00e1vu ofici\u00e1ln\u011b nepotvrdil, ot\u00e1zka obsazen\u00ed mana\u017eera pro p\u0159\u00ed\u0161t\u00ed sez\u00f3nu z\u016fst\u00e1v\u00e1 nad\u00e1le nezodpov\u011bzena.<\/p>\n\n\n\n<p>Do\u010dasnou pozornost tak na sebe strh\u00e1v\u00e1 ligov\u00e9 kl\u00e1n\u00ed s Huddersfieldem. Everton cestuje do hrabstv\u00ed Yorkshire jako osm\u00fd celek tabulky, co\u017e je vzhledem k pr\u016fb\u011bhu leto\u0161n\u00ed sez\u00f3ny men\u0161\u00edm z\u00e1zrakem. Udr\u017eet sou\u010dasnou pozici i po fin\u00e1ln\u00edm 38. kole by znamenalo \u00fasp\u011bch.<\/p>\n\n\n\n<p>Allardyce posledn\u00ed dobou nem\u00e1 ve zvyku p\u0159\u00edli\u0161 zasahovat do z\u00e1kladn\u00ed sestavy, nab\u00edz\u00ed se snad pouze \u0161ance pro Funese Moriho, sn\u00edc\u00edho o nominaci na mistrovstv\u00ed sv\u011bta. Je v\u0161ak mo\u017en\u00e9, \u017ee pozm\u011bnit startuj\u00edc\u00ed jeden\u00e1ctku nakonec bude nevyhnuteln\u00e9, proto\u017ee Bainese a Schneiderlina tr\u00e1p\u00ed men\u0161\u00ed zdravotn\u00ed pot\u00ed\u017ee a o jejich vyu\u017eit\u00ed se rozhodne a\u017e v sobotu p\u0159ed v\u00fdkopem. \u010cerstv\u00e9 zdravotn\u00ed probl\u00e9my postihly rovn\u011b\u017e Calverta-Lewina, podle nepotvrzen\u00fdch spekulac\u00ed ho tr\u00e1p\u00ed \u00fanavov\u00e1 zlomenina obratle a bude muset vynechat zbyl\u00e9 t\u0159i kola sez\u00f3ny. Z dlouhodob\u00fdch marod\u016f za\u010dali s lehk\u00fdm tr\u00e9nink Holgate se Sigurdssonem, stihnout&nbsp;by mohli aspo\u0148 z\u00e1v\u011bre\u010dn\u00fd duel sez\u00f3ny. Mangala i McCarthy si od fotbalu je\u0161t\u011b n\u011bjak\u00fd \u010das odpo\u010dinou.<\/p>\n\n\n\n<p>Toffees v leto\u0161n\u00ed Premier League por\u00e1\u017e\u00ed pouze h\u016f\u0159e postaven\u00e9 t\u00fdmy (celkov\u011b 12 v\u00fdher). Jejich nejbli\u017e\u0161\u00ed protivn\u00edk se nach\u00e1z\u00ed na 16. m\u00edst\u011b s \u0161estibodov\u00fdm n\u00e1skokem na sestupovou z\u00f3ny. Nov\u00e1\u010dka z Huddersfieldu je\u0161t\u011b \u010dekaj\u00ed \u010dty\u0159i utk\u00e1n\u00ed a od k\u00fd\u017een\u00e9 a p\u0159ekvapiv\u00e9 z\u00e1chrany ho nejsp\u00ed\u0161e d\u011bl\u00ed u\u017e jenom jedna v\u00fdhra.<\/p>\n\n\n\n<p>Sv\u011b\u0159enci Davida Wagnera vyt\u011b\u017eili z posledn\u00edch osmi z\u00e1pas\u016f 11 bod\u016f a odvr\u00e1tili propad tabulkou, je\u017e zap\u0159\u00ed\u010dinila t\u011b\u017ek\u00e1 krize po Nov\u00e9m roku. Slabina Huddersfieldu v\u011bz\u00ed v \u00fato\u010dn\u00e9 h\u0159e, z ligov\u00fdch t\u00fdm\u016f nast\u0159\u00edlel nejm\u00e9n\u011b branek (27) a na dom\u00e1c\u00ed p\u016fd\u011b vy\u0161el st\u0159elecky napr\u00e1zdno hned v \u0161esti p\u0159\u00edpadech.<\/p>\n\n\n\n<p>Terriers postr\u00e1daj\u00ed zran\u011bn\u00e9 Hefeleho, Williamse, Kachungu a Inceho. Zejm\u00e9na ztr\u00e1ta posledn\u011b jmenovan\u00e9ho m\u016f\u017ee p\u0159edstavovat komplikaci, syn b\u00fdval\u00e9ho anglick\u00e9ho reprezentanta se \u0159ad\u00ed k \u00fato\u010dn\u00fdm opor\u00e1m mu\u017estva.<\/p>\n\n\n\n<p>Utk\u00e1n\u00ed vys\u00edl\u00e1 stanice Digi sport 1 ze z\u00e1znamu od 20:30.<\/p>\n\n\n\n<p><strong>Co:<\/strong>&nbsp;Huddersfield Town AFC &#8211; Everton FC, 35. kolo Premier League<br><strong>Kdy:&nbsp;<\/strong>28. 04. 2018 od 16:00 SE\u010c<br><strong>Kde:<\/strong>&nbsp;Kirklees Stadium, Stadium Way, Huddersfield (kapacita: 24 121)<br><strong>Rozhod\u010d\u00ed:<\/strong>&nbsp;Lee Probert<\/p>\n","protected":false},"excerpt":{"rendered":"<p>Huddersfieldem to za\u010dalo a\u2026 Huddersfieldem to neskon\u010d\u00ed. Sam Allardyce i po \u010dtvrte\u010dn\u00ed sch\u016fzce s Farhadem Moshirim, vlastn\u00edkem nejv\u011bt\u0161\u00edho pod\u00edlu v&hellip;<\/p>\n","protected":false},"author":6,"featured_media":1314,"comment_status":"open","ping_status":"closed","sticky":false,"template":"","format":"standard","meta":{"_eb_attr":"","_monsterinsights_skip_tracking":false,"_monsterinsights_sitenote_active":false,"_monsterinsights_sitenote_note":"","_monsterinsights_sitenote_category":0,"footnotes":""},"categories":[4],"tags":[],"yoast_head":"<!-- This site is optimized with the Yoast SEO plugin v23.4 - https:\/\/yoast.com\/wordpress\/plugins\/seo\/ -->\n<title>Preview: Huddersfield Town - Everton - Official Czech &amp; Slovak Everton Supporters&#039; Club<\/title>\n<meta name=\"robots\" content=\"index, follow, max-snippet:-1, max-image-preview:large, max-video-preview:-1\" \/>\n<link rel=\"canonical\" href=\"https:\/\/evertonfc.cz\/index.php\/2018\/04\/27\/preview-huddersfield-town-everton-2\/\" \/>\n<meta property=\"og:locale\" content=\"cs_CZ\" \/>\n<meta property=\"og:type\" content=\"article\" \/>\n<meta property=\"og:title\" content=\"Preview: Huddersfield Town - Everton - Official Czech &amp; Slovak Everton Supporters&#039; Club\" \/>\n<meta property=\"og:description\" content=\"Huddersfieldem to za\u010dalo a\u2026 Huddersfieldem to neskon\u010d\u00ed. Sam Allardyce i po \u010dtvrte\u010dn\u00ed sch\u016fzce s Farhadem Moshirim, vlastn\u00edkem nejv\u011bt\u0161\u00edho pod\u00edlu v&hellip;\" \/>\n<meta property=\"og:url\" content=\"https:\/\/evertonfc.cz\/index.php\/2018\/04\/27\/preview-huddersfield-town-everton-2\/\" \/>\n<meta property=\"og:site_name\" content=\"Official Czech &amp; Slovak Everton Supporters&#039; Club\" \/>\n<meta property=\"article:publisher\" content=\"https:\/\/www.facebook.com\/everton.fans.cz.sk\" \/>\n<meta property=\"article:published_time\" content=\"2018-04-27T11:02:30+00:00\" \/>\n<meta property=\"article:modified_time\" content=\"2019-02-01T12:03:37+00:00\" \/>\n<meta property=\"og:image\" content=\"https:\/\/evertonfc.cz\/wp-content\/uploads\/2019\/01\/preview.jpg\" \/>\n\t<meta property=\"og:image:width\" content=\"720\" \/>\n\t<meta property=\"og:image:height\" content=\"405\" \/>\n\t<meta property=\"og:image:type\" content=\"image\/jpeg\" \/>\n<meta name=\"author\" content=\"Ri\u010di\" \/>\n<meta name=\"twitter:card\" content=\"summary_large_image\" \/>\n<meta name=\"twitter:creator\" content=\"@rbrejsa\" \/>\n<meta name=\"twitter:label1\" content=\"Napsal(a)\" \/>\n\t<meta name=\"twitter:data1\" content=\"Ri\u010di\" \/>\n\t<meta name=\"twitter:label2\" content=\"Odhadovan\u00e1 doba \u010dten\u00ed\" \/>\n\t<meta name=\"twitter:data2\" content=\"4 minuty\" \/>\n<script type=\"application\/ld+json\" class=\"yoast-schema-graph\">{\"@context\":\"https:\/\/schema.org\",\"@graph\":[{\"@type\":\"Article\",\"@id\":\"https:\/\/evertonfc.cz\/index.php\/2018\/04\/27\/preview-huddersfield-town-everton-2\/#article\",\"isPartOf\":{\"@id\":\"https:\/\/evertonfc.cz\/index.php\/2018\/04\/27\/preview-huddersfield-town-everton-2\/\"},\"author\":{\"name\":\"Ri\u010di\",\"@id\":\"https:\/\/evertonfc.cz\/#\/schema\/person\/f7a5daedb2ffee98480bc70e191aaef1\"},\"headline\":\"Preview: Huddersfield Town &#8211; Everton\",\"datePublished\":\"2018-04-27T11:02:30+00:00\",\"dateModified\":\"2019-02-01T12:03:37+00:00\",\"mainEntityOfPage\":{\"@id\":\"https:\/\/evertonfc.cz\/index.php\/2018\/04\/27\/preview-huddersfield-town-everton-2\/\"},\"wordCount\":792,\"commentCount\":0,\"publisher\":{\"@id\":\"https:\/\/evertonfc.cz\/#organization\"},\"image\":{\"@id\":\"https:\/\/evertonfc.cz\/index.php\/2018\/04\/27\/preview-huddersfield-town-everton-2\/#primaryimage\"},\"thumbnailUrl\":\"https:\/\/evertonfc.cz\/wp-content\/uploads\/2019\/01\/preview.jpg\",\"articleSection\":[\"Z\u00e1pasy\"],\"inLanguage\":\"cs\",\"potentialAction\":[{\"@type\":\"CommentAction\",\"name\":\"Comment\",\"target\":[\"https:\/\/evertonfc.cz\/index.php\/2018\/04\/27\/preview-huddersfield-town-everton-2\/#respond\"]}]},{\"@type\":\"WebPage\",\"@id\":\"https:\/\/evertonfc.cz\/index.php\/2018\/04\/27\/preview-huddersfield-town-everton-2\/\",\"url\":\"https:\/\/evertonfc.cz\/index.php\/2018\/04\/27\/preview-huddersfield-town-everton-2\/\",\"name\":\"Preview: Huddersfield Town - Everton - Official Czech &amp; Slovak Everton Supporters&#039; Club\",\"isPartOf\":{\"@id\":\"https:\/\/evertonfc.cz\/#website\"},\"primaryImageOfPage\":{\"@id\":\"https:\/\/evertonfc.cz\/index.php\/2018\/04\/27\/preview-huddersfield-town-everton-2\/#primaryimage\"},\"image\":{\"@id\":\"https:\/\/evertonfc.cz\/index.php\/2018\/04\/27\/preview-huddersfield-town-everton-2\/#primaryimage\"},\"thumbnailUrl\":\"https:\/\/evertonfc.cz\/wp-content\/uploads\/2019\/01\/preview.jpg\",\"datePublished\":\"2018-04-27T11:02:30+00:00\",\"dateModified\":\"2019-02-01T12:03:37+00:00\",\"breadcrumb\":{\"@id\":\"https:\/\/evertonfc.cz\/index.php\/2018\/04\/27\/preview-huddersfield-town-everton-2\/#breadcrumb\"},\"inLanguage\":\"cs\",\"potentialAction\":[{\"@type\":\"ReadAction\",\"target\":[\"https:\/\/evertonfc.cz\/index.php\/2018\/04\/27\/preview-huddersfield-town-everton-2\/\"]}]},{\"@type\":\"ImageObject\",\"inLanguage\":\"cs\",\"@id\":\"https:\/\/evertonfc.cz\/index.php\/2018\/04\/27\/preview-huddersfield-town-everton-2\/#primaryimage\",\"url\":\"https:\/\/evertonfc.cz\/wp-content\/uploads\/2019\/01\/preview.jpg\",\"contentUrl\":\"https:\/\/evertonfc.cz\/wp-content\/uploads\/2019\/01\/preview.jpg\",\"width\":720,\"height\":405},{\"@type\":\"BreadcrumbList\",\"@id\":\"https:\/\/evertonfc.cz\/index.php\/2018\/04\/27\/preview-huddersfield-town-everton-2\/#breadcrumb\",\"itemListElement\":[{\"@type\":\"ListItem\",\"position\":1,\"name\":\"Home\",\"item\":\"https:\/\/evertonfc.cz\/\"},{\"@type\":\"ListItem\",\"position\":2,\"name\":\"Preview: Huddersfield Town &#8211; Everton\"}]},{\"@type\":\"WebSite\",\"@id\":\"https:\/\/evertonfc.cz\/#website\",\"url\":\"https:\/\/evertonfc.cz\/\",\"name\":\"Official Czech &amp; Slovak Everton Supporters&#039; Club\",\"description\":\"\",\"publisher\":{\"@id\":\"https:\/\/evertonfc.cz\/#organization\"},\"potentialAction\":[{\"@type\":\"SearchAction\",\"target\":{\"@type\":\"EntryPoint\",\"urlTemplate\":\"https:\/\/evertonfc.cz\/?s={search_term_string}\"},\"query-input\":{\"@type\":\"PropertyValueSpecification\",\"valueRequired\":true,\"valueName\":\"search_term_string\"}}],\"inLanguage\":\"cs\"},{\"@type\":\"Organization\",\"@id\":\"https:\/\/evertonfc.cz\/#organization\",\"name\":\"Official Czech & Slovak Everton Supporters' Club\",\"url\":\"https:\/\/evertonfc.cz\/\",\"logo\":{\"@type\":\"ImageObject\",\"inLanguage\":\"cs\",\"@id\":\"https:\/\/evertonfc.cz\/#\/schema\/logo\/image\/\",\"url\":\"https:\/\/evertonfc.cz\/wp-content\/uploads\/2019\/05\/logo.png\",\"contentUrl\":\"https:\/\/evertonfc.cz\/wp-content\/uploads\/2019\/05\/logo.png\",\"width\":112,\"height\":112,\"caption\":\"Official Czech & Slovak Everton Supporters' Club\"},\"image\":{\"@id\":\"https:\/\/evertonfc.cz\/#\/schema\/logo\/image\/\"},\"sameAs\":[\"https:\/\/www.facebook.com\/everton.fans.cz.sk\"]},{\"@type\":\"Person\",\"@id\":\"https:\/\/evertonfc.cz\/#\/schema\/person\/f7a5daedb2ffee98480bc70e191aaef1\",\"name\":\"Ri\u010di\",\"sameAs\":[\"https:\/\/x.com\/rbrejsa\"],\"url\":\"https:\/\/evertonfc.cz\/index.php\/author\/rici\/\"}]}<\/script>\n<!-- \/ Yoast SEO plugin. -->","yoast_head_json":{"title":"Preview: Huddersfield Town - Everton - Official Czech &amp; Slovak Everton Supporters&#039; Club","robots":{"index":"index","follow":"follow","max-snippet":"max-snippet:-1","max-image-preview":"max-image-preview:large","max-video-preview":"max-video-preview:-1"},"canonical":"https:\/\/evertonfc.cz\/index.php\/2018\/04\/27\/preview-huddersfield-town-everton-2\/","og_locale":"cs_CZ","og_type":"article","og_title":"Preview: Huddersfield Town - Everton - Official Czech &amp; Slovak Everton Supporters&#039; Club","og_description":"Huddersfieldem to za\u010dalo a\u2026 Huddersfieldem to neskon\u010d\u00ed. Sam Allardyce i po \u010dtvrte\u010dn\u00ed sch\u016fzce s Farhadem Moshirim, vlastn\u00edkem nejv\u011bt\u0161\u00edho pod\u00edlu v&hellip;","og_url":"https:\/\/evertonfc.cz\/index.php\/2018\/04\/27\/preview-huddersfield-town-everton-2\/","og_site_name":"Official Czech &amp; Slovak Everton Supporters&#039; Club","article_publisher":"https:\/\/www.facebook.com\/everton.fans.cz.sk","article_published_time":"2018-04-27T11:02:30+00:00","article_modified_time":"2019-02-01T12:03:37+00:00","og_image":[{"width":720,"height":405,"url":"https:\/\/evertonfc.cz\/wp-content\/uploads\/2019\/01\/preview.jpg","type":"image\/jpeg"}],"author":"Ri\u010di","twitter_card":"summary_large_image","twitter_creator":"@rbrejsa","twitter_misc":{"Napsal(a)":"Ri\u010di","Odhadovan\u00e1 doba \u010dten\u00ed":"4 minuty"},"schema":{"@context":"https:\/\/schema.org","@graph":[{"@type":"Article","@id":"https:\/\/evertonfc.cz\/index.php\/2018\/04\/27\/preview-huddersfield-town-everton-2\/#article","isPartOf":{"@id":"https:\/\/evertonfc.cz\/index.php\/2018\/04\/27\/preview-huddersfield-town-everton-2\/"},"author":{"name":"Ri\u010di","@id":"https:\/\/evertonfc.cz\/#\/schema\/person\/f7a5daedb2ffee98480bc70e191aaef1"},"headline":"Preview: Huddersfield Town &#8211; Everton","datePublished":"2018-04-27T11:02:30+00:00","dateModified":"2019-02-01T12:03:37+00:00","mainEntityOfPage":{"@id":"https:\/\/evertonfc.cz\/index.php\/2018\/04\/27\/preview-huddersfield-town-everton-2\/"},"wordCount":792,"commentCount":0,"publisher":{"@id":"https:\/\/evertonfc.cz\/#organization"},"image":{"@id":"https:\/\/evertonfc.cz\/index.php\/2018\/04\/27\/preview-huddersfield-town-everton-2\/#primaryimage"},"thumbnailUrl":"https:\/\/evertonfc.cz\/wp-content\/uploads\/2019\/01\/preview.jpg","articleSection":["Z\u00e1pasy"],"inLanguage":"cs","potentialAction":[{"@type":"CommentAction","name":"Comment","target":["https:\/\/evertonfc.cz\/index.php\/2018\/04\/27\/preview-huddersfield-town-everton-2\/#respond"]}]},{"@type":"WebPage","@id":"https:\/\/evertonfc.cz\/index.php\/2018\/04\/27\/preview-huddersfield-town-everton-2\/","url":"https:\/\/evertonfc.cz\/index.php\/2018\/04\/27\/preview-huddersfield-town-everton-2\/","name":"Preview: Huddersfield Town - Everton - Official Czech &amp; Slovak Everton Supporters&#039; Club","isPartOf":{"@id":"https:\/\/evertonfc.cz\/#website"},"primaryImageOfPage":{"@id":"https:\/\/evertonfc.cz\/index.php\/2018\/04\/27\/preview-huddersfield-town-everton-2\/#primaryimage"},"image":{"@id":"https:\/\/evertonfc.cz\/index.php\/2018\/04\/27\/preview-huddersfield-town-everton-2\/#primaryimage"},"thumbnailUrl":"https:\/\/evertonfc.cz\/wp-content\/uploads\/2019\/01\/preview.jpg","datePublished":"2018-04-27T11:02:30+00:00","dateModified":"2019-02-01T12:03:37+00:00","breadcrumb":{"@id":"https:\/\/evertonfc.cz\/index.php\/2018\/04\/27\/preview-huddersfield-town-everton-2\/#breadcrumb"},"inLanguage":"cs","potentialAction":[{"@type":"ReadAction","target":["https:\/\/evertonfc.cz\/index.php\/2018\/04\/27\/preview-huddersfield-town-everton-2\/"]}]},{"@type":"ImageObject","inLanguage":"cs","@id":"https:\/\/evertonfc.cz\/index.php\/2018\/04\/27\/preview-huddersfield-town-everton-2\/#primaryimage","url":"https:\/\/evertonfc.cz\/wp-content\/uploads\/2019\/01\/preview.jpg","contentUrl":"https:\/\/evertonfc.cz\/wp-content\/uploads\/2019\/01\/preview.jpg","width":720,"height":405},{"@type":"BreadcrumbList","@id":"https:\/\/evertonfc.cz\/index.php\/2018\/04\/27\/preview-huddersfield-town-everton-2\/#breadcrumb","itemListElement":[{"@type":"ListItem","position":1,"name":"Home","item":"https:\/\/evertonfc.cz\/"},{"@type":"ListItem","position":2,"name":"Preview: Huddersfield Town &#8211; Everton"}]},{"@type":"WebSite","@id":"https:\/\/evertonfc.cz\/#website","url":"https:\/\/evertonfc.cz\/","name":"Official Czech &amp; Slovak Everton Supporters&#039; Club","description":"","publisher":{"@id":"https:\/\/evertonfc.cz\/#organization"},"potentialAction":[{"@type":"SearchAction","target":{"@type":"EntryPoint","urlTemplate":"https:\/\/evertonfc.cz\/?s={search_term_string}"},"query-input":{"@type":"PropertyValueSpecification","valueRequired":true,"valueName":"search_term_string"}}],"inLanguage":"cs"},{"@type":"Organization","@id":"https:\/\/evertonfc.cz\/#organization","name":"Official Czech & Slovak Everton Supporters' Club","url":"https:\/\/evertonfc.cz\/","logo":{"@type":"ImageObject","inLanguage":"cs","@id":"https:\/\/evertonfc.cz\/#\/schema\/logo\/image\/","url":"https:\/\/evertonfc.cz\/wp-content\/uploads\/2019\/05\/logo.png","contentUrl":"https:\/\/evertonfc.cz\/wp-content\/uploads\/2019\/05\/logo.png","width":112,"height":112,"caption":"Official Czech & Slovak Everton Supporters' Club"},"image":{"@id":"https:\/\/evertonfc.cz\/#\/schema\/logo\/image\/"},"sameAs":["https:\/\/www.facebook.com\/everton.fans.cz.sk"]},{"@type":"Person","@id":"https:\/\/evertonfc.cz\/#\/schema\/person\/f7a5daedb2ffee98480bc70e191aaef1","name":"Ri\u010di","sameAs":["https:\/\/x.com\/rbrejsa"],"url":"https:\/\/evertonfc.cz\/index.php\/author\/rici\/"}]}},"_links":{"self":[{"href":"https:\/\/evertonfc.cz\/index.php\/wp-json\/wp\/v2\/posts\/2128"}],"collection":[{"href":"https:\/\/evertonfc.cz\/index.php\/wp-json\/wp\/v2\/posts"}],"about":[{"href":"https:\/\/evertonfc.cz\/index.php\/wp-json\/wp\/v2\/types\/post"}],"author":[{"embeddable":true,"href":"https:\/\/evertonfc.cz\/index.php\/wp-json\/wp\/v2\/users\/6"}],"replies":[{"embeddable":true,"href":"https:\/\/evertonfc.cz\/index.php\/wp-json\/wp\/v2\/comments?post=2128"}],"version-history":[{"count":1,"href":"https:\/\/evertonfc.cz\/index.php\/wp-json\/wp\/v2\/posts\/2128\/revisions"}],"predecessor-version":[{"id":2129,"href":"https:\/\/evertonfc.cz\/index.php\/wp-json\/wp\/v2\/posts\/2128\/revisions\/2129"}],"wp:featuredmedia":[{"embeddable":true,"href":"https:\/\/evertonfc.cz\/index.php\/wp-json\/wp\/v2\/media\/1314"}],"wp:attachment":[{"href":"https:\/\/evertonfc.cz\/index.php\/wp-json\/wp\/v2\/media?parent=2128"}],"wp:term":[{"taxonomy":"category","embeddable":true,"href":"https:\/\/evertonfc.cz\/index.php\/wp-json\/wp\/v2\/categories?post=2128"},{"taxonomy":"post_tag","embeddable":true,"href":"https:\/\/evertonfc.cz\/index.php\/wp-json\/wp\/v2\/tags?post=2128"}],"curies":[{"name":"wp","href":"https:\/\/api.w.org\/{rel}","templated":true}]}}