{"id":21304,"date":"2023-04-03T17:02:04","date_gmt":"2023-04-03T15:02:04","guid":{"rendered":"https:\/\/evertonfc.cz\/?p=21304"},"modified":"2023-04-03T19:59:38","modified_gmt":"2023-04-03T17:59:38","slug":"preview-everton-tottenham-hotspur-12","status":"publish","type":"post","link":"https:\/\/evertonfc.cz\/index.php\/2023\/04\/03\/preview-everton-tottenham-hotspur-12\/","title":{"rendered":"Preview: Everton &#8211; Tottenham Hotspur"},"content":{"rendered":"<h4>T\u0159i body si v dohr\u00e1vce dev\u011btadvac\u00e1t\u00e9ho kola budou cht\u00edt z Goodison Parku odv\u00e9zt Spurs. Oba t\u00fdmy m\u011bly v posledn\u00edch t\u00fddnech v\u00edce starost\u00ed sp\u00ed\u0161e mimo h\u0159i\u0161t\u011b, p\u0159ich\u00e1z\u00ed \u010das up\u0159\u00edt pozornost na hrac\u00ed plochu.<\/h4>\n<p>Nad klubem z Goodison Road se kv\u016fli \u0161patn\u00e9 p\u0159estupov\u00e9 politice a finan\u010dn\u00edmu Fair Play po\u0159\u00e1dn\u011b st\u00e1hly mra\u010dna. Premier League na z\u00e1klad\u011b toho zah\u00e1jila vy\u0161et\u0159ov\u00e1n\u00ed, kter\u00e9 by p\u0159i nejhor\u0161\u00edm mo\u017en\u00e9m sc\u00e9n\u00e1\u0159i mohlo skon\u010dit a\u017e ode\u010dtem bod\u016f. Vy\u0161et\u0159ov\u00e1n\u00ed v\u0161ak samoz\u0159ejm\u011b n\u011bjakou dobu potrv\u00e1 a na v\u00fdsledek si budeme muset po\u010dkat. Co se v\u0161ak dozv\u00edme u\u017e velmi brzy, to je v\u00fdsledek ve\u010dern\u00edho z\u00e1pasu. I kdy\u017e Everton v posledn\u00edch t\u0159ech z\u00e1pasech se Spurs uhr\u00e1l jen jednu rem\u00edzu s hroziv\u00fdm sk\u00f3re 7:0, rozhodn\u011b nen\u00ed d\u016fvod v\u011b\u0161et hlavu.<\/p>\n<h4>Karamelky versus Kohouti<\/h4>\n<table class=\"matches\" style=\"width: 749px;\" cellspacing=\"0\" cellpadding=\"0\">\n<tbody>\n<tr>\n<td class=\"date\" style=\"width: 127px;\">15.10.2022<\/td>\n<td class=\"comp\" style=\"width: 168px;\">Premier League<\/td>\n<td class=\"stage\" style=\"width: 101px;\">\u00a011. kolo<\/td>\n<td class=\"teams\" style=\"width: 304px;\">\n<div class=\"fl\"><strong>Tottenham<\/strong> &#8211; Everton FC<\/div>\n<\/td>\n<td class=\"res nbr\" style=\"width: 49px;\"><a href=\"https:\/\/evertonfc.cz\/index.php\/2022\/10\/16\/tottenham-everton-20\/\">2:0<\/a><\/td>\n<\/tr>\n<tr>\n<td class=\"date\" style=\"width: 127px;\">7.03.2022<\/td>\n<td class=\"comp\" style=\"width: 168px;\">Premier League<\/td>\n<td class=\"stage\" style=\"width: 101px;\">\u00a028. kolo<\/td>\n<td class=\"teams\" style=\"width: 304px;\">\n<div class=\"fl\"><strong>Tottenham<\/strong> &#8211; Everton FC<\/div>\n<\/td>\n<td class=\"res nbr\" style=\"width: 49px;\"><a href=\"https:\/\/evertonfc.cz\/index.php\/2022\/03\/07\/tottenham-hotspur-everton-5-0\/\">5:0<\/a><\/td>\n<\/tr>\n<tr class=\"last\">\n<td class=\"date\" style=\"width: 127px;\">07.11.2021<\/td>\n<td class=\"comp\" style=\"width: 168px;\">Premier League<\/td>\n<td class=\"stage\" style=\"width: 101px;\">\u00a011. kolo<\/td>\n<td class=\"teams\" style=\"width: 304px;\">\n<div class=\"fl\">Everton FC &#8211; Tottenham<\/div>\n<\/td>\n<td class=\"res nbr\" style=\"width: 49px;\"><a href=\"https:\/\/evertonfc.cz\/index.php\/2021\/11\/07\/everton-tottenham\/\">0:0<\/a><\/td>\n<\/tr>\n<\/tbody>\n<\/table>\n<h4>Everton doma um\u00ed &#8211; t\u011b\u017ek\u00e1 zkou\u0161ka p\u0159ed n\u00e1mi<\/h4>\n<p>Od doby, co na lavi\u010dku Toffees usedl Sean Dyche, se mohli m\u00edstn\u00ed fanou\u0161ci t\u011b\u0161it ze t\u0159\u00ed v\u00fdher ve \u010dty\u0159ech z\u00e1pasech. Zlomen\u00ed l\u00eddra tabulky Arsenalu a p\u011bt m\u011bs\u00edc\u016f nepora\u017een\u00e9ho Brentfordu jist\u011b pozitivn\u011b ovlivnilo mor\u00e1lku t\u00fdmu, i kdy\u017e je nutn\u00e9 dodat, \u017ee v\u00fdhry byly v\u017edy jen rozd\u00edlem jedn\u00e9 branky. Velice d\u016fle\u017eit\u00fd bod v boji o z\u00e1chranu zajistil v posledn\u00edm ligov\u00e9m z\u00e1pase Ellis Simms &#8211; trefil se na Stamford Bridge, jeho prvn\u00ed ligov\u00fd g\u00f3l v PL zachr\u00e1nil rem\u00edzu 2:2. Dal\u0161\u00ed z hr\u00e1\u010d\u016f, kter\u00e9mu bezpochyby sv\u011bd\u010d\u00ed tren\u00e9rova d\u016fv\u011bra, je Abdoulaye Doucour\u00e9. Ten pr\u00e1v\u011b Simmsovi zm\u00edn\u011bnou branku p\u0159ipravil a ve dvou posledn\u00edch z\u00e1pasech tak m\u00e1 skvostnou bilanci 2 g\u00f3ly a 2 asistence. Obzvl\u00e1\u0161t\u011b v kontrastu s t\u00edm, \u017ee se p\u0159edchoz\u00edch 38 z\u00e1pas\u016f na \u017e\u00e1dn\u00e9m g\u00f3lu nepod\u00edlel. N\u00e1vrat do tak\u00e9 sestavy hl\u00e1s\u00ed uzdraven\u00fd Dominic Calvert-Lewin, ale jeho start v dne\u0161n\u00edm z\u00e1pase z\u016fst\u00e1v\u00e1 nejist\u00fd, m\u00edsto na hrotu pravd\u011bpodobn\u011b zaujme Gray.<\/p>\n<h4>Kohout\u016fm pad\u00e1 h\u0159eb\u00ednek<\/h4>\n<p>Antonio Conte jako mana\u017eer skon\u010dil po tragikomick\u00e9m p\u0159edstaven\u00ed na p\u016fd\u011b Southamptonu a je\u0161t\u011b tragikokomi\u010dt\u011bj\u0161\u00ed estr\u00e1d\u011b na tiskov\u00e9 konferenci, kde z n\u011bj doslova s\u00e1lala rezignace a ve\u0161kerou svou frustraci si ventiloval na hr\u00e1\u010d\u00edch, vedeni Spurs a klubu jako takov\u00e9m. Veden\u00ed t\u00fdmu do\u010dasn\u011b p\u0159evzal dosavadn\u00ed asistent Cristian Stellini. Aby probl\u00e9m\u016f ve veden\u00ed Tottenhamu nebylo m\u00e1lo, sportovn\u00ed \u0159editel Fabio Paratici ve funkci prakticky skon\u010dil pot\u00e9, co jeho 2,5 let\u00fd z\u00e1kaz p\u016fsoben\u00ed v Italsk\u00e9m fotbale roz\u0161\u00ed\u0159ila FIFA na z\u00e1kaz celosv\u011btov\u00fd. Posledn\u00edch p\u011bt venkovn\u00edch z\u00e1pas\u016f pro Spurs bylo doslova no\u010dn\u00ed m\u016frou &#8211; v lize si na Kohoutech smlsly Li\u0161ky i Vlci, z n\u00e1sledovalo vypadnut\u00ed z Champions League i FA Cupu. Zm\u00edn\u011bn\u00fd z\u00e1pas se Southamptonem byl jen posledn\u00edm h\u0159eb\u00edkem do Conteho rakve.<\/p>\n<h4>P\u00e1r zaj\u00edmavost\u00ed a fakt\u016f<\/h4>\n<ul>\n<li>Spurs u\u017e v t\u00e9to sez\u00f3n\u011b inkasovali \u010dty\u0159icetkr\u00e1t, to je stejn\u00e9 \u010d\u00edslo jako za celou minulou sez\u00f3nu. V t\u00e9to f\u00e1zi sout\u011b\u017ee je to pro Kohouty nejv\u00edce inkasovan\u00fdch branek za posledn\u00edch 15 let<\/li>\n<li>Harry Kane se stal historicky nejlep\u0161\u00edm Anglick\u00fdm st\u0159elcem &#8211; a vynikaj\u00edc\u00ed bilanci m\u00e1 i proti Evertonu. Celkem u\u017e se trefil do s\u00edt\u011b Tofees 14x , v\u010detn\u011b \u00favodn\u00edho g\u00f3lu z posledn\u00edho vz\u00e1jemn\u00e9ho st\u0159etu<\/li>\n<li>Toffees p\u0159edstavuj\u00ed v lize pro Tottenham obl\u00edben\u00e9ho soupe\u0159e &#8211; za posledn\u00edch deset let porazil Everton Kohouty jen jednikr\u00e1t &#8211; nejvy\u0161\u0161\u00ed \u010das to zm\u011bnit pr\u00e1v\u011b dnes!<\/li>\n<\/ul>\n<p style=\"text-align: center;\"><span style=\"font-size: 14pt; color: #0000ff;\"><strong>Up the Toffees !!<\/strong><\/span><\/p>\n<p><strong>Co: <\/strong>\u00a0Everton FC &#8211; West Ham United, 29.kolo Premier League<br \/>\n<strong>Kdy: <\/strong>pond\u011bl\u00ed 03.04.2023 v 21:00<br \/>\n<strong>Kde: <\/strong>The Grand Old Lady (kapacita: 39\u00a0572)<br \/>\n<strong>TV:\u00a0<\/strong>P\u0159\u00edm\u00fd p\u0159enos na stanici Canal+ Sport<br \/>\n<strong>Rozhod\u010d\u00ed: <\/strong>David Coote\u00a0\u00a0<strong>Asistenti: <\/strong>Timothy Wood, Mark Scholes<br \/>\n<strong>VAR: <\/strong>Michael Oliver\u00a0\u00a0<strong>Asistent VAR<\/strong>: Eddie Smart<\/p>\n","protected":false},"excerpt":{"rendered":"<p>T\u0159i body si v dohr\u00e1vce osmadvac\u00e1t\u00e9ho kola budou cht\u00edt z Goodison Parku odv\u00e9zt Spurs. Oba t\u00fdmy m\u011bly v posledn\u00edch t\u00fddnech v\u00edce starost\u00ed sp\u00ed\u0161e mimo h\u0159i\u0161t\u011b, p\u0159ich\u00e1z\u00ed \u010das up\u0159\u00edt pozornost na hrac\u00ed plochu.\u00a0<\/p>\n","protected":false},"author":562,"featured_media":14972,"comment_status":"open","ping_status":"closed","sticky":false,"template":"","format":"standard","meta":{"_eb_attr":"","_monsterinsights_skip_tracking":false,"_monsterinsights_sitenote_active":false,"_monsterinsights_sitenote_note":"","_monsterinsights_sitenote_category":0,"footnotes":""},"categories":[4],"tags":[],"yoast_head":"<!-- This site is optimized with the Yoast SEO plugin v23.4 - https:\/\/yoast.com\/wordpress\/plugins\/seo\/ -->\n<title>Preview: Everton - Tottenham Hotspur - Official Czech &amp; Slovak Everton Supporters&#039; Club<\/title>\n<meta name=\"robots\" content=\"index, follow, max-snippet:-1, max-image-preview:large, max-video-preview:-1\" \/>\n<link rel=\"canonical\" href=\"https:\/\/evertonfc.cz\/index.php\/2023\/04\/03\/preview-everton-tottenham-hotspur-12\/\" \/>\n<meta property=\"og:locale\" content=\"cs_CZ\" \/>\n<meta property=\"og:type\" content=\"article\" \/>\n<meta property=\"og:title\" content=\"Preview: Everton - Tottenham Hotspur - Official Czech &amp; Slovak Everton Supporters&#039; Club\" \/>\n<meta property=\"og:description\" content=\"T\u0159i body si v dohr\u00e1vce osmadvac\u00e1t\u00e9ho kola budou cht\u00edt z Goodison Parku odv\u00e9zt Spurs. Oba t\u00fdmy m\u011bly v posledn\u00edch t\u00fddnech v\u00edce starost\u00ed sp\u00ed\u0161e mimo h\u0159i\u0161t\u011b, p\u0159ich\u00e1z\u00ed \u010das up\u0159\u00edt pozornost na hrac\u00ed plochu.\u00a0\" \/>\n<meta property=\"og:url\" content=\"https:\/\/evertonfc.cz\/index.php\/2023\/04\/03\/preview-everton-tottenham-hotspur-12\/\" \/>\n<meta property=\"og:site_name\" content=\"Official Czech &amp; Slovak Everton Supporters&#039; Club\" \/>\n<meta property=\"article:publisher\" content=\"https:\/\/www.facebook.com\/everton.fans.cz.sk\" \/>\n<meta property=\"article:published_time\" content=\"2023-04-03T15:02:04+00:00\" \/>\n<meta property=\"article:modified_time\" content=\"2023-04-03T17:59:38+00:00\" \/>\n<meta property=\"og:image\" content=\"https:\/\/evertonfc.cz\/wp-content\/uploads\/2021\/04\/Everton-VS-Tottenham-Hotspur-NIGHT.jpg\" \/>\n\t<meta property=\"og:image:width\" content=\"720\" \/>\n\t<meta property=\"og:image:height\" content=\"405\" \/>\n\t<meta property=\"og:image:type\" content=\"image\/jpeg\" \/>\n<meta name=\"author\" content=\"Petr\" \/>\n<meta name=\"twitter:card\" content=\"summary_large_image\" \/>\n<meta name=\"twitter:label1\" content=\"Napsal(a)\" \/>\n\t<meta name=\"twitter:data1\" content=\"Petr\" \/>\n\t<meta name=\"twitter:label2\" content=\"Odhadovan\u00e1 doba \u010dten\u00ed\" \/>\n\t<meta name=\"twitter:data2\" content=\"3 minuty\" \/>\n<script type=\"application\/ld+json\" class=\"yoast-schema-graph\">{\"@context\":\"https:\/\/schema.org\",\"@graph\":[{\"@type\":\"Article\",\"@id\":\"https:\/\/evertonfc.cz\/index.php\/2023\/04\/03\/preview-everton-tottenham-hotspur-12\/#article\",\"isPartOf\":{\"@id\":\"https:\/\/evertonfc.cz\/index.php\/2023\/04\/03\/preview-everton-tottenham-hotspur-12\/\"},\"author\":{\"name\":\"Petr\",\"@id\":\"https:\/\/evertonfc.cz\/#\/schema\/person\/5b54d20cd919070efc6fd6f92621fc50\"},\"headline\":\"Preview: Everton &#8211; Tottenham Hotspur\",\"datePublished\":\"2023-04-03T15:02:04+00:00\",\"dateModified\":\"2023-04-03T17:59:38+00:00\",\"mainEntityOfPage\":{\"@id\":\"https:\/\/evertonfc.cz\/index.php\/2023\/04\/03\/preview-everton-tottenham-hotspur-12\/\"},\"wordCount\":741,\"commentCount\":15,\"publisher\":{\"@id\":\"https:\/\/evertonfc.cz\/#organization\"},\"image\":{\"@id\":\"https:\/\/evertonfc.cz\/index.php\/2023\/04\/03\/preview-everton-tottenham-hotspur-12\/#primaryimage\"},\"thumbnailUrl\":\"https:\/\/evertonfc.cz\/wp-content\/uploads\/2021\/04\/Everton-VS-Tottenham-Hotspur-NIGHT.jpg\",\"articleSection\":[\"Z\u00e1pasy\"],\"inLanguage\":\"cs\",\"potentialAction\":[{\"@type\":\"CommentAction\",\"name\":\"Comment\",\"target\":[\"https:\/\/evertonfc.cz\/index.php\/2023\/04\/03\/preview-everton-tottenham-hotspur-12\/#respond\"]}]},{\"@type\":\"WebPage\",\"@id\":\"https:\/\/evertonfc.cz\/index.php\/2023\/04\/03\/preview-everton-tottenham-hotspur-12\/\",\"url\":\"https:\/\/evertonfc.cz\/index.php\/2023\/04\/03\/preview-everton-tottenham-hotspur-12\/\",\"name\":\"Preview: Everton - Tottenham Hotspur - Official Czech &amp; Slovak Everton Supporters&#039; Club\",\"isPartOf\":{\"@id\":\"https:\/\/evertonfc.cz\/#website\"},\"primaryImageOfPage\":{\"@id\":\"https:\/\/evertonfc.cz\/index.php\/2023\/04\/03\/preview-everton-tottenham-hotspur-12\/#primaryimage\"},\"image\":{\"@id\":\"https:\/\/evertonfc.cz\/index.php\/2023\/04\/03\/preview-everton-tottenham-hotspur-12\/#primaryimage\"},\"thumbnailUrl\":\"https:\/\/evertonfc.cz\/wp-content\/uploads\/2021\/04\/Everton-VS-Tottenham-Hotspur-NIGHT.jpg\",\"datePublished\":\"2023-04-03T15:02:04+00:00\",\"dateModified\":\"2023-04-03T17:59:38+00:00\",\"breadcrumb\":{\"@id\":\"https:\/\/evertonfc.cz\/index.php\/2023\/04\/03\/preview-everton-tottenham-hotspur-12\/#breadcrumb\"},\"inLanguage\":\"cs\",\"potentialAction\":[{\"@type\":\"ReadAction\",\"target\":[\"https:\/\/evertonfc.cz\/index.php\/2023\/04\/03\/preview-everton-tottenham-hotspur-12\/\"]}]},{\"@type\":\"ImageObject\",\"inLanguage\":\"cs\",\"@id\":\"https:\/\/evertonfc.cz\/index.php\/2023\/04\/03\/preview-everton-tottenham-hotspur-12\/#primaryimage\",\"url\":\"https:\/\/evertonfc.cz\/wp-content\/uploads\/2021\/04\/Everton-VS-Tottenham-Hotspur-NIGHT.jpg\",\"contentUrl\":\"https:\/\/evertonfc.cz\/wp-content\/uploads\/2021\/04\/Everton-VS-Tottenham-Hotspur-NIGHT.jpg\",\"width\":720,\"height\":405},{\"@type\":\"BreadcrumbList\",\"@id\":\"https:\/\/evertonfc.cz\/index.php\/2023\/04\/03\/preview-everton-tottenham-hotspur-12\/#breadcrumb\",\"itemListElement\":[{\"@type\":\"ListItem\",\"position\":1,\"name\":\"Home\",\"item\":\"https:\/\/evertonfc.cz\/\"},{\"@type\":\"ListItem\",\"position\":2,\"name\":\"Preview: Everton &#8211; Tottenham Hotspur\"}]},{\"@type\":\"WebSite\",\"@id\":\"https:\/\/evertonfc.cz\/#website\",\"url\":\"https:\/\/evertonfc.cz\/\",\"name\":\"Official Czech &amp; Slovak Everton Supporters&#039; Club\",\"description\":\"\",\"publisher\":{\"@id\":\"https:\/\/evertonfc.cz\/#organization\"},\"potentialAction\":[{\"@type\":\"SearchAction\",\"target\":{\"@type\":\"EntryPoint\",\"urlTemplate\":\"https:\/\/evertonfc.cz\/?s={search_term_string}\"},\"query-input\":{\"@type\":\"PropertyValueSpecification\",\"valueRequired\":true,\"valueName\":\"search_term_string\"}}],\"inLanguage\":\"cs\"},{\"@type\":\"Organization\",\"@id\":\"https:\/\/evertonfc.cz\/#organization\",\"name\":\"Official Czech & Slovak Everton Supporters' Club\",\"url\":\"https:\/\/evertonfc.cz\/\",\"logo\":{\"@type\":\"ImageObject\",\"inLanguage\":\"cs\",\"@id\":\"https:\/\/evertonfc.cz\/#\/schema\/logo\/image\/\",\"url\":\"https:\/\/evertonfc.cz\/wp-content\/uploads\/2019\/05\/logo.png\",\"contentUrl\":\"https:\/\/evertonfc.cz\/wp-content\/uploads\/2019\/05\/logo.png\",\"width\":112,\"height\":112,\"caption\":\"Official Czech & Slovak Everton Supporters' Club\"},\"image\":{\"@id\":\"https:\/\/evertonfc.cz\/#\/schema\/logo\/image\/\"},\"sameAs\":[\"https:\/\/www.facebook.com\/everton.fans.cz.sk\"]},{\"@type\":\"Person\",\"@id\":\"https:\/\/evertonfc.cz\/#\/schema\/person\/5b54d20cd919070efc6fd6f92621fc50\",\"name\":\"Petr\",\"url\":\"https:\/\/evertonfc.cz\/index.php\/author\/petr\/\"}]}<\/script>\n<!-- \/ Yoast SEO plugin. -->","yoast_head_json":{"title":"Preview: Everton - Tottenham Hotspur - Official Czech &amp; Slovak Everton Supporters&#039; Club","robots":{"index":"index","follow":"follow","max-snippet":"max-snippet:-1","max-image-preview":"max-image-preview:large","max-video-preview":"max-video-preview:-1"},"canonical":"https:\/\/evertonfc.cz\/index.php\/2023\/04\/03\/preview-everton-tottenham-hotspur-12\/","og_locale":"cs_CZ","og_type":"article","og_title":"Preview: Everton - Tottenham Hotspur - Official Czech &amp; Slovak Everton Supporters&#039; Club","og_description":"T\u0159i body si v dohr\u00e1vce osmadvac\u00e1t\u00e9ho kola budou cht\u00edt z Goodison Parku odv\u00e9zt Spurs. Oba t\u00fdmy m\u011bly v posledn\u00edch t\u00fddnech v\u00edce starost\u00ed sp\u00ed\u0161e mimo h\u0159i\u0161t\u011b, p\u0159ich\u00e1z\u00ed \u010das up\u0159\u00edt pozornost na hrac\u00ed plochu.\u00a0","og_url":"https:\/\/evertonfc.cz\/index.php\/2023\/04\/03\/preview-everton-tottenham-hotspur-12\/","og_site_name":"Official Czech &amp; Slovak Everton Supporters&#039; Club","article_publisher":"https:\/\/www.facebook.com\/everton.fans.cz.sk","article_published_time":"2023-04-03T15:02:04+00:00","article_modified_time":"2023-04-03T17:59:38+00:00","og_image":[{"width":720,"height":405,"url":"https:\/\/evertonfc.cz\/wp-content\/uploads\/2021\/04\/Everton-VS-Tottenham-Hotspur-NIGHT.jpg","type":"image\/jpeg"}],"author":"Petr","twitter_card":"summary_large_image","twitter_misc":{"Napsal(a)":"Petr","Odhadovan\u00e1 doba \u010dten\u00ed":"3 minuty"},"schema":{"@context":"https:\/\/schema.org","@graph":[{"@type":"Article","@id":"https:\/\/evertonfc.cz\/index.php\/2023\/04\/03\/preview-everton-tottenham-hotspur-12\/#article","isPartOf":{"@id":"https:\/\/evertonfc.cz\/index.php\/2023\/04\/03\/preview-everton-tottenham-hotspur-12\/"},"author":{"name":"Petr","@id":"https:\/\/evertonfc.cz\/#\/schema\/person\/5b54d20cd919070efc6fd6f92621fc50"},"headline":"Preview: Everton &#8211; Tottenham Hotspur","datePublished":"2023-04-03T15:02:04+00:00","dateModified":"2023-04-03T17:59:38+00:00","mainEntityOfPage":{"@id":"https:\/\/evertonfc.cz\/index.php\/2023\/04\/03\/preview-everton-tottenham-hotspur-12\/"},"wordCount":741,"commentCount":15,"publisher":{"@id":"https:\/\/evertonfc.cz\/#organization"},"image":{"@id":"https:\/\/evertonfc.cz\/index.php\/2023\/04\/03\/preview-everton-tottenham-hotspur-12\/#primaryimage"},"thumbnailUrl":"https:\/\/evertonfc.cz\/wp-content\/uploads\/2021\/04\/Everton-VS-Tottenham-Hotspur-NIGHT.jpg","articleSection":["Z\u00e1pasy"],"inLanguage":"cs","potentialAction":[{"@type":"CommentAction","name":"Comment","target":["https:\/\/evertonfc.cz\/index.php\/2023\/04\/03\/preview-everton-tottenham-hotspur-12\/#respond"]}]},{"@type":"WebPage","@id":"https:\/\/evertonfc.cz\/index.php\/2023\/04\/03\/preview-everton-tottenham-hotspur-12\/","url":"https:\/\/evertonfc.cz\/index.php\/2023\/04\/03\/preview-everton-tottenham-hotspur-12\/","name":"Preview: Everton - Tottenham Hotspur - Official Czech &amp; Slovak Everton Supporters&#039; Club","isPartOf":{"@id":"https:\/\/evertonfc.cz\/#website"},"primaryImageOfPage":{"@id":"https:\/\/evertonfc.cz\/index.php\/2023\/04\/03\/preview-everton-tottenham-hotspur-12\/#primaryimage"},"image":{"@id":"https:\/\/evertonfc.cz\/index.php\/2023\/04\/03\/preview-everton-tottenham-hotspur-12\/#primaryimage"},"thumbnailUrl":"https:\/\/evertonfc.cz\/wp-content\/uploads\/2021\/04\/Everton-VS-Tottenham-Hotspur-NIGHT.jpg","datePublished":"2023-04-03T15:02:04+00:00","dateModified":"2023-04-03T17:59:38+00:00","breadcrumb":{"@id":"https:\/\/evertonfc.cz\/index.php\/2023\/04\/03\/preview-everton-tottenham-hotspur-12\/#breadcrumb"},"inLanguage":"cs","potentialAction":[{"@type":"ReadAction","target":["https:\/\/evertonfc.cz\/index.php\/2023\/04\/03\/preview-everton-tottenham-hotspur-12\/"]}]},{"@type":"ImageObject","inLanguage":"cs","@id":"https:\/\/evertonfc.cz\/index.php\/2023\/04\/03\/preview-everton-tottenham-hotspur-12\/#primaryimage","url":"https:\/\/evertonfc.cz\/wp-content\/uploads\/2021\/04\/Everton-VS-Tottenham-Hotspur-NIGHT.jpg","contentUrl":"https:\/\/evertonfc.cz\/wp-content\/uploads\/2021\/04\/Everton-VS-Tottenham-Hotspur-NIGHT.jpg","width":720,"height":405},{"@type":"BreadcrumbList","@id":"https:\/\/evertonfc.cz\/index.php\/2023\/04\/03\/preview-everton-tottenham-hotspur-12\/#breadcrumb","itemListElement":[{"@type":"ListItem","position":1,"name":"Home","item":"https:\/\/evertonfc.cz\/"},{"@type":"ListItem","position":2,"name":"Preview: Everton &#8211; Tottenham Hotspur"}]},{"@type":"WebSite","@id":"https:\/\/evertonfc.cz\/#website","url":"https:\/\/evertonfc.cz\/","name":"Official Czech &amp; Slovak Everton Supporters&#039; Club","description":"","publisher":{"@id":"https:\/\/evertonfc.cz\/#organization"},"potentialAction":[{"@type":"SearchAction","target":{"@type":"EntryPoint","urlTemplate":"https:\/\/evertonfc.cz\/?s={search_term_string}"},"query-input":{"@type":"PropertyValueSpecification","valueRequired":true,"valueName":"search_term_string"}}],"inLanguage":"cs"},{"@type":"Organization","@id":"https:\/\/evertonfc.cz\/#organization","name":"Official Czech & Slovak Everton Supporters' Club","url":"https:\/\/evertonfc.cz\/","logo":{"@type":"ImageObject","inLanguage":"cs","@id":"https:\/\/evertonfc.cz\/#\/schema\/logo\/image\/","url":"https:\/\/evertonfc.cz\/wp-content\/uploads\/2019\/05\/logo.png","contentUrl":"https:\/\/evertonfc.cz\/wp-content\/uploads\/2019\/05\/logo.png","width":112,"height":112,"caption":"Official Czech & Slovak Everton Supporters' Club"},"image":{"@id":"https:\/\/evertonfc.cz\/#\/schema\/logo\/image\/"},"sameAs":["https:\/\/www.facebook.com\/everton.fans.cz.sk"]},{"@type":"Person","@id":"https:\/\/evertonfc.cz\/#\/schema\/person\/5b54d20cd919070efc6fd6f92621fc50","name":"Petr","url":"https:\/\/evertonfc.cz\/index.php\/author\/petr\/"}]}},"_links":{"self":[{"href":"https:\/\/evertonfc.cz\/index.php\/wp-json\/wp\/v2\/posts\/21304"}],"collection":[{"href":"https:\/\/evertonfc.cz\/index.php\/wp-json\/wp\/v2\/posts"}],"about":[{"href":"https:\/\/evertonfc.cz\/index.php\/wp-json\/wp\/v2\/types\/post"}],"author":[{"embeddable":true,"href":"https:\/\/evertonfc.cz\/index.php\/wp-json\/wp\/v2\/users\/562"}],"replies":[{"embeddable":true,"href":"https:\/\/evertonfc.cz\/index.php\/wp-json\/wp\/v2\/comments?post=21304"}],"version-history":[{"count":12,"href":"https:\/\/evertonfc.cz\/index.php\/wp-json\/wp\/v2\/posts\/21304\/revisions"}],"predecessor-version":[{"id":21318,"href":"https:\/\/evertonfc.cz\/index.php\/wp-json\/wp\/v2\/posts\/21304\/revisions\/21318"}],"wp:featuredmedia":[{"embeddable":true,"href":"https:\/\/evertonfc.cz\/index.php\/wp-json\/wp\/v2\/media\/14972"}],"wp:attachment":[{"href":"https:\/\/evertonfc.cz\/index.php\/wp-json\/wp\/v2\/media?parent=21304"}],"wp:term":[{"taxonomy":"category","embeddable":true,"href":"https:\/\/evertonfc.cz\/index.php\/wp-json\/wp\/v2\/categories?post=21304"},{"taxonomy":"post_tag","embeddable":true,"href":"https:\/\/evertonfc.cz\/index.php\/wp-json\/wp\/v2\/tags?post=21304"}],"curies":[{"name":"wp","href":"https:\/\/api.w.org\/{rel}","templated":true}]}}