{"id":21330,"date":"2023-04-07T21:27:48","date_gmt":"2023-04-07T19:27:48","guid":{"rendered":"https:\/\/evertonfc.cz\/?p=21330"},"modified":"2023-04-08T09:44:47","modified_gmt":"2023-04-08T07:44:47","slug":"everton-w-tottenham-w-21","status":"publish","type":"post","link":"https:\/\/evertonfc.cz\/index.php\/2023\/04\/07\/everton-w-tottenham-w-21\/","title":{"rendered":"Everton W &#8211; Tottenham W 2:1"},"content":{"rendered":"<h4>O v\u00edkendu se n\u00e1m povedlo kombinac\u00ed \u010dasn\u00e9ho a pozdn\u00edho g\u00f3lu z\u00edskat skalp n\u00e1v\u0161t\u011bvy z Lond\u00fdna.<\/h4>\n<p>150 utk\u00e1n\u00ed v dresu Evertonu pro Izzy Christiansen a z\u00e1rove\u0148 narozeninov\u00fd den p\u011btadvac\u00e1tin Meg Finnigan p\u0159inesl na\u0161e prvn\u00ed v\u00edt\u011bzstv\u00ed od ledna tohoto roku. Bylo u\u017e na \u010dase. Jakkoliv na\u0161e hra v posledn\u00edch z\u00e1pasech vypadala slibn\u011b, k \u017e\u00e1dn\u00fdm kloudn\u00fdm v\u00fdsledk\u016fm nevedla. P\u0159edz\u00e1pasov\u00e9 S\u00f8rensenovo burcov\u00e1n\u00ed k v\u011bt\u0161\u00ed efektivit\u011b bylo tedy v\u00edce ne\u017e opr\u00e1vn\u011bn\u00e9 a na\u0161t\u011bst\u00ed tentokr\u00e1t padlo na \u00farodnou p\u016fdu. Achilovka Lucy Hope se umoud\u0159ila, tak\u017ee v\u0161echny opory byly k dispozici. Spurs p\u0159ijely s \u00famyslem z\u00edskat jak\u00e9koliv body, nebo\u0165 ned\u00e1vno ukon\u010den\u00e1 nep\u011bkn\u00e1\u00a0 \u0161\u0148\u016fra dev\u00edti proher za sebou je nep\u0159\u00edjemn\u011b p\u0159ibl\u00ed\u017eila na dohled sestupov\u00fdm vod\u00e1m.<\/p>\n<h4>Prvn\u00ed polo\u010das<\/h4>\n<p>p\u0159inesl ji\u017e ve \u010dtvrt\u00e9 minut\u011b pinballovou kombinaci po ose Galli &#8211; Christiansen &#8211; S\u00f8rensen, kterou posledn\u011b jmenovan\u00e1 zbl\u00edzka zakon\u010dila svoj\u00ed prvn\u00ed brankou t\u00e9to sez\u00f3ny &#8211;<strong> 1:0<\/strong>. O chv\u00edli pozd\u011bji se pokusila p\u0159idat druh\u00fd g\u00f3l George, ale tentokr\u00e1t marn\u011b. Pak jen v\u010dasn\u00e9 vyb\u011bhnut\u00ed Brosnan zabr\u00e1nilo vyrovn\u00e1n\u00ed, kter\u00e9 m\u011bla na sv\u00e9 kopa\u010dce Summanen. Nicmn\u00e9n\u011b stejn\u00e1 hr\u00e1\u010dka ve 22. minut\u011b ji\u017e usp\u011bla, kdy\u017e si nab\u011bhla na v\u00fdbornou p\u0159ihr\u00e1vku England &#8211; <strong>1:1<\/strong>. Christiansen nem\u00ednila oslavit sv\u016fj v\u00fdro\u010dn\u00ed z\u00e1pas g\u00f3lov\u00fdm p\u016fstem, nato\u017e se spokojit s rem\u00edzou, ov\u0161em jej\u00ed st\u0159ela byla blokovan\u00e1. N\u00e1sledn\u011b zp\u016fsobila Brosnan srde\u010dn\u00ed z\u00e1stavu nejednomu fanou\u0161kovi Toffees, kdy\u017e se\u00a0 j\u00ed nev\u00fdrazn\u00e1 st\u0159ela Bizet proplou\u017eila mezi nohama. Na\u0161t\u011bst\u00ed na\u0161e brank\u00e1\u0159ka sebou je\u0161t\u011b dodate\u010dn\u011b sta\u010dila \u0159\u00e1dn\u011b mrsknout a situaci zachr\u00e1nila. N\u00e1sleduj\u00edc\u00ed polo\u010dasov\u00e1 p\u0159est\u00e1vka p\u0159i\u0161la velmi vhod.<\/p>\n<h4>Druh\u00fd polo\u010das<\/h4>\n<p>hned zkraje zkusila sv\u00e9 \u0161t\u011bst\u00ed Park, jej\u00ed n\u00edzk\u00e1 st\u0159ela ale byla v\u010das kryta Spencer. P\u0159i n\u00e1sleduj\u00edc\u00edm proti\u00fatoku se bl\u00fdskla Wheeler v\u00fdborn\u011b na\u010dasovan\u00fdm skluzem. Dal\u0161\u00ed pr\u016fb\u011bh polo\u010dasu zrovna dramati\u010dnost\u00ed, atraktivitou ani g\u013aov\u00fdmi \u0161ancemi neopl\u00fdval a kdy\u017e u\u017e t\u00e9m\u011b\u0159 na konci nastaven\u00e9ho \u010dasu klimbaj\u00edc\u00ed fanou\u0161ci obou t\u00fdm\u016f po\u010d\u00edtali s nemastnou neslanou rem\u00edzou, vyslala Stenevik dlouh\u00fdm n\u00e1kopem z vlastn\u00ed poloviny dop\u0159edu Beever-Jones. Na\u0161e \u00fato\u010dnice prok\u00e1zala sv\u00e9 driblingov\u00e9 kvality, prosm\u00fdkla se kolem st\u00ednuj\u00edc\u00ed obr\u00e1nkyn\u011b a pom\u011brn\u011b m\u00edrnou sk\u00e1kavou st\u0159elou do lev\u00e9ho doln\u00edho rohu zvr\u00e1tila \u0161t\u011bst\u011bnu na spr\u00e1vnou stranu &#8211; <strong>2:1<\/strong>.<\/p>\n<h4>Shrnut\u00ed<\/h4>\n<p>T\u0159i body jsou doma, a to se po\u010d\u00edt\u00e1. Druh\u00fd polo\u010das byl op\u011bt pon\u011bkud frustruj\u00edc\u00ed pro na\u0161\u00ed chronickou neschopnost ohrozit branku soupe\u0159ek, ale konec (a za\u010d\u00e1tek) dobr\u00fd, v\u0161echno dobr\u00e9. Za zm\u00ednku stoj\u00ed, \u017ee z\u00e1pas byl 178. odehran\u00fdm utk\u00e1n\u00edm pro tottenhamskou obr\u00e1nkyni Kerys Haropp, \u010d\u00edm\u017e ustanovila rekord WSL (jen o z\u00e1pas za n\u00ed je westhamsk\u00e1 Kate Longhurst). Jinak ov\u0161em v\u00fdsledek p\u0159inesl Lond\u00fd\u0148ank\u00e1m, jen vr\u00e1sky. Everton se nal\u00e9z\u00e1 v klidn\u00e9m st\u0159edu tabulky na 6. m\u00edst\u011b. Na sedm\u00fd West Ham m\u00e1me n\u00e1skok 7 bod\u016f a z\u00e1pas k dobru, od p\u00e1t\u00e9 Villy n\u00e1s d\u011bl\u00ed bod\u016f p\u011bt (a tak\u00e9 z\u00e1pas k dobru). Nyn\u00ed si fanou\u0161ci \u017eensk\u00e9ho t\u00fdmu mohou odpo\u010dinout, proto\u017ee je reprezenta\u010dn\u00ed p\u0159est\u00e1vka. Po n\u00ed 19.4. od 20:00 odjedeme na jih Anglie, pod\u00edvat se, jak se da\u0159\u00ed rack\u016fm. <strong><span style=\"color: #0000ff;\">COYB!<\/span><\/strong><\/p>\n<p style=\"text-align: right;\"><span style=\"font-size: 8pt;\"><em>Fotografie: George a Beever-Jones (zdroj: bbc.co.uk)<\/em><\/span><\/p>\n<p><strong>Statistika:<\/strong> Posedlost: 63%:37%, st\u0159ely 11:6 (na branku 4:3)<\/p>\n<p><strong>Branky: <\/strong>S\u00f8rensen (4\u00b4), Beevr-Jones (90+4\u00b4) &#8211; Summanen (22\u00b4)<\/p>\n<p><strong>\u017dK:<\/strong> Beever-Jones<\/p>\n<p><strong>Everton (4-3-3): <\/strong>Brosnan; <span class=\"sp-c-lineup-pitch__player\" data-reactid=\".muv4qtsloq.0.0.0.1.$include-18.0.0.1:$panel-0.$0.0.0.0.2.0.0.1:$home-formation-row-1.$home-player-0\"><span class=\"sp-c-lineup-pitch__player__name gs-u-display-block@xs \" data-reactid=\".muv4qtsloq.0.0.0.1.$include-18.0.0.1:$panel-0.$0.0.0.0.2.0.0.1:$home-formation-row-1.$home-player-0.1\">George, <\/span><\/span><span class=\"sp-c-lineup-pitch__player\" data-reactid=\".muv4qtsloq.0.0.0.1.$include-18.0.0.1:$panel-0.$0.0.0.0.2.0.0.1:$home-formation-row-1.$home-player-1\"><span class=\"sp-c-lineup-pitch__player__name gs-u-display-block@xs \" data-reactid=\".muv4qtsloq.0.0.0.1.$include-18.0.0.1:$panel-0.$0.0.0.0.2.0.0.1:$home-formation-row-1.$home-player-1.1\">Bj\u00f6rn, <\/span><\/span><span class=\"sp-c-lineup-pitch__player\" data-reactid=\".muv4qtsloq.0.0.0.1.$include-18.0.0.1:$panel-0.$0.0.0.0.2.0.0.1:$home-formation-row-1.$home-player-2\"><span class=\"sp-c-lineup-pitch__player__name gs-u-display-block@xs \" data-reactid=\".muv4qtsloq.0.0.0.1.$include-18.0.0.1:$panel-0.$0.0.0.0.2.0.0.1:$home-formation-row-1.$home-player-2.1\">Sevecke, <\/span><\/span><span class=\"sp-c-lineup-pitch__player\" data-reactid=\".muv4qtsloq.0.0.0.1.$include-18.0.0.1:$panel-0.$0.0.0.0.2.0.0.1:$home-formation-row-1.$home-player-3\"><span class=\"sp-c-lineup-pitch__player__name gs-u-display-block@xs \" data-reactid=\".muv4qtsloq.0.0.0.1.$include-18.0.0.1:$panel-0.$0.0.0.0.2.0.0.1:$home-formation-row-1.$home-player-3.1\">Veje (Hope 62\u00b4); Galli, Wheeler, Christiansen (Holmgaard 63\u00b4); S\u00f8rensen (Beevre-jones 63\u00b4), Snoeijs (Stenevik 89\u00b4), Park<\/span><\/span><\/p>\n<p><strong>Tottenham (4-4-2): <\/strong>Spencer; <span class=\"sp-c-lineup-pitch__player\" data-reactid=\".muv4qtsloq.0.0.0.1.$include-18.0.0.1:$panel-0.$0.0.0.1.2.0.0.1:$away-formation-row-1.$away-player-0\"><span class=\"sp-c-lineup-pitch__player__name gs-u-display-block@xs \" data-reactid=\".muv4qtsloq.0.0.0.1.$include-18.0.0.1:$panel-0.$0.0.0.1.2.0.0.1:$away-formation-row-1.$away-player-0.1\">Neville, <\/span><\/span><span class=\"sp-c-lineup-pitch__player\" data-reactid=\".muv4qtsloq.0.0.0.1.$include-18.0.0.1:$panel-0.$0.0.0.1.2.0.0.1:$away-formation-row-1.$away-player-1\"><span class=\"sp-c-lineup-pitch__player__name gs-u-display-block@xs \" data-reactid=\".muv4qtsloq.0.0.0.1.$include-18.0.0.1:$panel-0.$0.0.0.1.2.0.0.1:$away-formation-row-1.$away-player-1.1\">Turner, <\/span><\/span><span class=\"sp-c-lineup-pitch__player\" data-reactid=\".muv4qtsloq.0.0.0.1.$include-18.0.0.1:$panel-0.$0.0.0.1.2.0.0.1:$away-formation-row-1.$away-player-2\"><span class=\"sp-c-lineup-pitch__player__name gs-u-display-block@xs \" data-reactid=\".muv4qtsloq.0.0.0.1.$include-18.0.0.1:$panel-0.$0.0.0.1.2.0.0.1:$away-formation-row-1.$away-player-2.1\">Bartrip, <\/span><\/span><span class=\"sp-c-lineup-pitch__player\" data-reactid=\".muv4qtsloq.0.0.0.1.$include-18.0.0.1:$panel-0.$0.0.0.1.2.0.0.1:$away-formation-row-1.$away-player-3\"><span class=\"sp-c-lineup-pitch__player__name gs-u-display-block@xs \" data-reactid=\".muv4qtsloq.0.0.0.1.$include-18.0.0.1:$panel-0.$0.0.0.1.2.0.0.1:$away-formation-row-1.$away-player-3.1\">Harrop; Ayane (Karczewska 89\u00b4), James, Summanen, Bizet Ildhus\u00f8y (Naz 77\u00b4); Iwabuchi (Spence 53\u00b4), England<\/span><\/span><\/p>\n<p><strong>Rozhod\u010d\u00ed:<\/strong> Lisa Benn\u00a0 <strong>Div\u00e1ci:<\/strong> 1,542<\/p>\n","protected":false},"excerpt":{"rendered":"<p>O v\u00edkendu se n\u00e1m povedlo kombinac\u00ed \u010dasn\u00e9ho a pozdn\u00edho g\u00f3lu z\u00edskat skalp n\u00e1v\u0161t\u011bvy z Lond\u00fdna.<\/p>\n","protected":false},"author":26,"featured_media":21332,"comment_status":"open","ping_status":"closed","sticky":false,"template":"","format":"standard","meta":{"_eb_attr":"","_monsterinsights_skip_tracking":false,"_monsterinsights_sitenote_active":false,"_monsterinsights_sitenote_note":"","_monsterinsights_sitenote_category":0,"footnotes":""},"categories":[110],"tags":[],"yoast_head":"<!-- This site is optimized with the Yoast SEO plugin v23.4 - https:\/\/yoast.com\/wordpress\/plugins\/seo\/ -->\n<title>Everton W - Tottenham W 2:1 - Official Czech &amp; Slovak Everton Supporters&#039; Club<\/title>\n<meta name=\"robots\" content=\"index, follow, max-snippet:-1, max-image-preview:large, max-video-preview:-1\" \/>\n<link rel=\"canonical\" href=\"https:\/\/evertonfc.cz\/index.php\/2023\/04\/07\/everton-w-tottenham-w-21\/\" \/>\n<meta property=\"og:locale\" content=\"cs_CZ\" \/>\n<meta property=\"og:type\" content=\"article\" \/>\n<meta property=\"og:title\" content=\"Everton W - Tottenham W 2:1 - Official Czech &amp; Slovak Everton Supporters&#039; Club\" \/>\n<meta property=\"og:description\" content=\"O v\u00edkendu se n\u00e1m povedlo kombinac\u00ed \u010dasn\u00e9ho a pozdn\u00edho g\u00f3lu z\u00edskat skalp n\u00e1v\u0161t\u011bvy z Lond\u00fdna.\" \/>\n<meta property=\"og:url\" content=\"https:\/\/evertonfc.cz\/index.php\/2023\/04\/07\/everton-w-tottenham-w-21\/\" \/>\n<meta property=\"og:site_name\" content=\"Official Czech &amp; Slovak Everton Supporters&#039; Club\" \/>\n<meta property=\"article:publisher\" content=\"https:\/\/www.facebook.com\/everton.fans.cz.sk\" \/>\n<meta property=\"article:published_time\" content=\"2023-04-07T19:27:48+00:00\" \/>\n<meta property=\"article:modified_time\" content=\"2023-04-08T07:44:47+00:00\" \/>\n<meta property=\"og:image\" content=\"https:\/\/evertonfc.cz\/wp-content\/uploads\/2023\/04\/George-Beever-Jones-vs-Tottenham-web-6_4_2023.jpg\" \/>\n\t<meta property=\"og:image:width\" content=\"720\" \/>\n\t<meta property=\"og:image:height\" content=\"405\" \/>\n\t<meta property=\"og:image:type\" content=\"image\/jpeg\" \/>\n<meta name=\"author\" content=\"Karamela\" \/>\n<meta name=\"twitter:card\" content=\"summary_large_image\" \/>\n<meta name=\"twitter:label1\" content=\"Napsal(a)\" \/>\n\t<meta name=\"twitter:data1\" content=\"Karamela\" \/>\n\t<meta name=\"twitter:label2\" content=\"Odhadovan\u00e1 doba \u010dten\u00ed\" \/>\n\t<meta name=\"twitter:data2\" content=\"3 minuty\" \/>\n<script type=\"application\/ld+json\" class=\"yoast-schema-graph\">{\"@context\":\"https:\/\/schema.org\",\"@graph\":[{\"@type\":\"Article\",\"@id\":\"https:\/\/evertonfc.cz\/index.php\/2023\/04\/07\/everton-w-tottenham-w-21\/#article\",\"isPartOf\":{\"@id\":\"https:\/\/evertonfc.cz\/index.php\/2023\/04\/07\/everton-w-tottenham-w-21\/\"},\"author\":{\"name\":\"Karamela\",\"@id\":\"https:\/\/evertonfc.cz\/#\/schema\/person\/e9a24a80a32efa1344dd2c4e5882185c\"},\"headline\":\"Everton W &#8211; Tottenham W 2:1\",\"datePublished\":\"2023-04-07T19:27:48+00:00\",\"dateModified\":\"2023-04-08T07:44:47+00:00\",\"mainEntityOfPage\":{\"@id\":\"https:\/\/evertonfc.cz\/index.php\/2023\/04\/07\/everton-w-tottenham-w-21\/\"},\"wordCount\":706,\"commentCount\":0,\"publisher\":{\"@id\":\"https:\/\/evertonfc.cz\/#organization\"},\"image\":{\"@id\":\"https:\/\/evertonfc.cz\/index.php\/2023\/04\/07\/everton-w-tottenham-w-21\/#primaryimage\"},\"thumbnailUrl\":\"https:\/\/evertonfc.cz\/wp-content\/uploads\/2023\/04\/George-Beever-Jones-vs-Tottenham-web-6_4_2023.jpg\",\"articleSection\":[\"Everton Women\"],\"inLanguage\":\"cs\",\"potentialAction\":[{\"@type\":\"CommentAction\",\"name\":\"Comment\",\"target\":[\"https:\/\/evertonfc.cz\/index.php\/2023\/04\/07\/everton-w-tottenham-w-21\/#respond\"]}]},{\"@type\":\"WebPage\",\"@id\":\"https:\/\/evertonfc.cz\/index.php\/2023\/04\/07\/everton-w-tottenham-w-21\/\",\"url\":\"https:\/\/evertonfc.cz\/index.php\/2023\/04\/07\/everton-w-tottenham-w-21\/\",\"name\":\"Everton W - Tottenham W 2:1 - Official Czech &amp; Slovak Everton Supporters&#039; Club\",\"isPartOf\":{\"@id\":\"https:\/\/evertonfc.cz\/#website\"},\"primaryImageOfPage\":{\"@id\":\"https:\/\/evertonfc.cz\/index.php\/2023\/04\/07\/everton-w-tottenham-w-21\/#primaryimage\"},\"image\":{\"@id\":\"https:\/\/evertonfc.cz\/index.php\/2023\/04\/07\/everton-w-tottenham-w-21\/#primaryimage\"},\"thumbnailUrl\":\"https:\/\/evertonfc.cz\/wp-content\/uploads\/2023\/04\/George-Beever-Jones-vs-Tottenham-web-6_4_2023.jpg\",\"datePublished\":\"2023-04-07T19:27:48+00:00\",\"dateModified\":\"2023-04-08T07:44:47+00:00\",\"breadcrumb\":{\"@id\":\"https:\/\/evertonfc.cz\/index.php\/2023\/04\/07\/everton-w-tottenham-w-21\/#breadcrumb\"},\"inLanguage\":\"cs\",\"potentialAction\":[{\"@type\":\"ReadAction\",\"target\":[\"https:\/\/evertonfc.cz\/index.php\/2023\/04\/07\/everton-w-tottenham-w-21\/\"]}]},{\"@type\":\"ImageObject\",\"inLanguage\":\"cs\",\"@id\":\"https:\/\/evertonfc.cz\/index.php\/2023\/04\/07\/everton-w-tottenham-w-21\/#primaryimage\",\"url\":\"https:\/\/evertonfc.cz\/wp-content\/uploads\/2023\/04\/George-Beever-Jones-vs-Tottenham-web-6_4_2023.jpg\",\"contentUrl\":\"https:\/\/evertonfc.cz\/wp-content\/uploads\/2023\/04\/George-Beever-Jones-vs-Tottenham-web-6_4_2023.jpg\",\"width\":720,\"height\":405},{\"@type\":\"BreadcrumbList\",\"@id\":\"https:\/\/evertonfc.cz\/index.php\/2023\/04\/07\/everton-w-tottenham-w-21\/#breadcrumb\",\"itemListElement\":[{\"@type\":\"ListItem\",\"position\":1,\"name\":\"Home\",\"item\":\"https:\/\/evertonfc.cz\/\"},{\"@type\":\"ListItem\",\"position\":2,\"name\":\"Everton W &#8211; Tottenham W 2:1\"}]},{\"@type\":\"WebSite\",\"@id\":\"https:\/\/evertonfc.cz\/#website\",\"url\":\"https:\/\/evertonfc.cz\/\",\"name\":\"Official Czech &amp; Slovak Everton Supporters&#039; Club\",\"description\":\"\",\"publisher\":{\"@id\":\"https:\/\/evertonfc.cz\/#organization\"},\"potentialAction\":[{\"@type\":\"SearchAction\",\"target\":{\"@type\":\"EntryPoint\",\"urlTemplate\":\"https:\/\/evertonfc.cz\/?s={search_term_string}\"},\"query-input\":{\"@type\":\"PropertyValueSpecification\",\"valueRequired\":true,\"valueName\":\"search_term_string\"}}],\"inLanguage\":\"cs\"},{\"@type\":\"Organization\",\"@id\":\"https:\/\/evertonfc.cz\/#organization\",\"name\":\"Official Czech & Slovak Everton Supporters' Club\",\"url\":\"https:\/\/evertonfc.cz\/\",\"logo\":{\"@type\":\"ImageObject\",\"inLanguage\":\"cs\",\"@id\":\"https:\/\/evertonfc.cz\/#\/schema\/logo\/image\/\",\"url\":\"https:\/\/evertonfc.cz\/wp-content\/uploads\/2019\/05\/logo.png\",\"contentUrl\":\"https:\/\/evertonfc.cz\/wp-content\/uploads\/2019\/05\/logo.png\",\"width\":112,\"height\":112,\"caption\":\"Official Czech & Slovak Everton Supporters' Club\"},\"image\":{\"@id\":\"https:\/\/evertonfc.cz\/#\/schema\/logo\/image\/\"},\"sameAs\":[\"https:\/\/www.facebook.com\/everton.fans.cz.sk\"]},{\"@type\":\"Person\",\"@id\":\"https:\/\/evertonfc.cz\/#\/schema\/person\/e9a24a80a32efa1344dd2c4e5882185c\",\"name\":\"Karamela\",\"url\":\"https:\/\/evertonfc.cz\/index.php\/author\/karamela\/\"}]}<\/script>\n<!-- \/ Yoast SEO plugin. -->","yoast_head_json":{"title":"Everton W - Tottenham W 2:1 - Official Czech &amp; Slovak Everton Supporters&#039; Club","robots":{"index":"index","follow":"follow","max-snippet":"max-snippet:-1","max-image-preview":"max-image-preview:large","max-video-preview":"max-video-preview:-1"},"canonical":"https:\/\/evertonfc.cz\/index.php\/2023\/04\/07\/everton-w-tottenham-w-21\/","og_locale":"cs_CZ","og_type":"article","og_title":"Everton W - Tottenham W 2:1 - Official Czech &amp; Slovak Everton Supporters&#039; Club","og_description":"O v\u00edkendu se n\u00e1m povedlo kombinac\u00ed \u010dasn\u00e9ho a pozdn\u00edho g\u00f3lu z\u00edskat skalp n\u00e1v\u0161t\u011bvy z Lond\u00fdna.","og_url":"https:\/\/evertonfc.cz\/index.php\/2023\/04\/07\/everton-w-tottenham-w-21\/","og_site_name":"Official Czech &amp; Slovak Everton Supporters&#039; Club","article_publisher":"https:\/\/www.facebook.com\/everton.fans.cz.sk","article_published_time":"2023-04-07T19:27:48+00:00","article_modified_time":"2023-04-08T07:44:47+00:00","og_image":[{"width":720,"height":405,"url":"https:\/\/evertonfc.cz\/wp-content\/uploads\/2023\/04\/George-Beever-Jones-vs-Tottenham-web-6_4_2023.jpg","type":"image\/jpeg"}],"author":"Karamela","twitter_card":"summary_large_image","twitter_misc":{"Napsal(a)":"Karamela","Odhadovan\u00e1 doba \u010dten\u00ed":"3 minuty"},"schema":{"@context":"https:\/\/schema.org","@graph":[{"@type":"Article","@id":"https:\/\/evertonfc.cz\/index.php\/2023\/04\/07\/everton-w-tottenham-w-21\/#article","isPartOf":{"@id":"https:\/\/evertonfc.cz\/index.php\/2023\/04\/07\/everton-w-tottenham-w-21\/"},"author":{"name":"Karamela","@id":"https:\/\/evertonfc.cz\/#\/schema\/person\/e9a24a80a32efa1344dd2c4e5882185c"},"headline":"Everton W &#8211; Tottenham W 2:1","datePublished":"2023-04-07T19:27:48+00:00","dateModified":"2023-04-08T07:44:47+00:00","mainEntityOfPage":{"@id":"https:\/\/evertonfc.cz\/index.php\/2023\/04\/07\/everton-w-tottenham-w-21\/"},"wordCount":706,"commentCount":0,"publisher":{"@id":"https:\/\/evertonfc.cz\/#organization"},"image":{"@id":"https:\/\/evertonfc.cz\/index.php\/2023\/04\/07\/everton-w-tottenham-w-21\/#primaryimage"},"thumbnailUrl":"https:\/\/evertonfc.cz\/wp-content\/uploads\/2023\/04\/George-Beever-Jones-vs-Tottenham-web-6_4_2023.jpg","articleSection":["Everton Women"],"inLanguage":"cs","potentialAction":[{"@type":"CommentAction","name":"Comment","target":["https:\/\/evertonfc.cz\/index.php\/2023\/04\/07\/everton-w-tottenham-w-21\/#respond"]}]},{"@type":"WebPage","@id":"https:\/\/evertonfc.cz\/index.php\/2023\/04\/07\/everton-w-tottenham-w-21\/","url":"https:\/\/evertonfc.cz\/index.php\/2023\/04\/07\/everton-w-tottenham-w-21\/","name":"Everton W - Tottenham W 2:1 - Official Czech &amp; Slovak Everton Supporters&#039; Club","isPartOf":{"@id":"https:\/\/evertonfc.cz\/#website"},"primaryImageOfPage":{"@id":"https:\/\/evertonfc.cz\/index.php\/2023\/04\/07\/everton-w-tottenham-w-21\/#primaryimage"},"image":{"@id":"https:\/\/evertonfc.cz\/index.php\/2023\/04\/07\/everton-w-tottenham-w-21\/#primaryimage"},"thumbnailUrl":"https:\/\/evertonfc.cz\/wp-content\/uploads\/2023\/04\/George-Beever-Jones-vs-Tottenham-web-6_4_2023.jpg","datePublished":"2023-04-07T19:27:48+00:00","dateModified":"2023-04-08T07:44:47+00:00","breadcrumb":{"@id":"https:\/\/evertonfc.cz\/index.php\/2023\/04\/07\/everton-w-tottenham-w-21\/#breadcrumb"},"inLanguage":"cs","potentialAction":[{"@type":"ReadAction","target":["https:\/\/evertonfc.cz\/index.php\/2023\/04\/07\/everton-w-tottenham-w-21\/"]}]},{"@type":"ImageObject","inLanguage":"cs","@id":"https:\/\/evertonfc.cz\/index.php\/2023\/04\/07\/everton-w-tottenham-w-21\/#primaryimage","url":"https:\/\/evertonfc.cz\/wp-content\/uploads\/2023\/04\/George-Beever-Jones-vs-Tottenham-web-6_4_2023.jpg","contentUrl":"https:\/\/evertonfc.cz\/wp-content\/uploads\/2023\/04\/George-Beever-Jones-vs-Tottenham-web-6_4_2023.jpg","width":720,"height":405},{"@type":"BreadcrumbList","@id":"https:\/\/evertonfc.cz\/index.php\/2023\/04\/07\/everton-w-tottenham-w-21\/#breadcrumb","itemListElement":[{"@type":"ListItem","position":1,"name":"Home","item":"https:\/\/evertonfc.cz\/"},{"@type":"ListItem","position":2,"name":"Everton W &#8211; Tottenham W 2:1"}]},{"@type":"WebSite","@id":"https:\/\/evertonfc.cz\/#website","url":"https:\/\/evertonfc.cz\/","name":"Official Czech &amp; Slovak Everton Supporters&#039; Club","description":"","publisher":{"@id":"https:\/\/evertonfc.cz\/#organization"},"potentialAction":[{"@type":"SearchAction","target":{"@type":"EntryPoint","urlTemplate":"https:\/\/evertonfc.cz\/?s={search_term_string}"},"query-input":{"@type":"PropertyValueSpecification","valueRequired":true,"valueName":"search_term_string"}}],"inLanguage":"cs"},{"@type":"Organization","@id":"https:\/\/evertonfc.cz\/#organization","name":"Official Czech & Slovak Everton Supporters' Club","url":"https:\/\/evertonfc.cz\/","logo":{"@type":"ImageObject","inLanguage":"cs","@id":"https:\/\/evertonfc.cz\/#\/schema\/logo\/image\/","url":"https:\/\/evertonfc.cz\/wp-content\/uploads\/2019\/05\/logo.png","contentUrl":"https:\/\/evertonfc.cz\/wp-content\/uploads\/2019\/05\/logo.png","width":112,"height":112,"caption":"Official Czech & Slovak Everton Supporters' Club"},"image":{"@id":"https:\/\/evertonfc.cz\/#\/schema\/logo\/image\/"},"sameAs":["https:\/\/www.facebook.com\/everton.fans.cz.sk"]},{"@type":"Person","@id":"https:\/\/evertonfc.cz\/#\/schema\/person\/e9a24a80a32efa1344dd2c4e5882185c","name":"Karamela","url":"https:\/\/evertonfc.cz\/index.php\/author\/karamela\/"}]}},"_links":{"self":[{"href":"https:\/\/evertonfc.cz\/index.php\/wp-json\/wp\/v2\/posts\/21330"}],"collection":[{"href":"https:\/\/evertonfc.cz\/index.php\/wp-json\/wp\/v2\/posts"}],"about":[{"href":"https:\/\/evertonfc.cz\/index.php\/wp-json\/wp\/v2\/types\/post"}],"author":[{"embeddable":true,"href":"https:\/\/evertonfc.cz\/index.php\/wp-json\/wp\/v2\/users\/26"}],"replies":[{"embeddable":true,"href":"https:\/\/evertonfc.cz\/index.php\/wp-json\/wp\/v2\/comments?post=21330"}],"version-history":[{"count":11,"href":"https:\/\/evertonfc.cz\/index.php\/wp-json\/wp\/v2\/posts\/21330\/revisions"}],"predecessor-version":[{"id":21351,"href":"https:\/\/evertonfc.cz\/index.php\/wp-json\/wp\/v2\/posts\/21330\/revisions\/21351"}],"wp:featuredmedia":[{"embeddable":true,"href":"https:\/\/evertonfc.cz\/index.php\/wp-json\/wp\/v2\/media\/21332"}],"wp:attachment":[{"href":"https:\/\/evertonfc.cz\/index.php\/wp-json\/wp\/v2\/media?parent=21330"}],"wp:term":[{"taxonomy":"category","embeddable":true,"href":"https:\/\/evertonfc.cz\/index.php\/wp-json\/wp\/v2\/categories?post=21330"},{"taxonomy":"post_tag","embeddable":true,"href":"https:\/\/evertonfc.cz\/index.php\/wp-json\/wp\/v2\/tags?post=21330"}],"curies":[{"name":"wp","href":"https:\/\/api.w.org\/{rel}","templated":true}]}}