{"id":21353,"date":"2023-04-08T11:34:31","date_gmt":"2023-04-08T09:34:31","guid":{"rendered":"https:\/\/evertonfc.cz\/?p=21353"},"modified":"2023-04-08T15:34:33","modified_gmt":"2023-04-08T13:34:33","slug":"preview-manchester-united-everton-11","status":"publish","type":"post","link":"https:\/\/evertonfc.cz\/index.php\/2023\/04\/08\/preview-manchester-united-everton-11\/","title":{"rendered":"Preview: Manchester United &#8211; Everton"},"content":{"rendered":"<h4>Dr\u017eet se nad hladinou, \u0161lapat vodu, rv\u00e1t se zb\u011bsile jako psi proti (kvalitativn\u00ed) p\u0159esile. Sean Dyche n\u00e1m vr\u00e1til nad\u011bji a z\u00e1rove\u0148 sebed\u016fv\u011bru rovnat se s\u00a0nejlep\u0161\u00edmi.<\/h4>\n<p>Chelsea si na n\u00e1s nep\u0159i\u0161la, Spurs jsme utekli z lopaty a tob\u011b, Man United, ute\u010deme taky! Spolu s kobl\u00ed\u017ekem si tak n\u011bjak p\u0159edstavuji zavr\u0161en\u00ed t\u011b\u017ek\u00e9ho trojboje proti t\u00fdm\u016fm z tzv. Top 6. Letos tabulkov\u011b n\u011bco takov\u00e9ho sice neexistuje, ale i tak jde zat\u00edm o slu\u0161n\u00fd po\u010din.<\/p>\n<p>Dru\u017eina Seana Dyche se neboj\u00e1cn\u011b vypo\u0159\u00e1dala s Lond\u00fd\u0148any, by\u0165 jednou doma. Podpora fans je pro t\u00fdm d\u016fle\u017eit\u00e1 a tak douf\u00e1m, ne, v\u011b\u0159\u00edm, \u017ee cestuj\u00edc\u00ed Evertonians se nebudou chovat v \u201eDivadle sn\u016f\u201c slu\u0161n\u011b a budou sly\u0161et i tentokr\u00e1t.<\/p>\n<h4>S fackou p\u0159ilet\u00ed zm\u011bna<\/h4>\n<p>Koncem zimy a p\u0159\u00edchodem jara provedl nov\u00fd v\u016fdce hladov\u011bj\u00edc\u00ed sme\u010dku v\u00edce ne\u017e obstojn\u011b. Do ka\u017ed\u00e9ho z\u00e1pasu jsme \u0161li p\u0159ipraveni a s dobrou discipl\u00ednou. Bohu\u017eel, nedokonal\u00e1 koordinace kon\u010detin Doucour\u00e9ho si vynut\u00ed po 4 z\u00e1pasech bez prohry n\u00e1hra\u017eku person\u00e1ln\u00ed ingredience v receptu nezdolnosti.<\/p>\n<p>Sean Dyche se sarkasmem sob\u011b vlastn\u00edm okomentoval ud\u00e1lost minul\u00e9ho kola a nenechal jednu \u0159asu suchou. K\u00fdm ale nahradit nezdoln\u00e9ho Malijce? Mo\u017enost\u00ed by bylo p\u0159eskupit \u00fatok, Graye posunout na kraj a Iwobiho na podhrot, pod Simmse. Ale oslabit tak prav\u00e9 k\u0159\u00eddlo nebude lodivod riskovat.<\/p>\n<p>Pravd\u011bpodobn\u011bj\u0161\u00ed je nasazen\u00ed odchovance United James Garnera. Mlad\u00fd reprezentant toho zat\u00edm p\u0159\u00edli\u0161 neodehr\u00e1l, v\u00a0sou\u010dtu minut to ned\u00e1 ani na 2 z\u00e1pasy. Ale zat\u00edm se jevil velmi nad\u011bjn\u011b, um\u00ed b\u00fdt pozitivn\u00ed ve h\u0159e dop\u0159edu. Alternativa v\u00a0podob\u011b Toma Daviese bohu\u017eel i vinou nepravideln\u00e9ho vyt\u00ed\u017een\u00ed hroz\u00ed v\u011bt\u0161inou n\u011bjakou nepozornost\u00ed \u010di chybi\u010dkou, kter\u00e1 by mohla b\u00fdt na Old Trafford osudnou.<\/p>\n<p>St\u00e1le se budeme muset obej\u00edt bez DCL, kter\u00e9ho snad uvid\u00edme na barik\u00e1d\u00e1ch v z\u00e1v\u011bre\u010dn\u00fdch boj\u00edch o z\u00e1chranu. Vinagre vyl\u00e9\u010dil achilovku, ale na v\u00edc ne\u017e na lavi\u010dku to stejn\u011b nebude, Townsenda letos pro jeho pochrouman\u00e9 koleno asi neuvid\u00edme.<\/p>\n<h4>S\u00a0holou hlavou cesta za \u0161t\u011bst\u00edm<\/h4>\n<p>Erik ten Hag ve sv\u00e9 prvn\u00ed sez\u00f3n\u011b zat\u00edm t\u011b\u017e\u00ed z v\u00fdpadku jin\u00fdch hegemon\u016f a zat\u00edm m\u00ed\u0159\u00ed zp\u011bt do vysn\u011bn\u00e9 Ligy mistr\u016f. Aktu\u00e1ln\u011b m\u00e1 za sebou men\u0161\u00ed krizi, kdy se Rud\u00fdm \u010f\u00e1bl\u016fm poda\u0159ilo vst\u0159elit jedinou branku ve 4 z\u00e1pasech. Navzdory tomu se v jin\u00fdch sout\u011b\u017e\u00edch Reds da\u0159\u00ed (triumf v Ligov\u00e9m poh\u00e1ru, \u010dtvrtfin\u00e1le EL, semifin\u00e1le Anglick\u00e9ho poh\u00e1ru), ostuda na Anfieldu odstartovala such\u00e9 obdob\u00ed.<\/p>\n<p>Velmi nyn\u00ed chyb\u00ed vykartovan\u00fd Casemiro, d\u016fle\u017eit\u00fd k\u00e1men v konstrukci t\u00fdmu. Ur\u010dit\u011b neuvid\u00edme Shawa, Garnacha, van den Beeka ani Heatona. P\u0159esto nem\u016f\u017ee b\u00fdt pochyb, \u017ee i zbytek man\u010daftu sk\u00fdt\u00e1 znamenit\u00fd v\u00fdb\u011br. Pozor je t\u0159eba d\u00e1t na Marcuse Rashforda, kter\u00fd dal 6 z posledn\u00edch 10 ligov\u00fdch branek United. Jako specializovan\u00fd bijec Karamelek se\u00a0 vyprofiloval Anthony Martial. V\u011b\u0159\u00edm, \u017ee to v\u0161echno si Dyche a jeho bra\u0161i dob\u0159e nastudovali.<\/p>\n<h4>Bylo nebylo<\/h4>\n<p>Letos Everton s United u\u017e dvakr\u00e1t prohr\u00e1l. Frank Lampard, je\u0161t\u011b ne\u017e se za odm\u011bnu p\u0159esunul zp\u011bt do sv\u00e9ho kr\u00e1lovstv\u00ed, dok\u00e1zal i p\u0159esto, \u017ee se t\u00fdm nepotk\u00e1val s formou, uhr\u00e1t s Holan\u010fanovou dru\u017einou vyrovnan\u00e9 partie. Posledn\u00ed dva v\u00fdlety do Manchesteru skon\u010dili rem\u00edzou, ale to nebyla Frankova pr\u00e1ce. Everton p\u0159\u00edj\u00ed\u017ed\u00ed toti\u017e na Old Trafford posedm\u00e9 za sebou s jin\u00fdm mana\u017eerem. Dyche tady s Burnley vyhr\u00e1l, tak\u017ee v\u00ed, jak nav\u00e1zat na ojedin\u011bl\u00fd \u00fasp\u011bch z roku 2020.<\/p>\n<p>Vz\u00e1jemn\u00e1 bilance \u010d\u00edt\u00e1 ji\u017e 211 st\u0159etnut\u00ed ve v\u0161ech sout\u011b\u017e\u00edch, ale je zna\u010dn\u011b pochrouman\u00e1 \u00e9rou Premier League, jako asi ka\u017ed\u00e1 na\u0161e bilance. Pouh\u00e1 2 v\u00edt\u011bzstv\u00ed v\u00a0t\u00e9to dob\u011b na h\u0159i\u0161ti dne\u0161n\u00edho soupe\u0159e jdou ruku v\u00a0ruce i s\u00a0na\u0161\u00ed leto\u0161n\u00ed venkovn\u00ed formou. Posledn\u00ed v\u00fdhra venku prob\u011bhla v\u00a0\u0159\u00edjnu se Saints, tak\u017ee u\u017e je na \u010dase. In Dyche we trust.<\/p>\n<p><strong>Co<\/strong>: Manchester United FC &#8211; Everton FC,\u00a0 30. kolo Premier League<br \/>\n<strong>Kdy<\/strong>: sobota 8. dubna 2023 od 13:30 SE\u010c<br \/>\n<strong>Kde<\/strong>: Old Trafford &#8211; Sir Matt Busby Way, Manchester, M16 0RA (kapacita: 74\u00a0310)<br \/>\n<strong>TV<\/strong>: na stanici Canal + Sport, komentuje J. Bos\u00e1k<br \/>\n<strong>Rozhod\u010d\u00ed<\/strong>: Michael Oliver\u00a0 <strong>Postrann\u00ed:<\/strong> Stuart Burt, Simon Bennett\u00a0\u00a0<strong>\u010ctvrt\u00fd rozhod\u010d\u00ed:<\/strong>\u00a0Graham Scott<br \/>\n<strong>VAR:\u00a0<\/strong>Paul Tierney\u00a0 <strong>Asistent VAR:\u00a0<\/strong>Steven Meredith<\/p>\n","protected":false},"excerpt":{"rendered":"<p>Dr\u017eet se nad hladinou, \u0161lapat vodu, rv\u00e1t se zb\u011bsile jako psi proti (kvalitativn\u00ed) p\u0159esile. Sean Dyche n\u00e1m vr\u00e1til nad\u011bji a z\u00e1rove\u0148 sebed\u016fv\u011bru rovnat se s\u00a0nejlep\u0161\u00edmi.<\/p>\n","protected":false},"author":10,"featured_media":13968,"comment_status":"open","ping_status":"closed","sticky":false,"template":"","format":"standard","meta":{"_eb_attr":"","_monsterinsights_skip_tracking":false,"_monsterinsights_sitenote_active":false,"_monsterinsights_sitenote_note":"","_monsterinsights_sitenote_category":0,"footnotes":""},"categories":[4],"tags":[],"yoast_head":"<!-- This site is optimized with the Yoast SEO plugin v23.4 - https:\/\/yoast.com\/wordpress\/plugins\/seo\/ -->\n<title>Preview: Manchester United - Everton - Official Czech &amp; Slovak Everton Supporters&#039; Club<\/title>\n<meta name=\"robots\" content=\"index, follow, max-snippet:-1, max-image-preview:large, max-video-preview:-1\" \/>\n<link rel=\"canonical\" href=\"https:\/\/evertonfc.cz\/index.php\/2023\/04\/08\/preview-manchester-united-everton-11\/\" \/>\n<meta property=\"og:locale\" content=\"cs_CZ\" \/>\n<meta property=\"og:type\" content=\"article\" \/>\n<meta property=\"og:title\" content=\"Preview: Manchester United - Everton - Official Czech &amp; Slovak Everton Supporters&#039; Club\" \/>\n<meta property=\"og:description\" content=\"Dr\u017eet se nad hladinou, \u0161lapat vodu, rv\u00e1t se zb\u011bsile jako psi proti (kvalitativn\u00ed) p\u0159esile. Sean Dyche n\u00e1m vr\u00e1til nad\u011bji a z\u00e1rove\u0148 sebed\u016fv\u011bru rovnat se s\u00a0nejlep\u0161\u00edmi.\" \/>\n<meta property=\"og:url\" content=\"https:\/\/evertonfc.cz\/index.php\/2023\/04\/08\/preview-manchester-united-everton-11\/\" \/>\n<meta property=\"og:site_name\" content=\"Official Czech &amp; Slovak Everton Supporters&#039; Club\" \/>\n<meta property=\"article:publisher\" content=\"https:\/\/www.facebook.com\/everton.fans.cz.sk\" \/>\n<meta property=\"article:published_time\" content=\"2023-04-08T09:34:31+00:00\" \/>\n<meta property=\"article:modified_time\" content=\"2023-04-08T13:34:33+00:00\" \/>\n<meta property=\"og:image\" content=\"https:\/\/evertonfc.cz\/wp-content\/uploads\/2021\/02\/Manchester-United-VS-Everton.jpg\" \/>\n\t<meta property=\"og:image:width\" content=\"720\" \/>\n\t<meta property=\"og:image:height\" content=\"405\" \/>\n\t<meta property=\"og:image:type\" content=\"image\/jpeg\" \/>\n<meta name=\"author\" content=\"Fip\" \/>\n<meta name=\"twitter:card\" content=\"summary_large_image\" \/>\n<meta name=\"twitter:label1\" content=\"Napsal(a)\" \/>\n\t<meta name=\"twitter:data1\" content=\"Fip\" \/>\n\t<meta name=\"twitter:label2\" content=\"Odhadovan\u00e1 doba \u010dten\u00ed\" \/>\n\t<meta name=\"twitter:data2\" content=\"4 minuty\" \/>\n<script type=\"application\/ld+json\" class=\"yoast-schema-graph\">{\"@context\":\"https:\/\/schema.org\",\"@graph\":[{\"@type\":\"Article\",\"@id\":\"https:\/\/evertonfc.cz\/index.php\/2023\/04\/08\/preview-manchester-united-everton-11\/#article\",\"isPartOf\":{\"@id\":\"https:\/\/evertonfc.cz\/index.php\/2023\/04\/08\/preview-manchester-united-everton-11\/\"},\"author\":{\"name\":\"Fip\",\"@id\":\"https:\/\/evertonfc.cz\/#\/schema\/person\/35904009755e8eaa0dc1a5f5f0419002\"},\"headline\":\"Preview: Manchester United &#8211; Everton\",\"datePublished\":\"2023-04-08T09:34:31+00:00\",\"dateModified\":\"2023-04-08T13:34:33+00:00\",\"mainEntityOfPage\":{\"@id\":\"https:\/\/evertonfc.cz\/index.php\/2023\/04\/08\/preview-manchester-united-everton-11\/\"},\"wordCount\":804,\"commentCount\":4,\"publisher\":{\"@id\":\"https:\/\/evertonfc.cz\/#organization\"},\"image\":{\"@id\":\"https:\/\/evertonfc.cz\/index.php\/2023\/04\/08\/preview-manchester-united-everton-11\/#primaryimage\"},\"thumbnailUrl\":\"https:\/\/evertonfc.cz\/wp-content\/uploads\/2021\/02\/Manchester-United-VS-Everton.jpg\",\"articleSection\":[\"Z\u00e1pasy\"],\"inLanguage\":\"cs\",\"potentialAction\":[{\"@type\":\"CommentAction\",\"name\":\"Comment\",\"target\":[\"https:\/\/evertonfc.cz\/index.php\/2023\/04\/08\/preview-manchester-united-everton-11\/#respond\"]}]},{\"@type\":\"WebPage\",\"@id\":\"https:\/\/evertonfc.cz\/index.php\/2023\/04\/08\/preview-manchester-united-everton-11\/\",\"url\":\"https:\/\/evertonfc.cz\/index.php\/2023\/04\/08\/preview-manchester-united-everton-11\/\",\"name\":\"Preview: Manchester United - Everton - Official Czech &amp; Slovak Everton Supporters&#039; Club\",\"isPartOf\":{\"@id\":\"https:\/\/evertonfc.cz\/#website\"},\"primaryImageOfPage\":{\"@id\":\"https:\/\/evertonfc.cz\/index.php\/2023\/04\/08\/preview-manchester-united-everton-11\/#primaryimage\"},\"image\":{\"@id\":\"https:\/\/evertonfc.cz\/index.php\/2023\/04\/08\/preview-manchester-united-everton-11\/#primaryimage\"},\"thumbnailUrl\":\"https:\/\/evertonfc.cz\/wp-content\/uploads\/2021\/02\/Manchester-United-VS-Everton.jpg\",\"datePublished\":\"2023-04-08T09:34:31+00:00\",\"dateModified\":\"2023-04-08T13:34:33+00:00\",\"breadcrumb\":{\"@id\":\"https:\/\/evertonfc.cz\/index.php\/2023\/04\/08\/preview-manchester-united-everton-11\/#breadcrumb\"},\"inLanguage\":\"cs\",\"potentialAction\":[{\"@type\":\"ReadAction\",\"target\":[\"https:\/\/evertonfc.cz\/index.php\/2023\/04\/08\/preview-manchester-united-everton-11\/\"]}]},{\"@type\":\"ImageObject\",\"inLanguage\":\"cs\",\"@id\":\"https:\/\/evertonfc.cz\/index.php\/2023\/04\/08\/preview-manchester-united-everton-11\/#primaryimage\",\"url\":\"https:\/\/evertonfc.cz\/wp-content\/uploads\/2021\/02\/Manchester-United-VS-Everton.jpg\",\"contentUrl\":\"https:\/\/evertonfc.cz\/wp-content\/uploads\/2021\/02\/Manchester-United-VS-Everton.jpg\",\"width\":720,\"height\":405},{\"@type\":\"BreadcrumbList\",\"@id\":\"https:\/\/evertonfc.cz\/index.php\/2023\/04\/08\/preview-manchester-united-everton-11\/#breadcrumb\",\"itemListElement\":[{\"@type\":\"ListItem\",\"position\":1,\"name\":\"Home\",\"item\":\"https:\/\/evertonfc.cz\/\"},{\"@type\":\"ListItem\",\"position\":2,\"name\":\"Preview: Manchester United &#8211; Everton\"}]},{\"@type\":\"WebSite\",\"@id\":\"https:\/\/evertonfc.cz\/#website\",\"url\":\"https:\/\/evertonfc.cz\/\",\"name\":\"Official Czech &amp; Slovak Everton Supporters&#039; Club\",\"description\":\"\",\"publisher\":{\"@id\":\"https:\/\/evertonfc.cz\/#organization\"},\"potentialAction\":[{\"@type\":\"SearchAction\",\"target\":{\"@type\":\"EntryPoint\",\"urlTemplate\":\"https:\/\/evertonfc.cz\/?s={search_term_string}\"},\"query-input\":{\"@type\":\"PropertyValueSpecification\",\"valueRequired\":true,\"valueName\":\"search_term_string\"}}],\"inLanguage\":\"cs\"},{\"@type\":\"Organization\",\"@id\":\"https:\/\/evertonfc.cz\/#organization\",\"name\":\"Official Czech & Slovak Everton Supporters' Club\",\"url\":\"https:\/\/evertonfc.cz\/\",\"logo\":{\"@type\":\"ImageObject\",\"inLanguage\":\"cs\",\"@id\":\"https:\/\/evertonfc.cz\/#\/schema\/logo\/image\/\",\"url\":\"https:\/\/evertonfc.cz\/wp-content\/uploads\/2019\/05\/logo.png\",\"contentUrl\":\"https:\/\/evertonfc.cz\/wp-content\/uploads\/2019\/05\/logo.png\",\"width\":112,\"height\":112,\"caption\":\"Official Czech & Slovak Everton Supporters' Club\"},\"image\":{\"@id\":\"https:\/\/evertonfc.cz\/#\/schema\/logo\/image\/\"},\"sameAs\":[\"https:\/\/www.facebook.com\/everton.fans.cz.sk\"]},{\"@type\":\"Person\",\"@id\":\"https:\/\/evertonfc.cz\/#\/schema\/person\/35904009755e8eaa0dc1a5f5f0419002\",\"name\":\"Fip\",\"url\":\"https:\/\/evertonfc.cz\/index.php\/author\/fip\/\"}]}<\/script>\n<!-- \/ Yoast SEO plugin. -->","yoast_head_json":{"title":"Preview: Manchester United - Everton - Official Czech &amp; Slovak Everton Supporters&#039; Club","robots":{"index":"index","follow":"follow","max-snippet":"max-snippet:-1","max-image-preview":"max-image-preview:large","max-video-preview":"max-video-preview:-1"},"canonical":"https:\/\/evertonfc.cz\/index.php\/2023\/04\/08\/preview-manchester-united-everton-11\/","og_locale":"cs_CZ","og_type":"article","og_title":"Preview: Manchester United - Everton - Official Czech &amp; Slovak Everton Supporters&#039; Club","og_description":"Dr\u017eet se nad hladinou, \u0161lapat vodu, rv\u00e1t se zb\u011bsile jako psi proti (kvalitativn\u00ed) p\u0159esile. Sean Dyche n\u00e1m vr\u00e1til nad\u011bji a z\u00e1rove\u0148 sebed\u016fv\u011bru rovnat se s\u00a0nejlep\u0161\u00edmi.","og_url":"https:\/\/evertonfc.cz\/index.php\/2023\/04\/08\/preview-manchester-united-everton-11\/","og_site_name":"Official Czech &amp; Slovak Everton Supporters&#039; Club","article_publisher":"https:\/\/www.facebook.com\/everton.fans.cz.sk","article_published_time":"2023-04-08T09:34:31+00:00","article_modified_time":"2023-04-08T13:34:33+00:00","og_image":[{"width":720,"height":405,"url":"https:\/\/evertonfc.cz\/wp-content\/uploads\/2021\/02\/Manchester-United-VS-Everton.jpg","type":"image\/jpeg"}],"author":"Fip","twitter_card":"summary_large_image","twitter_misc":{"Napsal(a)":"Fip","Odhadovan\u00e1 doba \u010dten\u00ed":"4 minuty"},"schema":{"@context":"https:\/\/schema.org","@graph":[{"@type":"Article","@id":"https:\/\/evertonfc.cz\/index.php\/2023\/04\/08\/preview-manchester-united-everton-11\/#article","isPartOf":{"@id":"https:\/\/evertonfc.cz\/index.php\/2023\/04\/08\/preview-manchester-united-everton-11\/"},"author":{"name":"Fip","@id":"https:\/\/evertonfc.cz\/#\/schema\/person\/35904009755e8eaa0dc1a5f5f0419002"},"headline":"Preview: Manchester United &#8211; Everton","datePublished":"2023-04-08T09:34:31+00:00","dateModified":"2023-04-08T13:34:33+00:00","mainEntityOfPage":{"@id":"https:\/\/evertonfc.cz\/index.php\/2023\/04\/08\/preview-manchester-united-everton-11\/"},"wordCount":804,"commentCount":4,"publisher":{"@id":"https:\/\/evertonfc.cz\/#organization"},"image":{"@id":"https:\/\/evertonfc.cz\/index.php\/2023\/04\/08\/preview-manchester-united-everton-11\/#primaryimage"},"thumbnailUrl":"https:\/\/evertonfc.cz\/wp-content\/uploads\/2021\/02\/Manchester-United-VS-Everton.jpg","articleSection":["Z\u00e1pasy"],"inLanguage":"cs","potentialAction":[{"@type":"CommentAction","name":"Comment","target":["https:\/\/evertonfc.cz\/index.php\/2023\/04\/08\/preview-manchester-united-everton-11\/#respond"]}]},{"@type":"WebPage","@id":"https:\/\/evertonfc.cz\/index.php\/2023\/04\/08\/preview-manchester-united-everton-11\/","url":"https:\/\/evertonfc.cz\/index.php\/2023\/04\/08\/preview-manchester-united-everton-11\/","name":"Preview: Manchester United - Everton - Official Czech &amp; Slovak Everton Supporters&#039; Club","isPartOf":{"@id":"https:\/\/evertonfc.cz\/#website"},"primaryImageOfPage":{"@id":"https:\/\/evertonfc.cz\/index.php\/2023\/04\/08\/preview-manchester-united-everton-11\/#primaryimage"},"image":{"@id":"https:\/\/evertonfc.cz\/index.php\/2023\/04\/08\/preview-manchester-united-everton-11\/#primaryimage"},"thumbnailUrl":"https:\/\/evertonfc.cz\/wp-content\/uploads\/2021\/02\/Manchester-United-VS-Everton.jpg","datePublished":"2023-04-08T09:34:31+00:00","dateModified":"2023-04-08T13:34:33+00:00","breadcrumb":{"@id":"https:\/\/evertonfc.cz\/index.php\/2023\/04\/08\/preview-manchester-united-everton-11\/#breadcrumb"},"inLanguage":"cs","potentialAction":[{"@type":"ReadAction","target":["https:\/\/evertonfc.cz\/index.php\/2023\/04\/08\/preview-manchester-united-everton-11\/"]}]},{"@type":"ImageObject","inLanguage":"cs","@id":"https:\/\/evertonfc.cz\/index.php\/2023\/04\/08\/preview-manchester-united-everton-11\/#primaryimage","url":"https:\/\/evertonfc.cz\/wp-content\/uploads\/2021\/02\/Manchester-United-VS-Everton.jpg","contentUrl":"https:\/\/evertonfc.cz\/wp-content\/uploads\/2021\/02\/Manchester-United-VS-Everton.jpg","width":720,"height":405},{"@type":"BreadcrumbList","@id":"https:\/\/evertonfc.cz\/index.php\/2023\/04\/08\/preview-manchester-united-everton-11\/#breadcrumb","itemListElement":[{"@type":"ListItem","position":1,"name":"Home","item":"https:\/\/evertonfc.cz\/"},{"@type":"ListItem","position":2,"name":"Preview: Manchester United &#8211; Everton"}]},{"@type":"WebSite","@id":"https:\/\/evertonfc.cz\/#website","url":"https:\/\/evertonfc.cz\/","name":"Official Czech &amp; Slovak Everton Supporters&#039; Club","description":"","publisher":{"@id":"https:\/\/evertonfc.cz\/#organization"},"potentialAction":[{"@type":"SearchAction","target":{"@type":"EntryPoint","urlTemplate":"https:\/\/evertonfc.cz\/?s={search_term_string}"},"query-input":{"@type":"PropertyValueSpecification","valueRequired":true,"valueName":"search_term_string"}}],"inLanguage":"cs"},{"@type":"Organization","@id":"https:\/\/evertonfc.cz\/#organization","name":"Official Czech & Slovak Everton Supporters' Club","url":"https:\/\/evertonfc.cz\/","logo":{"@type":"ImageObject","inLanguage":"cs","@id":"https:\/\/evertonfc.cz\/#\/schema\/logo\/image\/","url":"https:\/\/evertonfc.cz\/wp-content\/uploads\/2019\/05\/logo.png","contentUrl":"https:\/\/evertonfc.cz\/wp-content\/uploads\/2019\/05\/logo.png","width":112,"height":112,"caption":"Official Czech & Slovak Everton Supporters' Club"},"image":{"@id":"https:\/\/evertonfc.cz\/#\/schema\/logo\/image\/"},"sameAs":["https:\/\/www.facebook.com\/everton.fans.cz.sk"]},{"@type":"Person","@id":"https:\/\/evertonfc.cz\/#\/schema\/person\/35904009755e8eaa0dc1a5f5f0419002","name":"Fip","url":"https:\/\/evertonfc.cz\/index.php\/author\/fip\/"}]}},"_links":{"self":[{"href":"https:\/\/evertonfc.cz\/index.php\/wp-json\/wp\/v2\/posts\/21353"}],"collection":[{"href":"https:\/\/evertonfc.cz\/index.php\/wp-json\/wp\/v2\/posts"}],"about":[{"href":"https:\/\/evertonfc.cz\/index.php\/wp-json\/wp\/v2\/types\/post"}],"author":[{"embeddable":true,"href":"https:\/\/evertonfc.cz\/index.php\/wp-json\/wp\/v2\/users\/10"}],"replies":[{"embeddable":true,"href":"https:\/\/evertonfc.cz\/index.php\/wp-json\/wp\/v2\/comments?post=21353"}],"version-history":[{"count":6,"href":"https:\/\/evertonfc.cz\/index.php\/wp-json\/wp\/v2\/posts\/21353\/revisions"}],"predecessor-version":[{"id":21359,"href":"https:\/\/evertonfc.cz\/index.php\/wp-json\/wp\/v2\/posts\/21353\/revisions\/21359"}],"wp:featuredmedia":[{"embeddable":true,"href":"https:\/\/evertonfc.cz\/index.php\/wp-json\/wp\/v2\/media\/13968"}],"wp:attachment":[{"href":"https:\/\/evertonfc.cz\/index.php\/wp-json\/wp\/v2\/media?parent=21353"}],"wp:term":[{"taxonomy":"category","embeddable":true,"href":"https:\/\/evertonfc.cz\/index.php\/wp-json\/wp\/v2\/categories?post=21353"},{"taxonomy":"post_tag","embeddable":true,"href":"https:\/\/evertonfc.cz\/index.php\/wp-json\/wp\/v2\/tags?post=21353"}],"curies":[{"name":"wp","href":"https:\/\/api.w.org\/{rel}","templated":true}]}}