{"id":21363,"date":"2023-04-09T16:09:51","date_gmt":"2023-04-09T14:09:51","guid":{"rendered":"https:\/\/evertonfc.cz\/?p=21363"},"modified":"2023-04-10T11:30:40","modified_gmt":"2023-04-10T09:30:40","slug":"manchester-united-everton-20-2","status":"publish","type":"post","link":"https:\/\/evertonfc.cz\/index.php\/2023\/04\/09\/manchester-united-everton-20-2\/","title":{"rendered":"Manchester United &#8211; Everton 2:0"},"content":{"rendered":"<h4>Rutnn\u00ed v\u00edt\u011bzstv\u00ed pro dom\u00e1c\u00ed, host\u00e9 podali hor\u0161\u00ed v\u00fdkon ne\u017e ve t\u0159et\u00edm kole Anglick\u00e9ho poh\u00e1ru.<\/h4>\n<p>Dom\u00e1c\u00ed za\u010dali o\u010dek\u00e1van\u00fdm tlakem, prvn\u00ed velkou \u0161anci nevyu\u017eil v 8. minut\u011b Rashford, Pickford merunu vyrazil. Pot\u00e9 trefil Antony po rohu ty\u010dku, z dor\u00e1\u017eky poslal Wan-Bisaka m\u00ed\u010d vedle, co\u017e je ze vzd\u00e1lenosti t\u0159\u00ed metr\u016f um\u011bn\u00ed. United pokra\u010dovali v tlaku, Everton \u010dekal na brejky a m\u00e1lem se do\u010dkal na konci prvn\u00ed dvacetiminutovky.<\/p>\n<p>Simms nar\u00e1\u017ee\u010dkou s McNeilem vy\u0159adili obranu dom\u00e1c\u00edch, ale z 8 metr\u016f poslal m\u00ed\u010d vedle. Dal\u0161\u00ed \u0161ance neprom\u011bnil Antony, p\u0159i prvn\u00ed zakro\u010dil Pickford a p\u0159i druh\u00e9 p\u0159isp\u011bchal se skluzem v\u010das Godfrey. Znovu nevyu\u017eil velkou p\u0159\u00edle\u017eitost Rashford, nutno \u0159\u00edci, \u017ee Pickford chytal skv\u011ble cel\u00fd z\u00e1pas a jen kv\u016fli n\u011bmu nedostal Everton popul\u00e1rn\u00edho b\u016fra. Kdy\u017e se \u010derven\u00ed v 36. minut\u011b ujali veden\u00ed, tak to bylo nepochybn\u011b zaslou\u017een\u00e9.<\/p>\n<p>Sancho poslal p\u0159ihr\u00e1vku na roh mal\u00e9ho v\u00e1pna, kam si nab\u011bhl McTominay, a prost\u0159elil Pickforda k bli\u017e\u0161\u00ed ty\u010di &#8211; <strong>1:0!\u00a0<\/strong>S odpov\u011bd\u00ed host\u016f p\u0159isp\u011bchal McNeil, ale jeho st\u0159elu zblokoval Mart\u00ednez, Antony v nastaven\u00e9m \u010dase prvn\u00ed p\u016fle v dal\u0161\u00ed \u0161anci nevyzr\u00e1l na g\u00f3lmana host\u016f.<\/p>\n<p>United i nad\u00e1le pokra\u010dovali v tlaku, ale host\u00e9 si na za\u010d\u00e1tku druh\u00e9ho polo\u010dasu ohl\u00eddali, \u017ee nebudou m\u00edt velk\u00e9 \u0161ance. Ale co to bylo platn\u00e9, kdy\u017e u\u017e prohr\u00e1vali a sm\u011brem dop\u0159edu byli ne\u0161kodn\u00ed? Trocha snahy od Simmse a McNeila byla vid\u011bt, ale t\u00edm to haslo. V polovin\u011b druh\u00e9ho polo\u010dasu nevid\u011bl jasnou \u017elutou McTominay za zbyte\u010dn\u00e9 zakopnut\u00ed m\u00ed\u010de, Pickford p\u0159edt\u00edm zlikvidoval dal\u0161\u00ed p\u0159ile\u017eitosti Antonymu a Rashfordovi.<\/p>\n<p>St\u0159ely Iwobiho a Garnera byly zblokov\u00e1ny, n\u00e1sledn\u011b dom\u00e1c\u00ed zv\u00fd\u0161ili veden\u00ed. Colemanovi pro\u0161el n\u00e1kop obr\u00e1nce pod kopa\u010dkou, dostal se k Rashfordovi, jeho\u017e p\u0159ihr\u00e1vku vyu\u017eil Martial &#8211;<strong> 2:0!<\/strong> Rashford se nach\u00e1zel v podez\u0159el\u00e9 pozici, ale g\u00f3l platil. Ve zbytku ma\u010de si dom\u00e1c\u00ed veden\u00ed v klidu pohl\u00eddali.<\/p>\n<p style=\"text-align: right;\"><span style=\"font-size: 8pt;\">(fotozdroj: premierleague.com)<\/span><\/p>\n<p><strong>Branky:<\/strong>\u00a0<span data-source=\"lightstreamer\" data-grid=\"main\" data-item=\"item_762750\" data-field=\"scorers\">36. McTominay, 71. Martial<\/span><\/p>\n<p><strong>Manchester United FC: <\/strong>De Gea \u2013 Wan-Bissaka, Maguire, L. Mart\u00ednez, Malacia \u2013 McTominay, Fernandes \u2013 Antony<br \/>\n(60. Martial), Sabitzer (76. Fred), Sancho (76. Eriksen) \u2013 Rashford (81. Weghorst)<\/p>\n<p><strong>Everton FC:<\/strong>\u00a0<span data-source=\"lightstreamer\" data-grid=\"main\" data-item=\"item_762750\" data-field=\"report2\">Pickford \u2013 Coleman(87. Patterson), Keane, Tarkowski, Godfrey (46. Mykolenko) \u2013 Gueye (60. Garner) \u2013\u00a0 Gray, Iwobi, Onana (60. T. Davies), McNeil \u2013 Simms (70. Maupay)<\/span><\/p>\n<p><strong>Rozhod\u010d\u00ed:\u00a0<\/strong>Michael Oliver\u00a0 <strong>Div\u00e1ci:\u00a0<\/strong>73 509<\/p>\n","protected":false},"excerpt":{"rendered":"<p>O\u010dek\u00e1van\u00fd v\u00fdkon, o\u010dek\u00e1van\u00fd v\u00fdsledek. Rutnn\u00ed v\u00edt\u011bzstv\u00ed pro dom\u00e1c\u00ed, host\u00e9 podali hor\u0161\u00ed v\u00fdkon ne\u017e ve t\u0159et\u00edm kole Anglick\u00e9ho poh\u00e1ru.<\/p>\n","protected":false},"author":12,"featured_media":21366,"comment_status":"open","ping_status":"closed","sticky":false,"template":"","format":"standard","meta":{"_eb_attr":"","_monsterinsights_skip_tracking":false,"_monsterinsights_sitenote_active":false,"_monsterinsights_sitenote_note":"","_monsterinsights_sitenote_category":0,"footnotes":""},"categories":[4],"tags":[],"yoast_head":"<!-- This site is optimized with the Yoast SEO plugin v23.4 - https:\/\/yoast.com\/wordpress\/plugins\/seo\/ -->\n<title>Manchester United - Everton 2:0 - Official Czech &amp; Slovak Everton Supporters&#039; Club<\/title>\n<meta name=\"description\" content=\"O\u010dek\u00e1van\u00fd v\u00fdkon, o\u010dek\u00e1van\u00fd v\u00fdsledek.\" \/>\n<meta name=\"robots\" content=\"index, follow, max-snippet:-1, max-image-preview:large, max-video-preview:-1\" \/>\n<link rel=\"canonical\" href=\"https:\/\/evertonfc.cz\/index.php\/2023\/04\/09\/manchester-united-everton-20-2\/\" \/>\n<meta property=\"og:locale\" content=\"cs_CZ\" \/>\n<meta property=\"og:type\" content=\"article\" \/>\n<meta property=\"og:title\" content=\"Manchester United - Everton 2:0 - Official Czech &amp; Slovak Everton Supporters&#039; Club\" \/>\n<meta property=\"og:description\" content=\"O\u010dek\u00e1van\u00fd v\u00fdkon, o\u010dek\u00e1van\u00fd v\u00fdsledek.\" \/>\n<meta property=\"og:url\" content=\"https:\/\/evertonfc.cz\/index.php\/2023\/04\/09\/manchester-united-everton-20-2\/\" \/>\n<meta property=\"og:site_name\" content=\"Official Czech &amp; Slovak Everton Supporters&#039; Club\" \/>\n<meta property=\"article:publisher\" content=\"https:\/\/www.facebook.com\/everton.fans.cz.sk\" \/>\n<meta property=\"article:published_time\" content=\"2023-04-09T14:09:51+00:00\" \/>\n<meta property=\"article:modified_time\" content=\"2023-04-10T09:30:40+00:00\" \/>\n<meta property=\"og:image\" content=\"https:\/\/evertonfc.cz\/wp-content\/uploads\/2023\/04\/Manchester-United-2-0-Everton-by-pl.com-9-4-2023.jpg\" \/>\n\t<meta property=\"og:image:width\" content=\"720\" \/>\n\t<meta property=\"og:image:height\" content=\"405\" \/>\n\t<meta property=\"og:image:type\" content=\"image\/jpeg\" \/>\n<meta name=\"author\" content=\"Javor\" \/>\n<meta name=\"twitter:card\" content=\"summary_large_image\" \/>\n<meta name=\"twitter:creator\" content=\"@LoudinJan\" \/>\n<meta name=\"twitter:label1\" content=\"Napsal(a)\" \/>\n\t<meta name=\"twitter:data1\" content=\"Javor\" \/>\n\t<meta name=\"twitter:label2\" content=\"Odhadovan\u00e1 doba \u010dten\u00ed\" \/>\n\t<meta name=\"twitter:data2\" content=\"2 minuty\" \/>\n<script type=\"application\/ld+json\" class=\"yoast-schema-graph\">{\"@context\":\"https:\/\/schema.org\",\"@graph\":[{\"@type\":\"Article\",\"@id\":\"https:\/\/evertonfc.cz\/index.php\/2023\/04\/09\/manchester-united-everton-20-2\/#article\",\"isPartOf\":{\"@id\":\"https:\/\/evertonfc.cz\/index.php\/2023\/04\/09\/manchester-united-everton-20-2\/\"},\"author\":{\"name\":\"Javor\",\"@id\":\"https:\/\/evertonfc.cz\/#\/schema\/person\/b30daf6a5852f4811f8207a17ec1bf78\"},\"headline\":\"Manchester United &#8211; Everton 2:0\",\"datePublished\":\"2023-04-09T14:09:51+00:00\",\"dateModified\":\"2023-04-10T09:30:40+00:00\",\"mainEntityOfPage\":{\"@id\":\"https:\/\/evertonfc.cz\/index.php\/2023\/04\/09\/manchester-united-everton-20-2\/\"},\"wordCount\":428,\"commentCount\":2,\"publisher\":{\"@id\":\"https:\/\/evertonfc.cz\/#organization\"},\"image\":{\"@id\":\"https:\/\/evertonfc.cz\/index.php\/2023\/04\/09\/manchester-united-everton-20-2\/#primaryimage\"},\"thumbnailUrl\":\"https:\/\/evertonfc.cz\/wp-content\/uploads\/2023\/04\/Manchester-United-2-0-Everton-by-pl.com-9-4-2023.jpg\",\"articleSection\":[\"Z\u00e1pasy\"],\"inLanguage\":\"cs\",\"potentialAction\":[{\"@type\":\"CommentAction\",\"name\":\"Comment\",\"target\":[\"https:\/\/evertonfc.cz\/index.php\/2023\/04\/09\/manchester-united-everton-20-2\/#respond\"]}]},{\"@type\":\"WebPage\",\"@id\":\"https:\/\/evertonfc.cz\/index.php\/2023\/04\/09\/manchester-united-everton-20-2\/\",\"url\":\"https:\/\/evertonfc.cz\/index.php\/2023\/04\/09\/manchester-united-everton-20-2\/\",\"name\":\"Manchester United - Everton 2:0 - Official Czech &amp; Slovak Everton Supporters&#039; Club\",\"isPartOf\":{\"@id\":\"https:\/\/evertonfc.cz\/#website\"},\"primaryImageOfPage\":{\"@id\":\"https:\/\/evertonfc.cz\/index.php\/2023\/04\/09\/manchester-united-everton-20-2\/#primaryimage\"},\"image\":{\"@id\":\"https:\/\/evertonfc.cz\/index.php\/2023\/04\/09\/manchester-united-everton-20-2\/#primaryimage\"},\"thumbnailUrl\":\"https:\/\/evertonfc.cz\/wp-content\/uploads\/2023\/04\/Manchester-United-2-0-Everton-by-pl.com-9-4-2023.jpg\",\"datePublished\":\"2023-04-09T14:09:51+00:00\",\"dateModified\":\"2023-04-10T09:30:40+00:00\",\"description\":\"O\u010dek\u00e1van\u00fd v\u00fdkon, o\u010dek\u00e1van\u00fd v\u00fdsledek.\",\"breadcrumb\":{\"@id\":\"https:\/\/evertonfc.cz\/index.php\/2023\/04\/09\/manchester-united-everton-20-2\/#breadcrumb\"},\"inLanguage\":\"cs\",\"potentialAction\":[{\"@type\":\"ReadAction\",\"target\":[\"https:\/\/evertonfc.cz\/index.php\/2023\/04\/09\/manchester-united-everton-20-2\/\"]}]},{\"@type\":\"ImageObject\",\"inLanguage\":\"cs\",\"@id\":\"https:\/\/evertonfc.cz\/index.php\/2023\/04\/09\/manchester-united-everton-20-2\/#primaryimage\",\"url\":\"https:\/\/evertonfc.cz\/wp-content\/uploads\/2023\/04\/Manchester-United-2-0-Everton-by-pl.com-9-4-2023.jpg\",\"contentUrl\":\"https:\/\/evertonfc.cz\/wp-content\/uploads\/2023\/04\/Manchester-United-2-0-Everton-by-pl.com-9-4-2023.jpg\",\"width\":720,\"height\":405},{\"@type\":\"BreadcrumbList\",\"@id\":\"https:\/\/evertonfc.cz\/index.php\/2023\/04\/09\/manchester-united-everton-20-2\/#breadcrumb\",\"itemListElement\":[{\"@type\":\"ListItem\",\"position\":1,\"name\":\"Home\",\"item\":\"https:\/\/evertonfc.cz\/\"},{\"@type\":\"ListItem\",\"position\":2,\"name\":\"Manchester United &#8211; Everton 2:0\"}]},{\"@type\":\"WebSite\",\"@id\":\"https:\/\/evertonfc.cz\/#website\",\"url\":\"https:\/\/evertonfc.cz\/\",\"name\":\"Official Czech &amp; Slovak Everton Supporters&#039; Club\",\"description\":\"\",\"publisher\":{\"@id\":\"https:\/\/evertonfc.cz\/#organization\"},\"potentialAction\":[{\"@type\":\"SearchAction\",\"target\":{\"@type\":\"EntryPoint\",\"urlTemplate\":\"https:\/\/evertonfc.cz\/?s={search_term_string}\"},\"query-input\":{\"@type\":\"PropertyValueSpecification\",\"valueRequired\":true,\"valueName\":\"search_term_string\"}}],\"inLanguage\":\"cs\"},{\"@type\":\"Organization\",\"@id\":\"https:\/\/evertonfc.cz\/#organization\",\"name\":\"Official Czech & Slovak Everton Supporters' Club\",\"url\":\"https:\/\/evertonfc.cz\/\",\"logo\":{\"@type\":\"ImageObject\",\"inLanguage\":\"cs\",\"@id\":\"https:\/\/evertonfc.cz\/#\/schema\/logo\/image\/\",\"url\":\"https:\/\/evertonfc.cz\/wp-content\/uploads\/2019\/05\/logo.png\",\"contentUrl\":\"https:\/\/evertonfc.cz\/wp-content\/uploads\/2019\/05\/logo.png\",\"width\":112,\"height\":112,\"caption\":\"Official Czech & Slovak Everton Supporters' Club\"},\"image\":{\"@id\":\"https:\/\/evertonfc.cz\/#\/schema\/logo\/image\/\"},\"sameAs\":[\"https:\/\/www.facebook.com\/everton.fans.cz.sk\"]},{\"@type\":\"Person\",\"@id\":\"https:\/\/evertonfc.cz\/#\/schema\/person\/b30daf6a5852f4811f8207a17ec1bf78\",\"name\":\"Javor\",\"sameAs\":[\"https:\/\/x.com\/LoudinJan\"],\"url\":\"https:\/\/evertonfc.cz\/index.php\/author\/javor\/\"}]}<\/script>\n<!-- \/ Yoast SEO plugin. -->","yoast_head_json":{"title":"Manchester United - Everton 2:0 - Official Czech &amp; Slovak Everton Supporters&#039; Club","description":"O\u010dek\u00e1van\u00fd v\u00fdkon, o\u010dek\u00e1van\u00fd v\u00fdsledek.","robots":{"index":"index","follow":"follow","max-snippet":"max-snippet:-1","max-image-preview":"max-image-preview:large","max-video-preview":"max-video-preview:-1"},"canonical":"https:\/\/evertonfc.cz\/index.php\/2023\/04\/09\/manchester-united-everton-20-2\/","og_locale":"cs_CZ","og_type":"article","og_title":"Manchester United - Everton 2:0 - Official Czech &amp; Slovak Everton Supporters&#039; Club","og_description":"O\u010dek\u00e1van\u00fd v\u00fdkon, o\u010dek\u00e1van\u00fd v\u00fdsledek.","og_url":"https:\/\/evertonfc.cz\/index.php\/2023\/04\/09\/manchester-united-everton-20-2\/","og_site_name":"Official Czech &amp; Slovak Everton Supporters&#039; Club","article_publisher":"https:\/\/www.facebook.com\/everton.fans.cz.sk","article_published_time":"2023-04-09T14:09:51+00:00","article_modified_time":"2023-04-10T09:30:40+00:00","og_image":[{"width":720,"height":405,"url":"https:\/\/evertonfc.cz\/wp-content\/uploads\/2023\/04\/Manchester-United-2-0-Everton-by-pl.com-9-4-2023.jpg","type":"image\/jpeg"}],"author":"Javor","twitter_card":"summary_large_image","twitter_creator":"@LoudinJan","twitter_misc":{"Napsal(a)":"Javor","Odhadovan\u00e1 doba \u010dten\u00ed":"2 minuty"},"schema":{"@context":"https:\/\/schema.org","@graph":[{"@type":"Article","@id":"https:\/\/evertonfc.cz\/index.php\/2023\/04\/09\/manchester-united-everton-20-2\/#article","isPartOf":{"@id":"https:\/\/evertonfc.cz\/index.php\/2023\/04\/09\/manchester-united-everton-20-2\/"},"author":{"name":"Javor","@id":"https:\/\/evertonfc.cz\/#\/schema\/person\/b30daf6a5852f4811f8207a17ec1bf78"},"headline":"Manchester United &#8211; Everton 2:0","datePublished":"2023-04-09T14:09:51+00:00","dateModified":"2023-04-10T09:30:40+00:00","mainEntityOfPage":{"@id":"https:\/\/evertonfc.cz\/index.php\/2023\/04\/09\/manchester-united-everton-20-2\/"},"wordCount":428,"commentCount":2,"publisher":{"@id":"https:\/\/evertonfc.cz\/#organization"},"image":{"@id":"https:\/\/evertonfc.cz\/index.php\/2023\/04\/09\/manchester-united-everton-20-2\/#primaryimage"},"thumbnailUrl":"https:\/\/evertonfc.cz\/wp-content\/uploads\/2023\/04\/Manchester-United-2-0-Everton-by-pl.com-9-4-2023.jpg","articleSection":["Z\u00e1pasy"],"inLanguage":"cs","potentialAction":[{"@type":"CommentAction","name":"Comment","target":["https:\/\/evertonfc.cz\/index.php\/2023\/04\/09\/manchester-united-everton-20-2\/#respond"]}]},{"@type":"WebPage","@id":"https:\/\/evertonfc.cz\/index.php\/2023\/04\/09\/manchester-united-everton-20-2\/","url":"https:\/\/evertonfc.cz\/index.php\/2023\/04\/09\/manchester-united-everton-20-2\/","name":"Manchester United - Everton 2:0 - Official Czech &amp; Slovak Everton Supporters&#039; Club","isPartOf":{"@id":"https:\/\/evertonfc.cz\/#website"},"primaryImageOfPage":{"@id":"https:\/\/evertonfc.cz\/index.php\/2023\/04\/09\/manchester-united-everton-20-2\/#primaryimage"},"image":{"@id":"https:\/\/evertonfc.cz\/index.php\/2023\/04\/09\/manchester-united-everton-20-2\/#primaryimage"},"thumbnailUrl":"https:\/\/evertonfc.cz\/wp-content\/uploads\/2023\/04\/Manchester-United-2-0-Everton-by-pl.com-9-4-2023.jpg","datePublished":"2023-04-09T14:09:51+00:00","dateModified":"2023-04-10T09:30:40+00:00","description":"O\u010dek\u00e1van\u00fd v\u00fdkon, o\u010dek\u00e1van\u00fd v\u00fdsledek.","breadcrumb":{"@id":"https:\/\/evertonfc.cz\/index.php\/2023\/04\/09\/manchester-united-everton-20-2\/#breadcrumb"},"inLanguage":"cs","potentialAction":[{"@type":"ReadAction","target":["https:\/\/evertonfc.cz\/index.php\/2023\/04\/09\/manchester-united-everton-20-2\/"]}]},{"@type":"ImageObject","inLanguage":"cs","@id":"https:\/\/evertonfc.cz\/index.php\/2023\/04\/09\/manchester-united-everton-20-2\/#primaryimage","url":"https:\/\/evertonfc.cz\/wp-content\/uploads\/2023\/04\/Manchester-United-2-0-Everton-by-pl.com-9-4-2023.jpg","contentUrl":"https:\/\/evertonfc.cz\/wp-content\/uploads\/2023\/04\/Manchester-United-2-0-Everton-by-pl.com-9-4-2023.jpg","width":720,"height":405},{"@type":"BreadcrumbList","@id":"https:\/\/evertonfc.cz\/index.php\/2023\/04\/09\/manchester-united-everton-20-2\/#breadcrumb","itemListElement":[{"@type":"ListItem","position":1,"name":"Home","item":"https:\/\/evertonfc.cz\/"},{"@type":"ListItem","position":2,"name":"Manchester United &#8211; Everton 2:0"}]},{"@type":"WebSite","@id":"https:\/\/evertonfc.cz\/#website","url":"https:\/\/evertonfc.cz\/","name":"Official Czech &amp; Slovak Everton Supporters&#039; Club","description":"","publisher":{"@id":"https:\/\/evertonfc.cz\/#organization"},"potentialAction":[{"@type":"SearchAction","target":{"@type":"EntryPoint","urlTemplate":"https:\/\/evertonfc.cz\/?s={search_term_string}"},"query-input":{"@type":"PropertyValueSpecification","valueRequired":true,"valueName":"search_term_string"}}],"inLanguage":"cs"},{"@type":"Organization","@id":"https:\/\/evertonfc.cz\/#organization","name":"Official Czech & Slovak Everton Supporters' Club","url":"https:\/\/evertonfc.cz\/","logo":{"@type":"ImageObject","inLanguage":"cs","@id":"https:\/\/evertonfc.cz\/#\/schema\/logo\/image\/","url":"https:\/\/evertonfc.cz\/wp-content\/uploads\/2019\/05\/logo.png","contentUrl":"https:\/\/evertonfc.cz\/wp-content\/uploads\/2019\/05\/logo.png","width":112,"height":112,"caption":"Official Czech & Slovak Everton Supporters' Club"},"image":{"@id":"https:\/\/evertonfc.cz\/#\/schema\/logo\/image\/"},"sameAs":["https:\/\/www.facebook.com\/everton.fans.cz.sk"]},{"@type":"Person","@id":"https:\/\/evertonfc.cz\/#\/schema\/person\/b30daf6a5852f4811f8207a17ec1bf78","name":"Javor","sameAs":["https:\/\/x.com\/LoudinJan"],"url":"https:\/\/evertonfc.cz\/index.php\/author\/javor\/"}]}},"_links":{"self":[{"href":"https:\/\/evertonfc.cz\/index.php\/wp-json\/wp\/v2\/posts\/21363"}],"collection":[{"href":"https:\/\/evertonfc.cz\/index.php\/wp-json\/wp\/v2\/posts"}],"about":[{"href":"https:\/\/evertonfc.cz\/index.php\/wp-json\/wp\/v2\/types\/post"}],"author":[{"embeddable":true,"href":"https:\/\/evertonfc.cz\/index.php\/wp-json\/wp\/v2\/users\/12"}],"replies":[{"embeddable":true,"href":"https:\/\/evertonfc.cz\/index.php\/wp-json\/wp\/v2\/comments?post=21363"}],"version-history":[{"count":7,"href":"https:\/\/evertonfc.cz\/index.php\/wp-json\/wp\/v2\/posts\/21363\/revisions"}],"predecessor-version":[{"id":21372,"href":"https:\/\/evertonfc.cz\/index.php\/wp-json\/wp\/v2\/posts\/21363\/revisions\/21372"}],"wp:featuredmedia":[{"embeddable":true,"href":"https:\/\/evertonfc.cz\/index.php\/wp-json\/wp\/v2\/media\/21366"}],"wp:attachment":[{"href":"https:\/\/evertonfc.cz\/index.php\/wp-json\/wp\/v2\/media?parent=21363"}],"wp:term":[{"taxonomy":"category","embeddable":true,"href":"https:\/\/evertonfc.cz\/index.php\/wp-json\/wp\/v2\/categories?post=21363"},{"taxonomy":"post_tag","embeddable":true,"href":"https:\/\/evertonfc.cz\/index.php\/wp-json\/wp\/v2\/tags?post=21363"}],"curies":[{"name":"wp","href":"https:\/\/api.w.org\/{rel}","templated":true}]}}