{"id":21375,"date":"2023-04-15T11:10:03","date_gmt":"2023-04-15T09:10:03","guid":{"rendered":"https:\/\/evertonfc.cz\/?p=21375"},"modified":"2023-04-15T15:09:18","modified_gmt":"2023-04-15T13:09:18","slug":"preview-everton-fulham-9","status":"publish","type":"post","link":"https:\/\/evertonfc.cz\/index.php\/2023\/04\/15\/preview-everton-fulham-9\/","title":{"rendered":"Preview: Everton &#8211; Fulham"},"content":{"rendered":"<h4>Kandid\u00e1t sestupu m\u00e1 norm\u00e1ln\u00ed formu, klub ze st\u0159edu tabulky naopak sestupovou.<\/h4>\n<p>Everton pokra\u010duje ve sv\u00e9 cest\u011b za udr\u017een\u00edm se v nejvy\u0161\u0161\u00ed sout\u011b\u017ei, tentokr\u00e1t p\u0159iv\u00edt\u00e1 doma Fulham. Existuje d\u016fvod<br \/>\nk opr\u00e1vn\u011bn\u00e9mu optimismu. Zat\u00edmco dom\u00e1c\u00ed sb\u00edraj\u00ed sp\u00ed\u0161e body za rem\u00edzy, tak host\u00e9 zah\u00e1jili v b\u0159eznu voln\u00fd p\u00e1d, kter\u00fd st\u00e1le pokra\u010duje. V sou\u010dtu s prohrou v Anglick\u00e9m poh\u00e1ru na h\u0159i\u0161ti Manchesteru United maj\u00ed 5 por\u00e1\u017eek v \u0159ad\u011b, p\u0159i\u010dem\u017e pr\u00e1v\u011b v tomto z\u00e1pase jim byl vylou\u010den srbsk\u00fd \u00fato\u010dn\u00edk Mitrovi\u010d.<\/p>\n<p>D\u016fvod? Zapomn\u011bl na pravidlo platn\u00e9 nap\u0159\u00ed\u010d sporty, kter\u00e9 se jmenuje &#8222;na rozhod\u010d\u00edho se nesah\u00e1&#8220;. Zat\u00edmco s n\u00edm v sestav\u011b klepal Fulham na dve\u0159e evropsk\u00fdch poh\u00e1r\u016f, i kv\u016fli jeho 11 brank\u00e1m, tak nyn\u00ed se t\u00fdm b\u00fdval\u00e9ho mana\u017eera Evertonu Marca Silvy chov\u00e1 velmi solid\u00e1rn\u011b ve stylu J\u00e1no\u0161\u00edka, tedy aspo\u0148 v t\u00e9 polovin\u011b o d\u00e1v\u00e1n\u00ed chud\u00fdm. Nav\u00edc Mitrovi\u010d dostal osmiz\u00e1pasov\u00fd flastr, tak\u017ee si nezahraje dal\u0161\u00ed m\u011bs\u00edc.<\/p>\n<p>Za Everton bude absentovat potrestan\u00fd Doucour\u00e9, kter\u00fd si odpyk\u00e1 druhou \u010d\u00e1st sv\u00e9ho t\u0159\u00edzapasov\u00e9ho trestu, kdy\u017e vid\u011bl \u010dervenou v utk\u00e1n\u00ed proti Tottenhamu. K dispozici tedy bude pro n\u00e1vrat Gordona do Goodison Parku za 12 dn\u016f. Samoz\u0159ejm\u011b bude chyb\u011bt Townsend, kter\u00fd se je\u0161t\u011b nezotavil ze sv\u00e9ho v\u00e1\u017en\u00e9ho zran\u011bn\u00ed, nov\u00fdm absent\u00e9rem je Coleman. Ten odkulhal z minul\u00e9ho utk\u00e1n\u00ed a kv\u016fli leh\u010d\u00edmu zran\u011bn\u00ed p\u0159itahova\u010de stehenn\u00edho svalu dne\u0161n\u00ed utk\u00e1n\u00ed vynech\u00e1. Dle vyj\u00e1d\u0159en\u00ed mana\u017eera Dycheho by mohl b\u00fdt p\u0159ipraven\u00fd aspo\u0148 na lavi\u010dku Patterson, jen\u017ee dal\u0161\u00ed n\u00e1hrada na pozici krajn\u00edho beka, Godfrey, hr\u00e1l minul\u00fd z\u00e1pas naprosto stra\u0161n\u011b a opr\u00e1vn\u011bn\u011b byl st\u0159\u00edd\u00e1n. Kladnou zpr\u00e1vou je, \u017ee Calvert-Lewin zvl\u00e1dl t\u00fdden tr\u00e9ninku v pln\u00e9m zat\u00ed\u017een\u00ed.<\/p>\n<p>Host\u016fm krom\u011b Mitrovi\u010de bude chyb\u011bt pouze zran\u011bn\u00e1 dvojice Kurzawa a Kebano, krom\u011b Silvy se na zn\u00e1m\u00fd stadion vr\u00e1t\u00ed tak\u00e9 odchovanec Evertonu Robinson, ale ten si za \u00e1\u010dko nikdy nezahr\u00e1l. Sympatick\u00e9 je, \u017ee Silva pochv\u00e1lil klub i Dycheho, ale kv\u016fli trestu za sv\u00e9 chov\u00e1n\u00ed ve zmi\u0148ovan\u00e9m utk\u00e1n\u00ed na Old Trafford m\u00e1 trest, \u010dili nem\u016f\u017ee na lavi\u010dku.<\/p>\n<p><strong>Co<\/strong>: Everton FC &#8211; Fulham FC,\u00a0 31. kolo Premier League<br \/>\n<strong>Kdy<\/strong>: sobota 15. dubna 2023 od 16:00 SE\u010c<br \/>\n<strong>Kde<\/strong>: Goodison Park \u2013 Goodison Rd, Liverpool L4 4EL (kapacita: 39 572)<br \/>\n<strong>TV<\/strong>: p\u0159\u00edm\u00fd p\u0159enos na stanici Canal+ Sport 2, komentuje Marek Sk\u00e1\u010dik<br \/>\n<strong>Rozhod\u010d\u00ed<\/strong>: Anthony Taylor<b> &#8211;<\/b> Gary Beswick, Adam Nunn\u00a0 <strong>\u010ctvrt\u00fd rozhod\u010d\u00ed:<\/strong> Josh Smith<br \/>\n<strong>Videorozhod\u010d\u00ed: <\/strong>Andre Marriner\u00a0 <strong>Asistent videorozhod\u010d\u00edho: <\/strong>Natalie Aspinallov\u00e1<\/p>\n","protected":false},"excerpt":{"rendered":"<p>Kandid\u00e1t sestupu m\u00e1 norm\u00e1ln\u00ed formu, klub ze st\u0159edu tabulky naopak sestupovou.\u00a0<\/p>\n","protected":false},"author":12,"featured_media":14090,"comment_status":"open","ping_status":"closed","sticky":false,"template":"","format":"standard","meta":{"_eb_attr":"","_monsterinsights_skip_tracking":false,"_monsterinsights_sitenote_active":false,"_monsterinsights_sitenote_note":"","_monsterinsights_sitenote_category":0,"footnotes":""},"categories":[4],"tags":[],"yoast_head":"<!-- This site is optimized with the Yoast SEO plugin v23.4 - https:\/\/yoast.com\/wordpress\/plugins\/seo\/ -->\n<title>Preview: Everton - Fulham - Official Czech &amp; Slovak Everton Supporters&#039; Club<\/title>\n<meta name=\"description\" content=\"Kandid\u00e1t sestupu m\u00e1 norm\u00e1ln\u00ed formu, klub ze st\u0159edu tabulky naopak sestupovou.\u00a0\" \/>\n<meta name=\"robots\" content=\"index, follow, max-snippet:-1, max-image-preview:large, max-video-preview:-1\" \/>\n<link rel=\"canonical\" href=\"https:\/\/evertonfc.cz\/index.php\/2023\/04\/15\/preview-everton-fulham-9\/\" \/>\n<meta property=\"og:locale\" content=\"cs_CZ\" \/>\n<meta property=\"og:type\" content=\"article\" \/>\n<meta property=\"og:title\" content=\"Preview: Everton - Fulham - Official Czech &amp; Slovak Everton Supporters&#039; Club\" \/>\n<meta property=\"og:description\" content=\"Kandid\u00e1t sestupu m\u00e1 norm\u00e1ln\u00ed formu, klub ze st\u0159edu tabulky naopak sestupovou.\u00a0\" \/>\n<meta property=\"og:url\" content=\"https:\/\/evertonfc.cz\/index.php\/2023\/04\/15\/preview-everton-fulham-9\/\" \/>\n<meta property=\"og:site_name\" content=\"Official Czech &amp; Slovak Everton Supporters&#039; Club\" \/>\n<meta property=\"article:publisher\" content=\"https:\/\/www.facebook.com\/everton.fans.cz.sk\" \/>\n<meta property=\"article:published_time\" content=\"2023-04-15T09:10:03+00:00\" \/>\n<meta property=\"article:modified_time\" content=\"2023-04-15T13:09:18+00:00\" \/>\n<meta property=\"og:image\" content=\"https:\/\/evertonfc.cz\/wp-content\/uploads\/2021\/02\/Everton-VS-Fulham.jpg\" \/>\n\t<meta property=\"og:image:width\" content=\"720\" \/>\n\t<meta property=\"og:image:height\" content=\"405\" \/>\n\t<meta property=\"og:image:type\" content=\"image\/jpeg\" \/>\n<meta name=\"author\" content=\"Javor\" \/>\n<meta name=\"twitter:card\" content=\"summary_large_image\" \/>\n<meta name=\"twitter:creator\" content=\"@LoudinJan\" \/>\n<meta name=\"twitter:label1\" content=\"Napsal(a)\" \/>\n\t<meta name=\"twitter:data1\" content=\"Javor\" \/>\n\t<meta name=\"twitter:label2\" content=\"Odhadovan\u00e1 doba \u010dten\u00ed\" \/>\n\t<meta name=\"twitter:data2\" content=\"2 minuty\" \/>\n<script type=\"application\/ld+json\" class=\"yoast-schema-graph\">{\"@context\":\"https:\/\/schema.org\",\"@graph\":[{\"@type\":\"Article\",\"@id\":\"https:\/\/evertonfc.cz\/index.php\/2023\/04\/15\/preview-everton-fulham-9\/#article\",\"isPartOf\":{\"@id\":\"https:\/\/evertonfc.cz\/index.php\/2023\/04\/15\/preview-everton-fulham-9\/\"},\"author\":{\"name\":\"Javor\",\"@id\":\"https:\/\/evertonfc.cz\/#\/schema\/person\/b30daf6a5852f4811f8207a17ec1bf78\"},\"headline\":\"Preview: Everton &#8211; Fulham\",\"datePublished\":\"2023-04-15T09:10:03+00:00\",\"dateModified\":\"2023-04-15T13:09:18+00:00\",\"mainEntityOfPage\":{\"@id\":\"https:\/\/evertonfc.cz\/index.php\/2023\/04\/15\/preview-everton-fulham-9\/\"},\"wordCount\":479,\"commentCount\":2,\"publisher\":{\"@id\":\"https:\/\/evertonfc.cz\/#organization\"},\"image\":{\"@id\":\"https:\/\/evertonfc.cz\/index.php\/2023\/04\/15\/preview-everton-fulham-9\/#primaryimage\"},\"thumbnailUrl\":\"https:\/\/evertonfc.cz\/wp-content\/uploads\/2021\/02\/Everton-VS-Fulham.jpg\",\"articleSection\":[\"Z\u00e1pasy\"],\"inLanguage\":\"cs\",\"potentialAction\":[{\"@type\":\"CommentAction\",\"name\":\"Comment\",\"target\":[\"https:\/\/evertonfc.cz\/index.php\/2023\/04\/15\/preview-everton-fulham-9\/#respond\"]}]},{\"@type\":\"WebPage\",\"@id\":\"https:\/\/evertonfc.cz\/index.php\/2023\/04\/15\/preview-everton-fulham-9\/\",\"url\":\"https:\/\/evertonfc.cz\/index.php\/2023\/04\/15\/preview-everton-fulham-9\/\",\"name\":\"Preview: Everton - Fulham - Official Czech &amp; Slovak Everton Supporters&#039; Club\",\"isPartOf\":{\"@id\":\"https:\/\/evertonfc.cz\/#website\"},\"primaryImageOfPage\":{\"@id\":\"https:\/\/evertonfc.cz\/index.php\/2023\/04\/15\/preview-everton-fulham-9\/#primaryimage\"},\"image\":{\"@id\":\"https:\/\/evertonfc.cz\/index.php\/2023\/04\/15\/preview-everton-fulham-9\/#primaryimage\"},\"thumbnailUrl\":\"https:\/\/evertonfc.cz\/wp-content\/uploads\/2021\/02\/Everton-VS-Fulham.jpg\",\"datePublished\":\"2023-04-15T09:10:03+00:00\",\"dateModified\":\"2023-04-15T13:09:18+00:00\",\"description\":\"Kandid\u00e1t sestupu m\u00e1 norm\u00e1ln\u00ed formu, klub ze st\u0159edu tabulky naopak sestupovou.\u00a0\",\"breadcrumb\":{\"@id\":\"https:\/\/evertonfc.cz\/index.php\/2023\/04\/15\/preview-everton-fulham-9\/#breadcrumb\"},\"inLanguage\":\"cs\",\"potentialAction\":[{\"@type\":\"ReadAction\",\"target\":[\"https:\/\/evertonfc.cz\/index.php\/2023\/04\/15\/preview-everton-fulham-9\/\"]}]},{\"@type\":\"ImageObject\",\"inLanguage\":\"cs\",\"@id\":\"https:\/\/evertonfc.cz\/index.php\/2023\/04\/15\/preview-everton-fulham-9\/#primaryimage\",\"url\":\"https:\/\/evertonfc.cz\/wp-content\/uploads\/2021\/02\/Everton-VS-Fulham.jpg\",\"contentUrl\":\"https:\/\/evertonfc.cz\/wp-content\/uploads\/2021\/02\/Everton-VS-Fulham.jpg\",\"width\":720,\"height\":405},{\"@type\":\"BreadcrumbList\",\"@id\":\"https:\/\/evertonfc.cz\/index.php\/2023\/04\/15\/preview-everton-fulham-9\/#breadcrumb\",\"itemListElement\":[{\"@type\":\"ListItem\",\"position\":1,\"name\":\"Home\",\"item\":\"https:\/\/evertonfc.cz\/\"},{\"@type\":\"ListItem\",\"position\":2,\"name\":\"Preview: Everton &#8211; Fulham\"}]},{\"@type\":\"WebSite\",\"@id\":\"https:\/\/evertonfc.cz\/#website\",\"url\":\"https:\/\/evertonfc.cz\/\",\"name\":\"Official Czech &amp; Slovak Everton Supporters&#039; Club\",\"description\":\"\",\"publisher\":{\"@id\":\"https:\/\/evertonfc.cz\/#organization\"},\"potentialAction\":[{\"@type\":\"SearchAction\",\"target\":{\"@type\":\"EntryPoint\",\"urlTemplate\":\"https:\/\/evertonfc.cz\/?s={search_term_string}\"},\"query-input\":{\"@type\":\"PropertyValueSpecification\",\"valueRequired\":true,\"valueName\":\"search_term_string\"}}],\"inLanguage\":\"cs\"},{\"@type\":\"Organization\",\"@id\":\"https:\/\/evertonfc.cz\/#organization\",\"name\":\"Official Czech & Slovak Everton Supporters' Club\",\"url\":\"https:\/\/evertonfc.cz\/\",\"logo\":{\"@type\":\"ImageObject\",\"inLanguage\":\"cs\",\"@id\":\"https:\/\/evertonfc.cz\/#\/schema\/logo\/image\/\",\"url\":\"https:\/\/evertonfc.cz\/wp-content\/uploads\/2019\/05\/logo.png\",\"contentUrl\":\"https:\/\/evertonfc.cz\/wp-content\/uploads\/2019\/05\/logo.png\",\"width\":112,\"height\":112,\"caption\":\"Official Czech & Slovak Everton Supporters' Club\"},\"image\":{\"@id\":\"https:\/\/evertonfc.cz\/#\/schema\/logo\/image\/\"},\"sameAs\":[\"https:\/\/www.facebook.com\/everton.fans.cz.sk\"]},{\"@type\":\"Person\",\"@id\":\"https:\/\/evertonfc.cz\/#\/schema\/person\/b30daf6a5852f4811f8207a17ec1bf78\",\"name\":\"Javor\",\"sameAs\":[\"https:\/\/x.com\/LoudinJan\"],\"url\":\"https:\/\/evertonfc.cz\/index.php\/author\/javor\/\"}]}<\/script>\n<!-- \/ Yoast SEO plugin. -->","yoast_head_json":{"title":"Preview: Everton - Fulham - Official Czech &amp; Slovak Everton Supporters&#039; Club","description":"Kandid\u00e1t sestupu m\u00e1 norm\u00e1ln\u00ed formu, klub ze st\u0159edu tabulky naopak sestupovou.\u00a0","robots":{"index":"index","follow":"follow","max-snippet":"max-snippet:-1","max-image-preview":"max-image-preview:large","max-video-preview":"max-video-preview:-1"},"canonical":"https:\/\/evertonfc.cz\/index.php\/2023\/04\/15\/preview-everton-fulham-9\/","og_locale":"cs_CZ","og_type":"article","og_title":"Preview: Everton - Fulham - Official Czech &amp; Slovak Everton Supporters&#039; Club","og_description":"Kandid\u00e1t sestupu m\u00e1 norm\u00e1ln\u00ed formu, klub ze st\u0159edu tabulky naopak sestupovou.\u00a0","og_url":"https:\/\/evertonfc.cz\/index.php\/2023\/04\/15\/preview-everton-fulham-9\/","og_site_name":"Official Czech &amp; Slovak Everton Supporters&#039; Club","article_publisher":"https:\/\/www.facebook.com\/everton.fans.cz.sk","article_published_time":"2023-04-15T09:10:03+00:00","article_modified_time":"2023-04-15T13:09:18+00:00","og_image":[{"width":720,"height":405,"url":"https:\/\/evertonfc.cz\/wp-content\/uploads\/2021\/02\/Everton-VS-Fulham.jpg","type":"image\/jpeg"}],"author":"Javor","twitter_card":"summary_large_image","twitter_creator":"@LoudinJan","twitter_misc":{"Napsal(a)":"Javor","Odhadovan\u00e1 doba \u010dten\u00ed":"2 minuty"},"schema":{"@context":"https:\/\/schema.org","@graph":[{"@type":"Article","@id":"https:\/\/evertonfc.cz\/index.php\/2023\/04\/15\/preview-everton-fulham-9\/#article","isPartOf":{"@id":"https:\/\/evertonfc.cz\/index.php\/2023\/04\/15\/preview-everton-fulham-9\/"},"author":{"name":"Javor","@id":"https:\/\/evertonfc.cz\/#\/schema\/person\/b30daf6a5852f4811f8207a17ec1bf78"},"headline":"Preview: Everton &#8211; Fulham","datePublished":"2023-04-15T09:10:03+00:00","dateModified":"2023-04-15T13:09:18+00:00","mainEntityOfPage":{"@id":"https:\/\/evertonfc.cz\/index.php\/2023\/04\/15\/preview-everton-fulham-9\/"},"wordCount":479,"commentCount":2,"publisher":{"@id":"https:\/\/evertonfc.cz\/#organization"},"image":{"@id":"https:\/\/evertonfc.cz\/index.php\/2023\/04\/15\/preview-everton-fulham-9\/#primaryimage"},"thumbnailUrl":"https:\/\/evertonfc.cz\/wp-content\/uploads\/2021\/02\/Everton-VS-Fulham.jpg","articleSection":["Z\u00e1pasy"],"inLanguage":"cs","potentialAction":[{"@type":"CommentAction","name":"Comment","target":["https:\/\/evertonfc.cz\/index.php\/2023\/04\/15\/preview-everton-fulham-9\/#respond"]}]},{"@type":"WebPage","@id":"https:\/\/evertonfc.cz\/index.php\/2023\/04\/15\/preview-everton-fulham-9\/","url":"https:\/\/evertonfc.cz\/index.php\/2023\/04\/15\/preview-everton-fulham-9\/","name":"Preview: Everton - Fulham - Official Czech &amp; Slovak Everton Supporters&#039; Club","isPartOf":{"@id":"https:\/\/evertonfc.cz\/#website"},"primaryImageOfPage":{"@id":"https:\/\/evertonfc.cz\/index.php\/2023\/04\/15\/preview-everton-fulham-9\/#primaryimage"},"image":{"@id":"https:\/\/evertonfc.cz\/index.php\/2023\/04\/15\/preview-everton-fulham-9\/#primaryimage"},"thumbnailUrl":"https:\/\/evertonfc.cz\/wp-content\/uploads\/2021\/02\/Everton-VS-Fulham.jpg","datePublished":"2023-04-15T09:10:03+00:00","dateModified":"2023-04-15T13:09:18+00:00","description":"Kandid\u00e1t sestupu m\u00e1 norm\u00e1ln\u00ed formu, klub ze st\u0159edu tabulky naopak sestupovou.\u00a0","breadcrumb":{"@id":"https:\/\/evertonfc.cz\/index.php\/2023\/04\/15\/preview-everton-fulham-9\/#breadcrumb"},"inLanguage":"cs","potentialAction":[{"@type":"ReadAction","target":["https:\/\/evertonfc.cz\/index.php\/2023\/04\/15\/preview-everton-fulham-9\/"]}]},{"@type":"ImageObject","inLanguage":"cs","@id":"https:\/\/evertonfc.cz\/index.php\/2023\/04\/15\/preview-everton-fulham-9\/#primaryimage","url":"https:\/\/evertonfc.cz\/wp-content\/uploads\/2021\/02\/Everton-VS-Fulham.jpg","contentUrl":"https:\/\/evertonfc.cz\/wp-content\/uploads\/2021\/02\/Everton-VS-Fulham.jpg","width":720,"height":405},{"@type":"BreadcrumbList","@id":"https:\/\/evertonfc.cz\/index.php\/2023\/04\/15\/preview-everton-fulham-9\/#breadcrumb","itemListElement":[{"@type":"ListItem","position":1,"name":"Home","item":"https:\/\/evertonfc.cz\/"},{"@type":"ListItem","position":2,"name":"Preview: Everton &#8211; Fulham"}]},{"@type":"WebSite","@id":"https:\/\/evertonfc.cz\/#website","url":"https:\/\/evertonfc.cz\/","name":"Official Czech &amp; Slovak Everton Supporters&#039; Club","description":"","publisher":{"@id":"https:\/\/evertonfc.cz\/#organization"},"potentialAction":[{"@type":"SearchAction","target":{"@type":"EntryPoint","urlTemplate":"https:\/\/evertonfc.cz\/?s={search_term_string}"},"query-input":{"@type":"PropertyValueSpecification","valueRequired":true,"valueName":"search_term_string"}}],"inLanguage":"cs"},{"@type":"Organization","@id":"https:\/\/evertonfc.cz\/#organization","name":"Official Czech & Slovak Everton Supporters' Club","url":"https:\/\/evertonfc.cz\/","logo":{"@type":"ImageObject","inLanguage":"cs","@id":"https:\/\/evertonfc.cz\/#\/schema\/logo\/image\/","url":"https:\/\/evertonfc.cz\/wp-content\/uploads\/2019\/05\/logo.png","contentUrl":"https:\/\/evertonfc.cz\/wp-content\/uploads\/2019\/05\/logo.png","width":112,"height":112,"caption":"Official Czech & Slovak Everton Supporters' Club"},"image":{"@id":"https:\/\/evertonfc.cz\/#\/schema\/logo\/image\/"},"sameAs":["https:\/\/www.facebook.com\/everton.fans.cz.sk"]},{"@type":"Person","@id":"https:\/\/evertonfc.cz\/#\/schema\/person\/b30daf6a5852f4811f8207a17ec1bf78","name":"Javor","sameAs":["https:\/\/x.com\/LoudinJan"],"url":"https:\/\/evertonfc.cz\/index.php\/author\/javor\/"}]}},"_links":{"self":[{"href":"https:\/\/evertonfc.cz\/index.php\/wp-json\/wp\/v2\/posts\/21375"}],"collection":[{"href":"https:\/\/evertonfc.cz\/index.php\/wp-json\/wp\/v2\/posts"}],"about":[{"href":"https:\/\/evertonfc.cz\/index.php\/wp-json\/wp\/v2\/types\/post"}],"author":[{"embeddable":true,"href":"https:\/\/evertonfc.cz\/index.php\/wp-json\/wp\/v2\/users\/12"}],"replies":[{"embeddable":true,"href":"https:\/\/evertonfc.cz\/index.php\/wp-json\/wp\/v2\/comments?post=21375"}],"version-history":[{"count":4,"href":"https:\/\/evertonfc.cz\/index.php\/wp-json\/wp\/v2\/posts\/21375\/revisions"}],"predecessor-version":[{"id":21379,"href":"https:\/\/evertonfc.cz\/index.php\/wp-json\/wp\/v2\/posts\/21375\/revisions\/21379"}],"wp:featuredmedia":[{"embeddable":true,"href":"https:\/\/evertonfc.cz\/index.php\/wp-json\/wp\/v2\/media\/14090"}],"wp:attachment":[{"href":"https:\/\/evertonfc.cz\/index.php\/wp-json\/wp\/v2\/media?parent=21375"}],"wp:term":[{"taxonomy":"category","embeddable":true,"href":"https:\/\/evertonfc.cz\/index.php\/wp-json\/wp\/v2\/categories?post=21375"},{"taxonomy":"post_tag","embeddable":true,"href":"https:\/\/evertonfc.cz\/index.php\/wp-json\/wp\/v2\/tags?post=21375"}],"curies":[{"name":"wp","href":"https:\/\/api.w.org\/{rel}","templated":true}]}}