{"id":21394,"date":"2023-04-23T21:28:34","date_gmt":"2023-04-23T19:28:34","guid":{"rendered":"https:\/\/evertonfc.cz\/?p=21394"},"modified":"2023-04-24T10:10:21","modified_gmt":"2023-04-24T08:10:21","slug":"brighton-and-hove-albion-w-everton-w-32","status":"publish","type":"post","link":"https:\/\/evertonfc.cz\/index.php\/2023\/04\/23\/brighton-and-hove-albion-w-everton-w-32\/","title":{"rendered":"Brighton and Hove Albion W &#8211; Everton W 3:2"},"content":{"rendered":"<h4>Sestupem bezprost\u0159edn\u011b ohro\u017een\u00e9 Seaguls m\u011bly b\u00fdt na\u0161\u00ed snadnou ko\u0159ist\u00ed. Ale nestalo se tak.<\/h4>\n<p>Brighton and Hove Albion se ke konci nepoda\u0159en\u00e9 sez\u00f3ny tv\u00e1\u0159\u00ed v tv\u00e1\u0159 bezprost\u0159edn\u00edmu nebezpe\u010d\u00ed sestupu odhodlal v b\u0159eznu k ukon\u010den\u00ed spolupr\u00e1ce s dosavadn\u00edm mana\u017eerem Jensem Scheuerem. T\u00fdm po n\u011bm p\u0159echodn\u011b p\u0159evzala Amy Merricks, kter\u00e1 jej p\u00e1r dn\u00ed p\u0159ed z\u00e1pasem s karamelami p\u0159edala nov\u00e9 mana\u017eerce Melisse Phillips. Phillips \u00faspe\u0161n\u011b p\u016fsobila u London Lionesess (pozoruhodn\u00fd druholigov\u00fd t\u00fdm bez berli\u010dky mu\u017esk\u00e9ho prot\u011bj\u0161ku) a anga\u017em\u00e1 v Crawley pro n\u00ed je nepochybn\u011b v\u00edtanou v\u00fdzvou. Hra Albionu se pod jej\u00edm veden\u00edm v\u00fdrazn\u011b zlep\u0161ila, \u010deho\u017e dokladem bylo i t\u011bsn\u011b prohran\u00e9 semifin\u00e1le FA Cup s MUTD (2:3). A jak uvid\u00edme d\u00e1le, i sv\u00e9 premi\u00e9rov\u00e9 ligov\u00e9 p\u0159edstaven\u00ed zvl\u00e1dla na v\u00fdbornou. U n\u00e1s zas tak veselo nebylo: z Merseyside na jih Anglie neodcestovaly zran\u011bn\u00e9 opory George a Bj\u00f6rn, v obran\u011b tak nakonec do\u0161lo i na nyn\u00ed ji\u017e prakticky neviditelnou Meier.<\/p>\n<h4>Prvn\u00ed polo\u010das<\/h4>\n<p>jsme za\u010dali my, host\u00e9, velmi liknav\u011b a zakr\u00e1tko jsme byli pat\u0159i\u010dn\u011b potrest\u00e1ni: po p\u0159\u00edm\u00e9m kopu zahran\u00e9m ve 12. minut\u011b\u00a0 na\u0161\u00ed ex &#8211; Poppy Pattinson, si pro m\u00ed\u010d nejv\u00fd\u0161e vysko\u010dila Tereland a uklidila jej do lev\u00e9ho rohu na\u0161\u00ed br\u00e1ny. Brosnan se pro n\u011bj natahovala marn\u011b &#8211; <strong>1:0<\/strong>. Ned\u00e1 se ov\u0161em \u0159\u00edci, \u017ee by n\u00e1s obdr\u017een\u00fd g\u00f3l vybudil k n\u011bjak\u00e9 v\u011bt\u0161\u00ed aktivit\u011b. Naopak to byl Brighton, kdo se dral velmi nebezpe\u010dn\u011b dop\u0159edu a Lee m\u011bla t\u00e9m\u011b\u0159 na kopa\u010dce druh\u00fd g\u00f3l. Za n\u00e1s stoj\u00ed za zm\u00ednku akce rozjet\u00e1 Hope, ale ani Veje, ani Park z druh\u00e9 dobr\u00e9 se sk\u00f3rovat nepoda\u0159ilo. A neusp\u011bla ani Galli po nahr\u00e1vce S\u00f8rensen. To bylo za polo\u010das z na\u0161\u00ed strany asi tak v\u0161e, absence George p\u0159i zakl\u00e1d\u00e1n\u00ed akc\u00ed byla zn\u00e1t. Ne tak ov\u0161em ze strany dom\u00e1c\u00edch. Ve 43. minut\u011b\u00a0 Finnigan nedok\u00e1zala v b\u011bhu odzbrojit Robinson a ta p\u0159elobovala vyb\u011bhnuv\u0161\u00ed Brosnan &#8211; <strong>2:0<\/strong>.<\/p>\n<h4>Druh\u00fd polo\u010das<\/h4>\n<p>uk\u00e1zal, aspo\u0148 zpo\u010d\u00e1tku v\u00fdrazn\u00e9 zlep\u0161en\u00ed z na\u0161\u00ed strany. Za\u010dali jsme odv\u00e1\u017en\u011bji kombinovat a pomohlo n\u00e1m i to, \u017ee Brighton se nepou\u0161t\u011bl do \u017e\u00e1dn\u00fdch v\u011bt\u0161\u00edch akc\u00ed, ale sp\u00ed\u0161e se sna\u017eil ohl\u00eddat dvoug\u00f3lov\u00fd n\u00e1skok. V 63. minut\u011b si pohr\u00e1la s dom\u00e1c\u00ed obranou Snoeijs a \u0161ouravou st\u0159elou k prav\u00e9 ty\u010di n\u00e1s vr\u00e1tila do hry &#8211; <strong>2:1<\/strong>. P\u0159idat dal\u0161\u00ed branku se bohu\u017eel povedlo d\u0159\u00edve rack\u016fm pot\u00e9, co v 80. minut\u011b Terland byla ve v\u00e1pn\u011b ned\u016fsledn\u011b br\u00e1n\u011bn\u00e1 Sevecke &#8211; <strong>3:1<\/strong>. Nad\u011bje n\u00e1s, host\u00ed, je\u0161t\u011b dr\u017eela p\u0159i \u017eivot\u011b Snoeijs, kdy\u017e se j\u00ed v 83. minut\u011b poda\u0159ilo st\u0159elou ke vzd\u00e1len\u011bj\u0161\u00ed ty\u010di upravit sk\u00f3re na <strong>3:2<\/strong>. Bohu\u017eel to z na\u0161\u00ed strany byla labut\u00ed p\u00edse\u0148 ve\u010dera a na vyrovn\u00e1vac\u00ed g\u00f3l jsme p\u0159es z\u00e1v\u011bre\u010dn\u00fd n\u00e1por (a zdr\u017eov\u00e1n\u00ed Brightonu, kter\u00e9 je st\u00e1lo dv\u011b \u017elut\u00e9) nedos\u00e1hli.<\/p>\n<h4>Shrnut\u00ed<\/h4>\n<p>Toto utk\u00e1n\u00ed si op\u011bt za r\u00e1me\u010dek ned\u00e1me. Ztr\u00e1ta formy t\u00fdmu trv\u00e1, ale snad se bl\u00fdsk\u00e1 na lep\u0161\u00ed \u010dasy, jak nazna\u010dila \u010d\u00e1st druh\u00e9ho polo\u010dasu. Je \u0161koda, \u017ee utk\u00e1n\u00ed, ve kter\u00fdch nastupujeme v jinak vynikaj\u00edc\u00ed r\u016f\u017eovo &#8211; r\u016f\u017eov\u00e9 kombinaci obvykle zmast\u00edme. Jinak v\u00fdsledek vid\u00ed Brighton, kter\u00e9mu se t\u00edmto z\u00e1pasem poda\u0159ilo poprv\u00e9 od listopadu 2022 zv\u00edt\u011bzit a na dom\u00e1c\u00ed p\u016fjde jde dokonce o jeho prvn\u00ed v\u00edt\u011bzstv\u00ed po sedmi m\u011bs\u00edc\u00edch. Pokud jsme tedy u\u017e nutn\u011b museli n\u011bkomu odevzdat v\u0161echny body, asi t\u011b\u017eko bychom hledali lep\u0161\u00edho adepta. Nicm\u00e9n\u011b v\u011b\u0159\u00edm, \u017ee dal\u0161\u00ed body v rychle ub\u00edhaj\u00edc\u00ed sez\u00f3n\u011b u\u017e podr\u017e\u00edme tam, kde je jim nejl\u00e9pe. Tedy u n\u00e1s. <strong><span style=\"color: #0000ff; --darkreader-inline-color: #3d3db6;\" data-darkreader-inline-color=\"\">COYB!<\/span><\/strong><\/p>\n<p style=\"text-align: right;\"><em><span style=\"font-size: 10pt;\">Fotografie: Elisabeth Terland slav\u00ed, Rikke Sevecke nen\u00ed r\u00e1da (zdroj: bbc.co.uk)<\/span><\/em><\/p>\n<p><strong>Statistika: <\/strong>Posedlost 36%:64%, st\u0159ely 14:13 (na br\u00e1nu 6:5)<\/p>\n<p><strong>Branky: <\/strong>Terland (12 + 80\u00b4), Robinson (43\u00b4) &#8211; Snoeijs (60\u00b4 + 83\u00b4)<\/p>\n<p><strong>\u017dK:<\/strong> Kullberg, Pattinson, Carter<\/p>\n<p><strong>Seaguls (4-2-3-1): <\/strong>Williams; <span class=\"sp-c-lineup-pitch__player\" data-reactid=\".1k87j14s8m.0.0.0.1.$include-20.0.0.1:$panel-0.$0.0.0.0.2.0.0.1:$home-formation-row-1.$home-player-0\"><span class=\"sp-c-lineup-pitch__player__name gs-u-display-block@xs \" data-reactid=\".1k87j14s8m.0.0.0.1.$include-20.0.0.1:$panel-0.$0.0.0.0.2.0.0.1:$home-formation-row-1.$home-player-0.1\">Kullberg, <\/span><\/span><span class=\"sp-c-lineup-pitch__player\" data-reactid=\".1k87j14s8m.0.0.0.1.$include-20.0.0.1:$panel-0.$0.0.0.0.2.0.0.1:$home-formation-row-1.$home-player-1\"><span class=\"sp-c-lineup-pitch__player__name gs-u-display-block@xs \" data-reactid=\".1k87j14s8m.0.0.0.1.$include-20.0.0.1:$panel-0.$0.0.0.0.2.0.0.1:$home-formation-row-1.$home-player-1.1\">Morse, <\/span><\/span><span class=\"sp-c-lineup-pitch__player\" data-reactid=\".1k87j14s8m.0.0.0.1.$include-20.0.0.1:$panel-0.$0.0.0.0.2.0.0.1:$home-formation-row-1.$home-player-2\"><span class=\"sp-c-lineup-pitch__player__name gs-u-display-block@xs \" data-reactid=\".1k87j14s8m.0.0.0.1.$include-20.0.0.1:$panel-0.$0.0.0.0.2.0.0.1:$home-formation-row-1.$home-player-2.1\">Fox, <\/span><\/span><span class=\"sp-c-lineup-pitch__player\" data-reactid=\".1k87j14s8m.0.0.0.1.$include-20.0.0.1:$panel-0.$0.0.0.0.2.0.0.1:$home-formation-row-1.$home-player-3\"><span class=\"sp-c-lineup-pitch__player__name gs-u-display-block@xs \" data-reactid=\".1k87j14s8m.0.0.0.1.$include-20.0.0.1:$panel-0.$0.0.0.0.2.0.0.1:$home-formation-row-1.$home-player-3.1\">Pattinson; Terland, Bance (Stefanovic 90+7\u00b4); Robinson (Visalli 90+7\u00b4), Connolly, Sarri (Green 66\u00b4); Lee (Carter 71\u00b4)<\/span><\/span><\/p>\n<p><strong>Toffees (4-3-3):\u00a0<\/strong>Brosnan; <span class=\"sp-c-lineup-pitch__player\" data-reactid=\".1k87j14s8m.0.0.0.1.$include-20.0.0.1:$panel-0.$0.0.0.1.2.0.0.1:$away-formation-row-1.$away-player-0\"><span class=\"sp-c-lineup-pitch__player__name gs-u-display-block@xs \" data-reactid=\".1k87j14s8m.0.0.0.1.$include-20.0.0.1:$panel-0.$0.0.0.1.2.0.0.1:$away-formation-row-1.$away-player-0.1\">Hope (<span data-reactid=\".1k87j14s8m.0.0.0.1.$include-20.0.0.1:$panel-0.$0.0.0.1.3.$1PO435559.2.$0.4\">Bennison 66&#8242;<\/span><span class=\"gs-u-vh\" data-reactid=\".1k87j14s8m.0.0.0.1.$include-20.0.0.1:$panel-0.$0.0.0.1.3.$1PO435559.2.$0.5\">)<\/span>, <\/span><\/span><span class=\"sp-c-lineup-pitch__player\" data-reactid=\".1k87j14s8m.0.0.0.1.$include-20.0.0.1:$panel-0.$0.0.0.1.2.0.0.1:$away-formation-row-1.$away-player-1\"><span class=\"sp-c-lineup-pitch__player__name gs-u-display-block@xs \" data-reactid=\".1k87j14s8m.0.0.0.1.$include-20.0.0.1:$panel-0.$0.0.0.1.2.0.0.1:$away-formation-row-1.$away-player-1.1\">Sevecke, <\/span><\/span><span class=\"sp-c-lineup-pitch__player\" data-reactid=\".1k87j14s8m.0.0.0.1.$include-20.0.0.1:$panel-0.$0.0.0.1.2.0.0.1:$away-formation-row-1.$away-player-2\"><span class=\"sp-c-lineup-pitch__player__name gs-u-display-block@xs \" data-reactid=\".1k87j14s8m.0.0.0.1.$include-20.0.0.1:$panel-0.$0.0.0.1.2.0.0.1:$away-formation-row-1.$away-player-2.1\">Finnigan, <\/span><\/span><span class=\"sp-c-lineup-pitch__player\" data-reactid=\".1k87j14s8m.0.0.0.1.$include-20.0.0.1:$panel-0.$0.0.0.1.2.0.0.1:$away-formation-row-1.$away-player-3\"><span class=\"sp-c-lineup-pitch__player__name gs-u-display-block@xs \" data-reactid=\".1k87j14s8m.0.0.0.1.$include-20.0.0.1:$panel-0.$0.0.0.1.2.0.0.1:$away-formation-row-1.$away-player-3.1\">Veje (Stenevik 45\u00b4); Galli (Beever-Jones 45\u00b4), Wheeler, Christiansen (Holmgaard 45\u00b4); S\u00f8rensen (Maier 81\u00b4), Snoeijs, Park<\/span><\/span><\/p>\n<p><strong>Rozhod\u010d\u00ed:<\/strong> Lauren Impey\u00a0 <strong>Div\u00e1ci: <\/strong>2456<\/p>\n<p><iframe loading=\"lazy\" title=\"WSL Highlights: Albion 3 Everton 2\" width=\"1140\" height=\"641\" src=\"https:\/\/www.youtube.com\/embed\/6ejcvBjT8kE?feature=oembed\" frameborder=\"0\" allow=\"accelerometer; autoplay; clipboard-write; encrypted-media; gyroscope; picture-in-picture; web-share\" allowfullscreen><\/iframe><\/p>\n","protected":false},"excerpt":{"rendered":"<p>Sestupem bezprost\u0159edn\u011b ohro\u017een\u00e9 Seaguls m\u011bly b\u00fdt na\u0161\u00ed snadnou ko\u0159ist\u00ed. Ale nestalo se tak.<\/p>\n","protected":false},"author":26,"featured_media":21396,"comment_status":"open","ping_status":"closed","sticky":false,"template":"","format":"standard","meta":{"_eb_attr":"","_monsterinsights_skip_tracking":false,"_monsterinsights_sitenote_active":false,"_monsterinsights_sitenote_note":"","_monsterinsights_sitenote_category":0,"footnotes":""},"categories":[110],"tags":[],"yoast_head":"<!-- This site is optimized with the Yoast SEO plugin v23.4 - https:\/\/yoast.com\/wordpress\/plugins\/seo\/ -->\n<title>Brighton and Hove Albion W - Everton W 3:2 - Official Czech &amp; Slovak Everton Supporters&#039; Club<\/title>\n<meta name=\"robots\" content=\"index, follow, max-snippet:-1, max-image-preview:large, max-video-preview:-1\" \/>\n<link rel=\"canonical\" href=\"https:\/\/evertonfc.cz\/index.php\/2023\/04\/23\/brighton-and-hove-albion-w-everton-w-32\/\" \/>\n<meta property=\"og:locale\" content=\"cs_CZ\" \/>\n<meta property=\"og:type\" content=\"article\" \/>\n<meta property=\"og:title\" content=\"Brighton and Hove Albion W - Everton W 3:2 - Official Czech &amp; Slovak Everton Supporters&#039; Club\" \/>\n<meta property=\"og:description\" content=\"Sestupem bezprost\u0159edn\u011b ohro\u017een\u00e9 Seaguls m\u011bly b\u00fdt na\u0161\u00ed snadnou ko\u0159ist\u00ed. Ale nestalo se tak.\" \/>\n<meta property=\"og:url\" content=\"https:\/\/evertonfc.cz\/index.php\/2023\/04\/23\/brighton-and-hove-albion-w-everton-w-32\/\" \/>\n<meta property=\"og:site_name\" content=\"Official Czech &amp; Slovak Everton Supporters&#039; Club\" \/>\n<meta property=\"article:publisher\" content=\"https:\/\/www.facebook.com\/everton.fans.cz.sk\" \/>\n<meta property=\"article:published_time\" content=\"2023-04-23T19:28:34+00:00\" \/>\n<meta property=\"article:modified_time\" content=\"2023-04-24T08:10:21+00:00\" \/>\n<meta property=\"og:image\" content=\"https:\/\/evertonfc.cz\/wp-content\/uploads\/2023\/04\/BAH-vs-Everton-19_4_2023.jpg\" \/>\n\t<meta property=\"og:image:width\" content=\"624\" \/>\n\t<meta property=\"og:image:height\" content=\"351\" \/>\n\t<meta property=\"og:image:type\" content=\"image\/jpeg\" \/>\n<meta name=\"author\" content=\"Karamela\" \/>\n<meta name=\"twitter:card\" content=\"summary_large_image\" \/>\n<meta name=\"twitter:label1\" content=\"Napsal(a)\" \/>\n\t<meta name=\"twitter:data1\" content=\"Karamela\" \/>\n\t<meta name=\"twitter:label2\" content=\"Odhadovan\u00e1 doba \u010dten\u00ed\" \/>\n\t<meta name=\"twitter:data2\" content=\"4 minuty\" \/>\n<script type=\"application\/ld+json\" class=\"yoast-schema-graph\">{\"@context\":\"https:\/\/schema.org\",\"@graph\":[{\"@type\":\"Article\",\"@id\":\"https:\/\/evertonfc.cz\/index.php\/2023\/04\/23\/brighton-and-hove-albion-w-everton-w-32\/#article\",\"isPartOf\":{\"@id\":\"https:\/\/evertonfc.cz\/index.php\/2023\/04\/23\/brighton-and-hove-albion-w-everton-w-32\/\"},\"author\":{\"name\":\"Karamela\",\"@id\":\"https:\/\/evertonfc.cz\/#\/schema\/person\/e9a24a80a32efa1344dd2c4e5882185c\"},\"headline\":\"Brighton and Hove Albion W &#8211; Everton W 3:2\",\"datePublished\":\"2023-04-23T19:28:34+00:00\",\"dateModified\":\"2023-04-24T08:10:21+00:00\",\"mainEntityOfPage\":{\"@id\":\"https:\/\/evertonfc.cz\/index.php\/2023\/04\/23\/brighton-and-hove-albion-w-everton-w-32\/\"},\"wordCount\":792,\"commentCount\":0,\"publisher\":{\"@id\":\"https:\/\/evertonfc.cz\/#organization\"},\"image\":{\"@id\":\"https:\/\/evertonfc.cz\/index.php\/2023\/04\/23\/brighton-and-hove-albion-w-everton-w-32\/#primaryimage\"},\"thumbnailUrl\":\"https:\/\/evertonfc.cz\/wp-content\/uploads\/2023\/04\/BAH-vs-Everton-19_4_2023.jpg\",\"articleSection\":[\"Everton Women\"],\"inLanguage\":\"cs\",\"potentialAction\":[{\"@type\":\"CommentAction\",\"name\":\"Comment\",\"target\":[\"https:\/\/evertonfc.cz\/index.php\/2023\/04\/23\/brighton-and-hove-albion-w-everton-w-32\/#respond\"]}]},{\"@type\":\"WebPage\",\"@id\":\"https:\/\/evertonfc.cz\/index.php\/2023\/04\/23\/brighton-and-hove-albion-w-everton-w-32\/\",\"url\":\"https:\/\/evertonfc.cz\/index.php\/2023\/04\/23\/brighton-and-hove-albion-w-everton-w-32\/\",\"name\":\"Brighton and Hove Albion W - Everton W 3:2 - Official Czech &amp; Slovak Everton Supporters&#039; Club\",\"isPartOf\":{\"@id\":\"https:\/\/evertonfc.cz\/#website\"},\"primaryImageOfPage\":{\"@id\":\"https:\/\/evertonfc.cz\/index.php\/2023\/04\/23\/brighton-and-hove-albion-w-everton-w-32\/#primaryimage\"},\"image\":{\"@id\":\"https:\/\/evertonfc.cz\/index.php\/2023\/04\/23\/brighton-and-hove-albion-w-everton-w-32\/#primaryimage\"},\"thumbnailUrl\":\"https:\/\/evertonfc.cz\/wp-content\/uploads\/2023\/04\/BAH-vs-Everton-19_4_2023.jpg\",\"datePublished\":\"2023-04-23T19:28:34+00:00\",\"dateModified\":\"2023-04-24T08:10:21+00:00\",\"breadcrumb\":{\"@id\":\"https:\/\/evertonfc.cz\/index.php\/2023\/04\/23\/brighton-and-hove-albion-w-everton-w-32\/#breadcrumb\"},\"inLanguage\":\"cs\",\"potentialAction\":[{\"@type\":\"ReadAction\",\"target\":[\"https:\/\/evertonfc.cz\/index.php\/2023\/04\/23\/brighton-and-hove-albion-w-everton-w-32\/\"]}]},{\"@type\":\"ImageObject\",\"inLanguage\":\"cs\",\"@id\":\"https:\/\/evertonfc.cz\/index.php\/2023\/04\/23\/brighton-and-hove-albion-w-everton-w-32\/#primaryimage\",\"url\":\"https:\/\/evertonfc.cz\/wp-content\/uploads\/2023\/04\/BAH-vs-Everton-19_4_2023.jpg\",\"contentUrl\":\"https:\/\/evertonfc.cz\/wp-content\/uploads\/2023\/04\/BAH-vs-Everton-19_4_2023.jpg\",\"width\":624,\"height\":351},{\"@type\":\"BreadcrumbList\",\"@id\":\"https:\/\/evertonfc.cz\/index.php\/2023\/04\/23\/brighton-and-hove-albion-w-everton-w-32\/#breadcrumb\",\"itemListElement\":[{\"@type\":\"ListItem\",\"position\":1,\"name\":\"Home\",\"item\":\"https:\/\/evertonfc.cz\/\"},{\"@type\":\"ListItem\",\"position\":2,\"name\":\"Brighton and Hove Albion W &#8211; Everton W 3:2\"}]},{\"@type\":\"WebSite\",\"@id\":\"https:\/\/evertonfc.cz\/#website\",\"url\":\"https:\/\/evertonfc.cz\/\",\"name\":\"Official Czech &amp; Slovak Everton Supporters&#039; Club\",\"description\":\"\",\"publisher\":{\"@id\":\"https:\/\/evertonfc.cz\/#organization\"},\"potentialAction\":[{\"@type\":\"SearchAction\",\"target\":{\"@type\":\"EntryPoint\",\"urlTemplate\":\"https:\/\/evertonfc.cz\/?s={search_term_string}\"},\"query-input\":{\"@type\":\"PropertyValueSpecification\",\"valueRequired\":true,\"valueName\":\"search_term_string\"}}],\"inLanguage\":\"cs\"},{\"@type\":\"Organization\",\"@id\":\"https:\/\/evertonfc.cz\/#organization\",\"name\":\"Official Czech & Slovak Everton Supporters' Club\",\"url\":\"https:\/\/evertonfc.cz\/\",\"logo\":{\"@type\":\"ImageObject\",\"inLanguage\":\"cs\",\"@id\":\"https:\/\/evertonfc.cz\/#\/schema\/logo\/image\/\",\"url\":\"https:\/\/evertonfc.cz\/wp-content\/uploads\/2019\/05\/logo.png\",\"contentUrl\":\"https:\/\/evertonfc.cz\/wp-content\/uploads\/2019\/05\/logo.png\",\"width\":112,\"height\":112,\"caption\":\"Official Czech & Slovak Everton Supporters' Club\"},\"image\":{\"@id\":\"https:\/\/evertonfc.cz\/#\/schema\/logo\/image\/\"},\"sameAs\":[\"https:\/\/www.facebook.com\/everton.fans.cz.sk\"]},{\"@type\":\"Person\",\"@id\":\"https:\/\/evertonfc.cz\/#\/schema\/person\/e9a24a80a32efa1344dd2c4e5882185c\",\"name\":\"Karamela\",\"url\":\"https:\/\/evertonfc.cz\/index.php\/author\/karamela\/\"}]}<\/script>\n<!-- \/ Yoast SEO plugin. -->","yoast_head_json":{"title":"Brighton and Hove Albion W - Everton W 3:2 - Official Czech &amp; Slovak Everton Supporters&#039; Club","robots":{"index":"index","follow":"follow","max-snippet":"max-snippet:-1","max-image-preview":"max-image-preview:large","max-video-preview":"max-video-preview:-1"},"canonical":"https:\/\/evertonfc.cz\/index.php\/2023\/04\/23\/brighton-and-hove-albion-w-everton-w-32\/","og_locale":"cs_CZ","og_type":"article","og_title":"Brighton and Hove Albion W - Everton W 3:2 - Official Czech &amp; Slovak Everton Supporters&#039; Club","og_description":"Sestupem bezprost\u0159edn\u011b ohro\u017een\u00e9 Seaguls m\u011bly b\u00fdt na\u0161\u00ed snadnou ko\u0159ist\u00ed. Ale nestalo se tak.","og_url":"https:\/\/evertonfc.cz\/index.php\/2023\/04\/23\/brighton-and-hove-albion-w-everton-w-32\/","og_site_name":"Official Czech &amp; Slovak Everton Supporters&#039; Club","article_publisher":"https:\/\/www.facebook.com\/everton.fans.cz.sk","article_published_time":"2023-04-23T19:28:34+00:00","article_modified_time":"2023-04-24T08:10:21+00:00","og_image":[{"width":624,"height":351,"url":"https:\/\/evertonfc.cz\/wp-content\/uploads\/2023\/04\/BAH-vs-Everton-19_4_2023.jpg","type":"image\/jpeg"}],"author":"Karamela","twitter_card":"summary_large_image","twitter_misc":{"Napsal(a)":"Karamela","Odhadovan\u00e1 doba \u010dten\u00ed":"4 minuty"},"schema":{"@context":"https:\/\/schema.org","@graph":[{"@type":"Article","@id":"https:\/\/evertonfc.cz\/index.php\/2023\/04\/23\/brighton-and-hove-albion-w-everton-w-32\/#article","isPartOf":{"@id":"https:\/\/evertonfc.cz\/index.php\/2023\/04\/23\/brighton-and-hove-albion-w-everton-w-32\/"},"author":{"name":"Karamela","@id":"https:\/\/evertonfc.cz\/#\/schema\/person\/e9a24a80a32efa1344dd2c4e5882185c"},"headline":"Brighton and Hove Albion W &#8211; Everton W 3:2","datePublished":"2023-04-23T19:28:34+00:00","dateModified":"2023-04-24T08:10:21+00:00","mainEntityOfPage":{"@id":"https:\/\/evertonfc.cz\/index.php\/2023\/04\/23\/brighton-and-hove-albion-w-everton-w-32\/"},"wordCount":792,"commentCount":0,"publisher":{"@id":"https:\/\/evertonfc.cz\/#organization"},"image":{"@id":"https:\/\/evertonfc.cz\/index.php\/2023\/04\/23\/brighton-and-hove-albion-w-everton-w-32\/#primaryimage"},"thumbnailUrl":"https:\/\/evertonfc.cz\/wp-content\/uploads\/2023\/04\/BAH-vs-Everton-19_4_2023.jpg","articleSection":["Everton Women"],"inLanguage":"cs","potentialAction":[{"@type":"CommentAction","name":"Comment","target":["https:\/\/evertonfc.cz\/index.php\/2023\/04\/23\/brighton-and-hove-albion-w-everton-w-32\/#respond"]}]},{"@type":"WebPage","@id":"https:\/\/evertonfc.cz\/index.php\/2023\/04\/23\/brighton-and-hove-albion-w-everton-w-32\/","url":"https:\/\/evertonfc.cz\/index.php\/2023\/04\/23\/brighton-and-hove-albion-w-everton-w-32\/","name":"Brighton and Hove Albion W - Everton W 3:2 - Official Czech &amp; Slovak Everton Supporters&#039; Club","isPartOf":{"@id":"https:\/\/evertonfc.cz\/#website"},"primaryImageOfPage":{"@id":"https:\/\/evertonfc.cz\/index.php\/2023\/04\/23\/brighton-and-hove-albion-w-everton-w-32\/#primaryimage"},"image":{"@id":"https:\/\/evertonfc.cz\/index.php\/2023\/04\/23\/brighton-and-hove-albion-w-everton-w-32\/#primaryimage"},"thumbnailUrl":"https:\/\/evertonfc.cz\/wp-content\/uploads\/2023\/04\/BAH-vs-Everton-19_4_2023.jpg","datePublished":"2023-04-23T19:28:34+00:00","dateModified":"2023-04-24T08:10:21+00:00","breadcrumb":{"@id":"https:\/\/evertonfc.cz\/index.php\/2023\/04\/23\/brighton-and-hove-albion-w-everton-w-32\/#breadcrumb"},"inLanguage":"cs","potentialAction":[{"@type":"ReadAction","target":["https:\/\/evertonfc.cz\/index.php\/2023\/04\/23\/brighton-and-hove-albion-w-everton-w-32\/"]}]},{"@type":"ImageObject","inLanguage":"cs","@id":"https:\/\/evertonfc.cz\/index.php\/2023\/04\/23\/brighton-and-hove-albion-w-everton-w-32\/#primaryimage","url":"https:\/\/evertonfc.cz\/wp-content\/uploads\/2023\/04\/BAH-vs-Everton-19_4_2023.jpg","contentUrl":"https:\/\/evertonfc.cz\/wp-content\/uploads\/2023\/04\/BAH-vs-Everton-19_4_2023.jpg","width":624,"height":351},{"@type":"BreadcrumbList","@id":"https:\/\/evertonfc.cz\/index.php\/2023\/04\/23\/brighton-and-hove-albion-w-everton-w-32\/#breadcrumb","itemListElement":[{"@type":"ListItem","position":1,"name":"Home","item":"https:\/\/evertonfc.cz\/"},{"@type":"ListItem","position":2,"name":"Brighton and Hove Albion W &#8211; Everton W 3:2"}]},{"@type":"WebSite","@id":"https:\/\/evertonfc.cz\/#website","url":"https:\/\/evertonfc.cz\/","name":"Official Czech &amp; Slovak Everton Supporters&#039; Club","description":"","publisher":{"@id":"https:\/\/evertonfc.cz\/#organization"},"potentialAction":[{"@type":"SearchAction","target":{"@type":"EntryPoint","urlTemplate":"https:\/\/evertonfc.cz\/?s={search_term_string}"},"query-input":{"@type":"PropertyValueSpecification","valueRequired":true,"valueName":"search_term_string"}}],"inLanguage":"cs"},{"@type":"Organization","@id":"https:\/\/evertonfc.cz\/#organization","name":"Official Czech & Slovak Everton Supporters' Club","url":"https:\/\/evertonfc.cz\/","logo":{"@type":"ImageObject","inLanguage":"cs","@id":"https:\/\/evertonfc.cz\/#\/schema\/logo\/image\/","url":"https:\/\/evertonfc.cz\/wp-content\/uploads\/2019\/05\/logo.png","contentUrl":"https:\/\/evertonfc.cz\/wp-content\/uploads\/2019\/05\/logo.png","width":112,"height":112,"caption":"Official Czech & Slovak Everton Supporters' Club"},"image":{"@id":"https:\/\/evertonfc.cz\/#\/schema\/logo\/image\/"},"sameAs":["https:\/\/www.facebook.com\/everton.fans.cz.sk"]},{"@type":"Person","@id":"https:\/\/evertonfc.cz\/#\/schema\/person\/e9a24a80a32efa1344dd2c4e5882185c","name":"Karamela","url":"https:\/\/evertonfc.cz\/index.php\/author\/karamela\/"}]}},"_links":{"self":[{"href":"https:\/\/evertonfc.cz\/index.php\/wp-json\/wp\/v2\/posts\/21394"}],"collection":[{"href":"https:\/\/evertonfc.cz\/index.php\/wp-json\/wp\/v2\/posts"}],"about":[{"href":"https:\/\/evertonfc.cz\/index.php\/wp-json\/wp\/v2\/types\/post"}],"author":[{"embeddable":true,"href":"https:\/\/evertonfc.cz\/index.php\/wp-json\/wp\/v2\/users\/26"}],"replies":[{"embeddable":true,"href":"https:\/\/evertonfc.cz\/index.php\/wp-json\/wp\/v2\/comments?post=21394"}],"version-history":[{"count":8,"href":"https:\/\/evertonfc.cz\/index.php\/wp-json\/wp\/v2\/posts\/21394\/revisions"}],"predecessor-version":[{"id":21443,"href":"https:\/\/evertonfc.cz\/index.php\/wp-json\/wp\/v2\/posts\/21394\/revisions\/21443"}],"wp:featuredmedia":[{"embeddable":true,"href":"https:\/\/evertonfc.cz\/index.php\/wp-json\/wp\/v2\/media\/21396"}],"wp:attachment":[{"href":"https:\/\/evertonfc.cz\/index.php\/wp-json\/wp\/v2\/media?parent=21394"}],"wp:term":[{"taxonomy":"category","embeddable":true,"href":"https:\/\/evertonfc.cz\/index.php\/wp-json\/wp\/v2\/categories?post=21394"},{"taxonomy":"post_tag","embeddable":true,"href":"https:\/\/evertonfc.cz\/index.php\/wp-json\/wp\/v2\/tags?post=21394"}],"curies":[{"name":"wp","href":"https:\/\/api.w.org\/{rel}","templated":true}]}}