{"id":21409,"date":"2023-04-22T12:24:06","date_gmt":"2023-04-22T10:24:06","guid":{"rendered":"https:\/\/evertonfc.cz\/?p=21409"},"modified":"2023-04-22T18:05:50","modified_gmt":"2023-04-22T16:05:50","slug":"preview-crystal-palace-fc-everton-fc","status":"publish","type":"post","link":"https:\/\/evertonfc.cz\/index.php\/2023\/04\/22\/preview-crystal-palace-fc-everton-fc\/","title":{"rendered":"Preview: Crystal Palace \u2013 Everton"},"content":{"rendered":"<h4>Ve velk\u00e9m nap\u011bt\u00ed se v\u00edkend co v\u00edkend nach\u00e1zej\u00ed Evertonians. Dal\u0161\u00ed d\u00edl ze s\u00e9rie \u201eKdo sestoup\u00ed z Premier League\u201c je kone\u010dn\u011b tady. J\u00e1 nev\u00edm jak vy, ale j\u00e1 se klepu jako ratl\u00edk.<\/h4>\n<p>Jist\u011b, nic se j\u00ed tak hork\u00e9, jak se to uva\u0159\u00ed a Everton to snad p\u0159e\u017eije. Championship je v mnoha ohledech skv\u011bl\u00e1 sout\u011b\u017e, ale.. nechceme to riskovat a zakou\u0161et. Spousta z\u00e1pas\u016f, minimum p\u0159enos\u016f. Mo\u017en\u00e1 administrativa a n\u00e1vrat v nedohlednu. Co si pak po\u010d\u00edt s v\u00edkendem?<\/p>\n<h4>Zaseknut\u00e9 pu\u0161ky<\/h4>\n<p>Sean Dyche po sv\u00e9m n\u00e1stupu vyspravil defenz\u00edvu. A tento efekt je trvalej\u0161\u00ed a v\u00edce konzistentn\u00ed, ne\u017e ten, kter\u00fd p\u0159inesl vloni Lamps. Tohle nen\u00ed pouze nov\u00e9 ko\u0161t\u011b, to je v\u00fdkonn\u00fd robotick\u00fd vysava\u010d. Jen\u017ee v \u00fatoku to st\u00e1le nen\u00ed ono. Toffees se dost nad\u0159ou u\u017e jen na xG (v\u00edce ne\u017e 36, 6 t\u00fdm\u016f je v sout\u011b\u017ei slab\u0161\u00edch), nato\u017e na skute\u010dn\u00e9 g\u00f3ly. Pod nov\u00fdm mana\u017eerem jich dali 9 v 11 z\u00e1pasech. Matematicky to je upgrade proti p\u0159edchoz\u00edm 15\/20.<\/p>\n<p>Asi jste u\u017e v\u0161ichni zvykli, \u017ee b\u011bhem ka\u017ed\u00e9ho p\u0159enosu n\u00e1s ze studia \u0161kodolib\u011b a opakovan\u011b terorizuj\u00ed p\u0159ipom\u00ednkou tohoto faktu. Nepo\u010d\u00edtal jsem to, ale v\u011b\u0159\u00edm, \u017ee minim\u00e1ln\u011b 2kr\u00e1t si vyslechneme, \u017ee nejlep\u0161\u00ed ligov\u00fd st\u0159elec, te\u010f u\u017e to nen\u00ed s\u00e1m Gray, ale p\u0159idal se k\u00a0n\u011bmu mo\u017en\u00e1 ne\u010dekan\u011b Dwight McNeil, m\u00e1 pouze 4 branky.<\/p>\n<p>Pohled do historie i celkem ned\u00e1vn\u00e9 ukazuje, \u017ee a\u017e takov\u00e1 propast to nen\u00ed. V \u00e9\u0159e EPL nastalo v sez\u00f3n\u011b 01\/02 k tomu, \u017ee o korunu klubov\u00e9ho ligov\u00e9ho st\u0159elce se d\u011blil Big Dunc s Tomaszem Radzinskim se 6 z\u00e1sahy. Tenhle probl\u00e9m tr\u00e1pil i Moyese, kdy\u017e nebyl k m\u00e1n\u00ed st\u0159elec typu Johnsona nebo Yakuba, dr\u017eeli prapor Cahill s Fellainim s 8 brankami (08\/09).<\/p>\n<p>Nap\u0159\u00edklad The Eagles maj\u00ed na \u010dele Eberechi Ezeho se 7 brankami (3 v posledn\u00edch 3), o jednu m\u00e9n\u011b m\u00e1 Wilfried Zaha. Slovy Franka Lamparda: \u201eJe to, co to je.\u201c St\u0159elci nerostou na strom\u011b. Ale Everton jednoho takov\u00e9ho v t\u00fdmu m\u00e1. Te\u010f sice dva a p\u016fl m\u011bs\u00edce ml\u010del, ale j\u00e1 chci v\u011b\u0159it tomu, \u017ee to bylo proto, aby se dal do naprost\u00e9ho po\u0159\u00e1dku. A taky si p\u0159eji, aby to byl zase ten star\u00fd DCL. V\u0161ak na klubov\u00e9ho kr\u00e1le st\u0159elc\u016f ztr\u00e1c\u00ed jen 3 \u010d\u00e1rky.<\/p>\n<h4>N\u011bco o soupe\u0159i<\/h4>\n<p>V polovin\u011b b\u0159ezna se na jihu Lond\u00fdna rozhodli vym\u011bnit mana\u017eera. Letos je to dost b\u011b\u017en\u00e1 praxe, ale i tak byl odchod je\u0161t\u011b loni op\u011bvovan\u00e9ho Patricka Vieiry p\u0159ekvapen\u00edm. Loni dok\u00e1zal prov\u00e9st genera\u010dn\u00ed obm\u011bnu a s p\u0159ehledem t\u00fdm zachr\u00e1nit. Letos ale hostuj\u00edc\u00ed hr\u00e1\u010di tolik z\u00e1sadn\u00ed roli nehraj\u00ed (vlastn\u011b tam je jen Lokonga z Arsenalu). Pravda, 13 z\u00e1pas\u016f bez v\u00fdhry by dostalo leckoho.<\/p>\n<p>Je\u0161t\u011b v\u011bt\u0161\u00ed \u0161ok pro mne bylo jmenov\u00e1n\u00ed 75let\u00e9ho Roye Hodgsona, pro kter\u00e9ho to je t\u0159et\u00ed vstup do stejn\u00e9 \u0159eky. V roce 1965 se tady toti\u017e pokou\u0161el o dr\u00e1hu profesion\u00e1ln\u00edho fotbalisty. Do A-t\u00fdmu se nedostal, ani cel\u00e1 kari\u00e9ra moc kr\u00e1sn\u00fdch vzpom\u00ednek nep\u0159inesla. Jako lodivod u\u017e ale zanechal \u201eWoy\u201c nemalou stopu, i kdy\u017e p\u00e1r moment\u016f tam bylo, co se do rodinn\u00e9ho alba nedostane.<\/p>\n<p>Osobn\u011b bych po lo\u0148sk\u00e9m \u0159\u00edzen\u00e9m sestupu s Watfordem od Hodgsona \u010dekal, \u017ee z d\u016fchodu se vr\u00e1t\u00ed k podobn\u00e9 akci a na konci sez\u00f3ny zhasne prvoligov\u00e1 sv\u011btla i na Selhurst Parku. Jen\u017ee opak je zat\u00edm pravdou. Zat\u00edm mohl od\u0159\u00eddit 3 z\u00e1pasy a nabral plnou porci 9 bod\u016f. \u010ctvrtou v\u00fdhru v \u0159ad\u011b by srovnal sv\u016fj \u00fasp\u011bch s Palace z covidov\u00e9ho roku 2020.<\/p>\n<h4>Vz\u00e1jemn\u00e1 bilance<\/h4>\n<p>Naposledy to bylo v \u0159\u00edjnu a \u0161lo o jedin\u00fd z\u00e1pas v sez\u00f3n\u011b, kdy se poda\u0159ilo Toffees vst\u0159elit v jednom z\u00e1pase v\u00edce ne\u017e 2 branky. Utk\u00e1n\u00ed asi zachr\u00e1nilo Lamparda u kormidla p\u0159ed za\u010d\u00e1tkem MS.<\/p>\n<p>Na Palace jako soupe\u0159e ale bude Frank vzpom\u00ednat i proto, \u017ee loni na ja\u0159e proti nim zajistil ve spektakul\u00e1rn\u00edm obratu ligovou p\u0159\u00edslu\u0161nost i pro leto\u0161ek. Triumf zast\u00ednil p\u0159edchoz\u00ed debakl ve \u010dtvrtfin\u00e1le FA Cupu a podzimn\u00ed kolaps je\u0161t\u011b pod re\u017ei\u00ed R.B.Maudese. Ten byl tak\u00e9 prvn\u00ed ligovou por\u00e1\u017ekou Evertonu od Eagles od podzimu 2014. Jinak lze hovo\u0159it o obl\u00edben\u00e9m soupe\u0159i, v EPL je bilance 13-8-6 pro Everton, v\u010detn\u011b jen 2 por\u00e1\u017eek na Selhurst Parku.<\/p>\n<p>Hodgson v. Dyche. Za\u010dalo to 4 v\u00fdhrami Roye, ale Sean se oklepal a dal\u0161\u00ed 4 duely u\u017e neprohr\u00e1l, dokonce 3kr\u00e1t vy\u0161el ze souboje v\u00edt\u011bzn\u011b. Jen tak d\u00e1l!<\/p>\n<h4>Kdo bude a kdo ne<\/h4>\n<p>Palace hl\u00e1s\u00ed absenci \u010dtve\u0159ice Zaha-Guaita-Clyne-Ferguson. O velk\u00e9m o\u010dek\u00e1v\u00e1n\u00ed v t\u00e1bo\u0159e host\u016f jsem psal, DCL n\u00e1s namlsal. Jistojist\u011b ale bude chyb\u011bt kapit\u00e1n Coleman a vykartovan\u00fd Doucour\u00e9, kter\u00fd u\u017e to m\u00e1 za p\u00e1r a p\u0159\u00ed\u0161t\u011b se vr\u00e1t\u00ed. K Townsendovi na marodku se p\u0159idal Vinagre, a jak jsem \u010detl na twitteru, stane se z n\u011bj v budoucnu velmi t\u011b\u017ek\u00e1 ot\u00e1zka do kv\u00edzu pro Evertonians <em>(ano, budete tipovat po\u010det jim odehran\u00fdch minut za EFC &#8211; pozn. J.).<\/em><\/p>\n<p>Toffees u\u017e mus\u00ed prolomit zoufalou venkovn\u00ed bilanci. Venku nezv\u00edt\u011bzili 13kr\u00e1t za sebou, z posledn\u00edch 32 ligov\u00fdch p\u0159ijeli s pln\u00fdm ziskem jen 2kr\u00e1t. Sean sou\u010dasn\u011b jedinkr\u00e1t z 21. Tak\u017ee te\u010f u\u017e to mus\u00ed vyj\u00edt. COYB!<\/p>\n<p><strong>Co<\/strong>: Crystal Palace FC &#8211; Everton FC, 32. kolo Premier League<br \/>\n<strong>Kdy<\/strong>: sobota 22. dubna 2023 od 16:00 SE\u010c<br \/>\n<strong>Kde<\/strong>: Selhurst Park Stadium, Holmesdale Road, London, SE25 6PU<br \/>\n<strong>TV<\/strong>: na stanici CANAL+ Sport 4 od 15:55, s koment\u00e1torem Mat\u00fa\u0161em Luk\u00e1\u010dem<br \/>\n<strong>Rozhod\u010d\u00ed<\/strong>: John Brooks\u00a0 <strong>Postrann\u00ed:<\/strong> Matthew Wilkes, Natalie Aspinallov\u00e1<br \/>\n<strong>\u010ctvrt\u00fd<\/strong> <strong>rozhod\u010d\u00ed<\/strong>: Thomas Bramall\u00a0 <strong>Video<\/strong> <strong>rozhod\u010d\u00ed<\/strong>: Darren England\u00a0 <strong>Asistent<\/strong> <strong>VAR<\/strong>: Harry Lennard<\/p>\n","protected":false},"excerpt":{"rendered":"<p>Ve velk\u00e9m nap\u011bt\u00ed se v\u00edkend, co v\u00edkend nach\u00e1zej\u00ed Evertonians. Dal\u0161\u00ed d\u00edl ze s\u00e9rie \u201eKdo sestoup\u00ed z Premier League\u201c\u00a0 je kone\u010dn\u011b tady. J\u00e1 nev\u00edm jak vy, ale j\u00e1 se klepu jako ratl\u00edk.<\/p>\n","protected":false},"author":10,"featured_media":12110,"comment_status":"open","ping_status":"closed","sticky":false,"template":"","format":"standard","meta":{"_eb_attr":"","_monsterinsights_skip_tracking":false,"_monsterinsights_sitenote_active":false,"_monsterinsights_sitenote_note":"","_monsterinsights_sitenote_category":0,"footnotes":""},"categories":[4],"tags":[],"yoast_head":"<!-- This site is optimized with the Yoast SEO plugin v23.4 - https:\/\/yoast.com\/wordpress\/plugins\/seo\/ -->\n<title>Preview: Crystal Palace \u2013 Everton - Official Czech &amp; Slovak Everton Supporters&#039; Club<\/title>\n<meta name=\"robots\" content=\"index, follow, max-snippet:-1, max-image-preview:large, max-video-preview:-1\" \/>\n<link rel=\"canonical\" href=\"https:\/\/evertonfc.cz\/index.php\/2023\/04\/22\/preview-crystal-palace-fc-everton-fc\/\" \/>\n<meta property=\"og:locale\" content=\"cs_CZ\" \/>\n<meta property=\"og:type\" content=\"article\" \/>\n<meta property=\"og:title\" content=\"Preview: Crystal Palace \u2013 Everton - Official Czech &amp; Slovak Everton Supporters&#039; Club\" \/>\n<meta property=\"og:description\" content=\"Ve velk\u00e9m nap\u011bt\u00ed se v\u00edkend, co v\u00edkend nach\u00e1zej\u00ed Evertonians. Dal\u0161\u00ed d\u00edl ze s\u00e9rie \u201eKdo sestoup\u00ed z Premier League\u201c\u00a0 je kone\u010dn\u011b tady. J\u00e1 nev\u00edm jak vy, ale j\u00e1 se klepu jako ratl\u00edk.\" \/>\n<meta property=\"og:url\" content=\"https:\/\/evertonfc.cz\/index.php\/2023\/04\/22\/preview-crystal-palace-fc-everton-fc\/\" \/>\n<meta property=\"og:site_name\" content=\"Official Czech &amp; Slovak Everton Supporters&#039; Club\" \/>\n<meta property=\"article:publisher\" content=\"https:\/\/www.facebook.com\/everton.fans.cz.sk\" \/>\n<meta property=\"article:published_time\" content=\"2023-04-22T10:24:06+00:00\" \/>\n<meta property=\"article:modified_time\" content=\"2023-04-22T16:05:50+00:00\" \/>\n<meta property=\"og:image\" content=\"https:\/\/evertonfc.cz\/wp-content\/uploads\/2020\/09\/Crystal-Palace-VS-Everton-26-9-2020.jpg\" \/>\n\t<meta property=\"og:image:width\" content=\"720\" \/>\n\t<meta property=\"og:image:height\" content=\"405\" \/>\n\t<meta property=\"og:image:type\" content=\"image\/jpeg\" \/>\n<meta name=\"author\" content=\"Fip\" \/>\n<meta name=\"twitter:card\" content=\"summary_large_image\" \/>\n<meta name=\"twitter:label1\" content=\"Napsal(a)\" \/>\n\t<meta name=\"twitter:data1\" content=\"Fip\" \/>\n\t<meta name=\"twitter:label2\" content=\"Odhadovan\u00e1 doba \u010dten\u00ed\" \/>\n\t<meta name=\"twitter:data2\" content=\"5 minut\" \/>\n<script type=\"application\/ld+json\" class=\"yoast-schema-graph\">{\"@context\":\"https:\/\/schema.org\",\"@graph\":[{\"@type\":\"Article\",\"@id\":\"https:\/\/evertonfc.cz\/index.php\/2023\/04\/22\/preview-crystal-palace-fc-everton-fc\/#article\",\"isPartOf\":{\"@id\":\"https:\/\/evertonfc.cz\/index.php\/2023\/04\/22\/preview-crystal-palace-fc-everton-fc\/\"},\"author\":{\"name\":\"Fip\",\"@id\":\"https:\/\/evertonfc.cz\/#\/schema\/person\/35904009755e8eaa0dc1a5f5f0419002\"},\"headline\":\"Preview: Crystal Palace \u2013 Everton\",\"datePublished\":\"2023-04-22T10:24:06+00:00\",\"dateModified\":\"2023-04-22T16:05:50+00:00\",\"mainEntityOfPage\":{\"@id\":\"https:\/\/evertonfc.cz\/index.php\/2023\/04\/22\/preview-crystal-palace-fc-everton-fc\/\"},\"wordCount\":1036,\"commentCount\":2,\"publisher\":{\"@id\":\"https:\/\/evertonfc.cz\/#organization\"},\"image\":{\"@id\":\"https:\/\/evertonfc.cz\/index.php\/2023\/04\/22\/preview-crystal-palace-fc-everton-fc\/#primaryimage\"},\"thumbnailUrl\":\"https:\/\/evertonfc.cz\/wp-content\/uploads\/2020\/09\/Crystal-Palace-VS-Everton-26-9-2020.jpg\",\"articleSection\":[\"Z\u00e1pasy\"],\"inLanguage\":\"cs\",\"potentialAction\":[{\"@type\":\"CommentAction\",\"name\":\"Comment\",\"target\":[\"https:\/\/evertonfc.cz\/index.php\/2023\/04\/22\/preview-crystal-palace-fc-everton-fc\/#respond\"]}]},{\"@type\":\"WebPage\",\"@id\":\"https:\/\/evertonfc.cz\/index.php\/2023\/04\/22\/preview-crystal-palace-fc-everton-fc\/\",\"url\":\"https:\/\/evertonfc.cz\/index.php\/2023\/04\/22\/preview-crystal-palace-fc-everton-fc\/\",\"name\":\"Preview: Crystal Palace \u2013 Everton - Official Czech &amp; Slovak Everton Supporters&#039; Club\",\"isPartOf\":{\"@id\":\"https:\/\/evertonfc.cz\/#website\"},\"primaryImageOfPage\":{\"@id\":\"https:\/\/evertonfc.cz\/index.php\/2023\/04\/22\/preview-crystal-palace-fc-everton-fc\/#primaryimage\"},\"image\":{\"@id\":\"https:\/\/evertonfc.cz\/index.php\/2023\/04\/22\/preview-crystal-palace-fc-everton-fc\/#primaryimage\"},\"thumbnailUrl\":\"https:\/\/evertonfc.cz\/wp-content\/uploads\/2020\/09\/Crystal-Palace-VS-Everton-26-9-2020.jpg\",\"datePublished\":\"2023-04-22T10:24:06+00:00\",\"dateModified\":\"2023-04-22T16:05:50+00:00\",\"breadcrumb\":{\"@id\":\"https:\/\/evertonfc.cz\/index.php\/2023\/04\/22\/preview-crystal-palace-fc-everton-fc\/#breadcrumb\"},\"inLanguage\":\"cs\",\"potentialAction\":[{\"@type\":\"ReadAction\",\"target\":[\"https:\/\/evertonfc.cz\/index.php\/2023\/04\/22\/preview-crystal-palace-fc-everton-fc\/\"]}]},{\"@type\":\"ImageObject\",\"inLanguage\":\"cs\",\"@id\":\"https:\/\/evertonfc.cz\/index.php\/2023\/04\/22\/preview-crystal-palace-fc-everton-fc\/#primaryimage\",\"url\":\"https:\/\/evertonfc.cz\/wp-content\/uploads\/2020\/09\/Crystal-Palace-VS-Everton-26-9-2020.jpg\",\"contentUrl\":\"https:\/\/evertonfc.cz\/wp-content\/uploads\/2020\/09\/Crystal-Palace-VS-Everton-26-9-2020.jpg\",\"width\":720,\"height\":405},{\"@type\":\"BreadcrumbList\",\"@id\":\"https:\/\/evertonfc.cz\/index.php\/2023\/04\/22\/preview-crystal-palace-fc-everton-fc\/#breadcrumb\",\"itemListElement\":[{\"@type\":\"ListItem\",\"position\":1,\"name\":\"Home\",\"item\":\"https:\/\/evertonfc.cz\/\"},{\"@type\":\"ListItem\",\"position\":2,\"name\":\"Preview: Crystal Palace \u2013 Everton\"}]},{\"@type\":\"WebSite\",\"@id\":\"https:\/\/evertonfc.cz\/#website\",\"url\":\"https:\/\/evertonfc.cz\/\",\"name\":\"Official Czech &amp; Slovak Everton Supporters&#039; Club\",\"description\":\"\",\"publisher\":{\"@id\":\"https:\/\/evertonfc.cz\/#organization\"},\"potentialAction\":[{\"@type\":\"SearchAction\",\"target\":{\"@type\":\"EntryPoint\",\"urlTemplate\":\"https:\/\/evertonfc.cz\/?s={search_term_string}\"},\"query-input\":{\"@type\":\"PropertyValueSpecification\",\"valueRequired\":true,\"valueName\":\"search_term_string\"}}],\"inLanguage\":\"cs\"},{\"@type\":\"Organization\",\"@id\":\"https:\/\/evertonfc.cz\/#organization\",\"name\":\"Official Czech & Slovak Everton Supporters' Club\",\"url\":\"https:\/\/evertonfc.cz\/\",\"logo\":{\"@type\":\"ImageObject\",\"inLanguage\":\"cs\",\"@id\":\"https:\/\/evertonfc.cz\/#\/schema\/logo\/image\/\",\"url\":\"https:\/\/evertonfc.cz\/wp-content\/uploads\/2019\/05\/logo.png\",\"contentUrl\":\"https:\/\/evertonfc.cz\/wp-content\/uploads\/2019\/05\/logo.png\",\"width\":112,\"height\":112,\"caption\":\"Official Czech & Slovak Everton Supporters' Club\"},\"image\":{\"@id\":\"https:\/\/evertonfc.cz\/#\/schema\/logo\/image\/\"},\"sameAs\":[\"https:\/\/www.facebook.com\/everton.fans.cz.sk\"]},{\"@type\":\"Person\",\"@id\":\"https:\/\/evertonfc.cz\/#\/schema\/person\/35904009755e8eaa0dc1a5f5f0419002\",\"name\":\"Fip\",\"url\":\"https:\/\/evertonfc.cz\/index.php\/author\/fip\/\"}]}<\/script>\n<!-- \/ Yoast SEO plugin. -->","yoast_head_json":{"title":"Preview: Crystal Palace \u2013 Everton - Official Czech &amp; Slovak Everton Supporters&#039; Club","robots":{"index":"index","follow":"follow","max-snippet":"max-snippet:-1","max-image-preview":"max-image-preview:large","max-video-preview":"max-video-preview:-1"},"canonical":"https:\/\/evertonfc.cz\/index.php\/2023\/04\/22\/preview-crystal-palace-fc-everton-fc\/","og_locale":"cs_CZ","og_type":"article","og_title":"Preview: Crystal Palace \u2013 Everton - Official Czech &amp; Slovak Everton Supporters&#039; Club","og_description":"Ve velk\u00e9m nap\u011bt\u00ed se v\u00edkend, co v\u00edkend nach\u00e1zej\u00ed Evertonians. Dal\u0161\u00ed d\u00edl ze s\u00e9rie \u201eKdo sestoup\u00ed z Premier League\u201c\u00a0 je kone\u010dn\u011b tady. J\u00e1 nev\u00edm jak vy, ale j\u00e1 se klepu jako ratl\u00edk.","og_url":"https:\/\/evertonfc.cz\/index.php\/2023\/04\/22\/preview-crystal-palace-fc-everton-fc\/","og_site_name":"Official Czech &amp; Slovak Everton Supporters&#039; Club","article_publisher":"https:\/\/www.facebook.com\/everton.fans.cz.sk","article_published_time":"2023-04-22T10:24:06+00:00","article_modified_time":"2023-04-22T16:05:50+00:00","og_image":[{"width":720,"height":405,"url":"https:\/\/evertonfc.cz\/wp-content\/uploads\/2020\/09\/Crystal-Palace-VS-Everton-26-9-2020.jpg","type":"image\/jpeg"}],"author":"Fip","twitter_card":"summary_large_image","twitter_misc":{"Napsal(a)":"Fip","Odhadovan\u00e1 doba \u010dten\u00ed":"5 minut"},"schema":{"@context":"https:\/\/schema.org","@graph":[{"@type":"Article","@id":"https:\/\/evertonfc.cz\/index.php\/2023\/04\/22\/preview-crystal-palace-fc-everton-fc\/#article","isPartOf":{"@id":"https:\/\/evertonfc.cz\/index.php\/2023\/04\/22\/preview-crystal-palace-fc-everton-fc\/"},"author":{"name":"Fip","@id":"https:\/\/evertonfc.cz\/#\/schema\/person\/35904009755e8eaa0dc1a5f5f0419002"},"headline":"Preview: Crystal Palace \u2013 Everton","datePublished":"2023-04-22T10:24:06+00:00","dateModified":"2023-04-22T16:05:50+00:00","mainEntityOfPage":{"@id":"https:\/\/evertonfc.cz\/index.php\/2023\/04\/22\/preview-crystal-palace-fc-everton-fc\/"},"wordCount":1036,"commentCount":2,"publisher":{"@id":"https:\/\/evertonfc.cz\/#organization"},"image":{"@id":"https:\/\/evertonfc.cz\/index.php\/2023\/04\/22\/preview-crystal-palace-fc-everton-fc\/#primaryimage"},"thumbnailUrl":"https:\/\/evertonfc.cz\/wp-content\/uploads\/2020\/09\/Crystal-Palace-VS-Everton-26-9-2020.jpg","articleSection":["Z\u00e1pasy"],"inLanguage":"cs","potentialAction":[{"@type":"CommentAction","name":"Comment","target":["https:\/\/evertonfc.cz\/index.php\/2023\/04\/22\/preview-crystal-palace-fc-everton-fc\/#respond"]}]},{"@type":"WebPage","@id":"https:\/\/evertonfc.cz\/index.php\/2023\/04\/22\/preview-crystal-palace-fc-everton-fc\/","url":"https:\/\/evertonfc.cz\/index.php\/2023\/04\/22\/preview-crystal-palace-fc-everton-fc\/","name":"Preview: Crystal Palace \u2013 Everton - Official Czech &amp; Slovak Everton Supporters&#039; Club","isPartOf":{"@id":"https:\/\/evertonfc.cz\/#website"},"primaryImageOfPage":{"@id":"https:\/\/evertonfc.cz\/index.php\/2023\/04\/22\/preview-crystal-palace-fc-everton-fc\/#primaryimage"},"image":{"@id":"https:\/\/evertonfc.cz\/index.php\/2023\/04\/22\/preview-crystal-palace-fc-everton-fc\/#primaryimage"},"thumbnailUrl":"https:\/\/evertonfc.cz\/wp-content\/uploads\/2020\/09\/Crystal-Palace-VS-Everton-26-9-2020.jpg","datePublished":"2023-04-22T10:24:06+00:00","dateModified":"2023-04-22T16:05:50+00:00","breadcrumb":{"@id":"https:\/\/evertonfc.cz\/index.php\/2023\/04\/22\/preview-crystal-palace-fc-everton-fc\/#breadcrumb"},"inLanguage":"cs","potentialAction":[{"@type":"ReadAction","target":["https:\/\/evertonfc.cz\/index.php\/2023\/04\/22\/preview-crystal-palace-fc-everton-fc\/"]}]},{"@type":"ImageObject","inLanguage":"cs","@id":"https:\/\/evertonfc.cz\/index.php\/2023\/04\/22\/preview-crystal-palace-fc-everton-fc\/#primaryimage","url":"https:\/\/evertonfc.cz\/wp-content\/uploads\/2020\/09\/Crystal-Palace-VS-Everton-26-9-2020.jpg","contentUrl":"https:\/\/evertonfc.cz\/wp-content\/uploads\/2020\/09\/Crystal-Palace-VS-Everton-26-9-2020.jpg","width":720,"height":405},{"@type":"BreadcrumbList","@id":"https:\/\/evertonfc.cz\/index.php\/2023\/04\/22\/preview-crystal-palace-fc-everton-fc\/#breadcrumb","itemListElement":[{"@type":"ListItem","position":1,"name":"Home","item":"https:\/\/evertonfc.cz\/"},{"@type":"ListItem","position":2,"name":"Preview: Crystal Palace \u2013 Everton"}]},{"@type":"WebSite","@id":"https:\/\/evertonfc.cz\/#website","url":"https:\/\/evertonfc.cz\/","name":"Official Czech &amp; Slovak Everton Supporters&#039; Club","description":"","publisher":{"@id":"https:\/\/evertonfc.cz\/#organization"},"potentialAction":[{"@type":"SearchAction","target":{"@type":"EntryPoint","urlTemplate":"https:\/\/evertonfc.cz\/?s={search_term_string}"},"query-input":{"@type":"PropertyValueSpecification","valueRequired":true,"valueName":"search_term_string"}}],"inLanguage":"cs"},{"@type":"Organization","@id":"https:\/\/evertonfc.cz\/#organization","name":"Official Czech & Slovak Everton Supporters' Club","url":"https:\/\/evertonfc.cz\/","logo":{"@type":"ImageObject","inLanguage":"cs","@id":"https:\/\/evertonfc.cz\/#\/schema\/logo\/image\/","url":"https:\/\/evertonfc.cz\/wp-content\/uploads\/2019\/05\/logo.png","contentUrl":"https:\/\/evertonfc.cz\/wp-content\/uploads\/2019\/05\/logo.png","width":112,"height":112,"caption":"Official Czech & Slovak Everton Supporters' Club"},"image":{"@id":"https:\/\/evertonfc.cz\/#\/schema\/logo\/image\/"},"sameAs":["https:\/\/www.facebook.com\/everton.fans.cz.sk"]},{"@type":"Person","@id":"https:\/\/evertonfc.cz\/#\/schema\/person\/35904009755e8eaa0dc1a5f5f0419002","name":"Fip","url":"https:\/\/evertonfc.cz\/index.php\/author\/fip\/"}]}},"_links":{"self":[{"href":"https:\/\/evertonfc.cz\/index.php\/wp-json\/wp\/v2\/posts\/21409"}],"collection":[{"href":"https:\/\/evertonfc.cz\/index.php\/wp-json\/wp\/v2\/posts"}],"about":[{"href":"https:\/\/evertonfc.cz\/index.php\/wp-json\/wp\/v2\/types\/post"}],"author":[{"embeddable":true,"href":"https:\/\/evertonfc.cz\/index.php\/wp-json\/wp\/v2\/users\/10"}],"replies":[{"embeddable":true,"href":"https:\/\/evertonfc.cz\/index.php\/wp-json\/wp\/v2\/comments?post=21409"}],"version-history":[{"count":10,"href":"https:\/\/evertonfc.cz\/index.php\/wp-json\/wp\/v2\/posts\/21409\/revisions"}],"predecessor-version":[{"id":21420,"href":"https:\/\/evertonfc.cz\/index.php\/wp-json\/wp\/v2\/posts\/21409\/revisions\/21420"}],"wp:featuredmedia":[{"embeddable":true,"href":"https:\/\/evertonfc.cz\/index.php\/wp-json\/wp\/v2\/media\/12110"}],"wp:attachment":[{"href":"https:\/\/evertonfc.cz\/index.php\/wp-json\/wp\/v2\/media?parent=21409"}],"wp:term":[{"taxonomy":"category","embeddable":true,"href":"https:\/\/evertonfc.cz\/index.php\/wp-json\/wp\/v2\/categories?post=21409"},{"taxonomy":"post_tag","embeddable":true,"href":"https:\/\/evertonfc.cz\/index.php\/wp-json\/wp\/v2\/tags?post=21409"}],"curies":[{"name":"wp","href":"https:\/\/api.w.org\/{rel}","templated":true}]}}