{"id":2144,"date":"2018-04-30T13:35:10","date_gmt":"2018-04-30T11:35:10","guid":{"rendered":"http:\/\/evertonfc.cz\/?p=2144"},"modified":"2019-02-01T13:43:13","modified_gmt":"2019-02-01T12:43:13","slug":"everton-predstavil-nove-domaci-dresy","status":"publish","type":"post","link":"https:\/\/evertonfc.cz\/index.php\/2018\/04\/30\/everton-predstavil-nove-domaci-dresy\/","title":{"rendered":"Everton p\u0159edstavil nov\u00e9 dom\u00e1c\u00ed dresy"},"content":{"rendered":"\n<h4 class=\"wp-block-heading\">V nov\u00fdch dom\u00e1c\u00edch dresech pro sez\u00f3nu 2018\/19 Everton poprv\u00e9 vyb\u011bhne k z\u00e1pasu u\u017e nadch\u00e1zej\u00edc\u00ed sobotu, kdy na dom\u00e1c\u00ed p\u016fd\u011b p\u0159iv\u00edt\u00e1 Southampton.<\/h4>\n\n\n\n<p>Dres poch\u00e1z\u00ed z v\u00fdroby Umbro, s n\u00edm\u017e m\u00e1 Everton podepsanou smlouvu do l\u00e9ta 2019. Podle vyj\u00e1d\u0159en\u00ed britsk\u00e9 od\u011bvn\u00ed spole\u010dnosti jsou ve fin\u00e1ln\u00ed designu dresu zohledn\u011bny preference fanou\u0161k\u016f, kte\u0159\u00ed si p\u0159\u00e1li inspiraci dresy ze 70. let. Preference fanou\u0161k\u016f se zejm\u00e9na projevily v barevn\u00e9m odst\u00ednu modr\u00e9, podoby l\u00edme\u010dku, b\u00edl\u00e9m zakon\u010den\u00ed ruk\u00e1v\u016f \u010di um\u00edst\u011bn\u00ed obrysu&nbsp;Prince Rupert&#8217;s Tower do oblasti \u0161\u00edje.<\/p>\n\n\n\n<p>Everton k p\u0159\u00edle\u017eitosti p\u0159edstaven\u00ed nov\u00fdch dres\u016f&nbsp;<a href=\"https:\/\/www.youtube.com\/watch?v=5DIio7iZ37M\" target=\"_blank\" rel=\"noreferrer noopener\">vytvo\u0159il video s n\u00e1zvem &#8222;Nov\u00fd Everton, nov\u00fd dres&#8220;<\/a>. Video, je\u017e typick\u00fdm Scouse p\u0159\u00edzvukem namluvil Tony Bellew, v\u00e1\u0161niv\u00fd p\u0159iznivec Evertonu a v\u00fdborn\u00fd profesion\u00e1ln\u00ed boxer, po\u010d\u00ednaje sez\u00f3nou 2018\/19 slibuje za\u010d\u00e1tek nov\u00e9ho \u00fasp\u011b\u0161n\u00e9ho obdob\u00ed klubu.<\/p>\n\n\n\n<p>K modr\u00e9mu triku byly navr\u017eeny b\u00edl\u00e9 trenky s b\u00edl\u00fdmi \u0161tulpnami v prvn\u00ed variant\u011b a modr\u00e9 trenky s modr\u00fdmi \u0161tulpnami v\u00a0n\u00e1hradn\u00ed variant\u011b. Branka\u0159sk\u00fd dres se do\u010dkal zelen\u00e9 barvy<\/p>\n\n\n\n<div class=\"wp-block-image\"><figure class=\"aligncenter\"><img loading=\"lazy\" decoding=\"async\" width=\"450\" height=\"259\" src=\"http:\/\/evertonfc.cz\/wp-content\/uploads\/2019\/02\/nove_dresy.png\" alt=\"\" class=\"wp-image-2142\" srcset=\"https:\/\/evertonfc.cz\/wp-content\/uploads\/2019\/02\/nove_dresy.png 450w, https:\/\/evertonfc.cz\/wp-content\/uploads\/2019\/02\/nove_dresy-300x173.png 300w\" sizes=\"(max-width: 450px) 100vw, 450px\" \/><\/figure><\/div>\n\n\n\n<div class=\"wp-block-image\"><figure class=\"aligncenter\"><img loading=\"lazy\" decoding=\"async\" width=\"450\" height=\"618\" src=\"http:\/\/evertonfc.cz\/wp-content\/uploads\/2019\/02\/kenny_dres.jpg\" alt=\"\" class=\"wp-image-2141\" srcset=\"https:\/\/evertonfc.cz\/wp-content\/uploads\/2019\/02\/kenny_dres.jpg 450w, https:\/\/evertonfc.cz\/wp-content\/uploads\/2019\/02\/kenny_dres-218x300.jpg 218w\" sizes=\"(max-width: 450px) 100vw, 450px\" \/><\/figure><\/div>\n\n\n\n<div class=\"wp-block-image\"><figure class=\"aligncenter\"><img loading=\"lazy\" decoding=\"async\" width=\"450\" height=\"377\" src=\"http:\/\/evertonfc.cz\/wp-content\/uploads\/2019\/02\/pickford_dres.png\" alt=\"\" class=\"wp-image-2143\" srcset=\"https:\/\/evertonfc.cz\/wp-content\/uploads\/2019\/02\/pickford_dres.png 450w, https:\/\/evertonfc.cz\/wp-content\/uploads\/2019\/02\/pickford_dres-300x251.png 300w\" sizes=\"(max-width: 450px) 100vw, 450px\" \/><\/figure><\/div>\n\n\n\n<div class=\"wp-block-image\"><figure class=\"aligncenter\"><img loading=\"lazy\" decoding=\"async\" width=\"450\" height=\"518\" src=\"http:\/\/evertonfc.cz\/wp-content\/uploads\/2019\/02\/triko_1.jpg\" alt=\"\" class=\"wp-image-2136\" srcset=\"https:\/\/evertonfc.cz\/wp-content\/uploads\/2019\/02\/triko_1.jpg 450w, https:\/\/evertonfc.cz\/wp-content\/uploads\/2019\/02\/triko_1-261x300.jpg 261w\" sizes=\"(max-width: 450px) 100vw, 450px\" \/><\/figure><\/div>\n\n\n\n<div class=\"wp-block-image\"><figure class=\"aligncenter\"><img loading=\"lazy\" decoding=\"async\" width=\"353\" height=\"520\" src=\"http:\/\/evertonfc.cz\/wp-content\/uploads\/2019\/02\/triko_2.png\" alt=\"\" class=\"wp-image-2137\" srcset=\"https:\/\/evertonfc.cz\/wp-content\/uploads\/2019\/02\/triko_2.png 353w, https:\/\/evertonfc.cz\/wp-content\/uploads\/2019\/02\/triko_2-204x300.png 204w\" sizes=\"(max-width: 353px) 100vw, 353px\" \/><\/figure><\/div>\n\n\n\n<div class=\"wp-block-image\"><figure class=\"aligncenter\"><img loading=\"lazy\" decoding=\"async\" width=\"450\" height=\"552\" src=\"http:\/\/evertonfc.cz\/wp-content\/uploads\/2019\/02\/triko_3.jpg\" alt=\"\" class=\"wp-image-2138\" srcset=\"https:\/\/evertonfc.cz\/wp-content\/uploads\/2019\/02\/triko_3.jpg 450w, https:\/\/evertonfc.cz\/wp-content\/uploads\/2019\/02\/triko_3-245x300.jpg 245w\" sizes=\"(max-width: 450px) 100vw, 450px\" \/><\/figure><\/div>\n\n\n\n<div class=\"wp-block-image\"><figure class=\"aligncenter\"><img loading=\"lazy\" decoding=\"async\" width=\"450\" height=\"486\" src=\"http:\/\/evertonfc.cz\/wp-content\/uploads\/2019\/02\/trenky_1.png\" alt=\"\" class=\"wp-image-2134\" srcset=\"https:\/\/evertonfc.cz\/wp-content\/uploads\/2019\/02\/trenky_1.png 450w, https:\/\/evertonfc.cz\/wp-content\/uploads\/2019\/02\/trenky_1-278x300.png 278w\" sizes=\"(max-width: 450px) 100vw, 450px\" \/><\/figure><\/div>\n\n\n\n<div class=\"wp-block-image\"><figure class=\"aligncenter\"><img loading=\"lazy\" decoding=\"async\" width=\"450\" height=\"496\" src=\"http:\/\/evertonfc.cz\/wp-content\/uploads\/2019\/02\/trenky_2.jpg\" alt=\"\" class=\"wp-image-2135\" srcset=\"https:\/\/evertonfc.cz\/wp-content\/uploads\/2019\/02\/trenky_2.jpg 450w, https:\/\/evertonfc.cz\/wp-content\/uploads\/2019\/02\/trenky_2-272x300.jpg 272w\" sizes=\"(max-width: 450px) 100vw, 450px\" \/><\/figure><\/div>\n\n\n\n<div class=\"wp-block-image\"><figure class=\"aligncenter\"><img loading=\"lazy\" decoding=\"async\" width=\"309\" height=\"520\" src=\"http:\/\/evertonfc.cz\/wp-content\/uploads\/2019\/02\/stulpny_1.png\" alt=\"\" class=\"wp-image-2139\" srcset=\"https:\/\/evertonfc.cz\/wp-content\/uploads\/2019\/02\/stulpny_1.png 309w, https:\/\/evertonfc.cz\/wp-content\/uploads\/2019\/02\/stulpny_1-178x300.png 178w\" sizes=\"(max-width: 309px) 100vw, 309px\" \/><\/figure><\/div>\n\n\n\n<div class=\"wp-block-image\"><figure class=\"aligncenter\"><img loading=\"lazy\" decoding=\"async\" width=\"304\" height=\"520\" src=\"http:\/\/evertonfc.cz\/wp-content\/uploads\/2019\/02\/stulpny_2.png\" alt=\"\" class=\"wp-image-2133\" srcset=\"https:\/\/evertonfc.cz\/wp-content\/uploads\/2019\/02\/stulpny_2.png 304w, https:\/\/evertonfc.cz\/wp-content\/uploads\/2019\/02\/stulpny_2-175x300.png 175w\" sizes=\"(max-width: 304px) 100vw, 304px\" \/><\/figure><\/div>\n","protected":false},"excerpt":{"rendered":"<p>V nov\u00fdch dom\u00e1c\u00edch dresech pro sez\u00f3nu 2018\/19 Everton poprv\u00e9 vyb\u011bhne k z\u00e1pasu u\u017e nadch\u00e1zej\u00edc\u00ed sobotu, kdy na dom\u00e1c\u00ed p\u016fd\u011b p\u0159iv\u00edt\u00e1&hellip;<\/p>\n","protected":false},"author":6,"featured_media":1313,"comment_status":"open","ping_status":"closed","sticky":false,"template":"","format":"standard","meta":{"_eb_attr":"","_monsterinsights_skip_tracking":false,"_monsterinsights_sitenote_active":false,"_monsterinsights_sitenote_note":"","_monsterinsights_sitenote_category":0,"footnotes":""},"categories":[42],"tags":[],"yoast_head":"<!-- This site is optimized with the Yoast SEO plugin v23.4 - https:\/\/yoast.com\/wordpress\/plugins\/seo\/ -->\n<title>Everton p\u0159edstavil nov\u00e9 dom\u00e1c\u00ed dresy - Official Czech &amp; Slovak Everton Supporters&#039; Club<\/title>\n<meta name=\"robots\" content=\"index, follow, max-snippet:-1, max-image-preview:large, max-video-preview:-1\" \/>\n<link rel=\"canonical\" href=\"https:\/\/evertonfc.cz\/index.php\/2018\/04\/30\/everton-predstavil-nove-domaci-dresy\/\" \/>\n<meta property=\"og:locale\" content=\"cs_CZ\" \/>\n<meta property=\"og:type\" content=\"article\" \/>\n<meta property=\"og:title\" content=\"Everton p\u0159edstavil nov\u00e9 dom\u00e1c\u00ed dresy - Official Czech &amp; Slovak Everton Supporters&#039; Club\" \/>\n<meta property=\"og:description\" content=\"V nov\u00fdch dom\u00e1c\u00edch dresech pro sez\u00f3nu 2018\/19 Everton poprv\u00e9 vyb\u011bhne k z\u00e1pasu u\u017e nadch\u00e1zej\u00edc\u00ed sobotu, kdy na dom\u00e1c\u00ed p\u016fd\u011b p\u0159iv\u00edt\u00e1&hellip;\" \/>\n<meta property=\"og:url\" content=\"https:\/\/evertonfc.cz\/index.php\/2018\/04\/30\/everton-predstavil-nove-domaci-dresy\/\" \/>\n<meta property=\"og:site_name\" content=\"Official Czech &amp; Slovak Everton Supporters&#039; Club\" \/>\n<meta property=\"article:publisher\" content=\"https:\/\/www.facebook.com\/everton.fans.cz.sk\" \/>\n<meta property=\"article:published_time\" content=\"2018-04-30T11:35:10+00:00\" \/>\n<meta property=\"article:modified_time\" content=\"2019-02-01T12:43:13+00:00\" \/>\n<meta property=\"og:image\" content=\"https:\/\/evertonfc.cz\/wp-content\/uploads\/2019\/01\/news.jpg\" \/>\n\t<meta property=\"og:image:width\" content=\"720\" \/>\n\t<meta property=\"og:image:height\" content=\"405\" \/>\n\t<meta property=\"og:image:type\" content=\"image\/jpeg\" \/>\n<meta name=\"author\" content=\"Ri\u010di\" \/>\n<meta name=\"twitter:card\" content=\"summary_large_image\" \/>\n<meta name=\"twitter:creator\" content=\"@rbrejsa\" \/>\n<meta name=\"twitter:label1\" content=\"Napsal(a)\" \/>\n\t<meta name=\"twitter:data1\" content=\"Ri\u010di\" \/>\n\t<meta name=\"twitter:label2\" content=\"Odhadovan\u00e1 doba \u010dten\u00ed\" \/>\n\t<meta name=\"twitter:data2\" content=\"1 minuta\" \/>\n<script type=\"application\/ld+json\" class=\"yoast-schema-graph\">{\"@context\":\"https:\/\/schema.org\",\"@graph\":[{\"@type\":\"Article\",\"@id\":\"https:\/\/evertonfc.cz\/index.php\/2018\/04\/30\/everton-predstavil-nove-domaci-dresy\/#article\",\"isPartOf\":{\"@id\":\"https:\/\/evertonfc.cz\/index.php\/2018\/04\/30\/everton-predstavil-nove-domaci-dresy\/\"},\"author\":{\"name\":\"Ri\u010di\",\"@id\":\"https:\/\/evertonfc.cz\/#\/schema\/person\/f7a5daedb2ffee98480bc70e191aaef1\"},\"headline\":\"Everton p\u0159edstavil nov\u00e9 dom\u00e1c\u00ed dresy\",\"datePublished\":\"2018-04-30T11:35:10+00:00\",\"dateModified\":\"2019-02-01T12:43:13+00:00\",\"mainEntityOfPage\":{\"@id\":\"https:\/\/evertonfc.cz\/index.php\/2018\/04\/30\/everton-predstavil-nove-domaci-dresy\/\"},\"wordCount\":213,\"commentCount\":0,\"publisher\":{\"@id\":\"https:\/\/evertonfc.cz\/#organization\"},\"image\":{\"@id\":\"https:\/\/evertonfc.cz\/index.php\/2018\/04\/30\/everton-predstavil-nove-domaci-dresy\/#primaryimage\"},\"thumbnailUrl\":\"https:\/\/evertonfc.cz\/wp-content\/uploads\/2019\/01\/news.jpg\",\"articleSection\":[\"Aktuality\"],\"inLanguage\":\"cs\",\"potentialAction\":[{\"@type\":\"CommentAction\",\"name\":\"Comment\",\"target\":[\"https:\/\/evertonfc.cz\/index.php\/2018\/04\/30\/everton-predstavil-nove-domaci-dresy\/#respond\"]}]},{\"@type\":\"WebPage\",\"@id\":\"https:\/\/evertonfc.cz\/index.php\/2018\/04\/30\/everton-predstavil-nove-domaci-dresy\/\",\"url\":\"https:\/\/evertonfc.cz\/index.php\/2018\/04\/30\/everton-predstavil-nove-domaci-dresy\/\",\"name\":\"Everton p\u0159edstavil nov\u00e9 dom\u00e1c\u00ed dresy - Official Czech &amp; Slovak Everton Supporters&#039; Club\",\"isPartOf\":{\"@id\":\"https:\/\/evertonfc.cz\/#website\"},\"primaryImageOfPage\":{\"@id\":\"https:\/\/evertonfc.cz\/index.php\/2018\/04\/30\/everton-predstavil-nove-domaci-dresy\/#primaryimage\"},\"image\":{\"@id\":\"https:\/\/evertonfc.cz\/index.php\/2018\/04\/30\/everton-predstavil-nove-domaci-dresy\/#primaryimage\"},\"thumbnailUrl\":\"https:\/\/evertonfc.cz\/wp-content\/uploads\/2019\/01\/news.jpg\",\"datePublished\":\"2018-04-30T11:35:10+00:00\",\"dateModified\":\"2019-02-01T12:43:13+00:00\",\"breadcrumb\":{\"@id\":\"https:\/\/evertonfc.cz\/index.php\/2018\/04\/30\/everton-predstavil-nove-domaci-dresy\/#breadcrumb\"},\"inLanguage\":\"cs\",\"potentialAction\":[{\"@type\":\"ReadAction\",\"target\":[\"https:\/\/evertonfc.cz\/index.php\/2018\/04\/30\/everton-predstavil-nove-domaci-dresy\/\"]}]},{\"@type\":\"ImageObject\",\"inLanguage\":\"cs\",\"@id\":\"https:\/\/evertonfc.cz\/index.php\/2018\/04\/30\/everton-predstavil-nove-domaci-dresy\/#primaryimage\",\"url\":\"https:\/\/evertonfc.cz\/wp-content\/uploads\/2019\/01\/news.jpg\",\"contentUrl\":\"https:\/\/evertonfc.cz\/wp-content\/uploads\/2019\/01\/news.jpg\",\"width\":720,\"height\":405},{\"@type\":\"BreadcrumbList\",\"@id\":\"https:\/\/evertonfc.cz\/index.php\/2018\/04\/30\/everton-predstavil-nove-domaci-dresy\/#breadcrumb\",\"itemListElement\":[{\"@type\":\"ListItem\",\"position\":1,\"name\":\"Home\",\"item\":\"https:\/\/evertonfc.cz\/\"},{\"@type\":\"ListItem\",\"position\":2,\"name\":\"Everton p\u0159edstavil nov\u00e9 dom\u00e1c\u00ed dresy\"}]},{\"@type\":\"WebSite\",\"@id\":\"https:\/\/evertonfc.cz\/#website\",\"url\":\"https:\/\/evertonfc.cz\/\",\"name\":\"Official Czech &amp; Slovak Everton Supporters&#039; Club\",\"description\":\"\",\"publisher\":{\"@id\":\"https:\/\/evertonfc.cz\/#organization\"},\"potentialAction\":[{\"@type\":\"SearchAction\",\"target\":{\"@type\":\"EntryPoint\",\"urlTemplate\":\"https:\/\/evertonfc.cz\/?s={search_term_string}\"},\"query-input\":{\"@type\":\"PropertyValueSpecification\",\"valueRequired\":true,\"valueName\":\"search_term_string\"}}],\"inLanguage\":\"cs\"},{\"@type\":\"Organization\",\"@id\":\"https:\/\/evertonfc.cz\/#organization\",\"name\":\"Official Czech & Slovak Everton Supporters' Club\",\"url\":\"https:\/\/evertonfc.cz\/\",\"logo\":{\"@type\":\"ImageObject\",\"inLanguage\":\"cs\",\"@id\":\"https:\/\/evertonfc.cz\/#\/schema\/logo\/image\/\",\"url\":\"https:\/\/evertonfc.cz\/wp-content\/uploads\/2019\/05\/logo.png\",\"contentUrl\":\"https:\/\/evertonfc.cz\/wp-content\/uploads\/2019\/05\/logo.png\",\"width\":112,\"height\":112,\"caption\":\"Official Czech & Slovak Everton Supporters' Club\"},\"image\":{\"@id\":\"https:\/\/evertonfc.cz\/#\/schema\/logo\/image\/\"},\"sameAs\":[\"https:\/\/www.facebook.com\/everton.fans.cz.sk\"]},{\"@type\":\"Person\",\"@id\":\"https:\/\/evertonfc.cz\/#\/schema\/person\/f7a5daedb2ffee98480bc70e191aaef1\",\"name\":\"Ri\u010di\",\"sameAs\":[\"https:\/\/x.com\/rbrejsa\"],\"url\":\"https:\/\/evertonfc.cz\/index.php\/author\/rici\/\"}]}<\/script>\n<!-- \/ Yoast SEO plugin. -->","yoast_head_json":{"title":"Everton p\u0159edstavil nov\u00e9 dom\u00e1c\u00ed dresy - Official Czech &amp; Slovak Everton Supporters&#039; Club","robots":{"index":"index","follow":"follow","max-snippet":"max-snippet:-1","max-image-preview":"max-image-preview:large","max-video-preview":"max-video-preview:-1"},"canonical":"https:\/\/evertonfc.cz\/index.php\/2018\/04\/30\/everton-predstavil-nove-domaci-dresy\/","og_locale":"cs_CZ","og_type":"article","og_title":"Everton p\u0159edstavil nov\u00e9 dom\u00e1c\u00ed dresy - Official Czech &amp; Slovak Everton Supporters&#039; Club","og_description":"V nov\u00fdch dom\u00e1c\u00edch dresech pro sez\u00f3nu 2018\/19 Everton poprv\u00e9 vyb\u011bhne k z\u00e1pasu u\u017e nadch\u00e1zej\u00edc\u00ed sobotu, kdy na dom\u00e1c\u00ed p\u016fd\u011b p\u0159iv\u00edt\u00e1&hellip;","og_url":"https:\/\/evertonfc.cz\/index.php\/2018\/04\/30\/everton-predstavil-nove-domaci-dresy\/","og_site_name":"Official Czech &amp; Slovak Everton Supporters&#039; Club","article_publisher":"https:\/\/www.facebook.com\/everton.fans.cz.sk","article_published_time":"2018-04-30T11:35:10+00:00","article_modified_time":"2019-02-01T12:43:13+00:00","og_image":[{"width":720,"height":405,"url":"https:\/\/evertonfc.cz\/wp-content\/uploads\/2019\/01\/news.jpg","type":"image\/jpeg"}],"author":"Ri\u010di","twitter_card":"summary_large_image","twitter_creator":"@rbrejsa","twitter_misc":{"Napsal(a)":"Ri\u010di","Odhadovan\u00e1 doba \u010dten\u00ed":"1 minuta"},"schema":{"@context":"https:\/\/schema.org","@graph":[{"@type":"Article","@id":"https:\/\/evertonfc.cz\/index.php\/2018\/04\/30\/everton-predstavil-nove-domaci-dresy\/#article","isPartOf":{"@id":"https:\/\/evertonfc.cz\/index.php\/2018\/04\/30\/everton-predstavil-nove-domaci-dresy\/"},"author":{"name":"Ri\u010di","@id":"https:\/\/evertonfc.cz\/#\/schema\/person\/f7a5daedb2ffee98480bc70e191aaef1"},"headline":"Everton p\u0159edstavil nov\u00e9 dom\u00e1c\u00ed dresy","datePublished":"2018-04-30T11:35:10+00:00","dateModified":"2019-02-01T12:43:13+00:00","mainEntityOfPage":{"@id":"https:\/\/evertonfc.cz\/index.php\/2018\/04\/30\/everton-predstavil-nove-domaci-dresy\/"},"wordCount":213,"commentCount":0,"publisher":{"@id":"https:\/\/evertonfc.cz\/#organization"},"image":{"@id":"https:\/\/evertonfc.cz\/index.php\/2018\/04\/30\/everton-predstavil-nove-domaci-dresy\/#primaryimage"},"thumbnailUrl":"https:\/\/evertonfc.cz\/wp-content\/uploads\/2019\/01\/news.jpg","articleSection":["Aktuality"],"inLanguage":"cs","potentialAction":[{"@type":"CommentAction","name":"Comment","target":["https:\/\/evertonfc.cz\/index.php\/2018\/04\/30\/everton-predstavil-nove-domaci-dresy\/#respond"]}]},{"@type":"WebPage","@id":"https:\/\/evertonfc.cz\/index.php\/2018\/04\/30\/everton-predstavil-nove-domaci-dresy\/","url":"https:\/\/evertonfc.cz\/index.php\/2018\/04\/30\/everton-predstavil-nove-domaci-dresy\/","name":"Everton p\u0159edstavil nov\u00e9 dom\u00e1c\u00ed dresy - Official Czech &amp; Slovak Everton Supporters&#039; Club","isPartOf":{"@id":"https:\/\/evertonfc.cz\/#website"},"primaryImageOfPage":{"@id":"https:\/\/evertonfc.cz\/index.php\/2018\/04\/30\/everton-predstavil-nove-domaci-dresy\/#primaryimage"},"image":{"@id":"https:\/\/evertonfc.cz\/index.php\/2018\/04\/30\/everton-predstavil-nove-domaci-dresy\/#primaryimage"},"thumbnailUrl":"https:\/\/evertonfc.cz\/wp-content\/uploads\/2019\/01\/news.jpg","datePublished":"2018-04-30T11:35:10+00:00","dateModified":"2019-02-01T12:43:13+00:00","breadcrumb":{"@id":"https:\/\/evertonfc.cz\/index.php\/2018\/04\/30\/everton-predstavil-nove-domaci-dresy\/#breadcrumb"},"inLanguage":"cs","potentialAction":[{"@type":"ReadAction","target":["https:\/\/evertonfc.cz\/index.php\/2018\/04\/30\/everton-predstavil-nove-domaci-dresy\/"]}]},{"@type":"ImageObject","inLanguage":"cs","@id":"https:\/\/evertonfc.cz\/index.php\/2018\/04\/30\/everton-predstavil-nove-domaci-dresy\/#primaryimage","url":"https:\/\/evertonfc.cz\/wp-content\/uploads\/2019\/01\/news.jpg","contentUrl":"https:\/\/evertonfc.cz\/wp-content\/uploads\/2019\/01\/news.jpg","width":720,"height":405},{"@type":"BreadcrumbList","@id":"https:\/\/evertonfc.cz\/index.php\/2018\/04\/30\/everton-predstavil-nove-domaci-dresy\/#breadcrumb","itemListElement":[{"@type":"ListItem","position":1,"name":"Home","item":"https:\/\/evertonfc.cz\/"},{"@type":"ListItem","position":2,"name":"Everton p\u0159edstavil nov\u00e9 dom\u00e1c\u00ed dresy"}]},{"@type":"WebSite","@id":"https:\/\/evertonfc.cz\/#website","url":"https:\/\/evertonfc.cz\/","name":"Official Czech &amp; Slovak Everton Supporters&#039; Club","description":"","publisher":{"@id":"https:\/\/evertonfc.cz\/#organization"},"potentialAction":[{"@type":"SearchAction","target":{"@type":"EntryPoint","urlTemplate":"https:\/\/evertonfc.cz\/?s={search_term_string}"},"query-input":{"@type":"PropertyValueSpecification","valueRequired":true,"valueName":"search_term_string"}}],"inLanguage":"cs"},{"@type":"Organization","@id":"https:\/\/evertonfc.cz\/#organization","name":"Official Czech & Slovak Everton Supporters' Club","url":"https:\/\/evertonfc.cz\/","logo":{"@type":"ImageObject","inLanguage":"cs","@id":"https:\/\/evertonfc.cz\/#\/schema\/logo\/image\/","url":"https:\/\/evertonfc.cz\/wp-content\/uploads\/2019\/05\/logo.png","contentUrl":"https:\/\/evertonfc.cz\/wp-content\/uploads\/2019\/05\/logo.png","width":112,"height":112,"caption":"Official Czech & Slovak Everton Supporters' Club"},"image":{"@id":"https:\/\/evertonfc.cz\/#\/schema\/logo\/image\/"},"sameAs":["https:\/\/www.facebook.com\/everton.fans.cz.sk"]},{"@type":"Person","@id":"https:\/\/evertonfc.cz\/#\/schema\/person\/f7a5daedb2ffee98480bc70e191aaef1","name":"Ri\u010di","sameAs":["https:\/\/x.com\/rbrejsa"],"url":"https:\/\/evertonfc.cz\/index.php\/author\/rici\/"}]}},"_links":{"self":[{"href":"https:\/\/evertonfc.cz\/index.php\/wp-json\/wp\/v2\/posts\/2144"}],"collection":[{"href":"https:\/\/evertonfc.cz\/index.php\/wp-json\/wp\/v2\/posts"}],"about":[{"href":"https:\/\/evertonfc.cz\/index.php\/wp-json\/wp\/v2\/types\/post"}],"author":[{"embeddable":true,"href":"https:\/\/evertonfc.cz\/index.php\/wp-json\/wp\/v2\/users\/6"}],"replies":[{"embeddable":true,"href":"https:\/\/evertonfc.cz\/index.php\/wp-json\/wp\/v2\/comments?post=2144"}],"version-history":[{"count":3,"href":"https:\/\/evertonfc.cz\/index.php\/wp-json\/wp\/v2\/posts\/2144\/revisions"}],"predecessor-version":[{"id":2147,"href":"https:\/\/evertonfc.cz\/index.php\/wp-json\/wp\/v2\/posts\/2144\/revisions\/2147"}],"wp:featuredmedia":[{"embeddable":true,"href":"https:\/\/evertonfc.cz\/index.php\/wp-json\/wp\/v2\/media\/1313"}],"wp:attachment":[{"href":"https:\/\/evertonfc.cz\/index.php\/wp-json\/wp\/v2\/media?parent=2144"}],"wp:term":[{"taxonomy":"category","embeddable":true,"href":"https:\/\/evertonfc.cz\/index.php\/wp-json\/wp\/v2\/categories?post=2144"},{"taxonomy":"post_tag","embeddable":true,"href":"https:\/\/evertonfc.cz\/index.php\/wp-json\/wp\/v2\/tags?post=2144"}],"curies":[{"name":"wp","href":"https:\/\/api.w.org\/{rel}","templated":true}]}}