{"id":21519,"date":"2023-05-02T11:41:43","date_gmt":"2023-05-02T09:41:43","guid":{"rendered":"https:\/\/evertonfc.cz\/?p=21519"},"modified":"2023-05-06T15:07:19","modified_gmt":"2023-05-06T13:07:19","slug":"leicester-city-everton-22-2","status":"publish","type":"post","link":"https:\/\/evertonfc.cz\/index.php\/2023\/05\/02\/leicester-city-everton-22-2\/","title":{"rendered":"Leicester City &#8211; Everton 2:2"},"content":{"rendered":"<h4>Rem\u00edza s Li\u0161kami je pro ko\u010dku, ale tenhle t\u00fdm je\u0161t\u011b bude bojovat, i za padl\u00e9ho kapit\u00e1na. Toffees se rvali jako psi, ale sta\u010dilo to pouze na zahlazen\u00ed vlastn\u00edch chyb.<\/h4>\n<p>Divok\u00fd z\u00e1pas (podle Opta Analyst dokonce z\u00e1pas s nejv\u00edce xG v sez\u00f3n\u011b) s Li\u0161kami nep\u0159inesl fat\u00e1ln\u00ed r\u00e1nu pro z\u00e1chranu, ale ani n\u00e1dech nad hladinu. Everton p\u0159i\u0161el o kapit\u00e1na, ale zejm\u00e9na ve druh\u00e9 p\u016fli se prok\u00e1zal vydatnou bojovnost\u00ed. \u0160koda jen \u0159ady chyb, kter\u00e9 op\u011bt st\u00e1ly na za\u010d\u00e1tku \u010di v pr\u016fb\u011bhu soupe\u0159ov\u00fdch branek. V brance dom\u00e1c\u00edch se nav\u00edc vyznamen\u00e1val brank\u00e1\u0159 Iversen, hostuj\u00edc\u00ed Pickford ale nez\u016fstal pozadu.<\/p>\n<p>Z\u00e1pas o p\u0159e\u017eit\u00ed udr\u017eoval div\u00e1ka v nap\u011bt\u00ed a udr\u017eel oba t\u00fdmy v nejistot\u011b. Ani jedna skvadra toti\u017e nebyla schopn\u00e1 zasadit rozhoduj\u00edc\u00ed \u00fader, p\u0159\u00edp. sv\u00e9 veden\u00ed zachovat. Posledn\u00ed \u010dty\u0159i kola ro\u010dn\u00edku p\u0159inesou \u0161\u00edlenou v\u0159avu na spodu tabulky, hrozbu sestupu m\u016f\u017ee p\u0159in\u00e9st p\u0159i vyrovnanosti opravdu ka\u017ed\u00e1 mali\u010dkost.<\/p>\n<p>Dom\u00e1c\u00ed provedli proti rem\u00edze v Leedsu 3 zm\u011bny. Iheneacho se zranil, ale Vardy nen\u00ed navzdory sv\u00e9mu v\u011bku \u017e\u00e1dn\u00e9 b\u00e9\u010dko a Dean Smith dob\u0159e v\u011bd\u011bl, pro\u010d povolal rychl\u00edka proti Evertonu. Luke Thomas dostal p\u0159ednost p\u0159ed Kristiansenem<br \/>\na zes\u00edlit st\u0159ed pole p\u0159i\u0161el Ndidi nam\u00edsto ofenzivn\u00edho, ale v posledn\u00edm z\u00e1pase proti Leedsu nev\u00fdrazn\u00e9ho Tet\u00eaho.<\/p>\n<p>Toffees si zvolili r\u016f\u017eov\u00fd obal nam\u00edsto \u017elut\u00e9ho. Na prav\u00fd kraj obrany se vr\u00e1til uzdraven\u00fd Coleman. Nav\u00edc irsk\u00fd kapit\u00e1n\u00a0 dostal \u0161anci dorovnat v ligov\u00fdch startech Leona Osmana s 352 z\u00e1\u0159ezy. Nahradil Godfreyho, kter\u00fd proti Newcastlu pro\u017eil no\u010dn\u00ed m\u016fru a jako vykoupen\u00ed jist\u011b uv\u00edtal zran\u011bn\u00ed v oblasti p\u0159itahova\u010de t\u0159\u00edsel, nebo tak n\u011bco. M\u00edsto ve st\u0159edu z\u00e1lohy z\u00edskal James Garner, na \u00fakor Onany.<\/p>\n<h4>Prvn\u00ed polo\u010das<\/h4>\n<p>Hned v prvn\u00ed minut\u011b musel b\u00fdt na \u0161pi\u010dk\u00e1ch Pickford, kdy\u017e vyrazil proti zab\u00edhaj\u00edc\u00edmu Vardymu. Garnerovi p\u0159ist\u00e1l Soumar\u00e9ho centr zd\u00e1nliv\u011b na ruce, ale opravdu jen zlehounka. Everton p\u0159evzal aktivitu, 2 rohy vy\u00fastily jen v Gueyeho r\u00e1nu nad. V 8. minut\u011b ale Doucour\u00e9 posunul na Iwobiho, jeho\u017e r\u00e1nu v\u00fdte\u010dn\u011b vyt\u011bsnil Iversen, z rohu se Keane pokou\u0161el o zakon\u010den\u00ed z\u00e1dy k brance, ale nic z toho nebylo. Na druh\u00e9 stran\u011b Pickford lapil Maddisonovu prudkou r\u00e1nu.<\/p>\n<p>V 14. minut\u011b Coleman zakroutil m\u00ed\u010d do v\u00e1pna p\u0159\u00edmo na DCL, kter\u00e9ho viditeln\u011b postr\u010dil Castagne a ne\u010dist\u00e9 po\u010d\u00edn\u00e1n\u00ed obrany podtrhl Faes, kter\u00fd dokonal p\u00e1d nejv\u011bt\u0161\u00ed hrozby Karamel. Je\u0161t\u011b za n\u00edm \u010d\u00edhal McNeil, kter\u00fd mohl je\u0161t\u011b zakon\u010dit, ale u\u017e nebylo t\u0159eba. Pon\u011bvad\u017e byl z\u00e1krok v pokutov\u00e9m \u00fazem\u00ed, rozhod\u010d\u00ed uk\u00e1zal na punt\u00edk. M\u00ed\u010d si na n\u011bj nachystal s\u00e1m Calvert-Lewin a p\u0159esto\u017ee si brank\u00e1\u0159 Iversen nastudoval, \u017ee penalty kope v\u011bt\u0161inou po sv\u00e9 lev\u00e9 stran\u011b a s\u00e1m se vydal tou stranou, s m\u00ed\u010dem se nesetkal. DCL jej nekompromisn\u011b nap\u00e1lil do horn\u00ed moskyti\u00e9ry D\u00e1novy svatyn\u011b \u2013 <strong>0:1<\/strong>.<\/p>\n<p>Everton byl nad\u00e1le aktivn\u00ed, Iwobi za obranou hledal znovu svou dev\u00edtku, ta ve skluzu vybojovala roh. Z\u00a0n\u011bj op\u011bt Keane zakon\u010doval vedle. O men\u0161\u00ed momentum pak Everton zcela p\u0159i\u0161el ve 22. minut\u011b. Po ose Maddison-Barnes-Faes se m\u00ed\u010d dostal k\u00a0Soy\u00fcnc\u00fcmu, kter\u00fd ve skluzu procedil m\u00ed\u010d za \u010d\u00e1ru \u2013 <strong>1:1<\/strong>. \u010c\u00e1st viny nese Keane, kter\u00fd nedostate\u010dn\u011b pokryl svou stranu a tak\u00e9 Doucour\u00e9, kter\u00fd vystoupil proti Barnesovi a nechal tureck\u00e9ho zad\u00e1ka za sebou.<\/p>\n<p>Iwobi to zkou\u0161el podivnou sm\u011bsic\u00ed st\u0159ely a n\u00e1kopu, ale bylo z\u00a0toho jen p\u0159ekvapen\u00ed bez re\u00e1ln\u00e9ho nebezpe\u010d\u00ed. Everton st\u00e1le p\u016fsobil agiln\u011bji, hr\u00e1\u010di v\u00a0r\u016f\u017eov\u00e9 byli rychleji u m\u00ed\u010de, \u010dasto soupe\u0159ovu rozehr\u00e1vku zasko\u010dili. Jen\u017ee to by nebyl Everton. Po p\u016fhodin\u011b se nechal varovat Maddisonovou ranou, kterou lapil Pickford. Kdy\u017e McNeil znamenit\u011b vystihl rozehr\u00e1vku Li\u0161ek a nab\u00eddl mo\u017enost Alexu Iwobimu k\u00a0rychl\u00e9mu kontru, nedopadlo to pro Everton, jak by se nezn\u00e1m\u00e9mu pozorovateli mohlo zd\u00e1t. Nig\u00e9rijec toti\u017e zvolil p\u0159ihr\u00e1vku p\u0159es dva st\u0159edopola\u0159e a ve v\u00fdsledku se \u0159\u00edtil na br\u00e1nu Evertonu Vardy, s\u00a0vlaj\u00edc\u00edm Keanem o 2 d\u00e9lky za sebou. Stihl obkrou\u017eit anglickou jedni\u010dku a sv\u016fj trademark \u00fanik sebev\u011bdom\u011b zakon\u010dil \u2013 <strong>2:1<\/strong>.<\/p>\n<p>Host\u00e9 se ale nep\u0159izniv\u00fdm v\u00fdvojem nedali zasko\u010dit (pro\u010d taky). Prapor host\u016f zdvihl kapit\u00e1n Coleman. Nejprve vybojoval faul, ale z centru p\u00e1lil pohotov\u011b Iwobi mimo. Po chv\u00edli si Seamus narazil s Dominicem a p\u0159edlo\u017eil p\u0159ed branku Dwightovi, ale jeho r\u00e1nu reflexivn\u011b vyrazil Iversen. B\u011bhem chvilky vyt\u00e1hl dal\u0161\u00ed \u0161\u0165astnou kartu z bal\u00ed\u010dku i proti DCL, zahozen\u00ed takov\u00e9 \u0161ance by jen tak n\u011bkomu jin\u00e9mu ne\u017e pr\u00e1v\u011b anglick\u00e9mu reprezentantu (nyn\u00ed ve stavu on-hold) nepro\u0161lo.<\/p>\n<p>\u0160t\u011bst\u011bna pak ale rychle p\u0159isko\u010dila na pomoc k Pickfordovi, proto\u017ee toho po bleskov\u00e9m proti\u00fatoku a vykoup\u00e1n\u00ed Keana p\u0159ehodil Vardy, ale jeho boch\u00e1nek skon\u010dil na b\u0159evn\u011b.<\/p>\n<p>Pak ale op\u011bt uhodila t\u011b\u017ek\u00e1 hodinka. P\u0159esn\u011bji ude\u0159il Michael Keane. Nejprve nahr\u00e1l Colemanovi do \u0161peku, kapit\u00e1n musel j\u00edt do souboje na hran\u011b se Soumar\u00e9m a sr\u00e1\u017eku odnesly patrn\u011b postrann\u00ed kolenn\u00ed vazy. State\u010dn\u00fd l\u00eddr byl odnesen z\u00a0tr\u00e1vn\u00edku na nos\u00edtk\u00e1ch. Dlouh\u00e9 nastaven\u00ed pak u\u017e bylo p\u0159\u00edli\u0161 na koncentraci obrany. Tarky chybn\u011b rozehr\u00e1l a akci, by\u0165 po\u00a0ofsajdu, odvracel p\u0159ed \u010d\u00e1rou nov\u011b p\u0159\u00edchoz\u00ed Patterson.<\/p>\n<p>U\u017e se hr\u00e1la sedm\u00e1 minuta navrch, kdy\u017e Iwobi op\u011bt zbyte\u010dn\u011b ztratil, Barnes pozvolna nenucen\u011b postoupil do v\u00e1pna, kde jeho centr potkal zapomenutou ruku p\u00e1n\u011b Keane \u2013 penalta. Je\u0161t\u011b je tu ale filuta Pickford, kter\u00fd se napil hopsinkov\u00e9 \u0161\u0165\u00e1vy a jaksi mimochodem si na l\u00e1hvi p\u0159e\u010detl recept na Maddisona. Nazna\u010dil pohyb do strany a pokutov\u00fd kop vyrazil. Skoro to vypadalo, \u017ee je\u0161t\u011b dok\u00e1\u017eou Toffees zahrozit z rychl\u00e9ho p\u0159echodu, ale takov\u00fd bonus u\u017e n\u00e1m nebyl dop\u0159\u00e1n.<\/p>\n<h4>Druh\u00fd polo\u010das<\/h4>\n<p>Po p\u0159est\u00e1vce pokra\u010dovala neurovnan\u00e1 hra, oba t\u00fdmy se hrnuly dop\u0159edu. Nejprve zaujala sr\u00e1\u017eka Soy\u00fcnc\u00fca se spoluhr\u00e1\u010dem\u00a0Ndidim, ze kter\u00e9 si prvn\u011b jmenovan\u00fd odnesl monokl. Toffees v\u011bd\u011bli, \u017ee prohr\u00e1t nen\u00ed mo\u017eno, vybi\u010dovali se tedy k\u00a0vyrovn\u00e1n\u00ed. Iwobiho pob\u00eddku Calvertovi-Lewinovi na p\u0159edn\u00ed ty\u010di op\u011bt zne\u0161kodnil \u017eivotn\u00ed z\u00e1pas chytaj\u00edc\u00ed Iversen. Jemu se d\u00e1 vytknout snad jen mizern\u00e1 rozehra, minim\u00e1ln\u011b 5 z\u00a0jeho v\u00fdkop\u016f skon\u010dilo mimo h\u0159i\u0161t\u011b.<\/p>\n<p>\u010c\u00e1ste\u010dn\u00e1 radost se ale dostavila za chv\u00edli. McNeil\u016fv centr p\u0159izdvihl Faes jen k\u00a0Iwobimu, kter\u00fd s\u00a0ledov\u00fdm klidem prop\u00e1lil v\u0161e \u2013 <strong>2:2<\/strong>. Jen\u017ee vyrovn\u00e1n\u00ed zase na chv\u00edli vych\u00fdlilo p\u0159evahu na stranu dom\u00e1c\u00edch.<\/p>\n<p>Gueye dostal \u017elutou za vystaven\u00ed z\u00e1vory zlobiv\u00e9mu Maddisonovi. Barnes\u016fv o zem op\u0159en\u00fd pas hlavou zakon\u010doval mimo dosah Pickforda Vardy, ale na Tarkovsk\u00e9ho si nep\u0159i\u0161el a ten jeho z\u00e1m\u011br o\u010dek\u00e1val ji\u017e n\u011bkolik tah\u016f dop\u0159edu a vyhlavi\u010dkoval jej pry\u010d.<\/p>\n<p>Jak\u00fds tak\u00fds tlak trval asi 15 minut. Vardy ale nedostal dobr\u00fd pas za obranu. Maddison se nedok\u00e1zal proh\u00e1\u010dkovat p\u0159es Pattersona. Daka p\u0159i\u0161el pos\u00edlit ofenz\u00edvu, ale ani on se nedostal k ohro\u017een\u00ed. Barnes m\u00ed\u0159il z voleje mimo, na Castagneho si po\u010d\u00edhal Pickford.<\/p>\n<p>Everton se dostal z \u00fatlumu, sna\u017eil se o rychl\u00fd p\u0159echod, ale by\u0165 McNeil s Iwobim se sna\u017eili, co jim s\u00edly sta\u010dily, jen\u017ee na n\u011bjak\u00e9 p\u0159ekvapiv\u011bj\u0161\u00ed man\u00e9vry u\u017e nezb\u00fdvalo. Trochu vzru\u0161en\u00ed p\u0159ineslo Pickfordovo podklouznut\u00ed, ale Vardy odkrytou br\u00e1nu zd\u00e1li minul.<\/p>\n<p>Ani z roh\u016f se nesnesl \u017e\u00e1dn\u00fd vhodn\u00fd centr, kter\u00fd by si povedlo trknout razantn\u011bji na br\u00e1nu. Nejv\u00edce s\u00edly si po\u0161et\u0159il na z\u00e1v\u011br Doucour\u00e9 a vyp\u00e1lil, jak jen nejl\u00e9pe m\u016f\u017ee n\u011bkdo od Douour\u00e9ho o\u010dek\u00e1vat, ale Iversen m\u011bl prost\u011b sv\u016fj den. Dean Smith si tak mohl svorn\u011b se Seanem Dychem \u0159\u00edct, \u017ee jsou oba v \u0159iti, proto\u017ee rem\u00edza nevynese ani jeden z t\u00fdm\u016f do bezpe\u010d\u00ed.<\/p>\n<h4>Hodnocen\u00ed<\/h4>\n<p>P\u0159i\u0161li jsme o kapit\u00e1na a op\u011bt jsme se nevyvarovali n\u011bkolika z\u00e1sadn\u00edch minel, kter\u00e9 n\u00e1s st\u00e1li na\u0161t\u011bst\u00ed jen 2 branky. Ale proto\u017ee ani v\u00edc ned\u00e1me, nem\u016f\u017eeme vyhr\u00e1t. Na druhou stranu hern\u00ed projev, nejen pokud jde o bojovnost, ale i<br \/>\no vzestupnou tendenci ve fotbalov\u00e9 zru\u010dnosti. Jak se zd\u00e1, Iwobi, McNeil, Garner a DCL si dok\u00e1\u017eou vyj\u00edt p\u0159ihr\u00e1vkami vst\u0159\u00edc a n\u011bkdy zapojit i dal\u0161\u00ed. Po dlouh\u00e9 dob\u011b jsme soupe\u0159e v ofenz\u00edv\u011b p\u0159ed\u010dili, i kdy\u017e to nejsp\u00ed\u0161 ukazuje hlavn\u011b na krizi, v jak\u00e9 Li\u0161ky jsou. Ale ur\u010ditou nad\u011bji to d\u00e1v\u00e1. Cenu pro nejlep\u0161\u00edho hr\u00e1\u010de bych za nezdolnost asi ud\u011blil Dwightu McNeilovi. Snad do fin\u00e1ln\u00edch boj\u016f p\u016fjdeme s hlavou vzty\u010denou, proto\u017ee te\u010f u\u017e to opravdu chce sb\u00edrat po 3 bodech. COYB!<\/p>\n<p style=\"text-align: right;\"><span style=\"font-size: 8pt;\">(fotozdroj: James Williamson &#8211; AMA\/Getty Images)<\/span><\/p>\n<p><strong>Sest\u0159ihy:<\/strong>\u00a0<a href=\"https:\/\/hoofoot.com\/?match=Leicester_v_Everton_2023_05_01\" target=\"_blank\" rel=\"noopener\"><strong>hoofoot.com<\/strong><\/a>\u00a0&amp; <strong><a href=\"https:\/\/www.youtube.com\/watch?v=QucyD6TxzDw\" target=\"_blank\" rel=\"noopener\">YouTube<\/a><\/strong><\/p>\n<p><strong>St\u0159ely<\/strong>: 15 &#8211; 23\u00a0 <strong>St\u0159ely na branku<\/strong>: 6 &#8211; 8\u00a0 <strong>Dr\u017een\u00ed m\u00ed\u010de<\/strong>: 55% &#8211; 45%\u00a0 <strong>xG<\/strong>: 2.59\/3.5 &#8211; 2.99\/3.3<\/p>\n<p><strong>Branky<\/strong>: 15&#8242; Calvert-Lewin (pen), 22&#8242; Soy\u00fcncu (Faes), 33&#8242; Vardy (Maddison), 54&#8242; Iwobi<\/p>\n<p><strong>\u017dlut\u00e9 karty<\/strong>: 44&#8242; Soumar\u00e9, 53&#8242; Thomas, 56&#8242; Gueye, 89&#8242; Maddison, 90+2&#8242; Kristiansen<\/p>\n<p><strong>Leicester City FC<\/strong>: Iversen &#8211; Castagne, Faes, Soy\u00fcncu, Thomas (88&#8242; Kristiansen) &#8211; Tielemans, Ndidi (61&#8242; Daka), Soumar\u00e9, Maddison, Vardy, Barnes (88&#8242; Praet)<\/p>\n<p><strong>Everton FC<\/strong>: Pickford &#8211; Coleman (45+4&#8242; Patterson), Keane, Tarkowski, Mykolenko &#8211; Iwobi, Gueye, Garner, Doucour\u00e9, McNeil &#8211; Calvert-Lewin<\/p>\n<p><strong>Rozhod\u010d\u00ed: <\/strong>Michael Oliver<strong>\u00a0\u00a0Div\u00e1ci:<\/strong> 32 173<\/p>\n","protected":false},"excerpt":{"rendered":"<p>Rem\u00edza s Li\u0161kami je pro ko\u010dku, ale tenhle t\u00fdm je\u0161t\u011b bude bojovat, i za padl\u00e9ho kapit\u00e1na. Toffees se rvali jako psi, ale sta\u010dilo to pouze na zahlazen\u00ed vlastn\u00edch chyb.<\/p>\n","protected":false},"author":10,"featured_media":21518,"comment_status":"open","ping_status":"closed","sticky":false,"template":"","format":"standard","meta":{"_eb_attr":"","_monsterinsights_skip_tracking":false,"_monsterinsights_sitenote_active":false,"_monsterinsights_sitenote_note":"","_monsterinsights_sitenote_category":0,"footnotes":""},"categories":[4],"tags":[],"yoast_head":"<!-- This site is optimized with the Yoast SEO plugin v23.4 - https:\/\/yoast.com\/wordpress\/plugins\/seo\/ -->\n<title>Leicester City - Everton 2:2 - Official Czech &amp; Slovak Everton Supporters&#039; Club<\/title>\n<meta name=\"robots\" content=\"index, follow, max-snippet:-1, max-image-preview:large, max-video-preview:-1\" \/>\n<link rel=\"canonical\" href=\"https:\/\/evertonfc.cz\/index.php\/2023\/05\/02\/leicester-city-everton-22-2\/\" \/>\n<meta property=\"og:locale\" content=\"cs_CZ\" \/>\n<meta property=\"og:type\" content=\"article\" \/>\n<meta property=\"og:title\" content=\"Leicester City - Everton 2:2 - Official Czech &amp; Slovak Everton Supporters&#039; Club\" \/>\n<meta property=\"og:description\" content=\"Rem\u00edza s Li\u0161kami je pro ko\u010dku, ale tenhle t\u00fdm je\u0161t\u011b bude bojovat, i za padl\u00e9ho kapit\u00e1na. Toffees se rvali jako psi, ale sta\u010dilo to pouze na zahlazen\u00ed vlastn\u00edch chyb.\" \/>\n<meta property=\"og:url\" content=\"https:\/\/evertonfc.cz\/index.php\/2023\/05\/02\/leicester-city-everton-22-2\/\" \/>\n<meta property=\"og:site_name\" content=\"Official Czech &amp; Slovak Everton Supporters&#039; Club\" \/>\n<meta property=\"article:publisher\" content=\"https:\/\/www.facebook.com\/everton.fans.cz.sk\" \/>\n<meta property=\"article:published_time\" content=\"2023-05-02T09:41:43+00:00\" \/>\n<meta property=\"article:modified_time\" content=\"2023-05-06T13:07:19+00:00\" \/>\n<meta property=\"og:image\" content=\"https:\/\/evertonfc.cz\/wp-content\/uploads\/2023\/05\/FOXY_PICKFORD.jpg\" \/>\n\t<meta property=\"og:image:width\" content=\"720\" \/>\n\t<meta property=\"og:image:height\" content=\"405\" \/>\n\t<meta property=\"og:image:type\" content=\"image\/jpeg\" \/>\n<meta name=\"author\" content=\"Fip\" \/>\n<meta name=\"twitter:card\" content=\"summary_large_image\" \/>\n<meta name=\"twitter:label1\" content=\"Napsal(a)\" \/>\n\t<meta name=\"twitter:data1\" content=\"Fip\" \/>\n\t<meta name=\"twitter:label2\" content=\"Odhadovan\u00e1 doba \u010dten\u00ed\" \/>\n\t<meta name=\"twitter:data2\" content=\"8 minut\" \/>\n<script type=\"application\/ld+json\" class=\"yoast-schema-graph\">{\"@context\":\"https:\/\/schema.org\",\"@graph\":[{\"@type\":\"Article\",\"@id\":\"https:\/\/evertonfc.cz\/index.php\/2023\/05\/02\/leicester-city-everton-22-2\/#article\",\"isPartOf\":{\"@id\":\"https:\/\/evertonfc.cz\/index.php\/2023\/05\/02\/leicester-city-everton-22-2\/\"},\"author\":{\"name\":\"Fip\",\"@id\":\"https:\/\/evertonfc.cz\/#\/schema\/person\/35904009755e8eaa0dc1a5f5f0419002\"},\"headline\":\"Leicester City &#8211; Everton 2:2\",\"datePublished\":\"2023-05-02T09:41:43+00:00\",\"dateModified\":\"2023-05-06T13:07:19+00:00\",\"mainEntityOfPage\":{\"@id\":\"https:\/\/evertonfc.cz\/index.php\/2023\/05\/02\/leicester-city-everton-22-2\/\"},\"wordCount\":1723,\"commentCount\":10,\"publisher\":{\"@id\":\"https:\/\/evertonfc.cz\/#organization\"},\"image\":{\"@id\":\"https:\/\/evertonfc.cz\/index.php\/2023\/05\/02\/leicester-city-everton-22-2\/#primaryimage\"},\"thumbnailUrl\":\"https:\/\/evertonfc.cz\/wp-content\/uploads\/2023\/05\/FOXY_PICKFORD.jpg\",\"articleSection\":[\"Z\u00e1pasy\"],\"inLanguage\":\"cs\",\"potentialAction\":[{\"@type\":\"CommentAction\",\"name\":\"Comment\",\"target\":[\"https:\/\/evertonfc.cz\/index.php\/2023\/05\/02\/leicester-city-everton-22-2\/#respond\"]}]},{\"@type\":\"WebPage\",\"@id\":\"https:\/\/evertonfc.cz\/index.php\/2023\/05\/02\/leicester-city-everton-22-2\/\",\"url\":\"https:\/\/evertonfc.cz\/index.php\/2023\/05\/02\/leicester-city-everton-22-2\/\",\"name\":\"Leicester City - Everton 2:2 - Official Czech &amp; Slovak Everton Supporters&#039; Club\",\"isPartOf\":{\"@id\":\"https:\/\/evertonfc.cz\/#website\"},\"primaryImageOfPage\":{\"@id\":\"https:\/\/evertonfc.cz\/index.php\/2023\/05\/02\/leicester-city-everton-22-2\/#primaryimage\"},\"image\":{\"@id\":\"https:\/\/evertonfc.cz\/index.php\/2023\/05\/02\/leicester-city-everton-22-2\/#primaryimage\"},\"thumbnailUrl\":\"https:\/\/evertonfc.cz\/wp-content\/uploads\/2023\/05\/FOXY_PICKFORD.jpg\",\"datePublished\":\"2023-05-02T09:41:43+00:00\",\"dateModified\":\"2023-05-06T13:07:19+00:00\",\"breadcrumb\":{\"@id\":\"https:\/\/evertonfc.cz\/index.php\/2023\/05\/02\/leicester-city-everton-22-2\/#breadcrumb\"},\"inLanguage\":\"cs\",\"potentialAction\":[{\"@type\":\"ReadAction\",\"target\":[\"https:\/\/evertonfc.cz\/index.php\/2023\/05\/02\/leicester-city-everton-22-2\/\"]}]},{\"@type\":\"ImageObject\",\"inLanguage\":\"cs\",\"@id\":\"https:\/\/evertonfc.cz\/index.php\/2023\/05\/02\/leicester-city-everton-22-2\/#primaryimage\",\"url\":\"https:\/\/evertonfc.cz\/wp-content\/uploads\/2023\/05\/FOXY_PICKFORD.jpg\",\"contentUrl\":\"https:\/\/evertonfc.cz\/wp-content\/uploads\/2023\/05\/FOXY_PICKFORD.jpg\",\"width\":720,\"height\":405},{\"@type\":\"BreadcrumbList\",\"@id\":\"https:\/\/evertonfc.cz\/index.php\/2023\/05\/02\/leicester-city-everton-22-2\/#breadcrumb\",\"itemListElement\":[{\"@type\":\"ListItem\",\"position\":1,\"name\":\"Home\",\"item\":\"https:\/\/evertonfc.cz\/\"},{\"@type\":\"ListItem\",\"position\":2,\"name\":\"Leicester City &#8211; Everton 2:2\"}]},{\"@type\":\"WebSite\",\"@id\":\"https:\/\/evertonfc.cz\/#website\",\"url\":\"https:\/\/evertonfc.cz\/\",\"name\":\"Official Czech &amp; Slovak Everton Supporters&#039; Club\",\"description\":\"\",\"publisher\":{\"@id\":\"https:\/\/evertonfc.cz\/#organization\"},\"potentialAction\":[{\"@type\":\"SearchAction\",\"target\":{\"@type\":\"EntryPoint\",\"urlTemplate\":\"https:\/\/evertonfc.cz\/?s={search_term_string}\"},\"query-input\":{\"@type\":\"PropertyValueSpecification\",\"valueRequired\":true,\"valueName\":\"search_term_string\"}}],\"inLanguage\":\"cs\"},{\"@type\":\"Organization\",\"@id\":\"https:\/\/evertonfc.cz\/#organization\",\"name\":\"Official Czech & Slovak Everton Supporters' Club\",\"url\":\"https:\/\/evertonfc.cz\/\",\"logo\":{\"@type\":\"ImageObject\",\"inLanguage\":\"cs\",\"@id\":\"https:\/\/evertonfc.cz\/#\/schema\/logo\/image\/\",\"url\":\"https:\/\/evertonfc.cz\/wp-content\/uploads\/2019\/05\/logo.png\",\"contentUrl\":\"https:\/\/evertonfc.cz\/wp-content\/uploads\/2019\/05\/logo.png\",\"width\":112,\"height\":112,\"caption\":\"Official Czech & Slovak Everton Supporters' Club\"},\"image\":{\"@id\":\"https:\/\/evertonfc.cz\/#\/schema\/logo\/image\/\"},\"sameAs\":[\"https:\/\/www.facebook.com\/everton.fans.cz.sk\"]},{\"@type\":\"Person\",\"@id\":\"https:\/\/evertonfc.cz\/#\/schema\/person\/35904009755e8eaa0dc1a5f5f0419002\",\"name\":\"Fip\",\"url\":\"https:\/\/evertonfc.cz\/index.php\/author\/fip\/\"}]}<\/script>\n<!-- \/ Yoast SEO plugin. -->","yoast_head_json":{"title":"Leicester City - Everton 2:2 - Official Czech &amp; Slovak Everton Supporters&#039; Club","robots":{"index":"index","follow":"follow","max-snippet":"max-snippet:-1","max-image-preview":"max-image-preview:large","max-video-preview":"max-video-preview:-1"},"canonical":"https:\/\/evertonfc.cz\/index.php\/2023\/05\/02\/leicester-city-everton-22-2\/","og_locale":"cs_CZ","og_type":"article","og_title":"Leicester City - Everton 2:2 - Official Czech &amp; Slovak Everton Supporters&#039; Club","og_description":"Rem\u00edza s Li\u0161kami je pro ko\u010dku, ale tenhle t\u00fdm je\u0161t\u011b bude bojovat, i za padl\u00e9ho kapit\u00e1na. Toffees se rvali jako psi, ale sta\u010dilo to pouze na zahlazen\u00ed vlastn\u00edch chyb.","og_url":"https:\/\/evertonfc.cz\/index.php\/2023\/05\/02\/leicester-city-everton-22-2\/","og_site_name":"Official Czech &amp; Slovak Everton Supporters&#039; Club","article_publisher":"https:\/\/www.facebook.com\/everton.fans.cz.sk","article_published_time":"2023-05-02T09:41:43+00:00","article_modified_time":"2023-05-06T13:07:19+00:00","og_image":[{"width":720,"height":405,"url":"https:\/\/evertonfc.cz\/wp-content\/uploads\/2023\/05\/FOXY_PICKFORD.jpg","type":"image\/jpeg"}],"author":"Fip","twitter_card":"summary_large_image","twitter_misc":{"Napsal(a)":"Fip","Odhadovan\u00e1 doba \u010dten\u00ed":"8 minut"},"schema":{"@context":"https:\/\/schema.org","@graph":[{"@type":"Article","@id":"https:\/\/evertonfc.cz\/index.php\/2023\/05\/02\/leicester-city-everton-22-2\/#article","isPartOf":{"@id":"https:\/\/evertonfc.cz\/index.php\/2023\/05\/02\/leicester-city-everton-22-2\/"},"author":{"name":"Fip","@id":"https:\/\/evertonfc.cz\/#\/schema\/person\/35904009755e8eaa0dc1a5f5f0419002"},"headline":"Leicester City &#8211; Everton 2:2","datePublished":"2023-05-02T09:41:43+00:00","dateModified":"2023-05-06T13:07:19+00:00","mainEntityOfPage":{"@id":"https:\/\/evertonfc.cz\/index.php\/2023\/05\/02\/leicester-city-everton-22-2\/"},"wordCount":1723,"commentCount":10,"publisher":{"@id":"https:\/\/evertonfc.cz\/#organization"},"image":{"@id":"https:\/\/evertonfc.cz\/index.php\/2023\/05\/02\/leicester-city-everton-22-2\/#primaryimage"},"thumbnailUrl":"https:\/\/evertonfc.cz\/wp-content\/uploads\/2023\/05\/FOXY_PICKFORD.jpg","articleSection":["Z\u00e1pasy"],"inLanguage":"cs","potentialAction":[{"@type":"CommentAction","name":"Comment","target":["https:\/\/evertonfc.cz\/index.php\/2023\/05\/02\/leicester-city-everton-22-2\/#respond"]}]},{"@type":"WebPage","@id":"https:\/\/evertonfc.cz\/index.php\/2023\/05\/02\/leicester-city-everton-22-2\/","url":"https:\/\/evertonfc.cz\/index.php\/2023\/05\/02\/leicester-city-everton-22-2\/","name":"Leicester City - Everton 2:2 - Official Czech &amp; Slovak Everton Supporters&#039; Club","isPartOf":{"@id":"https:\/\/evertonfc.cz\/#website"},"primaryImageOfPage":{"@id":"https:\/\/evertonfc.cz\/index.php\/2023\/05\/02\/leicester-city-everton-22-2\/#primaryimage"},"image":{"@id":"https:\/\/evertonfc.cz\/index.php\/2023\/05\/02\/leicester-city-everton-22-2\/#primaryimage"},"thumbnailUrl":"https:\/\/evertonfc.cz\/wp-content\/uploads\/2023\/05\/FOXY_PICKFORD.jpg","datePublished":"2023-05-02T09:41:43+00:00","dateModified":"2023-05-06T13:07:19+00:00","breadcrumb":{"@id":"https:\/\/evertonfc.cz\/index.php\/2023\/05\/02\/leicester-city-everton-22-2\/#breadcrumb"},"inLanguage":"cs","potentialAction":[{"@type":"ReadAction","target":["https:\/\/evertonfc.cz\/index.php\/2023\/05\/02\/leicester-city-everton-22-2\/"]}]},{"@type":"ImageObject","inLanguage":"cs","@id":"https:\/\/evertonfc.cz\/index.php\/2023\/05\/02\/leicester-city-everton-22-2\/#primaryimage","url":"https:\/\/evertonfc.cz\/wp-content\/uploads\/2023\/05\/FOXY_PICKFORD.jpg","contentUrl":"https:\/\/evertonfc.cz\/wp-content\/uploads\/2023\/05\/FOXY_PICKFORD.jpg","width":720,"height":405},{"@type":"BreadcrumbList","@id":"https:\/\/evertonfc.cz\/index.php\/2023\/05\/02\/leicester-city-everton-22-2\/#breadcrumb","itemListElement":[{"@type":"ListItem","position":1,"name":"Home","item":"https:\/\/evertonfc.cz\/"},{"@type":"ListItem","position":2,"name":"Leicester City &#8211; Everton 2:2"}]},{"@type":"WebSite","@id":"https:\/\/evertonfc.cz\/#website","url":"https:\/\/evertonfc.cz\/","name":"Official Czech &amp; Slovak Everton Supporters&#039; Club","description":"","publisher":{"@id":"https:\/\/evertonfc.cz\/#organization"},"potentialAction":[{"@type":"SearchAction","target":{"@type":"EntryPoint","urlTemplate":"https:\/\/evertonfc.cz\/?s={search_term_string}"},"query-input":{"@type":"PropertyValueSpecification","valueRequired":true,"valueName":"search_term_string"}}],"inLanguage":"cs"},{"@type":"Organization","@id":"https:\/\/evertonfc.cz\/#organization","name":"Official Czech & Slovak Everton Supporters' Club","url":"https:\/\/evertonfc.cz\/","logo":{"@type":"ImageObject","inLanguage":"cs","@id":"https:\/\/evertonfc.cz\/#\/schema\/logo\/image\/","url":"https:\/\/evertonfc.cz\/wp-content\/uploads\/2019\/05\/logo.png","contentUrl":"https:\/\/evertonfc.cz\/wp-content\/uploads\/2019\/05\/logo.png","width":112,"height":112,"caption":"Official Czech & Slovak Everton Supporters' Club"},"image":{"@id":"https:\/\/evertonfc.cz\/#\/schema\/logo\/image\/"},"sameAs":["https:\/\/www.facebook.com\/everton.fans.cz.sk"]},{"@type":"Person","@id":"https:\/\/evertonfc.cz\/#\/schema\/person\/35904009755e8eaa0dc1a5f5f0419002","name":"Fip","url":"https:\/\/evertonfc.cz\/index.php\/author\/fip\/"}]}},"_links":{"self":[{"href":"https:\/\/evertonfc.cz\/index.php\/wp-json\/wp\/v2\/posts\/21519"}],"collection":[{"href":"https:\/\/evertonfc.cz\/index.php\/wp-json\/wp\/v2\/posts"}],"about":[{"href":"https:\/\/evertonfc.cz\/index.php\/wp-json\/wp\/v2\/types\/post"}],"author":[{"embeddable":true,"href":"https:\/\/evertonfc.cz\/index.php\/wp-json\/wp\/v2\/users\/10"}],"replies":[{"embeddable":true,"href":"https:\/\/evertonfc.cz\/index.php\/wp-json\/wp\/v2\/comments?post=21519"}],"version-history":[{"count":13,"href":"https:\/\/evertonfc.cz\/index.php\/wp-json\/wp\/v2\/posts\/21519\/revisions"}],"predecessor-version":[{"id":21553,"href":"https:\/\/evertonfc.cz\/index.php\/wp-json\/wp\/v2\/posts\/21519\/revisions\/21553"}],"wp:featuredmedia":[{"embeddable":true,"href":"https:\/\/evertonfc.cz\/index.php\/wp-json\/wp\/v2\/media\/21518"}],"wp:attachment":[{"href":"https:\/\/evertonfc.cz\/index.php\/wp-json\/wp\/v2\/media?parent=21519"}],"wp:term":[{"taxonomy":"category","embeddable":true,"href":"https:\/\/evertonfc.cz\/index.php\/wp-json\/wp\/v2\/categories?post=21519"},{"taxonomy":"post_tag","embeddable":true,"href":"https:\/\/evertonfc.cz\/index.php\/wp-json\/wp\/v2\/tags?post=21519"}],"curies":[{"name":"wp","href":"https:\/\/api.w.org\/{rel}","templated":true}]}}