{"id":2154,"date":"2018-05-04T13:56:25","date_gmt":"2018-05-04T11:56:25","guid":{"rendered":"http:\/\/evertonfc.cz\/?p=2154"},"modified":"2021-03-01T13:24:15","modified_gmt":"2021-03-01T12:24:15","slug":"preview-everton-southampton-2","status":"publish","type":"post","link":"https:\/\/evertonfc.cz\/index.php\/2018\/05\/04\/preview-everton-southampton-2\/","title":{"rendered":"Preview: Everton &#8211; Southampton"},"content":{"rendered":"\r\n<h4 class=\"wp-block-heading\">Zat\u00edmco Everton u\u017e jen dohr\u00e1v\u00e1 sez\u00f3nu, tak Southampton m\u00e1 starosti. Sestupov\u00e9.<\/h4>\r\n\r\n\r\n\r\n<p>Je to tak, Saints budou r\u00e1di, kdy\u017e se zachr\u00e1n\u00ed. Do konce maj\u00ed t\u0159i z\u00e1pasy a na prvn\u00ed nesestupovou pozici ztr\u00e1tu jeden bod. A kdo\u017ee je ten t\u00fdm nad nimi? Swansea, na jej\u00ed\u017e h\u0159i\u0161t\u011b zav\u00edtaj\u00ed v \u00fater\u00fd. Z\u00e1chranu si tedy mohou uhr\u00e1t sami. (Sezonu pak ho\u0161i z ji\u017en\u00edho pob\u0159e\u017e\u00ed kon\u010d\u00ed proti nov\u00e9mu mistrovi doma.) A to jim Anglick\u00fd poh\u00e1r celkem vy\u0161el, spanilou j\u00edzdu zastavila a\u017e Chelsea v semifin\u00e1le.<\/p>\r\n\r\n\r\n\r\n<p>Ale te\u010f si dejme stru\u010dn\u00e9 zpr\u00e1vy z Evertonu: Mirallas posl\u00e1n z hostov\u00e1n\u00ed zp\u011bt, o Allardyce maj\u00ed z\u00e1jem ve West Bromwichi, Baningime podepsal novou smouvu a s t\u00edm sam\u00fdm Brands v\u00e1h\u00e1.<\/p>\r\n\r\n\r\n\r\n<p>Southampton m\u00e1 velmi zdrav\u00fd t\u00fdm. Ano, nebude hr\u00e1t Steven Davis kv\u016fli poran\u011bn\u00e9 achillovce, ale t\u00edm v\u00fd\u010det zdravotn\u00edch komplikac\u00ed kon\u010d\u00ed. Jedin\u00fd mana\u017eer v PL, kter\u00fd hr\u00e1l za Everton, se tak nebude moci vymlouvat a p\u0159ed z\u00e1pasem pron\u00e1\u0161\u00ed pat\u0159i\u010dn\u011b motiva\u010dn\u00ed \u0159e\u010di. Evertonu bude chyb\u011bt \u010dtve\u0159ice Holgate-Mangala-McCarthy-Sigurdsson. Holgate ale mo\u017en\u00e1 stihne utk\u00e1n\u00ed na West Hamu.<\/p>\r\n\r\n\r\n\r\n<p>Forma? No, kdy\u017e to vemu z pohledu sez\u00f3ny, tak oba t\u00fdmy ji\u017e vym\u011bnily mana\u017eera. Aktu\u00e1ln\u00ed? Everton od dom\u00e1c\u00ed prohry s Man C uhr\u00e1l 8 bod\u016f z dvan\u00e1cti mo\u017en\u00fdch, Southampton je povzbuzen v\u00fdhrou v derby nad Bournemouthem, ale jinak \u0161patenka, jen \u010dty\u0159i body z p\u011bti z\u00e1pas\u016f. Ale to se p\u0159i utk\u00e1n\u00edch proti Arsenalu a Chelsea nen\u00ed co divit.<\/p>\r\n\r\n\r\n\r\n<p>Utk\u00e1n\u00ed vys\u00edl\u00e1 p\u0159\u00edm\u00fdm p\u0159enosem stanice Digi sport 1.<\/p>\r\n\r\n\r\n\r\n<p><strong>Co:<\/strong>\u00a0Everton FC &#8211; Southampton FC, 37. kolo Premier League<strong><br \/>Kdy:<\/strong>\u00a04. 5. 2018 od 18:30 SE\u010c<strong><br \/>Kde:<\/strong>\u00a0Goodison Park, Liverpool<strong><br \/>Rozhod\u010d\u00ed:<\/strong>\u00a0Jonthan Moss<\/p>\r\n","protected":false},"excerpt":{"rendered":"<p>Zat\u00edmco Everton u\u017e jen dohr\u00e1v\u00e1 sez\u00f3nu, tak Southampton m\u00e1 starosti. Sestupov\u00e9.<\/p>\n","protected":false},"author":12,"featured_media":14388,"comment_status":"open","ping_status":"closed","sticky":false,"template":"","format":"standard","meta":{"_eb_attr":"","_monsterinsights_skip_tracking":false,"_monsterinsights_sitenote_active":false,"_monsterinsights_sitenote_note":"","_monsterinsights_sitenote_category":0,"footnotes":""},"categories":[4],"tags":[],"yoast_head":"<!-- This site is optimized with the Yoast SEO plugin v23.4 - https:\/\/yoast.com\/wordpress\/plugins\/seo\/ -->\n<title>Preview: Everton - Southampton - Official Czech &amp; Slovak Everton Supporters&#039; Club<\/title>\n<meta name=\"robots\" content=\"index, follow, max-snippet:-1, max-image-preview:large, max-video-preview:-1\" \/>\n<link rel=\"canonical\" href=\"https:\/\/evertonfc.cz\/index.php\/2018\/05\/04\/preview-everton-southampton-2\/\" \/>\n<meta property=\"og:locale\" content=\"cs_CZ\" \/>\n<meta property=\"og:type\" content=\"article\" \/>\n<meta property=\"og:title\" content=\"Preview: Everton - Southampton - Official Czech &amp; Slovak Everton Supporters&#039; Club\" \/>\n<meta property=\"og:description\" content=\"Zat\u00edmco Everton u\u017e jen dohr\u00e1v\u00e1 sez\u00f3nu, tak Southampton m\u00e1 starosti. Sestupov\u00e9.\" \/>\n<meta property=\"og:url\" content=\"https:\/\/evertonfc.cz\/index.php\/2018\/05\/04\/preview-everton-southampton-2\/\" \/>\n<meta property=\"og:site_name\" content=\"Official Czech &amp; Slovak Everton Supporters&#039; Club\" \/>\n<meta property=\"article:publisher\" content=\"https:\/\/www.facebook.com\/everton.fans.cz.sk\" \/>\n<meta property=\"article:published_time\" content=\"2018-05-04T11:56:25+00:00\" \/>\n<meta property=\"article:modified_time\" content=\"2021-03-01T12:24:15+00:00\" \/>\n<meta property=\"og:image\" content=\"https:\/\/evertonfc.cz\/wp-content\/uploads\/2021\/03\/Everton-VS-Southampton.png\" \/>\n\t<meta property=\"og:image:width\" content=\"720\" \/>\n\t<meta property=\"og:image:height\" content=\"405\" \/>\n\t<meta property=\"og:image:type\" content=\"image\/png\" \/>\n<meta name=\"author\" content=\"Javor\" \/>\n<meta name=\"twitter:card\" content=\"summary_large_image\" \/>\n<meta name=\"twitter:creator\" content=\"@LoudinJan\" \/>\n<meta name=\"twitter:label1\" content=\"Napsal(a)\" \/>\n\t<meta name=\"twitter:data1\" content=\"Javor\" \/>\n\t<meta name=\"twitter:label2\" content=\"Odhadovan\u00e1 doba \u010dten\u00ed\" \/>\n\t<meta name=\"twitter:data2\" content=\"2 minuty\" \/>\n<script type=\"application\/ld+json\" class=\"yoast-schema-graph\">{\"@context\":\"https:\/\/schema.org\",\"@graph\":[{\"@type\":\"Article\",\"@id\":\"https:\/\/evertonfc.cz\/index.php\/2018\/05\/04\/preview-everton-southampton-2\/#article\",\"isPartOf\":{\"@id\":\"https:\/\/evertonfc.cz\/index.php\/2018\/05\/04\/preview-everton-southampton-2\/\"},\"author\":{\"name\":\"Javor\",\"@id\":\"https:\/\/evertonfc.cz\/#\/schema\/person\/b30daf6a5852f4811f8207a17ec1bf78\"},\"headline\":\"Preview: Everton &#8211; Southampton\",\"datePublished\":\"2018-05-04T11:56:25+00:00\",\"dateModified\":\"2021-03-01T12:24:15+00:00\",\"mainEntityOfPage\":{\"@id\":\"https:\/\/evertonfc.cz\/index.php\/2018\/05\/04\/preview-everton-southampton-2\/\"},\"wordCount\":320,\"commentCount\":0,\"publisher\":{\"@id\":\"https:\/\/evertonfc.cz\/#organization\"},\"image\":{\"@id\":\"https:\/\/evertonfc.cz\/index.php\/2018\/05\/04\/preview-everton-southampton-2\/#primaryimage\"},\"thumbnailUrl\":\"https:\/\/evertonfc.cz\/wp-content\/uploads\/2021\/03\/Everton-VS-Southampton.png\",\"articleSection\":[\"Z\u00e1pasy\"],\"inLanguage\":\"cs\",\"potentialAction\":[{\"@type\":\"CommentAction\",\"name\":\"Comment\",\"target\":[\"https:\/\/evertonfc.cz\/index.php\/2018\/05\/04\/preview-everton-southampton-2\/#respond\"]}]},{\"@type\":\"WebPage\",\"@id\":\"https:\/\/evertonfc.cz\/index.php\/2018\/05\/04\/preview-everton-southampton-2\/\",\"url\":\"https:\/\/evertonfc.cz\/index.php\/2018\/05\/04\/preview-everton-southampton-2\/\",\"name\":\"Preview: Everton - Southampton - Official Czech &amp; Slovak Everton Supporters&#039; Club\",\"isPartOf\":{\"@id\":\"https:\/\/evertonfc.cz\/#website\"},\"primaryImageOfPage\":{\"@id\":\"https:\/\/evertonfc.cz\/index.php\/2018\/05\/04\/preview-everton-southampton-2\/#primaryimage\"},\"image\":{\"@id\":\"https:\/\/evertonfc.cz\/index.php\/2018\/05\/04\/preview-everton-southampton-2\/#primaryimage\"},\"thumbnailUrl\":\"https:\/\/evertonfc.cz\/wp-content\/uploads\/2021\/03\/Everton-VS-Southampton.png\",\"datePublished\":\"2018-05-04T11:56:25+00:00\",\"dateModified\":\"2021-03-01T12:24:15+00:00\",\"breadcrumb\":{\"@id\":\"https:\/\/evertonfc.cz\/index.php\/2018\/05\/04\/preview-everton-southampton-2\/#breadcrumb\"},\"inLanguage\":\"cs\",\"potentialAction\":[{\"@type\":\"ReadAction\",\"target\":[\"https:\/\/evertonfc.cz\/index.php\/2018\/05\/04\/preview-everton-southampton-2\/\"]}]},{\"@type\":\"ImageObject\",\"inLanguage\":\"cs\",\"@id\":\"https:\/\/evertonfc.cz\/index.php\/2018\/05\/04\/preview-everton-southampton-2\/#primaryimage\",\"url\":\"https:\/\/evertonfc.cz\/wp-content\/uploads\/2021\/03\/Everton-VS-Southampton.png\",\"contentUrl\":\"https:\/\/evertonfc.cz\/wp-content\/uploads\/2021\/03\/Everton-VS-Southampton.png\",\"width\":720,\"height\":405},{\"@type\":\"BreadcrumbList\",\"@id\":\"https:\/\/evertonfc.cz\/index.php\/2018\/05\/04\/preview-everton-southampton-2\/#breadcrumb\",\"itemListElement\":[{\"@type\":\"ListItem\",\"position\":1,\"name\":\"Home\",\"item\":\"https:\/\/evertonfc.cz\/\"},{\"@type\":\"ListItem\",\"position\":2,\"name\":\"Preview: Everton &#8211; Southampton\"}]},{\"@type\":\"WebSite\",\"@id\":\"https:\/\/evertonfc.cz\/#website\",\"url\":\"https:\/\/evertonfc.cz\/\",\"name\":\"Official Czech &amp; Slovak Everton Supporters&#039; Club\",\"description\":\"\",\"publisher\":{\"@id\":\"https:\/\/evertonfc.cz\/#organization\"},\"potentialAction\":[{\"@type\":\"SearchAction\",\"target\":{\"@type\":\"EntryPoint\",\"urlTemplate\":\"https:\/\/evertonfc.cz\/?s={search_term_string}\"},\"query-input\":{\"@type\":\"PropertyValueSpecification\",\"valueRequired\":true,\"valueName\":\"search_term_string\"}}],\"inLanguage\":\"cs\"},{\"@type\":\"Organization\",\"@id\":\"https:\/\/evertonfc.cz\/#organization\",\"name\":\"Official Czech & Slovak Everton Supporters' Club\",\"url\":\"https:\/\/evertonfc.cz\/\",\"logo\":{\"@type\":\"ImageObject\",\"inLanguage\":\"cs\",\"@id\":\"https:\/\/evertonfc.cz\/#\/schema\/logo\/image\/\",\"url\":\"https:\/\/evertonfc.cz\/wp-content\/uploads\/2019\/05\/logo.png\",\"contentUrl\":\"https:\/\/evertonfc.cz\/wp-content\/uploads\/2019\/05\/logo.png\",\"width\":112,\"height\":112,\"caption\":\"Official Czech & Slovak Everton Supporters' Club\"},\"image\":{\"@id\":\"https:\/\/evertonfc.cz\/#\/schema\/logo\/image\/\"},\"sameAs\":[\"https:\/\/www.facebook.com\/everton.fans.cz.sk\"]},{\"@type\":\"Person\",\"@id\":\"https:\/\/evertonfc.cz\/#\/schema\/person\/b30daf6a5852f4811f8207a17ec1bf78\",\"name\":\"Javor\",\"sameAs\":[\"https:\/\/x.com\/LoudinJan\"],\"url\":\"https:\/\/evertonfc.cz\/index.php\/author\/javor\/\"}]}<\/script>\n<!-- \/ Yoast SEO plugin. -->","yoast_head_json":{"title":"Preview: Everton - Southampton - Official Czech &amp; Slovak Everton Supporters&#039; Club","robots":{"index":"index","follow":"follow","max-snippet":"max-snippet:-1","max-image-preview":"max-image-preview:large","max-video-preview":"max-video-preview:-1"},"canonical":"https:\/\/evertonfc.cz\/index.php\/2018\/05\/04\/preview-everton-southampton-2\/","og_locale":"cs_CZ","og_type":"article","og_title":"Preview: Everton - Southampton - Official Czech &amp; Slovak Everton Supporters&#039; Club","og_description":"Zat\u00edmco Everton u\u017e jen dohr\u00e1v\u00e1 sez\u00f3nu, tak Southampton m\u00e1 starosti. Sestupov\u00e9.","og_url":"https:\/\/evertonfc.cz\/index.php\/2018\/05\/04\/preview-everton-southampton-2\/","og_site_name":"Official Czech &amp; Slovak Everton Supporters&#039; Club","article_publisher":"https:\/\/www.facebook.com\/everton.fans.cz.sk","article_published_time":"2018-05-04T11:56:25+00:00","article_modified_time":"2021-03-01T12:24:15+00:00","og_image":[{"width":720,"height":405,"url":"https:\/\/evertonfc.cz\/wp-content\/uploads\/2021\/03\/Everton-VS-Southampton.png","type":"image\/png"}],"author":"Javor","twitter_card":"summary_large_image","twitter_creator":"@LoudinJan","twitter_misc":{"Napsal(a)":"Javor","Odhadovan\u00e1 doba \u010dten\u00ed":"2 minuty"},"schema":{"@context":"https:\/\/schema.org","@graph":[{"@type":"Article","@id":"https:\/\/evertonfc.cz\/index.php\/2018\/05\/04\/preview-everton-southampton-2\/#article","isPartOf":{"@id":"https:\/\/evertonfc.cz\/index.php\/2018\/05\/04\/preview-everton-southampton-2\/"},"author":{"name":"Javor","@id":"https:\/\/evertonfc.cz\/#\/schema\/person\/b30daf6a5852f4811f8207a17ec1bf78"},"headline":"Preview: Everton &#8211; Southampton","datePublished":"2018-05-04T11:56:25+00:00","dateModified":"2021-03-01T12:24:15+00:00","mainEntityOfPage":{"@id":"https:\/\/evertonfc.cz\/index.php\/2018\/05\/04\/preview-everton-southampton-2\/"},"wordCount":320,"commentCount":0,"publisher":{"@id":"https:\/\/evertonfc.cz\/#organization"},"image":{"@id":"https:\/\/evertonfc.cz\/index.php\/2018\/05\/04\/preview-everton-southampton-2\/#primaryimage"},"thumbnailUrl":"https:\/\/evertonfc.cz\/wp-content\/uploads\/2021\/03\/Everton-VS-Southampton.png","articleSection":["Z\u00e1pasy"],"inLanguage":"cs","potentialAction":[{"@type":"CommentAction","name":"Comment","target":["https:\/\/evertonfc.cz\/index.php\/2018\/05\/04\/preview-everton-southampton-2\/#respond"]}]},{"@type":"WebPage","@id":"https:\/\/evertonfc.cz\/index.php\/2018\/05\/04\/preview-everton-southampton-2\/","url":"https:\/\/evertonfc.cz\/index.php\/2018\/05\/04\/preview-everton-southampton-2\/","name":"Preview: Everton - Southampton - Official Czech &amp; Slovak Everton Supporters&#039; Club","isPartOf":{"@id":"https:\/\/evertonfc.cz\/#website"},"primaryImageOfPage":{"@id":"https:\/\/evertonfc.cz\/index.php\/2018\/05\/04\/preview-everton-southampton-2\/#primaryimage"},"image":{"@id":"https:\/\/evertonfc.cz\/index.php\/2018\/05\/04\/preview-everton-southampton-2\/#primaryimage"},"thumbnailUrl":"https:\/\/evertonfc.cz\/wp-content\/uploads\/2021\/03\/Everton-VS-Southampton.png","datePublished":"2018-05-04T11:56:25+00:00","dateModified":"2021-03-01T12:24:15+00:00","breadcrumb":{"@id":"https:\/\/evertonfc.cz\/index.php\/2018\/05\/04\/preview-everton-southampton-2\/#breadcrumb"},"inLanguage":"cs","potentialAction":[{"@type":"ReadAction","target":["https:\/\/evertonfc.cz\/index.php\/2018\/05\/04\/preview-everton-southampton-2\/"]}]},{"@type":"ImageObject","inLanguage":"cs","@id":"https:\/\/evertonfc.cz\/index.php\/2018\/05\/04\/preview-everton-southampton-2\/#primaryimage","url":"https:\/\/evertonfc.cz\/wp-content\/uploads\/2021\/03\/Everton-VS-Southampton.png","contentUrl":"https:\/\/evertonfc.cz\/wp-content\/uploads\/2021\/03\/Everton-VS-Southampton.png","width":720,"height":405},{"@type":"BreadcrumbList","@id":"https:\/\/evertonfc.cz\/index.php\/2018\/05\/04\/preview-everton-southampton-2\/#breadcrumb","itemListElement":[{"@type":"ListItem","position":1,"name":"Home","item":"https:\/\/evertonfc.cz\/"},{"@type":"ListItem","position":2,"name":"Preview: Everton &#8211; Southampton"}]},{"@type":"WebSite","@id":"https:\/\/evertonfc.cz\/#website","url":"https:\/\/evertonfc.cz\/","name":"Official Czech &amp; Slovak Everton Supporters&#039; Club","description":"","publisher":{"@id":"https:\/\/evertonfc.cz\/#organization"},"potentialAction":[{"@type":"SearchAction","target":{"@type":"EntryPoint","urlTemplate":"https:\/\/evertonfc.cz\/?s={search_term_string}"},"query-input":{"@type":"PropertyValueSpecification","valueRequired":true,"valueName":"search_term_string"}}],"inLanguage":"cs"},{"@type":"Organization","@id":"https:\/\/evertonfc.cz\/#organization","name":"Official Czech & Slovak Everton Supporters' Club","url":"https:\/\/evertonfc.cz\/","logo":{"@type":"ImageObject","inLanguage":"cs","@id":"https:\/\/evertonfc.cz\/#\/schema\/logo\/image\/","url":"https:\/\/evertonfc.cz\/wp-content\/uploads\/2019\/05\/logo.png","contentUrl":"https:\/\/evertonfc.cz\/wp-content\/uploads\/2019\/05\/logo.png","width":112,"height":112,"caption":"Official Czech & Slovak Everton Supporters' Club"},"image":{"@id":"https:\/\/evertonfc.cz\/#\/schema\/logo\/image\/"},"sameAs":["https:\/\/www.facebook.com\/everton.fans.cz.sk"]},{"@type":"Person","@id":"https:\/\/evertonfc.cz\/#\/schema\/person\/b30daf6a5852f4811f8207a17ec1bf78","name":"Javor","sameAs":["https:\/\/x.com\/LoudinJan"],"url":"https:\/\/evertonfc.cz\/index.php\/author\/javor\/"}]}},"_links":{"self":[{"href":"https:\/\/evertonfc.cz\/index.php\/wp-json\/wp\/v2\/posts\/2154"}],"collection":[{"href":"https:\/\/evertonfc.cz\/index.php\/wp-json\/wp\/v2\/posts"}],"about":[{"href":"https:\/\/evertonfc.cz\/index.php\/wp-json\/wp\/v2\/types\/post"}],"author":[{"embeddable":true,"href":"https:\/\/evertonfc.cz\/index.php\/wp-json\/wp\/v2\/users\/12"}],"replies":[{"embeddable":true,"href":"https:\/\/evertonfc.cz\/index.php\/wp-json\/wp\/v2\/comments?post=2154"}],"version-history":[{"count":2,"href":"https:\/\/evertonfc.cz\/index.php\/wp-json\/wp\/v2\/posts\/2154\/revisions"}],"predecessor-version":[{"id":14391,"href":"https:\/\/evertonfc.cz\/index.php\/wp-json\/wp\/v2\/posts\/2154\/revisions\/14391"}],"wp:featuredmedia":[{"embeddable":true,"href":"https:\/\/evertonfc.cz\/index.php\/wp-json\/wp\/v2\/media\/14388"}],"wp:attachment":[{"href":"https:\/\/evertonfc.cz\/index.php\/wp-json\/wp\/v2\/media?parent=2154"}],"wp:term":[{"taxonomy":"category","embeddable":true,"href":"https:\/\/evertonfc.cz\/index.php\/wp-json\/wp\/v2\/categories?post=2154"},{"taxonomy":"post_tag","embeddable":true,"href":"https:\/\/evertonfc.cz\/index.php\/wp-json\/wp\/v2\/tags?post=2154"}],"curies":[{"name":"wp","href":"https:\/\/api.w.org\/{rel}","templated":true}]}}