{"id":21562,"date":"2023-05-10T18:22:46","date_gmt":"2023-05-10T16:22:46","guid":{"rendered":"https:\/\/evertonfc.cz\/?p=21562"},"modified":"2023-05-12T10:38:54","modified_gmt":"2023-05-12T08:38:54","slug":"chelsea-w-everton-w-70","status":"publish","type":"post","link":"https:\/\/evertonfc.cz\/index.php\/2023\/05\/10\/chelsea-w-everton-w-70\/","title":{"rendered":"Chelsea W &#8211; Everton W 7:0"},"content":{"rendered":"<h4><strong>Sedm kul\u00ed jako v Sarajevu.<\/strong><\/h4>\n<p>Kdyby to dopadlo opravdu jako v Sarajevu, bylo by to je\u0161t\u011b dobr\u00e9, nebo\u0165 tam se n\u00e1sledn\u00edkovi habsbursk\u00e9ho tr\u016fnu staly osudn\u00fdmi kule jen dv\u011b. Realita v\u0161ak odpov\u00eddala fikci Ha\u0161kova rom\u00e1nu a Chelsea bojuj\u00edc\u00ed o \u010delo tabulky n\u00e1s rozdrtila g\u00f3ly sedmi. Do z\u00e1pasu jsme vstupovali ne sice jako favorit\u00e9, ale se sebev\u011bdom\u00edm t\u011bch, co mohou hr\u00e1t v klidu a nakonec mo\u017en\u00e1 p\u0159ekvapit. Chelsea naopak pod tlakem byla, st\u00e1le si brous\u00ed zuby na titul a dostihnout MUTD v \u010dele tabulky bylo a je st\u00e1le mo\u017en\u00e9.<\/p>\n<h4>Prvn\u00ed polo\u010das<\/h4>\n<p>jsme byli Chelsea d\u016fstojn\u00fdmi soup\u011b\u0159i. Bohu\u017eel jen prvn\u00edch deset minut. Sice jsme si za tu dobu nevypracovali \u017e\u00e1dnou z\u00e1sadn\u00ed \u0161anci, ale sna\u017eili jsme se aspo\u0148 dr\u017eet krok. Bohu\u017eel jen do 12. minuty. Pak se nap\u0159\u00e1hla z hranice velk\u00e9ho v\u00e1pna Reiten a jej\u00ed bomba k lev\u00e9 ty\u010di zapo\u010dala na\u0161\u00ed destrukci &#8211; <strong>1:0<\/strong>. Technicky skv\u011ble vybaven\u00e1 Norka byla i u n\u00e1sleduj\u00edc\u00ed branky, kdy\u017e oblou\u010dkem p\u0159es pokutov\u00e9 \u00fazem\u00ed na\u0161la Kerr, kter\u00e1 prvot\u0159\u00eddn\u00ed hlavi\u010dkou p\u0159idala sv\u016fje leto\u0161n\u00ed 26. g\u00f3l a zv\u00fd\u0161ila tak na <strong>2:0<\/strong>. Z\u00e1hy po brance musela pro zran\u011bn\u00ed st\u0159\u00eddat a na tr\u00e1vn\u00edku j\u00ed nahradila hraj\u00edc\u00ed legenda Harder. Legenda nebyla na h\u0159i\u0161ti ani minutu a p\u0159isp\u011bla n\u00e1m dal\u0161\u00edm g\u00f3lem &#8211; <strong>3:0<\/strong>.<\/p>\n<p>A aby toho nebylo m\u00e1lo, tak ve 44. minut\u011b se k nevaln\u00e9 st\u0159ele dostala Ingle. M\u00ed\u010d v\u00e1hav\u011b prosk\u00e1kal v\u00e1pnem a pod rukou Brosnan i za na\u0161\u00ed brankovou \u010d\u00e1ru &#8211; <strong>4:0. <\/strong>Je p\u011bkn\u00e9, \u017ee Ingle ukon\u010dila sv\u00e9 t\u0159\u00edlet\u00e9 \u010dek\u00e1n\u00ed na g\u00f3l, jen ten timing nebyl \u00fapln\u011b nej\u0161\u0165astn\u011bj\u0161\u00ed. Ale ne, je\u0161t\u011b neodch\u00e1zejme zotavit se\u00a0 p\u0159est\u00e1vkovou d\u00e1vkou \u010dehokoliv dvojit\u00e9ho. O minutu pozd\u011bji\u00a0 toti\u017e <span class=\"sp-c-lineup-pitch__player\" data-reactid=\".12ilkllojs6.0.0.0.1.$include-9.0.0.1:$panel-0.$0.0.0.1.2.0.0.1:$away-formation-row-1.$away-player-2\"><span class=\"sp-c-lineup-pitch__player__name gs-u-display-block@xs \" data-reactid=\".12ilkllojs6.0.0.0.1.$include-9.0.0.1:$panel-0.$0.0.0.1.2.0.0.1:$away-formation-row-1.$away-player-2.1\">Bj\u00f6rn minula p\u0159ihr\u00e1vku p\u0159ed na\u0161\u00ed br\u00e1nu a Fleming p\u0159idala p\u00e1t\u00fd f\u00edk &#8211; <strong>5:0<\/strong>. P\u011bt st\u0159el na na\u0161\u00ed br\u00e1nu &#8211; p\u011bt branek. Nejvy\u0161\u0161\u00ed \u010das na p\u0159est\u00e1vku.<\/span><\/span><\/p>\n<h4>Druh\u00fd polo\u010das<\/h4>\n<p>p\u0159inesl u\u017e men\u0161\u00ed g\u00f3lovou smr\u0161\u0165, ne\u017e \u00favodn\u00ed p\u016fle debaklu. N\u00e1\u0161 v\u00fdkon se v\u00fdrazn\u011b zlep\u0161il, ale na redukci sk\u00f3re to nesta\u010dilo. V \u00favodu polo\u010dasu Brosnan vyrazila hlavi\u010dkov\u00fd pokus Harder, ale stejn\u00e1 hr\u00e1\u010dka se nakonec prosadila z pokusu dal\u0161\u00edho a z prvn\u00edho doteku utilizovala nahr\u00e1vku Cuthbert &#8211; <strong>6:0<\/strong>.\u00a0 A ani sama Cuthbert nep\u0159i\u0161la zkr\u00e1tka, kdy\u017e v nastaven\u00ed zu\u017eitkovala kiks na\u0161\u00ed osy <span class=\"sp-c-lineup-pitch__player\" data-reactid=\".12ilkllojs6.0.0.0.1.$include-9.0.0.1:$panel-0.$0.0.0.1.2.0.0.1:$away-formation-row-1.$away-player-2\"><span class=\"sp-c-lineup-pitch__player__name gs-u-display-block@xs \" data-reactid=\".12ilkllojs6.0.0.0.1.$include-9.0.0.1:$panel-0.$0.0.0.1.2.0.0.1:$away-formation-row-1.$away-player-2.1\">Bj\u00f6rn &#8211; Wheeler a zasadila n\u00e1m definitivn\u00ed r\u00e1nu &#8211; <strong>7:0<\/strong>. Pokud m\u00e1 n\u011bkdo pocit, \u017ee se refer\u00e1t ze z\u00e1pasu nezab\u00fdv\u00e1 v\u00fdkonem na\u0161ich hr\u00e1\u010dek, tak je t\u0159eba \u0159\u00edci, \u017ee v\u00edcem\u00e9n\u011b \u017e\u00e1dn\u00fd relevantn\u00ed nebyl. Asp\u0148 tedy ne takov\u00fd, abychom s Chelsea mohli hr\u00e1t vyrovnanou partii.\u00a0<\/span><\/span><\/p>\n<h4>Shrnut\u00ed<\/h4>\n<p>Dal\u0161\u00ed ze z\u00e1pas\u016f s t\u00fdmem na prvn\u00edch p\u0159\u00ed\u010dk\u00e1ch tabulky, na kter\u00fd je lep\u0161\u00ed zapomenout. A nebo si jej naopak p\u0159ipomenout, poka\u017ed\u00e9, kdy\u017e za\u010dneme sn\u00edt o postupu do Evropy. Jedin\u00fdm pozitivem m\u016f\u017ee b\u00fdt, \u017ee po prvn\u00edm polo\u010dase jsme nehodili ru\u010dn\u00edk do ringu, ale i tak rozd\u00edl ve h\u0159e obou t\u00fdm\u016f tahal za o\u010di. Do konce sez\u00f3ny n\u00e1m zb\u00fdvaj\u00ed t\u0159i utk\u00e1n\u00ed a na Villu p\u0159ed n\u00e1mi 6 bod\u016f. Nic, co by se nedalo uhr\u00e1t. Bohu\u017eel p\u0159\u00ed\u0161t\u00ed z\u00e1pas hrajeme s na\u0161\u00edm dal\u0161\u00edm tradi\u010dn\u00edm katem Arsenalem. N\u00e1sleduje hrateln\u00fd WBA a celou leto\u0161n\u00ed ta\u0161ka\u0159ici zakon\u010d\u00ed nevyzpyteteln\u00fd z\u00e1pas s Manchester City. Tak te\u010f nej\u0159\u00edv 17.5. od 19:15 p\u0159etrp\u011bt ten Arsenal. <strong><span style=\"color: #0000ff;\">COYB!<\/span><\/strong><\/p>\n<p style=\"text-align: right;\"><span style=\"font-size: 8pt;\"><em>Fotografie: Karen Holmgaard (zdroj: evertonfc.com)<\/em><\/span><\/p>\n<p><strong>Statistika: <\/strong>Posedlost: 54% : 46%, st\u0159ely 17:8 (na branku 11:3)<\/p>\n<p><strong>Branky:<\/strong> <span data-reactid=\".2cfdevw9156.0.0.1.1.0.0.0.0:$home0false.0\">Reiten<\/span><span data-reactid=\".2cfdevw9156.0.0.1.1.0.0.0.0:$home0false.1:0\">\u00a0(<\/span><span data-reactid=\".2cfdevw9156.0.0.1.1.0.0.0.0:$home0false.1:$0\">12&#8242;<\/span><span data-reactid=\".2cfdevw9156.0.0.1.1.0.0.0.0:$home0false.1:2\">)<\/span><span data-reactid=\".2cfdevw9156.0.0.1.1.0.0.0.0:$home0false.2\">, <\/span><span data-reactid=\".2cfdevw9156.0.0.1.1.0.0.0.0:$home1false.0\">Kerr<\/span><span data-reactid=\".2cfdevw9156.0.0.1.1.0.0.0.0:$home1false.1:0\">\u00a0(<\/span><span data-reactid=\".2cfdevw9156.0.0.1.1.0.0.0.0:$home1false.1:$0\">25&#8242;<\/span><span data-reactid=\".2cfdevw9156.0.0.1.1.0.0.0.0:$home1false.1:2\">)<\/span><span data-reactid=\".2cfdevw9156.0.0.1.1.0.0.0.0:$home1false.2\">, <\/span><span data-reactid=\".2cfdevw9156.0.0.1.1.0.0.0.0:$home2false.0\">Harder<\/span><span data-reactid=\".2cfdevw9156.0.0.1.1.0.0.0.0:$home2false.1:0\">\u00a0(<\/span><span data-reactid=\".2cfdevw9156.0.0.1.1.0.0.0.0:$home2false.1:$0\">33&#8242; +<\/span><span data-reactid=\".2cfdevw9156.0.0.1.1.0.0.0.0:$home2false.1:2\">\u00a0<\/span><span data-reactid=\".2cfdevw9156.0.0.1.1.0.0.0.0:$home2false.1:$1\">81&#8242;<\/span><span data-reactid=\".2cfdevw9156.0.0.1.1.0.0.0.0:$home2false.1:4\">)<\/span><span data-reactid=\".2cfdevw9156.0.0.1.1.0.0.0.0:$home2false.2\">,\u00a0 <\/span><span data-reactid=\".2cfdevw9156.0.0.1.1.0.0.0.0:$home3false.0\">Ingle<\/span><span data-reactid=\".2cfdevw9156.0.0.1.1.0.0.0.0:$home3false.1:0\">\u00a0(<\/span><span data-reactid=\".2cfdevw9156.0.0.1.1.0.0.0.0:$home3false.1:$0\">44&#8242;<\/span><span data-reactid=\".2cfdevw9156.0.0.1.1.0.0.0.0:$home3false.1:2\">)<\/span><span data-reactid=\".2cfdevw9156.0.0.1.1.0.0.0.0:$home3false.2\">, <\/span><span data-reactid=\".2cfdevw9156.0.0.1.1.0.0.0.0:$home4false.0\">Fleming<\/span><span data-reactid=\".2cfdevw9156.0.0.1.1.0.0.0.0:$home4false.1:0\">\u00a0(<\/span><span data-reactid=\".2cfdevw9156.0.0.1.1.0.0.0.0:$home4false.1:$0\">45&#8242;<\/span><span data-reactid=\".2cfdevw9156.0.0.1.1.0.0.0.0:$home4false.1:2\">)<\/span><span data-reactid=\".2cfdevw9156.0.0.1.1.0.0.0.0:$home4false.2\">, <\/span><span data-reactid=\".2cfdevw9156.0.0.1.1.0.0.0.0:$home5false.0\">Cuthbert<\/span><span data-reactid=\".2cfdevw9156.0.0.1.1.0.0.0.0:$home5false.1:0\">\u00a0(<\/span><span data-reactid=\".2cfdevw9156.0.0.1.1.0.0.0.0:$home5false.1:$0\">90&#8242;<\/span><span data-reactid=\".2cfdevw9156.0.0.1.1.0.0.0.0:$home5false.1:2\">)<\/span><\/p>\n<p><strong>Chelsea (4-2-3-1): <\/strong>Musovic; <span class=\"sp-c-lineup-pitch__player\" data-reactid=\".12ilkllojs6.0.0.0.1.$include-9.0.0.1:$panel-0.$0.0.0.0.2.0.0.1:$home-formation-row-1.$home-player-0\"><span class=\"sp-c-lineup-pitch__player__name gs-u-display-block@xs \" data-reactid=\".12ilkllojs6.0.0.0.1.$include-9.0.0.1:$panel-0.$0.0.0.0.2.0.0.1:$home-formation-row-1.$home-player-0.1\">P\u00e9risset (Abdullina 45\u00b4), <\/span><\/span><span class=\"sp-c-lineup-pitch__player\" data-reactid=\".12ilkllojs6.0.0.0.1.$include-9.0.0.1:$panel-0.$0.0.0.0.2.0.0.1:$home-formation-row-1.$home-player-1\"><span class=\"sp-c-lineup-pitch__player__name gs-u-display-block@xs \" data-reactid=\".12ilkllojs6.0.0.0.1.$include-9.0.0.1:$panel-0.$0.0.0.0.2.0.0.1:$home-formation-row-1.$home-player-1.1\">Mjelde, <\/span><\/span><span class=\"sp-c-lineup-pitch__player\" data-reactid=\".12ilkllojs6.0.0.0.1.$include-9.0.0.1:$panel-0.$0.0.0.0.2.0.0.1:$home-formation-row-1.$home-player-2\"><span class=\"sp-c-lineup-pitch__player__name gs-u-display-block@xs \" data-reactid=\".12ilkllojs6.0.0.0.1.$include-9.0.0.1:$panel-0.$0.0.0.0.2.0.0.1:$home-formation-row-1.$home-player-2.1\">Eriksson, <\/span><\/span><span class=\"sp-c-lineup-pitch__player\" data-reactid=\".12ilkllojs6.0.0.0.1.$include-9.0.0.1:$panel-0.$0.0.0.0.2.0.0.1:$home-formation-row-1.$home-player-3\"><span class=\"sp-c-lineup-pitch__player__name gs-u-display-block@xs \" data-reactid=\".12ilkllojs6.0.0.0.1.$include-9.0.0.1:$panel-0.$0.0.0.0.2.0.0.1:$home-formation-row-1.$home-player-3.1\">Charles (Carter 72\u00b4); Fleming, Ingle; Rytting Kaneryd, Cankovic<span data-reactid=\".12ilkllojs6.0.0.0.1.$include-9.0.0.1:$panel-0.$0.0.0.0.3.$8PO182775.2.$0.4\">\u00a0(Cuthbert 63\u00b4)<\/span>, Reiten (James 45\u00b4); Kerr (Harder 32)<\/span><\/span><\/p>\n<p><strong>Everton (4-3-3): <\/strong>Brosnan; <span class=\"sp-c-lineup-pitch__player\" data-reactid=\".12ilkllojs6.0.0.0.1.$include-9.0.0.1:$panel-0.$0.0.0.1.2.0.0.1:$away-formation-row-1.$away-player-0\"><span class=\"sp-c-lineup-pitch__player__name gs-u-display-block@xs \" data-reactid=\".12ilkllojs6.0.0.0.1.$include-9.0.0.1:$panel-0.$0.0.0.1.2.0.0.1:$away-formation-row-1.$away-player-0.1\">Finnigan, (Stenevik 82\u00b4) <\/span><\/span><span class=\"sp-c-lineup-pitch__player\" data-reactid=\".12ilkllojs6.0.0.0.1.$include-9.0.0.1:$panel-0.$0.0.0.1.2.0.0.1:$away-formation-row-1.$away-player-1\"><span class=\"sp-c-lineup-pitch__player__name gs-u-display-block@xs \" data-reactid=\".12ilkllojs6.0.0.0.1.$include-9.0.0.1:$panel-0.$0.0.0.1.2.0.0.1:$away-formation-row-1.$away-player-1.1\">Sevecke, <\/span><\/span><span class=\"sp-c-lineup-pitch__player\" data-reactid=\".12ilkllojs6.0.0.0.1.$include-9.0.0.1:$panel-0.$0.0.0.1.2.0.0.1:$away-formation-row-1.$away-player-2\"><span class=\"sp-c-lineup-pitch__player__name gs-u-display-block@xs \" data-reactid=\".12ilkllojs6.0.0.0.1.$include-9.0.0.1:$panel-0.$0.0.0.1.2.0.0.1:$away-formation-row-1.$away-player-2.1\">Bj\u00f6rn, <\/span><\/span><span class=\"sp-c-lineup-pitch__player\" data-reactid=\".12ilkllojs6.0.0.0.1.$include-9.0.0.1:$panel-0.$0.0.0.1.2.0.0.1:$away-formation-row-1.$away-player-3\"><span class=\"sp-c-lineup-pitch__player__name gs-u-display-block@xs \" data-reactid=\".12ilkllojs6.0.0.0.1.$include-9.0.0.1:$panel-0.$0.0.0.1.2.0.0.1:$away-formation-row-1.$away-player-3.1\">Veje (S. Holmgaard 53\u00b4); Wheeler, Bennison, K. Holmgaard (Christiansen 53\u00b4); S\u00f8rensen, Snoeijs (Maier 69\u00b4), Galli<\/span><\/span><\/p>\n<p><strong>Rozhod\u010d\u00ed:<\/strong> Lisa Benn<\/p>\n<p><iframe loading=\"lazy\" title=\"Chelsea Women v Everton Women (7-0) | Highlights | WSL 22\/23\" width=\"1140\" height=\"641\" src=\"https:\/\/www.youtube.com\/embed\/2lWRYpE6jGo?feature=oembed\" frameborder=\"0\" allow=\"accelerometer; autoplay; clipboard-write; encrypted-media; gyroscope; picture-in-picture; web-share\" allowfullscreen><\/iframe><\/p>\n","protected":false},"excerpt":{"rendered":"<p>Sedm kul\u00ed jako v Sarajevu.<\/p>\n","protected":false},"author":26,"featured_media":21590,"comment_status":"open","ping_status":"closed","sticky":false,"template":"","format":"standard","meta":{"_eb_attr":"","_monsterinsights_skip_tracking":false,"_monsterinsights_sitenote_active":false,"_monsterinsights_sitenote_note":"","_monsterinsights_sitenote_category":0,"footnotes":""},"categories":[110],"tags":[],"yoast_head":"<!-- This site is optimized with the Yoast SEO plugin v23.4 - https:\/\/yoast.com\/wordpress\/plugins\/seo\/ -->\n<title>Chelsea W - Everton W 7:0 - Official Czech &amp; Slovak Everton Supporters&#039; Club<\/title>\n<meta name=\"robots\" content=\"index, follow, max-snippet:-1, max-image-preview:large, max-video-preview:-1\" \/>\n<link rel=\"canonical\" href=\"https:\/\/evertonfc.cz\/index.php\/2023\/05\/10\/chelsea-w-everton-w-70\/\" \/>\n<meta property=\"og:locale\" content=\"cs_CZ\" \/>\n<meta property=\"og:type\" content=\"article\" \/>\n<meta property=\"og:title\" content=\"Chelsea W - Everton W 7:0 - Official Czech &amp; Slovak Everton Supporters&#039; Club\" \/>\n<meta property=\"og:description\" content=\"Sedm kul\u00ed jako v Sarajevu.\" \/>\n<meta property=\"og:url\" content=\"https:\/\/evertonfc.cz\/index.php\/2023\/05\/10\/chelsea-w-everton-w-70\/\" \/>\n<meta property=\"og:site_name\" content=\"Official Czech &amp; Slovak Everton Supporters&#039; Club\" \/>\n<meta property=\"article:publisher\" content=\"https:\/\/www.facebook.com\/everton.fans.cz.sk\" \/>\n<meta property=\"article:published_time\" content=\"2023-05-10T16:22:46+00:00\" \/>\n<meta property=\"article:modified_time\" content=\"2023-05-12T08:38:54+00:00\" \/>\n<meta property=\"og:image\" content=\"https:\/\/evertonfc.cz\/wp-content\/uploads\/2023\/05\/Holmgaard-_-Chelsea-web-14_5_2022.jpg\" \/>\n\t<meta property=\"og:image:width\" content=\"720\" \/>\n\t<meta property=\"og:image:height\" content=\"405\" \/>\n\t<meta property=\"og:image:type\" content=\"image\/jpeg\" \/>\n<meta name=\"author\" content=\"Karamela\" \/>\n<meta name=\"twitter:card\" content=\"summary_large_image\" \/>\n<meta name=\"twitter:label1\" content=\"Napsal(a)\" \/>\n\t<meta name=\"twitter:data1\" content=\"Karamela\" \/>\n\t<meta name=\"twitter:label2\" content=\"Odhadovan\u00e1 doba \u010dten\u00ed\" \/>\n\t<meta name=\"twitter:data2\" content=\"4 minuty\" \/>\n<script type=\"application\/ld+json\" class=\"yoast-schema-graph\">{\"@context\":\"https:\/\/schema.org\",\"@graph\":[{\"@type\":\"Article\",\"@id\":\"https:\/\/evertonfc.cz\/index.php\/2023\/05\/10\/chelsea-w-everton-w-70\/#article\",\"isPartOf\":{\"@id\":\"https:\/\/evertonfc.cz\/index.php\/2023\/05\/10\/chelsea-w-everton-w-70\/\"},\"author\":{\"name\":\"Karamela\",\"@id\":\"https:\/\/evertonfc.cz\/#\/schema\/person\/e9a24a80a32efa1344dd2c4e5882185c\"},\"headline\":\"Chelsea W &#8211; Everton W 7:0\",\"datePublished\":\"2023-05-10T16:22:46+00:00\",\"dateModified\":\"2023-05-12T08:38:54+00:00\",\"mainEntityOfPage\":{\"@id\":\"https:\/\/evertonfc.cz\/index.php\/2023\/05\/10\/chelsea-w-everton-w-70\/\"},\"wordCount\":738,\"commentCount\":0,\"publisher\":{\"@id\":\"https:\/\/evertonfc.cz\/#organization\"},\"image\":{\"@id\":\"https:\/\/evertonfc.cz\/index.php\/2023\/05\/10\/chelsea-w-everton-w-70\/#primaryimage\"},\"thumbnailUrl\":\"https:\/\/evertonfc.cz\/wp-content\/uploads\/2023\/05\/Holmgaard-_-Chelsea-web-14_5_2022.jpg\",\"articleSection\":[\"Everton Women\"],\"inLanguage\":\"cs\",\"potentialAction\":[{\"@type\":\"CommentAction\",\"name\":\"Comment\",\"target\":[\"https:\/\/evertonfc.cz\/index.php\/2023\/05\/10\/chelsea-w-everton-w-70\/#respond\"]}]},{\"@type\":\"WebPage\",\"@id\":\"https:\/\/evertonfc.cz\/index.php\/2023\/05\/10\/chelsea-w-everton-w-70\/\",\"url\":\"https:\/\/evertonfc.cz\/index.php\/2023\/05\/10\/chelsea-w-everton-w-70\/\",\"name\":\"Chelsea W - Everton W 7:0 - Official Czech &amp; Slovak Everton Supporters&#039; Club\",\"isPartOf\":{\"@id\":\"https:\/\/evertonfc.cz\/#website\"},\"primaryImageOfPage\":{\"@id\":\"https:\/\/evertonfc.cz\/index.php\/2023\/05\/10\/chelsea-w-everton-w-70\/#primaryimage\"},\"image\":{\"@id\":\"https:\/\/evertonfc.cz\/index.php\/2023\/05\/10\/chelsea-w-everton-w-70\/#primaryimage\"},\"thumbnailUrl\":\"https:\/\/evertonfc.cz\/wp-content\/uploads\/2023\/05\/Holmgaard-_-Chelsea-web-14_5_2022.jpg\",\"datePublished\":\"2023-05-10T16:22:46+00:00\",\"dateModified\":\"2023-05-12T08:38:54+00:00\",\"breadcrumb\":{\"@id\":\"https:\/\/evertonfc.cz\/index.php\/2023\/05\/10\/chelsea-w-everton-w-70\/#breadcrumb\"},\"inLanguage\":\"cs\",\"potentialAction\":[{\"@type\":\"ReadAction\",\"target\":[\"https:\/\/evertonfc.cz\/index.php\/2023\/05\/10\/chelsea-w-everton-w-70\/\"]}]},{\"@type\":\"ImageObject\",\"inLanguage\":\"cs\",\"@id\":\"https:\/\/evertonfc.cz\/index.php\/2023\/05\/10\/chelsea-w-everton-w-70\/#primaryimage\",\"url\":\"https:\/\/evertonfc.cz\/wp-content\/uploads\/2023\/05\/Holmgaard-_-Chelsea-web-14_5_2022.jpg\",\"contentUrl\":\"https:\/\/evertonfc.cz\/wp-content\/uploads\/2023\/05\/Holmgaard-_-Chelsea-web-14_5_2022.jpg\",\"width\":720,\"height\":405},{\"@type\":\"BreadcrumbList\",\"@id\":\"https:\/\/evertonfc.cz\/index.php\/2023\/05\/10\/chelsea-w-everton-w-70\/#breadcrumb\",\"itemListElement\":[{\"@type\":\"ListItem\",\"position\":1,\"name\":\"Home\",\"item\":\"https:\/\/evertonfc.cz\/\"},{\"@type\":\"ListItem\",\"position\":2,\"name\":\"Chelsea W &#8211; Everton W 7:0\"}]},{\"@type\":\"WebSite\",\"@id\":\"https:\/\/evertonfc.cz\/#website\",\"url\":\"https:\/\/evertonfc.cz\/\",\"name\":\"Official Czech &amp; Slovak Everton Supporters&#039; Club\",\"description\":\"\",\"publisher\":{\"@id\":\"https:\/\/evertonfc.cz\/#organization\"},\"potentialAction\":[{\"@type\":\"SearchAction\",\"target\":{\"@type\":\"EntryPoint\",\"urlTemplate\":\"https:\/\/evertonfc.cz\/?s={search_term_string}\"},\"query-input\":{\"@type\":\"PropertyValueSpecification\",\"valueRequired\":true,\"valueName\":\"search_term_string\"}}],\"inLanguage\":\"cs\"},{\"@type\":\"Organization\",\"@id\":\"https:\/\/evertonfc.cz\/#organization\",\"name\":\"Official Czech & Slovak Everton Supporters' Club\",\"url\":\"https:\/\/evertonfc.cz\/\",\"logo\":{\"@type\":\"ImageObject\",\"inLanguage\":\"cs\",\"@id\":\"https:\/\/evertonfc.cz\/#\/schema\/logo\/image\/\",\"url\":\"https:\/\/evertonfc.cz\/wp-content\/uploads\/2019\/05\/logo.png\",\"contentUrl\":\"https:\/\/evertonfc.cz\/wp-content\/uploads\/2019\/05\/logo.png\",\"width\":112,\"height\":112,\"caption\":\"Official Czech & Slovak Everton Supporters' Club\"},\"image\":{\"@id\":\"https:\/\/evertonfc.cz\/#\/schema\/logo\/image\/\"},\"sameAs\":[\"https:\/\/www.facebook.com\/everton.fans.cz.sk\"]},{\"@type\":\"Person\",\"@id\":\"https:\/\/evertonfc.cz\/#\/schema\/person\/e9a24a80a32efa1344dd2c4e5882185c\",\"name\":\"Karamela\",\"url\":\"https:\/\/evertonfc.cz\/index.php\/author\/karamela\/\"}]}<\/script>\n<!-- \/ Yoast SEO plugin. -->","yoast_head_json":{"title":"Chelsea W - Everton W 7:0 - Official Czech &amp; Slovak Everton Supporters&#039; Club","robots":{"index":"index","follow":"follow","max-snippet":"max-snippet:-1","max-image-preview":"max-image-preview:large","max-video-preview":"max-video-preview:-1"},"canonical":"https:\/\/evertonfc.cz\/index.php\/2023\/05\/10\/chelsea-w-everton-w-70\/","og_locale":"cs_CZ","og_type":"article","og_title":"Chelsea W - Everton W 7:0 - Official Czech &amp; Slovak Everton Supporters&#039; Club","og_description":"Sedm kul\u00ed jako v Sarajevu.","og_url":"https:\/\/evertonfc.cz\/index.php\/2023\/05\/10\/chelsea-w-everton-w-70\/","og_site_name":"Official Czech &amp; Slovak Everton Supporters&#039; Club","article_publisher":"https:\/\/www.facebook.com\/everton.fans.cz.sk","article_published_time":"2023-05-10T16:22:46+00:00","article_modified_time":"2023-05-12T08:38:54+00:00","og_image":[{"width":720,"height":405,"url":"https:\/\/evertonfc.cz\/wp-content\/uploads\/2023\/05\/Holmgaard-_-Chelsea-web-14_5_2022.jpg","type":"image\/jpeg"}],"author":"Karamela","twitter_card":"summary_large_image","twitter_misc":{"Napsal(a)":"Karamela","Odhadovan\u00e1 doba \u010dten\u00ed":"4 minuty"},"schema":{"@context":"https:\/\/schema.org","@graph":[{"@type":"Article","@id":"https:\/\/evertonfc.cz\/index.php\/2023\/05\/10\/chelsea-w-everton-w-70\/#article","isPartOf":{"@id":"https:\/\/evertonfc.cz\/index.php\/2023\/05\/10\/chelsea-w-everton-w-70\/"},"author":{"name":"Karamela","@id":"https:\/\/evertonfc.cz\/#\/schema\/person\/e9a24a80a32efa1344dd2c4e5882185c"},"headline":"Chelsea W &#8211; Everton W 7:0","datePublished":"2023-05-10T16:22:46+00:00","dateModified":"2023-05-12T08:38:54+00:00","mainEntityOfPage":{"@id":"https:\/\/evertonfc.cz\/index.php\/2023\/05\/10\/chelsea-w-everton-w-70\/"},"wordCount":738,"commentCount":0,"publisher":{"@id":"https:\/\/evertonfc.cz\/#organization"},"image":{"@id":"https:\/\/evertonfc.cz\/index.php\/2023\/05\/10\/chelsea-w-everton-w-70\/#primaryimage"},"thumbnailUrl":"https:\/\/evertonfc.cz\/wp-content\/uploads\/2023\/05\/Holmgaard-_-Chelsea-web-14_5_2022.jpg","articleSection":["Everton Women"],"inLanguage":"cs","potentialAction":[{"@type":"CommentAction","name":"Comment","target":["https:\/\/evertonfc.cz\/index.php\/2023\/05\/10\/chelsea-w-everton-w-70\/#respond"]}]},{"@type":"WebPage","@id":"https:\/\/evertonfc.cz\/index.php\/2023\/05\/10\/chelsea-w-everton-w-70\/","url":"https:\/\/evertonfc.cz\/index.php\/2023\/05\/10\/chelsea-w-everton-w-70\/","name":"Chelsea W - Everton W 7:0 - Official Czech &amp; Slovak Everton Supporters&#039; Club","isPartOf":{"@id":"https:\/\/evertonfc.cz\/#website"},"primaryImageOfPage":{"@id":"https:\/\/evertonfc.cz\/index.php\/2023\/05\/10\/chelsea-w-everton-w-70\/#primaryimage"},"image":{"@id":"https:\/\/evertonfc.cz\/index.php\/2023\/05\/10\/chelsea-w-everton-w-70\/#primaryimage"},"thumbnailUrl":"https:\/\/evertonfc.cz\/wp-content\/uploads\/2023\/05\/Holmgaard-_-Chelsea-web-14_5_2022.jpg","datePublished":"2023-05-10T16:22:46+00:00","dateModified":"2023-05-12T08:38:54+00:00","breadcrumb":{"@id":"https:\/\/evertonfc.cz\/index.php\/2023\/05\/10\/chelsea-w-everton-w-70\/#breadcrumb"},"inLanguage":"cs","potentialAction":[{"@type":"ReadAction","target":["https:\/\/evertonfc.cz\/index.php\/2023\/05\/10\/chelsea-w-everton-w-70\/"]}]},{"@type":"ImageObject","inLanguage":"cs","@id":"https:\/\/evertonfc.cz\/index.php\/2023\/05\/10\/chelsea-w-everton-w-70\/#primaryimage","url":"https:\/\/evertonfc.cz\/wp-content\/uploads\/2023\/05\/Holmgaard-_-Chelsea-web-14_5_2022.jpg","contentUrl":"https:\/\/evertonfc.cz\/wp-content\/uploads\/2023\/05\/Holmgaard-_-Chelsea-web-14_5_2022.jpg","width":720,"height":405},{"@type":"BreadcrumbList","@id":"https:\/\/evertonfc.cz\/index.php\/2023\/05\/10\/chelsea-w-everton-w-70\/#breadcrumb","itemListElement":[{"@type":"ListItem","position":1,"name":"Home","item":"https:\/\/evertonfc.cz\/"},{"@type":"ListItem","position":2,"name":"Chelsea W &#8211; Everton W 7:0"}]},{"@type":"WebSite","@id":"https:\/\/evertonfc.cz\/#website","url":"https:\/\/evertonfc.cz\/","name":"Official Czech &amp; Slovak Everton Supporters&#039; Club","description":"","publisher":{"@id":"https:\/\/evertonfc.cz\/#organization"},"potentialAction":[{"@type":"SearchAction","target":{"@type":"EntryPoint","urlTemplate":"https:\/\/evertonfc.cz\/?s={search_term_string}"},"query-input":{"@type":"PropertyValueSpecification","valueRequired":true,"valueName":"search_term_string"}}],"inLanguage":"cs"},{"@type":"Organization","@id":"https:\/\/evertonfc.cz\/#organization","name":"Official Czech & Slovak Everton Supporters' Club","url":"https:\/\/evertonfc.cz\/","logo":{"@type":"ImageObject","inLanguage":"cs","@id":"https:\/\/evertonfc.cz\/#\/schema\/logo\/image\/","url":"https:\/\/evertonfc.cz\/wp-content\/uploads\/2019\/05\/logo.png","contentUrl":"https:\/\/evertonfc.cz\/wp-content\/uploads\/2019\/05\/logo.png","width":112,"height":112,"caption":"Official Czech & Slovak Everton Supporters' Club"},"image":{"@id":"https:\/\/evertonfc.cz\/#\/schema\/logo\/image\/"},"sameAs":["https:\/\/www.facebook.com\/everton.fans.cz.sk"]},{"@type":"Person","@id":"https:\/\/evertonfc.cz\/#\/schema\/person\/e9a24a80a32efa1344dd2c4e5882185c","name":"Karamela","url":"https:\/\/evertonfc.cz\/index.php\/author\/karamela\/"}]}},"_links":{"self":[{"href":"https:\/\/evertonfc.cz\/index.php\/wp-json\/wp\/v2\/posts\/21562"}],"collection":[{"href":"https:\/\/evertonfc.cz\/index.php\/wp-json\/wp\/v2\/posts"}],"about":[{"href":"https:\/\/evertonfc.cz\/index.php\/wp-json\/wp\/v2\/types\/post"}],"author":[{"embeddable":true,"href":"https:\/\/evertonfc.cz\/index.php\/wp-json\/wp\/v2\/users\/26"}],"replies":[{"embeddable":true,"href":"https:\/\/evertonfc.cz\/index.php\/wp-json\/wp\/v2\/comments?post=21562"}],"version-history":[{"count":7,"href":"https:\/\/evertonfc.cz\/index.php\/wp-json\/wp\/v2\/posts\/21562\/revisions"}],"predecessor-version":[{"id":21595,"href":"https:\/\/evertonfc.cz\/index.php\/wp-json\/wp\/v2\/posts\/21562\/revisions\/21595"}],"wp:featuredmedia":[{"embeddable":true,"href":"https:\/\/evertonfc.cz\/index.php\/wp-json\/wp\/v2\/media\/21590"}],"wp:attachment":[{"href":"https:\/\/evertonfc.cz\/index.php\/wp-json\/wp\/v2\/media?parent=21562"}],"wp:term":[{"taxonomy":"category","embeddable":true,"href":"https:\/\/evertonfc.cz\/index.php\/wp-json\/wp\/v2\/categories?post=21562"},{"taxonomy":"post_tag","embeddable":true,"href":"https:\/\/evertonfc.cz\/index.php\/wp-json\/wp\/v2\/tags?post=21562"}],"curies":[{"name":"wp","href":"https:\/\/api.w.org\/{rel}","templated":true}]}}