{"id":21565,"date":"2023-05-08T14:35:28","date_gmt":"2023-05-08T12:35:28","guid":{"rendered":"https:\/\/evertonfc.cz\/?p=21565"},"modified":"2023-05-08T14:36:28","modified_gmt":"2023-05-08T12:36:28","slug":"preview-brighton-hove-albion-everton-4","status":"publish","type":"post","link":"https:\/\/evertonfc.cz\/index.php\/2023\/05\/08\/preview-brighton-hove-albion-everton-4\/","title":{"rendered":"Preview: Brighton &#038; Hove Albion \u2013 Everton"},"content":{"rendered":"<h4>Naposledy sme s rovnak\u00fdm protivn\u00edkom zaknihovali v\u00fdprask 1:4, a to na dom\u00e1cej p\u00f4de, ke\u010f n\u00e1m po\u010das \u0161iestich min\u00fat u\u0161iel o tri g\u00f3ly. To sa dnes nem\u00f4\u017ee zopakova\u0165.<\/h4>\n<p>EFC bolo vtedy vo svojom\u00a0najlep\u0161om \u0161vungu pod Lampardom. V\u00fdhry v\u00a0nedoh\u013eadne a\u00a0len tri \u010fal\u0161ie z\u00e1pasy do kone\u010dn\u00e9ho rozsudku. Nedalo sa inak. Teraz je to mierne lep\u0161ie. D\u00e1 sa aj inak, len je to \u0165a\u017ek\u00e9. Okovy opr\u00e1vnen\u00fdch ob\u00e1v \u0165ahaj\u00fa hlavy dole, a\u00a0fan\u00fa\u0161ikovia toho maj\u00fa tie\u017e dos\u0165. Akoby to nesta\u010dilo, musia posledn\u00fd vo\u013en\u00fd de\u0148 cestova\u0165 takmer cez cel\u00fa krajinu a\u00a0sp\u00e4\u0165. No bud\u00fa, na to sa m\u00f4\u017eete spo\u013eahn\u00fa\u0165.<\/p>\n<p>Kto by si predsa nechal ujs\u0165 boj o\u00a0hol\u00e9 pre\u017eitie vlastn\u00e9ho t\u00edmu? Navy\u0161e, o\u00a0p\u00e1r min\u00fat sk\u00f4r a\u00a0po\u0165a\u017emo aj nesk\u00f4r hraj\u00fa priami rivali o\u00a0z\u00e1chranu. Fulham najprv priv\u00edta o\u00a0\u0161tvrtej Leicester, a\u00a0po n\u00e1s o deviatej host\u00ed Forest Southampton. K\u00fdm v\u00a0prvom stretnut\u00ed \u017eel\u00e1me v\u0161etko dobr\u00e9 Marcovi, v\u00a0tom druhom by sme si akosi neradno mali \u017eela\u0165 v\u00fdhru Sv\u00e4tcov, nako\u013eko n\u00e1s zatia\u013e nepredbehn\u00fa a\u00a0Forest t\u00fdm neodsko\u010d\u00ed.<\/p>\n<h4><strong>Pozit\u00edva po Leicesteri<\/strong><\/h4>\n<p>Ur\u010dite s\u00fa, neve\u0161ajme hlavy ani tu. \u0160tatistika hovor\u00ed, \u017ee Everton dokonca t\u00fato sez\u00f3nu prehral viac z\u00e1pasov doma ako u s\u00fapera. Tak\u017ee by sme vlastne mali by\u0165 radi, \u017ee po \u00fato\u010dne povzbudivom v\u00fdkone na King Power sa m\u00f4\u017eeme o to ist\u00e9 pok\u00fasi\u0165 na Amexe, kde by sa teraz u\u017e bez vlastn\u00fdch ch\u00fdb mohlo nie\u010do podari\u0165. Calvert-Lewin musel a mal dokonca\u00a0 necha\u0165 L\u00ed\u0161ky doma smutn\u00e9. Ale \u0161\u0165astiu treba \u00eds\u0165 oproti, nie bokom, zozadu, \u010di v\u00f4bec&#8230;<\/p>\n<p>N\u00e1ladu n\u00e1m tie\u017e dv\u00edha spr\u00e1va, \u017ee kapit\u00e1n Coleman nakoniec nebude musie\u0165 na oper\u00e1ciu s predn\u00fdm skr\u00ed\u017een\u00fdm v\u00e4zom. Z\u00e1krok na\u0148ho vyzeral na krimin\u00e1l, ale sken uk\u00e1zal, \u017ee zrejme to najpodstatnej\u0161ie vr\u00e1tane meniskov a chrupaviek ostalo cel\u00e9, a jedin\u00e9 s \u010d\u00edm bude ma\u0165 Seamus starosti, bude opuch a natiahnut\u00e9 postrann\u00e9 v\u00e4zivo. Aj tak ho to v\u0161ak vyrad\u00ed minim\u00e1lne do konca prebiehaj\u00facej ligovej sez\u00f3ny. Onana je u\u017e vylie\u010den\u00fd z ne\u0161pecifikovanej choroby, vyst\u00e1va preto ot\u00e1zka, \u010di si udr\u017e\u00ed Garner z\u00e1klad. No probl\u00e9my m\u00e1 ale Godfrey so slabinami. \u010ci\u017ee do duelu nezasiahne, rovnako ani dlhodobo vyraden\u00ed Townsend s Vinagrem.<\/p>\n<h4><strong>Dyche pred z\u00e1pasom:<\/strong><\/h4>\n<blockquote><p><span style=\"font-size: 12pt;\"><em>\u201eBolo dobr\u00e9 vidie\u0165, \u017ee niektor\u00e9 na\u0161e pokyny sa dostali k hr\u00e1\u010dom. Uis\u0165uje n\u00e1s to, \u017ee sme na spr\u00e1vnej ceste. S\u00edce nie v tabu\u013eke, ale v tom v\u00fdkone. Uk\u00e1zal ve\u013ea pr\u00e1ce, ktor\u00fa odv\u00e1dzame na tr\u00e9ningu. Nez\u00edskali sme odmenu troch bodov, ale aspo\u0148 dobr\u00fd pocit. A mysl\u00edm, \u017ee pr\u00e1vom. U s\u00fapera to nie je nikdy \u013eahk\u00e9. Myslel som si, \u017ee v ten ve\u010der tam bol len jeden t\u00edm, ktor\u00fd vyhr\u00e1. To bol m\u00f4j pocit a n\u00e1zor (na z\u00e1pas s Leicesterom). T\u00edm fungoval spr\u00e1vnym sp\u00f4sobom. Niekedy si treba d\u00e1va\u0165 pozor. Ka\u017ed\u00fd ver\u00ed, \u017ee pozn\u00e1 \u0161tatistiky o n\u00e1hradn\u00edkoch, ale nie je to tak, ako si mysl\u00edte. \u0160tatistiky o striedaniach nie s\u00fa to, \u010do si mysl\u00edte. Pozn\u00e1m ich, tak\u017ee viem, \u017ee mus\u00edte by\u0165 opatrn\u00ed.\u201c<\/em><\/span><\/p><\/blockquote>\n<h4><strong>Bad day in the office<\/strong><\/h4>\n<p>To je presne to, \u010do potrebuj\u00fa pr\u00e1ve dnes \u010cajky. Alebo ke\u010f u\u017e maj\u00fa ten bank-holiday, nech si ho patri\u010dne vyber\u00fa a\u00a0nedostavia sa na z\u00e1pas. Ur\u010dite by sme sa nehnevali. Kto by predsa racion\u00e1lne chcel vidie\u0165 ako op\u00e4tovne tvrdohlavo poskladan\u00e1 zostava s\u00a0Keanom na \u010dele (ne)\u010del\u00ed brightonskej obchodnej zna\u010dke hladk\u00fdch prihr\u00e1vok, m\u00e4t\u00faceho pohybu a prenikavosti v\u00a0\u00fatoku? Na to fakt na papieri nem\u00e1me.<\/p>\n<p>Mitoma, Mac Allister, \u010di Estupi\u00f1\u00e1n alebo March, t\u00ed v\u0161etci sa te\u0161ia na na\u0161e nepohybliv\u00e9 drev\u00e1 na sk\u00e1canie. Mo\u017eno im nebude ale m\u00f4c\u0165 pom\u00f4c\u0165 Gro\u00df s\u00a0mlad\u00fdm Fergusonom. Kto ur\u010dite z\u00a0t\u00e1bora dom\u00e1cich nezasiahne je Lallana, Veltman, Moder, Lamptey a\u00a0Sarmiento. Preto to mo\u017eno a\u017e tak\u00e9 ponur\u00e9 nemus\u00ed by\u0165.<\/p>\n<p>No motiv\u00e1cia im ch\u00fdba\u0165 nebude. Do stretnutia vst\u00fapia na siedmom mieste v tabu\u013eke, dva body za Tottenhamom na \u0161iestom mieste, a sedem za Liverpoolom na piatom. Maj\u00fa v\u0161ak st\u00e1le tri z\u00e1pasy aj s\u00a0t\u00fdmto k dobru. Matematicky teda maj\u00fa \u0161ancu z\u00edska\u0165 automatick\u00fd slot v Eur\u00f3pskej lige a De Zerbi bude apelova\u0165 na svojich hr\u00e1\u010dov, aby vyvinuli \u010do najv\u00e4\u010d\u0161\u00ed tlak na spom\u00ednan\u00e9 t\u00edmy nad nimi.<\/p>\n<h4><strong>\u0160tatistick\u00e9 okienko:<\/strong><\/h4>\n<ul>\n<li>Janu\u00e1rov\u00e9 v\u00ed\u0165azstvo Brightonu v Goodison Parku 4:1 znamen\u00e1, \u017ee \u010cajky z\u00e1pasia o to, aby skompletizovali svoje prv\u00e9 ligov\u00e9 double proti Evertonu.<\/li>\n<li>Toffees v minulej sez\u00f3ne vyhrali 2:0 na Amexe, ale nikdy doteraz nez\u00edskali po sebe id\u00face ligov\u00e9 v\u00ed\u0165azstv\u00e1 proti The Seagulls.<\/li>\n<li>Klub zo Sussexu sk\u00f3roval iba osemkr\u00e1t v prv\u00fdch deviatich z\u00e1pasoch Premier League proti EFC, ale v nasleduj\u00facich dvoch stretnutiach vsietil u\u017e sedem g\u00f3lov.<\/li>\n<li>\u010cajky si v sez\u00f3ne 2022\/23 udr\u017eali doma dev\u00e4\u0165 \u010dist\u00fdch kont v Premier League &#8211; iba Manchester United m\u00e1 lep\u0161iu bilanciu (10 pred posledn\u00fdm kolom z\u00e1pasov).<\/li>\n<li>Od v\u00ed\u0165azstva nad Brentfordom z\u00edskali Karamelky len \u0161tyri body z 21 mo\u017en\u00fdch (D4, L3).<\/li>\n<li>Everton nedok\u00e1zal vyhra\u0165 predch\u00e1dzaj\u00facich 13 ligov\u00fdch z\u00e1pasov vonku, hoci 4 z posledn\u00fdch 5 skon\u010dili rem\u00edzou. Tak\u00fd Brighton vyhral 8 z posledn\u00fdch 10 dom\u00e1cich z\u00e1pasov vo v\u0161etk\u00fdch s\u00fa\u0165a\u017eiach a udr\u017eal si pritom a\u017e 7 \u010dist\u00fdch kont.<\/li>\n<\/ul>\n<h3 style=\"text-align: center;\"><span style=\"color: #3366ff;\"><em><strong>Up The Toffees !!!<\/strong><\/em><\/span><\/h3>\n<p><strong>\u010co:<\/strong> Brighton &amp; Hove Albion FC \u2013 Everton FC, 35. kolo Premier League<br \/>\n<strong>Kedy:<\/strong> 8.5. 2023 od 18:30 SE\u010c<br \/>\n<strong>Ako: <\/strong>z\u00e1pasov\u00fd stream na CANAL+Sport 2 (komentuje Marek Sk\u00e1\u010dik)<br \/>\n<strong>Kde:<\/strong> Amex Stadium \u2013 Village Way, Brighton BN1 9BL (kapacita: 31 800)<br \/>\n<strong>Rozhodca:<\/strong> Simon Hooper \u00a0<strong>Asistenti:<\/strong> A. Holmes, M. Scholes \u00a0<strong>\u0160tvrt\u00fd rozhodca:<\/strong> G. Scott<br \/>\n<strong>VAR: <\/strong>Darren England \u00a0<strong>Asistent VAR: <\/strong>Matthew Wilkes<\/p>\n","protected":false},"excerpt":{"rendered":"<p>Naposledy sme s rovnak\u00fdm protivn\u00edkom zaknihovali v\u00fdprask 1:4, a to na dom\u00e1cej p\u00f4de, ke\u010f n\u00e1m po\u010das \u0161iestich min\u00fat u\u0161iel o tri g\u00f3ly. To sa dnes nem\u00f4\u017ee zopakova\u0165.<\/p>\n","protected":false},"author":1,"featured_media":14932,"comment_status":"open","ping_status":"closed","sticky":false,"template":"","format":"standard","meta":{"_eb_attr":"","_monsterinsights_skip_tracking":false,"_monsterinsights_sitenote_active":false,"_monsterinsights_sitenote_note":"","_monsterinsights_sitenote_category":0,"footnotes":""},"categories":[4],"tags":[],"yoast_head":"<!-- This site is optimized with the Yoast SEO plugin v23.4 - https:\/\/yoast.com\/wordpress\/plugins\/seo\/ -->\n<title>Preview: Brighton &amp; Hove Albion \u2013 Everton - Official Czech &amp; Slovak Everton Supporters&#039; Club<\/title>\n<meta name=\"robots\" content=\"index, follow, max-snippet:-1, max-image-preview:large, max-video-preview:-1\" \/>\n<link rel=\"canonical\" href=\"https:\/\/evertonfc.cz\/index.php\/2023\/05\/08\/preview-brighton-hove-albion-everton-4\/\" \/>\n<meta property=\"og:locale\" content=\"cs_CZ\" \/>\n<meta property=\"og:type\" content=\"article\" \/>\n<meta property=\"og:title\" content=\"Preview: Brighton &amp; Hove Albion \u2013 Everton - Official Czech &amp; Slovak Everton Supporters&#039; Club\" \/>\n<meta property=\"og:description\" content=\"Naposledy sme s rovnak\u00fdm protivn\u00edkom zaknihovali v\u00fdprask 1:4, a to na dom\u00e1cej p\u00f4de, ke\u010f n\u00e1m po\u010das \u0161iestich min\u00fat u\u0161iel o tri g\u00f3ly. To sa dnes nem\u00f4\u017ee zopakova\u0165.\" \/>\n<meta property=\"og:url\" content=\"https:\/\/evertonfc.cz\/index.php\/2023\/05\/08\/preview-brighton-hove-albion-everton-4\/\" \/>\n<meta property=\"og:site_name\" content=\"Official Czech &amp; Slovak Everton Supporters&#039; Club\" \/>\n<meta property=\"article:publisher\" content=\"https:\/\/www.facebook.com\/everton.fans.cz.sk\" \/>\n<meta property=\"article:published_time\" content=\"2023-05-08T12:35:28+00:00\" \/>\n<meta property=\"article:modified_time\" content=\"2023-05-08T12:36:28+00:00\" \/>\n<meta property=\"og:image\" content=\"https:\/\/evertonfc.cz\/wp-content\/uploads\/2021\/04\/Brighton-and-Hove-Albion-VS-Everton.jpg\" \/>\n\t<meta property=\"og:image:width\" content=\"720\" \/>\n\t<meta property=\"og:image:height\" content=\"405\" \/>\n\t<meta property=\"og:image:type\" content=\"image\/jpeg\" \/>\n<meta name=\"author\" content=\"BlueBlooded\" \/>\n<meta name=\"twitter:card\" content=\"summary_large_image\" \/>\n<meta name=\"twitter:label1\" content=\"Napsal(a)\" \/>\n\t<meta name=\"twitter:data1\" content=\"BlueBlooded\" \/>\n\t<meta name=\"twitter:label2\" content=\"Odhadovan\u00e1 doba \u010dten\u00ed\" \/>\n\t<meta name=\"twitter:data2\" content=\"5 minut\" \/>\n<script type=\"application\/ld+json\" class=\"yoast-schema-graph\">{\"@context\":\"https:\/\/schema.org\",\"@graph\":[{\"@type\":\"Article\",\"@id\":\"https:\/\/evertonfc.cz\/index.php\/2023\/05\/08\/preview-brighton-hove-albion-everton-4\/#article\",\"isPartOf\":{\"@id\":\"https:\/\/evertonfc.cz\/index.php\/2023\/05\/08\/preview-brighton-hove-albion-everton-4\/\"},\"author\":{\"name\":\"BlueBlooded\",\"@id\":\"https:\/\/evertonfc.cz\/#\/schema\/person\/d4493b8cbea51532597fbc4685698916\"},\"headline\":\"Preview: Brighton &#038; Hove Albion \u2013 Everton\",\"datePublished\":\"2023-05-08T12:35:28+00:00\",\"dateModified\":\"2023-05-08T12:36:28+00:00\",\"mainEntityOfPage\":{\"@id\":\"https:\/\/evertonfc.cz\/index.php\/2023\/05\/08\/preview-brighton-hove-albion-everton-4\/\"},\"wordCount\":1033,\"commentCount\":17,\"publisher\":{\"@id\":\"https:\/\/evertonfc.cz\/#organization\"},\"image\":{\"@id\":\"https:\/\/evertonfc.cz\/index.php\/2023\/05\/08\/preview-brighton-hove-albion-everton-4\/#primaryimage\"},\"thumbnailUrl\":\"https:\/\/evertonfc.cz\/wp-content\/uploads\/2021\/04\/Brighton-and-Hove-Albion-VS-Everton.jpg\",\"articleSection\":[\"Z\u00e1pasy\"],\"inLanguage\":\"cs\",\"potentialAction\":[{\"@type\":\"CommentAction\",\"name\":\"Comment\",\"target\":[\"https:\/\/evertonfc.cz\/index.php\/2023\/05\/08\/preview-brighton-hove-albion-everton-4\/#respond\"]}]},{\"@type\":\"WebPage\",\"@id\":\"https:\/\/evertonfc.cz\/index.php\/2023\/05\/08\/preview-brighton-hove-albion-everton-4\/\",\"url\":\"https:\/\/evertonfc.cz\/index.php\/2023\/05\/08\/preview-brighton-hove-albion-everton-4\/\",\"name\":\"Preview: Brighton & Hove Albion \u2013 Everton - Official Czech &amp; Slovak Everton Supporters&#039; Club\",\"isPartOf\":{\"@id\":\"https:\/\/evertonfc.cz\/#website\"},\"primaryImageOfPage\":{\"@id\":\"https:\/\/evertonfc.cz\/index.php\/2023\/05\/08\/preview-brighton-hove-albion-everton-4\/#primaryimage\"},\"image\":{\"@id\":\"https:\/\/evertonfc.cz\/index.php\/2023\/05\/08\/preview-brighton-hove-albion-everton-4\/#primaryimage\"},\"thumbnailUrl\":\"https:\/\/evertonfc.cz\/wp-content\/uploads\/2021\/04\/Brighton-and-Hove-Albion-VS-Everton.jpg\",\"datePublished\":\"2023-05-08T12:35:28+00:00\",\"dateModified\":\"2023-05-08T12:36:28+00:00\",\"breadcrumb\":{\"@id\":\"https:\/\/evertonfc.cz\/index.php\/2023\/05\/08\/preview-brighton-hove-albion-everton-4\/#breadcrumb\"},\"inLanguage\":\"cs\",\"potentialAction\":[{\"@type\":\"ReadAction\",\"target\":[\"https:\/\/evertonfc.cz\/index.php\/2023\/05\/08\/preview-brighton-hove-albion-everton-4\/\"]}]},{\"@type\":\"ImageObject\",\"inLanguage\":\"cs\",\"@id\":\"https:\/\/evertonfc.cz\/index.php\/2023\/05\/08\/preview-brighton-hove-albion-everton-4\/#primaryimage\",\"url\":\"https:\/\/evertonfc.cz\/wp-content\/uploads\/2021\/04\/Brighton-and-Hove-Albion-VS-Everton.jpg\",\"contentUrl\":\"https:\/\/evertonfc.cz\/wp-content\/uploads\/2021\/04\/Brighton-and-Hove-Albion-VS-Everton.jpg\",\"width\":720,\"height\":405},{\"@type\":\"BreadcrumbList\",\"@id\":\"https:\/\/evertonfc.cz\/index.php\/2023\/05\/08\/preview-brighton-hove-albion-everton-4\/#breadcrumb\",\"itemListElement\":[{\"@type\":\"ListItem\",\"position\":1,\"name\":\"Home\",\"item\":\"https:\/\/evertonfc.cz\/\"},{\"@type\":\"ListItem\",\"position\":2,\"name\":\"Preview: Brighton &#038; Hove Albion \u2013 Everton\"}]},{\"@type\":\"WebSite\",\"@id\":\"https:\/\/evertonfc.cz\/#website\",\"url\":\"https:\/\/evertonfc.cz\/\",\"name\":\"Official Czech &amp; Slovak Everton Supporters&#039; Club\",\"description\":\"\",\"publisher\":{\"@id\":\"https:\/\/evertonfc.cz\/#organization\"},\"potentialAction\":[{\"@type\":\"SearchAction\",\"target\":{\"@type\":\"EntryPoint\",\"urlTemplate\":\"https:\/\/evertonfc.cz\/?s={search_term_string}\"},\"query-input\":{\"@type\":\"PropertyValueSpecification\",\"valueRequired\":true,\"valueName\":\"search_term_string\"}}],\"inLanguage\":\"cs\"},{\"@type\":\"Organization\",\"@id\":\"https:\/\/evertonfc.cz\/#organization\",\"name\":\"Official Czech & Slovak Everton Supporters' Club\",\"url\":\"https:\/\/evertonfc.cz\/\",\"logo\":{\"@type\":\"ImageObject\",\"inLanguage\":\"cs\",\"@id\":\"https:\/\/evertonfc.cz\/#\/schema\/logo\/image\/\",\"url\":\"https:\/\/evertonfc.cz\/wp-content\/uploads\/2019\/05\/logo.png\",\"contentUrl\":\"https:\/\/evertonfc.cz\/wp-content\/uploads\/2019\/05\/logo.png\",\"width\":112,\"height\":112,\"caption\":\"Official Czech & Slovak Everton Supporters' Club\"},\"image\":{\"@id\":\"https:\/\/evertonfc.cz\/#\/schema\/logo\/image\/\"},\"sameAs\":[\"https:\/\/www.facebook.com\/everton.fans.cz.sk\"]},{\"@type\":\"Person\",\"@id\":\"https:\/\/evertonfc.cz\/#\/schema\/person\/d4493b8cbea51532597fbc4685698916\",\"name\":\"BlueBlooded\",\"url\":\"https:\/\/evertonfc.cz\/index.php\/author\/admin\/\"}]}<\/script>\n<!-- \/ Yoast SEO plugin. -->","yoast_head_json":{"title":"Preview: Brighton & Hove Albion \u2013 Everton - Official Czech &amp; Slovak Everton Supporters&#039; Club","robots":{"index":"index","follow":"follow","max-snippet":"max-snippet:-1","max-image-preview":"max-image-preview:large","max-video-preview":"max-video-preview:-1"},"canonical":"https:\/\/evertonfc.cz\/index.php\/2023\/05\/08\/preview-brighton-hove-albion-everton-4\/","og_locale":"cs_CZ","og_type":"article","og_title":"Preview: Brighton & Hove Albion \u2013 Everton - Official Czech &amp; Slovak Everton Supporters&#039; Club","og_description":"Naposledy sme s rovnak\u00fdm protivn\u00edkom zaknihovali v\u00fdprask 1:4, a to na dom\u00e1cej p\u00f4de, ke\u010f n\u00e1m po\u010das \u0161iestich min\u00fat u\u0161iel o tri g\u00f3ly. To sa dnes nem\u00f4\u017ee zopakova\u0165.","og_url":"https:\/\/evertonfc.cz\/index.php\/2023\/05\/08\/preview-brighton-hove-albion-everton-4\/","og_site_name":"Official Czech &amp; Slovak Everton Supporters&#039; Club","article_publisher":"https:\/\/www.facebook.com\/everton.fans.cz.sk","article_published_time":"2023-05-08T12:35:28+00:00","article_modified_time":"2023-05-08T12:36:28+00:00","og_image":[{"width":720,"height":405,"url":"https:\/\/evertonfc.cz\/wp-content\/uploads\/2021\/04\/Brighton-and-Hove-Albion-VS-Everton.jpg","type":"image\/jpeg"}],"author":"BlueBlooded","twitter_card":"summary_large_image","twitter_misc":{"Napsal(a)":"BlueBlooded","Odhadovan\u00e1 doba \u010dten\u00ed":"5 minut"},"schema":{"@context":"https:\/\/schema.org","@graph":[{"@type":"Article","@id":"https:\/\/evertonfc.cz\/index.php\/2023\/05\/08\/preview-brighton-hove-albion-everton-4\/#article","isPartOf":{"@id":"https:\/\/evertonfc.cz\/index.php\/2023\/05\/08\/preview-brighton-hove-albion-everton-4\/"},"author":{"name":"BlueBlooded","@id":"https:\/\/evertonfc.cz\/#\/schema\/person\/d4493b8cbea51532597fbc4685698916"},"headline":"Preview: Brighton &#038; Hove Albion \u2013 Everton","datePublished":"2023-05-08T12:35:28+00:00","dateModified":"2023-05-08T12:36:28+00:00","mainEntityOfPage":{"@id":"https:\/\/evertonfc.cz\/index.php\/2023\/05\/08\/preview-brighton-hove-albion-everton-4\/"},"wordCount":1033,"commentCount":17,"publisher":{"@id":"https:\/\/evertonfc.cz\/#organization"},"image":{"@id":"https:\/\/evertonfc.cz\/index.php\/2023\/05\/08\/preview-brighton-hove-albion-everton-4\/#primaryimage"},"thumbnailUrl":"https:\/\/evertonfc.cz\/wp-content\/uploads\/2021\/04\/Brighton-and-Hove-Albion-VS-Everton.jpg","articleSection":["Z\u00e1pasy"],"inLanguage":"cs","potentialAction":[{"@type":"CommentAction","name":"Comment","target":["https:\/\/evertonfc.cz\/index.php\/2023\/05\/08\/preview-brighton-hove-albion-everton-4\/#respond"]}]},{"@type":"WebPage","@id":"https:\/\/evertonfc.cz\/index.php\/2023\/05\/08\/preview-brighton-hove-albion-everton-4\/","url":"https:\/\/evertonfc.cz\/index.php\/2023\/05\/08\/preview-brighton-hove-albion-everton-4\/","name":"Preview: Brighton & Hove Albion \u2013 Everton - Official Czech &amp; Slovak Everton Supporters&#039; Club","isPartOf":{"@id":"https:\/\/evertonfc.cz\/#website"},"primaryImageOfPage":{"@id":"https:\/\/evertonfc.cz\/index.php\/2023\/05\/08\/preview-brighton-hove-albion-everton-4\/#primaryimage"},"image":{"@id":"https:\/\/evertonfc.cz\/index.php\/2023\/05\/08\/preview-brighton-hove-albion-everton-4\/#primaryimage"},"thumbnailUrl":"https:\/\/evertonfc.cz\/wp-content\/uploads\/2021\/04\/Brighton-and-Hove-Albion-VS-Everton.jpg","datePublished":"2023-05-08T12:35:28+00:00","dateModified":"2023-05-08T12:36:28+00:00","breadcrumb":{"@id":"https:\/\/evertonfc.cz\/index.php\/2023\/05\/08\/preview-brighton-hove-albion-everton-4\/#breadcrumb"},"inLanguage":"cs","potentialAction":[{"@type":"ReadAction","target":["https:\/\/evertonfc.cz\/index.php\/2023\/05\/08\/preview-brighton-hove-albion-everton-4\/"]}]},{"@type":"ImageObject","inLanguage":"cs","@id":"https:\/\/evertonfc.cz\/index.php\/2023\/05\/08\/preview-brighton-hove-albion-everton-4\/#primaryimage","url":"https:\/\/evertonfc.cz\/wp-content\/uploads\/2021\/04\/Brighton-and-Hove-Albion-VS-Everton.jpg","contentUrl":"https:\/\/evertonfc.cz\/wp-content\/uploads\/2021\/04\/Brighton-and-Hove-Albion-VS-Everton.jpg","width":720,"height":405},{"@type":"BreadcrumbList","@id":"https:\/\/evertonfc.cz\/index.php\/2023\/05\/08\/preview-brighton-hove-albion-everton-4\/#breadcrumb","itemListElement":[{"@type":"ListItem","position":1,"name":"Home","item":"https:\/\/evertonfc.cz\/"},{"@type":"ListItem","position":2,"name":"Preview: Brighton &#038; Hove Albion \u2013 Everton"}]},{"@type":"WebSite","@id":"https:\/\/evertonfc.cz\/#website","url":"https:\/\/evertonfc.cz\/","name":"Official Czech &amp; Slovak Everton Supporters&#039; Club","description":"","publisher":{"@id":"https:\/\/evertonfc.cz\/#organization"},"potentialAction":[{"@type":"SearchAction","target":{"@type":"EntryPoint","urlTemplate":"https:\/\/evertonfc.cz\/?s={search_term_string}"},"query-input":{"@type":"PropertyValueSpecification","valueRequired":true,"valueName":"search_term_string"}}],"inLanguage":"cs"},{"@type":"Organization","@id":"https:\/\/evertonfc.cz\/#organization","name":"Official Czech & Slovak Everton Supporters' Club","url":"https:\/\/evertonfc.cz\/","logo":{"@type":"ImageObject","inLanguage":"cs","@id":"https:\/\/evertonfc.cz\/#\/schema\/logo\/image\/","url":"https:\/\/evertonfc.cz\/wp-content\/uploads\/2019\/05\/logo.png","contentUrl":"https:\/\/evertonfc.cz\/wp-content\/uploads\/2019\/05\/logo.png","width":112,"height":112,"caption":"Official Czech & Slovak Everton Supporters' Club"},"image":{"@id":"https:\/\/evertonfc.cz\/#\/schema\/logo\/image\/"},"sameAs":["https:\/\/www.facebook.com\/everton.fans.cz.sk"]},{"@type":"Person","@id":"https:\/\/evertonfc.cz\/#\/schema\/person\/d4493b8cbea51532597fbc4685698916","name":"BlueBlooded","url":"https:\/\/evertonfc.cz\/index.php\/author\/admin\/"}]}},"_links":{"self":[{"href":"https:\/\/evertonfc.cz\/index.php\/wp-json\/wp\/v2\/posts\/21565"}],"collection":[{"href":"https:\/\/evertonfc.cz\/index.php\/wp-json\/wp\/v2\/posts"}],"about":[{"href":"https:\/\/evertonfc.cz\/index.php\/wp-json\/wp\/v2\/types\/post"}],"author":[{"embeddable":true,"href":"https:\/\/evertonfc.cz\/index.php\/wp-json\/wp\/v2\/users\/1"}],"replies":[{"embeddable":true,"href":"https:\/\/evertonfc.cz\/index.php\/wp-json\/wp\/v2\/comments?post=21565"}],"version-history":[{"count":10,"href":"https:\/\/evertonfc.cz\/index.php\/wp-json\/wp\/v2\/posts\/21565\/revisions"}],"predecessor-version":[{"id":21575,"href":"https:\/\/evertonfc.cz\/index.php\/wp-json\/wp\/v2\/posts\/21565\/revisions\/21575"}],"wp:featuredmedia":[{"embeddable":true,"href":"https:\/\/evertonfc.cz\/index.php\/wp-json\/wp\/v2\/media\/14932"}],"wp:attachment":[{"href":"https:\/\/evertonfc.cz\/index.php\/wp-json\/wp\/v2\/media?parent=21565"}],"wp:term":[{"taxonomy":"category","embeddable":true,"href":"https:\/\/evertonfc.cz\/index.php\/wp-json\/wp\/v2\/categories?post=21565"},{"taxonomy":"post_tag","embeddable":true,"href":"https:\/\/evertonfc.cz\/index.php\/wp-json\/wp\/v2\/tags?post=21565"}],"curies":[{"name":"wp","href":"https:\/\/api.w.org\/{rel}","templated":true}]}}