{"id":21580,"date":"2023-05-09T15:15:35","date_gmt":"2023-05-09T13:15:35","guid":{"rendered":"https:\/\/evertonfc.cz\/?p=21580"},"modified":"2023-05-09T15:15:35","modified_gmt":"2023-05-09T13:15:35","slug":"brighton-hove-albion-everton-15","status":"publish","type":"post","link":"https:\/\/evertonfc.cz\/index.php\/2023\/05\/09\/brighton-hove-albion-everton-15\/","title":{"rendered":"Brighton &#038; Hove Albion \u2013 Everton 1:5"},"content":{"rendered":"<h4>Niekto lov\u00ed ka\u010dice, niekto \u010cajky smejiv\u00e9. No operencom na ju\u017enom pobre\u017e\u00ed britsk\u00fdch ostrovov do smiechu veru nebolo. Nal\u00e1kan\u00e9 na slan\u00fd karamel, neboli schopn\u00e9 odporu.<\/h4>\n<p>Vzh\u013eadom na to, \u017ee Medzin\u00e1rodn\u00e1 \u00fania na ochranu pr\u00edrody a pr\u00edrodn\u00fdch zdrojov pova\u017euje toto drz\u00e9 vt\u00e1ctvo za najmenej ohrozen\u00e9 druhy, Everton nebral oh\u013eady na po\u010dty a rovno p\u00e1lil ostr\u00fdmi kamko\u013evek zamieril. A o tom, \u017ee to boli \u013eahk\u00e9 ter\u010de, sved\u010d\u00ed efektivita stre\u013eby. Nebolo \u00faniku ani odletu, zoxidovan\u00e9 cukry sa lepili na v\u0161etko, \u010do vyd\u00e1valo z\u00fafal\u00e9 &#8222;kri\u00e4\u00e4&#8220; alebo zbyto\u010dne varovn\u00e9 &#8222;ke-ke-ke&#8220;. A ak by po sez\u00f3ne nastal popula\u010dn\u00fd pokles, alebo aj koniec migra\u010dn\u00fdch n\u00e1deji do kontinent\u00e1lnej Eur\u00f3py, nikto by sa nemohol \u010dudova\u0165. Jedno je ist\u00e9, ich hniezdenie v tabu\u013eke tak skoro a vysoko neprebehne&#8230;<\/p>\n<h4><strong>V\u00fdhovorky u\u017e pred z\u00e1pasom<\/strong><\/h4>\n<p>Koniec vt\u00e1kovin. Po\u010fme na futbal. De Zerbi vo svojich pozn\u00e1mkach v z\u00e1pasovom programe nar\u00e1\u017eal na to, \u017ee \u00fanava bude \u201enevyhnutn\u00e1\u201c po\u010das hektick\u00e9ho nahromadenia z\u00e1pasov jeho t\u00edmu. Pre Brighton to bol tret\u00ed dom\u00e1ci z\u00e1pas po sebe, ke\u010f na konci minul\u00e9ho mesiaca rozobrali Wolves 6:0, a v 99. min\u00fate vyhrali nad Manchestrom United jedin\u00fdm g\u00f3lom stretnutia. No v\u010dera inkasovali u\u017e do 33 sek\u00fand po \u00favodnom hvizde. A to od t\u00edmu, ktor\u00fd vyhral iba raz v predch\u00e1dzaj\u00facich jeden\u00e1stich ligov\u00fdch stretnutiach.<\/p>\n<p>Dunka s \u013eahkos\u0165ou obtancoval Calvert-Lewin aby pon\u00fakol Doucour\u00e9mu zakon\u010denie z bl\u00edzka, ktor\u00e9 prekonalo Steela v br\u00e1ne. <strong>0:1<\/strong>. EFC strelilo vonku v lige iba 12 \u00a0g\u00f3lov, ale Doucour\u00e9 dok\u00e1zal zdvojn\u00e1sobi\u0165 svoj z\u00e1rez na pa\u017ebe. V 29. min\u00fate zakon\u010dil skvel\u00fd proti\u00fatok. Calvert-Lewin bol do akcie op\u00e4\u0165 zapojen\u00fd, ke\u010f kombinoval s McNeilom po \u013eavom kraji. Hlbok\u00fd center poslal Doucour\u00e9 z voleja tesne dnu na <strong>0:2<\/strong>.<\/p>\n<p>O \u0161es\u0165 min\u00fat nesk\u00f4r u\u017e bolo <strong>0:3<\/strong> po vlastnom g\u00f3le. Jason Steele si zle vyr\u00e1tal sp\u00e4tn\u00fa prihr\u00e1vku od b\u00fdval\u00e9ho kr\u00eddeln\u00edka Burnley, ke\u010f sa lopta odrazila od zadnej \u010dasti jeho nohy do vlastnej siete. To sa p\u00edsala 35. min\u00fata a Jordan Pickford st\u00e1le nebol otestovan\u00fd napriek prevahe dr\u017eania lopty Brightonu. Karamelky v\u0161ak mohli e\u0161te zv\u00fd\u0161i\u0165 svoje vedenie do pol\u010dase, ke\u010f strelu Jamesa Garnera brav\u00farne zblokoval Dunk.<\/p>\n<h4><strong>Prievan v\u00a0hniezde a\u00a0\u010derstv\u00e9 perie<\/strong><\/h4>\n<p>Tr\u00e9ner Brightonu Roberto De Zerbi urobil po\u010das prest\u00e1vky \u0161tvorn\u00e1sobn\u00fa zmenu, ke\u010f boli povolan\u00ed Colwill, March, Enciso a Ferguson, a dom\u00e1ci na to zareagovali, ke\u010f dvakr\u00e1t zasiahli brvno. Ferguson vtedy vystrelil priamo na Pickforda, ten to v\u0161ak vyrazil cez horn\u00fa kon\u0161trukciu. Z n\u00e1sledn\u00e9ho rohu Mac Allister mieril podobne nepresne. Yerry Mina vo svojom prvom vyst\u00fapen\u00ed pod Dychom a prvom \u0161tarte od janu\u00e1ra tie\u017e hrdinsky zblokoval Marchovu zakr\u00faten\u00fa strelu. Ferguson, aj ke\u010f postrann\u00fdm rozhodcom s\u00faden\u00fd z ofsajdovej poz\u00edcie, prin\u00fatil anglick\u00fa jednotku k vynikaj\u00facemu z\u00e1kroku jednou rukou na ty\u010di. No i\u0161lo by to aj tak na pos\u00fadenie VARom.<\/p>\n<p>Hostia v\u0161ak boli ne\u013e\u00fatostn\u00ed. V proti\u00fatoku po ne\u00faspe\u0161nom pokuse o prihr\u00e1vku od Marcha na\u0161iel Iwobi n\u00e1beh McNeila, ktor\u00fd si posadil brank\u00e1ra na zem, a oslavoval aj pred\u010dasne po do\u0165uknut\u00ed g\u00f3lu z \u010diary. <strong>0:4. <\/strong>Brighton okam\u017eite odpovedal prostredn\u00edctvom Mac Allistera, ke\u010f sa po centri po\u010diato\u010dn\u00e1 snaha Mitomu odrazila od ty\u010de rovno do le\u017eiaceho Argent\u00ed\u010dana, ktor\u00fd sn\u00e1\u010f ani nevedel, \u017ee sa o\u00a0g\u00f3l zasl\u00fa\u017eil ramenom na <strong>1:4.<\/strong> Posledn\u00e9 slovo mal ale McNeil, ktor\u00e9ho vysunul Onana, a dokon\u010dil tak ohromuj\u00faci v\u00fdkon <strong>1:5<\/strong> na ihrisku s\u00fapera.<\/p>\n<h4><strong>Sean Dyche po z\u00e1pase:<\/strong><\/h4>\n<blockquote><p><span style=\"font-size: 12pt;\"><em>\u201eKe\u010f sprav\u00edte spr\u00e1vnu taktiku, v\u0161etci v\u00e1s chv\u00e1lia. Ke\u010f sa pom\u00fdlite, st\u00e1le to m\u00f4\u017ee by\u0165 spr\u00e1vna taktika, ale hr\u00e1\u010di nepodali v\u00fdkon. Dnes ve\u010der ho podali, vzali to na seba. Urobili sme s nimi nejak\u00fa pr\u00e1cu, boli tomu ve\u013emi otvoren\u00ed a i\u0161li to odovzda\u0165. To je naozaj pote\u0161uj\u00face, preto\u017ee to je cel\u00fd zmysel kou\u010dovania a mana\u017eovania. Hr\u00e1\u010di si zasl\u00fa\u017eia ve\u013ek\u00e9 uznanie, preto\u017ee sa toho zhostili s istotou. \u013dudia si bud\u00fa myslie\u0165, \u017ee v tomto t\u00edme je \u017eivot. Nikdy sme to nestratili zo zrete\u013ea. Pracovn\u00e1 mor\u00e1lka, oddanos\u0165 veci, prepojenie t\u00edmu s\u00fa naozaj d\u00f4le\u017eit\u00e9, preto\u017ee som v\u017edy c\u00edtil, \u017ee tu existuje kvalita. Ale hovori\u0165 o tom nevyhr\u00e1 z\u00e1pas. Boli sme frustrovan\u00ed, \u017ee sme nevyhrali v\u00a0Leicesteru. Ale dostali sme odmenu za to, \u017ee sme si dnes ve\u010der zachovali spr\u00e1vnu mentalitu proti t\u00edmu, ktor\u00fd bol za svoje v\u00fdkony v tejto sez\u00f3ne pr\u00e1vom ocenen\u00fd. Povedal som chlapcom, \u017ee toto je len krok. Povedal som to po Arsenale. dal som to jasne najavo. Urobili sme \u010fal\u0161\u00ed krok, ale mus\u00edme urobi\u0165 e\u0161te tri ve\u013ek\u00e9 kroky.\u201c<\/em><\/span><\/p><\/blockquote>\n<h4><strong>\u0160tatistick\u00e9 okienko:<\/strong><\/h4>\n<ul>\n<li>V\u00fdhra Evertonu 5:1 nad Brightonom bola po prv\u00fdkr\u00e1t, \u010do dvaja hr\u00e1\u010di EFC strelili aspo\u0148 2 g\u00f3ly v z\u00e1pase vonku (Abdoulaye Doucoure a Dwight McNeil) od z\u00e1pasu proti Lutonu v m\u00e1ji 1983 (Sharp a Sheedy).<\/li>\n<li>Everton viedol vonku po pol\u010dase o 3 g\u00f3ly po prv\u00fd raz od febru\u00e1ra 2016 proti Stoke.<\/li>\n<li>Najv\u00e4\u010d\u0161ie v\u00ed\u0165azstv\u00e1 Evertonu na ihrisk\u00e1ch s\u00faperov v Premier League okrem tejto s\u00fa 5:1 proti Burnley (december 2018) a 4:0 proti West Hamu (febru\u00e1r 2000).<\/li>\n<li>Abdoulaye Doucour\u00e9s strelil proti Brightonu len svoje druh\u00e9 double v senior kari\u00e9re (po z\u00e1pase proti Dunkerque za Rennes v Coupe de France v janu\u00e1ri 2015).<\/li>\n<\/ul>\n<h3 style=\"text-align: center;\"><span style=\"color: #3366ff;\"><em><strong>Come on you Blues !!!<\/strong><\/em><\/span><\/h3>\n<p style=\"text-align: right;\"><span style=\"font-size: 8pt;\">(fotozdroj: premierleague.com)<\/span><\/p>\n<p><strong>Zostrihy:<\/strong> <a href=\"https:\/\/hoofoot.com\/?match=Brighton_v_Everton_2023_05_08\" target=\"_blank\" rel=\"noopener\">hoofoot.com<\/a>\u00a0 <strong>Mu\u017e z\u00e1pasu redakcie:<\/strong> Dwight McNeil<\/p>\n<p><strong>G\u00f3ly:<\/strong> 1\u00b4 Doucour\u00e9 (Calvert-Lewin), 29\u00b4 Doucour\u00e9 (McNeil), 35\u00b4 Steele (vlastn\u00fd), 76\u00b4 McNeil (Iwobi), 79\u00b4 Mac Allister, 90+6\u00b4 McNeil (Onana)<\/p>\n<p><strong>\u017dlt\u00e9 karty:<\/strong> 18\u00b4 Mina, 21\u00b4 Dunk, 25\u00b4 Gueye, 45+3\u00b4 Calvert-Lewin, 56\u00b4 Doucour\u00e9, 77\u00b4 Onana<\/p>\n<p><strong>Brighton &amp; Hove Albion FC:<\/strong> Steele \u2013 Caicedo, Webster (46\u00b4 Colwill), Dunk, Tarkowski, Estupi\u00f1\u00e1n \u2013 Buonanotte (46\u00b4 March, 78\u00b4 Gilmour), Gro\u00df, Mac Allister, Mitoma \u2013 Undav (46\u00b4 Enciso), Welbeck (46\u00b4 Ferguson)<\/p>\n<p><strong>Everton FC:<\/strong> Pickford \u2013 Patterson, Mina, Tarkowski, Mykolenko \u2013 Iwobi, Doucour\u00e9, Gueye (87\u00b4 Onana), Garner, McNeil \u2013 Calvert-Lewin (87\u00b4 Maupay)<\/p>\n<p><strong>Rozhodca:<\/strong> Simon Hooper\u00a0 <strong>Div\u00e1ci:<\/strong> 31 567<\/p>\n","protected":false},"excerpt":{"rendered":"<p>Niekto lov\u00ed ka\u010dice, niekto \u010cajky smejiv\u00e9. No operencom na ju\u017enom pobre\u017e\u00ed britsk\u00fdch ostrovov do smiechu veru nebolo. Nal\u00e1kan\u00e9 na slan\u00fd karamel, neboli schopn\u00e9 odporu.<\/p>\n","protected":false},"author":1,"featured_media":21581,"comment_status":"open","ping_status":"closed","sticky":false,"template":"","format":"standard","meta":{"_eb_attr":"","_monsterinsights_skip_tracking":false,"_monsterinsights_sitenote_active":false,"_monsterinsights_sitenote_note":"","_monsterinsights_sitenote_category":0,"footnotes":""},"categories":[4],"tags":[],"yoast_head":"<!-- This site is optimized with the Yoast SEO plugin v23.4 - https:\/\/yoast.com\/wordpress\/plugins\/seo\/ -->\n<title>Brighton &amp; Hove Albion \u2013 Everton 1:5 - Official Czech &amp; Slovak Everton Supporters&#039; Club<\/title>\n<meta name=\"robots\" content=\"index, follow, max-snippet:-1, max-image-preview:large, max-video-preview:-1\" \/>\n<link rel=\"canonical\" href=\"https:\/\/evertonfc.cz\/index.php\/2023\/05\/09\/brighton-hove-albion-everton-15\/\" \/>\n<meta property=\"og:locale\" content=\"cs_CZ\" \/>\n<meta property=\"og:type\" content=\"article\" \/>\n<meta property=\"og:title\" content=\"Brighton &amp; Hove Albion \u2013 Everton 1:5 - Official Czech &amp; Slovak Everton Supporters&#039; Club\" \/>\n<meta property=\"og:description\" content=\"Niekto lov\u00ed ka\u010dice, niekto \u010cajky smejiv\u00e9. No operencom na ju\u017enom pobre\u017e\u00ed britsk\u00fdch ostrovov do smiechu veru nebolo. Nal\u00e1kan\u00e9 na slan\u00fd karamel, neboli schopn\u00e9 odporu.\" \/>\n<meta property=\"og:url\" content=\"https:\/\/evertonfc.cz\/index.php\/2023\/05\/09\/brighton-hove-albion-everton-15\/\" \/>\n<meta property=\"og:site_name\" content=\"Official Czech &amp; Slovak Everton Supporters&#039; Club\" \/>\n<meta property=\"article:publisher\" content=\"https:\/\/www.facebook.com\/everton.fans.cz.sk\" \/>\n<meta property=\"article:published_time\" content=\"2023-05-09T13:15:35+00:00\" \/>\n<meta property=\"og:image\" content=\"https:\/\/evertonfc.cz\/wp-content\/uploads\/2023\/05\/Brighton-1-5-Everton-by-Premier-League-8-5-2023.jpg\" \/>\n\t<meta property=\"og:image:width\" content=\"720\" \/>\n\t<meta property=\"og:image:height\" content=\"405\" \/>\n\t<meta property=\"og:image:type\" content=\"image\/jpeg\" \/>\n<meta name=\"author\" content=\"BlueBlooded\" \/>\n<meta name=\"twitter:card\" content=\"summary_large_image\" \/>\n<meta name=\"twitter:label1\" content=\"Napsal(a)\" \/>\n\t<meta name=\"twitter:data1\" content=\"BlueBlooded\" \/>\n\t<meta name=\"twitter:label2\" content=\"Odhadovan\u00e1 doba \u010dten\u00ed\" \/>\n\t<meta name=\"twitter:data2\" content=\"5 minut\" \/>\n<script type=\"application\/ld+json\" class=\"yoast-schema-graph\">{\"@context\":\"https:\/\/schema.org\",\"@graph\":[{\"@type\":\"Article\",\"@id\":\"https:\/\/evertonfc.cz\/index.php\/2023\/05\/09\/brighton-hove-albion-everton-15\/#article\",\"isPartOf\":{\"@id\":\"https:\/\/evertonfc.cz\/index.php\/2023\/05\/09\/brighton-hove-albion-everton-15\/\"},\"author\":{\"name\":\"BlueBlooded\",\"@id\":\"https:\/\/evertonfc.cz\/#\/schema\/person\/d4493b8cbea51532597fbc4685698916\"},\"headline\":\"Brighton &#038; Hove Albion \u2013 Everton 1:5\",\"datePublished\":\"2023-05-09T13:15:35+00:00\",\"dateModified\":\"2023-05-09T13:15:35+00:00\",\"mainEntityOfPage\":{\"@id\":\"https:\/\/evertonfc.cz\/index.php\/2023\/05\/09\/brighton-hove-albion-everton-15\/\"},\"wordCount\":1043,\"commentCount\":24,\"publisher\":{\"@id\":\"https:\/\/evertonfc.cz\/#organization\"},\"image\":{\"@id\":\"https:\/\/evertonfc.cz\/index.php\/2023\/05\/09\/brighton-hove-albion-everton-15\/#primaryimage\"},\"thumbnailUrl\":\"https:\/\/evertonfc.cz\/wp-content\/uploads\/2023\/05\/Brighton-1-5-Everton-by-Premier-League-8-5-2023.jpg\",\"articleSection\":[\"Z\u00e1pasy\"],\"inLanguage\":\"cs\",\"potentialAction\":[{\"@type\":\"CommentAction\",\"name\":\"Comment\",\"target\":[\"https:\/\/evertonfc.cz\/index.php\/2023\/05\/09\/brighton-hove-albion-everton-15\/#respond\"]}]},{\"@type\":\"WebPage\",\"@id\":\"https:\/\/evertonfc.cz\/index.php\/2023\/05\/09\/brighton-hove-albion-everton-15\/\",\"url\":\"https:\/\/evertonfc.cz\/index.php\/2023\/05\/09\/brighton-hove-albion-everton-15\/\",\"name\":\"Brighton & Hove Albion \u2013 Everton 1:5 - Official Czech &amp; Slovak Everton Supporters&#039; Club\",\"isPartOf\":{\"@id\":\"https:\/\/evertonfc.cz\/#website\"},\"primaryImageOfPage\":{\"@id\":\"https:\/\/evertonfc.cz\/index.php\/2023\/05\/09\/brighton-hove-albion-everton-15\/#primaryimage\"},\"image\":{\"@id\":\"https:\/\/evertonfc.cz\/index.php\/2023\/05\/09\/brighton-hove-albion-everton-15\/#primaryimage\"},\"thumbnailUrl\":\"https:\/\/evertonfc.cz\/wp-content\/uploads\/2023\/05\/Brighton-1-5-Everton-by-Premier-League-8-5-2023.jpg\",\"datePublished\":\"2023-05-09T13:15:35+00:00\",\"dateModified\":\"2023-05-09T13:15:35+00:00\",\"breadcrumb\":{\"@id\":\"https:\/\/evertonfc.cz\/index.php\/2023\/05\/09\/brighton-hove-albion-everton-15\/#breadcrumb\"},\"inLanguage\":\"cs\",\"potentialAction\":[{\"@type\":\"ReadAction\",\"target\":[\"https:\/\/evertonfc.cz\/index.php\/2023\/05\/09\/brighton-hove-albion-everton-15\/\"]}]},{\"@type\":\"ImageObject\",\"inLanguage\":\"cs\",\"@id\":\"https:\/\/evertonfc.cz\/index.php\/2023\/05\/09\/brighton-hove-albion-everton-15\/#primaryimage\",\"url\":\"https:\/\/evertonfc.cz\/wp-content\/uploads\/2023\/05\/Brighton-1-5-Everton-by-Premier-League-8-5-2023.jpg\",\"contentUrl\":\"https:\/\/evertonfc.cz\/wp-content\/uploads\/2023\/05\/Brighton-1-5-Everton-by-Premier-League-8-5-2023.jpg\",\"width\":720,\"height\":405},{\"@type\":\"BreadcrumbList\",\"@id\":\"https:\/\/evertonfc.cz\/index.php\/2023\/05\/09\/brighton-hove-albion-everton-15\/#breadcrumb\",\"itemListElement\":[{\"@type\":\"ListItem\",\"position\":1,\"name\":\"Home\",\"item\":\"https:\/\/evertonfc.cz\/\"},{\"@type\":\"ListItem\",\"position\":2,\"name\":\"Brighton &#038; Hove Albion \u2013 Everton 1:5\"}]},{\"@type\":\"WebSite\",\"@id\":\"https:\/\/evertonfc.cz\/#website\",\"url\":\"https:\/\/evertonfc.cz\/\",\"name\":\"Official Czech &amp; Slovak Everton Supporters&#039; Club\",\"description\":\"\",\"publisher\":{\"@id\":\"https:\/\/evertonfc.cz\/#organization\"},\"potentialAction\":[{\"@type\":\"SearchAction\",\"target\":{\"@type\":\"EntryPoint\",\"urlTemplate\":\"https:\/\/evertonfc.cz\/?s={search_term_string}\"},\"query-input\":{\"@type\":\"PropertyValueSpecification\",\"valueRequired\":true,\"valueName\":\"search_term_string\"}}],\"inLanguage\":\"cs\"},{\"@type\":\"Organization\",\"@id\":\"https:\/\/evertonfc.cz\/#organization\",\"name\":\"Official Czech & Slovak Everton Supporters' Club\",\"url\":\"https:\/\/evertonfc.cz\/\",\"logo\":{\"@type\":\"ImageObject\",\"inLanguage\":\"cs\",\"@id\":\"https:\/\/evertonfc.cz\/#\/schema\/logo\/image\/\",\"url\":\"https:\/\/evertonfc.cz\/wp-content\/uploads\/2019\/05\/logo.png\",\"contentUrl\":\"https:\/\/evertonfc.cz\/wp-content\/uploads\/2019\/05\/logo.png\",\"width\":112,\"height\":112,\"caption\":\"Official Czech & Slovak Everton Supporters' Club\"},\"image\":{\"@id\":\"https:\/\/evertonfc.cz\/#\/schema\/logo\/image\/\"},\"sameAs\":[\"https:\/\/www.facebook.com\/everton.fans.cz.sk\"]},{\"@type\":\"Person\",\"@id\":\"https:\/\/evertonfc.cz\/#\/schema\/person\/d4493b8cbea51532597fbc4685698916\",\"name\":\"BlueBlooded\",\"url\":\"https:\/\/evertonfc.cz\/index.php\/author\/admin\/\"}]}<\/script>\n<!-- \/ Yoast SEO plugin. -->","yoast_head_json":{"title":"Brighton & Hove Albion \u2013 Everton 1:5 - Official Czech &amp; Slovak Everton Supporters&#039; Club","robots":{"index":"index","follow":"follow","max-snippet":"max-snippet:-1","max-image-preview":"max-image-preview:large","max-video-preview":"max-video-preview:-1"},"canonical":"https:\/\/evertonfc.cz\/index.php\/2023\/05\/09\/brighton-hove-albion-everton-15\/","og_locale":"cs_CZ","og_type":"article","og_title":"Brighton & Hove Albion \u2013 Everton 1:5 - Official Czech &amp; Slovak Everton Supporters&#039; Club","og_description":"Niekto lov\u00ed ka\u010dice, niekto \u010cajky smejiv\u00e9. No operencom na ju\u017enom pobre\u017e\u00ed britsk\u00fdch ostrovov do smiechu veru nebolo. Nal\u00e1kan\u00e9 na slan\u00fd karamel, neboli schopn\u00e9 odporu.","og_url":"https:\/\/evertonfc.cz\/index.php\/2023\/05\/09\/brighton-hove-albion-everton-15\/","og_site_name":"Official Czech &amp; Slovak Everton Supporters&#039; Club","article_publisher":"https:\/\/www.facebook.com\/everton.fans.cz.sk","article_published_time":"2023-05-09T13:15:35+00:00","og_image":[{"width":720,"height":405,"url":"https:\/\/evertonfc.cz\/wp-content\/uploads\/2023\/05\/Brighton-1-5-Everton-by-Premier-League-8-5-2023.jpg","type":"image\/jpeg"}],"author":"BlueBlooded","twitter_card":"summary_large_image","twitter_misc":{"Napsal(a)":"BlueBlooded","Odhadovan\u00e1 doba \u010dten\u00ed":"5 minut"},"schema":{"@context":"https:\/\/schema.org","@graph":[{"@type":"Article","@id":"https:\/\/evertonfc.cz\/index.php\/2023\/05\/09\/brighton-hove-albion-everton-15\/#article","isPartOf":{"@id":"https:\/\/evertonfc.cz\/index.php\/2023\/05\/09\/brighton-hove-albion-everton-15\/"},"author":{"name":"BlueBlooded","@id":"https:\/\/evertonfc.cz\/#\/schema\/person\/d4493b8cbea51532597fbc4685698916"},"headline":"Brighton &#038; Hove Albion \u2013 Everton 1:5","datePublished":"2023-05-09T13:15:35+00:00","dateModified":"2023-05-09T13:15:35+00:00","mainEntityOfPage":{"@id":"https:\/\/evertonfc.cz\/index.php\/2023\/05\/09\/brighton-hove-albion-everton-15\/"},"wordCount":1043,"commentCount":24,"publisher":{"@id":"https:\/\/evertonfc.cz\/#organization"},"image":{"@id":"https:\/\/evertonfc.cz\/index.php\/2023\/05\/09\/brighton-hove-albion-everton-15\/#primaryimage"},"thumbnailUrl":"https:\/\/evertonfc.cz\/wp-content\/uploads\/2023\/05\/Brighton-1-5-Everton-by-Premier-League-8-5-2023.jpg","articleSection":["Z\u00e1pasy"],"inLanguage":"cs","potentialAction":[{"@type":"CommentAction","name":"Comment","target":["https:\/\/evertonfc.cz\/index.php\/2023\/05\/09\/brighton-hove-albion-everton-15\/#respond"]}]},{"@type":"WebPage","@id":"https:\/\/evertonfc.cz\/index.php\/2023\/05\/09\/brighton-hove-albion-everton-15\/","url":"https:\/\/evertonfc.cz\/index.php\/2023\/05\/09\/brighton-hove-albion-everton-15\/","name":"Brighton & Hove Albion \u2013 Everton 1:5 - Official Czech &amp; Slovak Everton Supporters&#039; Club","isPartOf":{"@id":"https:\/\/evertonfc.cz\/#website"},"primaryImageOfPage":{"@id":"https:\/\/evertonfc.cz\/index.php\/2023\/05\/09\/brighton-hove-albion-everton-15\/#primaryimage"},"image":{"@id":"https:\/\/evertonfc.cz\/index.php\/2023\/05\/09\/brighton-hove-albion-everton-15\/#primaryimage"},"thumbnailUrl":"https:\/\/evertonfc.cz\/wp-content\/uploads\/2023\/05\/Brighton-1-5-Everton-by-Premier-League-8-5-2023.jpg","datePublished":"2023-05-09T13:15:35+00:00","dateModified":"2023-05-09T13:15:35+00:00","breadcrumb":{"@id":"https:\/\/evertonfc.cz\/index.php\/2023\/05\/09\/brighton-hove-albion-everton-15\/#breadcrumb"},"inLanguage":"cs","potentialAction":[{"@type":"ReadAction","target":["https:\/\/evertonfc.cz\/index.php\/2023\/05\/09\/brighton-hove-albion-everton-15\/"]}]},{"@type":"ImageObject","inLanguage":"cs","@id":"https:\/\/evertonfc.cz\/index.php\/2023\/05\/09\/brighton-hove-albion-everton-15\/#primaryimage","url":"https:\/\/evertonfc.cz\/wp-content\/uploads\/2023\/05\/Brighton-1-5-Everton-by-Premier-League-8-5-2023.jpg","contentUrl":"https:\/\/evertonfc.cz\/wp-content\/uploads\/2023\/05\/Brighton-1-5-Everton-by-Premier-League-8-5-2023.jpg","width":720,"height":405},{"@type":"BreadcrumbList","@id":"https:\/\/evertonfc.cz\/index.php\/2023\/05\/09\/brighton-hove-albion-everton-15\/#breadcrumb","itemListElement":[{"@type":"ListItem","position":1,"name":"Home","item":"https:\/\/evertonfc.cz\/"},{"@type":"ListItem","position":2,"name":"Brighton &#038; Hove Albion \u2013 Everton 1:5"}]},{"@type":"WebSite","@id":"https:\/\/evertonfc.cz\/#website","url":"https:\/\/evertonfc.cz\/","name":"Official Czech &amp; Slovak Everton Supporters&#039; Club","description":"","publisher":{"@id":"https:\/\/evertonfc.cz\/#organization"},"potentialAction":[{"@type":"SearchAction","target":{"@type":"EntryPoint","urlTemplate":"https:\/\/evertonfc.cz\/?s={search_term_string}"},"query-input":{"@type":"PropertyValueSpecification","valueRequired":true,"valueName":"search_term_string"}}],"inLanguage":"cs"},{"@type":"Organization","@id":"https:\/\/evertonfc.cz\/#organization","name":"Official Czech & Slovak Everton Supporters' Club","url":"https:\/\/evertonfc.cz\/","logo":{"@type":"ImageObject","inLanguage":"cs","@id":"https:\/\/evertonfc.cz\/#\/schema\/logo\/image\/","url":"https:\/\/evertonfc.cz\/wp-content\/uploads\/2019\/05\/logo.png","contentUrl":"https:\/\/evertonfc.cz\/wp-content\/uploads\/2019\/05\/logo.png","width":112,"height":112,"caption":"Official Czech & Slovak Everton Supporters' Club"},"image":{"@id":"https:\/\/evertonfc.cz\/#\/schema\/logo\/image\/"},"sameAs":["https:\/\/www.facebook.com\/everton.fans.cz.sk"]},{"@type":"Person","@id":"https:\/\/evertonfc.cz\/#\/schema\/person\/d4493b8cbea51532597fbc4685698916","name":"BlueBlooded","url":"https:\/\/evertonfc.cz\/index.php\/author\/admin\/"}]}},"_links":{"self":[{"href":"https:\/\/evertonfc.cz\/index.php\/wp-json\/wp\/v2\/posts\/21580"}],"collection":[{"href":"https:\/\/evertonfc.cz\/index.php\/wp-json\/wp\/v2\/posts"}],"about":[{"href":"https:\/\/evertonfc.cz\/index.php\/wp-json\/wp\/v2\/types\/post"}],"author":[{"embeddable":true,"href":"https:\/\/evertonfc.cz\/index.php\/wp-json\/wp\/v2\/users\/1"}],"replies":[{"embeddable":true,"href":"https:\/\/evertonfc.cz\/index.php\/wp-json\/wp\/v2\/comments?post=21580"}],"version-history":[{"count":6,"href":"https:\/\/evertonfc.cz\/index.php\/wp-json\/wp\/v2\/posts\/21580\/revisions"}],"predecessor-version":[{"id":21587,"href":"https:\/\/evertonfc.cz\/index.php\/wp-json\/wp\/v2\/posts\/21580\/revisions\/21587"}],"wp:featuredmedia":[{"embeddable":true,"href":"https:\/\/evertonfc.cz\/index.php\/wp-json\/wp\/v2\/media\/21581"}],"wp:attachment":[{"href":"https:\/\/evertonfc.cz\/index.php\/wp-json\/wp\/v2\/media?parent=21580"}],"wp:term":[{"taxonomy":"category","embeddable":true,"href":"https:\/\/evertonfc.cz\/index.php\/wp-json\/wp\/v2\/categories?post=21580"},{"taxonomy":"post_tag","embeddable":true,"href":"https:\/\/evertonfc.cz\/index.php\/wp-json\/wp\/v2\/tags?post=21580"}],"curies":[{"name":"wp","href":"https:\/\/api.w.org\/{rel}","templated":true}]}}