{"id":21619,"date":"2023-05-18T21:38:41","date_gmt":"2023-05-18T19:38:41","guid":{"rendered":"https:\/\/evertonfc.cz\/?p=21619"},"modified":"2023-05-22T10:11:12","modified_gmt":"2023-05-22T08:11:12","slug":"everton-w-arsenal-w-14","status":"publish","type":"post","link":"https:\/\/evertonfc.cz\/index.php\/2023\/05\/18\/everton-w-arsenal-w-14\/","title":{"rendered":"Everton W &#8211; Arsenal W 1:4"},"content":{"rendered":"<h4>Sez\u00f3na se pomalu ch\u00fdl\u00ed ke konci, ale je\u0161t\u011b n\u00e1m zbylo spolnout jednu ho\u0159kou pilulku: tradi\u010dn\u00ed v\u00fdprask od Gunners.<\/h4>\n<p>Po por\u00e1\u017ece od Chealsea volal n\u00e1\u0161 boss po v\u011bt\u0161\u00ed odpov\u011bdnosti v obran\u011b a k vyu\u017e\u00edv\u00e1n\u00ed \u0161anc\u00ed, by\u0165 jakkoliv sporadick\u00fdch. K realizaci tohoto pl\u00e1nu m\u011bl k dispozici v\u011bt\u0161inu hr\u00e1\u010dek, \u017eel krom\u011b leto\u0161n\u00edch kl\u00ed\u010dov\u00fdch opor.\u00a0 Gabby George a Jess Park jsou do konce sez\u00f3ny vy\u0159azen\u00e9 pro porann\u011bn\u00ed stehna, resp. ramene. Naopak se do sestavy mezi ty\u010de vr\u00e1tila Ramsey. Arsenal m\u00e1 dlouhodob\u011b zdecimovan\u00e9 \u017eenstvo po poran\u011bn\u00ed kolen v \u0159ad\u00e1ch \u00fatoku i obrany. A z Walton Hall Parku odj\u00ed\u017ed\u011bly lond\u00fdnsk\u00e9 hr\u00e1\u010dky s dal\u0161\u00ed zran\u011bnou (viz d\u00e1le). Nicm\u00e9n\u011b pro opanov\u00e1n\u00ed na\u0161eho dom\u00e1c\u00edho st\u00e1nku to Gunners st\u00e1le bezpe\u010dn\u011b sta\u010dilo.<\/p>\n<h4>Prvn\u00ed p\u016fle<\/h4>\n<p>Prvn\u00ed necelou p\u016flhodinu hry jsme byli Arsenalu celkem d\u016fstojn\u00fdmi protivn\u00edky, i kdy\u017e p\u0159i pohledu na hru bylo celkem jasn\u00e9, jak\u00fd t\u00fdm si jak v tabulce stoj\u00ed. Hr\u00e1lo se ve vysok\u00e9m tempu a s \u010detn\u00fdmi fyzick\u00fdmi kontakty. Na polovinu soupe\u0159ek jsme se moc nedostali, ale ani p\u00ed\u010f na\u0161eho \u00fazem\u00ed jsme jim nedali zadarmo. Bohu\u017eel, v\u0161e se zm\u011bnilo ve 29. minut\u011b hry: <span class=\"sp-c-lineup-pitch__player\" data-reactid=\".22lodv0ttok.0.0.0.1.$include-36.0.0.1:$panel-0.$0.0.0.0.2.0.0.1:$home-formation-row-1.$home-player-1\"><span class=\"sp-c-lineup-pitch__player__name gs-u-display-block@xs \" data-reactid=\".22lodv0ttok.0.0.0.1.$include-36.0.0.1:$panel-0.$0.0.0.0.2.0.0.1:$home-formation-row-1.$home-player-1.1\">Bj\u00f6rn se ne poda\u0159ilo v\u010das odklidit m\u00ed\u010d mimo dosach arsenalsk\u00fdch a Foord celkem pomalou st\u0159elou za p\u0159ihl\u00ed\u017een\u00ed Ramsey trefila ty\u010dku, od kter\u00e9 se m\u00ed\u010d odrazil do branky &#8211; <strong>0:1<\/strong>. Vz\u00e1p\u011bst\u00ed se pokusila z proti\u00fatoku o kontaktn\u00ed g\u00f3l Beever-Jones, ale ani nadvakr\u00e1t t\u011bsn\u011b po sob\u011b se neprosadila. Zato se prosadila McCabe, op\u011bt po na\u0161\u00ed nep\u0159esn\u00e9 p\u0159ihr\u00e1vce, a zd\u00e1lky zv\u00fd\u0161ila na <strong>0:2<\/strong>. Asi ani z t\u00e9to branky nem\u016f\u017ee m\u00edt Ramsey zcela klidn\u00e9 sv\u011bdom\u00ed. O \u010dty\u0159i minuty pozd\u011bji se op\u011bt prosadila Foord, kdy\u017e hlavou doklepla do branky vyra\u017een\u00fd pokus Pelove &#8211; <strong>0:3<\/strong>. A ne, nesta\u010dilo to. Do p\u0159est\u00e1vky si zast\u0159\u00edlela i Wubben-Moy, kter\u00e1 si hlavou nasko\u010dila na p\u0159\u00edm\u00fd kop Maanum &#8211; <strong>0:4<\/strong>. To bylo pro prvn\u00ed polo\u010das kone\u010dn\u011b u\u017e v\u0161e.<\/span><\/span><\/p>\n<h4><strong>Druh\u00e1 p\u016fle<\/strong><\/h4>\n<p>za\u010dala pro ob\u011b strany velmi ne\u0161\u0165astn\u011b: Ve 46. minut\u011b Beever-Jones v \u00fatoku p\u0159ed v\u00e1pnem hostek zajela ost\u0159e do kotn\u00edku <span class=\"sp-c-lineup-pitch__player\" data-reactid=\".22lodv0ttok.0.0.0.1.$include-36.0.0.1:$panel-0.$0.0.0.1.2.0.0.1:$away-formation-row-1.$away-player-2\"><span class=\"sp-c-lineup-pitch__player__name gs-u-display-block@xs \" data-reactid=\".22lodv0ttok.0.0.0.1.$include-36.0.0.1:$panel-0.$0.0.0.1.2.0.0.1:$away-formation-row-1.$away-player-2.1\">W\u00e4lti. Arsenalsk\u00e1 z\u00e1lo\u017enice, kter\u00e1 t\u00fdden p\u0159ed t\u00edm podepsala prodlou\u017een\u00ed smlouvy se v bolestech zhroutila na tr\u00e1vn\u00edk a z\u00e1hy byla z h\u0159i\u0161t\u011b odn\u00e1\u0161ena na nos\u00edtk\u00e1ch. Beever-Jones po kr\u00e1tk\u00e9 konzultaci rozhod\u010d\u00edch dostala \u010dervenou kartu a v slz\u00e1ch tak\u00e9 opustila hrac\u00ed plochu. Rozjet\u00e9mu Arsenalu jsme tedy d\u00e1le \u010delili v deseti. A \u010delili jsme velmi urputn\u011b, i kdy\u017e z\u00e1pas po tomto intermezzu ani jedna stran nehr\u00e1la pr\u00e1v\u011b v psychick\u00e9 pohod\u011b. Gunners st\u0159\u00edlely \u010detn\u011b, ale nep\u0159esn\u011b, my jsme kouskovali hru rovn\u011b\u017e \u010detn\u00fdmi fauly. V 86. minut\u011b po rohu zahran\u00e9m Stenevik uklidila Sneoijs hlavi\u010dkou m\u00ed\u010d do s\u00edt\u011b Lond\u00fd\u0148anek &#8211; <strong>1:4<\/strong>. Co\u017e se stalo labut\u00ed p\u00edsn\u00ed tohoto z\u00e1pasu a posledn\u00edm zaznamen\u00e1n\u00edmhodn\u00fdm momentem.<\/span><\/span><\/p>\n<h4>Shrnut\u00ed<\/h4>\n<p>Ve sv\u00fdch z\u00e1pisn\u00ed\u010dk\u00e1ch tedy m\u016f\u017eeme aktualizovat na\u0161e dosavadn\u00ed zku\u0161enosti s Arsenalem ve WSL:\u00a0 Posledn\u00edch 14 utk\u00e1n\u00ed s Gunners jsme prohr\u00e1li.\u00a0 Nikdy jsme si nedok\u00e1zali uhl\u00eddat \u010dist\u00e9 konto, st\u0159elili jsme jim celkov\u011b 6 branek a obdr\u017eeli 37. N\u011bjak\u00e9 ot\u00e1zky? Nejistota ve h\u0159e vzadu a nedostate\u010dn\u00fd d\u016fraz nebo nep\u0159esnosti sm\u011brem dop\u0159edu n\u00e1s v t\u00e9to sez\u00f3n\u011b a\u017e p\u0159\u00edli\u0161 \u010dasto sr\u00e1\u017e\u00ed. Stejn\u011b jako neschopnost udr\u017eet vesm\u011bs solidn\u00ed v\u00fdkon z \u00favodu z\u00e1pasu del\u0161\u00ed dobu. Zat\u00edmco s t\u00fdmy z druh\u00e9 poloviny tabulky jsme i tak schopni sehr\u00e1t solidn\u00ed v\u00fdsledek, v utk\u00e1n\u00edch s t\u00fdmy p\u0159ed n\u00e1mi ostudn\u011b sho\u0159\u00edme. Snad p\u0159\u00ed\u0161t\u00ed sez\u00f3na p\u0159inese zlep\u0161en\u00ed. Tu sou\u010dasnou u\u017e pomalu dohr\u00e1v\u00e1me a doufejme, \u017ee se v z\u00e1pase s Brightonem uk\u00e1\u017eeme v lep\u0161\u00edm sv\u011btle. <span style=\"color: #0000ff;\"><strong>COYB!<\/strong><\/span><\/p>\n<p style=\"text-align: right;\"><span style=\"font-size: 8pt;\"><em>Fotografie: <span class=\"sp-c-lineup-pitch__player\" data-reactid=\".22lodv0ttok.0.0.0.1.$include-36.0.0.1:$panel-0.$0.0.0.0.2.0.0.1:$home-formation-row-1.$home-player-2\"><span class=\"sp-c-lineup-pitch__player__name gs-u-display-block@xs \" data-reactid=\".22lodv0ttok.0.0.0.1.$include-36.0.0.1:$panel-0.$0.0.0.0.2.0.0.1:$home-formation-row-1.$home-player-2.1\">S\u00f8rensen a Snoeijs ut\u011b\u0161uji Beever-Jones po vylou\u010den\u00ed\u00a0 (zdroj: bbc.co.uk)<\/span><\/span><\/em><\/span><\/p>\n<p><strong>Statistika:<\/strong> Posedlost: 46%:54%, st\u0159ely 4:20 (na br\u00e1nu 1:12)<\/p>\n<p><strong>Branky:<\/strong> Snoeijs (86\u00b4) &#8211; Foord (29\u00b4+ 39\u00b4), McCabe (33\u00b4), Wubben-Moy (42\u00b4)<\/p>\n<p><strong>\u017dK:<\/strong> K. Holmgaard\u00a0 <strong>\u010cK:<\/strong> Beever-Jones<\/p>\n<p><strong>Everton (3-4-1-2): <\/strong>Brosnan; K. <span class=\"sp-c-lineup-pitch__player\" data-reactid=\".22lodv0ttok.0.0.0.1.$include-36.0.0.1:$panel-0.$0.0.0.0.2.0.0.1:$home-formation-row-1.$home-player-0\"><span class=\"sp-c-lineup-pitch__player__name gs-u-display-block@xs \" data-reactid=\".22lodv0ttok.0.0.0.1.$include-36.0.0.1:$panel-0.$0.0.0.0.2.0.0.1:$home-formation-row-1.$home-player-0.1\">Holmgaard (Christiansen 72\u00b4), <\/span><\/span><span class=\"sp-c-lineup-pitch__player\" data-reactid=\".22lodv0ttok.0.0.0.1.$include-36.0.0.1:$panel-0.$0.0.0.0.2.0.0.1:$home-formation-row-1.$home-player-1\"><span class=\"sp-c-lineup-pitch__player__name gs-u-display-block@xs \" data-reactid=\".22lodv0ttok.0.0.0.1.$include-36.0.0.1:$panel-0.$0.0.0.0.2.0.0.1:$home-formation-row-1.$home-player-1.1\">Bj\u00f6rn, S. <\/span><\/span><span class=\"sp-c-lineup-pitch__player\" data-reactid=\".22lodv0ttok.0.0.0.1.$include-36.0.0.1:$panel-0.$0.0.0.0.2.0.0.1:$home-formation-row-1.$home-player-2\"><span class=\"sp-c-lineup-pitch__player__name gs-u-display-block@xs \" data-reactid=\".22lodv0ttok.0.0.0.1.$include-36.0.0.1:$panel-0.$0.0.0.0.2.0.0.1:$home-formation-row-1.$home-player-2.1\">Holmgaard (Stenevik 63\u00b4); S\u00f8rensen (Finnigan 73\u00b4), Wheeler, Galli (Sevecke 45\u00b4), Veje (Hope 65\u00b4); Bennison; Beever-Jones, Snoeijs<\/span><\/span><\/p>\n<p><strong>Arsenal (3-4-2-1):\u00a0<\/strong>Zinsberger; <span class=\"sp-c-lineup-pitch__player\" data-reactid=\".22lodv0ttok.0.0.0.1.$include-36.0.0.1:$panel-0.$0.0.0.1.2.0.0.1:$away-formation-row-1.$away-player-0\"><span class=\"sp-c-lineup-pitch__player__name gs-u-display-block@xs \" data-reactid=\".22lodv0ttok.0.0.0.1.$include-36.0.0.1:$panel-0.$0.0.0.1.2.0.0.1:$away-formation-row-1.$away-player-0.1\">Wubben-Moy, <\/span><\/span><span class=\"sp-c-lineup-pitch__player\" data-reactid=\".22lodv0ttok.0.0.0.1.$include-36.0.0.1:$panel-0.$0.0.0.1.2.0.0.1:$away-formation-row-1.$away-player-1\"><span class=\"sp-c-lineup-pitch__player__name gs-u-display-block@xs \" data-reactid=\".22lodv0ttok.0.0.0.1.$include-36.0.0.1:$panel-0.$0.0.0.1.2.0.0.1:$away-formation-row-1.$away-player-1.1\">Beattie, <\/span><\/span><span class=\"sp-c-lineup-pitch__player\" data-reactid=\".22lodv0ttok.0.0.0.1.$include-36.0.0.1:$panel-0.$0.0.0.1.2.0.0.1:$away-formation-row-1.$away-player-2\"><span class=\"sp-c-lineup-pitch__player__name gs-u-display-block@xs \" data-reactid=\".22lodv0ttok.0.0.0.1.$include-36.0.0.1:$panel-0.$0.0.0.1.2.0.0.1:$away-formation-row-1.$away-player-2.1\">Carvalho Souza (Taylor 45\u00b4); Maritz, Maanum, W\u00e4lti (K\u00fchl 54\u00b4), McCabe (Catley 89\u00b4) Pelova, Foord (Gio 67\u00b4); Blackstenius (Godfrey 89\u00b4)<\/span><\/span><\/p>\n<p><strong>Rozhod\u010d\u00ed:<\/strong> Cheryl Foster\u00a0 <strong>Div\u00e1ci:<\/strong> 1350<\/p>\n<p><iframe loading=\"lazy\" title=\"WSL 2022\/23. Matchday 20. Everton vs Arsenal (05.17.2023)\" width=\"1140\" height=\"641\" src=\"https:\/\/www.youtube.com\/embed\/1kMqooJH8UE?feature=oembed\" frameborder=\"0\" allow=\"accelerometer; autoplay; clipboard-write; encrypted-media; gyroscope; picture-in-picture; web-share\" allowfullscreen><\/iframe><\/p>\n","protected":false},"excerpt":{"rendered":"<p>Sez\u00f3na se pomalu ch\u00fdl\u00ed ke konci, ale je\u0161t\u011b n\u00e1m zbylo spolnout jednu ho\u0159kou pilulku: tradi\u010dn\u00ed v\u00fdprask od Gunners.<\/p>\n","protected":false},"author":26,"featured_media":21623,"comment_status":"open","ping_status":"closed","sticky":false,"template":"","format":"standard","meta":{"_eb_attr":"","_monsterinsights_skip_tracking":false,"_monsterinsights_sitenote_active":false,"_monsterinsights_sitenote_note":"","_monsterinsights_sitenote_category":0,"footnotes":""},"categories":[110],"tags":[],"yoast_head":"<!-- This site is optimized with the Yoast SEO plugin v23.4 - https:\/\/yoast.com\/wordpress\/plugins\/seo\/ -->\n<title>Everton W - Arsenal W 1:4 - Official Czech &amp; Slovak Everton Supporters&#039; Club<\/title>\n<meta name=\"robots\" content=\"index, follow, max-snippet:-1, max-image-preview:large, max-video-preview:-1\" \/>\n<link rel=\"canonical\" href=\"https:\/\/evertonfc.cz\/index.php\/2023\/05\/18\/everton-w-arsenal-w-14\/\" \/>\n<meta property=\"og:locale\" content=\"cs_CZ\" \/>\n<meta property=\"og:type\" content=\"article\" \/>\n<meta property=\"og:title\" content=\"Everton W - Arsenal W 1:4 - Official Czech &amp; Slovak Everton Supporters&#039; Club\" \/>\n<meta property=\"og:description\" content=\"Sez\u00f3na se pomalu ch\u00fdl\u00ed ke konci, ale je\u0161t\u011b n\u00e1m zbylo spolnout jednu ho\u0159kou pilulku: tradi\u010dn\u00ed v\u00fdprask od Gunners.\" \/>\n<meta property=\"og:url\" content=\"https:\/\/evertonfc.cz\/index.php\/2023\/05\/18\/everton-w-arsenal-w-14\/\" \/>\n<meta property=\"og:site_name\" content=\"Official Czech &amp; Slovak Everton Supporters&#039; Club\" \/>\n<meta property=\"article:publisher\" content=\"https:\/\/www.facebook.com\/everton.fans.cz.sk\" \/>\n<meta property=\"article:published_time\" content=\"2023-05-18T19:38:41+00:00\" \/>\n<meta property=\"article:modified_time\" content=\"2023-05-22T08:11:12+00:00\" \/>\n<meta property=\"og:image\" content=\"https:\/\/evertonfc.cz\/wp-content\/uploads\/2023\/05\/Beever-Jones-17_5_2023-web.jpg\" \/>\n\t<meta property=\"og:image:width\" content=\"720\" \/>\n\t<meta property=\"og:image:height\" content=\"405\" \/>\n\t<meta property=\"og:image:type\" content=\"image\/jpeg\" \/>\n<meta name=\"author\" content=\"Karamela\" \/>\n<meta name=\"twitter:card\" content=\"summary_large_image\" \/>\n<meta name=\"twitter:label1\" content=\"Napsal(a)\" \/>\n\t<meta name=\"twitter:data1\" content=\"Karamela\" \/>\n\t<meta name=\"twitter:label2\" content=\"Odhadovan\u00e1 doba \u010dten\u00ed\" \/>\n\t<meta name=\"twitter:data2\" content=\"4 minuty\" \/>\n<script type=\"application\/ld+json\" class=\"yoast-schema-graph\">{\"@context\":\"https:\/\/schema.org\",\"@graph\":[{\"@type\":\"Article\",\"@id\":\"https:\/\/evertonfc.cz\/index.php\/2023\/05\/18\/everton-w-arsenal-w-14\/#article\",\"isPartOf\":{\"@id\":\"https:\/\/evertonfc.cz\/index.php\/2023\/05\/18\/everton-w-arsenal-w-14\/\"},\"author\":{\"name\":\"Karamela\",\"@id\":\"https:\/\/evertonfc.cz\/#\/schema\/person\/e9a24a80a32efa1344dd2c4e5882185c\"},\"headline\":\"Everton W &#8211; Arsenal W 1:4\",\"datePublished\":\"2023-05-18T19:38:41+00:00\",\"dateModified\":\"2023-05-22T08:11:12+00:00\",\"mainEntityOfPage\":{\"@id\":\"https:\/\/evertonfc.cz\/index.php\/2023\/05\/18\/everton-w-arsenal-w-14\/\"},\"wordCount\":809,\"commentCount\":1,\"publisher\":{\"@id\":\"https:\/\/evertonfc.cz\/#organization\"},\"image\":{\"@id\":\"https:\/\/evertonfc.cz\/index.php\/2023\/05\/18\/everton-w-arsenal-w-14\/#primaryimage\"},\"thumbnailUrl\":\"https:\/\/evertonfc.cz\/wp-content\/uploads\/2023\/05\/Beever-Jones-17_5_2023-web.jpg\",\"articleSection\":[\"Everton Women\"],\"inLanguage\":\"cs\",\"potentialAction\":[{\"@type\":\"CommentAction\",\"name\":\"Comment\",\"target\":[\"https:\/\/evertonfc.cz\/index.php\/2023\/05\/18\/everton-w-arsenal-w-14\/#respond\"]}]},{\"@type\":\"WebPage\",\"@id\":\"https:\/\/evertonfc.cz\/index.php\/2023\/05\/18\/everton-w-arsenal-w-14\/\",\"url\":\"https:\/\/evertonfc.cz\/index.php\/2023\/05\/18\/everton-w-arsenal-w-14\/\",\"name\":\"Everton W - Arsenal W 1:4 - Official Czech &amp; Slovak Everton Supporters&#039; Club\",\"isPartOf\":{\"@id\":\"https:\/\/evertonfc.cz\/#website\"},\"primaryImageOfPage\":{\"@id\":\"https:\/\/evertonfc.cz\/index.php\/2023\/05\/18\/everton-w-arsenal-w-14\/#primaryimage\"},\"image\":{\"@id\":\"https:\/\/evertonfc.cz\/index.php\/2023\/05\/18\/everton-w-arsenal-w-14\/#primaryimage\"},\"thumbnailUrl\":\"https:\/\/evertonfc.cz\/wp-content\/uploads\/2023\/05\/Beever-Jones-17_5_2023-web.jpg\",\"datePublished\":\"2023-05-18T19:38:41+00:00\",\"dateModified\":\"2023-05-22T08:11:12+00:00\",\"breadcrumb\":{\"@id\":\"https:\/\/evertonfc.cz\/index.php\/2023\/05\/18\/everton-w-arsenal-w-14\/#breadcrumb\"},\"inLanguage\":\"cs\",\"potentialAction\":[{\"@type\":\"ReadAction\",\"target\":[\"https:\/\/evertonfc.cz\/index.php\/2023\/05\/18\/everton-w-arsenal-w-14\/\"]}]},{\"@type\":\"ImageObject\",\"inLanguage\":\"cs\",\"@id\":\"https:\/\/evertonfc.cz\/index.php\/2023\/05\/18\/everton-w-arsenal-w-14\/#primaryimage\",\"url\":\"https:\/\/evertonfc.cz\/wp-content\/uploads\/2023\/05\/Beever-Jones-17_5_2023-web.jpg\",\"contentUrl\":\"https:\/\/evertonfc.cz\/wp-content\/uploads\/2023\/05\/Beever-Jones-17_5_2023-web.jpg\",\"width\":720,\"height\":405},{\"@type\":\"BreadcrumbList\",\"@id\":\"https:\/\/evertonfc.cz\/index.php\/2023\/05\/18\/everton-w-arsenal-w-14\/#breadcrumb\",\"itemListElement\":[{\"@type\":\"ListItem\",\"position\":1,\"name\":\"Home\",\"item\":\"https:\/\/evertonfc.cz\/\"},{\"@type\":\"ListItem\",\"position\":2,\"name\":\"Everton W &#8211; Arsenal W 1:4\"}]},{\"@type\":\"WebSite\",\"@id\":\"https:\/\/evertonfc.cz\/#website\",\"url\":\"https:\/\/evertonfc.cz\/\",\"name\":\"Official Czech &amp; Slovak Everton Supporters&#039; Club\",\"description\":\"\",\"publisher\":{\"@id\":\"https:\/\/evertonfc.cz\/#organization\"},\"potentialAction\":[{\"@type\":\"SearchAction\",\"target\":{\"@type\":\"EntryPoint\",\"urlTemplate\":\"https:\/\/evertonfc.cz\/?s={search_term_string}\"},\"query-input\":{\"@type\":\"PropertyValueSpecification\",\"valueRequired\":true,\"valueName\":\"search_term_string\"}}],\"inLanguage\":\"cs\"},{\"@type\":\"Organization\",\"@id\":\"https:\/\/evertonfc.cz\/#organization\",\"name\":\"Official Czech & Slovak Everton Supporters' Club\",\"url\":\"https:\/\/evertonfc.cz\/\",\"logo\":{\"@type\":\"ImageObject\",\"inLanguage\":\"cs\",\"@id\":\"https:\/\/evertonfc.cz\/#\/schema\/logo\/image\/\",\"url\":\"https:\/\/evertonfc.cz\/wp-content\/uploads\/2019\/05\/logo.png\",\"contentUrl\":\"https:\/\/evertonfc.cz\/wp-content\/uploads\/2019\/05\/logo.png\",\"width\":112,\"height\":112,\"caption\":\"Official Czech & Slovak Everton Supporters' Club\"},\"image\":{\"@id\":\"https:\/\/evertonfc.cz\/#\/schema\/logo\/image\/\"},\"sameAs\":[\"https:\/\/www.facebook.com\/everton.fans.cz.sk\"]},{\"@type\":\"Person\",\"@id\":\"https:\/\/evertonfc.cz\/#\/schema\/person\/e9a24a80a32efa1344dd2c4e5882185c\",\"name\":\"Karamela\",\"url\":\"https:\/\/evertonfc.cz\/index.php\/author\/karamela\/\"}]}<\/script>\n<!-- \/ Yoast SEO plugin. -->","yoast_head_json":{"title":"Everton W - Arsenal W 1:4 - Official Czech &amp; Slovak Everton Supporters&#039; Club","robots":{"index":"index","follow":"follow","max-snippet":"max-snippet:-1","max-image-preview":"max-image-preview:large","max-video-preview":"max-video-preview:-1"},"canonical":"https:\/\/evertonfc.cz\/index.php\/2023\/05\/18\/everton-w-arsenal-w-14\/","og_locale":"cs_CZ","og_type":"article","og_title":"Everton W - Arsenal W 1:4 - Official Czech &amp; Slovak Everton Supporters&#039; Club","og_description":"Sez\u00f3na se pomalu ch\u00fdl\u00ed ke konci, ale je\u0161t\u011b n\u00e1m zbylo spolnout jednu ho\u0159kou pilulku: tradi\u010dn\u00ed v\u00fdprask od Gunners.","og_url":"https:\/\/evertonfc.cz\/index.php\/2023\/05\/18\/everton-w-arsenal-w-14\/","og_site_name":"Official Czech &amp; Slovak Everton Supporters&#039; Club","article_publisher":"https:\/\/www.facebook.com\/everton.fans.cz.sk","article_published_time":"2023-05-18T19:38:41+00:00","article_modified_time":"2023-05-22T08:11:12+00:00","og_image":[{"width":720,"height":405,"url":"https:\/\/evertonfc.cz\/wp-content\/uploads\/2023\/05\/Beever-Jones-17_5_2023-web.jpg","type":"image\/jpeg"}],"author":"Karamela","twitter_card":"summary_large_image","twitter_misc":{"Napsal(a)":"Karamela","Odhadovan\u00e1 doba \u010dten\u00ed":"4 minuty"},"schema":{"@context":"https:\/\/schema.org","@graph":[{"@type":"Article","@id":"https:\/\/evertonfc.cz\/index.php\/2023\/05\/18\/everton-w-arsenal-w-14\/#article","isPartOf":{"@id":"https:\/\/evertonfc.cz\/index.php\/2023\/05\/18\/everton-w-arsenal-w-14\/"},"author":{"name":"Karamela","@id":"https:\/\/evertonfc.cz\/#\/schema\/person\/e9a24a80a32efa1344dd2c4e5882185c"},"headline":"Everton W &#8211; Arsenal W 1:4","datePublished":"2023-05-18T19:38:41+00:00","dateModified":"2023-05-22T08:11:12+00:00","mainEntityOfPage":{"@id":"https:\/\/evertonfc.cz\/index.php\/2023\/05\/18\/everton-w-arsenal-w-14\/"},"wordCount":809,"commentCount":1,"publisher":{"@id":"https:\/\/evertonfc.cz\/#organization"},"image":{"@id":"https:\/\/evertonfc.cz\/index.php\/2023\/05\/18\/everton-w-arsenal-w-14\/#primaryimage"},"thumbnailUrl":"https:\/\/evertonfc.cz\/wp-content\/uploads\/2023\/05\/Beever-Jones-17_5_2023-web.jpg","articleSection":["Everton Women"],"inLanguage":"cs","potentialAction":[{"@type":"CommentAction","name":"Comment","target":["https:\/\/evertonfc.cz\/index.php\/2023\/05\/18\/everton-w-arsenal-w-14\/#respond"]}]},{"@type":"WebPage","@id":"https:\/\/evertonfc.cz\/index.php\/2023\/05\/18\/everton-w-arsenal-w-14\/","url":"https:\/\/evertonfc.cz\/index.php\/2023\/05\/18\/everton-w-arsenal-w-14\/","name":"Everton W - Arsenal W 1:4 - Official Czech &amp; Slovak Everton Supporters&#039; Club","isPartOf":{"@id":"https:\/\/evertonfc.cz\/#website"},"primaryImageOfPage":{"@id":"https:\/\/evertonfc.cz\/index.php\/2023\/05\/18\/everton-w-arsenal-w-14\/#primaryimage"},"image":{"@id":"https:\/\/evertonfc.cz\/index.php\/2023\/05\/18\/everton-w-arsenal-w-14\/#primaryimage"},"thumbnailUrl":"https:\/\/evertonfc.cz\/wp-content\/uploads\/2023\/05\/Beever-Jones-17_5_2023-web.jpg","datePublished":"2023-05-18T19:38:41+00:00","dateModified":"2023-05-22T08:11:12+00:00","breadcrumb":{"@id":"https:\/\/evertonfc.cz\/index.php\/2023\/05\/18\/everton-w-arsenal-w-14\/#breadcrumb"},"inLanguage":"cs","potentialAction":[{"@type":"ReadAction","target":["https:\/\/evertonfc.cz\/index.php\/2023\/05\/18\/everton-w-arsenal-w-14\/"]}]},{"@type":"ImageObject","inLanguage":"cs","@id":"https:\/\/evertonfc.cz\/index.php\/2023\/05\/18\/everton-w-arsenal-w-14\/#primaryimage","url":"https:\/\/evertonfc.cz\/wp-content\/uploads\/2023\/05\/Beever-Jones-17_5_2023-web.jpg","contentUrl":"https:\/\/evertonfc.cz\/wp-content\/uploads\/2023\/05\/Beever-Jones-17_5_2023-web.jpg","width":720,"height":405},{"@type":"BreadcrumbList","@id":"https:\/\/evertonfc.cz\/index.php\/2023\/05\/18\/everton-w-arsenal-w-14\/#breadcrumb","itemListElement":[{"@type":"ListItem","position":1,"name":"Home","item":"https:\/\/evertonfc.cz\/"},{"@type":"ListItem","position":2,"name":"Everton W &#8211; Arsenal W 1:4"}]},{"@type":"WebSite","@id":"https:\/\/evertonfc.cz\/#website","url":"https:\/\/evertonfc.cz\/","name":"Official Czech &amp; Slovak Everton Supporters&#039; Club","description":"","publisher":{"@id":"https:\/\/evertonfc.cz\/#organization"},"potentialAction":[{"@type":"SearchAction","target":{"@type":"EntryPoint","urlTemplate":"https:\/\/evertonfc.cz\/?s={search_term_string}"},"query-input":{"@type":"PropertyValueSpecification","valueRequired":true,"valueName":"search_term_string"}}],"inLanguage":"cs"},{"@type":"Organization","@id":"https:\/\/evertonfc.cz\/#organization","name":"Official Czech & Slovak Everton Supporters' Club","url":"https:\/\/evertonfc.cz\/","logo":{"@type":"ImageObject","inLanguage":"cs","@id":"https:\/\/evertonfc.cz\/#\/schema\/logo\/image\/","url":"https:\/\/evertonfc.cz\/wp-content\/uploads\/2019\/05\/logo.png","contentUrl":"https:\/\/evertonfc.cz\/wp-content\/uploads\/2019\/05\/logo.png","width":112,"height":112,"caption":"Official Czech & Slovak Everton Supporters' Club"},"image":{"@id":"https:\/\/evertonfc.cz\/#\/schema\/logo\/image\/"},"sameAs":["https:\/\/www.facebook.com\/everton.fans.cz.sk"]},{"@type":"Person","@id":"https:\/\/evertonfc.cz\/#\/schema\/person\/e9a24a80a32efa1344dd2c4e5882185c","name":"Karamela","url":"https:\/\/evertonfc.cz\/index.php\/author\/karamela\/"}]}},"_links":{"self":[{"href":"https:\/\/evertonfc.cz\/index.php\/wp-json\/wp\/v2\/posts\/21619"}],"collection":[{"href":"https:\/\/evertonfc.cz\/index.php\/wp-json\/wp\/v2\/posts"}],"about":[{"href":"https:\/\/evertonfc.cz\/index.php\/wp-json\/wp\/v2\/types\/post"}],"author":[{"embeddable":true,"href":"https:\/\/evertonfc.cz\/index.php\/wp-json\/wp\/v2\/users\/26"}],"replies":[{"embeddable":true,"href":"https:\/\/evertonfc.cz\/index.php\/wp-json\/wp\/v2\/comments?post=21619"}],"version-history":[{"count":12,"href":"https:\/\/evertonfc.cz\/index.php\/wp-json\/wp\/v2\/posts\/21619\/revisions"}],"predecessor-version":[{"id":21655,"href":"https:\/\/evertonfc.cz\/index.php\/wp-json\/wp\/v2\/posts\/21619\/revisions\/21655"}],"wp:featuredmedia":[{"embeddable":true,"href":"https:\/\/evertonfc.cz\/index.php\/wp-json\/wp\/v2\/media\/21623"}],"wp:attachment":[{"href":"https:\/\/evertonfc.cz\/index.php\/wp-json\/wp\/v2\/media?parent=21619"}],"wp:term":[{"taxonomy":"category","embeddable":true,"href":"https:\/\/evertonfc.cz\/index.php\/wp-json\/wp\/v2\/categories?post=21619"},{"taxonomy":"post_tag","embeddable":true,"href":"https:\/\/evertonfc.cz\/index.php\/wp-json\/wp\/v2\/tags?post=21619"}],"curies":[{"name":"wp","href":"https:\/\/api.w.org\/{rel}","templated":true}]}}