{"id":21628,"date":"2023-05-20T10:11:53","date_gmt":"2023-05-20T08:11:53","guid":{"rendered":"https:\/\/evertonfc.cz\/?p=21628"},"modified":"2023-05-20T10:43:07","modified_gmt":"2023-05-20T08:43:07","slug":"preview-wolverhampton-wanderers-everton-5","status":"publish","type":"post","link":"https:\/\/evertonfc.cz\/index.php\/2023\/05\/20\/preview-wolverhampton-wanderers-everton-5\/","title":{"rendered":"Preview: Wolverhampton Wanderers &#8211; Everton"},"content":{"rendered":"<h4>V p\u0159edposledn\u00edm kole se ve Wolverhamptonu st\u0159etnou dva t\u00fdmy, kter\u00e9 proti sob\u011b poprv\u00e9 hr\u00e1li ji\u017e v \u00fapln\u011b prvn\u00ed sez\u00f3n\u011b. Wanderers tehdy vyprovodili Everton popul\u00e1rn\u00edm b\u016frem.<\/h4>\n<p>Takov\u00e9 sk\u00f3re by se n\u00e1m dnes nel\u00edbilo. Zat\u00edmco Wolverhampton pouze dohr\u00e1v\u00e1 sez\u00f3nu, Everton st\u00e1le hraje o z\u00e1chranu. Co\u017e o to, moment\u00e1ln\u011b by nesestupoval, ale n\u00e1skok jednoho bodu na sestup ur\u010dit\u011b ned\u00e1v\u00e1 klid. V\u00fdhodou samoz\u0159ejm\u011b je fakt, \u017ee maj\u00ed Karamelky z\u00e1chranu ve sv\u00fdch rukou a dv\u011b v\u00fdhry znamenaj\u00ed pokra\u010dov\u00e1n\u00ed v nejvy\u0161\u0161\u00ed sout\u011b\u017ei. Chci t\u00edmto pod\u011bkovat nejmenovan\u00e9mu t\u00fdmu z Merseyside za t\u0159\u00edg\u00f3lovou v\u00fdhru v pond\u011bl\u00ed v Leicesteru. Samotn\u00ed Wolves byli na konci roku posledn\u00ed, ale solidn\u00edm jarem se zachr\u00e1nili.<\/p>\n<p>V polo\u010dase z\u00e1pasu proti Manchesteru City byl vyst\u0159\u00edd\u00e1n Calvert-Lewin, mana\u017eer Dyche jeho st\u0159\u00edd\u00e1n\u00ed zd\u016fvodnil prevenc\u00ed, \u00fato\u010dn\u00edkovy dlouhodob\u00e9 probl\u00e9my se stehnem jsou v\u0161eobecn\u011b zn\u00e1my. K dne\u0161n\u00edmu z\u00e1pasu je hro\u0165\u00e1k p\u0159ipraven. Absent\u00e9ry naopak budou Coleman, Davies, Godfrey, Mykolenko, Townsend a Vinagre, v\u0161ichni kv\u016fli r\u016fzn\u00fdm typ\u016fm zran\u011bn\u00ed, stoper Coady nem\u016f\u017ee hr\u00e1t, proto\u017ee z Wolverhamptonu v Evertonu hostuje. Obrann\u00e1 \u010dty\u0159ka je tak zjevn\u011b dan\u00e1 &#8211; kdo m\u00e1 zdrav\u00e9 ob\u011b nohy, tak hraje v z\u00e1kladn\u00ed sestav\u011b.<\/p>\n<p>Dom\u00e1c\u00edm budou chyb\u011bt Chiquinho a Kalajd\u017ei\u010d, nominace Traor\u00e9ho k z\u00e1pasu je s otazn\u00edkem. Wolverhampton je v t\u00e9to sez\u00f3n\u011b jako Jekyll a Hyde, doma por\u00e1\u017e\u00ed solidn\u00ed t\u00fdmy, ale venku ne a ne bodovat. D\u016fvodem k optimismu je dva m\u011bs\u00edce star\u00e1 v\u00fdhra Leedsu na Molineux, kdy si host\u00e9 vybudovali n\u00e1skok 0:3 a zvl\u00e1dli vyhr\u00e1t 2:4. Snad tento z\u00e1pas Dyche a spol. pozorn\u011b studovali.<\/p>\n<p><strong>Co:\u00a0<\/strong>Wolverhampton Wanderers FC &#8211; Everton FC, 37. kolo Premier League<br \/>\n<strong>Kdy:\u00a0<\/strong>20. 5. 2023 od 16:00 SE\u010c<br \/>\n<strong>Kde: <\/strong>Molineux Stadium \u2013 Waterloo Road, Wolverhampton WV1 4QR (kapacita: 32\u00a0050)<br \/>\n<strong>TV:\u00a0<\/strong>P\u0159\u00edm\u00fd p\u0159enos na stanici Canal+ Sport 4, komentuje Jan Suchan<br \/>\n<strong>Rozhod\u010d\u00ed:\u00a0<\/strong>David Coote &#8211; Simon Bennett, Timothy Wood\u00a0 <strong>\u010ctvrt\u00fd rozhod\u010d\u00ed: <\/strong>James Linington<br \/>\n<strong>Videorozhod\u010d\u00ed:\u00a0<\/strong>Craig Pawson\u00a0 <strong>Asistent videorozhod\u010d\u00edho:\u00a0<\/strong>Wade Smith<\/p>\n","protected":false},"excerpt":{"rendered":"<p>V p\u0159edposledn\u00edm kole se ve Wolverhamptonu st\u0159etnou dva t\u00fdmy, kter\u00e9 proti sob\u011b poprv\u00e9 hr\u00e1li ji\u017e v \u00fapln\u011b prvn\u00ed sez\u00f3n\u011b. Wanderers tehdy vyprovodili Everton popul\u00e1rn\u00edm b\u016frem.<\/p>\n","protected":false},"author":12,"featured_media":13534,"comment_status":"open","ping_status":"closed","sticky":false,"template":"","format":"standard","meta":{"_eb_attr":"","_monsterinsights_skip_tracking":false,"_monsterinsights_sitenote_active":false,"_monsterinsights_sitenote_note":"","_monsterinsights_sitenote_category":0,"footnotes":""},"categories":[4],"tags":[],"yoast_head":"<!-- This site is optimized with the Yoast SEO plugin v23.4 - https:\/\/yoast.com\/wordpress\/plugins\/seo\/ -->\n<title>Preview: Wolverhampton Wanderers - Everton - Official Czech &amp; Slovak Everton Supporters&#039; Club<\/title>\n<meta name=\"description\" content=\"Jeden ze dvou krok\u016f k z\u00e1chran\u011b?\" \/>\n<meta name=\"robots\" content=\"index, follow, max-snippet:-1, max-image-preview:large, max-video-preview:-1\" \/>\n<link rel=\"canonical\" href=\"https:\/\/evertonfc.cz\/index.php\/2023\/05\/20\/preview-wolverhampton-wanderers-everton-5\/\" \/>\n<meta property=\"og:locale\" content=\"cs_CZ\" \/>\n<meta property=\"og:type\" content=\"article\" \/>\n<meta property=\"og:title\" content=\"Preview: Wolverhampton Wanderers - Everton - Official Czech &amp; Slovak Everton Supporters&#039; Club\" \/>\n<meta property=\"og:description\" content=\"Jeden ze dvou krok\u016f k z\u00e1chran\u011b?\" \/>\n<meta property=\"og:url\" content=\"https:\/\/evertonfc.cz\/index.php\/2023\/05\/20\/preview-wolverhampton-wanderers-everton-5\/\" \/>\n<meta property=\"og:site_name\" content=\"Official Czech &amp; Slovak Everton Supporters&#039; Club\" \/>\n<meta property=\"article:publisher\" content=\"https:\/\/www.facebook.com\/everton.fans.cz.sk\" \/>\n<meta property=\"article:published_time\" content=\"2023-05-20T08:11:53+00:00\" \/>\n<meta property=\"article:modified_time\" content=\"2023-05-20T08:43:07+00:00\" \/>\n<meta property=\"og:image\" content=\"https:\/\/evertonfc.cz\/wp-content\/uploads\/2021\/01\/Wolverhampton-Wanderers-VS-Everton.jpg\" \/>\n\t<meta property=\"og:image:width\" content=\"720\" \/>\n\t<meta property=\"og:image:height\" content=\"405\" \/>\n\t<meta property=\"og:image:type\" content=\"image\/jpeg\" \/>\n<meta name=\"author\" content=\"Javor\" \/>\n<meta name=\"twitter:card\" content=\"summary_large_image\" \/>\n<meta name=\"twitter:creator\" content=\"@LoudinJan\" \/>\n<meta name=\"twitter:label1\" content=\"Napsal(a)\" \/>\n\t<meta name=\"twitter:data1\" content=\"Javor\" \/>\n\t<meta name=\"twitter:label2\" content=\"Odhadovan\u00e1 doba \u010dten\u00ed\" \/>\n\t<meta name=\"twitter:data2\" content=\"2 minuty\" \/>\n<script type=\"application\/ld+json\" class=\"yoast-schema-graph\">{\"@context\":\"https:\/\/schema.org\",\"@graph\":[{\"@type\":\"Article\",\"@id\":\"https:\/\/evertonfc.cz\/index.php\/2023\/05\/20\/preview-wolverhampton-wanderers-everton-5\/#article\",\"isPartOf\":{\"@id\":\"https:\/\/evertonfc.cz\/index.php\/2023\/05\/20\/preview-wolverhampton-wanderers-everton-5\/\"},\"author\":{\"name\":\"Javor\",\"@id\":\"https:\/\/evertonfc.cz\/#\/schema\/person\/b30daf6a5852f4811f8207a17ec1bf78\"},\"headline\":\"Preview: Wolverhampton Wanderers &#8211; Everton\",\"datePublished\":\"2023-05-20T08:11:53+00:00\",\"dateModified\":\"2023-05-20T08:43:07+00:00\",\"mainEntityOfPage\":{\"@id\":\"https:\/\/evertonfc.cz\/index.php\/2023\/05\/20\/preview-wolverhampton-wanderers-everton-5\/\"},\"wordCount\":378,\"commentCount\":18,\"publisher\":{\"@id\":\"https:\/\/evertonfc.cz\/#organization\"},\"image\":{\"@id\":\"https:\/\/evertonfc.cz\/index.php\/2023\/05\/20\/preview-wolverhampton-wanderers-everton-5\/#primaryimage\"},\"thumbnailUrl\":\"https:\/\/evertonfc.cz\/wp-content\/uploads\/2021\/01\/Wolverhampton-Wanderers-VS-Everton.jpg\",\"articleSection\":[\"Z\u00e1pasy\"],\"inLanguage\":\"cs\",\"potentialAction\":[{\"@type\":\"CommentAction\",\"name\":\"Comment\",\"target\":[\"https:\/\/evertonfc.cz\/index.php\/2023\/05\/20\/preview-wolverhampton-wanderers-everton-5\/#respond\"]}]},{\"@type\":\"WebPage\",\"@id\":\"https:\/\/evertonfc.cz\/index.php\/2023\/05\/20\/preview-wolverhampton-wanderers-everton-5\/\",\"url\":\"https:\/\/evertonfc.cz\/index.php\/2023\/05\/20\/preview-wolverhampton-wanderers-everton-5\/\",\"name\":\"Preview: Wolverhampton Wanderers - Everton - Official Czech &amp; Slovak Everton Supporters&#039; Club\",\"isPartOf\":{\"@id\":\"https:\/\/evertonfc.cz\/#website\"},\"primaryImageOfPage\":{\"@id\":\"https:\/\/evertonfc.cz\/index.php\/2023\/05\/20\/preview-wolverhampton-wanderers-everton-5\/#primaryimage\"},\"image\":{\"@id\":\"https:\/\/evertonfc.cz\/index.php\/2023\/05\/20\/preview-wolverhampton-wanderers-everton-5\/#primaryimage\"},\"thumbnailUrl\":\"https:\/\/evertonfc.cz\/wp-content\/uploads\/2021\/01\/Wolverhampton-Wanderers-VS-Everton.jpg\",\"datePublished\":\"2023-05-20T08:11:53+00:00\",\"dateModified\":\"2023-05-20T08:43:07+00:00\",\"description\":\"Jeden ze dvou krok\u016f k z\u00e1chran\u011b?\",\"breadcrumb\":{\"@id\":\"https:\/\/evertonfc.cz\/index.php\/2023\/05\/20\/preview-wolverhampton-wanderers-everton-5\/#breadcrumb\"},\"inLanguage\":\"cs\",\"potentialAction\":[{\"@type\":\"ReadAction\",\"target\":[\"https:\/\/evertonfc.cz\/index.php\/2023\/05\/20\/preview-wolverhampton-wanderers-everton-5\/\"]}]},{\"@type\":\"ImageObject\",\"inLanguage\":\"cs\",\"@id\":\"https:\/\/evertonfc.cz\/index.php\/2023\/05\/20\/preview-wolverhampton-wanderers-everton-5\/#primaryimage\",\"url\":\"https:\/\/evertonfc.cz\/wp-content\/uploads\/2021\/01\/Wolverhampton-Wanderers-VS-Everton.jpg\",\"contentUrl\":\"https:\/\/evertonfc.cz\/wp-content\/uploads\/2021\/01\/Wolverhampton-Wanderers-VS-Everton.jpg\",\"width\":720,\"height\":405},{\"@type\":\"BreadcrumbList\",\"@id\":\"https:\/\/evertonfc.cz\/index.php\/2023\/05\/20\/preview-wolverhampton-wanderers-everton-5\/#breadcrumb\",\"itemListElement\":[{\"@type\":\"ListItem\",\"position\":1,\"name\":\"Home\",\"item\":\"https:\/\/evertonfc.cz\/\"},{\"@type\":\"ListItem\",\"position\":2,\"name\":\"Preview: Wolverhampton Wanderers &#8211; Everton\"}]},{\"@type\":\"WebSite\",\"@id\":\"https:\/\/evertonfc.cz\/#website\",\"url\":\"https:\/\/evertonfc.cz\/\",\"name\":\"Official Czech &amp; Slovak Everton Supporters&#039; Club\",\"description\":\"\",\"publisher\":{\"@id\":\"https:\/\/evertonfc.cz\/#organization\"},\"potentialAction\":[{\"@type\":\"SearchAction\",\"target\":{\"@type\":\"EntryPoint\",\"urlTemplate\":\"https:\/\/evertonfc.cz\/?s={search_term_string}\"},\"query-input\":{\"@type\":\"PropertyValueSpecification\",\"valueRequired\":true,\"valueName\":\"search_term_string\"}}],\"inLanguage\":\"cs\"},{\"@type\":\"Organization\",\"@id\":\"https:\/\/evertonfc.cz\/#organization\",\"name\":\"Official Czech & Slovak Everton Supporters' Club\",\"url\":\"https:\/\/evertonfc.cz\/\",\"logo\":{\"@type\":\"ImageObject\",\"inLanguage\":\"cs\",\"@id\":\"https:\/\/evertonfc.cz\/#\/schema\/logo\/image\/\",\"url\":\"https:\/\/evertonfc.cz\/wp-content\/uploads\/2019\/05\/logo.png\",\"contentUrl\":\"https:\/\/evertonfc.cz\/wp-content\/uploads\/2019\/05\/logo.png\",\"width\":112,\"height\":112,\"caption\":\"Official Czech & Slovak Everton Supporters' Club\"},\"image\":{\"@id\":\"https:\/\/evertonfc.cz\/#\/schema\/logo\/image\/\"},\"sameAs\":[\"https:\/\/www.facebook.com\/everton.fans.cz.sk\"]},{\"@type\":\"Person\",\"@id\":\"https:\/\/evertonfc.cz\/#\/schema\/person\/b30daf6a5852f4811f8207a17ec1bf78\",\"name\":\"Javor\",\"sameAs\":[\"https:\/\/x.com\/LoudinJan\"],\"url\":\"https:\/\/evertonfc.cz\/index.php\/author\/javor\/\"}]}<\/script>\n<!-- \/ Yoast SEO plugin. -->","yoast_head_json":{"title":"Preview: Wolverhampton Wanderers - Everton - Official Czech &amp; Slovak Everton Supporters&#039; Club","description":"Jeden ze dvou krok\u016f k z\u00e1chran\u011b?","robots":{"index":"index","follow":"follow","max-snippet":"max-snippet:-1","max-image-preview":"max-image-preview:large","max-video-preview":"max-video-preview:-1"},"canonical":"https:\/\/evertonfc.cz\/index.php\/2023\/05\/20\/preview-wolverhampton-wanderers-everton-5\/","og_locale":"cs_CZ","og_type":"article","og_title":"Preview: Wolverhampton Wanderers - Everton - Official Czech &amp; Slovak Everton Supporters&#039; Club","og_description":"Jeden ze dvou krok\u016f k z\u00e1chran\u011b?","og_url":"https:\/\/evertonfc.cz\/index.php\/2023\/05\/20\/preview-wolverhampton-wanderers-everton-5\/","og_site_name":"Official Czech &amp; Slovak Everton Supporters&#039; Club","article_publisher":"https:\/\/www.facebook.com\/everton.fans.cz.sk","article_published_time":"2023-05-20T08:11:53+00:00","article_modified_time":"2023-05-20T08:43:07+00:00","og_image":[{"width":720,"height":405,"url":"https:\/\/evertonfc.cz\/wp-content\/uploads\/2021\/01\/Wolverhampton-Wanderers-VS-Everton.jpg","type":"image\/jpeg"}],"author":"Javor","twitter_card":"summary_large_image","twitter_creator":"@LoudinJan","twitter_misc":{"Napsal(a)":"Javor","Odhadovan\u00e1 doba \u010dten\u00ed":"2 minuty"},"schema":{"@context":"https:\/\/schema.org","@graph":[{"@type":"Article","@id":"https:\/\/evertonfc.cz\/index.php\/2023\/05\/20\/preview-wolverhampton-wanderers-everton-5\/#article","isPartOf":{"@id":"https:\/\/evertonfc.cz\/index.php\/2023\/05\/20\/preview-wolverhampton-wanderers-everton-5\/"},"author":{"name":"Javor","@id":"https:\/\/evertonfc.cz\/#\/schema\/person\/b30daf6a5852f4811f8207a17ec1bf78"},"headline":"Preview: Wolverhampton Wanderers &#8211; Everton","datePublished":"2023-05-20T08:11:53+00:00","dateModified":"2023-05-20T08:43:07+00:00","mainEntityOfPage":{"@id":"https:\/\/evertonfc.cz\/index.php\/2023\/05\/20\/preview-wolverhampton-wanderers-everton-5\/"},"wordCount":378,"commentCount":18,"publisher":{"@id":"https:\/\/evertonfc.cz\/#organization"},"image":{"@id":"https:\/\/evertonfc.cz\/index.php\/2023\/05\/20\/preview-wolverhampton-wanderers-everton-5\/#primaryimage"},"thumbnailUrl":"https:\/\/evertonfc.cz\/wp-content\/uploads\/2021\/01\/Wolverhampton-Wanderers-VS-Everton.jpg","articleSection":["Z\u00e1pasy"],"inLanguage":"cs","potentialAction":[{"@type":"CommentAction","name":"Comment","target":["https:\/\/evertonfc.cz\/index.php\/2023\/05\/20\/preview-wolverhampton-wanderers-everton-5\/#respond"]}]},{"@type":"WebPage","@id":"https:\/\/evertonfc.cz\/index.php\/2023\/05\/20\/preview-wolverhampton-wanderers-everton-5\/","url":"https:\/\/evertonfc.cz\/index.php\/2023\/05\/20\/preview-wolverhampton-wanderers-everton-5\/","name":"Preview: Wolverhampton Wanderers - Everton - Official Czech &amp; Slovak Everton Supporters&#039; Club","isPartOf":{"@id":"https:\/\/evertonfc.cz\/#website"},"primaryImageOfPage":{"@id":"https:\/\/evertonfc.cz\/index.php\/2023\/05\/20\/preview-wolverhampton-wanderers-everton-5\/#primaryimage"},"image":{"@id":"https:\/\/evertonfc.cz\/index.php\/2023\/05\/20\/preview-wolverhampton-wanderers-everton-5\/#primaryimage"},"thumbnailUrl":"https:\/\/evertonfc.cz\/wp-content\/uploads\/2021\/01\/Wolverhampton-Wanderers-VS-Everton.jpg","datePublished":"2023-05-20T08:11:53+00:00","dateModified":"2023-05-20T08:43:07+00:00","description":"Jeden ze dvou krok\u016f k z\u00e1chran\u011b?","breadcrumb":{"@id":"https:\/\/evertonfc.cz\/index.php\/2023\/05\/20\/preview-wolverhampton-wanderers-everton-5\/#breadcrumb"},"inLanguage":"cs","potentialAction":[{"@type":"ReadAction","target":["https:\/\/evertonfc.cz\/index.php\/2023\/05\/20\/preview-wolverhampton-wanderers-everton-5\/"]}]},{"@type":"ImageObject","inLanguage":"cs","@id":"https:\/\/evertonfc.cz\/index.php\/2023\/05\/20\/preview-wolverhampton-wanderers-everton-5\/#primaryimage","url":"https:\/\/evertonfc.cz\/wp-content\/uploads\/2021\/01\/Wolverhampton-Wanderers-VS-Everton.jpg","contentUrl":"https:\/\/evertonfc.cz\/wp-content\/uploads\/2021\/01\/Wolverhampton-Wanderers-VS-Everton.jpg","width":720,"height":405},{"@type":"BreadcrumbList","@id":"https:\/\/evertonfc.cz\/index.php\/2023\/05\/20\/preview-wolverhampton-wanderers-everton-5\/#breadcrumb","itemListElement":[{"@type":"ListItem","position":1,"name":"Home","item":"https:\/\/evertonfc.cz\/"},{"@type":"ListItem","position":2,"name":"Preview: Wolverhampton Wanderers &#8211; Everton"}]},{"@type":"WebSite","@id":"https:\/\/evertonfc.cz\/#website","url":"https:\/\/evertonfc.cz\/","name":"Official Czech &amp; Slovak Everton Supporters&#039; Club","description":"","publisher":{"@id":"https:\/\/evertonfc.cz\/#organization"},"potentialAction":[{"@type":"SearchAction","target":{"@type":"EntryPoint","urlTemplate":"https:\/\/evertonfc.cz\/?s={search_term_string}"},"query-input":{"@type":"PropertyValueSpecification","valueRequired":true,"valueName":"search_term_string"}}],"inLanguage":"cs"},{"@type":"Organization","@id":"https:\/\/evertonfc.cz\/#organization","name":"Official Czech & Slovak Everton Supporters' Club","url":"https:\/\/evertonfc.cz\/","logo":{"@type":"ImageObject","inLanguage":"cs","@id":"https:\/\/evertonfc.cz\/#\/schema\/logo\/image\/","url":"https:\/\/evertonfc.cz\/wp-content\/uploads\/2019\/05\/logo.png","contentUrl":"https:\/\/evertonfc.cz\/wp-content\/uploads\/2019\/05\/logo.png","width":112,"height":112,"caption":"Official Czech & Slovak Everton Supporters' Club"},"image":{"@id":"https:\/\/evertonfc.cz\/#\/schema\/logo\/image\/"},"sameAs":["https:\/\/www.facebook.com\/everton.fans.cz.sk"]},{"@type":"Person","@id":"https:\/\/evertonfc.cz\/#\/schema\/person\/b30daf6a5852f4811f8207a17ec1bf78","name":"Javor","sameAs":["https:\/\/x.com\/LoudinJan"],"url":"https:\/\/evertonfc.cz\/index.php\/author\/javor\/"}]}},"_links":{"self":[{"href":"https:\/\/evertonfc.cz\/index.php\/wp-json\/wp\/v2\/posts\/21628"}],"collection":[{"href":"https:\/\/evertonfc.cz\/index.php\/wp-json\/wp\/v2\/posts"}],"about":[{"href":"https:\/\/evertonfc.cz\/index.php\/wp-json\/wp\/v2\/types\/post"}],"author":[{"embeddable":true,"href":"https:\/\/evertonfc.cz\/index.php\/wp-json\/wp\/v2\/users\/12"}],"replies":[{"embeddable":true,"href":"https:\/\/evertonfc.cz\/index.php\/wp-json\/wp\/v2\/comments?post=21628"}],"version-history":[{"count":4,"href":"https:\/\/evertonfc.cz\/index.php\/wp-json\/wp\/v2\/posts\/21628\/revisions"}],"predecessor-version":[{"id":21634,"href":"https:\/\/evertonfc.cz\/index.php\/wp-json\/wp\/v2\/posts\/21628\/revisions\/21634"}],"wp:featuredmedia":[{"embeddable":true,"href":"https:\/\/evertonfc.cz\/index.php\/wp-json\/wp\/v2\/media\/13534"}],"wp:attachment":[{"href":"https:\/\/evertonfc.cz\/index.php\/wp-json\/wp\/v2\/media?parent=21628"}],"wp:term":[{"taxonomy":"category","embeddable":true,"href":"https:\/\/evertonfc.cz\/index.php\/wp-json\/wp\/v2\/categories?post=21628"},{"taxonomy":"post_tag","embeddable":true,"href":"https:\/\/evertonfc.cz\/index.php\/wp-json\/wp\/v2\/tags?post=21628"}],"curies":[{"name":"wp","href":"https:\/\/api.w.org\/{rel}","templated":true}]}}